{"id":43114,"date":"2023-06-26T22:25:03","date_gmt":"2023-06-26T21:25:03","guid":{"rendered":"https:\/\/lasentinelle.dz\/?p=43114"},"modified":"2023-06-26T22:25:05","modified_gmt":"2023-06-26T21:25:05","slug":"une-nouvelle-carte-de-distribution-du-lait","status":"publish","type":"post","link":"https:\/\/lasentinelle.dz\/index.php\/2023\/06\/26\/une-nouvelle-carte-de-distribution-du-lait\/","title":{"rendered":"Une nouvelle carte de distribution du lait"},"content":{"rendered":"\n<p>Afin de contr\u00f4ler le march\u00e9 et de faire face aux perturbations dans la distribution du lait subventionn\u00e9 au niveau national, le minist\u00e8re de l&rsquo;Agriculture et du D\u00e9veloppement rural et le minist\u00e8re du Commerce et de la Promotion des exportations ont adopt\u00e9, dimanche, une nouvelle cartographie de distribution du lait. A cet effet, le premier responsable du secteur du Commerce, Tayeb Zitouni a tenu \u00e0 pr\u00e9ciser, en marge d&rsquo;une rencontre de coordination avec son coll\u00e8gue du d\u00e9partement de l&rsquo;Agriculture, Abdelhafid Henni en pr\u00e9sence de cadres des deux d\u00e9partements, que cette op\u00e9ration entre \u00ab dans le cadre de l&rsquo;approvisionnement et de l&rsquo;organisation du march\u00e9 local ainsi que de la pr\u00e9servation du pouvoir d&rsquo;achat des citoyens et en application des orientations du Pr\u00e9sident de la R\u00e9publique, M. Abdelmadjid Tebboune visant le contr\u00f4le du march\u00e9 du lait subventionn\u00e9, il a \u00e9t\u00e9 proc\u00e9d\u00e9 \u00e0 la r\u00e9vision et l&rsquo;adoption d&rsquo;une nouvelle cartographie de distribution de ce produit \u00bb. Zitouni fera savoir que l&rsquo;application de cette nouvelle cartographie se fera en fonction de plusieurs crit\u00e8res et conditions relatifs au march\u00e9 local. Le ministre du Commerce assure que \u00ab les lacunes enregistr\u00e9es en mati\u00e8re d&rsquo;approvisionnement en mati\u00e8re de produits de large consommation seront combl\u00e9es durant les prochains jours en collaboration avec le minist\u00e8re de l&rsquo;Agriculture \u00bb. De son c\u00f4t\u00e9, Abdelhafid Henni indiquera qu&rsquo; \u00ab au vu des quantit\u00e9s \u00e9normes inject\u00e9es durant le dernier Ramadhan pour assurer la disponibilit\u00e9 du lait sur le march\u00e9, une r\u00e9vision de la cartographie de distribution s&rsquo;imposait en vue de le r\u00e9guler \u00e0 l&rsquo;\u00e9chelle nationale et d&rsquo;\u00e9viter la p\u00e9nurie \u00bb. Henni annoncera, par ailleurs, la cr\u00e9ation de la soci\u00e9t\u00e9 alg\u00e9rienne de r\u00e9gulation des produits agricoles (SARPA) \u00e0 l&rsquo;effet de r\u00e9guler l&rsquo;approvisionnement en produits de large consommation et de s&rsquo;orienter vers l&rsquo;exportation de la surproduction afin d&rsquo;assurer l&rsquo;\u00e9quilibre sur le march\u00e9 national. Cette soci\u00e9t\u00e9 vise, explique Henni, \u00e0 mieux contr\u00f4ler la production pour approvisionner le march\u00e9 national en produits de large consommation, notamment en fruits et l\u00e9gumes, tout en orientant le surplus de production vers l&rsquo;exportation, et ce, en \u00e9troite collaboration avec le minist\u00e8re du commerce. Il s&rsquo;agit dans un premier temps \u00ab de satisfaire le march\u00e9 local, puis d&rsquo;exporter, tout en ouvrant la voie aux entreprises, tant priv\u00e9es que publiques, \u00e0 condition qu&rsquo;elles remplissent les conditions \u00e9nonc\u00e9es dans le cahier des charges, et qu&rsquo;elles r\u00e9pondent aux exigences administratives, techniques et sanitaires \u00bb, ajoutera-t-il. A cet \u00e9gard, le ministre du Commerce et de la Promotion des exportations a salu\u00e9 cette initiative visant \u00e0 augmenter le taux des exportations hors hydrocarbures, en soulignant que \u00ab des discussions ont eu lieu entre les deux minist\u00e8res, notamment au sujet de l&rsquo;exportation de l&rsquo;oignon, de l&rsquo;ail, de la&nbsp; pomme de terre, et de la tomate conditionn\u00e9e, outre l&rsquo;aliment de b\u00e9tail qui enregistre un surplus de production \u00bb. Tayeb Zitouni \u00e9voquera \u00e9galement une \u00ab \u00e9tude \u00e0 moyen terme, visant \u00e0 approvisionner les agriculteurs en aliments de b\u00e9tail avec l&rsquo;association de diff\u00e9rents offices, ce qui contribuera \u00e0 la r\u00e9duction des prix du b\u00e9tail \u00e0 l&rsquo;avenir \u00bb.<\/p>\n\n\n\n<p><strong>Samir Benisid<\/strong><\/p>\n","protected":false},"excerpt":{"rendered":"<p>Afin de contr\u00f4ler le march\u00e9 et de faire face aux perturbations dans la distribution du lait subventionn\u00e9 au niveau national,<\/p>\n","protected":false},"author":3,"featured_media":43015,"comment_status":"open","ping_status":"closed","sticky":false,"template":"","format":"standard","meta":{"colormag_page_container_layout":"default_layout","colormag_page_sidebar_layout":"default_layout","om_disable_all_campaigns":false,"_monsterinsights_skip_tracking":false,"_monsterinsights_sitenote_active":false,"_monsterinsights_sitenote_note":"","_monsterinsights_sitenote_category":0,"footnotes":"","_wpscppro_dont_share_socialmedia":false,"_wpscppro_custom_social_share_image":0,"_facebook_share_type":"","_twitter_share_type":"","_linkedin_share_type":"","_pinterest_share_type":"","_linkedin_share_type_page":"","_instagram_share_type":"","_medium_share_type":"","_threads_share_type":"","_google_business_share_type":"","_selected_social_profile":[],"_wpsp_enable_custom_social_template":false,"_wpsp_social_scheduling":{"enabled":false,"datetime":null,"platforms":[],"status":"template_only","dateOption":"today","timeOption":"now","customDays":"","customHours":"","customDate":"","customTime":"","schedulingType":"absolute"},"_wpsp_active_default_template":true},"categories":[29],"tags":[],"class_list":["post-43114","post","type-post","status-publish","format-standard","has-post-thumbnail","hentry","category-economie"],"aioseo_notices":[],"yoast_head":"<!-- This site is optimized with the Yoast SEO plugin v27.5 - https:\/\/yoast.com\/product\/yoast-seo-wordpress\/ -->\n<title>Une nouvelle carte de distribution du lait - La Sentinelle<\/title>\n<meta name=\"robots\" content=\"index, follow, max-snippet:-1, max-image-preview:large, max-video-preview:-1\" \/>\n<link rel=\"canonical\" href=\"https:\/\/lasentinelle.dz\/index.php\/2023\/06\/26\/une-nouvelle-carte-de-distribution-du-lait\/\" \/>\n<meta property=\"og:locale\" content=\"fr_FR\" \/>\n<meta property=\"og:type\" content=\"article\" \/>\n<meta property=\"og:title\" content=\"Une nouvelle carte de distribution du lait - La Sentinelle\" \/>\n<meta property=\"og:description\" content=\"Afin de contr\u00f4ler le march\u00e9 et de faire face aux perturbations dans la distribution du lait subventionn\u00e9 au niveau national,\" \/>\n<meta property=\"og:url\" content=\"https:\/\/lasentinelle.dz\/index.php\/2023\/06\/26\/une-nouvelle-carte-de-distribution-du-lait\/\" \/>\n<meta property=\"og:site_name\" content=\"La Sentinelle\" \/>\n<meta property=\"article:publisher\" content=\"https:\/\/www.facebook.com\/La-Sentinelle-104059864394773\" \/>\n<meta property=\"article:published_time\" content=\"2023-06-26T21:25:03+00:00\" \/>\n<meta property=\"article:modified_time\" content=\"2023-06-26T21:25:05+00:00\" \/>\n<meta property=\"og:image\" content=\"https:\/\/lasentinelle.dz\/wp-content\/uploads\/2023\/06\/lait.jpeg\" \/>\n\t<meta property=\"og:image:width\" content=\"855\" \/>\n\t<meta property=\"og:image:height\" content=\"613\" \/>\n\t<meta property=\"og:image:type\" content=\"image\/jpeg\" \/>\n<meta name=\"author\" content=\"La Sentinelle\" \/>\n<meta name=\"twitter:card\" content=\"summary_large_image\" \/>\n<meta name=\"twitter:label1\" content=\"\u00c9crit par\" \/>\n\t<meta name=\"twitter:data1\" content=\"La Sentinelle\" \/>\n\t<meta name=\"twitter:label2\" content=\"Dur\u00e9e de lecture estim\u00e9e\" \/>\n\t<meta name=\"twitter:data2\" content=\"3 minutes\" \/>\n<script type=\"application\/ld+json\" class=\"yoast-schema-graph\">{\"@context\":\"https:\\\/\\\/schema.org\",\"@graph\":[{\"@type\":\"Article\",\"@id\":\"https:\\\/\\\/lasentinelle.dz\\\/index.php\\\/2023\\\/06\\\/26\\\/une-nouvelle-carte-de-distribution-du-lait\\\/#article\",\"isPartOf\":{\"@id\":\"https:\\\/\\\/lasentinelle.dz\\\/index.php\\\/2023\\\/06\\\/26\\\/une-nouvelle-carte-de-distribution-du-lait\\\/\"},\"author\":{\"name\":\"La Sentinelle\",\"@id\":\"https:\\\/\\\/lasentinelle.dz\\\/#\\\/schema\\\/person\\\/d865044e22e70a75174ce8bcad3acfb3\"},\"headline\":\"Une nouvelle carte de distribution du lait\",\"datePublished\":\"2023-06-26T21:25:03+00:00\",\"dateModified\":\"2023-06-26T21:25:05+00:00\",\"mainEntityOfPage\":{\"@id\":\"https:\\\/\\\/lasentinelle.dz\\\/index.php\\\/2023\\\/06\\\/26\\\/une-nouvelle-carte-de-distribution-du-lait\\\/\"},\"wordCount\":560,\"commentCount\":0,\"publisher\":{\"@id\":\"https:\\\/\\\/lasentinelle.dz\\\/#organization\"},\"image\":{\"@id\":\"https:\\\/\\\/lasentinelle.dz\\\/index.php\\\/2023\\\/06\\\/26\\\/une-nouvelle-carte-de-distribution-du-lait\\\/#primaryimage\"},\"thumbnailUrl\":\"https:\\\/\\\/lasentinelle.dz\\\/wp-content\\\/uploads\\\/2023\\\/06\\\/lait.jpeg\",\"articleSection\":[\"\u00c9conomie\"],\"inLanguage\":\"fr-FR\",\"potentialAction\":[{\"@type\":\"CommentAction\",\"name\":\"Comment\",\"target\":[\"https:\\\/\\\/lasentinelle.dz\\\/index.php\\\/2023\\\/06\\\/26\\\/une-nouvelle-carte-de-distribution-du-lait\\\/#respond\"]}]},{\"@type\":\"WebPage\",\"@id\":\"https:\\\/\\\/lasentinelle.dz\\\/index.php\\\/2023\\\/06\\\/26\\\/une-nouvelle-carte-de-distribution-du-lait\\\/\",\"url\":\"https:\\\/\\\/lasentinelle.dz\\\/index.php\\\/2023\\\/06\\\/26\\\/une-nouvelle-carte-de-distribution-du-lait\\\/\",\"name\":\"Une nouvelle carte de distribution du lait - La Sentinelle\",\"isPartOf\":{\"@id\":\"https:\\\/\\\/lasentinelle.dz\\\/#website\"},\"primaryImageOfPage\":{\"@id\":\"https:\\\/\\\/lasentinelle.dz\\\/index.php\\\/2023\\\/06\\\/26\\\/une-nouvelle-carte-de-distribution-du-lait\\\/#primaryimage\"},\"image\":{\"@id\":\"https:\\\/\\\/lasentinelle.dz\\\/index.php\\\/2023\\\/06\\\/26\\\/une-nouvelle-carte-de-distribution-du-lait\\\/#primaryimage\"},\"thumbnailUrl\":\"https:\\\/\\\/lasentinelle.dz\\\/wp-content\\\/uploads\\\/2023\\\/06\\\/lait.jpeg\",\"datePublished\":\"2023-06-26T21:25:03+00:00\",\"dateModified\":\"2023-06-26T21:25:05+00:00\",\"breadcrumb\":{\"@id\":\"https:\\\/\\\/lasentinelle.dz\\\/index.php\\\/2023\\\/06\\\/26\\\/une-nouvelle-carte-de-distribution-du-lait\\\/#breadcrumb\"},\"inLanguage\":\"fr-FR\",\"potentialAction\":[{\"@type\":\"ReadAction\",\"target\":[\"https:\\\/\\\/lasentinelle.dz\\\/index.php\\\/2023\\\/06\\\/26\\\/une-nouvelle-carte-de-distribution-du-lait\\\/\"]}]},{\"@type\":\"ImageObject\",\"inLanguage\":\"fr-FR\",\"@id\":\"https:\\\/\\\/lasentinelle.dz\\\/index.php\\\/2023\\\/06\\\/26\\\/une-nouvelle-carte-de-distribution-du-lait\\\/#primaryimage\",\"url\":\"https:\\\/\\\/lasentinelle.dz\\\/wp-content\\\/uploads\\\/2023\\\/06\\\/lait.jpeg\",\"contentUrl\":\"https:\\\/\\\/lasentinelle.dz\\\/wp-content\\\/uploads\\\/2023\\\/06\\\/lait.jpeg\",\"width\":855,\"height\":613},{\"@type\":\"BreadcrumbList\",\"@id\":\"https:\\\/\\\/lasentinelle.dz\\\/index.php\\\/2023\\\/06\\\/26\\\/une-nouvelle-carte-de-distribution-du-lait\\\/#breadcrumb\",\"itemListElement\":[{\"@type\":\"ListItem\",\"position\":1,\"name\":\"Accueil\",\"item\":\"https:\\\/\\\/lasentinelle.dz\\\/\"},{\"@type\":\"ListItem\",\"position\":2,\"name\":\"Une nouvelle carte de distribution du lait\"}]},{\"@type\":\"WebSite\",\"@id\":\"https:\\\/\\\/lasentinelle.dz\\\/#website\",\"url\":\"https:\\\/\\\/lasentinelle.dz\\\/\",\"name\":\"La Sentinelle\",\"description\":\"Quotidien national d&#039;information\",\"publisher\":{\"@id\":\"https:\\\/\\\/lasentinelle.dz\\\/#organization\"},\"potentialAction\":[{\"@type\":\"SearchAction\",\"target\":{\"@type\":\"EntryPoint\",\"urlTemplate\":\"https:\\\/\\\/lasentinelle.dz\\\/?s={search_term_string}\"},\"query-input\":{\"@type\":\"PropertyValueSpecification\",\"valueRequired\":true,\"valueName\":\"search_term_string\"}}],\"inLanguage\":\"fr-FR\"},{\"@type\":\"Organization\",\"@id\":\"https:\\\/\\\/lasentinelle.dz\\\/#organization\",\"name\":\"Quotidien La Sentinelle\",\"url\":\"https:\\\/\\\/lasentinelle.dz\\\/\",\"logo\":{\"@type\":\"ImageObject\",\"inLanguage\":\"fr-FR\",\"@id\":\"https:\\\/\\\/lasentinelle.dz\\\/#\\\/schema\\\/logo\\\/image\\\/\",\"url\":\"https:\\\/\\\/lasentinelle.dz\\\/wp-content\\\/uploads\\\/2021\\\/09\\\/logo-sentinelleSLOGAN-1.png\",\"contentUrl\":\"https:\\\/\\\/lasentinelle.dz\\\/wp-content\\\/uploads\\\/2021\\\/09\\\/logo-sentinelleSLOGAN-1.png\",\"width\":615,\"height\":142,\"caption\":\"Quotidien La Sentinelle\"},\"image\":{\"@id\":\"https:\\\/\\\/lasentinelle.dz\\\/#\\\/schema\\\/logo\\\/image\\\/\"},\"sameAs\":[\"https:\\\/\\\/www.facebook.com\\\/La-Sentinelle-104059864394773\"]},{\"@type\":\"Person\",\"@id\":\"https:\\\/\\\/lasentinelle.dz\\\/#\\\/schema\\\/person\\\/d865044e22e70a75174ce8bcad3acfb3\",\"name\":\"La Sentinelle\",\"image\":{\"@type\":\"ImageObject\",\"inLanguage\":\"fr-FR\",\"@id\":\"https:\\\/\\\/secure.gravatar.com\\\/avatar\\\/57de8e5d4b15d43fb361a71fbb36338450fe67865b528a43dd10ef7c51a20392?s=96&d=mm&r=g\",\"url\":\"https:\\\/\\\/secure.gravatar.com\\\/avatar\\\/57de8e5d4b15d43fb361a71fbb36338450fe67865b528a43dd10ef7c51a20392?s=96&d=mm&r=g\",\"contentUrl\":\"https:\\\/\\\/secure.gravatar.com\\\/avatar\\\/57de8e5d4b15d43fb361a71fbb36338450fe67865b528a43dd10ef7c51a20392?s=96&d=mm&r=g\",\"caption\":\"La Sentinelle\"},\"sameAs\":[\"http:\\\/\\\/www.lasentinelle.dz\"],\"url\":\"https:\\\/\\\/lasentinelle.dz\\\/author\\\/redaction\\\/\"}]}<\/script>\n<!-- \/ Yoast SEO plugin. -->","yoast_head_json":{"title":"Une nouvelle carte de distribution du lait - La Sentinelle","robots":{"index":"index","follow":"follow","max-snippet":"max-snippet:-1","max-image-preview":"max-image-preview:large","max-video-preview":"max-video-preview:-1"},"canonical":"https:\/\/lasentinelle.dz\/index.php\/2023\/06\/26\/une-nouvelle-carte-de-distribution-du-lait\/","og_locale":"fr_FR","og_type":"article","og_title":"Une nouvelle carte de distribution du lait - La Sentinelle","og_description":"Afin de contr\u00f4ler le march\u00e9 et de faire face aux perturbations dans la distribution du lait subventionn\u00e9 au niveau national,","og_url":"https:\/\/lasentinelle.dz\/index.php\/2023\/06\/26\/une-nouvelle-carte-de-distribution-du-lait\/","og_site_name":"La Sentinelle","article_publisher":"https:\/\/www.facebook.com\/La-Sentinelle-104059864394773","article_published_time":"2023-06-26T21:25:03+00:00","article_modified_time":"2023-06-26T21:25:05+00:00","og_image":[{"width":855,"height":613,"url":"https:\/\/lasentinelle.dz\/wp-content\/uploads\/2023\/06\/lait.jpeg","type":"image\/jpeg"}],"author":"La Sentinelle","twitter_card":"summary_large_image","twitter_misc":{"\u00c9crit par":"La Sentinelle","Dur\u00e9e de lecture estim\u00e9e":"3 minutes"},"schema":{"@context":"https:\/\/schema.org","@graph":[{"@type":"Article","@id":"https:\/\/lasentinelle.dz\/index.php\/2023\/06\/26\/une-nouvelle-carte-de-distribution-du-lait\/#article","isPartOf":{"@id":"https:\/\/lasentinelle.dz\/index.php\/2023\/06\/26\/une-nouvelle-carte-de-distribution-du-lait\/"},"author":{"name":"La Sentinelle","@id":"https:\/\/lasentinelle.dz\/#\/schema\/person\/d865044e22e70a75174ce8bcad3acfb3"},"headline":"Une nouvelle carte de distribution du lait","datePublished":"2023-06-26T21:25:03+00:00","dateModified":"2023-06-26T21:25:05+00:00","mainEntityOfPage":{"@id":"https:\/\/lasentinelle.dz\/index.php\/2023\/06\/26\/une-nouvelle-carte-de-distribution-du-lait\/"},"wordCount":560,"commentCount":0,"publisher":{"@id":"https:\/\/lasentinelle.dz\/#organization"},"image":{"@id":"https:\/\/lasentinelle.dz\/index.php\/2023\/06\/26\/une-nouvelle-carte-de-distribution-du-lait\/#primaryimage"},"thumbnailUrl":"https:\/\/lasentinelle.dz\/wp-content\/uploads\/2023\/06\/lait.jpeg","articleSection":["\u00c9conomie"],"inLanguage":"fr-FR","potentialAction":[{"@type":"CommentAction","name":"Comment","target":["https:\/\/lasentinelle.dz\/index.php\/2023\/06\/26\/une-nouvelle-carte-de-distribution-du-lait\/#respond"]}]},{"@type":"WebPage","@id":"https:\/\/lasentinelle.dz\/index.php\/2023\/06\/26\/une-nouvelle-carte-de-distribution-du-lait\/","url":"https:\/\/lasentinelle.dz\/index.php\/2023\/06\/26\/une-nouvelle-carte-de-distribution-du-lait\/","name":"Une nouvelle carte de distribution du lait - La Sentinelle","isPartOf":{"@id":"https:\/\/lasentinelle.dz\/#website"},"primaryImageOfPage":{"@id":"https:\/\/lasentinelle.dz\/index.php\/2023\/06\/26\/une-nouvelle-carte-de-distribution-du-lait\/#primaryimage"},"image":{"@id":"https:\/\/lasentinelle.dz\/index.php\/2023\/06\/26\/une-nouvelle-carte-de-distribution-du-lait\/#primaryimage"},"thumbnailUrl":"https:\/\/lasentinelle.dz\/wp-content\/uploads\/2023\/06\/lait.jpeg","datePublished":"2023-06-26T21:25:03+00:00","dateModified":"2023-06-26T21:25:05+00:00","breadcrumb":{"@id":"https:\/\/lasentinelle.dz\/index.php\/2023\/06\/26\/une-nouvelle-carte-de-distribution-du-lait\/#breadcrumb"},"inLanguage":"fr-FR","potentialAction":[{"@type":"ReadAction","target":["https:\/\/lasentinelle.dz\/index.php\/2023\/06\/26\/une-nouvelle-carte-de-distribution-du-lait\/"]}]},{"@type":"ImageObject","inLanguage":"fr-FR","@id":"https:\/\/lasentinelle.dz\/index.php\/2023\/06\/26\/une-nouvelle-carte-de-distribution-du-lait\/#primaryimage","url":"https:\/\/lasentinelle.dz\/wp-content\/uploads\/2023\/06\/lait.jpeg","contentUrl":"https:\/\/lasentinelle.dz\/wp-content\/uploads\/2023\/06\/lait.jpeg","width":855,"height":613},{"@type":"BreadcrumbList","@id":"https:\/\/lasentinelle.dz\/index.php\/2023\/06\/26\/une-nouvelle-carte-de-distribution-du-lait\/#breadcrumb","itemListElement":[{"@type":"ListItem","position":1,"name":"Accueil","item":"https:\/\/lasentinelle.dz\/"},{"@type":"ListItem","position":2,"name":"Une nouvelle carte de distribution du lait"}]},{"@type":"WebSite","@id":"https:\/\/lasentinelle.dz\/#website","url":"https:\/\/lasentinelle.dz\/","name":"La Sentinelle","description":"Quotidien national d&#039;information","publisher":{"@id":"https:\/\/lasentinelle.dz\/#organization"},"potentialAction":[{"@type":"SearchAction","target":{"@type":"EntryPoint","urlTemplate":"https:\/\/lasentinelle.dz\/?s={search_term_string}"},"query-input":{"@type":"PropertyValueSpecification","valueRequired":true,"valueName":"search_term_string"}}],"inLanguage":"fr-FR"},{"@type":"Organization","@id":"https:\/\/lasentinelle.dz\/#organization","name":"Quotidien La Sentinelle","url":"https:\/\/lasentinelle.dz\/","logo":{"@type":"ImageObject","inLanguage":"fr-FR","@id":"https:\/\/lasentinelle.dz\/#\/schema\/logo\/image\/","url":"https:\/\/lasentinelle.dz\/wp-content\/uploads\/2021\/09\/logo-sentinelleSLOGAN-1.png","contentUrl":"https:\/\/lasentinelle.dz\/wp-content\/uploads\/2021\/09\/logo-sentinelleSLOGAN-1.png","width":615,"height":142,"caption":"Quotidien La Sentinelle"},"image":{"@id":"https:\/\/lasentinelle.dz\/#\/schema\/logo\/image\/"},"sameAs":["https:\/\/www.facebook.com\/La-Sentinelle-104059864394773"]},{"@type":"Person","@id":"https:\/\/lasentinelle.dz\/#\/schema\/person\/d865044e22e70a75174ce8bcad3acfb3","name":"La Sentinelle","image":{"@type":"ImageObject","inLanguage":"fr-FR","@id":"https:\/\/secure.gravatar.com\/avatar\/57de8e5d4b15d43fb361a71fbb36338450fe67865b528a43dd10ef7c51a20392?s=96&d=mm&r=g","url":"https:\/\/secure.gravatar.com\/avatar\/57de8e5d4b15d43fb361a71fbb36338450fe67865b528a43dd10ef7c51a20392?s=96&d=mm&r=g","contentUrl":"https:\/\/secure.gravatar.com\/avatar\/57de8e5d4b15d43fb361a71fbb36338450fe67865b528a43dd10ef7c51a20392?s=96&d=mm&r=g","caption":"La Sentinelle"},"sameAs":["http:\/\/www.lasentinelle.dz"],"url":"https:\/\/lasentinelle.dz\/author\/redaction\/"}]}},"_links":{"self":[{"href":"https:\/\/lasentinelle.dz\/index.php\/wp-json\/wp\/v2\/posts\/43114","targetHints":{"allow":["GET"]}}],"collection":[{"href":"https:\/\/lasentinelle.dz\/index.php\/wp-json\/wp\/v2\/posts"}],"about":[{"href":"https:\/\/lasentinelle.dz\/index.php\/wp-json\/wp\/v2\/types\/post"}],"author":[{"embeddable":true,"href":"https:\/\/lasentinelle.dz\/index.php\/wp-json\/wp\/v2\/users\/3"}],"replies":[{"embeddable":true,"href":"https:\/\/lasentinelle.dz\/index.php\/wp-json\/wp\/v2\/comments?post=43114"}],"version-history":[{"count":1,"href":"https:\/\/lasentinelle.dz\/index.php\/wp-json\/wp\/v2\/posts\/43114\/revisions"}],"predecessor-version":[{"id":43115,"href":"https:\/\/lasentinelle.dz\/index.php\/wp-json\/wp\/v2\/posts\/43114\/revisions\/43115"}],"wp:featuredmedia":[{"embeddable":true,"href":"https:\/\/lasentinelle.dz\/index.php\/wp-json\/wp\/v2\/media\/43015"}],"wp:attachment":[{"href":"https:\/\/lasentinelle.dz\/index.php\/wp-json\/wp\/v2\/media?parent=43114"}],"wp:term":[{"taxonomy":"category","embeddable":true,"href":"https:\/\/lasentinelle.dz\/index.php\/wp-json\/wp\/v2\/categories?post=43114"},{"taxonomy":"post_tag","embeddable":true,"href":"https:\/\/lasentinelle.dz\/index.php\/wp-json\/wp\/v2\/tags?post=43114"}],"curies":[{"name":"wp","href":"https:\/\/api.w.org\/{rel}","templated":true}]}}