{"id":43140,"date":"2023-07-01T20:19:50","date_gmt":"2023-07-01T19:19:50","guid":{"rendered":"https:\/\/lasentinelle.dz\/?p=43140"},"modified":"2023-07-01T20:19:56","modified_gmt":"2023-07-01T19:19:56","slug":"soudan-la-fermeture-de-lespace-aerien-prolongee-jusquau-10-juillet","status":"publish","type":"post","link":"https:\/\/lasentinelle.dz\/index.php\/2023\/07\/01\/soudan-la-fermeture-de-lespace-aerien-prolongee-jusquau-10-juillet\/","title":{"rendered":"Soudan&nbsp;: La fermeture de l&rsquo;espace a\u00e9rien prolong\u00e9e jusqu&rsquo;au 10 juillet"},"content":{"rendered":"\n<p>L&rsquo;autorit\u00e9 de l&rsquo;aviation civile du Soudan a d\u00e9cid\u00e9 de prolonger les limitations de vols dans l&rsquo;espace a\u00e9rien du pays, ont rapport\u00e9 hier des m\u00e9dias. Selon ses informations, la fermeture de l&rsquo;espace a\u00e9rien est prolong\u00e9e jusqu&rsquo;au 10 juillet. Une exception sera faite pour les vols effectu\u00e9s \u00e0 des fins humanitaires. Les limitations de vols ont \u00e9t\u00e9 impos\u00e9es le 22 avril 2023 en lien avec la situation dans le pays et ont \u00e9t\u00e9 prolong\u00e9es \u00e0 plusieurs reprises depuis lors. La situation au Soudan s\u2019est aggrav\u00e9e en raison de d\u00e9saccords entre le commandant de l\u2019arm\u00e9e Abdel Fattah al-Burhan, qui dirige \u00e9galement le Conseil de souverainet\u00e9, et le commandant des Forces de soutien rapide, Mohamed Hamdan Dogolo (Hemiti), qui est son adjoint au sein du Conseil. Le 15 avril, des affrontements ont \u00e9clat\u00e9 entre les deux entit\u00e9s mentionn\u00e9es pr\u00e8s d\u2019une base militaire dans la ville de Merowe et \u00e0 Khartoum. Selon les informations du minist\u00e8re soudanais de la Sant\u00e9, plus de 3.000 personnes ont \u00e9t\u00e9 tu\u00e9es et au moins 6.000 autres bless\u00e9es depuis le d\u00e9but des combats. Par ailleeurs, plus de 2,6 millions de personnes ont fui leur foyer et plus de 560.000 d&rsquo;entre elles sont devenues des r\u00e9fugi\u00e9s internationaux. Selon le Bureau de la coordination des affaires humanitaires des Nations Unies (OCHA), plus de 2,1 millions de personnes ont \u00e9t\u00e9 d\u00e9plac\u00e9es \u00e0 l&rsquo;int\u00e9rieur du pays depuis le 15 avril, dont 1,4 million ont fui la capitale Khartoum. Plus de 560.000 personnes ont travers\u00e9 la fronti\u00e8re pour se r\u00e9fugier dans les pays voisins, principalement en Egypte, au Tchad et au Soudan du Sud. Le Haut Commissariat des Nations Unies pour les r\u00e9fugi\u00e9s (HCR) a rapport\u00e9 que plus de 200.000 personnes avaient fui vers le Tchad voisin, y compris des Tchadiens qui avaient auparavant fui leur pays vers le Soudan. Avant les combats au Soudan, le Tchad accueillait pr\u00e8s de 600.000 r\u00e9fugi\u00e9s, dont 400.000 en provenance du Soudan.<\/p>\n\n\n\n<p>R.I. avec agences<\/p>\n","protected":false},"excerpt":{"rendered":"<p>L&rsquo;autorit\u00e9 de l&rsquo;aviation civile du Soudan a d\u00e9cid\u00e9 de prolonger les limitations de vols dans l&rsquo;espace a\u00e9rien du pays, ont<\/p>\n","protected":false},"author":3,"featured_media":41724,"comment_status":"open","ping_status":"closed","sticky":false,"template":"","format":"standard","meta":{"colormag_page_container_layout":"default_layout","colormag_page_sidebar_layout":"default_layout","om_disable_all_campaigns":false,"_monsterinsights_skip_tracking":false,"_monsterinsights_sitenote_active":false,"_monsterinsights_sitenote_note":"","_monsterinsights_sitenote_category":0,"footnotes":"","_wpscppro_dont_share_socialmedia":false,"_wpscppro_custom_social_share_image":0,"_facebook_share_type":"","_twitter_share_type":"","_linkedin_share_type":"","_pinterest_share_type":"","_linkedin_share_type_page":"","_instagram_share_type":"","_medium_share_type":"","_threads_share_type":"","_google_business_share_type":"","_selected_social_profile":[],"_wpsp_enable_custom_social_template":false,"_wpsp_social_scheduling":{"enabled":false,"datetime":null,"platforms":[],"status":"template_only","dateOption":"today","timeOption":"now","customDays":"","customHours":"","customDate":"","customTime":"","schedulingType":"absolute"},"_wpsp_active_default_template":true},"categories":[37],"tags":[],"class_list":["post-43140","post","type-post","status-publish","format-standard","has-post-thumbnail","hentry","category-monde"],"aioseo_notices":[],"yoast_head":"<!-- This site is optimized with the Yoast SEO plugin v27.5 - https:\/\/yoast.com\/product\/yoast-seo-wordpress\/ -->\n<title>Soudan&nbsp;: La fermeture de l&rsquo;espace a\u00e9rien prolong\u00e9e jusqu&rsquo;au 10 juillet - La Sentinelle<\/title>\n<meta name=\"robots\" content=\"index, follow, max-snippet:-1, max-image-preview:large, max-video-preview:-1\" \/>\n<link rel=\"canonical\" href=\"https:\/\/lasentinelle.dz\/index.php\/2023\/07\/01\/soudan-la-fermeture-de-lespace-aerien-prolongee-jusquau-10-juillet\/\" \/>\n<meta property=\"og:locale\" content=\"fr_FR\" \/>\n<meta property=\"og:type\" content=\"article\" \/>\n<meta property=\"og:title\" content=\"Soudan&nbsp;: La fermeture de l&rsquo;espace a\u00e9rien prolong\u00e9e jusqu&rsquo;au 10 juillet - La Sentinelle\" \/>\n<meta property=\"og:description\" content=\"L&rsquo;autorit\u00e9 de l&rsquo;aviation civile du Soudan a d\u00e9cid\u00e9 de prolonger les limitations de vols dans l&rsquo;espace a\u00e9rien du pays, ont\" \/>\n<meta property=\"og:url\" content=\"https:\/\/lasentinelle.dz\/index.php\/2023\/07\/01\/soudan-la-fermeture-de-lespace-aerien-prolongee-jusquau-10-juillet\/\" \/>\n<meta property=\"og:site_name\" content=\"La Sentinelle\" \/>\n<meta property=\"article:publisher\" content=\"https:\/\/www.facebook.com\/La-Sentinelle-104059864394773\" \/>\n<meta property=\"article:published_time\" content=\"2023-07-01T19:19:50+00:00\" \/>\n<meta property=\"article:modified_time\" content=\"2023-07-01T19:19:56+00:00\" \/>\n<meta property=\"og:image\" content=\"https:\/\/lasentinelle.dz\/wp-content\/uploads\/2023\/05\/soudan-2.png\" \/>\n\t<meta property=\"og:image:width\" content=\"1351\" \/>\n\t<meta property=\"og:image:height\" content=\"900\" \/>\n\t<meta property=\"og:image:type\" content=\"image\/png\" \/>\n<meta name=\"author\" content=\"La Sentinelle\" \/>\n<meta name=\"twitter:card\" content=\"summary_large_image\" \/>\n<meta name=\"twitter:label1\" content=\"\u00c9crit par\" \/>\n\t<meta name=\"twitter:data1\" content=\"La Sentinelle\" \/>\n\t<meta name=\"twitter:label2\" content=\"Dur\u00e9e de lecture estim\u00e9e\" \/>\n\t<meta name=\"twitter:data2\" content=\"2 minutes\" \/>\n<script type=\"application\/ld+json\" class=\"yoast-schema-graph\">{\"@context\":\"https:\\\/\\\/schema.org\",\"@graph\":[{\"@type\":\"Article\",\"@id\":\"https:\\\/\\\/lasentinelle.dz\\\/index.php\\\/2023\\\/07\\\/01\\\/soudan-la-fermeture-de-lespace-aerien-prolongee-jusquau-10-juillet\\\/#article\",\"isPartOf\":{\"@id\":\"https:\\\/\\\/lasentinelle.dz\\\/index.php\\\/2023\\\/07\\\/01\\\/soudan-la-fermeture-de-lespace-aerien-prolongee-jusquau-10-juillet\\\/\"},\"author\":{\"name\":\"La Sentinelle\",\"@id\":\"https:\\\/\\\/lasentinelle.dz\\\/#\\\/schema\\\/person\\\/d865044e22e70a75174ce8bcad3acfb3\"},\"headline\":\"Soudan&nbsp;: La fermeture de l&rsquo;espace a\u00e9rien prolong\u00e9e jusqu&rsquo;au 10 juillet\",\"datePublished\":\"2023-07-01T19:19:50+00:00\",\"dateModified\":\"2023-07-01T19:19:56+00:00\",\"mainEntityOfPage\":{\"@id\":\"https:\\\/\\\/lasentinelle.dz\\\/index.php\\\/2023\\\/07\\\/01\\\/soudan-la-fermeture-de-lespace-aerien-prolongee-jusquau-10-juillet\\\/\"},\"wordCount\":354,\"commentCount\":0,\"publisher\":{\"@id\":\"https:\\\/\\\/lasentinelle.dz\\\/#organization\"},\"image\":{\"@id\":\"https:\\\/\\\/lasentinelle.dz\\\/index.php\\\/2023\\\/07\\\/01\\\/soudan-la-fermeture-de-lespace-aerien-prolongee-jusquau-10-juillet\\\/#primaryimage\"},\"thumbnailUrl\":\"https:\\\/\\\/lasentinelle.dz\\\/wp-content\\\/uploads\\\/2023\\\/05\\\/soudan-2.png\",\"articleSection\":[\"Monde\"],\"inLanguage\":\"fr-FR\",\"potentialAction\":[{\"@type\":\"CommentAction\",\"name\":\"Comment\",\"target\":[\"https:\\\/\\\/lasentinelle.dz\\\/index.php\\\/2023\\\/07\\\/01\\\/soudan-la-fermeture-de-lespace-aerien-prolongee-jusquau-10-juillet\\\/#respond\"]}]},{\"@type\":\"WebPage\",\"@id\":\"https:\\\/\\\/lasentinelle.dz\\\/index.php\\\/2023\\\/07\\\/01\\\/soudan-la-fermeture-de-lespace-aerien-prolongee-jusquau-10-juillet\\\/\",\"url\":\"https:\\\/\\\/lasentinelle.dz\\\/index.php\\\/2023\\\/07\\\/01\\\/soudan-la-fermeture-de-lespace-aerien-prolongee-jusquau-10-juillet\\\/\",\"name\":\"Soudan&nbsp;: La fermeture de l&rsquo;espace a\u00e9rien prolong\u00e9e jusqu&rsquo;au 10 juillet - La Sentinelle\",\"isPartOf\":{\"@id\":\"https:\\\/\\\/lasentinelle.dz\\\/#website\"},\"primaryImageOfPage\":{\"@id\":\"https:\\\/\\\/lasentinelle.dz\\\/index.php\\\/2023\\\/07\\\/01\\\/soudan-la-fermeture-de-lespace-aerien-prolongee-jusquau-10-juillet\\\/#primaryimage\"},\"image\":{\"@id\":\"https:\\\/\\\/lasentinelle.dz\\\/index.php\\\/2023\\\/07\\\/01\\\/soudan-la-fermeture-de-lespace-aerien-prolongee-jusquau-10-juillet\\\/#primaryimage\"},\"thumbnailUrl\":\"https:\\\/\\\/lasentinelle.dz\\\/wp-content\\\/uploads\\\/2023\\\/05\\\/soudan-2.png\",\"datePublished\":\"2023-07-01T19:19:50+00:00\",\"dateModified\":\"2023-07-01T19:19:56+00:00\",\"breadcrumb\":{\"@id\":\"https:\\\/\\\/lasentinelle.dz\\\/index.php\\\/2023\\\/07\\\/01\\\/soudan-la-fermeture-de-lespace-aerien-prolongee-jusquau-10-juillet\\\/#breadcrumb\"},\"inLanguage\":\"fr-FR\",\"potentialAction\":[{\"@type\":\"ReadAction\",\"target\":[\"https:\\\/\\\/lasentinelle.dz\\\/index.php\\\/2023\\\/07\\\/01\\\/soudan-la-fermeture-de-lespace-aerien-prolongee-jusquau-10-juillet\\\/\"]}]},{\"@type\":\"ImageObject\",\"inLanguage\":\"fr-FR\",\"@id\":\"https:\\\/\\\/lasentinelle.dz\\\/index.php\\\/2023\\\/07\\\/01\\\/soudan-la-fermeture-de-lespace-aerien-prolongee-jusquau-10-juillet\\\/#primaryimage\",\"url\":\"https:\\\/\\\/lasentinelle.dz\\\/wp-content\\\/uploads\\\/2023\\\/05\\\/soudan-2.png\",\"contentUrl\":\"https:\\\/\\\/lasentinelle.dz\\\/wp-content\\\/uploads\\\/2023\\\/05\\\/soudan-2.png\",\"width\":1351,\"height\":900},{\"@type\":\"BreadcrumbList\",\"@id\":\"https:\\\/\\\/lasentinelle.dz\\\/index.php\\\/2023\\\/07\\\/01\\\/soudan-la-fermeture-de-lespace-aerien-prolongee-jusquau-10-juillet\\\/#breadcrumb\",\"itemListElement\":[{\"@type\":\"ListItem\",\"position\":1,\"name\":\"Accueil\",\"item\":\"https:\\\/\\\/lasentinelle.dz\\\/\"},{\"@type\":\"ListItem\",\"position\":2,\"name\":\"Soudan&nbsp;: La fermeture de l&rsquo;espace a\u00e9rien prolong\u00e9e jusqu&rsquo;au 10 juillet\"}]},{\"@type\":\"WebSite\",\"@id\":\"https:\\\/\\\/lasentinelle.dz\\\/#website\",\"url\":\"https:\\\/\\\/lasentinelle.dz\\\/\",\"name\":\"La Sentinelle\",\"description\":\"Quotidien national d&#039;information\",\"publisher\":{\"@id\":\"https:\\\/\\\/lasentinelle.dz\\\/#organization\"},\"potentialAction\":[{\"@type\":\"SearchAction\",\"target\":{\"@type\":\"EntryPoint\",\"urlTemplate\":\"https:\\\/\\\/lasentinelle.dz\\\/?s={search_term_string}\"},\"query-input\":{\"@type\":\"PropertyValueSpecification\",\"valueRequired\":true,\"valueName\":\"search_term_string\"}}],\"inLanguage\":\"fr-FR\"},{\"@type\":\"Organization\",\"@id\":\"https:\\\/\\\/lasentinelle.dz\\\/#organization\",\"name\":\"Quotidien La Sentinelle\",\"url\":\"https:\\\/\\\/lasentinelle.dz\\\/\",\"logo\":{\"@type\":\"ImageObject\",\"inLanguage\":\"fr-FR\",\"@id\":\"https:\\\/\\\/lasentinelle.dz\\\/#\\\/schema\\\/logo\\\/image\\\/\",\"url\":\"https:\\\/\\\/lasentinelle.dz\\\/wp-content\\\/uploads\\\/2021\\\/09\\\/logo-sentinelleSLOGAN-1.png\",\"contentUrl\":\"https:\\\/\\\/lasentinelle.dz\\\/wp-content\\\/uploads\\\/2021\\\/09\\\/logo-sentinelleSLOGAN-1.png\",\"width\":615,\"height\":142,\"caption\":\"Quotidien La Sentinelle\"},\"image\":{\"@id\":\"https:\\\/\\\/lasentinelle.dz\\\/#\\\/schema\\\/logo\\\/image\\\/\"},\"sameAs\":[\"https:\\\/\\\/www.facebook.com\\\/La-Sentinelle-104059864394773\"]},{\"@type\":\"Person\",\"@id\":\"https:\\\/\\\/lasentinelle.dz\\\/#\\\/schema\\\/person\\\/d865044e22e70a75174ce8bcad3acfb3\",\"name\":\"La Sentinelle\",\"image\":{\"@type\":\"ImageObject\",\"inLanguage\":\"fr-FR\",\"@id\":\"https:\\\/\\\/secure.gravatar.com\\\/avatar\\\/57de8e5d4b15d43fb361a71fbb36338450fe67865b528a43dd10ef7c51a20392?s=96&d=mm&r=g\",\"url\":\"https:\\\/\\\/secure.gravatar.com\\\/avatar\\\/57de8e5d4b15d43fb361a71fbb36338450fe67865b528a43dd10ef7c51a20392?s=96&d=mm&r=g\",\"contentUrl\":\"https:\\\/\\\/secure.gravatar.com\\\/avatar\\\/57de8e5d4b15d43fb361a71fbb36338450fe67865b528a43dd10ef7c51a20392?s=96&d=mm&r=g\",\"caption\":\"La Sentinelle\"},\"sameAs\":[\"http:\\\/\\\/www.lasentinelle.dz\"],\"url\":\"https:\\\/\\\/lasentinelle.dz\\\/author\\\/redaction\\\/\"}]}<\/script>\n<!-- \/ Yoast SEO plugin. -->","yoast_head_json":{"title":"Soudan&nbsp;: La fermeture de l&rsquo;espace a\u00e9rien prolong\u00e9e jusqu&rsquo;au 10 juillet - La Sentinelle","robots":{"index":"index","follow":"follow","max-snippet":"max-snippet:-1","max-image-preview":"max-image-preview:large","max-video-preview":"max-video-preview:-1"},"canonical":"https:\/\/lasentinelle.dz\/index.php\/2023\/07\/01\/soudan-la-fermeture-de-lespace-aerien-prolongee-jusquau-10-juillet\/","og_locale":"fr_FR","og_type":"article","og_title":"Soudan&nbsp;: La fermeture de l&rsquo;espace a\u00e9rien prolong\u00e9e jusqu&rsquo;au 10 juillet - La Sentinelle","og_description":"L&rsquo;autorit\u00e9 de l&rsquo;aviation civile du Soudan a d\u00e9cid\u00e9 de prolonger les limitations de vols dans l&rsquo;espace a\u00e9rien du pays, ont","og_url":"https:\/\/lasentinelle.dz\/index.php\/2023\/07\/01\/soudan-la-fermeture-de-lespace-aerien-prolongee-jusquau-10-juillet\/","og_site_name":"La Sentinelle","article_publisher":"https:\/\/www.facebook.com\/La-Sentinelle-104059864394773","article_published_time":"2023-07-01T19:19:50+00:00","article_modified_time":"2023-07-01T19:19:56+00:00","og_image":[{"width":1351,"height":900,"url":"https:\/\/lasentinelle.dz\/wp-content\/uploads\/2023\/05\/soudan-2.png","type":"image\/png"}],"author":"La Sentinelle","twitter_card":"summary_large_image","twitter_misc":{"\u00c9crit par":"La Sentinelle","Dur\u00e9e de lecture estim\u00e9e":"2 minutes"},"schema":{"@context":"https:\/\/schema.org","@graph":[{"@type":"Article","@id":"https:\/\/lasentinelle.dz\/index.php\/2023\/07\/01\/soudan-la-fermeture-de-lespace-aerien-prolongee-jusquau-10-juillet\/#article","isPartOf":{"@id":"https:\/\/lasentinelle.dz\/index.php\/2023\/07\/01\/soudan-la-fermeture-de-lespace-aerien-prolongee-jusquau-10-juillet\/"},"author":{"name":"La Sentinelle","@id":"https:\/\/lasentinelle.dz\/#\/schema\/person\/d865044e22e70a75174ce8bcad3acfb3"},"headline":"Soudan&nbsp;: La fermeture de l&rsquo;espace a\u00e9rien prolong\u00e9e jusqu&rsquo;au 10 juillet","datePublished":"2023-07-01T19:19:50+00:00","dateModified":"2023-07-01T19:19:56+00:00","mainEntityOfPage":{"@id":"https:\/\/lasentinelle.dz\/index.php\/2023\/07\/01\/soudan-la-fermeture-de-lespace-aerien-prolongee-jusquau-10-juillet\/"},"wordCount":354,"commentCount":0,"publisher":{"@id":"https:\/\/lasentinelle.dz\/#organization"},"image":{"@id":"https:\/\/lasentinelle.dz\/index.php\/2023\/07\/01\/soudan-la-fermeture-de-lespace-aerien-prolongee-jusquau-10-juillet\/#primaryimage"},"thumbnailUrl":"https:\/\/lasentinelle.dz\/wp-content\/uploads\/2023\/05\/soudan-2.png","articleSection":["Monde"],"inLanguage":"fr-FR","potentialAction":[{"@type":"CommentAction","name":"Comment","target":["https:\/\/lasentinelle.dz\/index.php\/2023\/07\/01\/soudan-la-fermeture-de-lespace-aerien-prolongee-jusquau-10-juillet\/#respond"]}]},{"@type":"WebPage","@id":"https:\/\/lasentinelle.dz\/index.php\/2023\/07\/01\/soudan-la-fermeture-de-lespace-aerien-prolongee-jusquau-10-juillet\/","url":"https:\/\/lasentinelle.dz\/index.php\/2023\/07\/01\/soudan-la-fermeture-de-lespace-aerien-prolongee-jusquau-10-juillet\/","name":"Soudan&nbsp;: La fermeture de l&rsquo;espace a\u00e9rien prolong\u00e9e jusqu&rsquo;au 10 juillet - La Sentinelle","isPartOf":{"@id":"https:\/\/lasentinelle.dz\/#website"},"primaryImageOfPage":{"@id":"https:\/\/lasentinelle.dz\/index.php\/2023\/07\/01\/soudan-la-fermeture-de-lespace-aerien-prolongee-jusquau-10-juillet\/#primaryimage"},"image":{"@id":"https:\/\/lasentinelle.dz\/index.php\/2023\/07\/01\/soudan-la-fermeture-de-lespace-aerien-prolongee-jusquau-10-juillet\/#primaryimage"},"thumbnailUrl":"https:\/\/lasentinelle.dz\/wp-content\/uploads\/2023\/05\/soudan-2.png","datePublished":"2023-07-01T19:19:50+00:00","dateModified":"2023-07-01T19:19:56+00:00","breadcrumb":{"@id":"https:\/\/lasentinelle.dz\/index.php\/2023\/07\/01\/soudan-la-fermeture-de-lespace-aerien-prolongee-jusquau-10-juillet\/#breadcrumb"},"inLanguage":"fr-FR","potentialAction":[{"@type":"ReadAction","target":["https:\/\/lasentinelle.dz\/index.php\/2023\/07\/01\/soudan-la-fermeture-de-lespace-aerien-prolongee-jusquau-10-juillet\/"]}]},{"@type":"ImageObject","inLanguage":"fr-FR","@id":"https:\/\/lasentinelle.dz\/index.php\/2023\/07\/01\/soudan-la-fermeture-de-lespace-aerien-prolongee-jusquau-10-juillet\/#primaryimage","url":"https:\/\/lasentinelle.dz\/wp-content\/uploads\/2023\/05\/soudan-2.png","contentUrl":"https:\/\/lasentinelle.dz\/wp-content\/uploads\/2023\/05\/soudan-2.png","width":1351,"height":900},{"@type":"BreadcrumbList","@id":"https:\/\/lasentinelle.dz\/index.php\/2023\/07\/01\/soudan-la-fermeture-de-lespace-aerien-prolongee-jusquau-10-juillet\/#breadcrumb","itemListElement":[{"@type":"ListItem","position":1,"name":"Accueil","item":"https:\/\/lasentinelle.dz\/"},{"@type":"ListItem","position":2,"name":"Soudan&nbsp;: La fermeture de l&rsquo;espace a\u00e9rien prolong\u00e9e jusqu&rsquo;au 10 juillet"}]},{"@type":"WebSite","@id":"https:\/\/lasentinelle.dz\/#website","url":"https:\/\/lasentinelle.dz\/","name":"La Sentinelle","description":"Quotidien national d&#039;information","publisher":{"@id":"https:\/\/lasentinelle.dz\/#organization"},"potentialAction":[{"@type":"SearchAction","target":{"@type":"EntryPoint","urlTemplate":"https:\/\/lasentinelle.dz\/?s={search_term_string}"},"query-input":{"@type":"PropertyValueSpecification","valueRequired":true,"valueName":"search_term_string"}}],"inLanguage":"fr-FR"},{"@type":"Organization","@id":"https:\/\/lasentinelle.dz\/#organization","name":"Quotidien La Sentinelle","url":"https:\/\/lasentinelle.dz\/","logo":{"@type":"ImageObject","inLanguage":"fr-FR","@id":"https:\/\/lasentinelle.dz\/#\/schema\/logo\/image\/","url":"https:\/\/lasentinelle.dz\/wp-content\/uploads\/2021\/09\/logo-sentinelleSLOGAN-1.png","contentUrl":"https:\/\/lasentinelle.dz\/wp-content\/uploads\/2021\/09\/logo-sentinelleSLOGAN-1.png","width":615,"height":142,"caption":"Quotidien La Sentinelle"},"image":{"@id":"https:\/\/lasentinelle.dz\/#\/schema\/logo\/image\/"},"sameAs":["https:\/\/www.facebook.com\/La-Sentinelle-104059864394773"]},{"@type":"Person","@id":"https:\/\/lasentinelle.dz\/#\/schema\/person\/d865044e22e70a75174ce8bcad3acfb3","name":"La Sentinelle","image":{"@type":"ImageObject","inLanguage":"fr-FR","@id":"https:\/\/secure.gravatar.com\/avatar\/57de8e5d4b15d43fb361a71fbb36338450fe67865b528a43dd10ef7c51a20392?s=96&d=mm&r=g","url":"https:\/\/secure.gravatar.com\/avatar\/57de8e5d4b15d43fb361a71fbb36338450fe67865b528a43dd10ef7c51a20392?s=96&d=mm&r=g","contentUrl":"https:\/\/secure.gravatar.com\/avatar\/57de8e5d4b15d43fb361a71fbb36338450fe67865b528a43dd10ef7c51a20392?s=96&d=mm&r=g","caption":"La Sentinelle"},"sameAs":["http:\/\/www.lasentinelle.dz"],"url":"https:\/\/lasentinelle.dz\/author\/redaction\/"}]}},"_links":{"self":[{"href":"https:\/\/lasentinelle.dz\/index.php\/wp-json\/wp\/v2\/posts\/43140","targetHints":{"allow":["GET"]}}],"collection":[{"href":"https:\/\/lasentinelle.dz\/index.php\/wp-json\/wp\/v2\/posts"}],"about":[{"href":"https:\/\/lasentinelle.dz\/index.php\/wp-json\/wp\/v2\/types\/post"}],"author":[{"embeddable":true,"href":"https:\/\/lasentinelle.dz\/index.php\/wp-json\/wp\/v2\/users\/3"}],"replies":[{"embeddable":true,"href":"https:\/\/lasentinelle.dz\/index.php\/wp-json\/wp\/v2\/comments?post=43140"}],"version-history":[{"count":1,"href":"https:\/\/lasentinelle.dz\/index.php\/wp-json\/wp\/v2\/posts\/43140\/revisions"}],"predecessor-version":[{"id":43141,"href":"https:\/\/lasentinelle.dz\/index.php\/wp-json\/wp\/v2\/posts\/43140\/revisions\/43141"}],"wp:featuredmedia":[{"embeddable":true,"href":"https:\/\/lasentinelle.dz\/index.php\/wp-json\/wp\/v2\/media\/41724"}],"wp:attachment":[{"href":"https:\/\/lasentinelle.dz\/index.php\/wp-json\/wp\/v2\/media?parent=43140"}],"wp:term":[{"taxonomy":"category","embeddable":true,"href":"https:\/\/lasentinelle.dz\/index.php\/wp-json\/wp\/v2\/categories?post=43140"},{"taxonomy":"post_tag","embeddable":true,"href":"https:\/\/lasentinelle.dz\/index.php\/wp-json\/wp\/v2\/tags?post=43140"}],"curies":[{"name":"wp","href":"https:\/\/api.w.org\/{rel}","templated":true}]}}