{"id":43168,"date":"2023-07-01T21:30:01","date_gmt":"2023-07-01T20:30:01","guid":{"rendered":"https:\/\/lasentinelle.dz\/?p=43168"},"modified":"2023-07-01T21:30:09","modified_gmt":"2023-07-01T20:30:09","slug":"lutte-contre-le-criquet-un-plan-de-prevention-mis-en-place","status":"publish","type":"post","link":"https:\/\/lasentinelle.dz\/index.php\/2023\/07\/01\/lutte-contre-le-criquet-un-plan-de-prevention-mis-en-place\/","title":{"rendered":"Lutte contre le criquet&nbsp;: Un plan de pr\u00e9vention mis en place"},"content":{"rendered":"\n<p>Un plan pr\u00e9ventif et anticipatif de lutte contre le fl\u00e9au des criquets, pr\u00e9voyant la mobilisation de tous les moyens mat\u00e9riels et humains n\u00e9cessaires va entrer en vigueur d\u00e8s le mois de juillet en cours, annonce le minist\u00e8re de l&rsquo;Agriculture et du D\u00e9veloppement rural. Ce plan, annonc\u00e9, hier samedi dans un communiqu\u00e9, op\u00e9rationnel consiste en la mobilisation de tous les moyens mat\u00e9riels et humains \u00e0 compter de juillet courant \u00e0 travers le recours aux moyens d&rsquo;intervention de tous les pays de la r\u00e9gion ouest de l&rsquo;Afrique, et aux techniciens sp\u00e9cialis\u00e9s des unit\u00e9s de lutte contre les criquets des pays concern\u00e9s, afin de renforcer le syst\u00e8me de surveillance actuellement en place pour suivre les mouvements des criquets dans les pays du Sahel, notamment en Mauritanie, pr\u00e9cise le communiqu\u00e9. Cette mesure de pr\u00e9vention et de lutte contre le ph\u00e9nom\u00e8ne des criquets qui pourrait s&rsquo;accentuer lors de la p\u00e9riode de reproduction estivale dans les pays du Sahel, a \u00e9t\u00e9 approuv\u00e9e lors de la r\u00e9union, tenue en juin dernier \u00e0 Oran, par la Commission de lutte antiacridienne en zone occidentale (CLCPRO), pr\u00e9sid\u00e9e actuellement par l&rsquo;Alg\u00e9rie et qui s&rsquo;\u00e9tait d\u00e9roul\u00e9e en pr\u00e9sence des dix pays membres, selon le minist\u00e8re. L&rsquo;Alg\u00e9rie s&rsquo;att\u00e8lera, dans l&rsquo;objectif de mettre en \u0153uvre les d\u00e9cisions de cette Commission, \u00e0 soutenir le plan d&rsquo;action en d\u00e9p\u00eachant des explorateurs exp\u00e9riment\u00e9s en juillet pour effectuer des op\u00e9rations de surveillance et de traitement dans les zones de reproduction estivale en Mauritanie. Par ailleurs, suite \u00e0 l&rsquo;invasion, par les fronti\u00e8res Sud-Ouest du pays, de petits essaims de criquets le 19 mai dernier, les services du minist\u00e8re repr\u00e9sent\u00e9s par l&rsquo;Institut national de la protection des v\u00e9g\u00e9taux (INPV) ont mobilis\u00e9 tous les moyens humain et mat\u00e9riel pour faire face \u00e0 ce fl\u00e9au, selon la m\u00eame source. Dans ce cadre, le minist\u00e8re a fait \u00e9tat du traitement de plus de 2.500 hectares \u00e0 Tindouf, B\u00e9char et Adrar, relevant la mobilisation de camions arroseurs, mais aussi des moyens a\u00e9riens mobilis\u00e9s par les services du minist\u00e8re de la D\u00e9fense nationale (MDN). L&rsquo;op\u00e9ration a permis le traitement total de tous les groupes de criquets traqu\u00e9s par les \u00e9quipes comp\u00e9tentes. Au niveau r\u00e9gional, un mouvement inhabituel des criquets a \u00e9t\u00e9 observ\u00e9 dans les zones de reproduction estivale, notamment au nord de la Mauritanie, observe le minist\u00e8re, expliquant qu&rsquo;il s&rsquo;agit d&rsquo;un comportement naturel observ\u00e9 chez les criquets lors de leur d\u00e9placement des zones de reproduction printani\u00e8re vers celles de reproduction estivale, conclut le communiqu\u00e9.<\/p>\n\n\n\n<p>R.N.<\/p>\n","protected":false},"excerpt":{"rendered":"<p>Un plan pr\u00e9ventif et anticipatif de lutte contre le fl\u00e9au des criquets, pr\u00e9voyant la mobilisation de tous les moyens mat\u00e9riels<\/p>\n","protected":false},"author":3,"featured_media":43169,"comment_status":"open","ping_status":"closed","sticky":false,"template":"","format":"standard","meta":{"colormag_page_container_layout":"default_layout","colormag_page_sidebar_layout":"default_layout","om_disable_all_campaigns":false,"_monsterinsights_skip_tracking":false,"_monsterinsights_sitenote_active":false,"_monsterinsights_sitenote_note":"","_monsterinsights_sitenote_category":0,"footnotes":"","_wpscppro_dont_share_socialmedia":false,"_wpscppro_custom_social_share_image":0,"_facebook_share_type":"","_twitter_share_type":"","_linkedin_share_type":"","_pinterest_share_type":"","_linkedin_share_type_page":"","_instagram_share_type":"","_medium_share_type":"","_threads_share_type":"","_google_business_share_type":"","_selected_social_profile":[],"_wpsp_enable_custom_social_template":false,"_wpsp_social_scheduling":{"enabled":false,"datetime":null,"platforms":[],"status":"template_only","dateOption":"today","timeOption":"now","customDays":"","customHours":"","customDate":"","customTime":"","schedulingType":"absolute"},"_wpsp_active_default_template":true},"categories":[52,27],"tags":[],"class_list":["post-43168","post","type-post","status-publish","format-standard","has-post-thumbnail","hentry","category-a-la-une","category-actualite"],"aioseo_notices":[],"yoast_head":"<!-- This site is optimized with the Yoast SEO plugin v27.5 - https:\/\/yoast.com\/product\/yoast-seo-wordpress\/ -->\n<title>Lutte contre le criquet&nbsp;: Un plan de pr\u00e9vention mis en place - La Sentinelle<\/title>\n<meta name=\"robots\" content=\"index, follow, max-snippet:-1, max-image-preview:large, max-video-preview:-1\" \/>\n<link rel=\"canonical\" href=\"https:\/\/lasentinelle.dz\/index.php\/2023\/07\/01\/lutte-contre-le-criquet-un-plan-de-prevention-mis-en-place\/\" \/>\n<meta property=\"og:locale\" content=\"fr_FR\" \/>\n<meta property=\"og:type\" content=\"article\" \/>\n<meta property=\"og:title\" content=\"Lutte contre le criquet&nbsp;: Un plan de pr\u00e9vention mis en place - La Sentinelle\" \/>\n<meta property=\"og:description\" content=\"Un plan pr\u00e9ventif et anticipatif de lutte contre le fl\u00e9au des criquets, pr\u00e9voyant la mobilisation de tous les moyens mat\u00e9riels\" \/>\n<meta property=\"og:url\" content=\"https:\/\/lasentinelle.dz\/index.php\/2023\/07\/01\/lutte-contre-le-criquet-un-plan-de-prevention-mis-en-place\/\" \/>\n<meta property=\"og:site_name\" content=\"La Sentinelle\" \/>\n<meta property=\"article:publisher\" content=\"https:\/\/www.facebook.com\/La-Sentinelle-104059864394773\" \/>\n<meta property=\"article:published_time\" content=\"2023-07-01T20:30:01+00:00\" \/>\n<meta property=\"article:modified_time\" content=\"2023-07-01T20:30:09+00:00\" \/>\n<meta property=\"og:image\" content=\"https:\/\/lasentinelle.dz\/wp-content\/uploads\/2023\/07\/criquet.jpeg\" \/>\n\t<meta property=\"og:image:width\" content=\"1024\" \/>\n\t<meta property=\"og:image:height\" content=\"683\" \/>\n\t<meta property=\"og:image:type\" content=\"image\/jpeg\" \/>\n<meta name=\"author\" content=\"La Sentinelle\" \/>\n<meta name=\"twitter:card\" content=\"summary_large_image\" \/>\n<meta name=\"twitter:label1\" content=\"\u00c9crit par\" \/>\n\t<meta name=\"twitter:data1\" content=\"La Sentinelle\" \/>\n\t<meta name=\"twitter:label2\" content=\"Dur\u00e9e de lecture estim\u00e9e\" \/>\n\t<meta name=\"twitter:data2\" content=\"3 minutes\" \/>\n<script type=\"application\/ld+json\" class=\"yoast-schema-graph\">{\"@context\":\"https:\\\/\\\/schema.org\",\"@graph\":[{\"@type\":\"Article\",\"@id\":\"https:\\\/\\\/lasentinelle.dz\\\/index.php\\\/2023\\\/07\\\/01\\\/lutte-contre-le-criquet-un-plan-de-prevention-mis-en-place\\\/#article\",\"isPartOf\":{\"@id\":\"https:\\\/\\\/lasentinelle.dz\\\/index.php\\\/2023\\\/07\\\/01\\\/lutte-contre-le-criquet-un-plan-de-prevention-mis-en-place\\\/\"},\"author\":{\"name\":\"La Sentinelle\",\"@id\":\"https:\\\/\\\/lasentinelle.dz\\\/#\\\/schema\\\/person\\\/d865044e22e70a75174ce8bcad3acfb3\"},\"headline\":\"Lutte contre le criquet&nbsp;: Un plan de pr\u00e9vention mis en place\",\"datePublished\":\"2023-07-01T20:30:01+00:00\",\"dateModified\":\"2023-07-01T20:30:09+00:00\",\"mainEntityOfPage\":{\"@id\":\"https:\\\/\\\/lasentinelle.dz\\\/index.php\\\/2023\\\/07\\\/01\\\/lutte-contre-le-criquet-un-plan-de-prevention-mis-en-place\\\/\"},\"wordCount\":481,\"commentCount\":0,\"publisher\":{\"@id\":\"https:\\\/\\\/lasentinelle.dz\\\/#organization\"},\"image\":{\"@id\":\"https:\\\/\\\/lasentinelle.dz\\\/index.php\\\/2023\\\/07\\\/01\\\/lutte-contre-le-criquet-un-plan-de-prevention-mis-en-place\\\/#primaryimage\"},\"thumbnailUrl\":\"https:\\\/\\\/lasentinelle.dz\\\/wp-content\\\/uploads\\\/2023\\\/07\\\/criquet.jpeg\",\"articleSection\":[\"\u00c0 la Une\",\"Actualit\u00e9\"],\"inLanguage\":\"fr-FR\",\"potentialAction\":[{\"@type\":\"CommentAction\",\"name\":\"Comment\",\"target\":[\"https:\\\/\\\/lasentinelle.dz\\\/index.php\\\/2023\\\/07\\\/01\\\/lutte-contre-le-criquet-un-plan-de-prevention-mis-en-place\\\/#respond\"]}]},{\"@type\":\"WebPage\",\"@id\":\"https:\\\/\\\/lasentinelle.dz\\\/index.php\\\/2023\\\/07\\\/01\\\/lutte-contre-le-criquet-un-plan-de-prevention-mis-en-place\\\/\",\"url\":\"https:\\\/\\\/lasentinelle.dz\\\/index.php\\\/2023\\\/07\\\/01\\\/lutte-contre-le-criquet-un-plan-de-prevention-mis-en-place\\\/\",\"name\":\"Lutte contre le criquet&nbsp;: Un plan de pr\u00e9vention mis en place - La Sentinelle\",\"isPartOf\":{\"@id\":\"https:\\\/\\\/lasentinelle.dz\\\/#website\"},\"primaryImageOfPage\":{\"@id\":\"https:\\\/\\\/lasentinelle.dz\\\/index.php\\\/2023\\\/07\\\/01\\\/lutte-contre-le-criquet-un-plan-de-prevention-mis-en-place\\\/#primaryimage\"},\"image\":{\"@id\":\"https:\\\/\\\/lasentinelle.dz\\\/index.php\\\/2023\\\/07\\\/01\\\/lutte-contre-le-criquet-un-plan-de-prevention-mis-en-place\\\/#primaryimage\"},\"thumbnailUrl\":\"https:\\\/\\\/lasentinelle.dz\\\/wp-content\\\/uploads\\\/2023\\\/07\\\/criquet.jpeg\",\"datePublished\":\"2023-07-01T20:30:01+00:00\",\"dateModified\":\"2023-07-01T20:30:09+00:00\",\"breadcrumb\":{\"@id\":\"https:\\\/\\\/lasentinelle.dz\\\/index.php\\\/2023\\\/07\\\/01\\\/lutte-contre-le-criquet-un-plan-de-prevention-mis-en-place\\\/#breadcrumb\"},\"inLanguage\":\"fr-FR\",\"potentialAction\":[{\"@type\":\"ReadAction\",\"target\":[\"https:\\\/\\\/lasentinelle.dz\\\/index.php\\\/2023\\\/07\\\/01\\\/lutte-contre-le-criquet-un-plan-de-prevention-mis-en-place\\\/\"]}]},{\"@type\":\"ImageObject\",\"inLanguage\":\"fr-FR\",\"@id\":\"https:\\\/\\\/lasentinelle.dz\\\/index.php\\\/2023\\\/07\\\/01\\\/lutte-contre-le-criquet-un-plan-de-prevention-mis-en-place\\\/#primaryimage\",\"url\":\"https:\\\/\\\/lasentinelle.dz\\\/wp-content\\\/uploads\\\/2023\\\/07\\\/criquet.jpeg\",\"contentUrl\":\"https:\\\/\\\/lasentinelle.dz\\\/wp-content\\\/uploads\\\/2023\\\/07\\\/criquet.jpeg\",\"width\":1024,\"height\":683},{\"@type\":\"BreadcrumbList\",\"@id\":\"https:\\\/\\\/lasentinelle.dz\\\/index.php\\\/2023\\\/07\\\/01\\\/lutte-contre-le-criquet-un-plan-de-prevention-mis-en-place\\\/#breadcrumb\",\"itemListElement\":[{\"@type\":\"ListItem\",\"position\":1,\"name\":\"Accueil\",\"item\":\"https:\\\/\\\/lasentinelle.dz\\\/\"},{\"@type\":\"ListItem\",\"position\":2,\"name\":\"Lutte contre le criquet&nbsp;: Un plan de pr\u00e9vention mis en place\"}]},{\"@type\":\"WebSite\",\"@id\":\"https:\\\/\\\/lasentinelle.dz\\\/#website\",\"url\":\"https:\\\/\\\/lasentinelle.dz\\\/\",\"name\":\"La Sentinelle\",\"description\":\"Quotidien national d&#039;information\",\"publisher\":{\"@id\":\"https:\\\/\\\/lasentinelle.dz\\\/#organization\"},\"potentialAction\":[{\"@type\":\"SearchAction\",\"target\":{\"@type\":\"EntryPoint\",\"urlTemplate\":\"https:\\\/\\\/lasentinelle.dz\\\/?s={search_term_string}\"},\"query-input\":{\"@type\":\"PropertyValueSpecification\",\"valueRequired\":true,\"valueName\":\"search_term_string\"}}],\"inLanguage\":\"fr-FR\"},{\"@type\":\"Organization\",\"@id\":\"https:\\\/\\\/lasentinelle.dz\\\/#organization\",\"name\":\"Quotidien La Sentinelle\",\"url\":\"https:\\\/\\\/lasentinelle.dz\\\/\",\"logo\":{\"@type\":\"ImageObject\",\"inLanguage\":\"fr-FR\",\"@id\":\"https:\\\/\\\/lasentinelle.dz\\\/#\\\/schema\\\/logo\\\/image\\\/\",\"url\":\"https:\\\/\\\/lasentinelle.dz\\\/wp-content\\\/uploads\\\/2021\\\/09\\\/logo-sentinelleSLOGAN-1.png\",\"contentUrl\":\"https:\\\/\\\/lasentinelle.dz\\\/wp-content\\\/uploads\\\/2021\\\/09\\\/logo-sentinelleSLOGAN-1.png\",\"width\":615,\"height\":142,\"caption\":\"Quotidien La Sentinelle\"},\"image\":{\"@id\":\"https:\\\/\\\/lasentinelle.dz\\\/#\\\/schema\\\/logo\\\/image\\\/\"},\"sameAs\":[\"https:\\\/\\\/www.facebook.com\\\/La-Sentinelle-104059864394773\"]},{\"@type\":\"Person\",\"@id\":\"https:\\\/\\\/lasentinelle.dz\\\/#\\\/schema\\\/person\\\/d865044e22e70a75174ce8bcad3acfb3\",\"name\":\"La Sentinelle\",\"image\":{\"@type\":\"ImageObject\",\"inLanguage\":\"fr-FR\",\"@id\":\"https:\\\/\\\/secure.gravatar.com\\\/avatar\\\/57de8e5d4b15d43fb361a71fbb36338450fe67865b528a43dd10ef7c51a20392?s=96&d=mm&r=g\",\"url\":\"https:\\\/\\\/secure.gravatar.com\\\/avatar\\\/57de8e5d4b15d43fb361a71fbb36338450fe67865b528a43dd10ef7c51a20392?s=96&d=mm&r=g\",\"contentUrl\":\"https:\\\/\\\/secure.gravatar.com\\\/avatar\\\/57de8e5d4b15d43fb361a71fbb36338450fe67865b528a43dd10ef7c51a20392?s=96&d=mm&r=g\",\"caption\":\"La Sentinelle\"},\"sameAs\":[\"http:\\\/\\\/www.lasentinelle.dz\"],\"url\":\"https:\\\/\\\/lasentinelle.dz\\\/author\\\/redaction\\\/\"}]}<\/script>\n<!-- \/ Yoast SEO plugin. -->","yoast_head_json":{"title":"Lutte contre le criquet&nbsp;: Un plan de pr\u00e9vention mis en place - La Sentinelle","robots":{"index":"index","follow":"follow","max-snippet":"max-snippet:-1","max-image-preview":"max-image-preview:large","max-video-preview":"max-video-preview:-1"},"canonical":"https:\/\/lasentinelle.dz\/index.php\/2023\/07\/01\/lutte-contre-le-criquet-un-plan-de-prevention-mis-en-place\/","og_locale":"fr_FR","og_type":"article","og_title":"Lutte contre le criquet&nbsp;: Un plan de pr\u00e9vention mis en place - La Sentinelle","og_description":"Un plan pr\u00e9ventif et anticipatif de lutte contre le fl\u00e9au des criquets, pr\u00e9voyant la mobilisation de tous les moyens mat\u00e9riels","og_url":"https:\/\/lasentinelle.dz\/index.php\/2023\/07\/01\/lutte-contre-le-criquet-un-plan-de-prevention-mis-en-place\/","og_site_name":"La Sentinelle","article_publisher":"https:\/\/www.facebook.com\/La-Sentinelle-104059864394773","article_published_time":"2023-07-01T20:30:01+00:00","article_modified_time":"2023-07-01T20:30:09+00:00","og_image":[{"width":1024,"height":683,"url":"https:\/\/lasentinelle.dz\/wp-content\/uploads\/2023\/07\/criquet.jpeg","type":"image\/jpeg"}],"author":"La Sentinelle","twitter_card":"summary_large_image","twitter_misc":{"\u00c9crit par":"La Sentinelle","Dur\u00e9e de lecture estim\u00e9e":"3 minutes"},"schema":{"@context":"https:\/\/schema.org","@graph":[{"@type":"Article","@id":"https:\/\/lasentinelle.dz\/index.php\/2023\/07\/01\/lutte-contre-le-criquet-un-plan-de-prevention-mis-en-place\/#article","isPartOf":{"@id":"https:\/\/lasentinelle.dz\/index.php\/2023\/07\/01\/lutte-contre-le-criquet-un-plan-de-prevention-mis-en-place\/"},"author":{"name":"La Sentinelle","@id":"https:\/\/lasentinelle.dz\/#\/schema\/person\/d865044e22e70a75174ce8bcad3acfb3"},"headline":"Lutte contre le criquet&nbsp;: Un plan de pr\u00e9vention mis en place","datePublished":"2023-07-01T20:30:01+00:00","dateModified":"2023-07-01T20:30:09+00:00","mainEntityOfPage":{"@id":"https:\/\/lasentinelle.dz\/index.php\/2023\/07\/01\/lutte-contre-le-criquet-un-plan-de-prevention-mis-en-place\/"},"wordCount":481,"commentCount":0,"publisher":{"@id":"https:\/\/lasentinelle.dz\/#organization"},"image":{"@id":"https:\/\/lasentinelle.dz\/index.php\/2023\/07\/01\/lutte-contre-le-criquet-un-plan-de-prevention-mis-en-place\/#primaryimage"},"thumbnailUrl":"https:\/\/lasentinelle.dz\/wp-content\/uploads\/2023\/07\/criquet.jpeg","articleSection":["\u00c0 la Une","Actualit\u00e9"],"inLanguage":"fr-FR","potentialAction":[{"@type":"CommentAction","name":"Comment","target":["https:\/\/lasentinelle.dz\/index.php\/2023\/07\/01\/lutte-contre-le-criquet-un-plan-de-prevention-mis-en-place\/#respond"]}]},{"@type":"WebPage","@id":"https:\/\/lasentinelle.dz\/index.php\/2023\/07\/01\/lutte-contre-le-criquet-un-plan-de-prevention-mis-en-place\/","url":"https:\/\/lasentinelle.dz\/index.php\/2023\/07\/01\/lutte-contre-le-criquet-un-plan-de-prevention-mis-en-place\/","name":"Lutte contre le criquet&nbsp;: Un plan de pr\u00e9vention mis en place - La Sentinelle","isPartOf":{"@id":"https:\/\/lasentinelle.dz\/#website"},"primaryImageOfPage":{"@id":"https:\/\/lasentinelle.dz\/index.php\/2023\/07\/01\/lutte-contre-le-criquet-un-plan-de-prevention-mis-en-place\/#primaryimage"},"image":{"@id":"https:\/\/lasentinelle.dz\/index.php\/2023\/07\/01\/lutte-contre-le-criquet-un-plan-de-prevention-mis-en-place\/#primaryimage"},"thumbnailUrl":"https:\/\/lasentinelle.dz\/wp-content\/uploads\/2023\/07\/criquet.jpeg","datePublished":"2023-07-01T20:30:01+00:00","dateModified":"2023-07-01T20:30:09+00:00","breadcrumb":{"@id":"https:\/\/lasentinelle.dz\/index.php\/2023\/07\/01\/lutte-contre-le-criquet-un-plan-de-prevention-mis-en-place\/#breadcrumb"},"inLanguage":"fr-FR","potentialAction":[{"@type":"ReadAction","target":["https:\/\/lasentinelle.dz\/index.php\/2023\/07\/01\/lutte-contre-le-criquet-un-plan-de-prevention-mis-en-place\/"]}]},{"@type":"ImageObject","inLanguage":"fr-FR","@id":"https:\/\/lasentinelle.dz\/index.php\/2023\/07\/01\/lutte-contre-le-criquet-un-plan-de-prevention-mis-en-place\/#primaryimage","url":"https:\/\/lasentinelle.dz\/wp-content\/uploads\/2023\/07\/criquet.jpeg","contentUrl":"https:\/\/lasentinelle.dz\/wp-content\/uploads\/2023\/07\/criquet.jpeg","width":1024,"height":683},{"@type":"BreadcrumbList","@id":"https:\/\/lasentinelle.dz\/index.php\/2023\/07\/01\/lutte-contre-le-criquet-un-plan-de-prevention-mis-en-place\/#breadcrumb","itemListElement":[{"@type":"ListItem","position":1,"name":"Accueil","item":"https:\/\/lasentinelle.dz\/"},{"@type":"ListItem","position":2,"name":"Lutte contre le criquet&nbsp;: Un plan de pr\u00e9vention mis en place"}]},{"@type":"WebSite","@id":"https:\/\/lasentinelle.dz\/#website","url":"https:\/\/lasentinelle.dz\/","name":"La Sentinelle","description":"Quotidien national d&#039;information","publisher":{"@id":"https:\/\/lasentinelle.dz\/#organization"},"potentialAction":[{"@type":"SearchAction","target":{"@type":"EntryPoint","urlTemplate":"https:\/\/lasentinelle.dz\/?s={search_term_string}"},"query-input":{"@type":"PropertyValueSpecification","valueRequired":true,"valueName":"search_term_string"}}],"inLanguage":"fr-FR"},{"@type":"Organization","@id":"https:\/\/lasentinelle.dz\/#organization","name":"Quotidien La Sentinelle","url":"https:\/\/lasentinelle.dz\/","logo":{"@type":"ImageObject","inLanguage":"fr-FR","@id":"https:\/\/lasentinelle.dz\/#\/schema\/logo\/image\/","url":"https:\/\/lasentinelle.dz\/wp-content\/uploads\/2021\/09\/logo-sentinelleSLOGAN-1.png","contentUrl":"https:\/\/lasentinelle.dz\/wp-content\/uploads\/2021\/09\/logo-sentinelleSLOGAN-1.png","width":615,"height":142,"caption":"Quotidien La Sentinelle"},"image":{"@id":"https:\/\/lasentinelle.dz\/#\/schema\/logo\/image\/"},"sameAs":["https:\/\/www.facebook.com\/La-Sentinelle-104059864394773"]},{"@type":"Person","@id":"https:\/\/lasentinelle.dz\/#\/schema\/person\/d865044e22e70a75174ce8bcad3acfb3","name":"La Sentinelle","image":{"@type":"ImageObject","inLanguage":"fr-FR","@id":"https:\/\/secure.gravatar.com\/avatar\/57de8e5d4b15d43fb361a71fbb36338450fe67865b528a43dd10ef7c51a20392?s=96&d=mm&r=g","url":"https:\/\/secure.gravatar.com\/avatar\/57de8e5d4b15d43fb361a71fbb36338450fe67865b528a43dd10ef7c51a20392?s=96&d=mm&r=g","contentUrl":"https:\/\/secure.gravatar.com\/avatar\/57de8e5d4b15d43fb361a71fbb36338450fe67865b528a43dd10ef7c51a20392?s=96&d=mm&r=g","caption":"La Sentinelle"},"sameAs":["http:\/\/www.lasentinelle.dz"],"url":"https:\/\/lasentinelle.dz\/author\/redaction\/"}]}},"_links":{"self":[{"href":"https:\/\/lasentinelle.dz\/index.php\/wp-json\/wp\/v2\/posts\/43168","targetHints":{"allow":["GET"]}}],"collection":[{"href":"https:\/\/lasentinelle.dz\/index.php\/wp-json\/wp\/v2\/posts"}],"about":[{"href":"https:\/\/lasentinelle.dz\/index.php\/wp-json\/wp\/v2\/types\/post"}],"author":[{"embeddable":true,"href":"https:\/\/lasentinelle.dz\/index.php\/wp-json\/wp\/v2\/users\/3"}],"replies":[{"embeddable":true,"href":"https:\/\/lasentinelle.dz\/index.php\/wp-json\/wp\/v2\/comments?post=43168"}],"version-history":[{"count":1,"href":"https:\/\/lasentinelle.dz\/index.php\/wp-json\/wp\/v2\/posts\/43168\/revisions"}],"predecessor-version":[{"id":43170,"href":"https:\/\/lasentinelle.dz\/index.php\/wp-json\/wp\/v2\/posts\/43168\/revisions\/43170"}],"wp:featuredmedia":[{"embeddable":true,"href":"https:\/\/lasentinelle.dz\/index.php\/wp-json\/wp\/v2\/media\/43169"}],"wp:attachment":[{"href":"https:\/\/lasentinelle.dz\/index.php\/wp-json\/wp\/v2\/media?parent=43168"}],"wp:term":[{"taxonomy":"category","embeddable":true,"href":"https:\/\/lasentinelle.dz\/index.php\/wp-json\/wp\/v2\/categories?post=43168"},{"taxonomy":"post_tag","embeddable":true,"href":"https:\/\/lasentinelle.dz\/index.php\/wp-json\/wp\/v2\/tags?post=43168"}],"curies":[{"name":"wp","href":"https:\/\/api.w.org\/{rel}","templated":true}]}}