{"id":43216,"date":"2023-07-02T22:36:44","date_gmt":"2023-07-02T21:36:44","guid":{"rendered":"https:\/\/lasentinelle.dz\/?p=43216"},"modified":"2023-07-02T22:36:46","modified_gmt":"2023-07-02T21:36:46","slug":"lalgerie-fait-le-choix-de-ressources-hydriques-non-conventionnelles-pour-face-a-la-secheresse-cap-sur-lepuration-des-eaux-usees","status":"publish","type":"post","link":"https:\/\/lasentinelle.dz\/index.php\/2023\/07\/02\/lalgerie-fait-le-choix-de-ressources-hydriques-non-conventionnelles-pour-face-a-la-secheresse-cap-sur-lepuration-des-eaux-usees\/","title":{"rendered":"L\u2019Alg\u00e9rie fait le choix de ressources hydriques non-conventionnelles pour face \u00e0 la s\u00e9cheresse&nbsp;: Cap sur l\u2019\u00e9puration des eaux us\u00e9es"},"content":{"rendered":"\n<p>En plus du dessalement d\u2019eau de mer, l\u2019Alg\u00e9rie s\u2019oriente vers l\u2019\u00e9puration des eaux us\u00e9es pour la couverture des besoins en eau. L\u2019objectif est de porter le taux d\u2019\u00e9puration des eaux us\u00e9es \u00e0 40% pour r\u00e9pondre aux besoins des secteurs de l\u2019agriculture et de l\u2019industrie.<\/p>\n\n\n\n<p>Le changement climatique aggrave l\u2019effet de la s\u00e9cheresse et du stress hydrique, notamment dans un pays semi-aride comme l\u2019Alg\u00e9rie. Une situation qui impose de nouveau choix strat\u00e9giques en mati\u00e8re de politique de l\u2019eau. La mobilisation de ressources non-conventionnelle qui se grefferont aux ressources issues des eaux de surfaces est au c\u0153ur des nouveaux programmes mis en place. Au-del\u00e0 des 29 barrages existants et des syst\u00e8mes de transfert des eaux en place ou en projet, les pouvoirs publics ont opt\u00e9 pour l\u2019option du dessalement d\u2019eau de mer avec un programme qui doit permettre de disposer de 19 stations de dessalement \u00e0 l\u2019horizon de 2024.&nbsp; Les politiques de l\u2019eau s\u2019orientent aussi vers le d\u00e9veloppement de l\u2019\u00e9puration des eaux us\u00e9es pour la mobilisation des ressources destin\u00e9es \u00e0 l\u2019industrie et \u00e0 l\u2019agriculture. Une question qui a \u00e9t\u00e9 \u00e0 l\u2019ordre du jour de la r\u00e9union du Conseil des ministre tenue hier. Dans ce contexte, le pr\u00e9sident de la R\u00e9publique Abdelmadjid Tebboune a fix\u00e9 pour objectif de r\u00e9cup\u00e9ration de 40% des eaux us\u00e9es \u00e0 court terme, pour les utiliser \u00e0 des fins agricoles et industrielles. Le Chef de l\u2019\u00c9tat a aussi ordonn\u00e9 l&rsquo;\u00e9laboration d&rsquo;un plan bien d\u00e9fini et ficel\u00e9. Il soulign\u00e9 la n\u00e9cessit\u00e9 de prendre en consid\u00e9ration plusieurs facteurs avec la &nbsp;d\u00e9termination pr\u00e9cise du niveau des eaux r\u00e9cup\u00e9r\u00e9es suivant le proc\u00e9d\u00e9 d&rsquo;\u00e9puration, et une d\u00e9finition des besoins au niveau national.<\/p>\n\n\n\n<p>Il s\u2019agit aussi d\u2019effectuer un recensement technique de toutes les stations d&rsquo;\u00e9puration en panne et de celles en service, dans chaque commune et wilaya, en vue de d\u00e9terminer les capacit\u00e9s de production et d\u2019inscrire les besoins en termes de d\u00e9veloppement de la m\u00e9canisation du secteur, au titre du programme du Gouvernement, en priorisant les wilayas ne disposant pas de stations de traitement des eaux us\u00e9es \u00e0 des fins d&rsquo;irrigation, au lieu de puiser des eaux souterraines, class\u00e9es r\u00e9serve strat\u00e9gique.<\/p>\n\n\n\n<p>Notons que plusieurs autres dossiers ont \u00e9t\u00e9 examin\u00e9s lors de cette r\u00e9unions, notamment dans les domaines des finances, de l\u2019enseignement sup\u00e9rieur et du sport.<\/p>\n\n\n\n<p>Ainsi, concernant le r\u00f4le de l&rsquo;\u00e9tablissement Alg\u00e9rie Poste dans le soutien \u00e0 la g\u00e9n\u00e9ralisation des services financiers et du paiement \u00e9lectronique, le pr\u00e9sident de la R\u00e9publique a donn\u00e9 des orientations pour am\u00e9liorer le niveau des prestations, et \u0153uvrer afin de venir \u00e0 bout de tous les probl\u00e8mes techniques relatifs au d\u00e9bit d&rsquo;internet. Il a \u00e9galement ordonn\u00e9 d\u2019oeuvrer \u00e0 g\u00e9n\u00e9raliser l&rsquo;utilisation de la fibre optique \u00e0 la fin 2024. Le Chef de l\u2019\u00c9tat a aussi insist\u00e9 sur l&rsquo;int\u00e9r\u00eat devant \u00eatre accord\u00e9 \u00e0 la cybers\u00e9curit\u00e9, une question \u00e0 traiter comme \u00e9tant une affaire de souverainet\u00e9 nationale \u00e0 pr\u00e9server par les enfants de l&rsquo;Alg\u00e9rie parmi les comp\u00e9tences et \u00e9nergies nationales en vue de s&rsquo;adapter aux mutations survenant dans ce domaine.<\/p>\n\n\n\n<p>Dans le domaine de l\u2019enseignement sup\u00e9rieur et concernant la cr\u00e9ation d&rsquo;annexes des facult\u00e9s de m\u00e9decine, le Pr\u00e9sident Tebboune&nbsp; a soulign\u00e9 l&rsquo;imp\u00e9ratif de fournir l&rsquo;encadrement n\u00e9cessaire en vue de hisser l&rsquo;enseignement sup\u00e9rieur et la recherche scientifique.<\/p>\n\n\n\n<p>Il s\u2019agit aussi de l&rsquo;inscription aux annexes des facult\u00e9s de m\u00e9decine doit \u00eatre soumise aux m\u00eames r\u00e8gles et conditions adopt\u00e9es dans les facult\u00e9s centrales. \u00ab&nbsp;Cette proc\u00e9dure doit avoir pour objectif la facilitation de l&rsquo;acc\u00e8s des \u00e9tudiants des sp\u00e9cialit\u00e9s scientifiques, la r\u00e9duction de la charge sur les facult\u00e9s centrales, et l&rsquo;am\u00e9lioration de la qualit\u00e9 de la formation&nbsp;\u00bb, a-t-il soulign\u00e9. Dans le secteur du sport, le Conseil des ministres a approuv\u00e9 le projet de loi relatif \u00e0 l&rsquo;organisation et au d\u00e9veloppement des activit\u00e9s physiques et sportives visant \u00e0 d\u00e9velopper et \u00e0 mieux encadrer les diff\u00e9rentes disciplines sportives aux niveaux national, r\u00e9gional et international. Enfin et concernant les pr\u00e9paratifs des Jeux olympiques de 2024, le Pr\u00e9sident de la R\u00e9publique a enjoint au ministre de la Jeunesse et des Sports \u00ab&nbsp;de r\u00e9unir toutes les conditions et de mobiliser tous les moyens n\u00e9cessaires afin de permettre \u00e0 nos athl\u00e8tes participant \u00e0 cet \u00e9v\u00e9nement mondial de se tailler une place \u00e0 la hauteur de l&rsquo;image et de la r\u00e9putation de l&rsquo;Alg\u00e9rie&nbsp;\u00bb.<\/p>\n\n\n\n<p><strong>Samir Benisid<\/strong><\/p>\n","protected":false},"excerpt":{"rendered":"<p>En plus du dessalement d\u2019eau de mer, l\u2019Alg\u00e9rie s\u2019oriente vers l\u2019\u00e9puration des eaux us\u00e9es pour la couverture des besoins en<\/p>\n","protected":false},"author":3,"featured_media":43217,"comment_status":"open","ping_status":"closed","sticky":false,"template":"","format":"standard","meta":{"colormag_page_container_layout":"default_layout","colormag_page_sidebar_layout":"default_layout","om_disable_all_campaigns":false,"_monsterinsights_skip_tracking":false,"_monsterinsights_sitenote_active":false,"_monsterinsights_sitenote_note":"","_monsterinsights_sitenote_category":0,"footnotes":"","_wpscppro_dont_share_socialmedia":false,"_wpscppro_custom_social_share_image":0,"_facebook_share_type":"","_twitter_share_type":"","_linkedin_share_type":"","_pinterest_share_type":"","_linkedin_share_type_page":"","_instagram_share_type":"","_medium_share_type":"","_threads_share_type":"","_google_business_share_type":"","_selected_social_profile":[],"_wpsp_enable_custom_social_template":false,"_wpsp_social_scheduling":{"enabled":false,"datetime":null,"platforms":[],"status":"template_only","dateOption":"today","timeOption":"now","customDays":"","customHours":"","customDate":"","customTime":"","schedulingType":"absolute"},"_wpsp_active_default_template":true},"categories":[52,27],"tags":[],"class_list":["post-43216","post","type-post","status-publish","format-standard","has-post-thumbnail","hentry","category-a-la-une","category-actualite"],"aioseo_notices":[],"yoast_head":"<!-- This site is optimized with the Yoast SEO plugin v27.5 - https:\/\/yoast.com\/product\/yoast-seo-wordpress\/ -->\n<title>L\u2019Alg\u00e9rie fait le choix de ressources hydriques non-conventionnelles pour face \u00e0 la s\u00e9cheresse&nbsp;: Cap sur l\u2019\u00e9puration des eaux us\u00e9es - La Sentinelle<\/title>\n<meta name=\"robots\" content=\"index, follow, max-snippet:-1, max-image-preview:large, max-video-preview:-1\" \/>\n<link rel=\"canonical\" href=\"https:\/\/lasentinelle.dz\/index.php\/2023\/07\/02\/lalgerie-fait-le-choix-de-ressources-hydriques-non-conventionnelles-pour-face-a-la-secheresse-cap-sur-lepuration-des-eaux-usees\/\" \/>\n<meta property=\"og:locale\" content=\"fr_FR\" \/>\n<meta property=\"og:type\" content=\"article\" \/>\n<meta property=\"og:title\" content=\"L\u2019Alg\u00e9rie fait le choix de ressources hydriques non-conventionnelles pour face \u00e0 la s\u00e9cheresse&nbsp;: Cap sur l\u2019\u00e9puration des eaux us\u00e9es - La Sentinelle\" \/>\n<meta property=\"og:description\" content=\"En plus du dessalement d\u2019eau de mer, l\u2019Alg\u00e9rie s\u2019oriente vers l\u2019\u00e9puration des eaux us\u00e9es pour la couverture des besoins en\" \/>\n<meta property=\"og:url\" content=\"https:\/\/lasentinelle.dz\/index.php\/2023\/07\/02\/lalgerie-fait-le-choix-de-ressources-hydriques-non-conventionnelles-pour-face-a-la-secheresse-cap-sur-lepuration-des-eaux-usees\/\" \/>\n<meta property=\"og:site_name\" content=\"La Sentinelle\" \/>\n<meta property=\"article:publisher\" content=\"https:\/\/www.facebook.com\/La-Sentinelle-104059864394773\" \/>\n<meta property=\"article:published_time\" content=\"2023-07-02T21:36:44+00:00\" \/>\n<meta property=\"article:modified_time\" content=\"2023-07-02T21:36:46+00:00\" \/>\n<meta property=\"og:image\" content=\"https:\/\/lasentinelle.dz\/wp-content\/uploads\/2023\/07\/epuration.jpeg\" \/>\n\t<meta property=\"og:image:width\" content=\"900\" \/>\n\t<meta property=\"og:image:height\" content=\"505\" \/>\n\t<meta property=\"og:image:type\" content=\"image\/jpeg\" \/>\n<meta name=\"author\" content=\"La Sentinelle\" \/>\n<meta name=\"twitter:card\" content=\"summary_large_image\" \/>\n<meta name=\"twitter:label1\" content=\"\u00c9crit par\" \/>\n\t<meta name=\"twitter:data1\" content=\"La Sentinelle\" \/>\n\t<meta name=\"twitter:label2\" content=\"Dur\u00e9e de lecture estim\u00e9e\" \/>\n\t<meta name=\"twitter:data2\" content=\"4 minutes\" \/>\n<script type=\"application\/ld+json\" class=\"yoast-schema-graph\">{\"@context\":\"https:\\\/\\\/schema.org\",\"@graph\":[{\"@type\":\"Article\",\"@id\":\"https:\\\/\\\/lasentinelle.dz\\\/index.php\\\/2023\\\/07\\\/02\\\/lalgerie-fait-le-choix-de-ressources-hydriques-non-conventionnelles-pour-face-a-la-secheresse-cap-sur-lepuration-des-eaux-usees\\\/#article\",\"isPartOf\":{\"@id\":\"https:\\\/\\\/lasentinelle.dz\\\/index.php\\\/2023\\\/07\\\/02\\\/lalgerie-fait-le-choix-de-ressources-hydriques-non-conventionnelles-pour-face-a-la-secheresse-cap-sur-lepuration-des-eaux-usees\\\/\"},\"author\":{\"name\":\"La Sentinelle\",\"@id\":\"https:\\\/\\\/lasentinelle.dz\\\/#\\\/schema\\\/person\\\/d865044e22e70a75174ce8bcad3acfb3\"},\"headline\":\"L\u2019Alg\u00e9rie fait le choix de ressources hydriques non-conventionnelles pour face \u00e0 la s\u00e9cheresse&nbsp;: Cap sur l\u2019\u00e9puration des eaux us\u00e9es\",\"datePublished\":\"2023-07-02T21:36:44+00:00\",\"dateModified\":\"2023-07-02T21:36:46+00:00\",\"mainEntityOfPage\":{\"@id\":\"https:\\\/\\\/lasentinelle.dz\\\/index.php\\\/2023\\\/07\\\/02\\\/lalgerie-fait-le-choix-de-ressources-hydriques-non-conventionnelles-pour-face-a-la-secheresse-cap-sur-lepuration-des-eaux-usees\\\/\"},\"wordCount\":835,\"commentCount\":0,\"publisher\":{\"@id\":\"https:\\\/\\\/lasentinelle.dz\\\/#organization\"},\"image\":{\"@id\":\"https:\\\/\\\/lasentinelle.dz\\\/index.php\\\/2023\\\/07\\\/02\\\/lalgerie-fait-le-choix-de-ressources-hydriques-non-conventionnelles-pour-face-a-la-secheresse-cap-sur-lepuration-des-eaux-usees\\\/#primaryimage\"},\"thumbnailUrl\":\"https:\\\/\\\/lasentinelle.dz\\\/wp-content\\\/uploads\\\/2023\\\/07\\\/epuration.jpeg\",\"articleSection\":[\"\u00c0 la Une\",\"Actualit\u00e9\"],\"inLanguage\":\"fr-FR\",\"potentialAction\":[{\"@type\":\"CommentAction\",\"name\":\"Comment\",\"target\":[\"https:\\\/\\\/lasentinelle.dz\\\/index.php\\\/2023\\\/07\\\/02\\\/lalgerie-fait-le-choix-de-ressources-hydriques-non-conventionnelles-pour-face-a-la-secheresse-cap-sur-lepuration-des-eaux-usees\\\/#respond\"]}]},{\"@type\":\"WebPage\",\"@id\":\"https:\\\/\\\/lasentinelle.dz\\\/index.php\\\/2023\\\/07\\\/02\\\/lalgerie-fait-le-choix-de-ressources-hydriques-non-conventionnelles-pour-face-a-la-secheresse-cap-sur-lepuration-des-eaux-usees\\\/\",\"url\":\"https:\\\/\\\/lasentinelle.dz\\\/index.php\\\/2023\\\/07\\\/02\\\/lalgerie-fait-le-choix-de-ressources-hydriques-non-conventionnelles-pour-face-a-la-secheresse-cap-sur-lepuration-des-eaux-usees\\\/\",\"name\":\"L\u2019Alg\u00e9rie fait le choix de ressources hydriques non-conventionnelles pour face \u00e0 la s\u00e9cheresse&nbsp;: Cap sur l\u2019\u00e9puration des eaux us\u00e9es - La Sentinelle\",\"isPartOf\":{\"@id\":\"https:\\\/\\\/lasentinelle.dz\\\/#website\"},\"primaryImageOfPage\":{\"@id\":\"https:\\\/\\\/lasentinelle.dz\\\/index.php\\\/2023\\\/07\\\/02\\\/lalgerie-fait-le-choix-de-ressources-hydriques-non-conventionnelles-pour-face-a-la-secheresse-cap-sur-lepuration-des-eaux-usees\\\/#primaryimage\"},\"image\":{\"@id\":\"https:\\\/\\\/lasentinelle.dz\\\/index.php\\\/2023\\\/07\\\/02\\\/lalgerie-fait-le-choix-de-ressources-hydriques-non-conventionnelles-pour-face-a-la-secheresse-cap-sur-lepuration-des-eaux-usees\\\/#primaryimage\"},\"thumbnailUrl\":\"https:\\\/\\\/lasentinelle.dz\\\/wp-content\\\/uploads\\\/2023\\\/07\\\/epuration.jpeg\",\"datePublished\":\"2023-07-02T21:36:44+00:00\",\"dateModified\":\"2023-07-02T21:36:46+00:00\",\"breadcrumb\":{\"@id\":\"https:\\\/\\\/lasentinelle.dz\\\/index.php\\\/2023\\\/07\\\/02\\\/lalgerie-fait-le-choix-de-ressources-hydriques-non-conventionnelles-pour-face-a-la-secheresse-cap-sur-lepuration-des-eaux-usees\\\/#breadcrumb\"},\"inLanguage\":\"fr-FR\",\"potentialAction\":[{\"@type\":\"ReadAction\",\"target\":[\"https:\\\/\\\/lasentinelle.dz\\\/index.php\\\/2023\\\/07\\\/02\\\/lalgerie-fait-le-choix-de-ressources-hydriques-non-conventionnelles-pour-face-a-la-secheresse-cap-sur-lepuration-des-eaux-usees\\\/\"]}]},{\"@type\":\"ImageObject\",\"inLanguage\":\"fr-FR\",\"@id\":\"https:\\\/\\\/lasentinelle.dz\\\/index.php\\\/2023\\\/07\\\/02\\\/lalgerie-fait-le-choix-de-ressources-hydriques-non-conventionnelles-pour-face-a-la-secheresse-cap-sur-lepuration-des-eaux-usees\\\/#primaryimage\",\"url\":\"https:\\\/\\\/lasentinelle.dz\\\/wp-content\\\/uploads\\\/2023\\\/07\\\/epuration.jpeg\",\"contentUrl\":\"https:\\\/\\\/lasentinelle.dz\\\/wp-content\\\/uploads\\\/2023\\\/07\\\/epuration.jpeg\",\"width\":900,\"height\":505},{\"@type\":\"BreadcrumbList\",\"@id\":\"https:\\\/\\\/lasentinelle.dz\\\/index.php\\\/2023\\\/07\\\/02\\\/lalgerie-fait-le-choix-de-ressources-hydriques-non-conventionnelles-pour-face-a-la-secheresse-cap-sur-lepuration-des-eaux-usees\\\/#breadcrumb\",\"itemListElement\":[{\"@type\":\"ListItem\",\"position\":1,\"name\":\"Accueil\",\"item\":\"https:\\\/\\\/lasentinelle.dz\\\/\"},{\"@type\":\"ListItem\",\"position\":2,\"name\":\"L\u2019Alg\u00e9rie fait le choix de ressources hydriques non-conventionnelles pour face \u00e0 la s\u00e9cheresse&nbsp;: Cap sur l\u2019\u00e9puration des eaux us\u00e9es\"}]},{\"@type\":\"WebSite\",\"@id\":\"https:\\\/\\\/lasentinelle.dz\\\/#website\",\"url\":\"https:\\\/\\\/lasentinelle.dz\\\/\",\"name\":\"La Sentinelle\",\"description\":\"Quotidien national d&#039;information\",\"publisher\":{\"@id\":\"https:\\\/\\\/lasentinelle.dz\\\/#organization\"},\"potentialAction\":[{\"@type\":\"SearchAction\",\"target\":{\"@type\":\"EntryPoint\",\"urlTemplate\":\"https:\\\/\\\/lasentinelle.dz\\\/?s={search_term_string}\"},\"query-input\":{\"@type\":\"PropertyValueSpecification\",\"valueRequired\":true,\"valueName\":\"search_term_string\"}}],\"inLanguage\":\"fr-FR\"},{\"@type\":\"Organization\",\"@id\":\"https:\\\/\\\/lasentinelle.dz\\\/#organization\",\"name\":\"Quotidien La Sentinelle\",\"url\":\"https:\\\/\\\/lasentinelle.dz\\\/\",\"logo\":{\"@type\":\"ImageObject\",\"inLanguage\":\"fr-FR\",\"@id\":\"https:\\\/\\\/lasentinelle.dz\\\/#\\\/schema\\\/logo\\\/image\\\/\",\"url\":\"https:\\\/\\\/lasentinelle.dz\\\/wp-content\\\/uploads\\\/2021\\\/09\\\/logo-sentinelleSLOGAN-1.png\",\"contentUrl\":\"https:\\\/\\\/lasentinelle.dz\\\/wp-content\\\/uploads\\\/2021\\\/09\\\/logo-sentinelleSLOGAN-1.png\",\"width\":615,\"height\":142,\"caption\":\"Quotidien La Sentinelle\"},\"image\":{\"@id\":\"https:\\\/\\\/lasentinelle.dz\\\/#\\\/schema\\\/logo\\\/image\\\/\"},\"sameAs\":[\"https:\\\/\\\/www.facebook.com\\\/La-Sentinelle-104059864394773\"]},{\"@type\":\"Person\",\"@id\":\"https:\\\/\\\/lasentinelle.dz\\\/#\\\/schema\\\/person\\\/d865044e22e70a75174ce8bcad3acfb3\",\"name\":\"La Sentinelle\",\"image\":{\"@type\":\"ImageObject\",\"inLanguage\":\"fr-FR\",\"@id\":\"https:\\\/\\\/secure.gravatar.com\\\/avatar\\\/57de8e5d4b15d43fb361a71fbb36338450fe67865b528a43dd10ef7c51a20392?s=96&d=mm&r=g\",\"url\":\"https:\\\/\\\/secure.gravatar.com\\\/avatar\\\/57de8e5d4b15d43fb361a71fbb36338450fe67865b528a43dd10ef7c51a20392?s=96&d=mm&r=g\",\"contentUrl\":\"https:\\\/\\\/secure.gravatar.com\\\/avatar\\\/57de8e5d4b15d43fb361a71fbb36338450fe67865b528a43dd10ef7c51a20392?s=96&d=mm&r=g\",\"caption\":\"La Sentinelle\"},\"sameAs\":[\"http:\\\/\\\/www.lasentinelle.dz\"],\"url\":\"https:\\\/\\\/lasentinelle.dz\\\/author\\\/redaction\\\/\"}]}<\/script>\n<!-- \/ Yoast SEO plugin. -->","yoast_head_json":{"title":"L\u2019Alg\u00e9rie fait le choix de ressources hydriques non-conventionnelles pour face \u00e0 la s\u00e9cheresse&nbsp;: Cap sur l\u2019\u00e9puration des eaux us\u00e9es - La Sentinelle","robots":{"index":"index","follow":"follow","max-snippet":"max-snippet:-1","max-image-preview":"max-image-preview:large","max-video-preview":"max-video-preview:-1"},"canonical":"https:\/\/lasentinelle.dz\/index.php\/2023\/07\/02\/lalgerie-fait-le-choix-de-ressources-hydriques-non-conventionnelles-pour-face-a-la-secheresse-cap-sur-lepuration-des-eaux-usees\/","og_locale":"fr_FR","og_type":"article","og_title":"L\u2019Alg\u00e9rie fait le choix de ressources hydriques non-conventionnelles pour face \u00e0 la s\u00e9cheresse&nbsp;: Cap sur l\u2019\u00e9puration des eaux us\u00e9es - La Sentinelle","og_description":"En plus du dessalement d\u2019eau de mer, l\u2019Alg\u00e9rie s\u2019oriente vers l\u2019\u00e9puration des eaux us\u00e9es pour la couverture des besoins en","og_url":"https:\/\/lasentinelle.dz\/index.php\/2023\/07\/02\/lalgerie-fait-le-choix-de-ressources-hydriques-non-conventionnelles-pour-face-a-la-secheresse-cap-sur-lepuration-des-eaux-usees\/","og_site_name":"La Sentinelle","article_publisher":"https:\/\/www.facebook.com\/La-Sentinelle-104059864394773","article_published_time":"2023-07-02T21:36:44+00:00","article_modified_time":"2023-07-02T21:36:46+00:00","og_image":[{"width":900,"height":505,"url":"https:\/\/lasentinelle.dz\/wp-content\/uploads\/2023\/07\/epuration.jpeg","type":"image\/jpeg"}],"author":"La Sentinelle","twitter_card":"summary_large_image","twitter_misc":{"\u00c9crit par":"La Sentinelle","Dur\u00e9e de lecture estim\u00e9e":"4 minutes"},"schema":{"@context":"https:\/\/schema.org","@graph":[{"@type":"Article","@id":"https:\/\/lasentinelle.dz\/index.php\/2023\/07\/02\/lalgerie-fait-le-choix-de-ressources-hydriques-non-conventionnelles-pour-face-a-la-secheresse-cap-sur-lepuration-des-eaux-usees\/#article","isPartOf":{"@id":"https:\/\/lasentinelle.dz\/index.php\/2023\/07\/02\/lalgerie-fait-le-choix-de-ressources-hydriques-non-conventionnelles-pour-face-a-la-secheresse-cap-sur-lepuration-des-eaux-usees\/"},"author":{"name":"La Sentinelle","@id":"https:\/\/lasentinelle.dz\/#\/schema\/person\/d865044e22e70a75174ce8bcad3acfb3"},"headline":"L\u2019Alg\u00e9rie fait le choix de ressources hydriques non-conventionnelles pour face \u00e0 la s\u00e9cheresse&nbsp;: Cap sur l\u2019\u00e9puration des eaux us\u00e9es","datePublished":"2023-07-02T21:36:44+00:00","dateModified":"2023-07-02T21:36:46+00:00","mainEntityOfPage":{"@id":"https:\/\/lasentinelle.dz\/index.php\/2023\/07\/02\/lalgerie-fait-le-choix-de-ressources-hydriques-non-conventionnelles-pour-face-a-la-secheresse-cap-sur-lepuration-des-eaux-usees\/"},"wordCount":835,"commentCount":0,"publisher":{"@id":"https:\/\/lasentinelle.dz\/#organization"},"image":{"@id":"https:\/\/lasentinelle.dz\/index.php\/2023\/07\/02\/lalgerie-fait-le-choix-de-ressources-hydriques-non-conventionnelles-pour-face-a-la-secheresse-cap-sur-lepuration-des-eaux-usees\/#primaryimage"},"thumbnailUrl":"https:\/\/lasentinelle.dz\/wp-content\/uploads\/2023\/07\/epuration.jpeg","articleSection":["\u00c0 la Une","Actualit\u00e9"],"inLanguage":"fr-FR","potentialAction":[{"@type":"CommentAction","name":"Comment","target":["https:\/\/lasentinelle.dz\/index.php\/2023\/07\/02\/lalgerie-fait-le-choix-de-ressources-hydriques-non-conventionnelles-pour-face-a-la-secheresse-cap-sur-lepuration-des-eaux-usees\/#respond"]}]},{"@type":"WebPage","@id":"https:\/\/lasentinelle.dz\/index.php\/2023\/07\/02\/lalgerie-fait-le-choix-de-ressources-hydriques-non-conventionnelles-pour-face-a-la-secheresse-cap-sur-lepuration-des-eaux-usees\/","url":"https:\/\/lasentinelle.dz\/index.php\/2023\/07\/02\/lalgerie-fait-le-choix-de-ressources-hydriques-non-conventionnelles-pour-face-a-la-secheresse-cap-sur-lepuration-des-eaux-usees\/","name":"L\u2019Alg\u00e9rie fait le choix de ressources hydriques non-conventionnelles pour face \u00e0 la s\u00e9cheresse&nbsp;: Cap sur l\u2019\u00e9puration des eaux us\u00e9es - La Sentinelle","isPartOf":{"@id":"https:\/\/lasentinelle.dz\/#website"},"primaryImageOfPage":{"@id":"https:\/\/lasentinelle.dz\/index.php\/2023\/07\/02\/lalgerie-fait-le-choix-de-ressources-hydriques-non-conventionnelles-pour-face-a-la-secheresse-cap-sur-lepuration-des-eaux-usees\/#primaryimage"},"image":{"@id":"https:\/\/lasentinelle.dz\/index.php\/2023\/07\/02\/lalgerie-fait-le-choix-de-ressources-hydriques-non-conventionnelles-pour-face-a-la-secheresse-cap-sur-lepuration-des-eaux-usees\/#primaryimage"},"thumbnailUrl":"https:\/\/lasentinelle.dz\/wp-content\/uploads\/2023\/07\/epuration.jpeg","datePublished":"2023-07-02T21:36:44+00:00","dateModified":"2023-07-02T21:36:46+00:00","breadcrumb":{"@id":"https:\/\/lasentinelle.dz\/index.php\/2023\/07\/02\/lalgerie-fait-le-choix-de-ressources-hydriques-non-conventionnelles-pour-face-a-la-secheresse-cap-sur-lepuration-des-eaux-usees\/#breadcrumb"},"inLanguage":"fr-FR","potentialAction":[{"@type":"ReadAction","target":["https:\/\/lasentinelle.dz\/index.php\/2023\/07\/02\/lalgerie-fait-le-choix-de-ressources-hydriques-non-conventionnelles-pour-face-a-la-secheresse-cap-sur-lepuration-des-eaux-usees\/"]}]},{"@type":"ImageObject","inLanguage":"fr-FR","@id":"https:\/\/lasentinelle.dz\/index.php\/2023\/07\/02\/lalgerie-fait-le-choix-de-ressources-hydriques-non-conventionnelles-pour-face-a-la-secheresse-cap-sur-lepuration-des-eaux-usees\/#primaryimage","url":"https:\/\/lasentinelle.dz\/wp-content\/uploads\/2023\/07\/epuration.jpeg","contentUrl":"https:\/\/lasentinelle.dz\/wp-content\/uploads\/2023\/07\/epuration.jpeg","width":900,"height":505},{"@type":"BreadcrumbList","@id":"https:\/\/lasentinelle.dz\/index.php\/2023\/07\/02\/lalgerie-fait-le-choix-de-ressources-hydriques-non-conventionnelles-pour-face-a-la-secheresse-cap-sur-lepuration-des-eaux-usees\/#breadcrumb","itemListElement":[{"@type":"ListItem","position":1,"name":"Accueil","item":"https:\/\/lasentinelle.dz\/"},{"@type":"ListItem","position":2,"name":"L\u2019Alg\u00e9rie fait le choix de ressources hydriques non-conventionnelles pour face \u00e0 la s\u00e9cheresse&nbsp;: Cap sur l\u2019\u00e9puration des eaux us\u00e9es"}]},{"@type":"WebSite","@id":"https:\/\/lasentinelle.dz\/#website","url":"https:\/\/lasentinelle.dz\/","name":"La Sentinelle","description":"Quotidien national d&#039;information","publisher":{"@id":"https:\/\/lasentinelle.dz\/#organization"},"potentialAction":[{"@type":"SearchAction","target":{"@type":"EntryPoint","urlTemplate":"https:\/\/lasentinelle.dz\/?s={search_term_string}"},"query-input":{"@type":"PropertyValueSpecification","valueRequired":true,"valueName":"search_term_string"}}],"inLanguage":"fr-FR"},{"@type":"Organization","@id":"https:\/\/lasentinelle.dz\/#organization","name":"Quotidien La Sentinelle","url":"https:\/\/lasentinelle.dz\/","logo":{"@type":"ImageObject","inLanguage":"fr-FR","@id":"https:\/\/lasentinelle.dz\/#\/schema\/logo\/image\/","url":"https:\/\/lasentinelle.dz\/wp-content\/uploads\/2021\/09\/logo-sentinelleSLOGAN-1.png","contentUrl":"https:\/\/lasentinelle.dz\/wp-content\/uploads\/2021\/09\/logo-sentinelleSLOGAN-1.png","width":615,"height":142,"caption":"Quotidien La Sentinelle"},"image":{"@id":"https:\/\/lasentinelle.dz\/#\/schema\/logo\/image\/"},"sameAs":["https:\/\/www.facebook.com\/La-Sentinelle-104059864394773"]},{"@type":"Person","@id":"https:\/\/lasentinelle.dz\/#\/schema\/person\/d865044e22e70a75174ce8bcad3acfb3","name":"La Sentinelle","image":{"@type":"ImageObject","inLanguage":"fr-FR","@id":"https:\/\/secure.gravatar.com\/avatar\/57de8e5d4b15d43fb361a71fbb36338450fe67865b528a43dd10ef7c51a20392?s=96&d=mm&r=g","url":"https:\/\/secure.gravatar.com\/avatar\/57de8e5d4b15d43fb361a71fbb36338450fe67865b528a43dd10ef7c51a20392?s=96&d=mm&r=g","contentUrl":"https:\/\/secure.gravatar.com\/avatar\/57de8e5d4b15d43fb361a71fbb36338450fe67865b528a43dd10ef7c51a20392?s=96&d=mm&r=g","caption":"La Sentinelle"},"sameAs":["http:\/\/www.lasentinelle.dz"],"url":"https:\/\/lasentinelle.dz\/author\/redaction\/"}]}},"_links":{"self":[{"href":"https:\/\/lasentinelle.dz\/index.php\/wp-json\/wp\/v2\/posts\/43216","targetHints":{"allow":["GET"]}}],"collection":[{"href":"https:\/\/lasentinelle.dz\/index.php\/wp-json\/wp\/v2\/posts"}],"about":[{"href":"https:\/\/lasentinelle.dz\/index.php\/wp-json\/wp\/v2\/types\/post"}],"author":[{"embeddable":true,"href":"https:\/\/lasentinelle.dz\/index.php\/wp-json\/wp\/v2\/users\/3"}],"replies":[{"embeddable":true,"href":"https:\/\/lasentinelle.dz\/index.php\/wp-json\/wp\/v2\/comments?post=43216"}],"version-history":[{"count":1,"href":"https:\/\/lasentinelle.dz\/index.php\/wp-json\/wp\/v2\/posts\/43216\/revisions"}],"predecessor-version":[{"id":43218,"href":"https:\/\/lasentinelle.dz\/index.php\/wp-json\/wp\/v2\/posts\/43216\/revisions\/43218"}],"wp:featuredmedia":[{"embeddable":true,"href":"https:\/\/lasentinelle.dz\/index.php\/wp-json\/wp\/v2\/media\/43217"}],"wp:attachment":[{"href":"https:\/\/lasentinelle.dz\/index.php\/wp-json\/wp\/v2\/media?parent=43216"}],"wp:term":[{"taxonomy":"category","embeddable":true,"href":"https:\/\/lasentinelle.dz\/index.php\/wp-json\/wp\/v2\/categories?post=43216"},{"taxonomy":"post_tag","embeddable":true,"href":"https:\/\/lasentinelle.dz\/index.php\/wp-json\/wp\/v2\/tags?post=43216"}],"curies":[{"name":"wp","href":"https:\/\/api.w.org\/{rel}","templated":true}]}}