{"id":43322,"date":"2023-07-08T22:27:14","date_gmt":"2023-07-08T21:27:14","guid":{"rendered":"https:\/\/lasentinelle.dz\/?p=43322"},"modified":"2023-07-08T22:27:16","modified_gmt":"2023-07-08T21:27:16","slug":"la-nouvelle-gare-maritime-livree-un-premier-navire-dalgerie-ferries-accoste-au-port-dannaba","status":"publish","type":"post","link":"https:\/\/lasentinelle.dz\/index.php\/2023\/07\/08\/la-nouvelle-gare-maritime-livree-un-premier-navire-dalgerie-ferries-accoste-au-port-dannaba\/","title":{"rendered":"La nouvelle gare maritime livr\u00e9e&nbsp;: Un premier navire d\u2019Alg\u00e9rie Ferries accoste au Port d\u2019Annaba"},"content":{"rendered":"\n<p>Au bonheur des ressortissants alg\u00e9riens \u00e9tablis en Europe, le premier ferry \u00ab&nbsp;El Djazair II&nbsp;\u00bb a accost\u00e9, vendredi, au Port d\u2019Annaba.<\/p>\n\n\n\n<p>La nouvelle gare maritime d\u2019Annaba a \u00e9t\u00e9 mise en service mercredi \u00e0 l\u2019occasion de la c\u00e9l\u00e9bration de la f\u00eate de l\u2019Ind\u00e9pendance et de la Jeunesse. Apr\u00e8s 5 ans de retard, la mise en service de ce projet structurant va permettre la reprise de la navigation maritime de et vers Annaba. La c\u00e9r\u00e9monie d\u2019inauguration de ce projet d\u2019importance capitale pour le transport maritime de voyageurs pour la r\u00e9gion Est du pays a \u00e9t\u00e9 marqu\u00e9e par la pr\u00e9sence de Djamel Eddine Berrimi,&nbsp; wali d\u2019Annaba accompagn\u00e9&nbsp; des autorit\u00e9s locales et du PDG du Groupe des services portuaires, Serport. D\u2019une capacit\u00e9 de traitement de plus de 200.000 voyageurs et 100.000 v\u00e9hicules, la nouvelle gare maritime a donn\u00e9 une autre touche de modernit\u00e9 \u00e0 la ville d\u2019Annaba. Notons que le premier ferry \u00ab&nbsp;El Djaza\u00efr II&nbsp;\u00bb de l\u2019Entreprise nationale de transport maritime des voyageurs (ENTMV), a accost\u00e9 vendredi au port d\u2019Annaba, en provenance de Marseille (France), transportant \u00e0 son bord 1.059 passagers de la communaut\u00e9 nationale \u00e9tablie \u00e0 l\u2019\u00e9tranger et&nbsp; plus de 277 v\u00e9hicules. Il est \u00e0 noter qu\u2019un changement dans la programmation d\u2019Alg\u00e9rie Ferries &nbsp;a \u00e9t\u00e9 op\u00e9r\u00e9 apr\u00e8s l\u2019inauguration de la gare maritime,&nbsp; la premi\u00e8re travers\u00e9e en direction du port d\u2019Annaba \u00e9tant initialement pr\u00e9vue pour le 14 juillet, \u00e0 partir du port de G\u00eanes en Italie et dont le navire de type Passenger&nbsp; \u2018\u2019Tariq Ibn Ziyad \u2018\u2019.&nbsp; Con\u00e7ue dans un style architectural moderne et dot\u00e9e des plus r\u00e9centes technologies pour traiter le mouvement des voyageurs, des v\u00e9hicules et des bagages dans de courts d\u00e9lais, la structure maritime a \u00e9t\u00e9 r\u00e9alis\u00e9e au titre d\u2019un investissement de l\u2019Entreprise portuaire d\u2019Annaba, relevant de Serport, de 6 milliards DA. La gare dont l\u2019ouverture a co\u00efncid\u00e9 avec la saison estivale et les visites des membres de la communaut\u00e9 nationale \u00e0 l\u2019\u00e9tranger, dispose de couloirs verts pour faciliter le mouvement des voyageurs notamment les familles et les personnes \u00e2g\u00e9es avec la mise en service de scanners de contr\u00f4le pour faciliter le transit et le contr\u00f4le des bagages et v\u00e9hicules. Outre les espaces r\u00e9serv\u00e9s au transit et contr\u00f4le douaniers, cette gare maritime de trois \u00e9tages dispose \u00e9galement d\u2019aires de services pour les voyageurs ainsi que d\u2019autres structures \u00e0 ouvrir au public dans les prochains mois dont un centre commercial conforme aux normes internationales, est-il not\u00e9.&nbsp; Rappelons que l\u2019ouverture de la gare maritime \u00e9tait initialement pr\u00e9vue pour l\u2019ann\u00e9e 2019, puis report\u00e9e au mois de janvier 2021, puis au m\u00eame mois de l\u2019ann\u00e9e 2022, et enfin au premier trimestre de l\u2019ann\u00e9e 2023. La nouvelle gare maritime d\u2019Annaba, tant attendue par la population locale a finalement \u00e9t\u00e9 livr\u00e9e en ce mois de juillet. Apr\u00e8s plusieurs ann\u00e9es de retard, cette structure commerciale et touristique, lanc\u00e9e en 2017, est consid\u00e9r\u00e9e comme un&nbsp; acquis important pour l\u2019\u00e9conomie locale et nationale. Elle&nbsp; va permettre le renforcement de la coop\u00e9ration maritime internationale en assurant le transport entre la wilaya d\u2019Annaba et les ports \u00e9trangers.&nbsp; S\u2019\u00e9tendant sur une surface de 8.000 m\u00e8tres carr\u00e9s, ce projet structurant aux normes internationales r\u00e9alis\u00e9 en forme de navire va contribuer&nbsp; \u00e0 valorisation du transport local. Au-del\u00e0, la nouvelle gare maritime&nbsp;&nbsp; vise \u00e0 dynamiser le secteur \u00e9conomique et touristique en augmentant les capacit\u00e9s du trafic touristique maritime, commercial et en cr\u00e9ant des emplois. En attendant de rattraper le manque \u00e0 gagner d\u00fb \u00e0 la suspension du trafic du port d\u2019Annaba, il est utile de souligner que d&rsquo;autres&nbsp; travaux devront encore \u00eatre&nbsp; r\u00e9alis\u00e9s notamment pour permettre&nbsp; l\u2019ouverture de l\u2019infrastructure maritime sur la ville et ses habitants. De nouveaux ouvrages d\u2019accostage seront aussi mis en exploitation pour r\u00e9pondre aux exigences du trafic maritime.<\/p>\n\n\n\n<p><strong>Sofia Chahine<\/strong><\/p>\n","protected":false},"excerpt":{"rendered":"<p>Au bonheur des ressortissants alg\u00e9riens \u00e9tablis en Europe, le premier ferry \u00ab&nbsp;El Djazair II&nbsp;\u00bb a accost\u00e9, vendredi, au Port d\u2019Annaba.<\/p>\n","protected":false},"author":3,"featured_media":43323,"comment_status":"open","ping_status":"closed","sticky":false,"template":"","format":"standard","meta":{"colormag_page_container_layout":"default_layout","colormag_page_sidebar_layout":"default_layout","om_disable_all_campaigns":false,"_monsterinsights_skip_tracking":false,"_monsterinsights_sitenote_active":false,"_monsterinsights_sitenote_note":"","_monsterinsights_sitenote_category":0,"footnotes":"","_wpscppro_dont_share_socialmedia":false,"_wpscppro_custom_social_share_image":0,"_facebook_share_type":"","_twitter_share_type":"","_linkedin_share_type":"","_pinterest_share_type":"","_linkedin_share_type_page":"","_instagram_share_type":"","_medium_share_type":"","_threads_share_type":"","_google_business_share_type":"","_selected_social_profile":[],"_wpsp_enable_custom_social_template":false,"_wpsp_social_scheduling":{"enabled":false,"datetime":null,"platforms":[],"status":"template_only","dateOption":"today","timeOption":"now","customDays":"","customHours":"","customDate":"","customTime":"","schedulingType":"absolute"},"_wpsp_active_default_template":true},"categories":[52,27],"tags":[],"class_list":["post-43322","post","type-post","status-publish","format-standard","has-post-thumbnail","hentry","category-a-la-une","category-actualite"],"aioseo_notices":[],"yoast_head":"<!-- This site is optimized with the Yoast SEO plugin v27.5 - https:\/\/yoast.com\/product\/yoast-seo-wordpress\/ -->\n<title>La nouvelle gare maritime livr\u00e9e&nbsp;: Un premier navire d\u2019Alg\u00e9rie Ferries accoste au Port d\u2019Annaba - La Sentinelle<\/title>\n<meta name=\"robots\" content=\"index, follow, max-snippet:-1, max-image-preview:large, max-video-preview:-1\" \/>\n<link rel=\"canonical\" href=\"https:\/\/lasentinelle.dz\/index.php\/2023\/07\/08\/la-nouvelle-gare-maritime-livree-un-premier-navire-dalgerie-ferries-accoste-au-port-dannaba\/\" \/>\n<meta property=\"og:locale\" content=\"fr_FR\" \/>\n<meta property=\"og:type\" content=\"article\" \/>\n<meta property=\"og:title\" content=\"La nouvelle gare maritime livr\u00e9e&nbsp;: Un premier navire d\u2019Alg\u00e9rie Ferries accoste au Port d\u2019Annaba - La Sentinelle\" \/>\n<meta property=\"og:description\" content=\"Au bonheur des ressortissants alg\u00e9riens \u00e9tablis en Europe, le premier ferry \u00ab&nbsp;El Djazair II&nbsp;\u00bb a accost\u00e9, vendredi, au Port d\u2019Annaba.\" \/>\n<meta property=\"og:url\" content=\"https:\/\/lasentinelle.dz\/index.php\/2023\/07\/08\/la-nouvelle-gare-maritime-livree-un-premier-navire-dalgerie-ferries-accoste-au-port-dannaba\/\" \/>\n<meta property=\"og:site_name\" content=\"La Sentinelle\" \/>\n<meta property=\"article:publisher\" content=\"https:\/\/www.facebook.com\/La-Sentinelle-104059864394773\" \/>\n<meta property=\"article:published_time\" content=\"2023-07-08T21:27:14+00:00\" \/>\n<meta property=\"article:modified_time\" content=\"2023-07-08T21:27:16+00:00\" \/>\n<meta property=\"og:image\" content=\"https:\/\/lasentinelle.dz\/wp-content\/uploads\/2023\/07\/ENTMV.jpeg\" \/>\n\t<meta property=\"og:image:width\" content=\"1280\" \/>\n\t<meta property=\"og:image:height\" content=\"853\" \/>\n\t<meta property=\"og:image:type\" content=\"image\/jpeg\" \/>\n<meta name=\"author\" content=\"La Sentinelle\" \/>\n<meta name=\"twitter:card\" content=\"summary_large_image\" \/>\n<meta name=\"twitter:label1\" content=\"\u00c9crit par\" \/>\n\t<meta name=\"twitter:data1\" content=\"La Sentinelle\" \/>\n\t<meta name=\"twitter:label2\" content=\"Dur\u00e9e de lecture estim\u00e9e\" \/>\n\t<meta name=\"twitter:data2\" content=\"4 minutes\" \/>\n<script type=\"application\/ld+json\" class=\"yoast-schema-graph\">{\"@context\":\"https:\\\/\\\/schema.org\",\"@graph\":[{\"@type\":\"Article\",\"@id\":\"https:\\\/\\\/lasentinelle.dz\\\/index.php\\\/2023\\\/07\\\/08\\\/la-nouvelle-gare-maritime-livree-un-premier-navire-dalgerie-ferries-accoste-au-port-dannaba\\\/#article\",\"isPartOf\":{\"@id\":\"https:\\\/\\\/lasentinelle.dz\\\/index.php\\\/2023\\\/07\\\/08\\\/la-nouvelle-gare-maritime-livree-un-premier-navire-dalgerie-ferries-accoste-au-port-dannaba\\\/\"},\"author\":{\"name\":\"La Sentinelle\",\"@id\":\"https:\\\/\\\/lasentinelle.dz\\\/#\\\/schema\\\/person\\\/d865044e22e70a75174ce8bcad3acfb3\"},\"headline\":\"La nouvelle gare maritime livr\u00e9e&nbsp;: Un premier navire d\u2019Alg\u00e9rie Ferries accoste au Port d\u2019Annaba\",\"datePublished\":\"2023-07-08T21:27:14+00:00\",\"dateModified\":\"2023-07-08T21:27:16+00:00\",\"mainEntityOfPage\":{\"@id\":\"https:\\\/\\\/lasentinelle.dz\\\/index.php\\\/2023\\\/07\\\/08\\\/la-nouvelle-gare-maritime-livree-un-premier-navire-dalgerie-ferries-accoste-au-port-dannaba\\\/\"},\"wordCount\":715,\"commentCount\":0,\"publisher\":{\"@id\":\"https:\\\/\\\/lasentinelle.dz\\\/#organization\"},\"image\":{\"@id\":\"https:\\\/\\\/lasentinelle.dz\\\/index.php\\\/2023\\\/07\\\/08\\\/la-nouvelle-gare-maritime-livree-un-premier-navire-dalgerie-ferries-accoste-au-port-dannaba\\\/#primaryimage\"},\"thumbnailUrl\":\"https:\\\/\\\/lasentinelle.dz\\\/wp-content\\\/uploads\\\/2023\\\/07\\\/ENTMV.jpeg\",\"articleSection\":[\"\u00c0 la Une\",\"Actualit\u00e9\"],\"inLanguage\":\"fr-FR\",\"potentialAction\":[{\"@type\":\"CommentAction\",\"name\":\"Comment\",\"target\":[\"https:\\\/\\\/lasentinelle.dz\\\/index.php\\\/2023\\\/07\\\/08\\\/la-nouvelle-gare-maritime-livree-un-premier-navire-dalgerie-ferries-accoste-au-port-dannaba\\\/#respond\"]}]},{\"@type\":\"WebPage\",\"@id\":\"https:\\\/\\\/lasentinelle.dz\\\/index.php\\\/2023\\\/07\\\/08\\\/la-nouvelle-gare-maritime-livree-un-premier-navire-dalgerie-ferries-accoste-au-port-dannaba\\\/\",\"url\":\"https:\\\/\\\/lasentinelle.dz\\\/index.php\\\/2023\\\/07\\\/08\\\/la-nouvelle-gare-maritime-livree-un-premier-navire-dalgerie-ferries-accoste-au-port-dannaba\\\/\",\"name\":\"La nouvelle gare maritime livr\u00e9e&nbsp;: Un premier navire d\u2019Alg\u00e9rie Ferries accoste au Port d\u2019Annaba - La Sentinelle\",\"isPartOf\":{\"@id\":\"https:\\\/\\\/lasentinelle.dz\\\/#website\"},\"primaryImageOfPage\":{\"@id\":\"https:\\\/\\\/lasentinelle.dz\\\/index.php\\\/2023\\\/07\\\/08\\\/la-nouvelle-gare-maritime-livree-un-premier-navire-dalgerie-ferries-accoste-au-port-dannaba\\\/#primaryimage\"},\"image\":{\"@id\":\"https:\\\/\\\/lasentinelle.dz\\\/index.php\\\/2023\\\/07\\\/08\\\/la-nouvelle-gare-maritime-livree-un-premier-navire-dalgerie-ferries-accoste-au-port-dannaba\\\/#primaryimage\"},\"thumbnailUrl\":\"https:\\\/\\\/lasentinelle.dz\\\/wp-content\\\/uploads\\\/2023\\\/07\\\/ENTMV.jpeg\",\"datePublished\":\"2023-07-08T21:27:14+00:00\",\"dateModified\":\"2023-07-08T21:27:16+00:00\",\"breadcrumb\":{\"@id\":\"https:\\\/\\\/lasentinelle.dz\\\/index.php\\\/2023\\\/07\\\/08\\\/la-nouvelle-gare-maritime-livree-un-premier-navire-dalgerie-ferries-accoste-au-port-dannaba\\\/#breadcrumb\"},\"inLanguage\":\"fr-FR\",\"potentialAction\":[{\"@type\":\"ReadAction\",\"target\":[\"https:\\\/\\\/lasentinelle.dz\\\/index.php\\\/2023\\\/07\\\/08\\\/la-nouvelle-gare-maritime-livree-un-premier-navire-dalgerie-ferries-accoste-au-port-dannaba\\\/\"]}]},{\"@type\":\"ImageObject\",\"inLanguage\":\"fr-FR\",\"@id\":\"https:\\\/\\\/lasentinelle.dz\\\/index.php\\\/2023\\\/07\\\/08\\\/la-nouvelle-gare-maritime-livree-un-premier-navire-dalgerie-ferries-accoste-au-port-dannaba\\\/#primaryimage\",\"url\":\"https:\\\/\\\/lasentinelle.dz\\\/wp-content\\\/uploads\\\/2023\\\/07\\\/ENTMV.jpeg\",\"contentUrl\":\"https:\\\/\\\/lasentinelle.dz\\\/wp-content\\\/uploads\\\/2023\\\/07\\\/ENTMV.jpeg\",\"width\":1280,\"height\":853},{\"@type\":\"BreadcrumbList\",\"@id\":\"https:\\\/\\\/lasentinelle.dz\\\/index.php\\\/2023\\\/07\\\/08\\\/la-nouvelle-gare-maritime-livree-un-premier-navire-dalgerie-ferries-accoste-au-port-dannaba\\\/#breadcrumb\",\"itemListElement\":[{\"@type\":\"ListItem\",\"position\":1,\"name\":\"Accueil\",\"item\":\"https:\\\/\\\/lasentinelle.dz\\\/\"},{\"@type\":\"ListItem\",\"position\":2,\"name\":\"La nouvelle gare maritime livr\u00e9e&nbsp;: Un premier navire d\u2019Alg\u00e9rie Ferries accoste au Port d\u2019Annaba\"}]},{\"@type\":\"WebSite\",\"@id\":\"https:\\\/\\\/lasentinelle.dz\\\/#website\",\"url\":\"https:\\\/\\\/lasentinelle.dz\\\/\",\"name\":\"La Sentinelle\",\"description\":\"Quotidien national d&#039;information\",\"publisher\":{\"@id\":\"https:\\\/\\\/lasentinelle.dz\\\/#organization\"},\"potentialAction\":[{\"@type\":\"SearchAction\",\"target\":{\"@type\":\"EntryPoint\",\"urlTemplate\":\"https:\\\/\\\/lasentinelle.dz\\\/?s={search_term_string}\"},\"query-input\":{\"@type\":\"PropertyValueSpecification\",\"valueRequired\":true,\"valueName\":\"search_term_string\"}}],\"inLanguage\":\"fr-FR\"},{\"@type\":\"Organization\",\"@id\":\"https:\\\/\\\/lasentinelle.dz\\\/#organization\",\"name\":\"Quotidien La Sentinelle\",\"url\":\"https:\\\/\\\/lasentinelle.dz\\\/\",\"logo\":{\"@type\":\"ImageObject\",\"inLanguage\":\"fr-FR\",\"@id\":\"https:\\\/\\\/lasentinelle.dz\\\/#\\\/schema\\\/logo\\\/image\\\/\",\"url\":\"https:\\\/\\\/lasentinelle.dz\\\/wp-content\\\/uploads\\\/2021\\\/09\\\/logo-sentinelleSLOGAN-1.png\",\"contentUrl\":\"https:\\\/\\\/lasentinelle.dz\\\/wp-content\\\/uploads\\\/2021\\\/09\\\/logo-sentinelleSLOGAN-1.png\",\"width\":615,\"height\":142,\"caption\":\"Quotidien La Sentinelle\"},\"image\":{\"@id\":\"https:\\\/\\\/lasentinelle.dz\\\/#\\\/schema\\\/logo\\\/image\\\/\"},\"sameAs\":[\"https:\\\/\\\/www.facebook.com\\\/La-Sentinelle-104059864394773\"]},{\"@type\":\"Person\",\"@id\":\"https:\\\/\\\/lasentinelle.dz\\\/#\\\/schema\\\/person\\\/d865044e22e70a75174ce8bcad3acfb3\",\"name\":\"La Sentinelle\",\"image\":{\"@type\":\"ImageObject\",\"inLanguage\":\"fr-FR\",\"@id\":\"https:\\\/\\\/secure.gravatar.com\\\/avatar\\\/57de8e5d4b15d43fb361a71fbb36338450fe67865b528a43dd10ef7c51a20392?s=96&d=mm&r=g\",\"url\":\"https:\\\/\\\/secure.gravatar.com\\\/avatar\\\/57de8e5d4b15d43fb361a71fbb36338450fe67865b528a43dd10ef7c51a20392?s=96&d=mm&r=g\",\"contentUrl\":\"https:\\\/\\\/secure.gravatar.com\\\/avatar\\\/57de8e5d4b15d43fb361a71fbb36338450fe67865b528a43dd10ef7c51a20392?s=96&d=mm&r=g\",\"caption\":\"La Sentinelle\"},\"sameAs\":[\"http:\\\/\\\/www.lasentinelle.dz\"],\"url\":\"https:\\\/\\\/lasentinelle.dz\\\/author\\\/redaction\\\/\"}]}<\/script>\n<!-- \/ Yoast SEO plugin. -->","yoast_head_json":{"title":"La nouvelle gare maritime livr\u00e9e&nbsp;: Un premier navire d\u2019Alg\u00e9rie Ferries accoste au Port d\u2019Annaba - La Sentinelle","robots":{"index":"index","follow":"follow","max-snippet":"max-snippet:-1","max-image-preview":"max-image-preview:large","max-video-preview":"max-video-preview:-1"},"canonical":"https:\/\/lasentinelle.dz\/index.php\/2023\/07\/08\/la-nouvelle-gare-maritime-livree-un-premier-navire-dalgerie-ferries-accoste-au-port-dannaba\/","og_locale":"fr_FR","og_type":"article","og_title":"La nouvelle gare maritime livr\u00e9e&nbsp;: Un premier navire d\u2019Alg\u00e9rie Ferries accoste au Port d\u2019Annaba - La Sentinelle","og_description":"Au bonheur des ressortissants alg\u00e9riens \u00e9tablis en Europe, le premier ferry \u00ab&nbsp;El Djazair II&nbsp;\u00bb a accost\u00e9, vendredi, au Port d\u2019Annaba.","og_url":"https:\/\/lasentinelle.dz\/index.php\/2023\/07\/08\/la-nouvelle-gare-maritime-livree-un-premier-navire-dalgerie-ferries-accoste-au-port-dannaba\/","og_site_name":"La Sentinelle","article_publisher":"https:\/\/www.facebook.com\/La-Sentinelle-104059864394773","article_published_time":"2023-07-08T21:27:14+00:00","article_modified_time":"2023-07-08T21:27:16+00:00","og_image":[{"width":1280,"height":853,"url":"https:\/\/lasentinelle.dz\/wp-content\/uploads\/2023\/07\/ENTMV.jpeg","type":"image\/jpeg"}],"author":"La Sentinelle","twitter_card":"summary_large_image","twitter_misc":{"\u00c9crit par":"La Sentinelle","Dur\u00e9e de lecture estim\u00e9e":"4 minutes"},"schema":{"@context":"https:\/\/schema.org","@graph":[{"@type":"Article","@id":"https:\/\/lasentinelle.dz\/index.php\/2023\/07\/08\/la-nouvelle-gare-maritime-livree-un-premier-navire-dalgerie-ferries-accoste-au-port-dannaba\/#article","isPartOf":{"@id":"https:\/\/lasentinelle.dz\/index.php\/2023\/07\/08\/la-nouvelle-gare-maritime-livree-un-premier-navire-dalgerie-ferries-accoste-au-port-dannaba\/"},"author":{"name":"La Sentinelle","@id":"https:\/\/lasentinelle.dz\/#\/schema\/person\/d865044e22e70a75174ce8bcad3acfb3"},"headline":"La nouvelle gare maritime livr\u00e9e&nbsp;: Un premier navire d\u2019Alg\u00e9rie Ferries accoste au Port d\u2019Annaba","datePublished":"2023-07-08T21:27:14+00:00","dateModified":"2023-07-08T21:27:16+00:00","mainEntityOfPage":{"@id":"https:\/\/lasentinelle.dz\/index.php\/2023\/07\/08\/la-nouvelle-gare-maritime-livree-un-premier-navire-dalgerie-ferries-accoste-au-port-dannaba\/"},"wordCount":715,"commentCount":0,"publisher":{"@id":"https:\/\/lasentinelle.dz\/#organization"},"image":{"@id":"https:\/\/lasentinelle.dz\/index.php\/2023\/07\/08\/la-nouvelle-gare-maritime-livree-un-premier-navire-dalgerie-ferries-accoste-au-port-dannaba\/#primaryimage"},"thumbnailUrl":"https:\/\/lasentinelle.dz\/wp-content\/uploads\/2023\/07\/ENTMV.jpeg","articleSection":["\u00c0 la Une","Actualit\u00e9"],"inLanguage":"fr-FR","potentialAction":[{"@type":"CommentAction","name":"Comment","target":["https:\/\/lasentinelle.dz\/index.php\/2023\/07\/08\/la-nouvelle-gare-maritime-livree-un-premier-navire-dalgerie-ferries-accoste-au-port-dannaba\/#respond"]}]},{"@type":"WebPage","@id":"https:\/\/lasentinelle.dz\/index.php\/2023\/07\/08\/la-nouvelle-gare-maritime-livree-un-premier-navire-dalgerie-ferries-accoste-au-port-dannaba\/","url":"https:\/\/lasentinelle.dz\/index.php\/2023\/07\/08\/la-nouvelle-gare-maritime-livree-un-premier-navire-dalgerie-ferries-accoste-au-port-dannaba\/","name":"La nouvelle gare maritime livr\u00e9e&nbsp;: Un premier navire d\u2019Alg\u00e9rie Ferries accoste au Port d\u2019Annaba - La Sentinelle","isPartOf":{"@id":"https:\/\/lasentinelle.dz\/#website"},"primaryImageOfPage":{"@id":"https:\/\/lasentinelle.dz\/index.php\/2023\/07\/08\/la-nouvelle-gare-maritime-livree-un-premier-navire-dalgerie-ferries-accoste-au-port-dannaba\/#primaryimage"},"image":{"@id":"https:\/\/lasentinelle.dz\/index.php\/2023\/07\/08\/la-nouvelle-gare-maritime-livree-un-premier-navire-dalgerie-ferries-accoste-au-port-dannaba\/#primaryimage"},"thumbnailUrl":"https:\/\/lasentinelle.dz\/wp-content\/uploads\/2023\/07\/ENTMV.jpeg","datePublished":"2023-07-08T21:27:14+00:00","dateModified":"2023-07-08T21:27:16+00:00","breadcrumb":{"@id":"https:\/\/lasentinelle.dz\/index.php\/2023\/07\/08\/la-nouvelle-gare-maritime-livree-un-premier-navire-dalgerie-ferries-accoste-au-port-dannaba\/#breadcrumb"},"inLanguage":"fr-FR","potentialAction":[{"@type":"ReadAction","target":["https:\/\/lasentinelle.dz\/index.php\/2023\/07\/08\/la-nouvelle-gare-maritime-livree-un-premier-navire-dalgerie-ferries-accoste-au-port-dannaba\/"]}]},{"@type":"ImageObject","inLanguage":"fr-FR","@id":"https:\/\/lasentinelle.dz\/index.php\/2023\/07\/08\/la-nouvelle-gare-maritime-livree-un-premier-navire-dalgerie-ferries-accoste-au-port-dannaba\/#primaryimage","url":"https:\/\/lasentinelle.dz\/wp-content\/uploads\/2023\/07\/ENTMV.jpeg","contentUrl":"https:\/\/lasentinelle.dz\/wp-content\/uploads\/2023\/07\/ENTMV.jpeg","width":1280,"height":853},{"@type":"BreadcrumbList","@id":"https:\/\/lasentinelle.dz\/index.php\/2023\/07\/08\/la-nouvelle-gare-maritime-livree-un-premier-navire-dalgerie-ferries-accoste-au-port-dannaba\/#breadcrumb","itemListElement":[{"@type":"ListItem","position":1,"name":"Accueil","item":"https:\/\/lasentinelle.dz\/"},{"@type":"ListItem","position":2,"name":"La nouvelle gare maritime livr\u00e9e&nbsp;: Un premier navire d\u2019Alg\u00e9rie Ferries accoste au Port d\u2019Annaba"}]},{"@type":"WebSite","@id":"https:\/\/lasentinelle.dz\/#website","url":"https:\/\/lasentinelle.dz\/","name":"La Sentinelle","description":"Quotidien national d&#039;information","publisher":{"@id":"https:\/\/lasentinelle.dz\/#organization"},"potentialAction":[{"@type":"SearchAction","target":{"@type":"EntryPoint","urlTemplate":"https:\/\/lasentinelle.dz\/?s={search_term_string}"},"query-input":{"@type":"PropertyValueSpecification","valueRequired":true,"valueName":"search_term_string"}}],"inLanguage":"fr-FR"},{"@type":"Organization","@id":"https:\/\/lasentinelle.dz\/#organization","name":"Quotidien La Sentinelle","url":"https:\/\/lasentinelle.dz\/","logo":{"@type":"ImageObject","inLanguage":"fr-FR","@id":"https:\/\/lasentinelle.dz\/#\/schema\/logo\/image\/","url":"https:\/\/lasentinelle.dz\/wp-content\/uploads\/2021\/09\/logo-sentinelleSLOGAN-1.png","contentUrl":"https:\/\/lasentinelle.dz\/wp-content\/uploads\/2021\/09\/logo-sentinelleSLOGAN-1.png","width":615,"height":142,"caption":"Quotidien La Sentinelle"},"image":{"@id":"https:\/\/lasentinelle.dz\/#\/schema\/logo\/image\/"},"sameAs":["https:\/\/www.facebook.com\/La-Sentinelle-104059864394773"]},{"@type":"Person","@id":"https:\/\/lasentinelle.dz\/#\/schema\/person\/d865044e22e70a75174ce8bcad3acfb3","name":"La Sentinelle","image":{"@type":"ImageObject","inLanguage":"fr-FR","@id":"https:\/\/secure.gravatar.com\/avatar\/57de8e5d4b15d43fb361a71fbb36338450fe67865b528a43dd10ef7c51a20392?s=96&d=mm&r=g","url":"https:\/\/secure.gravatar.com\/avatar\/57de8e5d4b15d43fb361a71fbb36338450fe67865b528a43dd10ef7c51a20392?s=96&d=mm&r=g","contentUrl":"https:\/\/secure.gravatar.com\/avatar\/57de8e5d4b15d43fb361a71fbb36338450fe67865b528a43dd10ef7c51a20392?s=96&d=mm&r=g","caption":"La Sentinelle"},"sameAs":["http:\/\/www.lasentinelle.dz"],"url":"https:\/\/lasentinelle.dz\/author\/redaction\/"}]}},"_links":{"self":[{"href":"https:\/\/lasentinelle.dz\/index.php\/wp-json\/wp\/v2\/posts\/43322","targetHints":{"allow":["GET"]}}],"collection":[{"href":"https:\/\/lasentinelle.dz\/index.php\/wp-json\/wp\/v2\/posts"}],"about":[{"href":"https:\/\/lasentinelle.dz\/index.php\/wp-json\/wp\/v2\/types\/post"}],"author":[{"embeddable":true,"href":"https:\/\/lasentinelle.dz\/index.php\/wp-json\/wp\/v2\/users\/3"}],"replies":[{"embeddable":true,"href":"https:\/\/lasentinelle.dz\/index.php\/wp-json\/wp\/v2\/comments?post=43322"}],"version-history":[{"count":1,"href":"https:\/\/lasentinelle.dz\/index.php\/wp-json\/wp\/v2\/posts\/43322\/revisions"}],"predecessor-version":[{"id":43324,"href":"https:\/\/lasentinelle.dz\/index.php\/wp-json\/wp\/v2\/posts\/43322\/revisions\/43324"}],"wp:featuredmedia":[{"embeddable":true,"href":"https:\/\/lasentinelle.dz\/index.php\/wp-json\/wp\/v2\/media\/43323"}],"wp:attachment":[{"href":"https:\/\/lasentinelle.dz\/index.php\/wp-json\/wp\/v2\/media?parent=43322"}],"wp:term":[{"taxonomy":"category","embeddable":true,"href":"https:\/\/lasentinelle.dz\/index.php\/wp-json\/wp\/v2\/categories?post=43322"},{"taxonomy":"post_tag","embeddable":true,"href":"https:\/\/lasentinelle.dz\/index.php\/wp-json\/wp\/v2\/tags?post=43322"}],"curies":[{"name":"wp","href":"https:\/\/api.w.org\/{rel}","templated":true}]}}