{"id":43374,"date":"2023-07-09T22:10:54","date_gmt":"2023-07-09T21:10:54","guid":{"rendered":"https:\/\/lasentinelle.dz\/?p=43374"},"modified":"2023-07-09T22:10:56","modified_gmt":"2023-07-09T21:10:56","slug":"lutte-contre-le-blanchiment-dargent-et-le-financement-du-terrorisme-le-nouveau-dispositif-explicite","status":"publish","type":"post","link":"https:\/\/lasentinelle.dz\/index.php\/2023\/07\/09\/lutte-contre-le-blanchiment-dargent-et-le-financement-du-terrorisme-le-nouveau-dispositif-explicite\/","title":{"rendered":"Lutte contre le blanchiment d\u2019argent et le financement du terrorisme&nbsp;: Le nouveau dispositif explicit\u00e9"},"content":{"rendered":"\n<p>Une journ\u00e9e d&rsquo;\u00e9tude organis\u00e9e, hier, par la Cour d\u2019Alger sur les m\u00e9canismes de lutte contre le blanchiment d\u2019argent. Lors de l\u2019\u00e9v\u00e9nement auquel ont pris part des magistrats sp\u00e9cialis\u00e9s, des avocats et des officiers de la police judiciaire, ainsi que des enseignants universitaires, le juge d&rsquo;instruction pr\u00e8s le tribunal de Rouiba, Yacine China, a abord\u00e9 les nouvelles dispositions relatives aux crimes de blanchiment d&rsquo;argent et de financement du terrorisme pr\u00e9vues par la loi 23-01 sur la pr\u00e9vention et la lutte contre le blanchiment d&rsquo;argent et le financement du terrorisme. L\u2019intervenant a soulign\u00e9 que le l\u00e9gislateur alg\u00e9rien a introduit de nouvelles modifications sur le texte dans le but de pr\u00e9venir et de combattre ce crime de mani\u00e8re plus efficace.<\/p>\n\n\n\n<p>Concernant les transactions financi\u00e8res, le magistrat a soulign\u00e9 la n\u00e9cessit\u00e9 de \u00ab faire preuve de vigilance en surveillant de pr\u00e8s les op\u00e9rations effectu\u00e9es, en mettant \u00e0 jour les informations les concernant et en conservant tous les documents et registres pendant au moins 5 ans \u00bb. Dans le m\u00eame contexte, le juge d&rsquo;instruction du p\u00f4le p\u00e9nal \u00e9conomique et financier sp\u00e9cialis\u00e9, Abdelmoumene Mouissi, indiquera que la nouvelle proc\u00e9dure consistant en une enqu\u00eate financi\u00e8re parall\u00e8le \u00e0 l&rsquo;enqu\u00eate p\u00e9nale \u00ab a permis de d\u00e9terminer les mouvements de l&rsquo;accus\u00e9 et les fonds utilis\u00e9s dans le crime, ainsi que de rechercher les biens immobiliers de l&rsquo;accus\u00e9, les d\u00e9clarations de soup\u00e7ons et les comptes bancaires et postaux \u00bb. \u00ab Cela a permis de geler et de confisquer les fonds au niveau national, et au niveau international en utilisant la coop\u00e9ration judiciaire internationale pour poursuivre l&rsquo;enqu\u00eate par le biais de commissions rogatoires internationales \u00bb, ajoutera Mouissi.<\/p>\n\n\n\n<p>De son c\u00f4t\u00e9, le juge d&rsquo;instruction pr\u00e8s le tribunal d\u2019El Harrach, Mohamed Seddik Riache, a en avant l\u2019effet des conventions internationales relatives au blanchiment d&rsquo;argent et au financement du terrorisme, telles que la Convention de Vienne de 1988 sur la lutte contre les stup\u00e9fiants, qui, selon lui, a \u00e9t\u00e9 une \u00ab \u00e9tape importante qui refl\u00e8te la conviction de la communaut\u00e9 internationale de la n\u00e9cessit\u00e9 de lutter contre le blanchiment d&rsquo;argent \u00bb. Il a soulign\u00e9 que chaque pays \u00ab doit consid\u00e9rer le financement du terrorisme comme un crime p\u00e9nal en vertu de ses lois internes et le punir par des sanctions appropri\u00e9es en tenant compte de sa gravit\u00e9, en plus de prendre les mesures n\u00e9cessaires pour d\u00e9tecter, geler ou confisquer tout fonds utilis\u00e9 pour financer le terrorisme, en obligeant les institutions financi\u00e8res \u00e0 v\u00e9rifier l&rsquo;identit\u00e9 de leurs clients et \u00e0 interdire l&rsquo;ouverture de comptes pour des personnes non identifi\u00e9es \u00bb. Des recommandations ont \u00e9t\u00e9 formul\u00e9es par les participants au terme de cette journ\u00e9e d&rsquo;\u00e9tude. Les participants ont recommand\u00e9 de recourir aux outils de num\u00e9risation modernes dans le domaine de la lutte contre ce type de crimes, tout en formant tous les acteurs de ce domaine.<\/p>\n\n\n\n<p><strong>Hocine Fadheli<\/strong><\/p>\n","protected":false},"excerpt":{"rendered":"<p>Une journ\u00e9e d&rsquo;\u00e9tude organis\u00e9e, hier, par la Cour d\u2019Alger sur les m\u00e9canismes de lutte contre le blanchiment d\u2019argent. Lors de<\/p>\n","protected":false},"author":3,"featured_media":26458,"comment_status":"open","ping_status":"closed","sticky":false,"template":"","format":"standard","meta":{"colormag_page_container_layout":"default_layout","colormag_page_sidebar_layout":"default_layout","om_disable_all_campaigns":false,"_monsterinsights_skip_tracking":false,"_monsterinsights_sitenote_active":false,"_monsterinsights_sitenote_note":"","_monsterinsights_sitenote_category":0,"footnotes":"","_wpscppro_dont_share_socialmedia":false,"_wpscppro_custom_social_share_image":0,"_facebook_share_type":"","_twitter_share_type":"","_linkedin_share_type":"","_pinterest_share_type":"","_linkedin_share_type_page":"","_instagram_share_type":"","_medium_share_type":"","_threads_share_type":"","_google_business_share_type":"","_selected_social_profile":[],"_wpsp_enable_custom_social_template":false,"_wpsp_social_scheduling":{"enabled":false,"datetime":null,"platforms":[],"status":"template_only","dateOption":"today","timeOption":"now","customDays":"","customHours":"","customDate":"","customTime":"","schedulingType":"absolute"},"_wpsp_active_default_template":true},"categories":[27],"tags":[],"class_list":["post-43374","post","type-post","status-publish","format-standard","has-post-thumbnail","hentry","category-actualite"],"aioseo_notices":[],"yoast_head":"<!-- This site is optimized with the Yoast SEO plugin v27.5 - https:\/\/yoast.com\/product\/yoast-seo-wordpress\/ -->\n<title>Lutte contre le blanchiment d\u2019argent et le financement du terrorisme&nbsp;: Le nouveau dispositif explicit\u00e9 - La Sentinelle<\/title>\n<meta name=\"robots\" content=\"index, follow, max-snippet:-1, max-image-preview:large, max-video-preview:-1\" \/>\n<link rel=\"canonical\" href=\"https:\/\/lasentinelle.dz\/index.php\/2023\/07\/09\/lutte-contre-le-blanchiment-dargent-et-le-financement-du-terrorisme-le-nouveau-dispositif-explicite\/\" \/>\n<meta property=\"og:locale\" content=\"fr_FR\" \/>\n<meta property=\"og:type\" content=\"article\" \/>\n<meta property=\"og:title\" content=\"Lutte contre le blanchiment d\u2019argent et le financement du terrorisme&nbsp;: Le nouveau dispositif explicit\u00e9 - La Sentinelle\" \/>\n<meta property=\"og:description\" content=\"Une journ\u00e9e d&rsquo;\u00e9tude organis\u00e9e, hier, par la Cour d\u2019Alger sur les m\u00e9canismes de lutte contre le blanchiment d\u2019argent. Lors de\" \/>\n<meta property=\"og:url\" content=\"https:\/\/lasentinelle.dz\/index.php\/2023\/07\/09\/lutte-contre-le-blanchiment-dargent-et-le-financement-du-terrorisme-le-nouveau-dispositif-explicite\/\" \/>\n<meta property=\"og:site_name\" content=\"La Sentinelle\" \/>\n<meta property=\"article:publisher\" content=\"https:\/\/www.facebook.com\/La-Sentinelle-104059864394773\" \/>\n<meta property=\"article:published_time\" content=\"2023-07-09T21:10:54+00:00\" \/>\n<meta property=\"article:modified_time\" content=\"2023-07-09T21:10:56+00:00\" \/>\n<meta property=\"og:image\" content=\"https:\/\/lasentinelle.dz\/wp-content\/uploads\/2022\/08\/Justice-2.png\" \/>\n\t<meta property=\"og:image:width\" content=\"1600\" \/>\n\t<meta property=\"og:image:height\" content=\"900\" \/>\n\t<meta property=\"og:image:type\" content=\"image\/png\" \/>\n<meta name=\"author\" content=\"La Sentinelle\" \/>\n<meta name=\"twitter:card\" content=\"summary_large_image\" \/>\n<meta name=\"twitter:label1\" content=\"\u00c9crit par\" \/>\n\t<meta name=\"twitter:data1\" content=\"La Sentinelle\" \/>\n\t<meta name=\"twitter:label2\" content=\"Dur\u00e9e de lecture estim\u00e9e\" \/>\n\t<meta name=\"twitter:data2\" content=\"3 minutes\" \/>\n<script type=\"application\/ld+json\" class=\"yoast-schema-graph\">{\"@context\":\"https:\\\/\\\/schema.org\",\"@graph\":[{\"@type\":\"Article\",\"@id\":\"https:\\\/\\\/lasentinelle.dz\\\/index.php\\\/2023\\\/07\\\/09\\\/lutte-contre-le-blanchiment-dargent-et-le-financement-du-terrorisme-le-nouveau-dispositif-explicite\\\/#article\",\"isPartOf\":{\"@id\":\"https:\\\/\\\/lasentinelle.dz\\\/index.php\\\/2023\\\/07\\\/09\\\/lutte-contre-le-blanchiment-dargent-et-le-financement-du-terrorisme-le-nouveau-dispositif-explicite\\\/\"},\"author\":{\"name\":\"La Sentinelle\",\"@id\":\"https:\\\/\\\/lasentinelle.dz\\\/#\\\/schema\\\/person\\\/d865044e22e70a75174ce8bcad3acfb3\"},\"headline\":\"Lutte contre le blanchiment d\u2019argent et le financement du terrorisme&nbsp;: Le nouveau dispositif explicit\u00e9\",\"datePublished\":\"2023-07-09T21:10:54+00:00\",\"dateModified\":\"2023-07-09T21:10:56+00:00\",\"mainEntityOfPage\":{\"@id\":\"https:\\\/\\\/lasentinelle.dz\\\/index.php\\\/2023\\\/07\\\/09\\\/lutte-contre-le-blanchiment-dargent-et-le-financement-du-terrorisme-le-nouveau-dispositif-explicite\\\/\"},\"wordCount\":532,\"commentCount\":0,\"publisher\":{\"@id\":\"https:\\\/\\\/lasentinelle.dz\\\/#organization\"},\"image\":{\"@id\":\"https:\\\/\\\/lasentinelle.dz\\\/index.php\\\/2023\\\/07\\\/09\\\/lutte-contre-le-blanchiment-dargent-et-le-financement-du-terrorisme-le-nouveau-dispositif-explicite\\\/#primaryimage\"},\"thumbnailUrl\":\"https:\\\/\\\/lasentinelle.dz\\\/wp-content\\\/uploads\\\/2022\\\/08\\\/Justice-2.png\",\"articleSection\":[\"Actualit\u00e9\"],\"inLanguage\":\"fr-FR\",\"potentialAction\":[{\"@type\":\"CommentAction\",\"name\":\"Comment\",\"target\":[\"https:\\\/\\\/lasentinelle.dz\\\/index.php\\\/2023\\\/07\\\/09\\\/lutte-contre-le-blanchiment-dargent-et-le-financement-du-terrorisme-le-nouveau-dispositif-explicite\\\/#respond\"]}]},{\"@type\":\"WebPage\",\"@id\":\"https:\\\/\\\/lasentinelle.dz\\\/index.php\\\/2023\\\/07\\\/09\\\/lutte-contre-le-blanchiment-dargent-et-le-financement-du-terrorisme-le-nouveau-dispositif-explicite\\\/\",\"url\":\"https:\\\/\\\/lasentinelle.dz\\\/index.php\\\/2023\\\/07\\\/09\\\/lutte-contre-le-blanchiment-dargent-et-le-financement-du-terrorisme-le-nouveau-dispositif-explicite\\\/\",\"name\":\"Lutte contre le blanchiment d\u2019argent et le financement du terrorisme&nbsp;: Le nouveau dispositif explicit\u00e9 - La Sentinelle\",\"isPartOf\":{\"@id\":\"https:\\\/\\\/lasentinelle.dz\\\/#website\"},\"primaryImageOfPage\":{\"@id\":\"https:\\\/\\\/lasentinelle.dz\\\/index.php\\\/2023\\\/07\\\/09\\\/lutte-contre-le-blanchiment-dargent-et-le-financement-du-terrorisme-le-nouveau-dispositif-explicite\\\/#primaryimage\"},\"image\":{\"@id\":\"https:\\\/\\\/lasentinelle.dz\\\/index.php\\\/2023\\\/07\\\/09\\\/lutte-contre-le-blanchiment-dargent-et-le-financement-du-terrorisme-le-nouveau-dispositif-explicite\\\/#primaryimage\"},\"thumbnailUrl\":\"https:\\\/\\\/lasentinelle.dz\\\/wp-content\\\/uploads\\\/2022\\\/08\\\/Justice-2.png\",\"datePublished\":\"2023-07-09T21:10:54+00:00\",\"dateModified\":\"2023-07-09T21:10:56+00:00\",\"breadcrumb\":{\"@id\":\"https:\\\/\\\/lasentinelle.dz\\\/index.php\\\/2023\\\/07\\\/09\\\/lutte-contre-le-blanchiment-dargent-et-le-financement-du-terrorisme-le-nouveau-dispositif-explicite\\\/#breadcrumb\"},\"inLanguage\":\"fr-FR\",\"potentialAction\":[{\"@type\":\"ReadAction\",\"target\":[\"https:\\\/\\\/lasentinelle.dz\\\/index.php\\\/2023\\\/07\\\/09\\\/lutte-contre-le-blanchiment-dargent-et-le-financement-du-terrorisme-le-nouveau-dispositif-explicite\\\/\"]}]},{\"@type\":\"ImageObject\",\"inLanguage\":\"fr-FR\",\"@id\":\"https:\\\/\\\/lasentinelle.dz\\\/index.php\\\/2023\\\/07\\\/09\\\/lutte-contre-le-blanchiment-dargent-et-le-financement-du-terrorisme-le-nouveau-dispositif-explicite\\\/#primaryimage\",\"url\":\"https:\\\/\\\/lasentinelle.dz\\\/wp-content\\\/uploads\\\/2022\\\/08\\\/Justice-2.png\",\"contentUrl\":\"https:\\\/\\\/lasentinelle.dz\\\/wp-content\\\/uploads\\\/2022\\\/08\\\/Justice-2.png\",\"width\":1600,\"height\":900},{\"@type\":\"BreadcrumbList\",\"@id\":\"https:\\\/\\\/lasentinelle.dz\\\/index.php\\\/2023\\\/07\\\/09\\\/lutte-contre-le-blanchiment-dargent-et-le-financement-du-terrorisme-le-nouveau-dispositif-explicite\\\/#breadcrumb\",\"itemListElement\":[{\"@type\":\"ListItem\",\"position\":1,\"name\":\"Accueil\",\"item\":\"https:\\\/\\\/lasentinelle.dz\\\/\"},{\"@type\":\"ListItem\",\"position\":2,\"name\":\"Lutte contre le blanchiment d\u2019argent et le financement du terrorisme&nbsp;: Le nouveau dispositif explicit\u00e9\"}]},{\"@type\":\"WebSite\",\"@id\":\"https:\\\/\\\/lasentinelle.dz\\\/#website\",\"url\":\"https:\\\/\\\/lasentinelle.dz\\\/\",\"name\":\"La Sentinelle\",\"description\":\"Quotidien national d&#039;information\",\"publisher\":{\"@id\":\"https:\\\/\\\/lasentinelle.dz\\\/#organization\"},\"potentialAction\":[{\"@type\":\"SearchAction\",\"target\":{\"@type\":\"EntryPoint\",\"urlTemplate\":\"https:\\\/\\\/lasentinelle.dz\\\/?s={search_term_string}\"},\"query-input\":{\"@type\":\"PropertyValueSpecification\",\"valueRequired\":true,\"valueName\":\"search_term_string\"}}],\"inLanguage\":\"fr-FR\"},{\"@type\":\"Organization\",\"@id\":\"https:\\\/\\\/lasentinelle.dz\\\/#organization\",\"name\":\"Quotidien La Sentinelle\",\"url\":\"https:\\\/\\\/lasentinelle.dz\\\/\",\"logo\":{\"@type\":\"ImageObject\",\"inLanguage\":\"fr-FR\",\"@id\":\"https:\\\/\\\/lasentinelle.dz\\\/#\\\/schema\\\/logo\\\/image\\\/\",\"url\":\"https:\\\/\\\/lasentinelle.dz\\\/wp-content\\\/uploads\\\/2021\\\/09\\\/logo-sentinelleSLOGAN-1.png\",\"contentUrl\":\"https:\\\/\\\/lasentinelle.dz\\\/wp-content\\\/uploads\\\/2021\\\/09\\\/logo-sentinelleSLOGAN-1.png\",\"width\":615,\"height\":142,\"caption\":\"Quotidien La Sentinelle\"},\"image\":{\"@id\":\"https:\\\/\\\/lasentinelle.dz\\\/#\\\/schema\\\/logo\\\/image\\\/\"},\"sameAs\":[\"https:\\\/\\\/www.facebook.com\\\/La-Sentinelle-104059864394773\"]},{\"@type\":\"Person\",\"@id\":\"https:\\\/\\\/lasentinelle.dz\\\/#\\\/schema\\\/person\\\/d865044e22e70a75174ce8bcad3acfb3\",\"name\":\"La Sentinelle\",\"image\":{\"@type\":\"ImageObject\",\"inLanguage\":\"fr-FR\",\"@id\":\"https:\\\/\\\/secure.gravatar.com\\\/avatar\\\/57de8e5d4b15d43fb361a71fbb36338450fe67865b528a43dd10ef7c51a20392?s=96&d=mm&r=g\",\"url\":\"https:\\\/\\\/secure.gravatar.com\\\/avatar\\\/57de8e5d4b15d43fb361a71fbb36338450fe67865b528a43dd10ef7c51a20392?s=96&d=mm&r=g\",\"contentUrl\":\"https:\\\/\\\/secure.gravatar.com\\\/avatar\\\/57de8e5d4b15d43fb361a71fbb36338450fe67865b528a43dd10ef7c51a20392?s=96&d=mm&r=g\",\"caption\":\"La Sentinelle\"},\"sameAs\":[\"http:\\\/\\\/www.lasentinelle.dz\"],\"url\":\"https:\\\/\\\/lasentinelle.dz\\\/author\\\/redaction\\\/\"}]}<\/script>\n<!-- \/ Yoast SEO plugin. -->","yoast_head_json":{"title":"Lutte contre le blanchiment d\u2019argent et le financement du terrorisme&nbsp;: Le nouveau dispositif explicit\u00e9 - La Sentinelle","robots":{"index":"index","follow":"follow","max-snippet":"max-snippet:-1","max-image-preview":"max-image-preview:large","max-video-preview":"max-video-preview:-1"},"canonical":"https:\/\/lasentinelle.dz\/index.php\/2023\/07\/09\/lutte-contre-le-blanchiment-dargent-et-le-financement-du-terrorisme-le-nouveau-dispositif-explicite\/","og_locale":"fr_FR","og_type":"article","og_title":"Lutte contre le blanchiment d\u2019argent et le financement du terrorisme&nbsp;: Le nouveau dispositif explicit\u00e9 - La Sentinelle","og_description":"Une journ\u00e9e d&rsquo;\u00e9tude organis\u00e9e, hier, par la Cour d\u2019Alger sur les m\u00e9canismes de lutte contre le blanchiment d\u2019argent. Lors de","og_url":"https:\/\/lasentinelle.dz\/index.php\/2023\/07\/09\/lutte-contre-le-blanchiment-dargent-et-le-financement-du-terrorisme-le-nouveau-dispositif-explicite\/","og_site_name":"La Sentinelle","article_publisher":"https:\/\/www.facebook.com\/La-Sentinelle-104059864394773","article_published_time":"2023-07-09T21:10:54+00:00","article_modified_time":"2023-07-09T21:10:56+00:00","og_image":[{"width":1600,"height":900,"url":"https:\/\/lasentinelle.dz\/wp-content\/uploads\/2022\/08\/Justice-2.png","type":"image\/png"}],"author":"La Sentinelle","twitter_card":"summary_large_image","twitter_misc":{"\u00c9crit par":"La Sentinelle","Dur\u00e9e de lecture estim\u00e9e":"3 minutes"},"schema":{"@context":"https:\/\/schema.org","@graph":[{"@type":"Article","@id":"https:\/\/lasentinelle.dz\/index.php\/2023\/07\/09\/lutte-contre-le-blanchiment-dargent-et-le-financement-du-terrorisme-le-nouveau-dispositif-explicite\/#article","isPartOf":{"@id":"https:\/\/lasentinelle.dz\/index.php\/2023\/07\/09\/lutte-contre-le-blanchiment-dargent-et-le-financement-du-terrorisme-le-nouveau-dispositif-explicite\/"},"author":{"name":"La Sentinelle","@id":"https:\/\/lasentinelle.dz\/#\/schema\/person\/d865044e22e70a75174ce8bcad3acfb3"},"headline":"Lutte contre le blanchiment d\u2019argent et le financement du terrorisme&nbsp;: Le nouveau dispositif explicit\u00e9","datePublished":"2023-07-09T21:10:54+00:00","dateModified":"2023-07-09T21:10:56+00:00","mainEntityOfPage":{"@id":"https:\/\/lasentinelle.dz\/index.php\/2023\/07\/09\/lutte-contre-le-blanchiment-dargent-et-le-financement-du-terrorisme-le-nouveau-dispositif-explicite\/"},"wordCount":532,"commentCount":0,"publisher":{"@id":"https:\/\/lasentinelle.dz\/#organization"},"image":{"@id":"https:\/\/lasentinelle.dz\/index.php\/2023\/07\/09\/lutte-contre-le-blanchiment-dargent-et-le-financement-du-terrorisme-le-nouveau-dispositif-explicite\/#primaryimage"},"thumbnailUrl":"https:\/\/lasentinelle.dz\/wp-content\/uploads\/2022\/08\/Justice-2.png","articleSection":["Actualit\u00e9"],"inLanguage":"fr-FR","potentialAction":[{"@type":"CommentAction","name":"Comment","target":["https:\/\/lasentinelle.dz\/index.php\/2023\/07\/09\/lutte-contre-le-blanchiment-dargent-et-le-financement-du-terrorisme-le-nouveau-dispositif-explicite\/#respond"]}]},{"@type":"WebPage","@id":"https:\/\/lasentinelle.dz\/index.php\/2023\/07\/09\/lutte-contre-le-blanchiment-dargent-et-le-financement-du-terrorisme-le-nouveau-dispositif-explicite\/","url":"https:\/\/lasentinelle.dz\/index.php\/2023\/07\/09\/lutte-contre-le-blanchiment-dargent-et-le-financement-du-terrorisme-le-nouveau-dispositif-explicite\/","name":"Lutte contre le blanchiment d\u2019argent et le financement du terrorisme&nbsp;: Le nouveau dispositif explicit\u00e9 - La Sentinelle","isPartOf":{"@id":"https:\/\/lasentinelle.dz\/#website"},"primaryImageOfPage":{"@id":"https:\/\/lasentinelle.dz\/index.php\/2023\/07\/09\/lutte-contre-le-blanchiment-dargent-et-le-financement-du-terrorisme-le-nouveau-dispositif-explicite\/#primaryimage"},"image":{"@id":"https:\/\/lasentinelle.dz\/index.php\/2023\/07\/09\/lutte-contre-le-blanchiment-dargent-et-le-financement-du-terrorisme-le-nouveau-dispositif-explicite\/#primaryimage"},"thumbnailUrl":"https:\/\/lasentinelle.dz\/wp-content\/uploads\/2022\/08\/Justice-2.png","datePublished":"2023-07-09T21:10:54+00:00","dateModified":"2023-07-09T21:10:56+00:00","breadcrumb":{"@id":"https:\/\/lasentinelle.dz\/index.php\/2023\/07\/09\/lutte-contre-le-blanchiment-dargent-et-le-financement-du-terrorisme-le-nouveau-dispositif-explicite\/#breadcrumb"},"inLanguage":"fr-FR","potentialAction":[{"@type":"ReadAction","target":["https:\/\/lasentinelle.dz\/index.php\/2023\/07\/09\/lutte-contre-le-blanchiment-dargent-et-le-financement-du-terrorisme-le-nouveau-dispositif-explicite\/"]}]},{"@type":"ImageObject","inLanguage":"fr-FR","@id":"https:\/\/lasentinelle.dz\/index.php\/2023\/07\/09\/lutte-contre-le-blanchiment-dargent-et-le-financement-du-terrorisme-le-nouveau-dispositif-explicite\/#primaryimage","url":"https:\/\/lasentinelle.dz\/wp-content\/uploads\/2022\/08\/Justice-2.png","contentUrl":"https:\/\/lasentinelle.dz\/wp-content\/uploads\/2022\/08\/Justice-2.png","width":1600,"height":900},{"@type":"BreadcrumbList","@id":"https:\/\/lasentinelle.dz\/index.php\/2023\/07\/09\/lutte-contre-le-blanchiment-dargent-et-le-financement-du-terrorisme-le-nouveau-dispositif-explicite\/#breadcrumb","itemListElement":[{"@type":"ListItem","position":1,"name":"Accueil","item":"https:\/\/lasentinelle.dz\/"},{"@type":"ListItem","position":2,"name":"Lutte contre le blanchiment d\u2019argent et le financement du terrorisme&nbsp;: Le nouveau dispositif explicit\u00e9"}]},{"@type":"WebSite","@id":"https:\/\/lasentinelle.dz\/#website","url":"https:\/\/lasentinelle.dz\/","name":"La Sentinelle","description":"Quotidien national d&#039;information","publisher":{"@id":"https:\/\/lasentinelle.dz\/#organization"},"potentialAction":[{"@type":"SearchAction","target":{"@type":"EntryPoint","urlTemplate":"https:\/\/lasentinelle.dz\/?s={search_term_string}"},"query-input":{"@type":"PropertyValueSpecification","valueRequired":true,"valueName":"search_term_string"}}],"inLanguage":"fr-FR"},{"@type":"Organization","@id":"https:\/\/lasentinelle.dz\/#organization","name":"Quotidien La Sentinelle","url":"https:\/\/lasentinelle.dz\/","logo":{"@type":"ImageObject","inLanguage":"fr-FR","@id":"https:\/\/lasentinelle.dz\/#\/schema\/logo\/image\/","url":"https:\/\/lasentinelle.dz\/wp-content\/uploads\/2021\/09\/logo-sentinelleSLOGAN-1.png","contentUrl":"https:\/\/lasentinelle.dz\/wp-content\/uploads\/2021\/09\/logo-sentinelleSLOGAN-1.png","width":615,"height":142,"caption":"Quotidien La Sentinelle"},"image":{"@id":"https:\/\/lasentinelle.dz\/#\/schema\/logo\/image\/"},"sameAs":["https:\/\/www.facebook.com\/La-Sentinelle-104059864394773"]},{"@type":"Person","@id":"https:\/\/lasentinelle.dz\/#\/schema\/person\/d865044e22e70a75174ce8bcad3acfb3","name":"La Sentinelle","image":{"@type":"ImageObject","inLanguage":"fr-FR","@id":"https:\/\/secure.gravatar.com\/avatar\/57de8e5d4b15d43fb361a71fbb36338450fe67865b528a43dd10ef7c51a20392?s=96&d=mm&r=g","url":"https:\/\/secure.gravatar.com\/avatar\/57de8e5d4b15d43fb361a71fbb36338450fe67865b528a43dd10ef7c51a20392?s=96&d=mm&r=g","contentUrl":"https:\/\/secure.gravatar.com\/avatar\/57de8e5d4b15d43fb361a71fbb36338450fe67865b528a43dd10ef7c51a20392?s=96&d=mm&r=g","caption":"La Sentinelle"},"sameAs":["http:\/\/www.lasentinelle.dz"],"url":"https:\/\/lasentinelle.dz\/author\/redaction\/"}]}},"_links":{"self":[{"href":"https:\/\/lasentinelle.dz\/index.php\/wp-json\/wp\/v2\/posts\/43374","targetHints":{"allow":["GET"]}}],"collection":[{"href":"https:\/\/lasentinelle.dz\/index.php\/wp-json\/wp\/v2\/posts"}],"about":[{"href":"https:\/\/lasentinelle.dz\/index.php\/wp-json\/wp\/v2\/types\/post"}],"author":[{"embeddable":true,"href":"https:\/\/lasentinelle.dz\/index.php\/wp-json\/wp\/v2\/users\/3"}],"replies":[{"embeddable":true,"href":"https:\/\/lasentinelle.dz\/index.php\/wp-json\/wp\/v2\/comments?post=43374"}],"version-history":[{"count":1,"href":"https:\/\/lasentinelle.dz\/index.php\/wp-json\/wp\/v2\/posts\/43374\/revisions"}],"predecessor-version":[{"id":43375,"href":"https:\/\/lasentinelle.dz\/index.php\/wp-json\/wp\/v2\/posts\/43374\/revisions\/43375"}],"wp:featuredmedia":[{"embeddable":true,"href":"https:\/\/lasentinelle.dz\/index.php\/wp-json\/wp\/v2\/media\/26458"}],"wp:attachment":[{"href":"https:\/\/lasentinelle.dz\/index.php\/wp-json\/wp\/v2\/media?parent=43374"}],"wp:term":[{"taxonomy":"category","embeddable":true,"href":"https:\/\/lasentinelle.dz\/index.php\/wp-json\/wp\/v2\/categories?post=43374"},{"taxonomy":"post_tag","embeddable":true,"href":"https:\/\/lasentinelle.dz\/index.php\/wp-json\/wp\/v2\/tags?post=43374"}],"curies":[{"name":"wp","href":"https:\/\/api.w.org\/{rel}","templated":true}]}}