{"id":43487,"date":"2023-07-11T21:27:02","date_gmt":"2023-07-11T20:27:02","guid":{"rendered":"https:\/\/lasentinelle.dz\/?p=43487"},"modified":"2023-07-11T21:27:04","modified_gmt":"2023-07-11T20:27:04","slug":"onu-lentite-sioniste-a-transforme-la-palestine-en-une-prison","status":"publish","type":"post","link":"https:\/\/lasentinelle.dz\/index.php\/2023\/07\/11\/onu-lentite-sioniste-a-transforme-la-palestine-en-une-prison\/","title":{"rendered":"ONU&nbsp;: L&rsquo;entit\u00e9 sioniste a transform\u00e9 la Palestine en une prison"},"content":{"rendered":"\n<p>&nbsp;La rapporteuse sp\u00e9ciale des Nations unies sur les droits de l&rsquo;homme dans les territoires palestiniens occup\u00e9s, Francesca Albanese, a affirm\u00e9 que \u00ab\u00a0l&rsquo;entit\u00e9 sioniste a transform\u00e9 les territoires palestiniens occup\u00e9s en une prison \u00e0 ciel ouvert o\u00f9 les citoyens sont emprisonn\u00e9s et surveill\u00e9s en permanence\u00a0\u00bb, appelant \u00ab\u00a0la communaut\u00e9 internationale \u00ab\u00a0\u00e0 \u0153uvrer dans le sens d&rsquo;h\u00e2ter la fin de l&rsquo;occupation sioniste\u00a0\u00bb.<\/p>\n\n\n\n<p>Lors de l&rsquo;examen de son rapport, lundi, devant le conseil des droits de l&rsquo;homme, Mme Albanese, a indiqu\u00e9 que \u00ab\u00a0des g\u00e9n\u00e9rations de Palestiniens ont souffert d&rsquo;une privation arbitraire syst\u00e9matique et g\u00e9n\u00e9ralis\u00e9e de libert\u00e9 sous l&rsquo;occupation\u00a0\u00bb. Elle a fait savoir, \u00e0 ce sujet, que \u00ab\u00a0plus de 800 000 Palestiniens, y compris des enfants moins de 12 ans, ont \u00e9t\u00e9 arr\u00eat\u00e9s par les forces d&rsquo;occupation sionistes depuis 1967\u00a0\u00bb. Selon la rapporteuse sp\u00e9ciale, \u00ab\u00a0la puissance occupante d\u00e9peint les Palestiniens comme une menace collective, visant \u00e0 les d\u00e9pouiller de leur statut de civils et \u00e0 saper leur statut de personnes prot\u00e9g\u00e9es en vertu du droit international\u00a0\u00bb.<\/p>\n\n\n\n<p>Albanese a appel\u00e9, \u00e0 cet \u00e9gard, les Etats membres \u00ab\u00a0\u00e0 remplir leurs obligations de ne pas aider ou reconna\u00eetre l&rsquo;occupation des colonies sionistes et son annexion progressive des terres palestiniennes, et \u00e0 utiliser toutes les mesures diplomatiques, politiques et \u00e9conomiques pour mettre fin \u00e0 l&rsquo;occupation\u00a0\u00bb. Les violations sionistes contre le peuple palestinien connaissent chaque ann\u00e9e de nouveaux records. Selon la Commission de la r\u00e9sistance au mur et aux colonies sionistes en Palestine, 4.073 violations sionistes contre le peuple palestinien, sa terre et ses lieux saints, ont \u00e9t\u00e9 commises durant le premier semestre 2023. \u00ab\u00a0Les attaques des forces d&rsquo;occupation et des colons sionistes allaient du sabotage et du d\u00e9frichage des terres, en passant par le d\u00e9racinement d&rsquo;arbres, la saisie de biens et la d\u00e9molition de maisons \u00e0 la liquidation physique de Palestiniens.<\/p>\n\n\n\n<p>Sur le terrain, cinq Palestiniens ont \u00e9t\u00e9 bless\u00e9s, lundi soir, par les balles des forces d\u2019occupation sionistes au cours d\u2019une nouvelle incursion dans le village de Shuqba, au nord-ouest de Ramallah, selon des sources locales, cit\u00e9es par l\u2019agence de presse Wafa. \u00ab Lors de leur incursion, les soldats sionistes ont us\u00e9 de bombes sonores, de bombes du gaz lacrymog\u00e8ne et de balles r\u00e9elles contre les Palestiniens qui se sont oppos\u00e9s \u00e0 leur action \u00bb, rapportent des t\u00e9moins sur place. Selon le Croissant-Rouge palestinien, \u00bb parmi les bless\u00e9s, un (1) a \u00e9t\u00e9 touch\u00e9 par des balles r\u00e9elles et quatre autres par des balles recouvertes de caoutchouc \u00bb. Les incursions sionistes dans les villes et villages palestiniens se poursuivent depuis plusieurs semaines maintenant. Outre l\u2019assassinat et l\u2019arrestation de Palestiniens innocents, les soldats sionistes vandalisent et pillent les biens de Palestiniens.<\/p>\n\n\n\n<p>R.I.<\/p>\n\n\n\n<p><\/p>\n","protected":false},"excerpt":{"rendered":"<p>&nbsp;La rapporteuse sp\u00e9ciale des Nations unies sur les droits de l&rsquo;homme dans les territoires palestiniens occup\u00e9s, Francesca Albanese, a affirm\u00e9<\/p>\n","protected":false},"author":3,"featured_media":43488,"comment_status":"open","ping_status":"closed","sticky":false,"template":"","format":"standard","meta":{"colormag_page_container_layout":"default_layout","colormag_page_sidebar_layout":"default_layout","om_disable_all_campaigns":false,"_monsterinsights_skip_tracking":false,"_monsterinsights_sitenote_active":false,"_monsterinsights_sitenote_note":"","_monsterinsights_sitenote_category":0,"footnotes":"","_wpscppro_dont_share_socialmedia":false,"_wpscppro_custom_social_share_image":0,"_facebook_share_type":"","_twitter_share_type":"","_linkedin_share_type":"","_pinterest_share_type":"","_linkedin_share_type_page":"","_instagram_share_type":"","_medium_share_type":"","_threads_share_type":"","_google_business_share_type":"","_selected_social_profile":[],"_wpsp_enable_custom_social_template":false,"_wpsp_social_scheduling":{"enabled":false,"datetime":null,"platforms":[],"status":"template_only","dateOption":"today","timeOption":"now","customDays":"","customHours":"","customDate":"","customTime":"","schedulingType":"absolute"},"_wpsp_active_default_template":true},"categories":[52,37],"tags":[],"class_list":["post-43487","post","type-post","status-publish","format-standard","has-post-thumbnail","hentry","category-a-la-une","category-monde"],"aioseo_notices":[],"yoast_head":"<!-- This site is optimized with the Yoast SEO plugin v27.5 - https:\/\/yoast.com\/product\/yoast-seo-wordpress\/ -->\n<title>ONU&nbsp;: L&rsquo;entit\u00e9 sioniste a transform\u00e9 la Palestine en une prison - La Sentinelle<\/title>\n<meta name=\"robots\" content=\"index, follow, max-snippet:-1, max-image-preview:large, max-video-preview:-1\" \/>\n<link rel=\"canonical\" href=\"https:\/\/lasentinelle.dz\/index.php\/2023\/07\/11\/onu-lentite-sioniste-a-transforme-la-palestine-en-une-prison\/\" \/>\n<meta property=\"og:locale\" content=\"fr_FR\" \/>\n<meta property=\"og:type\" content=\"article\" \/>\n<meta property=\"og:title\" content=\"ONU&nbsp;: L&rsquo;entit\u00e9 sioniste a transform\u00e9 la Palestine en une prison - La Sentinelle\" \/>\n<meta property=\"og:description\" content=\"&nbsp;La rapporteuse sp\u00e9ciale des Nations unies sur les droits de l&rsquo;homme dans les territoires palestiniens occup\u00e9s, Francesca Albanese, a affirm\u00e9\" \/>\n<meta property=\"og:url\" content=\"https:\/\/lasentinelle.dz\/index.php\/2023\/07\/11\/onu-lentite-sioniste-a-transforme-la-palestine-en-une-prison\/\" \/>\n<meta property=\"og:site_name\" content=\"La Sentinelle\" \/>\n<meta property=\"article:publisher\" content=\"https:\/\/www.facebook.com\/La-Sentinelle-104059864394773\" \/>\n<meta property=\"article:published_time\" content=\"2023-07-11T20:27:02+00:00\" \/>\n<meta property=\"article:modified_time\" content=\"2023-07-11T20:27:04+00:00\" \/>\n<meta property=\"og:image\" content=\"https:\/\/lasentinelle.dz\/wp-content\/uploads\/2023\/07\/Albanese-.jpeg\" \/>\n\t<meta property=\"og:image:width\" content=\"1600\" \/>\n\t<meta property=\"og:image:height\" content=\"1000\" \/>\n\t<meta property=\"og:image:type\" content=\"image\/jpeg\" \/>\n<meta name=\"author\" content=\"La Sentinelle\" \/>\n<meta name=\"twitter:card\" content=\"summary_large_image\" \/>\n<meta name=\"twitter:label1\" content=\"\u00c9crit par\" \/>\n\t<meta name=\"twitter:data1\" content=\"La Sentinelle\" \/>\n\t<meta name=\"twitter:label2\" content=\"Dur\u00e9e de lecture estim\u00e9e\" \/>\n\t<meta name=\"twitter:data2\" content=\"3 minutes\" \/>\n<script type=\"application\/ld+json\" class=\"yoast-schema-graph\">{\"@context\":\"https:\\\/\\\/schema.org\",\"@graph\":[{\"@type\":\"Article\",\"@id\":\"https:\\\/\\\/lasentinelle.dz\\\/index.php\\\/2023\\\/07\\\/11\\\/onu-lentite-sioniste-a-transforme-la-palestine-en-une-prison\\\/#article\",\"isPartOf\":{\"@id\":\"https:\\\/\\\/lasentinelle.dz\\\/index.php\\\/2023\\\/07\\\/11\\\/onu-lentite-sioniste-a-transforme-la-palestine-en-une-prison\\\/\"},\"author\":{\"name\":\"La Sentinelle\",\"@id\":\"https:\\\/\\\/lasentinelle.dz\\\/#\\\/schema\\\/person\\\/d865044e22e70a75174ce8bcad3acfb3\"},\"headline\":\"ONU&nbsp;: L&rsquo;entit\u00e9 sioniste a transform\u00e9 la Palestine en une prison\",\"datePublished\":\"2023-07-11T20:27:02+00:00\",\"dateModified\":\"2023-07-11T20:27:04+00:00\",\"mainEntityOfPage\":{\"@id\":\"https:\\\/\\\/lasentinelle.dz\\\/index.php\\\/2023\\\/07\\\/11\\\/onu-lentite-sioniste-a-transforme-la-palestine-en-une-prison\\\/\"},\"wordCount\":475,\"commentCount\":0,\"publisher\":{\"@id\":\"https:\\\/\\\/lasentinelle.dz\\\/#organization\"},\"image\":{\"@id\":\"https:\\\/\\\/lasentinelle.dz\\\/index.php\\\/2023\\\/07\\\/11\\\/onu-lentite-sioniste-a-transforme-la-palestine-en-une-prison\\\/#primaryimage\"},\"thumbnailUrl\":\"https:\\\/\\\/lasentinelle.dz\\\/wp-content\\\/uploads\\\/2023\\\/07\\\/Albanese-.jpeg\",\"articleSection\":[\"\u00c0 la Une\",\"Monde\"],\"inLanguage\":\"fr-FR\",\"potentialAction\":[{\"@type\":\"CommentAction\",\"name\":\"Comment\",\"target\":[\"https:\\\/\\\/lasentinelle.dz\\\/index.php\\\/2023\\\/07\\\/11\\\/onu-lentite-sioniste-a-transforme-la-palestine-en-une-prison\\\/#respond\"]}]},{\"@type\":\"WebPage\",\"@id\":\"https:\\\/\\\/lasentinelle.dz\\\/index.php\\\/2023\\\/07\\\/11\\\/onu-lentite-sioniste-a-transforme-la-palestine-en-une-prison\\\/\",\"url\":\"https:\\\/\\\/lasentinelle.dz\\\/index.php\\\/2023\\\/07\\\/11\\\/onu-lentite-sioniste-a-transforme-la-palestine-en-une-prison\\\/\",\"name\":\"ONU&nbsp;: L&rsquo;entit\u00e9 sioniste a transform\u00e9 la Palestine en une prison - La Sentinelle\",\"isPartOf\":{\"@id\":\"https:\\\/\\\/lasentinelle.dz\\\/#website\"},\"primaryImageOfPage\":{\"@id\":\"https:\\\/\\\/lasentinelle.dz\\\/index.php\\\/2023\\\/07\\\/11\\\/onu-lentite-sioniste-a-transforme-la-palestine-en-une-prison\\\/#primaryimage\"},\"image\":{\"@id\":\"https:\\\/\\\/lasentinelle.dz\\\/index.php\\\/2023\\\/07\\\/11\\\/onu-lentite-sioniste-a-transforme-la-palestine-en-une-prison\\\/#primaryimage\"},\"thumbnailUrl\":\"https:\\\/\\\/lasentinelle.dz\\\/wp-content\\\/uploads\\\/2023\\\/07\\\/Albanese-.jpeg\",\"datePublished\":\"2023-07-11T20:27:02+00:00\",\"dateModified\":\"2023-07-11T20:27:04+00:00\",\"breadcrumb\":{\"@id\":\"https:\\\/\\\/lasentinelle.dz\\\/index.php\\\/2023\\\/07\\\/11\\\/onu-lentite-sioniste-a-transforme-la-palestine-en-une-prison\\\/#breadcrumb\"},\"inLanguage\":\"fr-FR\",\"potentialAction\":[{\"@type\":\"ReadAction\",\"target\":[\"https:\\\/\\\/lasentinelle.dz\\\/index.php\\\/2023\\\/07\\\/11\\\/onu-lentite-sioniste-a-transforme-la-palestine-en-une-prison\\\/\"]}]},{\"@type\":\"ImageObject\",\"inLanguage\":\"fr-FR\",\"@id\":\"https:\\\/\\\/lasentinelle.dz\\\/index.php\\\/2023\\\/07\\\/11\\\/onu-lentite-sioniste-a-transforme-la-palestine-en-une-prison\\\/#primaryimage\",\"url\":\"https:\\\/\\\/lasentinelle.dz\\\/wp-content\\\/uploads\\\/2023\\\/07\\\/Albanese-.jpeg\",\"contentUrl\":\"https:\\\/\\\/lasentinelle.dz\\\/wp-content\\\/uploads\\\/2023\\\/07\\\/Albanese-.jpeg\",\"width\":1600,\"height\":1000},{\"@type\":\"BreadcrumbList\",\"@id\":\"https:\\\/\\\/lasentinelle.dz\\\/index.php\\\/2023\\\/07\\\/11\\\/onu-lentite-sioniste-a-transforme-la-palestine-en-une-prison\\\/#breadcrumb\",\"itemListElement\":[{\"@type\":\"ListItem\",\"position\":1,\"name\":\"Accueil\",\"item\":\"https:\\\/\\\/lasentinelle.dz\\\/\"},{\"@type\":\"ListItem\",\"position\":2,\"name\":\"ONU&nbsp;: L&rsquo;entit\u00e9 sioniste a transform\u00e9 la Palestine en une prison\"}]},{\"@type\":\"WebSite\",\"@id\":\"https:\\\/\\\/lasentinelle.dz\\\/#website\",\"url\":\"https:\\\/\\\/lasentinelle.dz\\\/\",\"name\":\"La Sentinelle\",\"description\":\"Quotidien national d&#039;information\",\"publisher\":{\"@id\":\"https:\\\/\\\/lasentinelle.dz\\\/#organization\"},\"potentialAction\":[{\"@type\":\"SearchAction\",\"target\":{\"@type\":\"EntryPoint\",\"urlTemplate\":\"https:\\\/\\\/lasentinelle.dz\\\/?s={search_term_string}\"},\"query-input\":{\"@type\":\"PropertyValueSpecification\",\"valueRequired\":true,\"valueName\":\"search_term_string\"}}],\"inLanguage\":\"fr-FR\"},{\"@type\":\"Organization\",\"@id\":\"https:\\\/\\\/lasentinelle.dz\\\/#organization\",\"name\":\"Quotidien La Sentinelle\",\"url\":\"https:\\\/\\\/lasentinelle.dz\\\/\",\"logo\":{\"@type\":\"ImageObject\",\"inLanguage\":\"fr-FR\",\"@id\":\"https:\\\/\\\/lasentinelle.dz\\\/#\\\/schema\\\/logo\\\/image\\\/\",\"url\":\"https:\\\/\\\/lasentinelle.dz\\\/wp-content\\\/uploads\\\/2021\\\/09\\\/logo-sentinelleSLOGAN-1.png\",\"contentUrl\":\"https:\\\/\\\/lasentinelle.dz\\\/wp-content\\\/uploads\\\/2021\\\/09\\\/logo-sentinelleSLOGAN-1.png\",\"width\":615,\"height\":142,\"caption\":\"Quotidien La Sentinelle\"},\"image\":{\"@id\":\"https:\\\/\\\/lasentinelle.dz\\\/#\\\/schema\\\/logo\\\/image\\\/\"},\"sameAs\":[\"https:\\\/\\\/www.facebook.com\\\/La-Sentinelle-104059864394773\"]},{\"@type\":\"Person\",\"@id\":\"https:\\\/\\\/lasentinelle.dz\\\/#\\\/schema\\\/person\\\/d865044e22e70a75174ce8bcad3acfb3\",\"name\":\"La Sentinelle\",\"image\":{\"@type\":\"ImageObject\",\"inLanguage\":\"fr-FR\",\"@id\":\"https:\\\/\\\/secure.gravatar.com\\\/avatar\\\/57de8e5d4b15d43fb361a71fbb36338450fe67865b528a43dd10ef7c51a20392?s=96&d=mm&r=g\",\"url\":\"https:\\\/\\\/secure.gravatar.com\\\/avatar\\\/57de8e5d4b15d43fb361a71fbb36338450fe67865b528a43dd10ef7c51a20392?s=96&d=mm&r=g\",\"contentUrl\":\"https:\\\/\\\/secure.gravatar.com\\\/avatar\\\/57de8e5d4b15d43fb361a71fbb36338450fe67865b528a43dd10ef7c51a20392?s=96&d=mm&r=g\",\"caption\":\"La Sentinelle\"},\"sameAs\":[\"http:\\\/\\\/www.lasentinelle.dz\"],\"url\":\"https:\\\/\\\/lasentinelle.dz\\\/author\\\/redaction\\\/\"}]}<\/script>\n<!-- \/ Yoast SEO plugin. -->","yoast_head_json":{"title":"ONU&nbsp;: L&rsquo;entit\u00e9 sioniste a transform\u00e9 la Palestine en une prison - La Sentinelle","robots":{"index":"index","follow":"follow","max-snippet":"max-snippet:-1","max-image-preview":"max-image-preview:large","max-video-preview":"max-video-preview:-1"},"canonical":"https:\/\/lasentinelle.dz\/index.php\/2023\/07\/11\/onu-lentite-sioniste-a-transforme-la-palestine-en-une-prison\/","og_locale":"fr_FR","og_type":"article","og_title":"ONU&nbsp;: L&rsquo;entit\u00e9 sioniste a transform\u00e9 la Palestine en une prison - La Sentinelle","og_description":"&nbsp;La rapporteuse sp\u00e9ciale des Nations unies sur les droits de l&rsquo;homme dans les territoires palestiniens occup\u00e9s, Francesca Albanese, a affirm\u00e9","og_url":"https:\/\/lasentinelle.dz\/index.php\/2023\/07\/11\/onu-lentite-sioniste-a-transforme-la-palestine-en-une-prison\/","og_site_name":"La Sentinelle","article_publisher":"https:\/\/www.facebook.com\/La-Sentinelle-104059864394773","article_published_time":"2023-07-11T20:27:02+00:00","article_modified_time":"2023-07-11T20:27:04+00:00","og_image":[{"width":1600,"height":1000,"url":"https:\/\/lasentinelle.dz\/wp-content\/uploads\/2023\/07\/Albanese-.jpeg","type":"image\/jpeg"}],"author":"La Sentinelle","twitter_card":"summary_large_image","twitter_misc":{"\u00c9crit par":"La Sentinelle","Dur\u00e9e de lecture estim\u00e9e":"3 minutes"},"schema":{"@context":"https:\/\/schema.org","@graph":[{"@type":"Article","@id":"https:\/\/lasentinelle.dz\/index.php\/2023\/07\/11\/onu-lentite-sioniste-a-transforme-la-palestine-en-une-prison\/#article","isPartOf":{"@id":"https:\/\/lasentinelle.dz\/index.php\/2023\/07\/11\/onu-lentite-sioniste-a-transforme-la-palestine-en-une-prison\/"},"author":{"name":"La Sentinelle","@id":"https:\/\/lasentinelle.dz\/#\/schema\/person\/d865044e22e70a75174ce8bcad3acfb3"},"headline":"ONU&nbsp;: L&rsquo;entit\u00e9 sioniste a transform\u00e9 la Palestine en une prison","datePublished":"2023-07-11T20:27:02+00:00","dateModified":"2023-07-11T20:27:04+00:00","mainEntityOfPage":{"@id":"https:\/\/lasentinelle.dz\/index.php\/2023\/07\/11\/onu-lentite-sioniste-a-transforme-la-palestine-en-une-prison\/"},"wordCount":475,"commentCount":0,"publisher":{"@id":"https:\/\/lasentinelle.dz\/#organization"},"image":{"@id":"https:\/\/lasentinelle.dz\/index.php\/2023\/07\/11\/onu-lentite-sioniste-a-transforme-la-palestine-en-une-prison\/#primaryimage"},"thumbnailUrl":"https:\/\/lasentinelle.dz\/wp-content\/uploads\/2023\/07\/Albanese-.jpeg","articleSection":["\u00c0 la Une","Monde"],"inLanguage":"fr-FR","potentialAction":[{"@type":"CommentAction","name":"Comment","target":["https:\/\/lasentinelle.dz\/index.php\/2023\/07\/11\/onu-lentite-sioniste-a-transforme-la-palestine-en-une-prison\/#respond"]}]},{"@type":"WebPage","@id":"https:\/\/lasentinelle.dz\/index.php\/2023\/07\/11\/onu-lentite-sioniste-a-transforme-la-palestine-en-une-prison\/","url":"https:\/\/lasentinelle.dz\/index.php\/2023\/07\/11\/onu-lentite-sioniste-a-transforme-la-palestine-en-une-prison\/","name":"ONU&nbsp;: L&rsquo;entit\u00e9 sioniste a transform\u00e9 la Palestine en une prison - La Sentinelle","isPartOf":{"@id":"https:\/\/lasentinelle.dz\/#website"},"primaryImageOfPage":{"@id":"https:\/\/lasentinelle.dz\/index.php\/2023\/07\/11\/onu-lentite-sioniste-a-transforme-la-palestine-en-une-prison\/#primaryimage"},"image":{"@id":"https:\/\/lasentinelle.dz\/index.php\/2023\/07\/11\/onu-lentite-sioniste-a-transforme-la-palestine-en-une-prison\/#primaryimage"},"thumbnailUrl":"https:\/\/lasentinelle.dz\/wp-content\/uploads\/2023\/07\/Albanese-.jpeg","datePublished":"2023-07-11T20:27:02+00:00","dateModified":"2023-07-11T20:27:04+00:00","breadcrumb":{"@id":"https:\/\/lasentinelle.dz\/index.php\/2023\/07\/11\/onu-lentite-sioniste-a-transforme-la-palestine-en-une-prison\/#breadcrumb"},"inLanguage":"fr-FR","potentialAction":[{"@type":"ReadAction","target":["https:\/\/lasentinelle.dz\/index.php\/2023\/07\/11\/onu-lentite-sioniste-a-transforme-la-palestine-en-une-prison\/"]}]},{"@type":"ImageObject","inLanguage":"fr-FR","@id":"https:\/\/lasentinelle.dz\/index.php\/2023\/07\/11\/onu-lentite-sioniste-a-transforme-la-palestine-en-une-prison\/#primaryimage","url":"https:\/\/lasentinelle.dz\/wp-content\/uploads\/2023\/07\/Albanese-.jpeg","contentUrl":"https:\/\/lasentinelle.dz\/wp-content\/uploads\/2023\/07\/Albanese-.jpeg","width":1600,"height":1000},{"@type":"BreadcrumbList","@id":"https:\/\/lasentinelle.dz\/index.php\/2023\/07\/11\/onu-lentite-sioniste-a-transforme-la-palestine-en-une-prison\/#breadcrumb","itemListElement":[{"@type":"ListItem","position":1,"name":"Accueil","item":"https:\/\/lasentinelle.dz\/"},{"@type":"ListItem","position":2,"name":"ONU&nbsp;: L&rsquo;entit\u00e9 sioniste a transform\u00e9 la Palestine en une prison"}]},{"@type":"WebSite","@id":"https:\/\/lasentinelle.dz\/#website","url":"https:\/\/lasentinelle.dz\/","name":"La Sentinelle","description":"Quotidien national d&#039;information","publisher":{"@id":"https:\/\/lasentinelle.dz\/#organization"},"potentialAction":[{"@type":"SearchAction","target":{"@type":"EntryPoint","urlTemplate":"https:\/\/lasentinelle.dz\/?s={search_term_string}"},"query-input":{"@type":"PropertyValueSpecification","valueRequired":true,"valueName":"search_term_string"}}],"inLanguage":"fr-FR"},{"@type":"Organization","@id":"https:\/\/lasentinelle.dz\/#organization","name":"Quotidien La Sentinelle","url":"https:\/\/lasentinelle.dz\/","logo":{"@type":"ImageObject","inLanguage":"fr-FR","@id":"https:\/\/lasentinelle.dz\/#\/schema\/logo\/image\/","url":"https:\/\/lasentinelle.dz\/wp-content\/uploads\/2021\/09\/logo-sentinelleSLOGAN-1.png","contentUrl":"https:\/\/lasentinelle.dz\/wp-content\/uploads\/2021\/09\/logo-sentinelleSLOGAN-1.png","width":615,"height":142,"caption":"Quotidien La Sentinelle"},"image":{"@id":"https:\/\/lasentinelle.dz\/#\/schema\/logo\/image\/"},"sameAs":["https:\/\/www.facebook.com\/La-Sentinelle-104059864394773"]},{"@type":"Person","@id":"https:\/\/lasentinelle.dz\/#\/schema\/person\/d865044e22e70a75174ce8bcad3acfb3","name":"La Sentinelle","image":{"@type":"ImageObject","inLanguage":"fr-FR","@id":"https:\/\/secure.gravatar.com\/avatar\/57de8e5d4b15d43fb361a71fbb36338450fe67865b528a43dd10ef7c51a20392?s=96&d=mm&r=g","url":"https:\/\/secure.gravatar.com\/avatar\/57de8e5d4b15d43fb361a71fbb36338450fe67865b528a43dd10ef7c51a20392?s=96&d=mm&r=g","contentUrl":"https:\/\/secure.gravatar.com\/avatar\/57de8e5d4b15d43fb361a71fbb36338450fe67865b528a43dd10ef7c51a20392?s=96&d=mm&r=g","caption":"La Sentinelle"},"sameAs":["http:\/\/www.lasentinelle.dz"],"url":"https:\/\/lasentinelle.dz\/author\/redaction\/"}]}},"_links":{"self":[{"href":"https:\/\/lasentinelle.dz\/index.php\/wp-json\/wp\/v2\/posts\/43487","targetHints":{"allow":["GET"]}}],"collection":[{"href":"https:\/\/lasentinelle.dz\/index.php\/wp-json\/wp\/v2\/posts"}],"about":[{"href":"https:\/\/lasentinelle.dz\/index.php\/wp-json\/wp\/v2\/types\/post"}],"author":[{"embeddable":true,"href":"https:\/\/lasentinelle.dz\/index.php\/wp-json\/wp\/v2\/users\/3"}],"replies":[{"embeddable":true,"href":"https:\/\/lasentinelle.dz\/index.php\/wp-json\/wp\/v2\/comments?post=43487"}],"version-history":[{"count":1,"href":"https:\/\/lasentinelle.dz\/index.php\/wp-json\/wp\/v2\/posts\/43487\/revisions"}],"predecessor-version":[{"id":43489,"href":"https:\/\/lasentinelle.dz\/index.php\/wp-json\/wp\/v2\/posts\/43487\/revisions\/43489"}],"wp:featuredmedia":[{"embeddable":true,"href":"https:\/\/lasentinelle.dz\/index.php\/wp-json\/wp\/v2\/media\/43488"}],"wp:attachment":[{"href":"https:\/\/lasentinelle.dz\/index.php\/wp-json\/wp\/v2\/media?parent=43487"}],"wp:term":[{"taxonomy":"category","embeddable":true,"href":"https:\/\/lasentinelle.dz\/index.php\/wp-json\/wp\/v2\/categories?post=43487"},{"taxonomy":"post_tag","embeddable":true,"href":"https:\/\/lasentinelle.dz\/index.php\/wp-json\/wp\/v2\/tags?post=43487"}],"curies":[{"name":"wp","href":"https:\/\/api.w.org\/{rel}","templated":true}]}}