{"id":43497,"date":"2023-07-11T22:15:28","date_gmt":"2023-07-11T21:15:28","guid":{"rendered":"https:\/\/lasentinelle.dz\/?p=43497"},"modified":"2023-07-11T22:15:36","modified_gmt":"2023-07-11T21:15:36","slug":"maroc-manifestations-samedi-et-dimanche-contre-la-corruption-et-les-atteintes-aux-droits-humains","status":"publish","type":"post","link":"https:\/\/lasentinelle.dz\/index.php\/2023\/07\/11\/maroc-manifestations-samedi-et-dimanche-contre-la-corruption-et-les-atteintes-aux-droits-humains\/","title":{"rendered":"Maroc: manifestations samedi et dimanche contre la corruption et les atteintes aux droits humains"},"content":{"rendered":"\n<p><strong> Les appels \u00e0 manifester se multiplient au Maroc, o\u00f9 sont pr\u00e9vues des actions de protestation samedi et dimanche prochains pour d\u00e9noncer la corruption end\u00e9mique et les restrictions des libert\u00e9s.<\/strong><\/p>\n\n\n\n<p>A cet \u00e9gard, l&rsquo;Association marocaine de protection des deniers publics a appel\u00e9, mardi, \u00e0 participer massivement \u00e0 la manifestation qu&rsquo;elle a pr\u00e9vue samedi prochain devant le Parlement, \u00e0 Rabat, pour d\u00e9noncer la corruption qui gangr\u00e8ne le Maroc et exiger la fin de l&rsquo;impunit\u00e9.<\/p>\n\n\n\n<p>L&rsquo;association pr\u00e9cise que cet appel concerne toutes les forces vives du pays : \u00ab\u00a0Ce sera la manifestation de tous les Marocains, sans exception\u00a0\u00bb.<\/p>\n\n\n\n<p>Les \u00ab\u00a0protecteurs de l&rsquo;argent public\u00a0\u00bb ont consid\u00e9r\u00e9 le ph\u00e9nom\u00e8ne de corruption et les pots-de-vin ayant atteint diff\u00e9rentes sph\u00e8res de la soci\u00e9t\u00e9 marocaine, comme \u00ab\u00a0un vrai danger qui n\u00e9cessite l&rsquo;\u00e9laboration d&rsquo;une strat\u00e9gie nationale de lutte (contre ces pratiques)\u00a0\u00bb.<\/p>\n\n\n\n<p>L&rsquo;Association marocaine pour la protection des deniers publics plaide en outre pour \u00ab\u00a0des institutions fortes et cr\u00e9dibles\u00a0\u00bb, capables de jouer leur r\u00f4le \u00ab\u00a0constitutionnel et juridique\u00a0\u00bb.<\/p>\n\n\n\n<p>Elle souligne aussi la n\u00e9cessit\u00e9 de d\u00e9velopper \u00ab\u00a0un syst\u00e8me juridique complet\u00a0\u00bb pour pr\u00e9venir la corruption, les pots-de-vin, le pillage de l&rsquo;argent public et l&rsquo;impunit\u00e9.<\/p>\n\n\n\n<p>Dans son appel, elle souligne la n\u00e9cessit\u00e9 et la priorit\u00e9 de \u00ab\u00a0criminaliser l&rsquo;enrichissement illicite et les conflits d&rsquo;int\u00e9r\u00eat et de ne pas confier des responsabilit\u00e9s publiques \u00e0 des personnes soup\u00e7onn\u00e9es de corruption\u00a0\u00bb.<\/p>\n\n\n\n<p>L&rsquo;association avait invit\u00e9 en juin dernier, les partis politiques et les organisations syndicales du royaume \u00e0 \u00ab\u00a0jouer pleinement leur r\u00f4le dans la lutte contre la corruption et le gaspillage des deniers publics ainsi qu&rsquo;\u00e0 assumer leurs responsabilit\u00e9s en promouvant les valeurs de citoyennet\u00e9 (&#8230;) et prendre des mesures disciplinaires \u00e0 l&rsquo;encontre des parties soup\u00e7onn\u00e9es de corruption\u00a0\u00bb.<\/p>\n\n\n\n<p>De son c\u00f4t\u00e9, l&rsquo;Association marocaine des droits humains (AMDH) s&rsquo;appr\u00eate \u00e0 comm\u00e9morer le 44e anniversaire de sa cr\u00e9ation \u00e0 travers un rassemblement de protestation national devant le Parlement, dimanche, sous le slogan \u00ab\u00a0Neuf ans de harc\u00e8lement et de si\u00e8ge : une r\u00e9silience continue contre les attaques du Makhzen\u00a0\u00bb.<\/p>\n\n\n\n<p>Dans un appel \u00e0 participer \u00e0 ce rassemblement national, l\u2019association d\u00e9nonce l&rsquo;interdiction syst\u00e9matique d&rsquo;organiser ses activit\u00e9s dont elle fait l&rsquo;objet ainsi que d&rsquo;autres organisations de d\u00e9fense des droits de l&rsquo;Homme.<\/p>\n\n\n\n<p>Le sit-in de dimanche se veut une occasion pour l&rsquo;AMDH d&rsquo;exiger le respect des lois relatives aux droits \u00e0 la libert\u00e9 de r\u00e9union pacifique et \u00e0 la libert\u00e9 d&rsquo;association et le droit \u00e0 la libert\u00e9 d&rsquo;expression.<\/p>\n\n\n\n<p>Lors d&rsquo;un colloque organis\u00e9 samedi dernier par la m\u00eame association, de nombreuses organisations de d\u00e9fense des droits ont soulign\u00e9 que le travail syndical au Maroc connaissait de \u00ab\u00a0multiples d\u00e9s\u00e9quilibres\u00a0\u00bb et ont critiqu\u00e9 les restrictions impos\u00e9es aux \u00ab\u00a0associations s\u00e9rieuses de d\u00e9fense des droits de l&rsquo;Homme, dans le but de les faire taire\u00a0\u00bb.<\/p>\n\n\n\n<p>L&rsquo;AMDH, plus importante association de droits humains au Maroc, a attir\u00e9 l&rsquo;attention sur les complots ourdis contre le mouvement de d\u00e9fense des droits de l&rsquo;Homme dans le but de \u00ab\u00a0saper sa cr\u00e9dibilit\u00e9\u00a0\u00bb aupr\u00e8s des citoyens marocains.<\/p>\n","protected":false},"excerpt":{"rendered":"<p>Les appels \u00e0 manifester se multiplient au Maroc, o\u00f9 sont pr\u00e9vues des actions de protestation samedi et dimanche prochains pour<\/p>\n","protected":false},"author":3,"featured_media":40366,"comment_status":"open","ping_status":"closed","sticky":false,"template":"","format":"standard","meta":{"colormag_page_container_layout":"default_layout","colormag_page_sidebar_layout":"default_layout","om_disable_all_campaigns":false,"_monsterinsights_skip_tracking":false,"_monsterinsights_sitenote_active":false,"_monsterinsights_sitenote_note":"","_monsterinsights_sitenote_category":0,"footnotes":"","_wpscppro_dont_share_socialmedia":false,"_wpscppro_custom_social_share_image":0,"_facebook_share_type":"","_twitter_share_type":"","_linkedin_share_type":"","_pinterest_share_type":"","_linkedin_share_type_page":"","_instagram_share_type":"","_medium_share_type":"","_threads_share_type":"","_google_business_share_type":"","_selected_social_profile":[],"_wpsp_enable_custom_social_template":false,"_wpsp_social_scheduling":{"enabled":false,"datetime":null,"platforms":[],"status":"template_only","dateOption":"today","timeOption":"now","customDays":"","customHours":"","customDate":"","customTime":"","schedulingType":"absolute"},"_wpsp_active_default_template":true},"categories":[37],"tags":[],"class_list":["post-43497","post","type-post","status-publish","format-standard","has-post-thumbnail","hentry","category-monde"],"aioseo_notices":[],"yoast_head":"<!-- This site is optimized with the Yoast SEO plugin v27.5 - https:\/\/yoast.com\/product\/yoast-seo-wordpress\/ -->\n<title>Maroc: manifestations samedi et dimanche contre la corruption et les atteintes aux droits humains - La Sentinelle<\/title>\n<meta name=\"robots\" content=\"index, follow, max-snippet:-1, max-image-preview:large, max-video-preview:-1\" \/>\n<link rel=\"canonical\" href=\"https:\/\/lasentinelle.dz\/index.php\/2023\/07\/11\/maroc-manifestations-samedi-et-dimanche-contre-la-corruption-et-les-atteintes-aux-droits-humains\/\" \/>\n<meta property=\"og:locale\" content=\"fr_FR\" \/>\n<meta property=\"og:type\" content=\"article\" \/>\n<meta property=\"og:title\" content=\"Maroc: manifestations samedi et dimanche contre la corruption et les atteintes aux droits humains - La Sentinelle\" \/>\n<meta property=\"og:description\" content=\"Les appels \u00e0 manifester se multiplient au Maroc, o\u00f9 sont pr\u00e9vues des actions de protestation samedi et dimanche prochains pour\" \/>\n<meta property=\"og:url\" content=\"https:\/\/lasentinelle.dz\/index.php\/2023\/07\/11\/maroc-manifestations-samedi-et-dimanche-contre-la-corruption-et-les-atteintes-aux-droits-humains\/\" \/>\n<meta property=\"og:site_name\" content=\"La Sentinelle\" \/>\n<meta property=\"article:publisher\" content=\"https:\/\/www.facebook.com\/La-Sentinelle-104059864394773\" \/>\n<meta property=\"article:published_time\" content=\"2023-07-11T21:15:28+00:00\" \/>\n<meta property=\"article:modified_time\" content=\"2023-07-11T21:15:36+00:00\" \/>\n<meta property=\"og:image\" content=\"https:\/\/lasentinelle.dz\/wp-content\/uploads\/2023\/05\/maroc-1024x576.png\" \/>\n\t<meta property=\"og:image:width\" content=\"1024\" \/>\n\t<meta property=\"og:image:height\" content=\"576\" \/>\n\t<meta property=\"og:image:type\" content=\"image\/png\" \/>\n<meta name=\"author\" content=\"La Sentinelle\" \/>\n<meta name=\"twitter:card\" content=\"summary_large_image\" \/>\n<meta name=\"twitter:label1\" content=\"\u00c9crit par\" \/>\n\t<meta name=\"twitter:data1\" content=\"La Sentinelle\" \/>\n\t<meta name=\"twitter:label2\" content=\"Dur\u00e9e de lecture estim\u00e9e\" \/>\n\t<meta name=\"twitter:data2\" content=\"3 minutes\" \/>\n<script type=\"application\/ld+json\" class=\"yoast-schema-graph\">{\"@context\":\"https:\\\/\\\/schema.org\",\"@graph\":[{\"@type\":\"Article\",\"@id\":\"https:\\\/\\\/lasentinelle.dz\\\/index.php\\\/2023\\\/07\\\/11\\\/maroc-manifestations-samedi-et-dimanche-contre-la-corruption-et-les-atteintes-aux-droits-humains\\\/#article\",\"isPartOf\":{\"@id\":\"https:\\\/\\\/lasentinelle.dz\\\/index.php\\\/2023\\\/07\\\/11\\\/maroc-manifestations-samedi-et-dimanche-contre-la-corruption-et-les-atteintes-aux-droits-humains\\\/\"},\"author\":{\"name\":\"La Sentinelle\",\"@id\":\"https:\\\/\\\/lasentinelle.dz\\\/#\\\/schema\\\/person\\\/d865044e22e70a75174ce8bcad3acfb3\"},\"headline\":\"Maroc: manifestations samedi et dimanche contre la corruption et les atteintes aux droits humains\",\"datePublished\":\"2023-07-11T21:15:28+00:00\",\"dateModified\":\"2023-07-11T21:15:36+00:00\",\"mainEntityOfPage\":{\"@id\":\"https:\\\/\\\/lasentinelle.dz\\\/index.php\\\/2023\\\/07\\\/11\\\/maroc-manifestations-samedi-et-dimanche-contre-la-corruption-et-les-atteintes-aux-droits-humains\\\/\"},\"wordCount\":552,\"commentCount\":0,\"publisher\":{\"@id\":\"https:\\\/\\\/lasentinelle.dz\\\/#organization\"},\"image\":{\"@id\":\"https:\\\/\\\/lasentinelle.dz\\\/index.php\\\/2023\\\/07\\\/11\\\/maroc-manifestations-samedi-et-dimanche-contre-la-corruption-et-les-atteintes-aux-droits-humains\\\/#primaryimage\"},\"thumbnailUrl\":\"https:\\\/\\\/lasentinelle.dz\\\/wp-content\\\/uploads\\\/2023\\\/05\\\/maroc.png\",\"articleSection\":[\"Monde\"],\"inLanguage\":\"fr-FR\",\"potentialAction\":[{\"@type\":\"CommentAction\",\"name\":\"Comment\",\"target\":[\"https:\\\/\\\/lasentinelle.dz\\\/index.php\\\/2023\\\/07\\\/11\\\/maroc-manifestations-samedi-et-dimanche-contre-la-corruption-et-les-atteintes-aux-droits-humains\\\/#respond\"]}]},{\"@type\":\"WebPage\",\"@id\":\"https:\\\/\\\/lasentinelle.dz\\\/index.php\\\/2023\\\/07\\\/11\\\/maroc-manifestations-samedi-et-dimanche-contre-la-corruption-et-les-atteintes-aux-droits-humains\\\/\",\"url\":\"https:\\\/\\\/lasentinelle.dz\\\/index.php\\\/2023\\\/07\\\/11\\\/maroc-manifestations-samedi-et-dimanche-contre-la-corruption-et-les-atteintes-aux-droits-humains\\\/\",\"name\":\"Maroc: manifestations samedi et dimanche contre la corruption et les atteintes aux droits humains - La Sentinelle\",\"isPartOf\":{\"@id\":\"https:\\\/\\\/lasentinelle.dz\\\/#website\"},\"primaryImageOfPage\":{\"@id\":\"https:\\\/\\\/lasentinelle.dz\\\/index.php\\\/2023\\\/07\\\/11\\\/maroc-manifestations-samedi-et-dimanche-contre-la-corruption-et-les-atteintes-aux-droits-humains\\\/#primaryimage\"},\"image\":{\"@id\":\"https:\\\/\\\/lasentinelle.dz\\\/index.php\\\/2023\\\/07\\\/11\\\/maroc-manifestations-samedi-et-dimanche-contre-la-corruption-et-les-atteintes-aux-droits-humains\\\/#primaryimage\"},\"thumbnailUrl\":\"https:\\\/\\\/lasentinelle.dz\\\/wp-content\\\/uploads\\\/2023\\\/05\\\/maroc.png\",\"datePublished\":\"2023-07-11T21:15:28+00:00\",\"dateModified\":\"2023-07-11T21:15:36+00:00\",\"breadcrumb\":{\"@id\":\"https:\\\/\\\/lasentinelle.dz\\\/index.php\\\/2023\\\/07\\\/11\\\/maroc-manifestations-samedi-et-dimanche-contre-la-corruption-et-les-atteintes-aux-droits-humains\\\/#breadcrumb\"},\"inLanguage\":\"fr-FR\",\"potentialAction\":[{\"@type\":\"ReadAction\",\"target\":[\"https:\\\/\\\/lasentinelle.dz\\\/index.php\\\/2023\\\/07\\\/11\\\/maroc-manifestations-samedi-et-dimanche-contre-la-corruption-et-les-atteintes-aux-droits-humains\\\/\"]}]},{\"@type\":\"ImageObject\",\"inLanguage\":\"fr-FR\",\"@id\":\"https:\\\/\\\/lasentinelle.dz\\\/index.php\\\/2023\\\/07\\\/11\\\/maroc-manifestations-samedi-et-dimanche-contre-la-corruption-et-les-atteintes-aux-droits-humains\\\/#primaryimage\",\"url\":\"https:\\\/\\\/lasentinelle.dz\\\/wp-content\\\/uploads\\\/2023\\\/05\\\/maroc.png\",\"contentUrl\":\"https:\\\/\\\/lasentinelle.dz\\\/wp-content\\\/uploads\\\/2023\\\/05\\\/maroc.png\",\"width\":1601,\"height\":900},{\"@type\":\"BreadcrumbList\",\"@id\":\"https:\\\/\\\/lasentinelle.dz\\\/index.php\\\/2023\\\/07\\\/11\\\/maroc-manifestations-samedi-et-dimanche-contre-la-corruption-et-les-atteintes-aux-droits-humains\\\/#breadcrumb\",\"itemListElement\":[{\"@type\":\"ListItem\",\"position\":1,\"name\":\"Accueil\",\"item\":\"https:\\\/\\\/lasentinelle.dz\\\/\"},{\"@type\":\"ListItem\",\"position\":2,\"name\":\"Maroc: manifestations samedi et dimanche contre la corruption et les atteintes aux droits humains\"}]},{\"@type\":\"WebSite\",\"@id\":\"https:\\\/\\\/lasentinelle.dz\\\/#website\",\"url\":\"https:\\\/\\\/lasentinelle.dz\\\/\",\"name\":\"La Sentinelle\",\"description\":\"Quotidien national d&#039;information\",\"publisher\":{\"@id\":\"https:\\\/\\\/lasentinelle.dz\\\/#organization\"},\"potentialAction\":[{\"@type\":\"SearchAction\",\"target\":{\"@type\":\"EntryPoint\",\"urlTemplate\":\"https:\\\/\\\/lasentinelle.dz\\\/?s={search_term_string}\"},\"query-input\":{\"@type\":\"PropertyValueSpecification\",\"valueRequired\":true,\"valueName\":\"search_term_string\"}}],\"inLanguage\":\"fr-FR\"},{\"@type\":\"Organization\",\"@id\":\"https:\\\/\\\/lasentinelle.dz\\\/#organization\",\"name\":\"Quotidien La Sentinelle\",\"url\":\"https:\\\/\\\/lasentinelle.dz\\\/\",\"logo\":{\"@type\":\"ImageObject\",\"inLanguage\":\"fr-FR\",\"@id\":\"https:\\\/\\\/lasentinelle.dz\\\/#\\\/schema\\\/logo\\\/image\\\/\",\"url\":\"https:\\\/\\\/lasentinelle.dz\\\/wp-content\\\/uploads\\\/2021\\\/09\\\/logo-sentinelleSLOGAN-1.png\",\"contentUrl\":\"https:\\\/\\\/lasentinelle.dz\\\/wp-content\\\/uploads\\\/2021\\\/09\\\/logo-sentinelleSLOGAN-1.png\",\"width\":615,\"height\":142,\"caption\":\"Quotidien La Sentinelle\"},\"image\":{\"@id\":\"https:\\\/\\\/lasentinelle.dz\\\/#\\\/schema\\\/logo\\\/image\\\/\"},\"sameAs\":[\"https:\\\/\\\/www.facebook.com\\\/La-Sentinelle-104059864394773\"]},{\"@type\":\"Person\",\"@id\":\"https:\\\/\\\/lasentinelle.dz\\\/#\\\/schema\\\/person\\\/d865044e22e70a75174ce8bcad3acfb3\",\"name\":\"La Sentinelle\",\"image\":{\"@type\":\"ImageObject\",\"inLanguage\":\"fr-FR\",\"@id\":\"https:\\\/\\\/secure.gravatar.com\\\/avatar\\\/57de8e5d4b15d43fb361a71fbb36338450fe67865b528a43dd10ef7c51a20392?s=96&d=mm&r=g\",\"url\":\"https:\\\/\\\/secure.gravatar.com\\\/avatar\\\/57de8e5d4b15d43fb361a71fbb36338450fe67865b528a43dd10ef7c51a20392?s=96&d=mm&r=g\",\"contentUrl\":\"https:\\\/\\\/secure.gravatar.com\\\/avatar\\\/57de8e5d4b15d43fb361a71fbb36338450fe67865b528a43dd10ef7c51a20392?s=96&d=mm&r=g\",\"caption\":\"La Sentinelle\"},\"sameAs\":[\"http:\\\/\\\/www.lasentinelle.dz\"],\"url\":\"https:\\\/\\\/lasentinelle.dz\\\/author\\\/redaction\\\/\"}]}<\/script>\n<!-- \/ Yoast SEO plugin. -->","yoast_head_json":{"title":"Maroc: manifestations samedi et dimanche contre la corruption et les atteintes aux droits humains - La Sentinelle","robots":{"index":"index","follow":"follow","max-snippet":"max-snippet:-1","max-image-preview":"max-image-preview:large","max-video-preview":"max-video-preview:-1"},"canonical":"https:\/\/lasentinelle.dz\/index.php\/2023\/07\/11\/maroc-manifestations-samedi-et-dimanche-contre-la-corruption-et-les-atteintes-aux-droits-humains\/","og_locale":"fr_FR","og_type":"article","og_title":"Maroc: manifestations samedi et dimanche contre la corruption et les atteintes aux droits humains - La Sentinelle","og_description":"Les appels \u00e0 manifester se multiplient au Maroc, o\u00f9 sont pr\u00e9vues des actions de protestation samedi et dimanche prochains pour","og_url":"https:\/\/lasentinelle.dz\/index.php\/2023\/07\/11\/maroc-manifestations-samedi-et-dimanche-contre-la-corruption-et-les-atteintes-aux-droits-humains\/","og_site_name":"La Sentinelle","article_publisher":"https:\/\/www.facebook.com\/La-Sentinelle-104059864394773","article_published_time":"2023-07-11T21:15:28+00:00","article_modified_time":"2023-07-11T21:15:36+00:00","og_image":[{"width":1024,"height":576,"url":"https:\/\/lasentinelle.dz\/wp-content\/uploads\/2023\/05\/maroc-1024x576.png","type":"image\/png"}],"author":"La Sentinelle","twitter_card":"summary_large_image","twitter_misc":{"\u00c9crit par":"La Sentinelle","Dur\u00e9e de lecture estim\u00e9e":"3 minutes"},"schema":{"@context":"https:\/\/schema.org","@graph":[{"@type":"Article","@id":"https:\/\/lasentinelle.dz\/index.php\/2023\/07\/11\/maroc-manifestations-samedi-et-dimanche-contre-la-corruption-et-les-atteintes-aux-droits-humains\/#article","isPartOf":{"@id":"https:\/\/lasentinelle.dz\/index.php\/2023\/07\/11\/maroc-manifestations-samedi-et-dimanche-contre-la-corruption-et-les-atteintes-aux-droits-humains\/"},"author":{"name":"La Sentinelle","@id":"https:\/\/lasentinelle.dz\/#\/schema\/person\/d865044e22e70a75174ce8bcad3acfb3"},"headline":"Maroc: manifestations samedi et dimanche contre la corruption et les atteintes aux droits humains","datePublished":"2023-07-11T21:15:28+00:00","dateModified":"2023-07-11T21:15:36+00:00","mainEntityOfPage":{"@id":"https:\/\/lasentinelle.dz\/index.php\/2023\/07\/11\/maroc-manifestations-samedi-et-dimanche-contre-la-corruption-et-les-atteintes-aux-droits-humains\/"},"wordCount":552,"commentCount":0,"publisher":{"@id":"https:\/\/lasentinelle.dz\/#organization"},"image":{"@id":"https:\/\/lasentinelle.dz\/index.php\/2023\/07\/11\/maroc-manifestations-samedi-et-dimanche-contre-la-corruption-et-les-atteintes-aux-droits-humains\/#primaryimage"},"thumbnailUrl":"https:\/\/lasentinelle.dz\/wp-content\/uploads\/2023\/05\/maroc.png","articleSection":["Monde"],"inLanguage":"fr-FR","potentialAction":[{"@type":"CommentAction","name":"Comment","target":["https:\/\/lasentinelle.dz\/index.php\/2023\/07\/11\/maroc-manifestations-samedi-et-dimanche-contre-la-corruption-et-les-atteintes-aux-droits-humains\/#respond"]}]},{"@type":"WebPage","@id":"https:\/\/lasentinelle.dz\/index.php\/2023\/07\/11\/maroc-manifestations-samedi-et-dimanche-contre-la-corruption-et-les-atteintes-aux-droits-humains\/","url":"https:\/\/lasentinelle.dz\/index.php\/2023\/07\/11\/maroc-manifestations-samedi-et-dimanche-contre-la-corruption-et-les-atteintes-aux-droits-humains\/","name":"Maroc: manifestations samedi et dimanche contre la corruption et les atteintes aux droits humains - La Sentinelle","isPartOf":{"@id":"https:\/\/lasentinelle.dz\/#website"},"primaryImageOfPage":{"@id":"https:\/\/lasentinelle.dz\/index.php\/2023\/07\/11\/maroc-manifestations-samedi-et-dimanche-contre-la-corruption-et-les-atteintes-aux-droits-humains\/#primaryimage"},"image":{"@id":"https:\/\/lasentinelle.dz\/index.php\/2023\/07\/11\/maroc-manifestations-samedi-et-dimanche-contre-la-corruption-et-les-atteintes-aux-droits-humains\/#primaryimage"},"thumbnailUrl":"https:\/\/lasentinelle.dz\/wp-content\/uploads\/2023\/05\/maroc.png","datePublished":"2023-07-11T21:15:28+00:00","dateModified":"2023-07-11T21:15:36+00:00","breadcrumb":{"@id":"https:\/\/lasentinelle.dz\/index.php\/2023\/07\/11\/maroc-manifestations-samedi-et-dimanche-contre-la-corruption-et-les-atteintes-aux-droits-humains\/#breadcrumb"},"inLanguage":"fr-FR","potentialAction":[{"@type":"ReadAction","target":["https:\/\/lasentinelle.dz\/index.php\/2023\/07\/11\/maroc-manifestations-samedi-et-dimanche-contre-la-corruption-et-les-atteintes-aux-droits-humains\/"]}]},{"@type":"ImageObject","inLanguage":"fr-FR","@id":"https:\/\/lasentinelle.dz\/index.php\/2023\/07\/11\/maroc-manifestations-samedi-et-dimanche-contre-la-corruption-et-les-atteintes-aux-droits-humains\/#primaryimage","url":"https:\/\/lasentinelle.dz\/wp-content\/uploads\/2023\/05\/maroc.png","contentUrl":"https:\/\/lasentinelle.dz\/wp-content\/uploads\/2023\/05\/maroc.png","width":1601,"height":900},{"@type":"BreadcrumbList","@id":"https:\/\/lasentinelle.dz\/index.php\/2023\/07\/11\/maroc-manifestations-samedi-et-dimanche-contre-la-corruption-et-les-atteintes-aux-droits-humains\/#breadcrumb","itemListElement":[{"@type":"ListItem","position":1,"name":"Accueil","item":"https:\/\/lasentinelle.dz\/"},{"@type":"ListItem","position":2,"name":"Maroc: manifestations samedi et dimanche contre la corruption et les atteintes aux droits humains"}]},{"@type":"WebSite","@id":"https:\/\/lasentinelle.dz\/#website","url":"https:\/\/lasentinelle.dz\/","name":"La Sentinelle","description":"Quotidien national d&#039;information","publisher":{"@id":"https:\/\/lasentinelle.dz\/#organization"},"potentialAction":[{"@type":"SearchAction","target":{"@type":"EntryPoint","urlTemplate":"https:\/\/lasentinelle.dz\/?s={search_term_string}"},"query-input":{"@type":"PropertyValueSpecification","valueRequired":true,"valueName":"search_term_string"}}],"inLanguage":"fr-FR"},{"@type":"Organization","@id":"https:\/\/lasentinelle.dz\/#organization","name":"Quotidien La Sentinelle","url":"https:\/\/lasentinelle.dz\/","logo":{"@type":"ImageObject","inLanguage":"fr-FR","@id":"https:\/\/lasentinelle.dz\/#\/schema\/logo\/image\/","url":"https:\/\/lasentinelle.dz\/wp-content\/uploads\/2021\/09\/logo-sentinelleSLOGAN-1.png","contentUrl":"https:\/\/lasentinelle.dz\/wp-content\/uploads\/2021\/09\/logo-sentinelleSLOGAN-1.png","width":615,"height":142,"caption":"Quotidien La Sentinelle"},"image":{"@id":"https:\/\/lasentinelle.dz\/#\/schema\/logo\/image\/"},"sameAs":["https:\/\/www.facebook.com\/La-Sentinelle-104059864394773"]},{"@type":"Person","@id":"https:\/\/lasentinelle.dz\/#\/schema\/person\/d865044e22e70a75174ce8bcad3acfb3","name":"La Sentinelle","image":{"@type":"ImageObject","inLanguage":"fr-FR","@id":"https:\/\/secure.gravatar.com\/avatar\/57de8e5d4b15d43fb361a71fbb36338450fe67865b528a43dd10ef7c51a20392?s=96&d=mm&r=g","url":"https:\/\/secure.gravatar.com\/avatar\/57de8e5d4b15d43fb361a71fbb36338450fe67865b528a43dd10ef7c51a20392?s=96&d=mm&r=g","contentUrl":"https:\/\/secure.gravatar.com\/avatar\/57de8e5d4b15d43fb361a71fbb36338450fe67865b528a43dd10ef7c51a20392?s=96&d=mm&r=g","caption":"La Sentinelle"},"sameAs":["http:\/\/www.lasentinelle.dz"],"url":"https:\/\/lasentinelle.dz\/author\/redaction\/"}]}},"_links":{"self":[{"href":"https:\/\/lasentinelle.dz\/index.php\/wp-json\/wp\/v2\/posts\/43497","targetHints":{"allow":["GET"]}}],"collection":[{"href":"https:\/\/lasentinelle.dz\/index.php\/wp-json\/wp\/v2\/posts"}],"about":[{"href":"https:\/\/lasentinelle.dz\/index.php\/wp-json\/wp\/v2\/types\/post"}],"author":[{"embeddable":true,"href":"https:\/\/lasentinelle.dz\/index.php\/wp-json\/wp\/v2\/users\/3"}],"replies":[{"embeddable":true,"href":"https:\/\/lasentinelle.dz\/index.php\/wp-json\/wp\/v2\/comments?post=43497"}],"version-history":[{"count":1,"href":"https:\/\/lasentinelle.dz\/index.php\/wp-json\/wp\/v2\/posts\/43497\/revisions"}],"predecessor-version":[{"id":43498,"href":"https:\/\/lasentinelle.dz\/index.php\/wp-json\/wp\/v2\/posts\/43497\/revisions\/43498"}],"wp:featuredmedia":[{"embeddable":true,"href":"https:\/\/lasentinelle.dz\/index.php\/wp-json\/wp\/v2\/media\/40366"}],"wp:attachment":[{"href":"https:\/\/lasentinelle.dz\/index.php\/wp-json\/wp\/v2\/media?parent=43497"}],"wp:term":[{"taxonomy":"category","embeddable":true,"href":"https:\/\/lasentinelle.dz\/index.php\/wp-json\/wp\/v2\/categories?post=43497"},{"taxonomy":"post_tag","embeddable":true,"href":"https:\/\/lasentinelle.dz\/index.php\/wp-json\/wp\/v2\/tags?post=43497"}],"curies":[{"name":"wp","href":"https:\/\/api.w.org\/{rel}","templated":true}]}}