{"id":43535,"date":"2023-07-11T23:26:00","date_gmt":"2023-07-11T22:26:00","guid":{"rendered":"https:\/\/lasentinelle.dz\/?p=43535"},"modified":"2023-07-11T23:26:05","modified_gmt":"2023-07-11T22:26:05","slug":"nouvelle-loi-miniere-le-texte-sera-soumis-au-parlement-avant-la-fin-de-lannee","status":"publish","type":"post","link":"https:\/\/lasentinelle.dz\/index.php\/2023\/07\/11\/nouvelle-loi-miniere-le-texte-sera-soumis-au-parlement-avant-la-fin-de-lannee\/","title":{"rendered":"Nouvelle loi mini\u00e8re&nbsp;: Le texte sera soumis au Parlement avant la fin de l\u2019ann\u00e9e"},"content":{"rendered":"\n<p>Le plan de d\u00e9veloppement minier pr\u00e9voit, en plus des grands projets structurants pr\u00e9vus pour le secteur, une refonte du cadre r\u00e9glementaire r\u00e9gissant le secteur. L\u2019objectif est d\u2019introduire des incitations susceptibles d\u2019attirer les investisseurs ayant les capacit\u00e9s de valoriser le potentiel alg\u00e9rien en produits miniers et terres rares. Dans ce contexte le<\/p>\n\n\n\n<p>Pr\u00e9sident du directoire de l&rsquo;Agence nationale des activit\u00e9s mini\u00e8res relevant du minist\u00e8re de l&rsquo;\u00c9nergie et des Mines, Mourad Hanifi, a indiqu\u00e9 hier que la loi sur les mines est actuellement au niveau du Secr\u00e9tariat g\u00e9n\u00e9ral du gouvernement. Il annonce ainsi un examen prochain du texte par le gouvernement et par les plus hautes autorit\u00e9s du pays, ce qui ouvrira la voie \u00e0 la soumission de la nouvelle loi au d\u00e9bat parlementaire avant la fin de l&rsquo;ann\u00e9e en cours. Invit\u00e9 \u00e0 s\u2019exprimer sur les ondes de la Radio alg\u00e9rienne, le m\u00eame responsable a \u00e9galement rappel\u00e9 que le minist\u00e8re de l&rsquo;\u00c9nergie et des Mines a \u00e9labor\u00e9 depuis 2020 une strat\u00e9gie visant dynamiser er l&rsquo;industrie mini\u00e8re en Alg\u00e9rie et \u00e0 am\u00e9liorer sa contribution \u00e0 l&rsquo;\u00e9conomie nationale en cr\u00e9ant un climat favorable \u00e0 l&rsquo;investissement pour attirer les investisseurs dans le domaine de l&rsquo;exploration mini\u00e8re.<\/p>\n\n\n\n<p>En ce qui concerne le projet de la mine de Ghar Djebilet, l&rsquo;invit\u00e9 de la Radio rappel\u00e9 que la phase initiale d&rsquo;exploitation de la mine a permis d\u2019identifier ses caract\u00e9ristiques techniques. Il est ainsi revenu sur la r\u00e9cente signature d&rsquo;un accord de partenariat et de coop\u00e9ration avec une entreprise chinoise sp\u00e9cialis\u00e9e dans le secteur minier pour la construction d&rsquo;usines dans la wilaya de B\u00e9char afin de transformer le minerai de fer en produits semi-finis pour l\u2019industrie sid\u00e9rurgique.Il a \u00e9galement \u00e9voqu\u00e9 le projet d&rsquo;exploitation de la mine de zinc et de plomb \u00e0 Oued Amizour \u00e0 B\u00e9ja\u00efa, d\u00e9couvert en 1989, estimant que c\u2019est l&rsquo;un des projets structurants pour l&rsquo;\u00e9conomie nationale, permettant de cr\u00e9er une valeur ajout\u00e9e. Ce projet devrait employer environ 800 travailleurs.<\/p>\n\n\n\n<p>Samir Benisid<\/p>\n","protected":false},"excerpt":{"rendered":"<p>Le plan de d\u00e9veloppement minier pr\u00e9voit, en plus des grands projets structurants pr\u00e9vus pour le secteur, une refonte du cadre<\/p>\n","protected":false},"author":3,"featured_media":40564,"comment_status":"open","ping_status":"closed","sticky":false,"template":"","format":"standard","meta":{"colormag_page_container_layout":"default_layout","colormag_page_sidebar_layout":"default_layout","om_disable_all_campaigns":false,"_monsterinsights_skip_tracking":false,"_monsterinsights_sitenote_active":false,"_monsterinsights_sitenote_note":"","_monsterinsights_sitenote_category":0,"footnotes":"","_wpscppro_dont_share_socialmedia":false,"_wpscppro_custom_social_share_image":0,"_facebook_share_type":"","_twitter_share_type":"","_linkedin_share_type":"","_pinterest_share_type":"","_linkedin_share_type_page":"","_instagram_share_type":"","_medium_share_type":"","_threads_share_type":"","_google_business_share_type":"","_selected_social_profile":[],"_wpsp_enable_custom_social_template":false,"_wpsp_social_scheduling":{"enabled":false,"datetime":null,"platforms":[],"status":"template_only","dateOption":"today","timeOption":"now","customDays":"","customHours":"","customDate":"","customTime":"","schedulingType":"absolute"},"_wpsp_active_default_template":true},"categories":[52,29],"tags":[],"class_list":["post-43535","post","type-post","status-publish","format-standard","has-post-thumbnail","hentry","category-a-la-une","category-economie"],"aioseo_notices":[],"yoast_head":"<!-- This site is optimized with the Yoast SEO plugin v27.5 - https:\/\/yoast.com\/product\/yoast-seo-wordpress\/ -->\n<title>Nouvelle loi mini\u00e8re&nbsp;: Le texte sera soumis au Parlement avant la fin de l\u2019ann\u00e9e - La Sentinelle<\/title>\n<meta name=\"robots\" content=\"index, follow, max-snippet:-1, max-image-preview:large, max-video-preview:-1\" \/>\n<link rel=\"canonical\" href=\"https:\/\/lasentinelle.dz\/index.php\/2023\/07\/11\/nouvelle-loi-miniere-le-texte-sera-soumis-au-parlement-avant-la-fin-de-lannee\/\" \/>\n<meta property=\"og:locale\" content=\"fr_FR\" \/>\n<meta property=\"og:type\" content=\"article\" \/>\n<meta property=\"og:title\" content=\"Nouvelle loi mini\u00e8re&nbsp;: Le texte sera soumis au Parlement avant la fin de l\u2019ann\u00e9e - La Sentinelle\" \/>\n<meta property=\"og:description\" content=\"Le plan de d\u00e9veloppement minier pr\u00e9voit, en plus des grands projets structurants pr\u00e9vus pour le secteur, une refonte du cadre\" \/>\n<meta property=\"og:url\" content=\"https:\/\/lasentinelle.dz\/index.php\/2023\/07\/11\/nouvelle-loi-miniere-le-texte-sera-soumis-au-parlement-avant-la-fin-de-lannee\/\" \/>\n<meta property=\"og:site_name\" content=\"La Sentinelle\" \/>\n<meta property=\"article:publisher\" content=\"https:\/\/www.facebook.com\/La-Sentinelle-104059864394773\" \/>\n<meta property=\"article:published_time\" content=\"2023-07-11T22:26:00+00:00\" \/>\n<meta property=\"article:modified_time\" content=\"2023-07-11T22:26:05+00:00\" \/>\n<meta property=\"og:image\" content=\"https:\/\/lasentinelle.dz\/wp-content\/uploads\/2023\/05\/Mine.png\" \/>\n\t<meta property=\"og:image:width\" content=\"1595\" \/>\n\t<meta property=\"og:image:height\" content=\"900\" \/>\n\t<meta property=\"og:image:type\" content=\"image\/png\" \/>\n<meta name=\"author\" content=\"La Sentinelle\" \/>\n<meta name=\"twitter:card\" content=\"summary_large_image\" \/>\n<meta name=\"twitter:label1\" content=\"\u00c9crit par\" \/>\n\t<meta name=\"twitter:data1\" content=\"La Sentinelle\" \/>\n\t<meta name=\"twitter:label2\" content=\"Dur\u00e9e de lecture estim\u00e9e\" \/>\n\t<meta name=\"twitter:data2\" content=\"2 minutes\" \/>\n<script type=\"application\/ld+json\" class=\"yoast-schema-graph\">{\"@context\":\"https:\\\/\\\/schema.org\",\"@graph\":[{\"@type\":\"Article\",\"@id\":\"https:\\\/\\\/lasentinelle.dz\\\/index.php\\\/2023\\\/07\\\/11\\\/nouvelle-loi-miniere-le-texte-sera-soumis-au-parlement-avant-la-fin-de-lannee\\\/#article\",\"isPartOf\":{\"@id\":\"https:\\\/\\\/lasentinelle.dz\\\/index.php\\\/2023\\\/07\\\/11\\\/nouvelle-loi-miniere-le-texte-sera-soumis-au-parlement-avant-la-fin-de-lannee\\\/\"},\"author\":{\"name\":\"La Sentinelle\",\"@id\":\"https:\\\/\\\/lasentinelle.dz\\\/#\\\/schema\\\/person\\\/d865044e22e70a75174ce8bcad3acfb3\"},\"headline\":\"Nouvelle loi mini\u00e8re&nbsp;: Le texte sera soumis au Parlement avant la fin de l\u2019ann\u00e9e\",\"datePublished\":\"2023-07-11T22:26:00+00:00\",\"dateModified\":\"2023-07-11T22:26:05+00:00\",\"mainEntityOfPage\":{\"@id\":\"https:\\\/\\\/lasentinelle.dz\\\/index.php\\\/2023\\\/07\\\/11\\\/nouvelle-loi-miniere-le-texte-sera-soumis-au-parlement-avant-la-fin-de-lannee\\\/\"},\"wordCount\":384,\"commentCount\":0,\"publisher\":{\"@id\":\"https:\\\/\\\/lasentinelle.dz\\\/#organization\"},\"image\":{\"@id\":\"https:\\\/\\\/lasentinelle.dz\\\/index.php\\\/2023\\\/07\\\/11\\\/nouvelle-loi-miniere-le-texte-sera-soumis-au-parlement-avant-la-fin-de-lannee\\\/#primaryimage\"},\"thumbnailUrl\":\"https:\\\/\\\/lasentinelle.dz\\\/wp-content\\\/uploads\\\/2023\\\/05\\\/Mine.png\",\"articleSection\":[\"\u00c0 la Une\",\"\u00c9conomie\"],\"inLanguage\":\"fr-FR\",\"potentialAction\":[{\"@type\":\"CommentAction\",\"name\":\"Comment\",\"target\":[\"https:\\\/\\\/lasentinelle.dz\\\/index.php\\\/2023\\\/07\\\/11\\\/nouvelle-loi-miniere-le-texte-sera-soumis-au-parlement-avant-la-fin-de-lannee\\\/#respond\"]}]},{\"@type\":\"WebPage\",\"@id\":\"https:\\\/\\\/lasentinelle.dz\\\/index.php\\\/2023\\\/07\\\/11\\\/nouvelle-loi-miniere-le-texte-sera-soumis-au-parlement-avant-la-fin-de-lannee\\\/\",\"url\":\"https:\\\/\\\/lasentinelle.dz\\\/index.php\\\/2023\\\/07\\\/11\\\/nouvelle-loi-miniere-le-texte-sera-soumis-au-parlement-avant-la-fin-de-lannee\\\/\",\"name\":\"Nouvelle loi mini\u00e8re&nbsp;: Le texte sera soumis au Parlement avant la fin de l\u2019ann\u00e9e - La Sentinelle\",\"isPartOf\":{\"@id\":\"https:\\\/\\\/lasentinelle.dz\\\/#website\"},\"primaryImageOfPage\":{\"@id\":\"https:\\\/\\\/lasentinelle.dz\\\/index.php\\\/2023\\\/07\\\/11\\\/nouvelle-loi-miniere-le-texte-sera-soumis-au-parlement-avant-la-fin-de-lannee\\\/#primaryimage\"},\"image\":{\"@id\":\"https:\\\/\\\/lasentinelle.dz\\\/index.php\\\/2023\\\/07\\\/11\\\/nouvelle-loi-miniere-le-texte-sera-soumis-au-parlement-avant-la-fin-de-lannee\\\/#primaryimage\"},\"thumbnailUrl\":\"https:\\\/\\\/lasentinelle.dz\\\/wp-content\\\/uploads\\\/2023\\\/05\\\/Mine.png\",\"datePublished\":\"2023-07-11T22:26:00+00:00\",\"dateModified\":\"2023-07-11T22:26:05+00:00\",\"breadcrumb\":{\"@id\":\"https:\\\/\\\/lasentinelle.dz\\\/index.php\\\/2023\\\/07\\\/11\\\/nouvelle-loi-miniere-le-texte-sera-soumis-au-parlement-avant-la-fin-de-lannee\\\/#breadcrumb\"},\"inLanguage\":\"fr-FR\",\"potentialAction\":[{\"@type\":\"ReadAction\",\"target\":[\"https:\\\/\\\/lasentinelle.dz\\\/index.php\\\/2023\\\/07\\\/11\\\/nouvelle-loi-miniere-le-texte-sera-soumis-au-parlement-avant-la-fin-de-lannee\\\/\"]}]},{\"@type\":\"ImageObject\",\"inLanguage\":\"fr-FR\",\"@id\":\"https:\\\/\\\/lasentinelle.dz\\\/index.php\\\/2023\\\/07\\\/11\\\/nouvelle-loi-miniere-le-texte-sera-soumis-au-parlement-avant-la-fin-de-lannee\\\/#primaryimage\",\"url\":\"https:\\\/\\\/lasentinelle.dz\\\/wp-content\\\/uploads\\\/2023\\\/05\\\/Mine.png\",\"contentUrl\":\"https:\\\/\\\/lasentinelle.dz\\\/wp-content\\\/uploads\\\/2023\\\/05\\\/Mine.png\",\"width\":1595,\"height\":900},{\"@type\":\"BreadcrumbList\",\"@id\":\"https:\\\/\\\/lasentinelle.dz\\\/index.php\\\/2023\\\/07\\\/11\\\/nouvelle-loi-miniere-le-texte-sera-soumis-au-parlement-avant-la-fin-de-lannee\\\/#breadcrumb\",\"itemListElement\":[{\"@type\":\"ListItem\",\"position\":1,\"name\":\"Accueil\",\"item\":\"https:\\\/\\\/lasentinelle.dz\\\/\"},{\"@type\":\"ListItem\",\"position\":2,\"name\":\"Nouvelle loi mini\u00e8re&nbsp;: Le texte sera soumis au Parlement avant la fin de l\u2019ann\u00e9e\"}]},{\"@type\":\"WebSite\",\"@id\":\"https:\\\/\\\/lasentinelle.dz\\\/#website\",\"url\":\"https:\\\/\\\/lasentinelle.dz\\\/\",\"name\":\"La Sentinelle\",\"description\":\"Quotidien national d&#039;information\",\"publisher\":{\"@id\":\"https:\\\/\\\/lasentinelle.dz\\\/#organization\"},\"potentialAction\":[{\"@type\":\"SearchAction\",\"target\":{\"@type\":\"EntryPoint\",\"urlTemplate\":\"https:\\\/\\\/lasentinelle.dz\\\/?s={search_term_string}\"},\"query-input\":{\"@type\":\"PropertyValueSpecification\",\"valueRequired\":true,\"valueName\":\"search_term_string\"}}],\"inLanguage\":\"fr-FR\"},{\"@type\":\"Organization\",\"@id\":\"https:\\\/\\\/lasentinelle.dz\\\/#organization\",\"name\":\"Quotidien La Sentinelle\",\"url\":\"https:\\\/\\\/lasentinelle.dz\\\/\",\"logo\":{\"@type\":\"ImageObject\",\"inLanguage\":\"fr-FR\",\"@id\":\"https:\\\/\\\/lasentinelle.dz\\\/#\\\/schema\\\/logo\\\/image\\\/\",\"url\":\"https:\\\/\\\/lasentinelle.dz\\\/wp-content\\\/uploads\\\/2021\\\/09\\\/logo-sentinelleSLOGAN-1.png\",\"contentUrl\":\"https:\\\/\\\/lasentinelle.dz\\\/wp-content\\\/uploads\\\/2021\\\/09\\\/logo-sentinelleSLOGAN-1.png\",\"width\":615,\"height\":142,\"caption\":\"Quotidien La Sentinelle\"},\"image\":{\"@id\":\"https:\\\/\\\/lasentinelle.dz\\\/#\\\/schema\\\/logo\\\/image\\\/\"},\"sameAs\":[\"https:\\\/\\\/www.facebook.com\\\/La-Sentinelle-104059864394773\"]},{\"@type\":\"Person\",\"@id\":\"https:\\\/\\\/lasentinelle.dz\\\/#\\\/schema\\\/person\\\/d865044e22e70a75174ce8bcad3acfb3\",\"name\":\"La Sentinelle\",\"image\":{\"@type\":\"ImageObject\",\"inLanguage\":\"fr-FR\",\"@id\":\"https:\\\/\\\/secure.gravatar.com\\\/avatar\\\/57de8e5d4b15d43fb361a71fbb36338450fe67865b528a43dd10ef7c51a20392?s=96&d=mm&r=g\",\"url\":\"https:\\\/\\\/secure.gravatar.com\\\/avatar\\\/57de8e5d4b15d43fb361a71fbb36338450fe67865b528a43dd10ef7c51a20392?s=96&d=mm&r=g\",\"contentUrl\":\"https:\\\/\\\/secure.gravatar.com\\\/avatar\\\/57de8e5d4b15d43fb361a71fbb36338450fe67865b528a43dd10ef7c51a20392?s=96&d=mm&r=g\",\"caption\":\"La Sentinelle\"},\"sameAs\":[\"http:\\\/\\\/www.lasentinelle.dz\"],\"url\":\"https:\\\/\\\/lasentinelle.dz\\\/author\\\/redaction\\\/\"}]}<\/script>\n<!-- \/ Yoast SEO plugin. -->","yoast_head_json":{"title":"Nouvelle loi mini\u00e8re&nbsp;: Le texte sera soumis au Parlement avant la fin de l\u2019ann\u00e9e - La Sentinelle","robots":{"index":"index","follow":"follow","max-snippet":"max-snippet:-1","max-image-preview":"max-image-preview:large","max-video-preview":"max-video-preview:-1"},"canonical":"https:\/\/lasentinelle.dz\/index.php\/2023\/07\/11\/nouvelle-loi-miniere-le-texte-sera-soumis-au-parlement-avant-la-fin-de-lannee\/","og_locale":"fr_FR","og_type":"article","og_title":"Nouvelle loi mini\u00e8re&nbsp;: Le texte sera soumis au Parlement avant la fin de l\u2019ann\u00e9e - La Sentinelle","og_description":"Le plan de d\u00e9veloppement minier pr\u00e9voit, en plus des grands projets structurants pr\u00e9vus pour le secteur, une refonte du cadre","og_url":"https:\/\/lasentinelle.dz\/index.php\/2023\/07\/11\/nouvelle-loi-miniere-le-texte-sera-soumis-au-parlement-avant-la-fin-de-lannee\/","og_site_name":"La Sentinelle","article_publisher":"https:\/\/www.facebook.com\/La-Sentinelle-104059864394773","article_published_time":"2023-07-11T22:26:00+00:00","article_modified_time":"2023-07-11T22:26:05+00:00","og_image":[{"width":1595,"height":900,"url":"https:\/\/lasentinelle.dz\/wp-content\/uploads\/2023\/05\/Mine.png","type":"image\/png"}],"author":"La Sentinelle","twitter_card":"summary_large_image","twitter_misc":{"\u00c9crit par":"La Sentinelle","Dur\u00e9e de lecture estim\u00e9e":"2 minutes"},"schema":{"@context":"https:\/\/schema.org","@graph":[{"@type":"Article","@id":"https:\/\/lasentinelle.dz\/index.php\/2023\/07\/11\/nouvelle-loi-miniere-le-texte-sera-soumis-au-parlement-avant-la-fin-de-lannee\/#article","isPartOf":{"@id":"https:\/\/lasentinelle.dz\/index.php\/2023\/07\/11\/nouvelle-loi-miniere-le-texte-sera-soumis-au-parlement-avant-la-fin-de-lannee\/"},"author":{"name":"La Sentinelle","@id":"https:\/\/lasentinelle.dz\/#\/schema\/person\/d865044e22e70a75174ce8bcad3acfb3"},"headline":"Nouvelle loi mini\u00e8re&nbsp;: Le texte sera soumis au Parlement avant la fin de l\u2019ann\u00e9e","datePublished":"2023-07-11T22:26:00+00:00","dateModified":"2023-07-11T22:26:05+00:00","mainEntityOfPage":{"@id":"https:\/\/lasentinelle.dz\/index.php\/2023\/07\/11\/nouvelle-loi-miniere-le-texte-sera-soumis-au-parlement-avant-la-fin-de-lannee\/"},"wordCount":384,"commentCount":0,"publisher":{"@id":"https:\/\/lasentinelle.dz\/#organization"},"image":{"@id":"https:\/\/lasentinelle.dz\/index.php\/2023\/07\/11\/nouvelle-loi-miniere-le-texte-sera-soumis-au-parlement-avant-la-fin-de-lannee\/#primaryimage"},"thumbnailUrl":"https:\/\/lasentinelle.dz\/wp-content\/uploads\/2023\/05\/Mine.png","articleSection":["\u00c0 la Une","\u00c9conomie"],"inLanguage":"fr-FR","potentialAction":[{"@type":"CommentAction","name":"Comment","target":["https:\/\/lasentinelle.dz\/index.php\/2023\/07\/11\/nouvelle-loi-miniere-le-texte-sera-soumis-au-parlement-avant-la-fin-de-lannee\/#respond"]}]},{"@type":"WebPage","@id":"https:\/\/lasentinelle.dz\/index.php\/2023\/07\/11\/nouvelle-loi-miniere-le-texte-sera-soumis-au-parlement-avant-la-fin-de-lannee\/","url":"https:\/\/lasentinelle.dz\/index.php\/2023\/07\/11\/nouvelle-loi-miniere-le-texte-sera-soumis-au-parlement-avant-la-fin-de-lannee\/","name":"Nouvelle loi mini\u00e8re&nbsp;: Le texte sera soumis au Parlement avant la fin de l\u2019ann\u00e9e - La Sentinelle","isPartOf":{"@id":"https:\/\/lasentinelle.dz\/#website"},"primaryImageOfPage":{"@id":"https:\/\/lasentinelle.dz\/index.php\/2023\/07\/11\/nouvelle-loi-miniere-le-texte-sera-soumis-au-parlement-avant-la-fin-de-lannee\/#primaryimage"},"image":{"@id":"https:\/\/lasentinelle.dz\/index.php\/2023\/07\/11\/nouvelle-loi-miniere-le-texte-sera-soumis-au-parlement-avant-la-fin-de-lannee\/#primaryimage"},"thumbnailUrl":"https:\/\/lasentinelle.dz\/wp-content\/uploads\/2023\/05\/Mine.png","datePublished":"2023-07-11T22:26:00+00:00","dateModified":"2023-07-11T22:26:05+00:00","breadcrumb":{"@id":"https:\/\/lasentinelle.dz\/index.php\/2023\/07\/11\/nouvelle-loi-miniere-le-texte-sera-soumis-au-parlement-avant-la-fin-de-lannee\/#breadcrumb"},"inLanguage":"fr-FR","potentialAction":[{"@type":"ReadAction","target":["https:\/\/lasentinelle.dz\/index.php\/2023\/07\/11\/nouvelle-loi-miniere-le-texte-sera-soumis-au-parlement-avant-la-fin-de-lannee\/"]}]},{"@type":"ImageObject","inLanguage":"fr-FR","@id":"https:\/\/lasentinelle.dz\/index.php\/2023\/07\/11\/nouvelle-loi-miniere-le-texte-sera-soumis-au-parlement-avant-la-fin-de-lannee\/#primaryimage","url":"https:\/\/lasentinelle.dz\/wp-content\/uploads\/2023\/05\/Mine.png","contentUrl":"https:\/\/lasentinelle.dz\/wp-content\/uploads\/2023\/05\/Mine.png","width":1595,"height":900},{"@type":"BreadcrumbList","@id":"https:\/\/lasentinelle.dz\/index.php\/2023\/07\/11\/nouvelle-loi-miniere-le-texte-sera-soumis-au-parlement-avant-la-fin-de-lannee\/#breadcrumb","itemListElement":[{"@type":"ListItem","position":1,"name":"Accueil","item":"https:\/\/lasentinelle.dz\/"},{"@type":"ListItem","position":2,"name":"Nouvelle loi mini\u00e8re&nbsp;: Le texte sera soumis au Parlement avant la fin de l\u2019ann\u00e9e"}]},{"@type":"WebSite","@id":"https:\/\/lasentinelle.dz\/#website","url":"https:\/\/lasentinelle.dz\/","name":"La Sentinelle","description":"Quotidien national d&#039;information","publisher":{"@id":"https:\/\/lasentinelle.dz\/#organization"},"potentialAction":[{"@type":"SearchAction","target":{"@type":"EntryPoint","urlTemplate":"https:\/\/lasentinelle.dz\/?s={search_term_string}"},"query-input":{"@type":"PropertyValueSpecification","valueRequired":true,"valueName":"search_term_string"}}],"inLanguage":"fr-FR"},{"@type":"Organization","@id":"https:\/\/lasentinelle.dz\/#organization","name":"Quotidien La Sentinelle","url":"https:\/\/lasentinelle.dz\/","logo":{"@type":"ImageObject","inLanguage":"fr-FR","@id":"https:\/\/lasentinelle.dz\/#\/schema\/logo\/image\/","url":"https:\/\/lasentinelle.dz\/wp-content\/uploads\/2021\/09\/logo-sentinelleSLOGAN-1.png","contentUrl":"https:\/\/lasentinelle.dz\/wp-content\/uploads\/2021\/09\/logo-sentinelleSLOGAN-1.png","width":615,"height":142,"caption":"Quotidien La Sentinelle"},"image":{"@id":"https:\/\/lasentinelle.dz\/#\/schema\/logo\/image\/"},"sameAs":["https:\/\/www.facebook.com\/La-Sentinelle-104059864394773"]},{"@type":"Person","@id":"https:\/\/lasentinelle.dz\/#\/schema\/person\/d865044e22e70a75174ce8bcad3acfb3","name":"La Sentinelle","image":{"@type":"ImageObject","inLanguage":"fr-FR","@id":"https:\/\/secure.gravatar.com\/avatar\/57de8e5d4b15d43fb361a71fbb36338450fe67865b528a43dd10ef7c51a20392?s=96&d=mm&r=g","url":"https:\/\/secure.gravatar.com\/avatar\/57de8e5d4b15d43fb361a71fbb36338450fe67865b528a43dd10ef7c51a20392?s=96&d=mm&r=g","contentUrl":"https:\/\/secure.gravatar.com\/avatar\/57de8e5d4b15d43fb361a71fbb36338450fe67865b528a43dd10ef7c51a20392?s=96&d=mm&r=g","caption":"La Sentinelle"},"sameAs":["http:\/\/www.lasentinelle.dz"],"url":"https:\/\/lasentinelle.dz\/author\/redaction\/"}]}},"_links":{"self":[{"href":"https:\/\/lasentinelle.dz\/index.php\/wp-json\/wp\/v2\/posts\/43535","targetHints":{"allow":["GET"]}}],"collection":[{"href":"https:\/\/lasentinelle.dz\/index.php\/wp-json\/wp\/v2\/posts"}],"about":[{"href":"https:\/\/lasentinelle.dz\/index.php\/wp-json\/wp\/v2\/types\/post"}],"author":[{"embeddable":true,"href":"https:\/\/lasentinelle.dz\/index.php\/wp-json\/wp\/v2\/users\/3"}],"replies":[{"embeddable":true,"href":"https:\/\/lasentinelle.dz\/index.php\/wp-json\/wp\/v2\/comments?post=43535"}],"version-history":[{"count":1,"href":"https:\/\/lasentinelle.dz\/index.php\/wp-json\/wp\/v2\/posts\/43535\/revisions"}],"predecessor-version":[{"id":43536,"href":"https:\/\/lasentinelle.dz\/index.php\/wp-json\/wp\/v2\/posts\/43535\/revisions\/43536"}],"wp:featuredmedia":[{"embeddable":true,"href":"https:\/\/lasentinelle.dz\/index.php\/wp-json\/wp\/v2\/media\/40564"}],"wp:attachment":[{"href":"https:\/\/lasentinelle.dz\/index.php\/wp-json\/wp\/v2\/media?parent=43535"}],"wp:term":[{"taxonomy":"category","embeddable":true,"href":"https:\/\/lasentinelle.dz\/index.php\/wp-json\/wp\/v2\/categories?post=43535"},{"taxonomy":"post_tag","embeddable":true,"href":"https:\/\/lasentinelle.dz\/index.php\/wp-json\/wp\/v2\/tags?post=43535"}],"curies":[{"name":"wp","href":"https:\/\/api.w.org\/{rel}","templated":true}]}}