{"id":4354,"date":"2021-08-16T23:50:00","date_gmt":"2021-08-16T22:50:00","guid":{"rendered":"https:\/\/lasentinelle.dz\/?p=4354"},"modified":"2021-08-17T14:53:10","modified_gmt":"2021-08-17T13:53:10","slug":"chasseur-de-grottes-en-slovenie-au-paradis-des-speleologues","status":"publish","type":"post","link":"https:\/\/lasentinelle.dz\/index.php\/2021\/08\/16\/chasseur-de-grottes-en-slovenie-au-paradis-des-speleologues\/","title":{"rendered":"Chasseur de grottes en Slov\u00e9nie : Au paradis des sp\u00e9l\u00e9ologues"},"content":{"rendered":"\n<p>Une simple fissure dans le sol, des herbes folles vacillant sous la pression des courants d&rsquo;air souterrains, et voil\u00e0 Ludvik Husu, un retrait\u00e9 slov\u00e8ne passionn\u00e9 des profondeurs, sur la piste d&rsquo;une nouvelle grotte.En 50 ans d&rsquo;une inlassable qu\u00eate, il ne compte plus les cavit\u00e9s qu&rsquo;il a d\u00e9couvertes dans la spectaculaire r\u00e9gion du Karst, o\u00f9 les premiers animaux cavernicoles au monde ont \u00e9t\u00e9 observ\u00e9s il y a environ deux si\u00e8cles.Plus de 14.000 grottes ont d\u00e9j\u00e0 \u00e9t\u00e9 cartographi\u00e9es dans ce pays d&rsquo;Europe centrale certes petit par la taille &#8211; 20.300 kilom\u00e8tres carr\u00e9s &#8211; mais dont les entrailles constituent un r\u00e9seau exceptionnel de galeries et de salles enfouies.\u00a0\u00bbC&rsquo;est l&rsquo;hiver qu&rsquo;on a le plus de chances de tomber sur un site encore inexplor\u00e9\u00a0\u00bb, quand les temp\u00e9ratures ext\u00e9rieures sont plus fra\u00eeches que sous la surface, cr\u00e9ant des remont\u00e9es d&rsquo;air chaud, explique \u00e0 l&rsquo;AFP le sexag\u00e9naire.R\u00e9cemment, il a d\u00e9nich\u00e9 une grotte de 60 m\u00e8tres de profondeur et l&rsquo;a baptis\u00e9e du nom de son fils, Matej.<\/p>\n\n\n\n<p>M\u00fb par une \u00ab\u00a0curiosit\u00e9\u00a0\u00bb insatiable, Ludvik Husu aime arpenter ces terres pleines de surprises, \u00e0 la fronti\u00e8re avec l&rsquo;Italie, les yeux riv\u00e9s au sol, \u00e0 la recherche d&rsquo;indices.<\/p>\n\n\n\n<p>Mettre la main sur un lieu inconnu, creuser puis descendre, muni de cordes et d&rsquo;une lampe frontale, c&rsquo;est pour lui comme d\u00e9goter un tr\u00e9sor. Qui sait ce qui repose sous terre depuis des mill\u00e9naires?L&rsquo;engouement des deux millions de Slov\u00e8nes pour les ab\u00eemes remonte \u00e0 loin: Vilenica, la plus ancienne grotte d&rsquo;Europe, se visite depuis 1633!On y trouve aussi les plus longues du continent: le r\u00e9seau de Postojna, qui s&rsquo;\u00e9tend sur 24 kms.<\/p>\n\n\n\n<p>Il fut d\u00e9couvert en 1818, quand la Slov\u00e9nie \u00e9tait sous le contr\u00f4le des Habsbourg, gr\u00e2ce au lampiste Luka Cec, charg\u00e9 de pr\u00e9parer l&rsquo;\u00e9clairage d&rsquo;une visite de l&#8217;empereur autrichien Fran\u00e7ois Ier. \u00ab\u00a0Il y a ici un monde nouveau, il y a ici un paradis!\u00a0\u00bb, se serait-il alors exclam\u00e9.Plus tard, il y trouvera \u00ab\u00a0le premier animal cavernicole, le col\u00e9opt\u00e8re Leptodirus hochenwartii\u00a0\u00bb, explique \u00e0 l&rsquo;AFP le guide Stanislav Glazar.<\/p>\n\n\n\n<p>On sait d\u00e9sormais que ce berceau de la biosp\u00e9l\u00e9ologie abrite plus de 150 esp\u00e8ces, parmi lesquelles les fameux prot\u00e9es anguillards aux allures de \u00ab\u00a0b\u00e9b\u00e9s dragons\u00a0\u00bb avec leur forme allong\u00e9e, leur gueule carr\u00e9e et leur couleur rose.Cet animal aquatique \u00ab\u00a0peut vivre jusqu&rsquo;\u00e0 100 ans, atteindre une longueur de 25 \u00e0 35 cm et rester sans nourriture pendant presque 12 ans. C&rsquo;est fantastique\u00a0\u00bb, s&rsquo;enthousiasme M. Glazar, intarissable sur le sujet.Postojna vit aussi appara\u00eetre le premier train touristique souterrain, en 1872, qui se faufile entre de multiples \u00ab\u00a0stalagtiques, stalagmites, colonnes, piliers et draperies\u00a0\u00bb.Passages secrets reli\u00e9s \u00e0 un ch\u00e2teau, lieu de remise d&rsquo;un prix litt\u00e9raire, concerts de musique classique ou m\u00eame matchs de basket: il y en a pour tous les go\u00fbts dans les grottes slov\u00e8nes, devenues un atout touristique.Les astronautes de l&rsquo;Agence spatiale europ\u00e9enne (ESA) s&rsquo;aventurent \u00e9galement dans ces espaces confin\u00e9s.Ils forment un terrain d&rsquo;entra\u00eenement \u00ab\u00a0exceptionnel\u00a0\u00bb, souligne Tomaz Zorman, responsable des grottes de Skocjan, un site class\u00e9 au patrimoine de l&rsquo;Unesco qui a accueilli une mission en 2019.\u00a0\u00bbLe monde karstique est exactement comme peut l&rsquo;\u00eatre l&rsquo;espace: c&rsquo;est un environnement inconnu dans lequel vous ne savez pas \u00e0 quoi vous attendre \u00e0 la prochaine \u00e9tape\u00a0\u00bb, d\u00e9taille-t-il, du sommet d&rsquo;un vertigineux canyon souterrain.Un univers des t\u00e9n\u00e8bres qui n&rsquo;effraie pas le t\u00e9m\u00e9raire Ludvik Husu, au moment d&rsquo;explorer des terrains vierges: \u00ab\u00a0je ne ressens aucune crainte. Les peureux n&rsquo;ont qu&rsquo;\u00e0 rester chez eux\u00a0\u00bb.<\/p>\n\n\n\n<p>AFP<\/p>\n","protected":false},"excerpt":{"rendered":"<p>Une simple fissure dans le sol, des herbes folles vacillant sous la pression des courants d&rsquo;air souterrains, et voil\u00e0 Ludvik<\/p>\n","protected":false},"author":3,"featured_media":4363,"comment_status":"open","ping_status":"closed","sticky":false,"template":"","format":"standard","meta":{"colormag_page_container_layout":"default_layout","colormag_page_sidebar_layout":"default_layout","om_disable_all_campaigns":false,"_monsterinsights_skip_tracking":false,"_monsterinsights_sitenote_active":false,"_monsterinsights_sitenote_note":"","_monsterinsights_sitenote_category":0,"footnotes":"","_wpscppro_dont_share_socialmedia":false,"_wpscppro_custom_social_share_image":0,"_facebook_share_type":"","_twitter_share_type":"","_linkedin_share_type":"","_pinterest_share_type":"","_linkedin_share_type_page":"","_instagram_share_type":"","_medium_share_type":"","_threads_share_type":"","_google_business_share_type":"","_selected_social_profile":[],"_wpsp_enable_custom_social_template":false,"_wpsp_social_scheduling":{"enabled":false,"datetime":null,"platforms":[],"status":"template_only","dateOption":"today","timeOption":"now","customDays":"","customHours":"","customDate":"","customTime":"","schedulingType":"absolute"},"_wpsp_active_default_template":true},"categories":[36],"tags":[],"class_list":["post-4354","post","type-post","status-publish","format-standard","has-post-thumbnail","hentry","category-culture"],"aioseo_notices":[],"yoast_head":"<!-- This site is optimized with the Yoast SEO plugin v27.5 - https:\/\/yoast.com\/product\/yoast-seo-wordpress\/ -->\n<title>Chasseur de grottes en Slov\u00e9nie : Au paradis des sp\u00e9l\u00e9ologues - La Sentinelle<\/title>\n<meta name=\"robots\" content=\"index, follow, max-snippet:-1, max-image-preview:large, max-video-preview:-1\" \/>\n<link rel=\"canonical\" href=\"https:\/\/lasentinelle.dz\/index.php\/2021\/08\/16\/chasseur-de-grottes-en-slovenie-au-paradis-des-speleologues\/\" \/>\n<meta property=\"og:locale\" content=\"fr_FR\" \/>\n<meta property=\"og:type\" content=\"article\" \/>\n<meta property=\"og:title\" content=\"Chasseur de grottes en Slov\u00e9nie : Au paradis des sp\u00e9l\u00e9ologues - La Sentinelle\" \/>\n<meta property=\"og:description\" content=\"Une simple fissure dans le sol, des herbes folles vacillant sous la pression des courants d&rsquo;air souterrains, et voil\u00e0 Ludvik\" \/>\n<meta property=\"og:url\" content=\"https:\/\/lasentinelle.dz\/index.php\/2021\/08\/16\/chasseur-de-grottes-en-slovenie-au-paradis-des-speleologues\/\" \/>\n<meta property=\"og:site_name\" content=\"La Sentinelle\" \/>\n<meta property=\"article:publisher\" content=\"https:\/\/www.facebook.com\/La-Sentinelle-104059864394773\" \/>\n<meta property=\"article:published_time\" content=\"2021-08-16T22:50:00+00:00\" \/>\n<meta property=\"article:modified_time\" content=\"2021-08-17T13:53:10+00:00\" \/>\n<meta property=\"og:image\" content=\"https:\/\/lasentinelle.dz\/wp-content\/uploads\/2021\/08\/image_2021-08-16_162514.png\" \/>\n\t<meta property=\"og:image:width\" content=\"300\" \/>\n\t<meta property=\"og:image:height\" content=\"168\" \/>\n\t<meta property=\"og:image:type\" content=\"image\/png\" \/>\n<meta name=\"author\" content=\"La Sentinelle\" \/>\n<meta name=\"twitter:card\" content=\"summary_large_image\" \/>\n<meta name=\"twitter:label1\" content=\"\u00c9crit par\" \/>\n\t<meta name=\"twitter:data1\" content=\"La Sentinelle\" \/>\n\t<meta name=\"twitter:label2\" content=\"Dur\u00e9e de lecture estim\u00e9e\" \/>\n\t<meta name=\"twitter:data2\" content=\"3 minutes\" \/>\n<script type=\"application\/ld+json\" class=\"yoast-schema-graph\">{\"@context\":\"https:\\\/\\\/schema.org\",\"@graph\":[{\"@type\":\"Article\",\"@id\":\"https:\\\/\\\/lasentinelle.dz\\\/index.php\\\/2021\\\/08\\\/16\\\/chasseur-de-grottes-en-slovenie-au-paradis-des-speleologues\\\/#article\",\"isPartOf\":{\"@id\":\"https:\\\/\\\/lasentinelle.dz\\\/index.php\\\/2021\\\/08\\\/16\\\/chasseur-de-grottes-en-slovenie-au-paradis-des-speleologues\\\/\"},\"author\":{\"name\":\"La Sentinelle\",\"@id\":\"https:\\\/\\\/lasentinelle.dz\\\/#\\\/schema\\\/person\\\/d865044e22e70a75174ce8bcad3acfb3\"},\"headline\":\"Chasseur de grottes en Slov\u00e9nie : Au paradis des sp\u00e9l\u00e9ologues\",\"datePublished\":\"2021-08-16T22:50:00+00:00\",\"dateModified\":\"2021-08-17T13:53:10+00:00\",\"mainEntityOfPage\":{\"@id\":\"https:\\\/\\\/lasentinelle.dz\\\/index.php\\\/2021\\\/08\\\/16\\\/chasseur-de-grottes-en-slovenie-au-paradis-des-speleologues\\\/\"},\"wordCount\":653,\"commentCount\":0,\"publisher\":{\"@id\":\"https:\\\/\\\/lasentinelle.dz\\\/#organization\"},\"image\":{\"@id\":\"https:\\\/\\\/lasentinelle.dz\\\/index.php\\\/2021\\\/08\\\/16\\\/chasseur-de-grottes-en-slovenie-au-paradis-des-speleologues\\\/#primaryimage\"},\"thumbnailUrl\":\"https:\\\/\\\/lasentinelle.dz\\\/wp-content\\\/uploads\\\/2021\\\/08\\\/image_2021-08-16_162514.png\",\"articleSection\":[\"Culture\"],\"inLanguage\":\"fr-FR\",\"potentialAction\":[{\"@type\":\"CommentAction\",\"name\":\"Comment\",\"target\":[\"https:\\\/\\\/lasentinelle.dz\\\/index.php\\\/2021\\\/08\\\/16\\\/chasseur-de-grottes-en-slovenie-au-paradis-des-speleologues\\\/#respond\"]}]},{\"@type\":\"WebPage\",\"@id\":\"https:\\\/\\\/lasentinelle.dz\\\/index.php\\\/2021\\\/08\\\/16\\\/chasseur-de-grottes-en-slovenie-au-paradis-des-speleologues\\\/\",\"url\":\"https:\\\/\\\/lasentinelle.dz\\\/index.php\\\/2021\\\/08\\\/16\\\/chasseur-de-grottes-en-slovenie-au-paradis-des-speleologues\\\/\",\"name\":\"Chasseur de grottes en Slov\u00e9nie : Au paradis des sp\u00e9l\u00e9ologues - La Sentinelle\",\"isPartOf\":{\"@id\":\"https:\\\/\\\/lasentinelle.dz\\\/#website\"},\"primaryImageOfPage\":{\"@id\":\"https:\\\/\\\/lasentinelle.dz\\\/index.php\\\/2021\\\/08\\\/16\\\/chasseur-de-grottes-en-slovenie-au-paradis-des-speleologues\\\/#primaryimage\"},\"image\":{\"@id\":\"https:\\\/\\\/lasentinelle.dz\\\/index.php\\\/2021\\\/08\\\/16\\\/chasseur-de-grottes-en-slovenie-au-paradis-des-speleologues\\\/#primaryimage\"},\"thumbnailUrl\":\"https:\\\/\\\/lasentinelle.dz\\\/wp-content\\\/uploads\\\/2021\\\/08\\\/image_2021-08-16_162514.png\",\"datePublished\":\"2021-08-16T22:50:00+00:00\",\"dateModified\":\"2021-08-17T13:53:10+00:00\",\"breadcrumb\":{\"@id\":\"https:\\\/\\\/lasentinelle.dz\\\/index.php\\\/2021\\\/08\\\/16\\\/chasseur-de-grottes-en-slovenie-au-paradis-des-speleologues\\\/#breadcrumb\"},\"inLanguage\":\"fr-FR\",\"potentialAction\":[{\"@type\":\"ReadAction\",\"target\":[\"https:\\\/\\\/lasentinelle.dz\\\/index.php\\\/2021\\\/08\\\/16\\\/chasseur-de-grottes-en-slovenie-au-paradis-des-speleologues\\\/\"]}]},{\"@type\":\"ImageObject\",\"inLanguage\":\"fr-FR\",\"@id\":\"https:\\\/\\\/lasentinelle.dz\\\/index.php\\\/2021\\\/08\\\/16\\\/chasseur-de-grottes-en-slovenie-au-paradis-des-speleologues\\\/#primaryimage\",\"url\":\"https:\\\/\\\/lasentinelle.dz\\\/wp-content\\\/uploads\\\/2021\\\/08\\\/image_2021-08-16_162514.png\",\"contentUrl\":\"https:\\\/\\\/lasentinelle.dz\\\/wp-content\\\/uploads\\\/2021\\\/08\\\/image_2021-08-16_162514.png\",\"width\":300,\"height\":168},{\"@type\":\"BreadcrumbList\",\"@id\":\"https:\\\/\\\/lasentinelle.dz\\\/index.php\\\/2021\\\/08\\\/16\\\/chasseur-de-grottes-en-slovenie-au-paradis-des-speleologues\\\/#breadcrumb\",\"itemListElement\":[{\"@type\":\"ListItem\",\"position\":1,\"name\":\"Accueil\",\"item\":\"https:\\\/\\\/lasentinelle.dz\\\/\"},{\"@type\":\"ListItem\",\"position\":2,\"name\":\"Chasseur de grottes en Slov\u00e9nie : Au paradis des sp\u00e9l\u00e9ologues\"}]},{\"@type\":\"WebSite\",\"@id\":\"https:\\\/\\\/lasentinelle.dz\\\/#website\",\"url\":\"https:\\\/\\\/lasentinelle.dz\\\/\",\"name\":\"La Sentinelle\",\"description\":\"Quotidien national d&#039;information\",\"publisher\":{\"@id\":\"https:\\\/\\\/lasentinelle.dz\\\/#organization\"},\"potentialAction\":[{\"@type\":\"SearchAction\",\"target\":{\"@type\":\"EntryPoint\",\"urlTemplate\":\"https:\\\/\\\/lasentinelle.dz\\\/?s={search_term_string}\"},\"query-input\":{\"@type\":\"PropertyValueSpecification\",\"valueRequired\":true,\"valueName\":\"search_term_string\"}}],\"inLanguage\":\"fr-FR\"},{\"@type\":\"Organization\",\"@id\":\"https:\\\/\\\/lasentinelle.dz\\\/#organization\",\"name\":\"Quotidien La Sentinelle\",\"url\":\"https:\\\/\\\/lasentinelle.dz\\\/\",\"logo\":{\"@type\":\"ImageObject\",\"inLanguage\":\"fr-FR\",\"@id\":\"https:\\\/\\\/lasentinelle.dz\\\/#\\\/schema\\\/logo\\\/image\\\/\",\"url\":\"https:\\\/\\\/lasentinelle.dz\\\/wp-content\\\/uploads\\\/2021\\\/09\\\/logo-sentinelleSLOGAN-1.png\",\"contentUrl\":\"https:\\\/\\\/lasentinelle.dz\\\/wp-content\\\/uploads\\\/2021\\\/09\\\/logo-sentinelleSLOGAN-1.png\",\"width\":615,\"height\":142,\"caption\":\"Quotidien La Sentinelle\"},\"image\":{\"@id\":\"https:\\\/\\\/lasentinelle.dz\\\/#\\\/schema\\\/logo\\\/image\\\/\"},\"sameAs\":[\"https:\\\/\\\/www.facebook.com\\\/La-Sentinelle-104059864394773\"]},{\"@type\":\"Person\",\"@id\":\"https:\\\/\\\/lasentinelle.dz\\\/#\\\/schema\\\/person\\\/d865044e22e70a75174ce8bcad3acfb3\",\"name\":\"La Sentinelle\",\"image\":{\"@type\":\"ImageObject\",\"inLanguage\":\"fr-FR\",\"@id\":\"https:\\\/\\\/secure.gravatar.com\\\/avatar\\\/57de8e5d4b15d43fb361a71fbb36338450fe67865b528a43dd10ef7c51a20392?s=96&d=mm&r=g\",\"url\":\"https:\\\/\\\/secure.gravatar.com\\\/avatar\\\/57de8e5d4b15d43fb361a71fbb36338450fe67865b528a43dd10ef7c51a20392?s=96&d=mm&r=g\",\"contentUrl\":\"https:\\\/\\\/secure.gravatar.com\\\/avatar\\\/57de8e5d4b15d43fb361a71fbb36338450fe67865b528a43dd10ef7c51a20392?s=96&d=mm&r=g\",\"caption\":\"La Sentinelle\"},\"sameAs\":[\"http:\\\/\\\/www.lasentinelle.dz\"],\"url\":\"https:\\\/\\\/lasentinelle.dz\\\/author\\\/redaction\\\/\"}]}<\/script>\n<!-- \/ Yoast SEO plugin. -->","yoast_head_json":{"title":"Chasseur de grottes en Slov\u00e9nie : Au paradis des sp\u00e9l\u00e9ologues - La Sentinelle","robots":{"index":"index","follow":"follow","max-snippet":"max-snippet:-1","max-image-preview":"max-image-preview:large","max-video-preview":"max-video-preview:-1"},"canonical":"https:\/\/lasentinelle.dz\/index.php\/2021\/08\/16\/chasseur-de-grottes-en-slovenie-au-paradis-des-speleologues\/","og_locale":"fr_FR","og_type":"article","og_title":"Chasseur de grottes en Slov\u00e9nie : Au paradis des sp\u00e9l\u00e9ologues - La Sentinelle","og_description":"Une simple fissure dans le sol, des herbes folles vacillant sous la pression des courants d&rsquo;air souterrains, et voil\u00e0 Ludvik","og_url":"https:\/\/lasentinelle.dz\/index.php\/2021\/08\/16\/chasseur-de-grottes-en-slovenie-au-paradis-des-speleologues\/","og_site_name":"La Sentinelle","article_publisher":"https:\/\/www.facebook.com\/La-Sentinelle-104059864394773","article_published_time":"2021-08-16T22:50:00+00:00","article_modified_time":"2021-08-17T13:53:10+00:00","og_image":[{"width":300,"height":168,"url":"https:\/\/lasentinelle.dz\/wp-content\/uploads\/2021\/08\/image_2021-08-16_162514.png","type":"image\/png"}],"author":"La Sentinelle","twitter_card":"summary_large_image","twitter_misc":{"\u00c9crit par":"La Sentinelle","Dur\u00e9e de lecture estim\u00e9e":"3 minutes"},"schema":{"@context":"https:\/\/schema.org","@graph":[{"@type":"Article","@id":"https:\/\/lasentinelle.dz\/index.php\/2021\/08\/16\/chasseur-de-grottes-en-slovenie-au-paradis-des-speleologues\/#article","isPartOf":{"@id":"https:\/\/lasentinelle.dz\/index.php\/2021\/08\/16\/chasseur-de-grottes-en-slovenie-au-paradis-des-speleologues\/"},"author":{"name":"La Sentinelle","@id":"https:\/\/lasentinelle.dz\/#\/schema\/person\/d865044e22e70a75174ce8bcad3acfb3"},"headline":"Chasseur de grottes en Slov\u00e9nie : Au paradis des sp\u00e9l\u00e9ologues","datePublished":"2021-08-16T22:50:00+00:00","dateModified":"2021-08-17T13:53:10+00:00","mainEntityOfPage":{"@id":"https:\/\/lasentinelle.dz\/index.php\/2021\/08\/16\/chasseur-de-grottes-en-slovenie-au-paradis-des-speleologues\/"},"wordCount":653,"commentCount":0,"publisher":{"@id":"https:\/\/lasentinelle.dz\/#organization"},"image":{"@id":"https:\/\/lasentinelle.dz\/index.php\/2021\/08\/16\/chasseur-de-grottes-en-slovenie-au-paradis-des-speleologues\/#primaryimage"},"thumbnailUrl":"https:\/\/lasentinelle.dz\/wp-content\/uploads\/2021\/08\/image_2021-08-16_162514.png","articleSection":["Culture"],"inLanguage":"fr-FR","potentialAction":[{"@type":"CommentAction","name":"Comment","target":["https:\/\/lasentinelle.dz\/index.php\/2021\/08\/16\/chasseur-de-grottes-en-slovenie-au-paradis-des-speleologues\/#respond"]}]},{"@type":"WebPage","@id":"https:\/\/lasentinelle.dz\/index.php\/2021\/08\/16\/chasseur-de-grottes-en-slovenie-au-paradis-des-speleologues\/","url":"https:\/\/lasentinelle.dz\/index.php\/2021\/08\/16\/chasseur-de-grottes-en-slovenie-au-paradis-des-speleologues\/","name":"Chasseur de grottes en Slov\u00e9nie : Au paradis des sp\u00e9l\u00e9ologues - La Sentinelle","isPartOf":{"@id":"https:\/\/lasentinelle.dz\/#website"},"primaryImageOfPage":{"@id":"https:\/\/lasentinelle.dz\/index.php\/2021\/08\/16\/chasseur-de-grottes-en-slovenie-au-paradis-des-speleologues\/#primaryimage"},"image":{"@id":"https:\/\/lasentinelle.dz\/index.php\/2021\/08\/16\/chasseur-de-grottes-en-slovenie-au-paradis-des-speleologues\/#primaryimage"},"thumbnailUrl":"https:\/\/lasentinelle.dz\/wp-content\/uploads\/2021\/08\/image_2021-08-16_162514.png","datePublished":"2021-08-16T22:50:00+00:00","dateModified":"2021-08-17T13:53:10+00:00","breadcrumb":{"@id":"https:\/\/lasentinelle.dz\/index.php\/2021\/08\/16\/chasseur-de-grottes-en-slovenie-au-paradis-des-speleologues\/#breadcrumb"},"inLanguage":"fr-FR","potentialAction":[{"@type":"ReadAction","target":["https:\/\/lasentinelle.dz\/index.php\/2021\/08\/16\/chasseur-de-grottes-en-slovenie-au-paradis-des-speleologues\/"]}]},{"@type":"ImageObject","inLanguage":"fr-FR","@id":"https:\/\/lasentinelle.dz\/index.php\/2021\/08\/16\/chasseur-de-grottes-en-slovenie-au-paradis-des-speleologues\/#primaryimage","url":"https:\/\/lasentinelle.dz\/wp-content\/uploads\/2021\/08\/image_2021-08-16_162514.png","contentUrl":"https:\/\/lasentinelle.dz\/wp-content\/uploads\/2021\/08\/image_2021-08-16_162514.png","width":300,"height":168},{"@type":"BreadcrumbList","@id":"https:\/\/lasentinelle.dz\/index.php\/2021\/08\/16\/chasseur-de-grottes-en-slovenie-au-paradis-des-speleologues\/#breadcrumb","itemListElement":[{"@type":"ListItem","position":1,"name":"Accueil","item":"https:\/\/lasentinelle.dz\/"},{"@type":"ListItem","position":2,"name":"Chasseur de grottes en Slov\u00e9nie : Au paradis des sp\u00e9l\u00e9ologues"}]},{"@type":"WebSite","@id":"https:\/\/lasentinelle.dz\/#website","url":"https:\/\/lasentinelle.dz\/","name":"La Sentinelle","description":"Quotidien national d&#039;information","publisher":{"@id":"https:\/\/lasentinelle.dz\/#organization"},"potentialAction":[{"@type":"SearchAction","target":{"@type":"EntryPoint","urlTemplate":"https:\/\/lasentinelle.dz\/?s={search_term_string}"},"query-input":{"@type":"PropertyValueSpecification","valueRequired":true,"valueName":"search_term_string"}}],"inLanguage":"fr-FR"},{"@type":"Organization","@id":"https:\/\/lasentinelle.dz\/#organization","name":"Quotidien La Sentinelle","url":"https:\/\/lasentinelle.dz\/","logo":{"@type":"ImageObject","inLanguage":"fr-FR","@id":"https:\/\/lasentinelle.dz\/#\/schema\/logo\/image\/","url":"https:\/\/lasentinelle.dz\/wp-content\/uploads\/2021\/09\/logo-sentinelleSLOGAN-1.png","contentUrl":"https:\/\/lasentinelle.dz\/wp-content\/uploads\/2021\/09\/logo-sentinelleSLOGAN-1.png","width":615,"height":142,"caption":"Quotidien La Sentinelle"},"image":{"@id":"https:\/\/lasentinelle.dz\/#\/schema\/logo\/image\/"},"sameAs":["https:\/\/www.facebook.com\/La-Sentinelle-104059864394773"]},{"@type":"Person","@id":"https:\/\/lasentinelle.dz\/#\/schema\/person\/d865044e22e70a75174ce8bcad3acfb3","name":"La Sentinelle","image":{"@type":"ImageObject","inLanguage":"fr-FR","@id":"https:\/\/secure.gravatar.com\/avatar\/57de8e5d4b15d43fb361a71fbb36338450fe67865b528a43dd10ef7c51a20392?s=96&d=mm&r=g","url":"https:\/\/secure.gravatar.com\/avatar\/57de8e5d4b15d43fb361a71fbb36338450fe67865b528a43dd10ef7c51a20392?s=96&d=mm&r=g","contentUrl":"https:\/\/secure.gravatar.com\/avatar\/57de8e5d4b15d43fb361a71fbb36338450fe67865b528a43dd10ef7c51a20392?s=96&d=mm&r=g","caption":"La Sentinelle"},"sameAs":["http:\/\/www.lasentinelle.dz"],"url":"https:\/\/lasentinelle.dz\/author\/redaction\/"}]}},"_links":{"self":[{"href":"https:\/\/lasentinelle.dz\/index.php\/wp-json\/wp\/v2\/posts\/4354","targetHints":{"allow":["GET"]}}],"collection":[{"href":"https:\/\/lasentinelle.dz\/index.php\/wp-json\/wp\/v2\/posts"}],"about":[{"href":"https:\/\/lasentinelle.dz\/index.php\/wp-json\/wp\/v2\/types\/post"}],"author":[{"embeddable":true,"href":"https:\/\/lasentinelle.dz\/index.php\/wp-json\/wp\/v2\/users\/3"}],"replies":[{"embeddable":true,"href":"https:\/\/lasentinelle.dz\/index.php\/wp-json\/wp\/v2\/comments?post=4354"}],"version-history":[{"count":1,"href":"https:\/\/lasentinelle.dz\/index.php\/wp-json\/wp\/v2\/posts\/4354\/revisions"}],"predecessor-version":[{"id":4364,"href":"https:\/\/lasentinelle.dz\/index.php\/wp-json\/wp\/v2\/posts\/4354\/revisions\/4364"}],"wp:featuredmedia":[{"embeddable":true,"href":"https:\/\/lasentinelle.dz\/index.php\/wp-json\/wp\/v2\/media\/4363"}],"wp:attachment":[{"href":"https:\/\/lasentinelle.dz\/index.php\/wp-json\/wp\/v2\/media?parent=4354"}],"wp:term":[{"taxonomy":"category","embeddable":true,"href":"https:\/\/lasentinelle.dz\/index.php\/wp-json\/wp\/v2\/categories?post=4354"},{"taxonomy":"post_tag","embeddable":true,"href":"https:\/\/lasentinelle.dz\/index.php\/wp-json\/wp\/v2\/tags?post=4354"}],"curies":[{"name":"wp","href":"https:\/\/api.w.org\/{rel}","templated":true}]}}