{"id":43552,"date":"2023-07-11T23:36:41","date_gmt":"2023-07-11T22:36:41","guid":{"rendered":"https:\/\/lasentinelle.dz\/?p=43552"},"modified":"2023-07-11T23:36:43","modified_gmt":"2023-07-11T22:36:43","slug":"blinken-adresse-une-invitation-a-attaf-pour-une-prochaine-visite-washington-veut-consolider-son-partenariat-avec-alger","status":"publish","type":"post","link":"https:\/\/lasentinelle.dz\/index.php\/2023\/07\/11\/blinken-adresse-une-invitation-a-attaf-pour-une-prochaine-visite-washington-veut-consolider-son-partenariat-avec-alger\/","title":{"rendered":"Blinken adresse une invitation \u00e0 Attaf pour une prochaine visite&nbsp;: Washington veut consolider son partenariat avec Alger"},"content":{"rendered":"\n<p>Cette visite sera l\u2019occasion, d\u2019une part, de tenir la sixi\u00e8me session du dialogue strat\u00e9gique alg\u00e9ro-am\u00e9ricain, et, d\u2019autre part, et de mani\u00e8re plus g\u00e9n\u00e9rale, de proc\u00e9der \u00e0 une \u00e9valuation de l\u2019\u00e9tat de la coop\u00e9ration multidimensionnelle existant entre l\u2019Alg\u00e9rie et les Etats-Unis d\u2019Am\u00e9rique<strong><\/strong><\/p>\n\n\n\n<p>Blinken, invite le ministre des Affaires \u00e9trang\u00e8res et de la Communaut\u00e9 nationale \u00e0 l\u2019\u00e9tranger, Ahmed Attaf, \u00e0 effectuer une visite \u00e0 Washington. Selon un communiqu\u00e9 du MAE, le Secr\u00e9taire d\u2019\u00c9tat US Antony Blinken a adress\u00e9 une invitation \u00ab ouverte \u00bb au chef de la diplomatie alg\u00e9rienne Ahmed Attaf pour effectuer une visite de travail \u00e0 Washington \u00ab dans les d\u00e9lais les plus rapproch\u00e9s que permettraient les engagements respectifs des deux parties \u00bb. D\u00e9voilant le contenu du message, le communiqu\u00e9 du MAE r\u00e9v\u00e8le que \u00ab cette visite sera l\u2019occasion, d\u2019une part, de tenir la sixi\u00e8me session du dialogue strat\u00e9gique alg\u00e9ro-am\u00e9ricain, et, d\u2019autre part, et de mani\u00e8re plus g\u00e9n\u00e9rale, de proc\u00e9der \u00e0 une \u00e9valuation de l\u2019\u00e9tat de la coop\u00e9ration multidimensionnelle existant entre l\u2019Alg\u00e9rie et les Etats-Unis d\u2019Am\u00e9rique \u00bb. Et d\u2019ajouter qu\u2019\u00ab une attention particuli\u00e8re sera accord\u00e9e \u00e0 la s\u00e9curit\u00e9 r\u00e9gionale, \u00e0 la lutte contre le terrorisme, au partenariat \u00e9conomique en d\u00e9veloppement constant, ainsi qu\u2019aux domaines de la culture et de l\u2019\u00e9ducation qui prennent une place grandissante dans les relations entre les deux pays \u00bb. Une invitation qui intervient une semaine apr\u00e8s le message adress\u00e9 par le pr\u00e9sident am\u00e9ricain Joe Biden au Pr\u00e9sident Abdelmadjid Tebboune et dans lequel il a soulign\u00e9 la solidit\u00e9 du entre l\u2019Alg\u00e9rie et les \u00c9tats-Unis lequel a contribu\u00e9 \u00e0 promouvoir la paix et la prosp\u00e9rit\u00e9 pour les deux peuples et a exprim\u00e9 la volont\u00e9 de travailler ensemble pour relever les d\u00e9fis de s\u00e9curit\u00e9 r\u00e9gionale, y compris la lutte contre l\u2019extr\u00e9misme et le terrorisme. Ce qui d\u00e9note de l\u2019int\u00e9r\u00eat affich\u00e9 par Washington \u00e0 consolider et renforcer encore plus ce partenariat aussi bien sur le plan s\u00e9curitaire qu\u2019\u00e9conomique. Cet int\u00e9r\u00eat s\u2019est d\u2019ailleurs traduit par l\u2019intense ballet diplomatique en Washington et Alger et les multiples visites de d\u00e9l\u00e9gations am\u00e9ricaines de haut niveau en Alg\u00e9rie, depuis la visite du Secr\u00e9taire d\u2019\u00c9tat US \u00e0 Alger en mars 2022. Un ballet diplomatique qui a permis d\u2019examiner les voies de coop\u00e9ration notamment sur le plan politique et s\u00e9curitaire. C\u2019est dans ce sens qu\u2019entre autres le Coordinateur du Conseil de s\u00e9curit\u00e9 nationale US pour le Moyen-Orient et l\u2019Afrique du Nord Brett McGurk, l\u2019assistante principale du Sous-secr\u00e9taire d\u2019Etat am\u00e9ricain aux Affaires \u00e9trang\u00e8res Yael Lempert et le directeur du Conseil de s\u00e9curit\u00e9 nationale pour l\u2019Afrique du Nord Jeremy Berndt ont effectu\u00e9 une visite en Alg\u00e9rie au mois de d\u00e9cembre dernier. Une visite qui a permis d\u2019examiner la coop\u00e9ration dans le domaine de&nbsp; la paix et la stabilit\u00e9 et de souligner les efforts de l\u2019Alg\u00e9rie pour soutenir la paix et la s\u00e9curit\u00e9 et lutter contre le terrorisme dans la r\u00e9gion. Une visite suivie par celle du Le chef du Commandement des Etats-Unis pour l\u2019Afrique \u00ab\u00a0AFRICOM\u00a0\u00bb, le G\u00e9n\u00e9ral Michael Langley au mois de f\u00e9vrier dernier et qui a port\u00e9 sur la coop\u00e9ration de les consolider davantage, notamment au regard de l&rsquo;exp\u00e9rience de l&rsquo;Alg\u00e9rie en mati\u00e8re de lutte contre le terrorisme.<\/p>\n\n\n\n<p>&nbsp;Affichant la volont\u00e9 des Etats unis d\u2019Am\u00e9rique \u00e0 \u0153uvrer pour l\u2019approfondissement des relations \u00e9conomiques, \u00e9ducatives et culturelles, le Secr\u00e9taire d&rsquo;Etat am\u00e9ricain, Antony Blinken, avait, lors de sa visite en Alg\u00e9rie, en mars 2022, insist\u00e9 sur la coop\u00e9ration s\u00e9curitaire et son renforcement. Il est vrai que les relations entre l\u2019Alg\u00e9rie et les Etats unis remontent \u00e0 1795 et ne cessent de se renforcer. Il est vrai aussi que les USA, rassur\u00e9s de la \u00ab fiabilit\u00e9 \u00bb de l\u2019Alg\u00e9rie et confort\u00e9s par son expertise en mati\u00e8re de lutte anti terroriste qui demeure la pierre angulaire des relations bilat\u00e9rales entre les deux pays, ont scell\u00e9 un v\u00e9ritable partenariat avec l\u2019Alg\u00e9rie. Antony Blinken qui reconna\u00eet \u00ab les efforts de l&rsquo;Alg\u00e9rie \u00bb dans le maintien de la paix, de la s\u00e9curit\u00e9 et de la stabilit\u00e9 dans la r\u00e9gion du Maghreb et au Sahel l\u2019avait affirm\u00e9&nbsp; lors de sa visite \u00e0 Alger en mars de l\u2019ann\u00e9e pass\u00e9e. Le Secr\u00e9taire d\u2019Etat Am\u00e9ricain avait salu\u00e9 le r\u00f4le \u00ab essentiel \u00bb et \u00ab important \u00bb jou\u00e9 par l&rsquo;Alg\u00e9rie pour la stabilit\u00e9 au Mali et oeuvrant pour une solution politique en Libye sous l&rsquo;\u00e9gide de l&rsquo;ONU et l&rsquo;organisation de l&rsquo;\u00e9lection pr\u00e9sidentielle dans les meilleurs d\u00e9lais. La position du Secr\u00e9taire d\u2019Etat Am\u00e9ricain rejoignent aussi celle de l\u2019Alg\u00e9rie \u00e0 propos de la question du Sahara occidental, occup\u00e9 par le Maroc, et l&rsquo;engagement des Etats-Unis \u00e0 soutenir le processus politique de l&rsquo;ONU et les efforts de l&rsquo;envoy\u00e9 personnel du Secr\u00e9taire g\u00e9n\u00e9ral de l&rsquo;ONU, Staffan de Mistura renforce encore plus la relation entre les deux parties.<\/p>\n\n\n\n<p><strong>Lyes Sa\u00efdi<\/strong><\/p>\n","protected":false},"excerpt":{"rendered":"<p>Cette visite sera l\u2019occasion, d\u2019une part, de tenir la sixi\u00e8me session du dialogue strat\u00e9gique alg\u00e9ro-am\u00e9ricain, et, d\u2019autre part, et de<\/p>\n","protected":false},"author":3,"featured_media":43553,"comment_status":"open","ping_status":"closed","sticky":false,"template":"","format":"standard","meta":{"colormag_page_container_layout":"default_layout","colormag_page_sidebar_layout":"default_layout","om_disable_all_campaigns":false,"_monsterinsights_skip_tracking":false,"_monsterinsights_sitenote_active":false,"_monsterinsights_sitenote_note":"","_monsterinsights_sitenote_category":0,"footnotes":"","_wpscppro_dont_share_socialmedia":false,"_wpscppro_custom_social_share_image":0,"_facebook_share_type":"","_twitter_share_type":"","_linkedin_share_type":"","_pinterest_share_type":"","_linkedin_share_type_page":"","_instagram_share_type":"","_medium_share_type":"","_threads_share_type":"","_google_business_share_type":"","_selected_social_profile":[],"_wpsp_enable_custom_social_template":false,"_wpsp_social_scheduling":{"enabled":false,"datetime":null,"platforms":[],"status":"template_only","dateOption":"today","timeOption":"now","customDays":"","customHours":"","customDate":"","customTime":"","schedulingType":"absolute"},"_wpsp_active_default_template":true},"categories":[52,27],"tags":[],"class_list":["post-43552","post","type-post","status-publish","format-standard","has-post-thumbnail","hentry","category-a-la-une","category-actualite"],"aioseo_notices":[],"yoast_head":"<!-- This site is optimized with the Yoast SEO plugin v27.5 - https:\/\/yoast.com\/product\/yoast-seo-wordpress\/ -->\n<title>Blinken adresse une invitation \u00e0 Attaf pour une prochaine visite&nbsp;: Washington veut consolider son partenariat avec Alger - La Sentinelle<\/title>\n<meta name=\"robots\" content=\"index, follow, max-snippet:-1, max-image-preview:large, max-video-preview:-1\" \/>\n<link rel=\"canonical\" href=\"https:\/\/lasentinelle.dz\/index.php\/2023\/07\/11\/blinken-adresse-une-invitation-a-attaf-pour-une-prochaine-visite-washington-veut-consolider-son-partenariat-avec-alger\/\" \/>\n<meta property=\"og:locale\" content=\"fr_FR\" \/>\n<meta property=\"og:type\" content=\"article\" \/>\n<meta property=\"og:title\" content=\"Blinken adresse une invitation \u00e0 Attaf pour une prochaine visite&nbsp;: Washington veut consolider son partenariat avec Alger - La Sentinelle\" \/>\n<meta property=\"og:description\" content=\"Cette visite sera l\u2019occasion, d\u2019une part, de tenir la sixi\u00e8me session du dialogue strat\u00e9gique alg\u00e9ro-am\u00e9ricain, et, d\u2019autre part, et de\" \/>\n<meta property=\"og:url\" content=\"https:\/\/lasentinelle.dz\/index.php\/2023\/07\/11\/blinken-adresse-une-invitation-a-attaf-pour-une-prochaine-visite-washington-veut-consolider-son-partenariat-avec-alger\/\" \/>\n<meta property=\"og:site_name\" content=\"La Sentinelle\" \/>\n<meta property=\"article:publisher\" content=\"https:\/\/www.facebook.com\/La-Sentinelle-104059864394773\" \/>\n<meta property=\"article:published_time\" content=\"2023-07-11T22:36:41+00:00\" \/>\n<meta property=\"article:modified_time\" content=\"2023-07-11T22:36:43+00:00\" \/>\n<meta property=\"og:image\" content=\"https:\/\/lasentinelle.dz\/wp-content\/uploads\/2023\/07\/attaf-blinken.jpeg\" \/>\n\t<meta property=\"og:image:width\" content=\"888\" \/>\n\t<meta property=\"og:image:height\" content=\"444\" \/>\n\t<meta property=\"og:image:type\" content=\"image\/jpeg\" \/>\n<meta name=\"author\" content=\"La Sentinelle\" \/>\n<meta name=\"twitter:card\" content=\"summary_large_image\" \/>\n<meta name=\"twitter:label1\" content=\"\u00c9crit par\" \/>\n\t<meta name=\"twitter:data1\" content=\"La Sentinelle\" \/>\n\t<meta name=\"twitter:label2\" content=\"Dur\u00e9e de lecture estim\u00e9e\" \/>\n\t<meta name=\"twitter:data2\" content=\"4 minutes\" \/>\n<script type=\"application\/ld+json\" class=\"yoast-schema-graph\">{\"@context\":\"https:\\\/\\\/schema.org\",\"@graph\":[{\"@type\":\"Article\",\"@id\":\"https:\\\/\\\/lasentinelle.dz\\\/index.php\\\/2023\\\/07\\\/11\\\/blinken-adresse-une-invitation-a-attaf-pour-une-prochaine-visite-washington-veut-consolider-son-partenariat-avec-alger\\\/#article\",\"isPartOf\":{\"@id\":\"https:\\\/\\\/lasentinelle.dz\\\/index.php\\\/2023\\\/07\\\/11\\\/blinken-adresse-une-invitation-a-attaf-pour-une-prochaine-visite-washington-veut-consolider-son-partenariat-avec-alger\\\/\"},\"author\":{\"name\":\"La Sentinelle\",\"@id\":\"https:\\\/\\\/lasentinelle.dz\\\/#\\\/schema\\\/person\\\/d865044e22e70a75174ce8bcad3acfb3\"},\"headline\":\"Blinken adresse une invitation \u00e0 Attaf pour une prochaine visite&nbsp;: Washington veut consolider son partenariat avec Alger\",\"datePublished\":\"2023-07-11T22:36:41+00:00\",\"dateModified\":\"2023-07-11T22:36:43+00:00\",\"mainEntityOfPage\":{\"@id\":\"https:\\\/\\\/lasentinelle.dz\\\/index.php\\\/2023\\\/07\\\/11\\\/blinken-adresse-une-invitation-a-attaf-pour-une-prochaine-visite-washington-veut-consolider-son-partenariat-avec-alger\\\/\"},\"wordCount\":917,\"commentCount\":0,\"publisher\":{\"@id\":\"https:\\\/\\\/lasentinelle.dz\\\/#organization\"},\"image\":{\"@id\":\"https:\\\/\\\/lasentinelle.dz\\\/index.php\\\/2023\\\/07\\\/11\\\/blinken-adresse-une-invitation-a-attaf-pour-une-prochaine-visite-washington-veut-consolider-son-partenariat-avec-alger\\\/#primaryimage\"},\"thumbnailUrl\":\"https:\\\/\\\/lasentinelle.dz\\\/wp-content\\\/uploads\\\/2023\\\/07\\\/attaf-blinken.jpeg\",\"articleSection\":[\"\u00c0 la Une\",\"Actualit\u00e9\"],\"inLanguage\":\"fr-FR\",\"potentialAction\":[{\"@type\":\"CommentAction\",\"name\":\"Comment\",\"target\":[\"https:\\\/\\\/lasentinelle.dz\\\/index.php\\\/2023\\\/07\\\/11\\\/blinken-adresse-une-invitation-a-attaf-pour-une-prochaine-visite-washington-veut-consolider-son-partenariat-avec-alger\\\/#respond\"]}]},{\"@type\":\"WebPage\",\"@id\":\"https:\\\/\\\/lasentinelle.dz\\\/index.php\\\/2023\\\/07\\\/11\\\/blinken-adresse-une-invitation-a-attaf-pour-une-prochaine-visite-washington-veut-consolider-son-partenariat-avec-alger\\\/\",\"url\":\"https:\\\/\\\/lasentinelle.dz\\\/index.php\\\/2023\\\/07\\\/11\\\/blinken-adresse-une-invitation-a-attaf-pour-une-prochaine-visite-washington-veut-consolider-son-partenariat-avec-alger\\\/\",\"name\":\"Blinken adresse une invitation \u00e0 Attaf pour une prochaine visite&nbsp;: Washington veut consolider son partenariat avec Alger - La Sentinelle\",\"isPartOf\":{\"@id\":\"https:\\\/\\\/lasentinelle.dz\\\/#website\"},\"primaryImageOfPage\":{\"@id\":\"https:\\\/\\\/lasentinelle.dz\\\/index.php\\\/2023\\\/07\\\/11\\\/blinken-adresse-une-invitation-a-attaf-pour-une-prochaine-visite-washington-veut-consolider-son-partenariat-avec-alger\\\/#primaryimage\"},\"image\":{\"@id\":\"https:\\\/\\\/lasentinelle.dz\\\/index.php\\\/2023\\\/07\\\/11\\\/blinken-adresse-une-invitation-a-attaf-pour-une-prochaine-visite-washington-veut-consolider-son-partenariat-avec-alger\\\/#primaryimage\"},\"thumbnailUrl\":\"https:\\\/\\\/lasentinelle.dz\\\/wp-content\\\/uploads\\\/2023\\\/07\\\/attaf-blinken.jpeg\",\"datePublished\":\"2023-07-11T22:36:41+00:00\",\"dateModified\":\"2023-07-11T22:36:43+00:00\",\"breadcrumb\":{\"@id\":\"https:\\\/\\\/lasentinelle.dz\\\/index.php\\\/2023\\\/07\\\/11\\\/blinken-adresse-une-invitation-a-attaf-pour-une-prochaine-visite-washington-veut-consolider-son-partenariat-avec-alger\\\/#breadcrumb\"},\"inLanguage\":\"fr-FR\",\"potentialAction\":[{\"@type\":\"ReadAction\",\"target\":[\"https:\\\/\\\/lasentinelle.dz\\\/index.php\\\/2023\\\/07\\\/11\\\/blinken-adresse-une-invitation-a-attaf-pour-une-prochaine-visite-washington-veut-consolider-son-partenariat-avec-alger\\\/\"]}]},{\"@type\":\"ImageObject\",\"inLanguage\":\"fr-FR\",\"@id\":\"https:\\\/\\\/lasentinelle.dz\\\/index.php\\\/2023\\\/07\\\/11\\\/blinken-adresse-une-invitation-a-attaf-pour-une-prochaine-visite-washington-veut-consolider-son-partenariat-avec-alger\\\/#primaryimage\",\"url\":\"https:\\\/\\\/lasentinelle.dz\\\/wp-content\\\/uploads\\\/2023\\\/07\\\/attaf-blinken.jpeg\",\"contentUrl\":\"https:\\\/\\\/lasentinelle.dz\\\/wp-content\\\/uploads\\\/2023\\\/07\\\/attaf-blinken.jpeg\",\"width\":888,\"height\":444},{\"@type\":\"BreadcrumbList\",\"@id\":\"https:\\\/\\\/lasentinelle.dz\\\/index.php\\\/2023\\\/07\\\/11\\\/blinken-adresse-une-invitation-a-attaf-pour-une-prochaine-visite-washington-veut-consolider-son-partenariat-avec-alger\\\/#breadcrumb\",\"itemListElement\":[{\"@type\":\"ListItem\",\"position\":1,\"name\":\"Accueil\",\"item\":\"https:\\\/\\\/lasentinelle.dz\\\/\"},{\"@type\":\"ListItem\",\"position\":2,\"name\":\"Blinken adresse une invitation \u00e0 Attaf pour une prochaine visite&nbsp;: Washington veut consolider son partenariat avec Alger\"}]},{\"@type\":\"WebSite\",\"@id\":\"https:\\\/\\\/lasentinelle.dz\\\/#website\",\"url\":\"https:\\\/\\\/lasentinelle.dz\\\/\",\"name\":\"La Sentinelle\",\"description\":\"Quotidien national d&#039;information\",\"publisher\":{\"@id\":\"https:\\\/\\\/lasentinelle.dz\\\/#organization\"},\"potentialAction\":[{\"@type\":\"SearchAction\",\"target\":{\"@type\":\"EntryPoint\",\"urlTemplate\":\"https:\\\/\\\/lasentinelle.dz\\\/?s={search_term_string}\"},\"query-input\":{\"@type\":\"PropertyValueSpecification\",\"valueRequired\":true,\"valueName\":\"search_term_string\"}}],\"inLanguage\":\"fr-FR\"},{\"@type\":\"Organization\",\"@id\":\"https:\\\/\\\/lasentinelle.dz\\\/#organization\",\"name\":\"Quotidien La Sentinelle\",\"url\":\"https:\\\/\\\/lasentinelle.dz\\\/\",\"logo\":{\"@type\":\"ImageObject\",\"inLanguage\":\"fr-FR\",\"@id\":\"https:\\\/\\\/lasentinelle.dz\\\/#\\\/schema\\\/logo\\\/image\\\/\",\"url\":\"https:\\\/\\\/lasentinelle.dz\\\/wp-content\\\/uploads\\\/2021\\\/09\\\/logo-sentinelleSLOGAN-1.png\",\"contentUrl\":\"https:\\\/\\\/lasentinelle.dz\\\/wp-content\\\/uploads\\\/2021\\\/09\\\/logo-sentinelleSLOGAN-1.png\",\"width\":615,\"height\":142,\"caption\":\"Quotidien La Sentinelle\"},\"image\":{\"@id\":\"https:\\\/\\\/lasentinelle.dz\\\/#\\\/schema\\\/logo\\\/image\\\/\"},\"sameAs\":[\"https:\\\/\\\/www.facebook.com\\\/La-Sentinelle-104059864394773\"]},{\"@type\":\"Person\",\"@id\":\"https:\\\/\\\/lasentinelle.dz\\\/#\\\/schema\\\/person\\\/d865044e22e70a75174ce8bcad3acfb3\",\"name\":\"La Sentinelle\",\"image\":{\"@type\":\"ImageObject\",\"inLanguage\":\"fr-FR\",\"@id\":\"https:\\\/\\\/secure.gravatar.com\\\/avatar\\\/57de8e5d4b15d43fb361a71fbb36338450fe67865b528a43dd10ef7c51a20392?s=96&d=mm&r=g\",\"url\":\"https:\\\/\\\/secure.gravatar.com\\\/avatar\\\/57de8e5d4b15d43fb361a71fbb36338450fe67865b528a43dd10ef7c51a20392?s=96&d=mm&r=g\",\"contentUrl\":\"https:\\\/\\\/secure.gravatar.com\\\/avatar\\\/57de8e5d4b15d43fb361a71fbb36338450fe67865b528a43dd10ef7c51a20392?s=96&d=mm&r=g\",\"caption\":\"La Sentinelle\"},\"sameAs\":[\"http:\\\/\\\/www.lasentinelle.dz\"],\"url\":\"https:\\\/\\\/lasentinelle.dz\\\/author\\\/redaction\\\/\"}]}<\/script>\n<!-- \/ Yoast SEO plugin. -->","yoast_head_json":{"title":"Blinken adresse une invitation \u00e0 Attaf pour une prochaine visite&nbsp;: Washington veut consolider son partenariat avec Alger - La Sentinelle","robots":{"index":"index","follow":"follow","max-snippet":"max-snippet:-1","max-image-preview":"max-image-preview:large","max-video-preview":"max-video-preview:-1"},"canonical":"https:\/\/lasentinelle.dz\/index.php\/2023\/07\/11\/blinken-adresse-une-invitation-a-attaf-pour-une-prochaine-visite-washington-veut-consolider-son-partenariat-avec-alger\/","og_locale":"fr_FR","og_type":"article","og_title":"Blinken adresse une invitation \u00e0 Attaf pour une prochaine visite&nbsp;: Washington veut consolider son partenariat avec Alger - La Sentinelle","og_description":"Cette visite sera l\u2019occasion, d\u2019une part, de tenir la sixi\u00e8me session du dialogue strat\u00e9gique alg\u00e9ro-am\u00e9ricain, et, d\u2019autre part, et de","og_url":"https:\/\/lasentinelle.dz\/index.php\/2023\/07\/11\/blinken-adresse-une-invitation-a-attaf-pour-une-prochaine-visite-washington-veut-consolider-son-partenariat-avec-alger\/","og_site_name":"La Sentinelle","article_publisher":"https:\/\/www.facebook.com\/La-Sentinelle-104059864394773","article_published_time":"2023-07-11T22:36:41+00:00","article_modified_time":"2023-07-11T22:36:43+00:00","og_image":[{"width":888,"height":444,"url":"https:\/\/lasentinelle.dz\/wp-content\/uploads\/2023\/07\/attaf-blinken.jpeg","type":"image\/jpeg"}],"author":"La Sentinelle","twitter_card":"summary_large_image","twitter_misc":{"\u00c9crit par":"La Sentinelle","Dur\u00e9e de lecture estim\u00e9e":"4 minutes"},"schema":{"@context":"https:\/\/schema.org","@graph":[{"@type":"Article","@id":"https:\/\/lasentinelle.dz\/index.php\/2023\/07\/11\/blinken-adresse-une-invitation-a-attaf-pour-une-prochaine-visite-washington-veut-consolider-son-partenariat-avec-alger\/#article","isPartOf":{"@id":"https:\/\/lasentinelle.dz\/index.php\/2023\/07\/11\/blinken-adresse-une-invitation-a-attaf-pour-une-prochaine-visite-washington-veut-consolider-son-partenariat-avec-alger\/"},"author":{"name":"La Sentinelle","@id":"https:\/\/lasentinelle.dz\/#\/schema\/person\/d865044e22e70a75174ce8bcad3acfb3"},"headline":"Blinken adresse une invitation \u00e0 Attaf pour une prochaine visite&nbsp;: Washington veut consolider son partenariat avec Alger","datePublished":"2023-07-11T22:36:41+00:00","dateModified":"2023-07-11T22:36:43+00:00","mainEntityOfPage":{"@id":"https:\/\/lasentinelle.dz\/index.php\/2023\/07\/11\/blinken-adresse-une-invitation-a-attaf-pour-une-prochaine-visite-washington-veut-consolider-son-partenariat-avec-alger\/"},"wordCount":917,"commentCount":0,"publisher":{"@id":"https:\/\/lasentinelle.dz\/#organization"},"image":{"@id":"https:\/\/lasentinelle.dz\/index.php\/2023\/07\/11\/blinken-adresse-une-invitation-a-attaf-pour-une-prochaine-visite-washington-veut-consolider-son-partenariat-avec-alger\/#primaryimage"},"thumbnailUrl":"https:\/\/lasentinelle.dz\/wp-content\/uploads\/2023\/07\/attaf-blinken.jpeg","articleSection":["\u00c0 la Une","Actualit\u00e9"],"inLanguage":"fr-FR","potentialAction":[{"@type":"CommentAction","name":"Comment","target":["https:\/\/lasentinelle.dz\/index.php\/2023\/07\/11\/blinken-adresse-une-invitation-a-attaf-pour-une-prochaine-visite-washington-veut-consolider-son-partenariat-avec-alger\/#respond"]}]},{"@type":"WebPage","@id":"https:\/\/lasentinelle.dz\/index.php\/2023\/07\/11\/blinken-adresse-une-invitation-a-attaf-pour-une-prochaine-visite-washington-veut-consolider-son-partenariat-avec-alger\/","url":"https:\/\/lasentinelle.dz\/index.php\/2023\/07\/11\/blinken-adresse-une-invitation-a-attaf-pour-une-prochaine-visite-washington-veut-consolider-son-partenariat-avec-alger\/","name":"Blinken adresse une invitation \u00e0 Attaf pour une prochaine visite&nbsp;: Washington veut consolider son partenariat avec Alger - La Sentinelle","isPartOf":{"@id":"https:\/\/lasentinelle.dz\/#website"},"primaryImageOfPage":{"@id":"https:\/\/lasentinelle.dz\/index.php\/2023\/07\/11\/blinken-adresse-une-invitation-a-attaf-pour-une-prochaine-visite-washington-veut-consolider-son-partenariat-avec-alger\/#primaryimage"},"image":{"@id":"https:\/\/lasentinelle.dz\/index.php\/2023\/07\/11\/blinken-adresse-une-invitation-a-attaf-pour-une-prochaine-visite-washington-veut-consolider-son-partenariat-avec-alger\/#primaryimage"},"thumbnailUrl":"https:\/\/lasentinelle.dz\/wp-content\/uploads\/2023\/07\/attaf-blinken.jpeg","datePublished":"2023-07-11T22:36:41+00:00","dateModified":"2023-07-11T22:36:43+00:00","breadcrumb":{"@id":"https:\/\/lasentinelle.dz\/index.php\/2023\/07\/11\/blinken-adresse-une-invitation-a-attaf-pour-une-prochaine-visite-washington-veut-consolider-son-partenariat-avec-alger\/#breadcrumb"},"inLanguage":"fr-FR","potentialAction":[{"@type":"ReadAction","target":["https:\/\/lasentinelle.dz\/index.php\/2023\/07\/11\/blinken-adresse-une-invitation-a-attaf-pour-une-prochaine-visite-washington-veut-consolider-son-partenariat-avec-alger\/"]}]},{"@type":"ImageObject","inLanguage":"fr-FR","@id":"https:\/\/lasentinelle.dz\/index.php\/2023\/07\/11\/blinken-adresse-une-invitation-a-attaf-pour-une-prochaine-visite-washington-veut-consolider-son-partenariat-avec-alger\/#primaryimage","url":"https:\/\/lasentinelle.dz\/wp-content\/uploads\/2023\/07\/attaf-blinken.jpeg","contentUrl":"https:\/\/lasentinelle.dz\/wp-content\/uploads\/2023\/07\/attaf-blinken.jpeg","width":888,"height":444},{"@type":"BreadcrumbList","@id":"https:\/\/lasentinelle.dz\/index.php\/2023\/07\/11\/blinken-adresse-une-invitation-a-attaf-pour-une-prochaine-visite-washington-veut-consolider-son-partenariat-avec-alger\/#breadcrumb","itemListElement":[{"@type":"ListItem","position":1,"name":"Accueil","item":"https:\/\/lasentinelle.dz\/"},{"@type":"ListItem","position":2,"name":"Blinken adresse une invitation \u00e0 Attaf pour une prochaine visite&nbsp;: Washington veut consolider son partenariat avec Alger"}]},{"@type":"WebSite","@id":"https:\/\/lasentinelle.dz\/#website","url":"https:\/\/lasentinelle.dz\/","name":"La Sentinelle","description":"Quotidien national d&#039;information","publisher":{"@id":"https:\/\/lasentinelle.dz\/#organization"},"potentialAction":[{"@type":"SearchAction","target":{"@type":"EntryPoint","urlTemplate":"https:\/\/lasentinelle.dz\/?s={search_term_string}"},"query-input":{"@type":"PropertyValueSpecification","valueRequired":true,"valueName":"search_term_string"}}],"inLanguage":"fr-FR"},{"@type":"Organization","@id":"https:\/\/lasentinelle.dz\/#organization","name":"Quotidien La Sentinelle","url":"https:\/\/lasentinelle.dz\/","logo":{"@type":"ImageObject","inLanguage":"fr-FR","@id":"https:\/\/lasentinelle.dz\/#\/schema\/logo\/image\/","url":"https:\/\/lasentinelle.dz\/wp-content\/uploads\/2021\/09\/logo-sentinelleSLOGAN-1.png","contentUrl":"https:\/\/lasentinelle.dz\/wp-content\/uploads\/2021\/09\/logo-sentinelleSLOGAN-1.png","width":615,"height":142,"caption":"Quotidien La Sentinelle"},"image":{"@id":"https:\/\/lasentinelle.dz\/#\/schema\/logo\/image\/"},"sameAs":["https:\/\/www.facebook.com\/La-Sentinelle-104059864394773"]},{"@type":"Person","@id":"https:\/\/lasentinelle.dz\/#\/schema\/person\/d865044e22e70a75174ce8bcad3acfb3","name":"La Sentinelle","image":{"@type":"ImageObject","inLanguage":"fr-FR","@id":"https:\/\/secure.gravatar.com\/avatar\/57de8e5d4b15d43fb361a71fbb36338450fe67865b528a43dd10ef7c51a20392?s=96&d=mm&r=g","url":"https:\/\/secure.gravatar.com\/avatar\/57de8e5d4b15d43fb361a71fbb36338450fe67865b528a43dd10ef7c51a20392?s=96&d=mm&r=g","contentUrl":"https:\/\/secure.gravatar.com\/avatar\/57de8e5d4b15d43fb361a71fbb36338450fe67865b528a43dd10ef7c51a20392?s=96&d=mm&r=g","caption":"La Sentinelle"},"sameAs":["http:\/\/www.lasentinelle.dz"],"url":"https:\/\/lasentinelle.dz\/author\/redaction\/"}]}},"_links":{"self":[{"href":"https:\/\/lasentinelle.dz\/index.php\/wp-json\/wp\/v2\/posts\/43552","targetHints":{"allow":["GET"]}}],"collection":[{"href":"https:\/\/lasentinelle.dz\/index.php\/wp-json\/wp\/v2\/posts"}],"about":[{"href":"https:\/\/lasentinelle.dz\/index.php\/wp-json\/wp\/v2\/types\/post"}],"author":[{"embeddable":true,"href":"https:\/\/lasentinelle.dz\/index.php\/wp-json\/wp\/v2\/users\/3"}],"replies":[{"embeddable":true,"href":"https:\/\/lasentinelle.dz\/index.php\/wp-json\/wp\/v2\/comments?post=43552"}],"version-history":[{"count":1,"href":"https:\/\/lasentinelle.dz\/index.php\/wp-json\/wp\/v2\/posts\/43552\/revisions"}],"predecessor-version":[{"id":43554,"href":"https:\/\/lasentinelle.dz\/index.php\/wp-json\/wp\/v2\/posts\/43552\/revisions\/43554"}],"wp:featuredmedia":[{"embeddable":true,"href":"https:\/\/lasentinelle.dz\/index.php\/wp-json\/wp\/v2\/media\/43553"}],"wp:attachment":[{"href":"https:\/\/lasentinelle.dz\/index.php\/wp-json\/wp\/v2\/media?parent=43552"}],"wp:term":[{"taxonomy":"category","embeddable":true,"href":"https:\/\/lasentinelle.dz\/index.php\/wp-json\/wp\/v2\/categories?post=43552"},{"taxonomy":"post_tag","embeddable":true,"href":"https:\/\/lasentinelle.dz\/index.php\/wp-json\/wp\/v2\/tags?post=43552"}],"curies":[{"name":"wp","href":"https:\/\/api.w.org\/{rel}","templated":true}]}}