{"id":43577,"date":"2023-07-12T20:02:22","date_gmt":"2023-07-12T19:02:22","guid":{"rendered":"https:\/\/lasentinelle.dz\/?p=43577"},"modified":"2023-07-12T20:02:23","modified_gmt":"2023-07-12T19:02:23","slug":"tournoi-de-football-des-jsa-2023-les-verts-cedent-face-au-realisme-des-saoudiens","status":"publish","type":"post","link":"https:\/\/lasentinelle.dz\/index.php\/2023\/07\/12\/tournoi-de-football-des-jsa-2023-les-verts-cedent-face-au-realisme-des-saoudiens\/","title":{"rendered":"Tournoi de football des JSA 2023&nbsp;: Les Verts c\u00e8dent face au r\u00e9alisme des Saoudiens"},"content":{"rendered":"\n<p>La s\u00e9lection nationale U23 ne jouera pas la finale des 15<sup>e<\/sup> &nbsp;Jeux Sportifs Arabes, elle a \u00e9t\u00e9 \u00e9limin\u00e9e mardi soir en demi-finale par l\u2019Arabie Saoudite (1 \u00e0 2). Les Verts tenteront d\u2019arracher la m\u00e9daille de bronze pour se consoler. Elle aura cependant l\u2019occasion de jouer ses chances de d\u00e9crocher la m\u00e9daille de bronze face au Soudan.<\/p>\n\n\n\n<p>Pour le match de mardi, le coach Ait Mohamed a opt\u00e9 pour pratiquement le m\u00eame onze qui d\u00e9buta les trois matchs de groupe, o\u00f9 seul Reguieg a \u00e9t\u00e9 pr\u00e9f\u00e9r\u00e9 \u00e0 Nechat qui n\u2019a pas r\u00e9cup\u00e9r\u00e9 de sa blessure. Les Verts d\u00e9butent le match en force o\u00f9 ils ont d\u2019embl\u00e9e assi\u00e9g\u00e9 le camp saoudien et failli ouvrir la marque par Djenidi \u00e0 la (5\u2019). Deux minutes plus tard les Saoudiens b\u00e9n\u00e9ficient d\u2019un corner repris de la t\u00eate par Abdellah Zaid, mais Maachou rel\u00e2che le ballon que va \u00e9carter in extr\u00e9mis Benzid en corner. Au quart d\u2019heure de jeu, une contre-attaque saoudienne men\u00e9e par son avant-centre Abdelaziz Alothman qui prend de vitesse la d\u00e9fense alg\u00e9rienne avant de se faire bousculer par le gardien Maachou. Le penalty est indiscutable, mais le capitaine saoudien Soheid Alzaid bute sur le porter alg\u00e9rien qui d\u00e9vie le ballon dans les pieds d\u2019Alothman qui a bien suivi pour ouvrir la marque (19\u2019). Les Alg\u00e9riens ne d\u00e9sesp\u00e8rent pas et repartent en attaque, toutefois Sryer ou Djenidi, les plus percutants se voient souvent chiper le ballon au moment o\u00f9 ils devaient armer leurs frappes.<\/p>\n\n\n\n<p>\u00c0 la 37\u2032 quant Ait El Hadj dans ses \u0153uvres prend \u00e0 d\u00e9faut la d\u00e9fense adverse avant qu\u2019il ne soit bouscul\u00e9 dans la surface de v\u00e9rit\u00e9. Mais l\u2019arbitre mauritanien BOUH a estim\u00e9 qu\u2019il n\u2019y avait pas faute. Les tentatives alg\u00e9riennes continuent mais sans aucun changement en d\u00e9pit des 4 minutes additionnels comptabilis\u00e9es. Les Verts reviennent avec de meilleures intentions en seconde mi-temps puisqu\u2019\u00e0 la (47\u2032) une offensive alg\u00e9rienne, d\u00e9clench\u00e9e par REGUIEG sur l\u2019aile droite, ce dernier arrive \u00e0 centrer pour trouver la t\u00eate de Temine qui nivelle la marque d\u2019une jolie gestuelle. Le jeu va se stabiliser au milieu de terrain, chaque \u00e9quipe guettant une br\u00e8che pour amorcer une attaque. Il faut dire que la chaleur suffocante sur le terrain n\u2019a pas favoris\u00e9 pas l\u2019engagement des joueurs o\u00f9 les deux \u00e9quipes devaient g\u00e9rer leurs efforts. Les saoudiens ne font que reculer et c\u00e9der du terrain aux camarades de Chekal (70\u2019), c\u2019est le moment que choisit Ait Mohamed pour apporter des changements dans un souci de redonner du souffle \u00e0 l\u2019attaque alg\u00e9rienne. C\u2019est ainsi que Benkadour et Aouissi prennent la place de Sryer et Zeghad. Mais ce temps d\u2019insouciance va profiter aux Saoudiens pour doubler la mise par l\u2019interm\u00e9diaire du capitaine Alzaid qui d\u2019une frappe bien ajust\u00e9e trompe le gardien Maachou (72\u2019). Les Alg\u00e9riens ne se d\u00e9couragent pas et obtiennent un coup franc dans la surface de r\u00e9paration adverse, mais aucune t\u00eate n\u2019arrive \u00e0 couper la trajectoire du ballon. Malgr\u00e9 des efforts acharn\u00e9s des co\u00e9quipiers de Temine dans les ultimes minutes, mais ces derniers n\u2019ont pas r\u00e9ussi \u00e0 trouver la moindre faille dans une d\u00e9fense bien regroup\u00e9e autour du gardien Youssef Hamed. L\u2019\u00e9galisation se fait attendre jusqu\u2019\u00e0 la fin du match, et c\u2019est l\u2019Arabie Saoudite qui animera la finale face \u00e0 la syrie vainqueur du Soudan (2 \u00e0 0), alors que l\u2019Alg\u00e9rie se contentera de disputer la petite finale pour obtenir la m\u00e9daille de bronze.<\/p>\n\n\n\n<p>\u00c0 l\u2019issue du match le coach des U23 Rachid Ait Mohamed a rappel\u00e9 que ses poulains sont arriv\u00e9s au tournoi \u00ab&nbsp;sans y \u00eatre suffisamment pr\u00e9par\u00e9s&nbsp;\u00bb. \u00ab&nbsp;Je rends hommage \u00e0 mes joueurs pour les efforts qu\u2019ils ont fournis. Nous allons travailler dur au cours des deux prochains jours pour corriger nos erreurs et affronter le match pour la m\u00e9daille de bronze avec de l\u2019envie et de d\u00e9termination&nbsp;\u00bb, ajoute-il .<\/p>\n\n\n\n<p><strong>R.S.<\/strong><\/p>\n","protected":false},"excerpt":{"rendered":"<p>La s\u00e9lection nationale U23 ne jouera pas la finale des 15e &nbsp;Jeux Sportifs Arabes, elle a \u00e9t\u00e9 \u00e9limin\u00e9e mardi soir<\/p>\n","protected":false},"author":3,"featured_media":43578,"comment_status":"open","ping_status":"closed","sticky":false,"template":"","format":"standard","meta":{"colormag_page_container_layout":"default_layout","colormag_page_sidebar_layout":"default_layout","om_disable_all_campaigns":false,"_monsterinsights_skip_tracking":false,"_monsterinsights_sitenote_active":false,"_monsterinsights_sitenote_note":"","_monsterinsights_sitenote_category":0,"footnotes":"","_wpscppro_dont_share_socialmedia":false,"_wpscppro_custom_social_share_image":0,"_facebook_share_type":"","_twitter_share_type":"","_linkedin_share_type":"","_pinterest_share_type":"","_linkedin_share_type_page":"","_instagram_share_type":"","_medium_share_type":"","_threads_share_type":"","_google_business_share_type":"","_selected_social_profile":[],"_wpsp_enable_custom_social_template":false,"_wpsp_social_scheduling":{"enabled":false,"datetime":null,"platforms":[],"status":"template_only","dateOption":"today","timeOption":"now","customDays":"","customHours":"","customDate":"","customTime":"","schedulingType":"absolute"},"_wpsp_active_default_template":true},"categories":[52,33],"tags":[],"class_list":["post-43577","post","type-post","status-publish","format-standard","has-post-thumbnail","hentry","category-a-la-une","category-sports"],"aioseo_notices":[],"yoast_head":"<!-- This site is optimized with the Yoast SEO plugin v27.5 - https:\/\/yoast.com\/product\/yoast-seo-wordpress\/ -->\n<title>Tournoi de football des JSA 2023&nbsp;: Les Verts c\u00e8dent face au r\u00e9alisme des Saoudiens - La Sentinelle<\/title>\n<meta name=\"robots\" content=\"index, follow, max-snippet:-1, max-image-preview:large, max-video-preview:-1\" \/>\n<link rel=\"canonical\" href=\"https:\/\/lasentinelle.dz\/index.php\/2023\/07\/12\/tournoi-de-football-des-jsa-2023-les-verts-cedent-face-au-realisme-des-saoudiens\/\" \/>\n<meta property=\"og:locale\" content=\"fr_FR\" \/>\n<meta property=\"og:type\" content=\"article\" \/>\n<meta property=\"og:title\" content=\"Tournoi de football des JSA 2023&nbsp;: Les Verts c\u00e8dent face au r\u00e9alisme des Saoudiens - La Sentinelle\" \/>\n<meta property=\"og:description\" content=\"La s\u00e9lection nationale U23 ne jouera pas la finale des 15e &nbsp;Jeux Sportifs Arabes, elle a \u00e9t\u00e9 \u00e9limin\u00e9e mardi soir\" \/>\n<meta property=\"og:url\" content=\"https:\/\/lasentinelle.dz\/index.php\/2023\/07\/12\/tournoi-de-football-des-jsa-2023-les-verts-cedent-face-au-realisme-des-saoudiens\/\" \/>\n<meta property=\"og:site_name\" content=\"La Sentinelle\" \/>\n<meta property=\"article:publisher\" content=\"https:\/\/www.facebook.com\/La-Sentinelle-104059864394773\" \/>\n<meta property=\"article:published_time\" content=\"2023-07-12T19:02:22+00:00\" \/>\n<meta property=\"article:modified_time\" content=\"2023-07-12T19:02:23+00:00\" \/>\n<meta property=\"og:image\" content=\"https:\/\/lasentinelle.dz\/wp-content\/uploads\/2023\/07\/U23-2.jpeg\" \/>\n\t<meta property=\"og:image:width\" content=\"750\" \/>\n\t<meta property=\"og:image:height\" content=\"430\" \/>\n\t<meta property=\"og:image:type\" content=\"image\/jpeg\" \/>\n<meta name=\"author\" content=\"La Sentinelle\" \/>\n<meta name=\"twitter:card\" content=\"summary_large_image\" \/>\n<meta name=\"twitter:label1\" content=\"\u00c9crit par\" \/>\n\t<meta name=\"twitter:data1\" content=\"La Sentinelle\" \/>\n\t<meta name=\"twitter:label2\" content=\"Dur\u00e9e de lecture estim\u00e9e\" \/>\n\t<meta name=\"twitter:data2\" content=\"4 minutes\" \/>\n<script type=\"application\/ld+json\" class=\"yoast-schema-graph\">{\"@context\":\"https:\\\/\\\/schema.org\",\"@graph\":[{\"@type\":\"Article\",\"@id\":\"https:\\\/\\\/lasentinelle.dz\\\/index.php\\\/2023\\\/07\\\/12\\\/tournoi-de-football-des-jsa-2023-les-verts-cedent-face-au-realisme-des-saoudiens\\\/#article\",\"isPartOf\":{\"@id\":\"https:\\\/\\\/lasentinelle.dz\\\/index.php\\\/2023\\\/07\\\/12\\\/tournoi-de-football-des-jsa-2023-les-verts-cedent-face-au-realisme-des-saoudiens\\\/\"},\"author\":{\"name\":\"La Sentinelle\",\"@id\":\"https:\\\/\\\/lasentinelle.dz\\\/#\\\/schema\\\/person\\\/d865044e22e70a75174ce8bcad3acfb3\"},\"headline\":\"Tournoi de football des JSA 2023&nbsp;: Les Verts c\u00e8dent face au r\u00e9alisme des Saoudiens\",\"datePublished\":\"2023-07-12T19:02:22+00:00\",\"dateModified\":\"2023-07-12T19:02:23+00:00\",\"mainEntityOfPage\":{\"@id\":\"https:\\\/\\\/lasentinelle.dz\\\/index.php\\\/2023\\\/07\\\/12\\\/tournoi-de-football-des-jsa-2023-les-verts-cedent-face-au-realisme-des-saoudiens\\\/\"},\"wordCount\":710,\"commentCount\":0,\"publisher\":{\"@id\":\"https:\\\/\\\/lasentinelle.dz\\\/#organization\"},\"image\":{\"@id\":\"https:\\\/\\\/lasentinelle.dz\\\/index.php\\\/2023\\\/07\\\/12\\\/tournoi-de-football-des-jsa-2023-les-verts-cedent-face-au-realisme-des-saoudiens\\\/#primaryimage\"},\"thumbnailUrl\":\"https:\\\/\\\/lasentinelle.dz\\\/wp-content\\\/uploads\\\/2023\\\/07\\\/U23-2.jpeg\",\"articleSection\":[\"\u00c0 la Une\",\"Sports\"],\"inLanguage\":\"fr-FR\",\"potentialAction\":[{\"@type\":\"CommentAction\",\"name\":\"Comment\",\"target\":[\"https:\\\/\\\/lasentinelle.dz\\\/index.php\\\/2023\\\/07\\\/12\\\/tournoi-de-football-des-jsa-2023-les-verts-cedent-face-au-realisme-des-saoudiens\\\/#respond\"]}]},{\"@type\":\"WebPage\",\"@id\":\"https:\\\/\\\/lasentinelle.dz\\\/index.php\\\/2023\\\/07\\\/12\\\/tournoi-de-football-des-jsa-2023-les-verts-cedent-face-au-realisme-des-saoudiens\\\/\",\"url\":\"https:\\\/\\\/lasentinelle.dz\\\/index.php\\\/2023\\\/07\\\/12\\\/tournoi-de-football-des-jsa-2023-les-verts-cedent-face-au-realisme-des-saoudiens\\\/\",\"name\":\"Tournoi de football des JSA 2023&nbsp;: Les Verts c\u00e8dent face au r\u00e9alisme des Saoudiens - La Sentinelle\",\"isPartOf\":{\"@id\":\"https:\\\/\\\/lasentinelle.dz\\\/#website\"},\"primaryImageOfPage\":{\"@id\":\"https:\\\/\\\/lasentinelle.dz\\\/index.php\\\/2023\\\/07\\\/12\\\/tournoi-de-football-des-jsa-2023-les-verts-cedent-face-au-realisme-des-saoudiens\\\/#primaryimage\"},\"image\":{\"@id\":\"https:\\\/\\\/lasentinelle.dz\\\/index.php\\\/2023\\\/07\\\/12\\\/tournoi-de-football-des-jsa-2023-les-verts-cedent-face-au-realisme-des-saoudiens\\\/#primaryimage\"},\"thumbnailUrl\":\"https:\\\/\\\/lasentinelle.dz\\\/wp-content\\\/uploads\\\/2023\\\/07\\\/U23-2.jpeg\",\"datePublished\":\"2023-07-12T19:02:22+00:00\",\"dateModified\":\"2023-07-12T19:02:23+00:00\",\"breadcrumb\":{\"@id\":\"https:\\\/\\\/lasentinelle.dz\\\/index.php\\\/2023\\\/07\\\/12\\\/tournoi-de-football-des-jsa-2023-les-verts-cedent-face-au-realisme-des-saoudiens\\\/#breadcrumb\"},\"inLanguage\":\"fr-FR\",\"potentialAction\":[{\"@type\":\"ReadAction\",\"target\":[\"https:\\\/\\\/lasentinelle.dz\\\/index.php\\\/2023\\\/07\\\/12\\\/tournoi-de-football-des-jsa-2023-les-verts-cedent-face-au-realisme-des-saoudiens\\\/\"]}]},{\"@type\":\"ImageObject\",\"inLanguage\":\"fr-FR\",\"@id\":\"https:\\\/\\\/lasentinelle.dz\\\/index.php\\\/2023\\\/07\\\/12\\\/tournoi-de-football-des-jsa-2023-les-verts-cedent-face-au-realisme-des-saoudiens\\\/#primaryimage\",\"url\":\"https:\\\/\\\/lasentinelle.dz\\\/wp-content\\\/uploads\\\/2023\\\/07\\\/U23-2.jpeg\",\"contentUrl\":\"https:\\\/\\\/lasentinelle.dz\\\/wp-content\\\/uploads\\\/2023\\\/07\\\/U23-2.jpeg\",\"width\":750,\"height\":430},{\"@type\":\"BreadcrumbList\",\"@id\":\"https:\\\/\\\/lasentinelle.dz\\\/index.php\\\/2023\\\/07\\\/12\\\/tournoi-de-football-des-jsa-2023-les-verts-cedent-face-au-realisme-des-saoudiens\\\/#breadcrumb\",\"itemListElement\":[{\"@type\":\"ListItem\",\"position\":1,\"name\":\"Accueil\",\"item\":\"https:\\\/\\\/lasentinelle.dz\\\/\"},{\"@type\":\"ListItem\",\"position\":2,\"name\":\"Tournoi de football des JSA 2023&nbsp;: Les Verts c\u00e8dent face au r\u00e9alisme des Saoudiens\"}]},{\"@type\":\"WebSite\",\"@id\":\"https:\\\/\\\/lasentinelle.dz\\\/#website\",\"url\":\"https:\\\/\\\/lasentinelle.dz\\\/\",\"name\":\"La Sentinelle\",\"description\":\"Quotidien national d&#039;information\",\"publisher\":{\"@id\":\"https:\\\/\\\/lasentinelle.dz\\\/#organization\"},\"potentialAction\":[{\"@type\":\"SearchAction\",\"target\":{\"@type\":\"EntryPoint\",\"urlTemplate\":\"https:\\\/\\\/lasentinelle.dz\\\/?s={search_term_string}\"},\"query-input\":{\"@type\":\"PropertyValueSpecification\",\"valueRequired\":true,\"valueName\":\"search_term_string\"}}],\"inLanguage\":\"fr-FR\"},{\"@type\":\"Organization\",\"@id\":\"https:\\\/\\\/lasentinelle.dz\\\/#organization\",\"name\":\"Quotidien La Sentinelle\",\"url\":\"https:\\\/\\\/lasentinelle.dz\\\/\",\"logo\":{\"@type\":\"ImageObject\",\"inLanguage\":\"fr-FR\",\"@id\":\"https:\\\/\\\/lasentinelle.dz\\\/#\\\/schema\\\/logo\\\/image\\\/\",\"url\":\"https:\\\/\\\/lasentinelle.dz\\\/wp-content\\\/uploads\\\/2021\\\/09\\\/logo-sentinelleSLOGAN-1.png\",\"contentUrl\":\"https:\\\/\\\/lasentinelle.dz\\\/wp-content\\\/uploads\\\/2021\\\/09\\\/logo-sentinelleSLOGAN-1.png\",\"width\":615,\"height\":142,\"caption\":\"Quotidien La Sentinelle\"},\"image\":{\"@id\":\"https:\\\/\\\/lasentinelle.dz\\\/#\\\/schema\\\/logo\\\/image\\\/\"},\"sameAs\":[\"https:\\\/\\\/www.facebook.com\\\/La-Sentinelle-104059864394773\"]},{\"@type\":\"Person\",\"@id\":\"https:\\\/\\\/lasentinelle.dz\\\/#\\\/schema\\\/person\\\/d865044e22e70a75174ce8bcad3acfb3\",\"name\":\"La Sentinelle\",\"image\":{\"@type\":\"ImageObject\",\"inLanguage\":\"fr-FR\",\"@id\":\"https:\\\/\\\/secure.gravatar.com\\\/avatar\\\/57de8e5d4b15d43fb361a71fbb36338450fe67865b528a43dd10ef7c51a20392?s=96&d=mm&r=g\",\"url\":\"https:\\\/\\\/secure.gravatar.com\\\/avatar\\\/57de8e5d4b15d43fb361a71fbb36338450fe67865b528a43dd10ef7c51a20392?s=96&d=mm&r=g\",\"contentUrl\":\"https:\\\/\\\/secure.gravatar.com\\\/avatar\\\/57de8e5d4b15d43fb361a71fbb36338450fe67865b528a43dd10ef7c51a20392?s=96&d=mm&r=g\",\"caption\":\"La Sentinelle\"},\"sameAs\":[\"http:\\\/\\\/www.lasentinelle.dz\"],\"url\":\"https:\\\/\\\/lasentinelle.dz\\\/author\\\/redaction\\\/\"}]}<\/script>\n<!-- \/ Yoast SEO plugin. -->","yoast_head_json":{"title":"Tournoi de football des JSA 2023&nbsp;: Les Verts c\u00e8dent face au r\u00e9alisme des Saoudiens - La Sentinelle","robots":{"index":"index","follow":"follow","max-snippet":"max-snippet:-1","max-image-preview":"max-image-preview:large","max-video-preview":"max-video-preview:-1"},"canonical":"https:\/\/lasentinelle.dz\/index.php\/2023\/07\/12\/tournoi-de-football-des-jsa-2023-les-verts-cedent-face-au-realisme-des-saoudiens\/","og_locale":"fr_FR","og_type":"article","og_title":"Tournoi de football des JSA 2023&nbsp;: Les Verts c\u00e8dent face au r\u00e9alisme des Saoudiens - La Sentinelle","og_description":"La s\u00e9lection nationale U23 ne jouera pas la finale des 15e &nbsp;Jeux Sportifs Arabes, elle a \u00e9t\u00e9 \u00e9limin\u00e9e mardi soir","og_url":"https:\/\/lasentinelle.dz\/index.php\/2023\/07\/12\/tournoi-de-football-des-jsa-2023-les-verts-cedent-face-au-realisme-des-saoudiens\/","og_site_name":"La Sentinelle","article_publisher":"https:\/\/www.facebook.com\/La-Sentinelle-104059864394773","article_published_time":"2023-07-12T19:02:22+00:00","article_modified_time":"2023-07-12T19:02:23+00:00","og_image":[{"width":750,"height":430,"url":"https:\/\/lasentinelle.dz\/wp-content\/uploads\/2023\/07\/U23-2.jpeg","type":"image\/jpeg"}],"author":"La Sentinelle","twitter_card":"summary_large_image","twitter_misc":{"\u00c9crit par":"La Sentinelle","Dur\u00e9e de lecture estim\u00e9e":"4 minutes"},"schema":{"@context":"https:\/\/schema.org","@graph":[{"@type":"Article","@id":"https:\/\/lasentinelle.dz\/index.php\/2023\/07\/12\/tournoi-de-football-des-jsa-2023-les-verts-cedent-face-au-realisme-des-saoudiens\/#article","isPartOf":{"@id":"https:\/\/lasentinelle.dz\/index.php\/2023\/07\/12\/tournoi-de-football-des-jsa-2023-les-verts-cedent-face-au-realisme-des-saoudiens\/"},"author":{"name":"La Sentinelle","@id":"https:\/\/lasentinelle.dz\/#\/schema\/person\/d865044e22e70a75174ce8bcad3acfb3"},"headline":"Tournoi de football des JSA 2023&nbsp;: Les Verts c\u00e8dent face au r\u00e9alisme des Saoudiens","datePublished":"2023-07-12T19:02:22+00:00","dateModified":"2023-07-12T19:02:23+00:00","mainEntityOfPage":{"@id":"https:\/\/lasentinelle.dz\/index.php\/2023\/07\/12\/tournoi-de-football-des-jsa-2023-les-verts-cedent-face-au-realisme-des-saoudiens\/"},"wordCount":710,"commentCount":0,"publisher":{"@id":"https:\/\/lasentinelle.dz\/#organization"},"image":{"@id":"https:\/\/lasentinelle.dz\/index.php\/2023\/07\/12\/tournoi-de-football-des-jsa-2023-les-verts-cedent-face-au-realisme-des-saoudiens\/#primaryimage"},"thumbnailUrl":"https:\/\/lasentinelle.dz\/wp-content\/uploads\/2023\/07\/U23-2.jpeg","articleSection":["\u00c0 la Une","Sports"],"inLanguage":"fr-FR","potentialAction":[{"@type":"CommentAction","name":"Comment","target":["https:\/\/lasentinelle.dz\/index.php\/2023\/07\/12\/tournoi-de-football-des-jsa-2023-les-verts-cedent-face-au-realisme-des-saoudiens\/#respond"]}]},{"@type":"WebPage","@id":"https:\/\/lasentinelle.dz\/index.php\/2023\/07\/12\/tournoi-de-football-des-jsa-2023-les-verts-cedent-face-au-realisme-des-saoudiens\/","url":"https:\/\/lasentinelle.dz\/index.php\/2023\/07\/12\/tournoi-de-football-des-jsa-2023-les-verts-cedent-face-au-realisme-des-saoudiens\/","name":"Tournoi de football des JSA 2023&nbsp;: Les Verts c\u00e8dent face au r\u00e9alisme des Saoudiens - La Sentinelle","isPartOf":{"@id":"https:\/\/lasentinelle.dz\/#website"},"primaryImageOfPage":{"@id":"https:\/\/lasentinelle.dz\/index.php\/2023\/07\/12\/tournoi-de-football-des-jsa-2023-les-verts-cedent-face-au-realisme-des-saoudiens\/#primaryimage"},"image":{"@id":"https:\/\/lasentinelle.dz\/index.php\/2023\/07\/12\/tournoi-de-football-des-jsa-2023-les-verts-cedent-face-au-realisme-des-saoudiens\/#primaryimage"},"thumbnailUrl":"https:\/\/lasentinelle.dz\/wp-content\/uploads\/2023\/07\/U23-2.jpeg","datePublished":"2023-07-12T19:02:22+00:00","dateModified":"2023-07-12T19:02:23+00:00","breadcrumb":{"@id":"https:\/\/lasentinelle.dz\/index.php\/2023\/07\/12\/tournoi-de-football-des-jsa-2023-les-verts-cedent-face-au-realisme-des-saoudiens\/#breadcrumb"},"inLanguage":"fr-FR","potentialAction":[{"@type":"ReadAction","target":["https:\/\/lasentinelle.dz\/index.php\/2023\/07\/12\/tournoi-de-football-des-jsa-2023-les-verts-cedent-face-au-realisme-des-saoudiens\/"]}]},{"@type":"ImageObject","inLanguage":"fr-FR","@id":"https:\/\/lasentinelle.dz\/index.php\/2023\/07\/12\/tournoi-de-football-des-jsa-2023-les-verts-cedent-face-au-realisme-des-saoudiens\/#primaryimage","url":"https:\/\/lasentinelle.dz\/wp-content\/uploads\/2023\/07\/U23-2.jpeg","contentUrl":"https:\/\/lasentinelle.dz\/wp-content\/uploads\/2023\/07\/U23-2.jpeg","width":750,"height":430},{"@type":"BreadcrumbList","@id":"https:\/\/lasentinelle.dz\/index.php\/2023\/07\/12\/tournoi-de-football-des-jsa-2023-les-verts-cedent-face-au-realisme-des-saoudiens\/#breadcrumb","itemListElement":[{"@type":"ListItem","position":1,"name":"Accueil","item":"https:\/\/lasentinelle.dz\/"},{"@type":"ListItem","position":2,"name":"Tournoi de football des JSA 2023&nbsp;: Les Verts c\u00e8dent face au r\u00e9alisme des Saoudiens"}]},{"@type":"WebSite","@id":"https:\/\/lasentinelle.dz\/#website","url":"https:\/\/lasentinelle.dz\/","name":"La Sentinelle","description":"Quotidien national d&#039;information","publisher":{"@id":"https:\/\/lasentinelle.dz\/#organization"},"potentialAction":[{"@type":"SearchAction","target":{"@type":"EntryPoint","urlTemplate":"https:\/\/lasentinelle.dz\/?s={search_term_string}"},"query-input":{"@type":"PropertyValueSpecification","valueRequired":true,"valueName":"search_term_string"}}],"inLanguage":"fr-FR"},{"@type":"Organization","@id":"https:\/\/lasentinelle.dz\/#organization","name":"Quotidien La Sentinelle","url":"https:\/\/lasentinelle.dz\/","logo":{"@type":"ImageObject","inLanguage":"fr-FR","@id":"https:\/\/lasentinelle.dz\/#\/schema\/logo\/image\/","url":"https:\/\/lasentinelle.dz\/wp-content\/uploads\/2021\/09\/logo-sentinelleSLOGAN-1.png","contentUrl":"https:\/\/lasentinelle.dz\/wp-content\/uploads\/2021\/09\/logo-sentinelleSLOGAN-1.png","width":615,"height":142,"caption":"Quotidien La Sentinelle"},"image":{"@id":"https:\/\/lasentinelle.dz\/#\/schema\/logo\/image\/"},"sameAs":["https:\/\/www.facebook.com\/La-Sentinelle-104059864394773"]},{"@type":"Person","@id":"https:\/\/lasentinelle.dz\/#\/schema\/person\/d865044e22e70a75174ce8bcad3acfb3","name":"La Sentinelle","image":{"@type":"ImageObject","inLanguage":"fr-FR","@id":"https:\/\/secure.gravatar.com\/avatar\/57de8e5d4b15d43fb361a71fbb36338450fe67865b528a43dd10ef7c51a20392?s=96&d=mm&r=g","url":"https:\/\/secure.gravatar.com\/avatar\/57de8e5d4b15d43fb361a71fbb36338450fe67865b528a43dd10ef7c51a20392?s=96&d=mm&r=g","contentUrl":"https:\/\/secure.gravatar.com\/avatar\/57de8e5d4b15d43fb361a71fbb36338450fe67865b528a43dd10ef7c51a20392?s=96&d=mm&r=g","caption":"La Sentinelle"},"sameAs":["http:\/\/www.lasentinelle.dz"],"url":"https:\/\/lasentinelle.dz\/author\/redaction\/"}]}},"_links":{"self":[{"href":"https:\/\/lasentinelle.dz\/index.php\/wp-json\/wp\/v2\/posts\/43577","targetHints":{"allow":["GET"]}}],"collection":[{"href":"https:\/\/lasentinelle.dz\/index.php\/wp-json\/wp\/v2\/posts"}],"about":[{"href":"https:\/\/lasentinelle.dz\/index.php\/wp-json\/wp\/v2\/types\/post"}],"author":[{"embeddable":true,"href":"https:\/\/lasentinelle.dz\/index.php\/wp-json\/wp\/v2\/users\/3"}],"replies":[{"embeddable":true,"href":"https:\/\/lasentinelle.dz\/index.php\/wp-json\/wp\/v2\/comments?post=43577"}],"version-history":[{"count":1,"href":"https:\/\/lasentinelle.dz\/index.php\/wp-json\/wp\/v2\/posts\/43577\/revisions"}],"predecessor-version":[{"id":43579,"href":"https:\/\/lasentinelle.dz\/index.php\/wp-json\/wp\/v2\/posts\/43577\/revisions\/43579"}],"wp:featuredmedia":[{"embeddable":true,"href":"https:\/\/lasentinelle.dz\/index.php\/wp-json\/wp\/v2\/media\/43578"}],"wp:attachment":[{"href":"https:\/\/lasentinelle.dz\/index.php\/wp-json\/wp\/v2\/media?parent=43577"}],"wp:term":[{"taxonomy":"category","embeddable":true,"href":"https:\/\/lasentinelle.dz\/index.php\/wp-json\/wp\/v2\/categories?post=43577"},{"taxonomy":"post_tag","embeddable":true,"href":"https:\/\/lasentinelle.dz\/index.php\/wp-json\/wp\/v2\/tags?post=43577"}],"curies":[{"name":"wp","href":"https:\/\/api.w.org\/{rel}","templated":true}]}}