{"id":43601,"date":"2023-07-12T21:47:57","date_gmt":"2023-07-12T20:47:57","guid":{"rendered":"https:\/\/lasentinelle.dz\/?p=43601"},"modified":"2023-07-12T21:47:59","modified_gmt":"2023-07-12T20:47:59","slug":"apn-debat-houleux-autour-des-concessions-foncieres","status":"publish","type":"post","link":"https:\/\/lasentinelle.dz\/index.php\/2023\/07\/12\/apn-debat-houleux-autour-des-concessions-foncieres\/","title":{"rendered":"APN&nbsp;: D\u00e9bat houleux autour des concessions fonci\u00e8res"},"content":{"rendered":"\n<p>Le projet de Loi sur le foncier \u00e9conomique a \u00e9t\u00e9 adopt\u00e9 hier \u00e0 l\u2019Assembl\u00e9e populaire nationale lors d\u2019une s\u00e9ance pl\u00e9ni\u00e8re qui aura \u00e9t\u00e9 marqu\u00e9e par un \u00e9change muscl\u00e9 \u00e0 propos d\u2019un amendement relatif \u00e0 les concessions fonci\u00e8res.<\/p>\n\n\n\n<p>Pr\u00e8s d\u2019une ann\u00e9e apr\u00e8s la promulgation de la nouvelle Loi sur les investissements, le texte relatif au foncier \u00e9conomique et qui doit compl\u00e9ter le cadre l\u00e9gislatif qui doit permettre d\u2019am\u00e9liorer le climat des investissements a \u00e9t\u00e9 adopt\u00e9 hier \u00e0 l\u2019Assembl\u00e9e populaire nationale. Le projet de Loi fixant les conditions et modalit\u00e9s d&rsquo;octroi du foncier \u00e9conomique relevant des domaines de l&rsquo;Etat et destin\u00e9 \u00e0 la r\u00e9alisation de projets d&rsquo;investissement tend \u00e0 lever tous les obstacles entravant l&rsquo;acc\u00e8s des investisseurs au foncier \u00e9conomique, pr\u00e9voit plusieurs facilitations et avantages. Ce texte de loi qui abroge les dispositions de l&rsquo;ordonnance de 2008 fixant les conditions et modalit\u00e9s de concession des terrains relevant du domaine priv\u00e9 de l&rsquo;Etat, destin\u00e9s \u00e0 la r\u00e9alisation des projets d&rsquo;investissement, consacre l&rsquo;engagement de l&rsquo;Etat \u00e0 am\u00e9nager pr\u00e9alablement le foncier \u00e9conomique relevant du domaine priv\u00e9 avant de l&rsquo;octroyer aux investisseurs, par le biais d&rsquo;agences publiques sp\u00e9cialis\u00e9es dans le domaine du foncier industriel, touristique et urbain. &nbsp;Le texte doit ainsi permettre de garantir la transparence dans l\u2019attribution du foncier, mais aussi simplifier la proc\u00e9dure d\u2019octroi du foncier industriel notamment en octroyant les pleins pouvoirs en ce qui concerne la gestion du foncier \u00e0 l\u2019Agence alg\u00e9rienne de promotion de l\u2019investissement.<\/p>\n\n\n\n<p>Dans son rapport pr\u00e9liminaire sur le projet de loi, la commission des finances et du budget de l&rsquo;APN a affirm\u00e9 qu&rsquo;elle a examin\u00e9 les dispositions du pr\u00e9sent texte de loi en traitant 47 amendements qui lui ont \u00e9t\u00e9 propos\u00e9s, en a approuv\u00e9 plusieurs amendements, en a rejet\u00e9 certains, comme elle a introduit de nouvelles dispositions. &nbsp;D\u2019ailleurs, l\u2019un des amendements propos\u00e9s a fait l\u2019objet d\u2019un vif d\u00e9bat \u00e0 l\u2019h\u00e9micycle hier, dans la mesure o\u00f9 son auteur, le d\u00e9put\u00e9 FLN Ahmed Rabhi y tenait, malgr\u00e9 l\u2019opposition de la commission de l\u2019APN. Il s\u2019agit d\u2019un amendement propos\u00e9 sur l\u2019article 14 du projet de loi relatif aux concessions fonci\u00e8res. Une proposition d\u2019amendement qui propose la mutation des droits de concession en cession du foncier pour permettre de constituer une hypoth\u00e8que. Une proposition qui a \u00e9t\u00e9 fermement rejet\u00e9e.<\/p>\n\n\n\n<p>Notons que les amendements propos\u00e9s et adopt\u00e9s par les d\u00e9put\u00e9s concernent notamment l&rsquo;article 22 qui stipule que \u00ab\u00a0les walis territorialement comp\u00e9tents continuent, \u00e0 travers un comit\u00e9 de suivi cr\u00e9\u00e9 \u00e0 cet effet, de superviser l&rsquo;assainissement des projets d&rsquo;investissement pour lesquels la concession a \u00e9t\u00e9 autoris\u00e9e par arr\u00eat\u00e9 du wali ou consacr\u00e9e par acte administratif, ant\u00e9rieurement \u00e0 la pr\u00e9sente loi, entrainant ainsi le lancement des travaux de r\u00e9alisation du projet sur la base d&rsquo;un permis de construire avec un taux d&rsquo;avancement de 20%\u00a0\u00bb. Les d\u00e9put\u00e9s ont \u00e9galement adopt\u00e9 un amendement relatif \u00e0 l&rsquo;article 8, portant obligation de mettre toutes les informations concernant la disponibilit\u00e9 du foncier \u00e0 la disposition des investisseurs via \u00ab\u00a0la plateforme num\u00e9rique de l&rsquo;investisseur\u00a0\u00bb. Autre amendement adopt\u00e9, celui relatif \u00e0 l&rsquo;article 23 permettant d&rsquo;examiner les demandes introduites par les concessionnaires relatives au changement, \u00ab\u00a0sur la base de motifs objectifs\u00a0\u00bb, d&rsquo;activit\u00e9s, de forme juridique (personne physique ou morale) ou de statut, en vue de parachever les projets d&rsquo;investissement en difficult\u00e9, \u00e0 condition que le concessionnaire initial conserve la majorit\u00e9 des parts jusqu&rsquo;\u00e0 la r\u00e9alisation effective du projet, l&rsquo;obtention du certificat de conformit\u00e9 et son entr\u00e9e en vigueur\u00a0\u00bb.<\/p>\n\n\n\n<p>Notons qu\u2019apr\u00e8s cette s\u00e9ance de vote, les membres des 12 commissions permanentes de l\u2019APN ont \u00e9t\u00e9 install\u00e9s pour le compte de la troisi\u00e8me ann\u00e9e de la l\u00e9gislature en cours.<\/p>\n\n\n\n<p><strong>Hocine Fadheli<\/strong><\/p>\n","protected":false},"excerpt":{"rendered":"<p>Le projet de Loi sur le foncier \u00e9conomique a \u00e9t\u00e9 adopt\u00e9 hier \u00e0 l\u2019Assembl\u00e9e populaire nationale lors d\u2019une s\u00e9ance pl\u00e9ni\u00e8re<\/p>\n","protected":false},"author":3,"featured_media":43602,"comment_status":"open","ping_status":"closed","sticky":false,"template":"","format":"standard","meta":{"colormag_page_container_layout":"default_layout","colormag_page_sidebar_layout":"default_layout","om_disable_all_campaigns":false,"_monsterinsights_skip_tracking":false,"_monsterinsights_sitenote_active":false,"_monsterinsights_sitenote_note":"","_monsterinsights_sitenote_category":0,"footnotes":"","_wpscppro_dont_share_socialmedia":false,"_wpscppro_custom_social_share_image":0,"_facebook_share_type":"","_twitter_share_type":"","_linkedin_share_type":"","_pinterest_share_type":"","_linkedin_share_type_page":"","_instagram_share_type":"","_medium_share_type":"","_threads_share_type":"","_google_business_share_type":"","_selected_social_profile":[],"_wpsp_enable_custom_social_template":false,"_wpsp_social_scheduling":{"enabled":false,"datetime":null,"platforms":[],"status":"template_only","dateOption":"today","timeOption":"now","customDays":"","customHours":"","customDate":"","customTime":"","schedulingType":"absolute"},"_wpsp_active_default_template":true},"categories":[52,27],"tags":[],"class_list":["post-43601","post","type-post","status-publish","format-standard","has-post-thumbnail","hentry","category-a-la-une","category-actualite"],"aioseo_notices":[],"yoast_head":"<!-- This site is optimized with the Yoast SEO plugin v27.5 - https:\/\/yoast.com\/product\/yoast-seo-wordpress\/ -->\n<title>APN&nbsp;: D\u00e9bat houleux autour des concessions fonci\u00e8res - La Sentinelle<\/title>\n<meta name=\"robots\" content=\"index, follow, max-snippet:-1, max-image-preview:large, max-video-preview:-1\" \/>\n<link rel=\"canonical\" href=\"https:\/\/lasentinelle.dz\/index.php\/2023\/07\/12\/apn-debat-houleux-autour-des-concessions-foncieres\/\" \/>\n<meta property=\"og:locale\" content=\"fr_FR\" \/>\n<meta property=\"og:type\" content=\"article\" \/>\n<meta property=\"og:title\" content=\"APN&nbsp;: D\u00e9bat houleux autour des concessions fonci\u00e8res - La Sentinelle\" \/>\n<meta property=\"og:description\" content=\"Le projet de Loi sur le foncier \u00e9conomique a \u00e9t\u00e9 adopt\u00e9 hier \u00e0 l\u2019Assembl\u00e9e populaire nationale lors d\u2019une s\u00e9ance pl\u00e9ni\u00e8re\" \/>\n<meta property=\"og:url\" content=\"https:\/\/lasentinelle.dz\/index.php\/2023\/07\/12\/apn-debat-houleux-autour-des-concessions-foncieres\/\" \/>\n<meta property=\"og:site_name\" content=\"La Sentinelle\" \/>\n<meta property=\"article:publisher\" content=\"https:\/\/www.facebook.com\/La-Sentinelle-104059864394773\" \/>\n<meta property=\"article:published_time\" content=\"2023-07-12T20:47:57+00:00\" \/>\n<meta property=\"article:modified_time\" content=\"2023-07-12T20:47:59+00:00\" \/>\n<meta property=\"og:image\" content=\"https:\/\/lasentinelle.dz\/wp-content\/uploads\/2023\/07\/APN.jpeg\" \/>\n\t<meta property=\"og:image:width\" content=\"2048\" \/>\n\t<meta property=\"og:image:height\" content=\"1367\" \/>\n\t<meta property=\"og:image:type\" content=\"image\/jpeg\" \/>\n<meta name=\"author\" content=\"La Sentinelle\" \/>\n<meta name=\"twitter:card\" content=\"summary_large_image\" \/>\n<meta name=\"twitter:label1\" content=\"\u00c9crit par\" \/>\n\t<meta name=\"twitter:data1\" content=\"La Sentinelle\" \/>\n\t<meta name=\"twitter:label2\" content=\"Dur\u00e9e de lecture estim\u00e9e\" \/>\n\t<meta name=\"twitter:data2\" content=\"4 minutes\" \/>\n<script type=\"application\/ld+json\" class=\"yoast-schema-graph\">{\"@context\":\"https:\\\/\\\/schema.org\",\"@graph\":[{\"@type\":\"Article\",\"@id\":\"https:\\\/\\\/lasentinelle.dz\\\/index.php\\\/2023\\\/07\\\/12\\\/apn-debat-houleux-autour-des-concessions-foncieres\\\/#article\",\"isPartOf\":{\"@id\":\"https:\\\/\\\/lasentinelle.dz\\\/index.php\\\/2023\\\/07\\\/12\\\/apn-debat-houleux-autour-des-concessions-foncieres\\\/\"},\"author\":{\"name\":\"La Sentinelle\",\"@id\":\"https:\\\/\\\/lasentinelle.dz\\\/#\\\/schema\\\/person\\\/d865044e22e70a75174ce8bcad3acfb3\"},\"headline\":\"APN&nbsp;: D\u00e9bat houleux autour des concessions fonci\u00e8res\",\"datePublished\":\"2023-07-12T20:47:57+00:00\",\"dateModified\":\"2023-07-12T20:47:59+00:00\",\"mainEntityOfPage\":{\"@id\":\"https:\\\/\\\/lasentinelle.dz\\\/index.php\\\/2023\\\/07\\\/12\\\/apn-debat-houleux-autour-des-concessions-foncieres\\\/\"},\"wordCount\":680,\"commentCount\":0,\"publisher\":{\"@id\":\"https:\\\/\\\/lasentinelle.dz\\\/#organization\"},\"image\":{\"@id\":\"https:\\\/\\\/lasentinelle.dz\\\/index.php\\\/2023\\\/07\\\/12\\\/apn-debat-houleux-autour-des-concessions-foncieres\\\/#primaryimage\"},\"thumbnailUrl\":\"https:\\\/\\\/lasentinelle.dz\\\/wp-content\\\/uploads\\\/2023\\\/07\\\/APN.jpeg\",\"articleSection\":[\"\u00c0 la Une\",\"Actualit\u00e9\"],\"inLanguage\":\"fr-FR\",\"potentialAction\":[{\"@type\":\"CommentAction\",\"name\":\"Comment\",\"target\":[\"https:\\\/\\\/lasentinelle.dz\\\/index.php\\\/2023\\\/07\\\/12\\\/apn-debat-houleux-autour-des-concessions-foncieres\\\/#respond\"]}]},{\"@type\":\"WebPage\",\"@id\":\"https:\\\/\\\/lasentinelle.dz\\\/index.php\\\/2023\\\/07\\\/12\\\/apn-debat-houleux-autour-des-concessions-foncieres\\\/\",\"url\":\"https:\\\/\\\/lasentinelle.dz\\\/index.php\\\/2023\\\/07\\\/12\\\/apn-debat-houleux-autour-des-concessions-foncieres\\\/\",\"name\":\"APN&nbsp;: D\u00e9bat houleux autour des concessions fonci\u00e8res - La Sentinelle\",\"isPartOf\":{\"@id\":\"https:\\\/\\\/lasentinelle.dz\\\/#website\"},\"primaryImageOfPage\":{\"@id\":\"https:\\\/\\\/lasentinelle.dz\\\/index.php\\\/2023\\\/07\\\/12\\\/apn-debat-houleux-autour-des-concessions-foncieres\\\/#primaryimage\"},\"image\":{\"@id\":\"https:\\\/\\\/lasentinelle.dz\\\/index.php\\\/2023\\\/07\\\/12\\\/apn-debat-houleux-autour-des-concessions-foncieres\\\/#primaryimage\"},\"thumbnailUrl\":\"https:\\\/\\\/lasentinelle.dz\\\/wp-content\\\/uploads\\\/2023\\\/07\\\/APN.jpeg\",\"datePublished\":\"2023-07-12T20:47:57+00:00\",\"dateModified\":\"2023-07-12T20:47:59+00:00\",\"breadcrumb\":{\"@id\":\"https:\\\/\\\/lasentinelle.dz\\\/index.php\\\/2023\\\/07\\\/12\\\/apn-debat-houleux-autour-des-concessions-foncieres\\\/#breadcrumb\"},\"inLanguage\":\"fr-FR\",\"potentialAction\":[{\"@type\":\"ReadAction\",\"target\":[\"https:\\\/\\\/lasentinelle.dz\\\/index.php\\\/2023\\\/07\\\/12\\\/apn-debat-houleux-autour-des-concessions-foncieres\\\/\"]}]},{\"@type\":\"ImageObject\",\"inLanguage\":\"fr-FR\",\"@id\":\"https:\\\/\\\/lasentinelle.dz\\\/index.php\\\/2023\\\/07\\\/12\\\/apn-debat-houleux-autour-des-concessions-foncieres\\\/#primaryimage\",\"url\":\"https:\\\/\\\/lasentinelle.dz\\\/wp-content\\\/uploads\\\/2023\\\/07\\\/APN.jpeg\",\"contentUrl\":\"https:\\\/\\\/lasentinelle.dz\\\/wp-content\\\/uploads\\\/2023\\\/07\\\/APN.jpeg\",\"width\":2048,\"height\":1367},{\"@type\":\"BreadcrumbList\",\"@id\":\"https:\\\/\\\/lasentinelle.dz\\\/index.php\\\/2023\\\/07\\\/12\\\/apn-debat-houleux-autour-des-concessions-foncieres\\\/#breadcrumb\",\"itemListElement\":[{\"@type\":\"ListItem\",\"position\":1,\"name\":\"Accueil\",\"item\":\"https:\\\/\\\/lasentinelle.dz\\\/\"},{\"@type\":\"ListItem\",\"position\":2,\"name\":\"APN&nbsp;: D\u00e9bat houleux autour des concessions fonci\u00e8res\"}]},{\"@type\":\"WebSite\",\"@id\":\"https:\\\/\\\/lasentinelle.dz\\\/#website\",\"url\":\"https:\\\/\\\/lasentinelle.dz\\\/\",\"name\":\"La Sentinelle\",\"description\":\"Quotidien national d&#039;information\",\"publisher\":{\"@id\":\"https:\\\/\\\/lasentinelle.dz\\\/#organization\"},\"potentialAction\":[{\"@type\":\"SearchAction\",\"target\":{\"@type\":\"EntryPoint\",\"urlTemplate\":\"https:\\\/\\\/lasentinelle.dz\\\/?s={search_term_string}\"},\"query-input\":{\"@type\":\"PropertyValueSpecification\",\"valueRequired\":true,\"valueName\":\"search_term_string\"}}],\"inLanguage\":\"fr-FR\"},{\"@type\":\"Organization\",\"@id\":\"https:\\\/\\\/lasentinelle.dz\\\/#organization\",\"name\":\"Quotidien La Sentinelle\",\"url\":\"https:\\\/\\\/lasentinelle.dz\\\/\",\"logo\":{\"@type\":\"ImageObject\",\"inLanguage\":\"fr-FR\",\"@id\":\"https:\\\/\\\/lasentinelle.dz\\\/#\\\/schema\\\/logo\\\/image\\\/\",\"url\":\"https:\\\/\\\/lasentinelle.dz\\\/wp-content\\\/uploads\\\/2021\\\/09\\\/logo-sentinelleSLOGAN-1.png\",\"contentUrl\":\"https:\\\/\\\/lasentinelle.dz\\\/wp-content\\\/uploads\\\/2021\\\/09\\\/logo-sentinelleSLOGAN-1.png\",\"width\":615,\"height\":142,\"caption\":\"Quotidien La Sentinelle\"},\"image\":{\"@id\":\"https:\\\/\\\/lasentinelle.dz\\\/#\\\/schema\\\/logo\\\/image\\\/\"},\"sameAs\":[\"https:\\\/\\\/www.facebook.com\\\/La-Sentinelle-104059864394773\"]},{\"@type\":\"Person\",\"@id\":\"https:\\\/\\\/lasentinelle.dz\\\/#\\\/schema\\\/person\\\/d865044e22e70a75174ce8bcad3acfb3\",\"name\":\"La Sentinelle\",\"image\":{\"@type\":\"ImageObject\",\"inLanguage\":\"fr-FR\",\"@id\":\"https:\\\/\\\/secure.gravatar.com\\\/avatar\\\/57de8e5d4b15d43fb361a71fbb36338450fe67865b528a43dd10ef7c51a20392?s=96&d=mm&r=g\",\"url\":\"https:\\\/\\\/secure.gravatar.com\\\/avatar\\\/57de8e5d4b15d43fb361a71fbb36338450fe67865b528a43dd10ef7c51a20392?s=96&d=mm&r=g\",\"contentUrl\":\"https:\\\/\\\/secure.gravatar.com\\\/avatar\\\/57de8e5d4b15d43fb361a71fbb36338450fe67865b528a43dd10ef7c51a20392?s=96&d=mm&r=g\",\"caption\":\"La Sentinelle\"},\"sameAs\":[\"http:\\\/\\\/www.lasentinelle.dz\"],\"url\":\"https:\\\/\\\/lasentinelle.dz\\\/author\\\/redaction\\\/\"}]}<\/script>\n<!-- \/ Yoast SEO plugin. -->","yoast_head_json":{"title":"APN&nbsp;: D\u00e9bat houleux autour des concessions fonci\u00e8res - La Sentinelle","robots":{"index":"index","follow":"follow","max-snippet":"max-snippet:-1","max-image-preview":"max-image-preview:large","max-video-preview":"max-video-preview:-1"},"canonical":"https:\/\/lasentinelle.dz\/index.php\/2023\/07\/12\/apn-debat-houleux-autour-des-concessions-foncieres\/","og_locale":"fr_FR","og_type":"article","og_title":"APN&nbsp;: D\u00e9bat houleux autour des concessions fonci\u00e8res - La Sentinelle","og_description":"Le projet de Loi sur le foncier \u00e9conomique a \u00e9t\u00e9 adopt\u00e9 hier \u00e0 l\u2019Assembl\u00e9e populaire nationale lors d\u2019une s\u00e9ance pl\u00e9ni\u00e8re","og_url":"https:\/\/lasentinelle.dz\/index.php\/2023\/07\/12\/apn-debat-houleux-autour-des-concessions-foncieres\/","og_site_name":"La Sentinelle","article_publisher":"https:\/\/www.facebook.com\/La-Sentinelle-104059864394773","article_published_time":"2023-07-12T20:47:57+00:00","article_modified_time":"2023-07-12T20:47:59+00:00","og_image":[{"width":2048,"height":1367,"url":"https:\/\/lasentinelle.dz\/wp-content\/uploads\/2023\/07\/APN.jpeg","type":"image\/jpeg"}],"author":"La Sentinelle","twitter_card":"summary_large_image","twitter_misc":{"\u00c9crit par":"La Sentinelle","Dur\u00e9e de lecture estim\u00e9e":"4 minutes"},"schema":{"@context":"https:\/\/schema.org","@graph":[{"@type":"Article","@id":"https:\/\/lasentinelle.dz\/index.php\/2023\/07\/12\/apn-debat-houleux-autour-des-concessions-foncieres\/#article","isPartOf":{"@id":"https:\/\/lasentinelle.dz\/index.php\/2023\/07\/12\/apn-debat-houleux-autour-des-concessions-foncieres\/"},"author":{"name":"La Sentinelle","@id":"https:\/\/lasentinelle.dz\/#\/schema\/person\/d865044e22e70a75174ce8bcad3acfb3"},"headline":"APN&nbsp;: D\u00e9bat houleux autour des concessions fonci\u00e8res","datePublished":"2023-07-12T20:47:57+00:00","dateModified":"2023-07-12T20:47:59+00:00","mainEntityOfPage":{"@id":"https:\/\/lasentinelle.dz\/index.php\/2023\/07\/12\/apn-debat-houleux-autour-des-concessions-foncieres\/"},"wordCount":680,"commentCount":0,"publisher":{"@id":"https:\/\/lasentinelle.dz\/#organization"},"image":{"@id":"https:\/\/lasentinelle.dz\/index.php\/2023\/07\/12\/apn-debat-houleux-autour-des-concessions-foncieres\/#primaryimage"},"thumbnailUrl":"https:\/\/lasentinelle.dz\/wp-content\/uploads\/2023\/07\/APN.jpeg","articleSection":["\u00c0 la Une","Actualit\u00e9"],"inLanguage":"fr-FR","potentialAction":[{"@type":"CommentAction","name":"Comment","target":["https:\/\/lasentinelle.dz\/index.php\/2023\/07\/12\/apn-debat-houleux-autour-des-concessions-foncieres\/#respond"]}]},{"@type":"WebPage","@id":"https:\/\/lasentinelle.dz\/index.php\/2023\/07\/12\/apn-debat-houleux-autour-des-concessions-foncieres\/","url":"https:\/\/lasentinelle.dz\/index.php\/2023\/07\/12\/apn-debat-houleux-autour-des-concessions-foncieres\/","name":"APN&nbsp;: D\u00e9bat houleux autour des concessions fonci\u00e8res - La Sentinelle","isPartOf":{"@id":"https:\/\/lasentinelle.dz\/#website"},"primaryImageOfPage":{"@id":"https:\/\/lasentinelle.dz\/index.php\/2023\/07\/12\/apn-debat-houleux-autour-des-concessions-foncieres\/#primaryimage"},"image":{"@id":"https:\/\/lasentinelle.dz\/index.php\/2023\/07\/12\/apn-debat-houleux-autour-des-concessions-foncieres\/#primaryimage"},"thumbnailUrl":"https:\/\/lasentinelle.dz\/wp-content\/uploads\/2023\/07\/APN.jpeg","datePublished":"2023-07-12T20:47:57+00:00","dateModified":"2023-07-12T20:47:59+00:00","breadcrumb":{"@id":"https:\/\/lasentinelle.dz\/index.php\/2023\/07\/12\/apn-debat-houleux-autour-des-concessions-foncieres\/#breadcrumb"},"inLanguage":"fr-FR","potentialAction":[{"@type":"ReadAction","target":["https:\/\/lasentinelle.dz\/index.php\/2023\/07\/12\/apn-debat-houleux-autour-des-concessions-foncieres\/"]}]},{"@type":"ImageObject","inLanguage":"fr-FR","@id":"https:\/\/lasentinelle.dz\/index.php\/2023\/07\/12\/apn-debat-houleux-autour-des-concessions-foncieres\/#primaryimage","url":"https:\/\/lasentinelle.dz\/wp-content\/uploads\/2023\/07\/APN.jpeg","contentUrl":"https:\/\/lasentinelle.dz\/wp-content\/uploads\/2023\/07\/APN.jpeg","width":2048,"height":1367},{"@type":"BreadcrumbList","@id":"https:\/\/lasentinelle.dz\/index.php\/2023\/07\/12\/apn-debat-houleux-autour-des-concessions-foncieres\/#breadcrumb","itemListElement":[{"@type":"ListItem","position":1,"name":"Accueil","item":"https:\/\/lasentinelle.dz\/"},{"@type":"ListItem","position":2,"name":"APN&nbsp;: D\u00e9bat houleux autour des concessions fonci\u00e8res"}]},{"@type":"WebSite","@id":"https:\/\/lasentinelle.dz\/#website","url":"https:\/\/lasentinelle.dz\/","name":"La Sentinelle","description":"Quotidien national d&#039;information","publisher":{"@id":"https:\/\/lasentinelle.dz\/#organization"},"potentialAction":[{"@type":"SearchAction","target":{"@type":"EntryPoint","urlTemplate":"https:\/\/lasentinelle.dz\/?s={search_term_string}"},"query-input":{"@type":"PropertyValueSpecification","valueRequired":true,"valueName":"search_term_string"}}],"inLanguage":"fr-FR"},{"@type":"Organization","@id":"https:\/\/lasentinelle.dz\/#organization","name":"Quotidien La Sentinelle","url":"https:\/\/lasentinelle.dz\/","logo":{"@type":"ImageObject","inLanguage":"fr-FR","@id":"https:\/\/lasentinelle.dz\/#\/schema\/logo\/image\/","url":"https:\/\/lasentinelle.dz\/wp-content\/uploads\/2021\/09\/logo-sentinelleSLOGAN-1.png","contentUrl":"https:\/\/lasentinelle.dz\/wp-content\/uploads\/2021\/09\/logo-sentinelleSLOGAN-1.png","width":615,"height":142,"caption":"Quotidien La Sentinelle"},"image":{"@id":"https:\/\/lasentinelle.dz\/#\/schema\/logo\/image\/"},"sameAs":["https:\/\/www.facebook.com\/La-Sentinelle-104059864394773"]},{"@type":"Person","@id":"https:\/\/lasentinelle.dz\/#\/schema\/person\/d865044e22e70a75174ce8bcad3acfb3","name":"La Sentinelle","image":{"@type":"ImageObject","inLanguage":"fr-FR","@id":"https:\/\/secure.gravatar.com\/avatar\/57de8e5d4b15d43fb361a71fbb36338450fe67865b528a43dd10ef7c51a20392?s=96&d=mm&r=g","url":"https:\/\/secure.gravatar.com\/avatar\/57de8e5d4b15d43fb361a71fbb36338450fe67865b528a43dd10ef7c51a20392?s=96&d=mm&r=g","contentUrl":"https:\/\/secure.gravatar.com\/avatar\/57de8e5d4b15d43fb361a71fbb36338450fe67865b528a43dd10ef7c51a20392?s=96&d=mm&r=g","caption":"La Sentinelle"},"sameAs":["http:\/\/www.lasentinelle.dz"],"url":"https:\/\/lasentinelle.dz\/author\/redaction\/"}]}},"_links":{"self":[{"href":"https:\/\/lasentinelle.dz\/index.php\/wp-json\/wp\/v2\/posts\/43601","targetHints":{"allow":["GET"]}}],"collection":[{"href":"https:\/\/lasentinelle.dz\/index.php\/wp-json\/wp\/v2\/posts"}],"about":[{"href":"https:\/\/lasentinelle.dz\/index.php\/wp-json\/wp\/v2\/types\/post"}],"author":[{"embeddable":true,"href":"https:\/\/lasentinelle.dz\/index.php\/wp-json\/wp\/v2\/users\/3"}],"replies":[{"embeddable":true,"href":"https:\/\/lasentinelle.dz\/index.php\/wp-json\/wp\/v2\/comments?post=43601"}],"version-history":[{"count":1,"href":"https:\/\/lasentinelle.dz\/index.php\/wp-json\/wp\/v2\/posts\/43601\/revisions"}],"predecessor-version":[{"id":43603,"href":"https:\/\/lasentinelle.dz\/index.php\/wp-json\/wp\/v2\/posts\/43601\/revisions\/43603"}],"wp:featuredmedia":[{"embeddable":true,"href":"https:\/\/lasentinelle.dz\/index.php\/wp-json\/wp\/v2\/media\/43602"}],"wp:attachment":[{"href":"https:\/\/lasentinelle.dz\/index.php\/wp-json\/wp\/v2\/media?parent=43601"}],"wp:term":[{"taxonomy":"category","embeddable":true,"href":"https:\/\/lasentinelle.dz\/index.php\/wp-json\/wp\/v2\/categories?post=43601"},{"taxonomy":"post_tag","embeddable":true,"href":"https:\/\/lasentinelle.dz\/index.php\/wp-json\/wp\/v2\/tags?post=43601"}],"curies":[{"name":"wp","href":"https:\/\/api.w.org\/{rel}","templated":true}]}}