{"id":43641,"date":"2023-07-15T22:44:29","date_gmt":"2023-07-15T21:44:29","guid":{"rendered":"https:\/\/lasentinelle.dz\/?p=43641"},"modified":"2023-07-15T22:44:30","modified_gmt":"2023-07-15T21:44:30","slug":"une-loi-de-finances-rectificative-pour-2023-des-mesures-pour-le-pouvoir-dachat-et-la-securite-alimentaire","status":"publish","type":"post","link":"https:\/\/lasentinelle.dz\/index.php\/2023\/07\/15\/une-loi-de-finances-rectificative-pour-2023-des-mesures-pour-le-pouvoir-dachat-et-la-securite-alimentaire\/","title":{"rendered":"Une Loi de Finances rectificative pour 2023&nbsp;: Des mesures pour le pouvoir d\u2019achat et la s\u00e9curit\u00e9 alimentaire"},"content":{"rendered":"\n<p>L\u2019ann\u00e9e budg\u00e9taire 2023 sera marqu\u00e9e par la promulgation d\u2019une Loi de Finances rectificative.<\/p>\n\n\n\n<p>Le Gouvernement a examin\u00e9, jeudi lors de sa r\u00e9union hebdomadaire, avant-projet de la loi de finances rectificative pour l&rsquo;ann\u00e9e 2023. Une Loi de Finances rectificative en lieu et place d\u2019une Loi de Finances compl\u00e9mentaire. Un changement conceptuel, sans doute, impos\u00e9 par le fait que 2023 est le premier exercice de la pleine application de la nouvelle Loi organique des Loi de finances. Au-del\u00e0, le texte en pr\u00e9paration vient une nouvelle fois offrir une assise et mobiliser des ressources pour la mise en \u0153uvre des d\u00e9cisions prises par le pr\u00e9sident de la R\u00e9publique, Abdelmadjid Tebboune, au cours des dernier, notamment en ce qui concerne le pouvoir d\u2019achat des m\u00e9nages et le d\u00e9veloppement local. &nbsp;Selon un communiqu\u00e9 des Services du Premier ministre, ce projet de loi pr\u00e9sent\u00e9 par le ministre des finances intervient pour \u00ab\u00a0introduire des actions et dispositions rectificatives en vue de prendre en charge des d\u00e9penses courantes suppl\u00e9mentaires li\u00e9es notamment \u00e0 certaines mesures prises par les pouvoirs publics\u00a0\u00bb. Ces mesures visent \u00ab\u00a0la pr\u00e9servation et le soutien du pouvoir d&rsquo;achat des m\u00e9nages, le renforcement de la s\u00e9curit\u00e9 alimentaire et la consolidation du programme d&rsquo;investissement public au profit de certaines wilayas pour assurer une croissance inclusive et durable\u00a0\u00bb, souligne la m\u00eame source.<\/p>\n\n\n\n<p>Il faut rappeler, dans ce contexte, que le pr\u00e9sident de la R\u00e9publique a pris de nombreuses mesures pour assurer une hausse progressive du niveau des revenus des m\u00e9nages depuis 2020, afin de pr\u00e9server le pouvoir d\u2019achat des m\u00e9nages. A&nbsp;&nbsp;&nbsp;&nbsp; insi, au-del\u00e0 des mesures prises dans le cadre de la LF2023 initiale relative \u00e0 la hausse des salaires des fonctionnaires, l\u2019augmentation de l\u2019allocation ch\u00f4mage et la r\u00e9vision \u00e0 la hausse des seuils minimaux des pensions de retraite, le Pr\u00e9sident Tebboune a d\u00e9cid\u00e9 au mois d\u2019avril dernier d\u2019une augmentation de l\u2019allocation de solidarit\u00e9 \u00e0 12.000 DA pour ceux qui per\u00e7oivent 10.000 DA et \u00e0 7.000 DA pour ceux qui per\u00e7oivent 3.000 DA. Quelques jours plus tard il a valid\u00e9 la valorisation annuelle des retraites de 3 \u00e0 5%, ce qui aura une incidence financi\u00e8re de 52 milliards de dinars. &nbsp;En termes de d\u00e9veloppement local, et apr\u00e8s Khenchela et Tissemsilt, Abdelmadjid Tebboune a d\u00e9cid\u00e9 au mois de mai dernier de lancer un programme de d\u00e9veloppement compl\u00e9mentaire pour la wilaya de Djelfa pour la prise en charge des besoins de la population de la wilaya et l&rsquo;am\u00e9lioration de leur cadre de vie ainsi que la relance de la dynamique socio-\u00e9conomique dans la wilaya.<\/p>\n\n\n\n<p>Notons enfin qu\u2019en termes de s\u00e9curit\u00e9 alimentaire et au-del\u00e0 du programme mis en place par l\u2019Office alg\u00e9rien interprofessionnel des c\u00e9r\u00e9ales pour garantir des stocks strat\u00e9giques de c\u00e9r\u00e9ales, le minist\u00e8re de l\u2019Agriculture vient de lancer un programme national de renforcement des capacit\u00e9s de stockage avec la r\u00e9alisation de 36 silos et 350 centres de proximit\u00e9 afin de porter les capacit\u00e9s de stockage \u00e0 9 millions de tonnes.<\/p>\n\n\n\n<p><strong>Samir Benisid<\/strong><\/p>\n","protected":false},"excerpt":{"rendered":"<p>L\u2019ann\u00e9e budg\u00e9taire 2023 sera marqu\u00e9e par la promulgation d\u2019une Loi de Finances rectificative. Le Gouvernement a examin\u00e9, jeudi lors de<\/p>\n","protected":false},"author":3,"featured_media":25301,"comment_status":"open","ping_status":"closed","sticky":false,"template":"","format":"standard","meta":{"colormag_page_container_layout":"default_layout","colormag_page_sidebar_layout":"default_layout","om_disable_all_campaigns":false,"_monsterinsights_skip_tracking":false,"_monsterinsights_sitenote_active":false,"_monsterinsights_sitenote_note":"","_monsterinsights_sitenote_category":0,"footnotes":"","_wpscppro_dont_share_socialmedia":false,"_wpscppro_custom_social_share_image":0,"_facebook_share_type":"","_twitter_share_type":"","_linkedin_share_type":"","_pinterest_share_type":"","_linkedin_share_type_page":"","_instagram_share_type":"","_medium_share_type":"","_threads_share_type":"","_google_business_share_type":"","_selected_social_profile":[],"_wpsp_enable_custom_social_template":false,"_wpsp_social_scheduling":{"enabled":false,"datetime":null,"platforms":[],"status":"template_only","dateOption":"today","timeOption":"now","customDays":"","customHours":"","customDate":"","customTime":"","schedulingType":"absolute"},"_wpsp_active_default_template":true},"categories":[52,29],"tags":[],"class_list":["post-43641","post","type-post","status-publish","format-standard","has-post-thumbnail","hentry","category-a-la-une","category-economie"],"aioseo_notices":[],"yoast_head":"<!-- This site is optimized with the Yoast SEO plugin v27.5 - https:\/\/yoast.com\/product\/yoast-seo-wordpress\/ -->\n<title>Une Loi de Finances rectificative pour 2023&nbsp;: Des mesures pour le pouvoir d\u2019achat et la s\u00e9curit\u00e9 alimentaire - La Sentinelle<\/title>\n<meta name=\"robots\" content=\"index, follow, max-snippet:-1, max-image-preview:large, max-video-preview:-1\" \/>\n<link rel=\"canonical\" href=\"https:\/\/lasentinelle.dz\/index.php\/2023\/07\/15\/une-loi-de-finances-rectificative-pour-2023-des-mesures-pour-le-pouvoir-dachat-et-la-securite-alimentaire\/\" \/>\n<meta property=\"og:locale\" content=\"fr_FR\" \/>\n<meta property=\"og:type\" content=\"article\" \/>\n<meta property=\"og:title\" content=\"Une Loi de Finances rectificative pour 2023&nbsp;: Des mesures pour le pouvoir d\u2019achat et la s\u00e9curit\u00e9 alimentaire - La Sentinelle\" \/>\n<meta property=\"og:description\" content=\"L\u2019ann\u00e9e budg\u00e9taire 2023 sera marqu\u00e9e par la promulgation d\u2019une Loi de Finances rectificative. Le Gouvernement a examin\u00e9, jeudi lors de\" \/>\n<meta property=\"og:url\" content=\"https:\/\/lasentinelle.dz\/index.php\/2023\/07\/15\/une-loi-de-finances-rectificative-pour-2023-des-mesures-pour-le-pouvoir-dachat-et-la-securite-alimentaire\/\" \/>\n<meta property=\"og:site_name\" content=\"La Sentinelle\" \/>\n<meta property=\"article:publisher\" content=\"https:\/\/www.facebook.com\/La-Sentinelle-104059864394773\" \/>\n<meta property=\"article:published_time\" content=\"2023-07-15T21:44:29+00:00\" \/>\n<meta property=\"article:modified_time\" content=\"2023-07-15T21:44:30+00:00\" \/>\n<meta property=\"og:image\" content=\"https:\/\/lasentinelle.dz\/wp-content\/uploads\/2022\/08\/ministere-de-finances-algerie.png\" \/>\n\t<meta property=\"og:image:width\" content=\"1565\" \/>\n\t<meta property=\"og:image:height\" content=\"900\" \/>\n\t<meta property=\"og:image:type\" content=\"image\/png\" \/>\n<meta name=\"author\" content=\"La Sentinelle\" \/>\n<meta name=\"twitter:card\" content=\"summary_large_image\" \/>\n<meta name=\"twitter:label1\" content=\"\u00c9crit par\" \/>\n\t<meta name=\"twitter:data1\" content=\"La Sentinelle\" \/>\n\t<meta name=\"twitter:label2\" content=\"Dur\u00e9e de lecture estim\u00e9e\" \/>\n\t<meta name=\"twitter:data2\" content=\"3 minutes\" \/>\n<script type=\"application\/ld+json\" class=\"yoast-schema-graph\">{\"@context\":\"https:\\\/\\\/schema.org\",\"@graph\":[{\"@type\":\"Article\",\"@id\":\"https:\\\/\\\/lasentinelle.dz\\\/index.php\\\/2023\\\/07\\\/15\\\/une-loi-de-finances-rectificative-pour-2023-des-mesures-pour-le-pouvoir-dachat-et-la-securite-alimentaire\\\/#article\",\"isPartOf\":{\"@id\":\"https:\\\/\\\/lasentinelle.dz\\\/index.php\\\/2023\\\/07\\\/15\\\/une-loi-de-finances-rectificative-pour-2023-des-mesures-pour-le-pouvoir-dachat-et-la-securite-alimentaire\\\/\"},\"author\":{\"name\":\"La Sentinelle\",\"@id\":\"https:\\\/\\\/lasentinelle.dz\\\/#\\\/schema\\\/person\\\/d865044e22e70a75174ce8bcad3acfb3\"},\"headline\":\"Une Loi de Finances rectificative pour 2023&nbsp;: Des mesures pour le pouvoir d\u2019achat et la s\u00e9curit\u00e9 alimentaire\",\"datePublished\":\"2023-07-15T21:44:29+00:00\",\"dateModified\":\"2023-07-15T21:44:30+00:00\",\"mainEntityOfPage\":{\"@id\":\"https:\\\/\\\/lasentinelle.dz\\\/index.php\\\/2023\\\/07\\\/15\\\/une-loi-de-finances-rectificative-pour-2023-des-mesures-pour-le-pouvoir-dachat-et-la-securite-alimentaire\\\/\"},\"wordCount\":551,\"commentCount\":0,\"publisher\":{\"@id\":\"https:\\\/\\\/lasentinelle.dz\\\/#organization\"},\"image\":{\"@id\":\"https:\\\/\\\/lasentinelle.dz\\\/index.php\\\/2023\\\/07\\\/15\\\/une-loi-de-finances-rectificative-pour-2023-des-mesures-pour-le-pouvoir-dachat-et-la-securite-alimentaire\\\/#primaryimage\"},\"thumbnailUrl\":\"https:\\\/\\\/lasentinelle.dz\\\/wp-content\\\/uploads\\\/2022\\\/08\\\/ministere-de-finances-algerie.png\",\"articleSection\":[\"\u00c0 la Une\",\"\u00c9conomie\"],\"inLanguage\":\"fr-FR\",\"potentialAction\":[{\"@type\":\"CommentAction\",\"name\":\"Comment\",\"target\":[\"https:\\\/\\\/lasentinelle.dz\\\/index.php\\\/2023\\\/07\\\/15\\\/une-loi-de-finances-rectificative-pour-2023-des-mesures-pour-le-pouvoir-dachat-et-la-securite-alimentaire\\\/#respond\"]}]},{\"@type\":\"WebPage\",\"@id\":\"https:\\\/\\\/lasentinelle.dz\\\/index.php\\\/2023\\\/07\\\/15\\\/une-loi-de-finances-rectificative-pour-2023-des-mesures-pour-le-pouvoir-dachat-et-la-securite-alimentaire\\\/\",\"url\":\"https:\\\/\\\/lasentinelle.dz\\\/index.php\\\/2023\\\/07\\\/15\\\/une-loi-de-finances-rectificative-pour-2023-des-mesures-pour-le-pouvoir-dachat-et-la-securite-alimentaire\\\/\",\"name\":\"Une Loi de Finances rectificative pour 2023&nbsp;: Des mesures pour le pouvoir d\u2019achat et la s\u00e9curit\u00e9 alimentaire - La Sentinelle\",\"isPartOf\":{\"@id\":\"https:\\\/\\\/lasentinelle.dz\\\/#website\"},\"primaryImageOfPage\":{\"@id\":\"https:\\\/\\\/lasentinelle.dz\\\/index.php\\\/2023\\\/07\\\/15\\\/une-loi-de-finances-rectificative-pour-2023-des-mesures-pour-le-pouvoir-dachat-et-la-securite-alimentaire\\\/#primaryimage\"},\"image\":{\"@id\":\"https:\\\/\\\/lasentinelle.dz\\\/index.php\\\/2023\\\/07\\\/15\\\/une-loi-de-finances-rectificative-pour-2023-des-mesures-pour-le-pouvoir-dachat-et-la-securite-alimentaire\\\/#primaryimage\"},\"thumbnailUrl\":\"https:\\\/\\\/lasentinelle.dz\\\/wp-content\\\/uploads\\\/2022\\\/08\\\/ministere-de-finances-algerie.png\",\"datePublished\":\"2023-07-15T21:44:29+00:00\",\"dateModified\":\"2023-07-15T21:44:30+00:00\",\"breadcrumb\":{\"@id\":\"https:\\\/\\\/lasentinelle.dz\\\/index.php\\\/2023\\\/07\\\/15\\\/une-loi-de-finances-rectificative-pour-2023-des-mesures-pour-le-pouvoir-dachat-et-la-securite-alimentaire\\\/#breadcrumb\"},\"inLanguage\":\"fr-FR\",\"potentialAction\":[{\"@type\":\"ReadAction\",\"target\":[\"https:\\\/\\\/lasentinelle.dz\\\/index.php\\\/2023\\\/07\\\/15\\\/une-loi-de-finances-rectificative-pour-2023-des-mesures-pour-le-pouvoir-dachat-et-la-securite-alimentaire\\\/\"]}]},{\"@type\":\"ImageObject\",\"inLanguage\":\"fr-FR\",\"@id\":\"https:\\\/\\\/lasentinelle.dz\\\/index.php\\\/2023\\\/07\\\/15\\\/une-loi-de-finances-rectificative-pour-2023-des-mesures-pour-le-pouvoir-dachat-et-la-securite-alimentaire\\\/#primaryimage\",\"url\":\"https:\\\/\\\/lasentinelle.dz\\\/wp-content\\\/uploads\\\/2022\\\/08\\\/ministere-de-finances-algerie.png\",\"contentUrl\":\"https:\\\/\\\/lasentinelle.dz\\\/wp-content\\\/uploads\\\/2022\\\/08\\\/ministere-de-finances-algerie.png\",\"width\":1565,\"height\":900},{\"@type\":\"BreadcrumbList\",\"@id\":\"https:\\\/\\\/lasentinelle.dz\\\/index.php\\\/2023\\\/07\\\/15\\\/une-loi-de-finances-rectificative-pour-2023-des-mesures-pour-le-pouvoir-dachat-et-la-securite-alimentaire\\\/#breadcrumb\",\"itemListElement\":[{\"@type\":\"ListItem\",\"position\":1,\"name\":\"Accueil\",\"item\":\"https:\\\/\\\/lasentinelle.dz\\\/\"},{\"@type\":\"ListItem\",\"position\":2,\"name\":\"Une Loi de Finances rectificative pour 2023&nbsp;: Des mesures pour le pouvoir d\u2019achat et la s\u00e9curit\u00e9 alimentaire\"}]},{\"@type\":\"WebSite\",\"@id\":\"https:\\\/\\\/lasentinelle.dz\\\/#website\",\"url\":\"https:\\\/\\\/lasentinelle.dz\\\/\",\"name\":\"La Sentinelle\",\"description\":\"Quotidien national d&#039;information\",\"publisher\":{\"@id\":\"https:\\\/\\\/lasentinelle.dz\\\/#organization\"},\"potentialAction\":[{\"@type\":\"SearchAction\",\"target\":{\"@type\":\"EntryPoint\",\"urlTemplate\":\"https:\\\/\\\/lasentinelle.dz\\\/?s={search_term_string}\"},\"query-input\":{\"@type\":\"PropertyValueSpecification\",\"valueRequired\":true,\"valueName\":\"search_term_string\"}}],\"inLanguage\":\"fr-FR\"},{\"@type\":\"Organization\",\"@id\":\"https:\\\/\\\/lasentinelle.dz\\\/#organization\",\"name\":\"Quotidien La Sentinelle\",\"url\":\"https:\\\/\\\/lasentinelle.dz\\\/\",\"logo\":{\"@type\":\"ImageObject\",\"inLanguage\":\"fr-FR\",\"@id\":\"https:\\\/\\\/lasentinelle.dz\\\/#\\\/schema\\\/logo\\\/image\\\/\",\"url\":\"https:\\\/\\\/lasentinelle.dz\\\/wp-content\\\/uploads\\\/2021\\\/09\\\/logo-sentinelleSLOGAN-1.png\",\"contentUrl\":\"https:\\\/\\\/lasentinelle.dz\\\/wp-content\\\/uploads\\\/2021\\\/09\\\/logo-sentinelleSLOGAN-1.png\",\"width\":615,\"height\":142,\"caption\":\"Quotidien La Sentinelle\"},\"image\":{\"@id\":\"https:\\\/\\\/lasentinelle.dz\\\/#\\\/schema\\\/logo\\\/image\\\/\"},\"sameAs\":[\"https:\\\/\\\/www.facebook.com\\\/La-Sentinelle-104059864394773\"]},{\"@type\":\"Person\",\"@id\":\"https:\\\/\\\/lasentinelle.dz\\\/#\\\/schema\\\/person\\\/d865044e22e70a75174ce8bcad3acfb3\",\"name\":\"La Sentinelle\",\"image\":{\"@type\":\"ImageObject\",\"inLanguage\":\"fr-FR\",\"@id\":\"https:\\\/\\\/secure.gravatar.com\\\/avatar\\\/57de8e5d4b15d43fb361a71fbb36338450fe67865b528a43dd10ef7c51a20392?s=96&d=mm&r=g\",\"url\":\"https:\\\/\\\/secure.gravatar.com\\\/avatar\\\/57de8e5d4b15d43fb361a71fbb36338450fe67865b528a43dd10ef7c51a20392?s=96&d=mm&r=g\",\"contentUrl\":\"https:\\\/\\\/secure.gravatar.com\\\/avatar\\\/57de8e5d4b15d43fb361a71fbb36338450fe67865b528a43dd10ef7c51a20392?s=96&d=mm&r=g\",\"caption\":\"La Sentinelle\"},\"sameAs\":[\"http:\\\/\\\/www.lasentinelle.dz\"],\"url\":\"https:\\\/\\\/lasentinelle.dz\\\/author\\\/redaction\\\/\"}]}<\/script>\n<!-- \/ Yoast SEO plugin. -->","yoast_head_json":{"title":"Une Loi de Finances rectificative pour 2023&nbsp;: Des mesures pour le pouvoir d\u2019achat et la s\u00e9curit\u00e9 alimentaire - La Sentinelle","robots":{"index":"index","follow":"follow","max-snippet":"max-snippet:-1","max-image-preview":"max-image-preview:large","max-video-preview":"max-video-preview:-1"},"canonical":"https:\/\/lasentinelle.dz\/index.php\/2023\/07\/15\/une-loi-de-finances-rectificative-pour-2023-des-mesures-pour-le-pouvoir-dachat-et-la-securite-alimentaire\/","og_locale":"fr_FR","og_type":"article","og_title":"Une Loi de Finances rectificative pour 2023&nbsp;: Des mesures pour le pouvoir d\u2019achat et la s\u00e9curit\u00e9 alimentaire - La Sentinelle","og_description":"L\u2019ann\u00e9e budg\u00e9taire 2023 sera marqu\u00e9e par la promulgation d\u2019une Loi de Finances rectificative. Le Gouvernement a examin\u00e9, jeudi lors de","og_url":"https:\/\/lasentinelle.dz\/index.php\/2023\/07\/15\/une-loi-de-finances-rectificative-pour-2023-des-mesures-pour-le-pouvoir-dachat-et-la-securite-alimentaire\/","og_site_name":"La Sentinelle","article_publisher":"https:\/\/www.facebook.com\/La-Sentinelle-104059864394773","article_published_time":"2023-07-15T21:44:29+00:00","article_modified_time":"2023-07-15T21:44:30+00:00","og_image":[{"width":1565,"height":900,"url":"https:\/\/lasentinelle.dz\/wp-content\/uploads\/2022\/08\/ministere-de-finances-algerie.png","type":"image\/png"}],"author":"La Sentinelle","twitter_card":"summary_large_image","twitter_misc":{"\u00c9crit par":"La Sentinelle","Dur\u00e9e de lecture estim\u00e9e":"3 minutes"},"schema":{"@context":"https:\/\/schema.org","@graph":[{"@type":"Article","@id":"https:\/\/lasentinelle.dz\/index.php\/2023\/07\/15\/une-loi-de-finances-rectificative-pour-2023-des-mesures-pour-le-pouvoir-dachat-et-la-securite-alimentaire\/#article","isPartOf":{"@id":"https:\/\/lasentinelle.dz\/index.php\/2023\/07\/15\/une-loi-de-finances-rectificative-pour-2023-des-mesures-pour-le-pouvoir-dachat-et-la-securite-alimentaire\/"},"author":{"name":"La Sentinelle","@id":"https:\/\/lasentinelle.dz\/#\/schema\/person\/d865044e22e70a75174ce8bcad3acfb3"},"headline":"Une Loi de Finances rectificative pour 2023&nbsp;: Des mesures pour le pouvoir d\u2019achat et la s\u00e9curit\u00e9 alimentaire","datePublished":"2023-07-15T21:44:29+00:00","dateModified":"2023-07-15T21:44:30+00:00","mainEntityOfPage":{"@id":"https:\/\/lasentinelle.dz\/index.php\/2023\/07\/15\/une-loi-de-finances-rectificative-pour-2023-des-mesures-pour-le-pouvoir-dachat-et-la-securite-alimentaire\/"},"wordCount":551,"commentCount":0,"publisher":{"@id":"https:\/\/lasentinelle.dz\/#organization"},"image":{"@id":"https:\/\/lasentinelle.dz\/index.php\/2023\/07\/15\/une-loi-de-finances-rectificative-pour-2023-des-mesures-pour-le-pouvoir-dachat-et-la-securite-alimentaire\/#primaryimage"},"thumbnailUrl":"https:\/\/lasentinelle.dz\/wp-content\/uploads\/2022\/08\/ministere-de-finances-algerie.png","articleSection":["\u00c0 la Une","\u00c9conomie"],"inLanguage":"fr-FR","potentialAction":[{"@type":"CommentAction","name":"Comment","target":["https:\/\/lasentinelle.dz\/index.php\/2023\/07\/15\/une-loi-de-finances-rectificative-pour-2023-des-mesures-pour-le-pouvoir-dachat-et-la-securite-alimentaire\/#respond"]}]},{"@type":"WebPage","@id":"https:\/\/lasentinelle.dz\/index.php\/2023\/07\/15\/une-loi-de-finances-rectificative-pour-2023-des-mesures-pour-le-pouvoir-dachat-et-la-securite-alimentaire\/","url":"https:\/\/lasentinelle.dz\/index.php\/2023\/07\/15\/une-loi-de-finances-rectificative-pour-2023-des-mesures-pour-le-pouvoir-dachat-et-la-securite-alimentaire\/","name":"Une Loi de Finances rectificative pour 2023&nbsp;: Des mesures pour le pouvoir d\u2019achat et la s\u00e9curit\u00e9 alimentaire - La Sentinelle","isPartOf":{"@id":"https:\/\/lasentinelle.dz\/#website"},"primaryImageOfPage":{"@id":"https:\/\/lasentinelle.dz\/index.php\/2023\/07\/15\/une-loi-de-finances-rectificative-pour-2023-des-mesures-pour-le-pouvoir-dachat-et-la-securite-alimentaire\/#primaryimage"},"image":{"@id":"https:\/\/lasentinelle.dz\/index.php\/2023\/07\/15\/une-loi-de-finances-rectificative-pour-2023-des-mesures-pour-le-pouvoir-dachat-et-la-securite-alimentaire\/#primaryimage"},"thumbnailUrl":"https:\/\/lasentinelle.dz\/wp-content\/uploads\/2022\/08\/ministere-de-finances-algerie.png","datePublished":"2023-07-15T21:44:29+00:00","dateModified":"2023-07-15T21:44:30+00:00","breadcrumb":{"@id":"https:\/\/lasentinelle.dz\/index.php\/2023\/07\/15\/une-loi-de-finances-rectificative-pour-2023-des-mesures-pour-le-pouvoir-dachat-et-la-securite-alimentaire\/#breadcrumb"},"inLanguage":"fr-FR","potentialAction":[{"@type":"ReadAction","target":["https:\/\/lasentinelle.dz\/index.php\/2023\/07\/15\/une-loi-de-finances-rectificative-pour-2023-des-mesures-pour-le-pouvoir-dachat-et-la-securite-alimentaire\/"]}]},{"@type":"ImageObject","inLanguage":"fr-FR","@id":"https:\/\/lasentinelle.dz\/index.php\/2023\/07\/15\/une-loi-de-finances-rectificative-pour-2023-des-mesures-pour-le-pouvoir-dachat-et-la-securite-alimentaire\/#primaryimage","url":"https:\/\/lasentinelle.dz\/wp-content\/uploads\/2022\/08\/ministere-de-finances-algerie.png","contentUrl":"https:\/\/lasentinelle.dz\/wp-content\/uploads\/2022\/08\/ministere-de-finances-algerie.png","width":1565,"height":900},{"@type":"BreadcrumbList","@id":"https:\/\/lasentinelle.dz\/index.php\/2023\/07\/15\/une-loi-de-finances-rectificative-pour-2023-des-mesures-pour-le-pouvoir-dachat-et-la-securite-alimentaire\/#breadcrumb","itemListElement":[{"@type":"ListItem","position":1,"name":"Accueil","item":"https:\/\/lasentinelle.dz\/"},{"@type":"ListItem","position":2,"name":"Une Loi de Finances rectificative pour 2023&nbsp;: Des mesures pour le pouvoir d\u2019achat et la s\u00e9curit\u00e9 alimentaire"}]},{"@type":"WebSite","@id":"https:\/\/lasentinelle.dz\/#website","url":"https:\/\/lasentinelle.dz\/","name":"La Sentinelle","description":"Quotidien national d&#039;information","publisher":{"@id":"https:\/\/lasentinelle.dz\/#organization"},"potentialAction":[{"@type":"SearchAction","target":{"@type":"EntryPoint","urlTemplate":"https:\/\/lasentinelle.dz\/?s={search_term_string}"},"query-input":{"@type":"PropertyValueSpecification","valueRequired":true,"valueName":"search_term_string"}}],"inLanguage":"fr-FR"},{"@type":"Organization","@id":"https:\/\/lasentinelle.dz\/#organization","name":"Quotidien La Sentinelle","url":"https:\/\/lasentinelle.dz\/","logo":{"@type":"ImageObject","inLanguage":"fr-FR","@id":"https:\/\/lasentinelle.dz\/#\/schema\/logo\/image\/","url":"https:\/\/lasentinelle.dz\/wp-content\/uploads\/2021\/09\/logo-sentinelleSLOGAN-1.png","contentUrl":"https:\/\/lasentinelle.dz\/wp-content\/uploads\/2021\/09\/logo-sentinelleSLOGAN-1.png","width":615,"height":142,"caption":"Quotidien La Sentinelle"},"image":{"@id":"https:\/\/lasentinelle.dz\/#\/schema\/logo\/image\/"},"sameAs":["https:\/\/www.facebook.com\/La-Sentinelle-104059864394773"]},{"@type":"Person","@id":"https:\/\/lasentinelle.dz\/#\/schema\/person\/d865044e22e70a75174ce8bcad3acfb3","name":"La Sentinelle","image":{"@type":"ImageObject","inLanguage":"fr-FR","@id":"https:\/\/secure.gravatar.com\/avatar\/57de8e5d4b15d43fb361a71fbb36338450fe67865b528a43dd10ef7c51a20392?s=96&d=mm&r=g","url":"https:\/\/secure.gravatar.com\/avatar\/57de8e5d4b15d43fb361a71fbb36338450fe67865b528a43dd10ef7c51a20392?s=96&d=mm&r=g","contentUrl":"https:\/\/secure.gravatar.com\/avatar\/57de8e5d4b15d43fb361a71fbb36338450fe67865b528a43dd10ef7c51a20392?s=96&d=mm&r=g","caption":"La Sentinelle"},"sameAs":["http:\/\/www.lasentinelle.dz"],"url":"https:\/\/lasentinelle.dz\/author\/redaction\/"}]}},"_links":{"self":[{"href":"https:\/\/lasentinelle.dz\/index.php\/wp-json\/wp\/v2\/posts\/43641","targetHints":{"allow":["GET"]}}],"collection":[{"href":"https:\/\/lasentinelle.dz\/index.php\/wp-json\/wp\/v2\/posts"}],"about":[{"href":"https:\/\/lasentinelle.dz\/index.php\/wp-json\/wp\/v2\/types\/post"}],"author":[{"embeddable":true,"href":"https:\/\/lasentinelle.dz\/index.php\/wp-json\/wp\/v2\/users\/3"}],"replies":[{"embeddable":true,"href":"https:\/\/lasentinelle.dz\/index.php\/wp-json\/wp\/v2\/comments?post=43641"}],"version-history":[{"count":1,"href":"https:\/\/lasentinelle.dz\/index.php\/wp-json\/wp\/v2\/posts\/43641\/revisions"}],"predecessor-version":[{"id":43642,"href":"https:\/\/lasentinelle.dz\/index.php\/wp-json\/wp\/v2\/posts\/43641\/revisions\/43642"}],"wp:featuredmedia":[{"embeddable":true,"href":"https:\/\/lasentinelle.dz\/index.php\/wp-json\/wp\/v2\/media\/25301"}],"wp:attachment":[{"href":"https:\/\/lasentinelle.dz\/index.php\/wp-json\/wp\/v2\/media?parent=43641"}],"wp:term":[{"taxonomy":"category","embeddable":true,"href":"https:\/\/lasentinelle.dz\/index.php\/wp-json\/wp\/v2\/categories?post=43641"},{"taxonomy":"post_tag","embeddable":true,"href":"https:\/\/lasentinelle.dz\/index.php\/wp-json\/wp\/v2\/tags?post=43641"}],"curies":[{"name":"wp","href":"https:\/\/api.w.org\/{rel}","templated":true}]}}