{"id":43647,"date":"2023-07-15T22:47:26","date_gmt":"2023-07-15T21:47:26","guid":{"rendered":"https:\/\/lasentinelle.dz\/?p=43647"},"modified":"2023-07-15T22:47:28","modified_gmt":"2023-07-15T21:47:28","slug":"yacine-benslimane-rapprocher-encore-plus-lalgerie-et-la-russie","status":"publish","type":"post","link":"https:\/\/lasentinelle.dz\/index.php\/2023\/07\/15\/yacine-benslimane-rapprocher-encore-plus-lalgerie-et-la-russie\/","title":{"rendered":"Yacine Benslimane&nbsp;: \u00ab&nbsp;Rapprocher encore plus l\u2019Alg\u00e9rie et la Russie&nbsp;\u00bb"},"content":{"rendered":"\n<p><strong>Ouverture d\u2019une ligne Alger-Saint P\u00e9tersbourg le 26 juillet<\/strong><\/p>\n\n\n\n<p>Air Alg\u00e9rie inaugurera le 26 juillet son premier vol reliant Alger \u00e0 Saint P\u00e9tersbourg, en Russie. C\u2019est la compagnie a\u00e9rienne nationale qui a officiellement annonc\u00e9 l&rsquo;ouverture de cette nouvelle ligne r\u00e9v\u00e9lant qu&rsquo;elle assurera trois vols par semaine vers cette destination, les lundis, mercredis et samedis. Les prix des billets affich\u00e9s seraient de 59 703 DZD.<\/p>\n\n\n\n<p>Alors qu\u2019une liaison entre Alger et Moscou existe d\u00e9j\u00e0, l\u2019ouverture de cette nouvelle ligne a pour objectif de rapprocher les deux pays. La communaut\u00e9 alg\u00e9rienne r\u00e9sidant en Russie est estim\u00e9e \u00e0 pr\u00e8s de 1 300 vivant entre Moscou et Saint P\u00e9tersbourg en plus d\u2019un grand nombre d\u2019\u00e9tudiants, pendant que le nombre de Russes vivant en Alg\u00e9rie s\u2019\u00e9l\u00e8ve \u00e0 un peu plus de 3000 personnes. Cette nouvelle ligne favorisera aussi le resserrement des liens avec la f\u00e9d\u00e9ration de Russie. Cela permettra \u00e9galement \u00e0 la Russie de rallier l\u2019Afrique en transitant par Alger qui compte devenir un hub a\u00e9roportuaire.<\/p>\n\n\n\n<p>Dans une interview livr\u00e9e \u00e0 l\u2019agence de presse russe Sputnik, le DG de la compagnie nationale Air Alg\u00e9rie, Yacine Benslimane affirme qu\u2019\u00ab Air Alg\u00e9rie ouvre aujourd\u2019hui une nouvelle liaison vers Saint-P\u00e9tersbourg, qui rapproche encore plus nos deux pays, mais qui rapproche aussi le continent africain de la Russie. Cela donne en outre la possibilit\u00e9 aux clients de la compagnie russe de voyager sur le r\u00e9seau vers le monde entier, via l\u2019a\u00e9roport international d\u2019Alger&nbsp;\u00bb.<\/p>\n\n\n\n<p>Air Alg\u00e9rie s\u2019attend d\u2019ailleurs \u00e0 une augmentation de voyageurs russes, qui viendront d\u00e9couvrir les richesses de l\u2019Alg\u00e9rie. L\u2019Alg\u00e9rie a en effet consenti d\u2019importants efforts pour d\u00e9velopper le tourisme dans le Sahara, rappelle dans ce contexte Sputnik qui souligne que les modalit\u00e9s d\u2019entr\u00e9e et de visa sont notamment assouplies pour les visiteurs souhaitant s\u2019y rendre.<\/p>\n\n\n\n<p><strong>R.N.<\/strong><\/p>\n","protected":false},"excerpt":{"rendered":"<p>Ouverture d\u2019une ligne Alger-Saint P\u00e9tersbourg le 26 juillet Air Alg\u00e9rie inaugurera le 26 juillet son premier vol reliant Alger \u00e0<\/p>\n","protected":false},"author":3,"featured_media":40893,"comment_status":"open","ping_status":"closed","sticky":false,"template":"","format":"standard","meta":{"colormag_page_container_layout":"default_layout","colormag_page_sidebar_layout":"default_layout","om_disable_all_campaigns":false,"_monsterinsights_skip_tracking":false,"_monsterinsights_sitenote_active":false,"_monsterinsights_sitenote_note":"","_monsterinsights_sitenote_category":0,"footnotes":"","_wpscppro_dont_share_socialmedia":false,"_wpscppro_custom_social_share_image":0,"_facebook_share_type":"","_twitter_share_type":"","_linkedin_share_type":"","_pinterest_share_type":"","_linkedin_share_type_page":"","_instagram_share_type":"","_medium_share_type":"","_threads_share_type":"","_google_business_share_type":"","_selected_social_profile":[],"_wpsp_enable_custom_social_template":false,"_wpsp_social_scheduling":{"enabled":false,"datetime":null,"platforms":[],"status":"template_only","dateOption":"today","timeOption":"now","customDays":"","customHours":"","customDate":"","customTime":"","schedulingType":"absolute"},"_wpsp_active_default_template":true},"categories":[27],"tags":[],"class_list":["post-43647","post","type-post","status-publish","format-standard","has-post-thumbnail","hentry","category-actualite"],"aioseo_notices":[],"yoast_head":"<!-- This site is optimized with the Yoast SEO plugin v27.4 - https:\/\/yoast.com\/product\/yoast-seo-wordpress\/ -->\n<title>Yacine Benslimane&nbsp;: \u00ab&nbsp;Rapprocher encore plus l\u2019Alg\u00e9rie et la Russie&nbsp;\u00bb - La Sentinelle<\/title>\n<meta name=\"robots\" content=\"index, follow, max-snippet:-1, max-image-preview:large, max-video-preview:-1\" \/>\n<link rel=\"canonical\" href=\"https:\/\/lasentinelle.dz\/index.php\/2023\/07\/15\/yacine-benslimane-rapprocher-encore-plus-lalgerie-et-la-russie\/\" \/>\n<meta property=\"og:locale\" content=\"fr_FR\" \/>\n<meta property=\"og:type\" content=\"article\" \/>\n<meta property=\"og:title\" content=\"Yacine Benslimane&nbsp;: \u00ab&nbsp;Rapprocher encore plus l\u2019Alg\u00e9rie et la Russie&nbsp;\u00bb - La Sentinelle\" \/>\n<meta property=\"og:description\" content=\"Ouverture d\u2019une ligne Alger-Saint P\u00e9tersbourg le 26 juillet Air Alg\u00e9rie inaugurera le 26 juillet son premier vol reliant Alger \u00e0\" \/>\n<meta property=\"og:url\" content=\"https:\/\/lasentinelle.dz\/index.php\/2023\/07\/15\/yacine-benslimane-rapprocher-encore-plus-lalgerie-et-la-russie\/\" \/>\n<meta property=\"og:site_name\" content=\"La Sentinelle\" \/>\n<meta property=\"article:publisher\" content=\"https:\/\/www.facebook.com\/La-Sentinelle-104059864394773\" \/>\n<meta property=\"article:published_time\" content=\"2023-07-15T21:47:26+00:00\" \/>\n<meta property=\"article:modified_time\" content=\"2023-07-15T21:47:28+00:00\" \/>\n<meta property=\"og:image\" content=\"https:\/\/lasentinelle.dz\/wp-content\/uploads\/2023\/05\/air-algerie.png\" \/>\n\t<meta property=\"og:image:width\" content=\"1800\" \/>\n\t<meta property=\"og:image:height\" content=\"900\" \/>\n\t<meta property=\"og:image:type\" content=\"image\/png\" \/>\n<meta name=\"author\" content=\"La Sentinelle\" \/>\n<meta name=\"twitter:card\" content=\"summary_large_image\" \/>\n<meta name=\"twitter:label1\" content=\"\u00c9crit par\" \/>\n\t<meta name=\"twitter:data1\" content=\"La Sentinelle\" \/>\n\t<meta name=\"twitter:label2\" content=\"Dur\u00e9e de lecture estim\u00e9e\" \/>\n\t<meta name=\"twitter:data2\" content=\"2 minutes\" \/>\n<script type=\"application\/ld+json\" class=\"yoast-schema-graph\">{\"@context\":\"https:\\\/\\\/schema.org\",\"@graph\":[{\"@type\":\"Article\",\"@id\":\"https:\\\/\\\/lasentinelle.dz\\\/index.php\\\/2023\\\/07\\\/15\\\/yacine-benslimane-rapprocher-encore-plus-lalgerie-et-la-russie\\\/#article\",\"isPartOf\":{\"@id\":\"https:\\\/\\\/lasentinelle.dz\\\/index.php\\\/2023\\\/07\\\/15\\\/yacine-benslimane-rapprocher-encore-plus-lalgerie-et-la-russie\\\/\"},\"author\":{\"name\":\"La Sentinelle\",\"@id\":\"https:\\\/\\\/lasentinelle.dz\\\/#\\\/schema\\\/person\\\/d865044e22e70a75174ce8bcad3acfb3\"},\"headline\":\"Yacine Benslimane&nbsp;: \u00ab&nbsp;Rapprocher encore plus l\u2019Alg\u00e9rie et la Russie&nbsp;\u00bb\",\"datePublished\":\"2023-07-15T21:47:26+00:00\",\"dateModified\":\"2023-07-15T21:47:28+00:00\",\"mainEntityOfPage\":{\"@id\":\"https:\\\/\\\/lasentinelle.dz\\\/index.php\\\/2023\\\/07\\\/15\\\/yacine-benslimane-rapprocher-encore-plus-lalgerie-et-la-russie\\\/\"},\"wordCount\":343,\"commentCount\":0,\"publisher\":{\"@id\":\"https:\\\/\\\/lasentinelle.dz\\\/#organization\"},\"image\":{\"@id\":\"https:\\\/\\\/lasentinelle.dz\\\/index.php\\\/2023\\\/07\\\/15\\\/yacine-benslimane-rapprocher-encore-plus-lalgerie-et-la-russie\\\/#primaryimage\"},\"thumbnailUrl\":\"https:\\\/\\\/lasentinelle.dz\\\/wp-content\\\/uploads\\\/2023\\\/05\\\/air-algerie.png\",\"articleSection\":[\"Actualit\u00e9\"],\"inLanguage\":\"fr-FR\",\"potentialAction\":[{\"@type\":\"CommentAction\",\"name\":\"Comment\",\"target\":[\"https:\\\/\\\/lasentinelle.dz\\\/index.php\\\/2023\\\/07\\\/15\\\/yacine-benslimane-rapprocher-encore-plus-lalgerie-et-la-russie\\\/#respond\"]}]},{\"@type\":\"WebPage\",\"@id\":\"https:\\\/\\\/lasentinelle.dz\\\/index.php\\\/2023\\\/07\\\/15\\\/yacine-benslimane-rapprocher-encore-plus-lalgerie-et-la-russie\\\/\",\"url\":\"https:\\\/\\\/lasentinelle.dz\\\/index.php\\\/2023\\\/07\\\/15\\\/yacine-benslimane-rapprocher-encore-plus-lalgerie-et-la-russie\\\/\",\"name\":\"Yacine Benslimane&nbsp;: \u00ab&nbsp;Rapprocher encore plus l\u2019Alg\u00e9rie et la Russie&nbsp;\u00bb - La Sentinelle\",\"isPartOf\":{\"@id\":\"https:\\\/\\\/lasentinelle.dz\\\/#website\"},\"primaryImageOfPage\":{\"@id\":\"https:\\\/\\\/lasentinelle.dz\\\/index.php\\\/2023\\\/07\\\/15\\\/yacine-benslimane-rapprocher-encore-plus-lalgerie-et-la-russie\\\/#primaryimage\"},\"image\":{\"@id\":\"https:\\\/\\\/lasentinelle.dz\\\/index.php\\\/2023\\\/07\\\/15\\\/yacine-benslimane-rapprocher-encore-plus-lalgerie-et-la-russie\\\/#primaryimage\"},\"thumbnailUrl\":\"https:\\\/\\\/lasentinelle.dz\\\/wp-content\\\/uploads\\\/2023\\\/05\\\/air-algerie.png\",\"datePublished\":\"2023-07-15T21:47:26+00:00\",\"dateModified\":\"2023-07-15T21:47:28+00:00\",\"breadcrumb\":{\"@id\":\"https:\\\/\\\/lasentinelle.dz\\\/index.php\\\/2023\\\/07\\\/15\\\/yacine-benslimane-rapprocher-encore-plus-lalgerie-et-la-russie\\\/#breadcrumb\"},\"inLanguage\":\"fr-FR\",\"potentialAction\":[{\"@type\":\"ReadAction\",\"target\":[\"https:\\\/\\\/lasentinelle.dz\\\/index.php\\\/2023\\\/07\\\/15\\\/yacine-benslimane-rapprocher-encore-plus-lalgerie-et-la-russie\\\/\"]}]},{\"@type\":\"ImageObject\",\"inLanguage\":\"fr-FR\",\"@id\":\"https:\\\/\\\/lasentinelle.dz\\\/index.php\\\/2023\\\/07\\\/15\\\/yacine-benslimane-rapprocher-encore-plus-lalgerie-et-la-russie\\\/#primaryimage\",\"url\":\"https:\\\/\\\/lasentinelle.dz\\\/wp-content\\\/uploads\\\/2023\\\/05\\\/air-algerie.png\",\"contentUrl\":\"https:\\\/\\\/lasentinelle.dz\\\/wp-content\\\/uploads\\\/2023\\\/05\\\/air-algerie.png\",\"width\":1800,\"height\":900},{\"@type\":\"BreadcrumbList\",\"@id\":\"https:\\\/\\\/lasentinelle.dz\\\/index.php\\\/2023\\\/07\\\/15\\\/yacine-benslimane-rapprocher-encore-plus-lalgerie-et-la-russie\\\/#breadcrumb\",\"itemListElement\":[{\"@type\":\"ListItem\",\"position\":1,\"name\":\"Accueil\",\"item\":\"https:\\\/\\\/lasentinelle.dz\\\/\"},{\"@type\":\"ListItem\",\"position\":2,\"name\":\"Yacine Benslimane&nbsp;: \u00ab&nbsp;Rapprocher encore plus l\u2019Alg\u00e9rie et la Russie&nbsp;\u00bb\"}]},{\"@type\":\"WebSite\",\"@id\":\"https:\\\/\\\/lasentinelle.dz\\\/#website\",\"url\":\"https:\\\/\\\/lasentinelle.dz\\\/\",\"name\":\"La Sentinelle\",\"description\":\"Quotidien national d&#039;information\",\"publisher\":{\"@id\":\"https:\\\/\\\/lasentinelle.dz\\\/#organization\"},\"potentialAction\":[{\"@type\":\"SearchAction\",\"target\":{\"@type\":\"EntryPoint\",\"urlTemplate\":\"https:\\\/\\\/lasentinelle.dz\\\/?s={search_term_string}\"},\"query-input\":{\"@type\":\"PropertyValueSpecification\",\"valueRequired\":true,\"valueName\":\"search_term_string\"}}],\"inLanguage\":\"fr-FR\"},{\"@type\":\"Organization\",\"@id\":\"https:\\\/\\\/lasentinelle.dz\\\/#organization\",\"name\":\"Quotidien La Sentinelle\",\"url\":\"https:\\\/\\\/lasentinelle.dz\\\/\",\"logo\":{\"@type\":\"ImageObject\",\"inLanguage\":\"fr-FR\",\"@id\":\"https:\\\/\\\/lasentinelle.dz\\\/#\\\/schema\\\/logo\\\/image\\\/\",\"url\":\"https:\\\/\\\/lasentinelle.dz\\\/wp-content\\\/uploads\\\/2021\\\/09\\\/logo-sentinelleSLOGAN-1.png\",\"contentUrl\":\"https:\\\/\\\/lasentinelle.dz\\\/wp-content\\\/uploads\\\/2021\\\/09\\\/logo-sentinelleSLOGAN-1.png\",\"width\":615,\"height\":142,\"caption\":\"Quotidien La Sentinelle\"},\"image\":{\"@id\":\"https:\\\/\\\/lasentinelle.dz\\\/#\\\/schema\\\/logo\\\/image\\\/\"},\"sameAs\":[\"https:\\\/\\\/www.facebook.com\\\/La-Sentinelle-104059864394773\"]},{\"@type\":\"Person\",\"@id\":\"https:\\\/\\\/lasentinelle.dz\\\/#\\\/schema\\\/person\\\/d865044e22e70a75174ce8bcad3acfb3\",\"name\":\"La Sentinelle\",\"image\":{\"@type\":\"ImageObject\",\"inLanguage\":\"fr-FR\",\"@id\":\"https:\\\/\\\/secure.gravatar.com\\\/avatar\\\/57de8e5d4b15d43fb361a71fbb36338450fe67865b528a43dd10ef7c51a20392?s=96&d=mm&r=g\",\"url\":\"https:\\\/\\\/secure.gravatar.com\\\/avatar\\\/57de8e5d4b15d43fb361a71fbb36338450fe67865b528a43dd10ef7c51a20392?s=96&d=mm&r=g\",\"contentUrl\":\"https:\\\/\\\/secure.gravatar.com\\\/avatar\\\/57de8e5d4b15d43fb361a71fbb36338450fe67865b528a43dd10ef7c51a20392?s=96&d=mm&r=g\",\"caption\":\"La Sentinelle\"},\"sameAs\":[\"http:\\\/\\\/www.lasentinelle.dz\"],\"url\":\"https:\\\/\\\/lasentinelle.dz\\\/author\\\/redaction\\\/\"}]}<\/script>\n<!-- \/ Yoast SEO plugin. -->","yoast_head_json":{"title":"Yacine Benslimane&nbsp;: \u00ab&nbsp;Rapprocher encore plus l\u2019Alg\u00e9rie et la Russie&nbsp;\u00bb - La Sentinelle","robots":{"index":"index","follow":"follow","max-snippet":"max-snippet:-1","max-image-preview":"max-image-preview:large","max-video-preview":"max-video-preview:-1"},"canonical":"https:\/\/lasentinelle.dz\/index.php\/2023\/07\/15\/yacine-benslimane-rapprocher-encore-plus-lalgerie-et-la-russie\/","og_locale":"fr_FR","og_type":"article","og_title":"Yacine Benslimane&nbsp;: \u00ab&nbsp;Rapprocher encore plus l\u2019Alg\u00e9rie et la Russie&nbsp;\u00bb - La Sentinelle","og_description":"Ouverture d\u2019une ligne Alger-Saint P\u00e9tersbourg le 26 juillet Air Alg\u00e9rie inaugurera le 26 juillet son premier vol reliant Alger \u00e0","og_url":"https:\/\/lasentinelle.dz\/index.php\/2023\/07\/15\/yacine-benslimane-rapprocher-encore-plus-lalgerie-et-la-russie\/","og_site_name":"La Sentinelle","article_publisher":"https:\/\/www.facebook.com\/La-Sentinelle-104059864394773","article_published_time":"2023-07-15T21:47:26+00:00","article_modified_time":"2023-07-15T21:47:28+00:00","og_image":[{"width":1800,"height":900,"url":"https:\/\/lasentinelle.dz\/wp-content\/uploads\/2023\/05\/air-algerie.png","type":"image\/png"}],"author":"La Sentinelle","twitter_card":"summary_large_image","twitter_misc":{"\u00c9crit par":"La Sentinelle","Dur\u00e9e de lecture estim\u00e9e":"2 minutes"},"schema":{"@context":"https:\/\/schema.org","@graph":[{"@type":"Article","@id":"https:\/\/lasentinelle.dz\/index.php\/2023\/07\/15\/yacine-benslimane-rapprocher-encore-plus-lalgerie-et-la-russie\/#article","isPartOf":{"@id":"https:\/\/lasentinelle.dz\/index.php\/2023\/07\/15\/yacine-benslimane-rapprocher-encore-plus-lalgerie-et-la-russie\/"},"author":{"name":"La Sentinelle","@id":"https:\/\/lasentinelle.dz\/#\/schema\/person\/d865044e22e70a75174ce8bcad3acfb3"},"headline":"Yacine Benslimane&nbsp;: \u00ab&nbsp;Rapprocher encore plus l\u2019Alg\u00e9rie et la Russie&nbsp;\u00bb","datePublished":"2023-07-15T21:47:26+00:00","dateModified":"2023-07-15T21:47:28+00:00","mainEntityOfPage":{"@id":"https:\/\/lasentinelle.dz\/index.php\/2023\/07\/15\/yacine-benslimane-rapprocher-encore-plus-lalgerie-et-la-russie\/"},"wordCount":343,"commentCount":0,"publisher":{"@id":"https:\/\/lasentinelle.dz\/#organization"},"image":{"@id":"https:\/\/lasentinelle.dz\/index.php\/2023\/07\/15\/yacine-benslimane-rapprocher-encore-plus-lalgerie-et-la-russie\/#primaryimage"},"thumbnailUrl":"https:\/\/lasentinelle.dz\/wp-content\/uploads\/2023\/05\/air-algerie.png","articleSection":["Actualit\u00e9"],"inLanguage":"fr-FR","potentialAction":[{"@type":"CommentAction","name":"Comment","target":["https:\/\/lasentinelle.dz\/index.php\/2023\/07\/15\/yacine-benslimane-rapprocher-encore-plus-lalgerie-et-la-russie\/#respond"]}]},{"@type":"WebPage","@id":"https:\/\/lasentinelle.dz\/index.php\/2023\/07\/15\/yacine-benslimane-rapprocher-encore-plus-lalgerie-et-la-russie\/","url":"https:\/\/lasentinelle.dz\/index.php\/2023\/07\/15\/yacine-benslimane-rapprocher-encore-plus-lalgerie-et-la-russie\/","name":"Yacine Benslimane&nbsp;: \u00ab&nbsp;Rapprocher encore plus l\u2019Alg\u00e9rie et la Russie&nbsp;\u00bb - La Sentinelle","isPartOf":{"@id":"https:\/\/lasentinelle.dz\/#website"},"primaryImageOfPage":{"@id":"https:\/\/lasentinelle.dz\/index.php\/2023\/07\/15\/yacine-benslimane-rapprocher-encore-plus-lalgerie-et-la-russie\/#primaryimage"},"image":{"@id":"https:\/\/lasentinelle.dz\/index.php\/2023\/07\/15\/yacine-benslimane-rapprocher-encore-plus-lalgerie-et-la-russie\/#primaryimage"},"thumbnailUrl":"https:\/\/lasentinelle.dz\/wp-content\/uploads\/2023\/05\/air-algerie.png","datePublished":"2023-07-15T21:47:26+00:00","dateModified":"2023-07-15T21:47:28+00:00","breadcrumb":{"@id":"https:\/\/lasentinelle.dz\/index.php\/2023\/07\/15\/yacine-benslimane-rapprocher-encore-plus-lalgerie-et-la-russie\/#breadcrumb"},"inLanguage":"fr-FR","potentialAction":[{"@type":"ReadAction","target":["https:\/\/lasentinelle.dz\/index.php\/2023\/07\/15\/yacine-benslimane-rapprocher-encore-plus-lalgerie-et-la-russie\/"]}]},{"@type":"ImageObject","inLanguage":"fr-FR","@id":"https:\/\/lasentinelle.dz\/index.php\/2023\/07\/15\/yacine-benslimane-rapprocher-encore-plus-lalgerie-et-la-russie\/#primaryimage","url":"https:\/\/lasentinelle.dz\/wp-content\/uploads\/2023\/05\/air-algerie.png","contentUrl":"https:\/\/lasentinelle.dz\/wp-content\/uploads\/2023\/05\/air-algerie.png","width":1800,"height":900},{"@type":"BreadcrumbList","@id":"https:\/\/lasentinelle.dz\/index.php\/2023\/07\/15\/yacine-benslimane-rapprocher-encore-plus-lalgerie-et-la-russie\/#breadcrumb","itemListElement":[{"@type":"ListItem","position":1,"name":"Accueil","item":"https:\/\/lasentinelle.dz\/"},{"@type":"ListItem","position":2,"name":"Yacine Benslimane&nbsp;: \u00ab&nbsp;Rapprocher encore plus l\u2019Alg\u00e9rie et la Russie&nbsp;\u00bb"}]},{"@type":"WebSite","@id":"https:\/\/lasentinelle.dz\/#website","url":"https:\/\/lasentinelle.dz\/","name":"La Sentinelle","description":"Quotidien national d&#039;information","publisher":{"@id":"https:\/\/lasentinelle.dz\/#organization"},"potentialAction":[{"@type":"SearchAction","target":{"@type":"EntryPoint","urlTemplate":"https:\/\/lasentinelle.dz\/?s={search_term_string}"},"query-input":{"@type":"PropertyValueSpecification","valueRequired":true,"valueName":"search_term_string"}}],"inLanguage":"fr-FR"},{"@type":"Organization","@id":"https:\/\/lasentinelle.dz\/#organization","name":"Quotidien La Sentinelle","url":"https:\/\/lasentinelle.dz\/","logo":{"@type":"ImageObject","inLanguage":"fr-FR","@id":"https:\/\/lasentinelle.dz\/#\/schema\/logo\/image\/","url":"https:\/\/lasentinelle.dz\/wp-content\/uploads\/2021\/09\/logo-sentinelleSLOGAN-1.png","contentUrl":"https:\/\/lasentinelle.dz\/wp-content\/uploads\/2021\/09\/logo-sentinelleSLOGAN-1.png","width":615,"height":142,"caption":"Quotidien La Sentinelle"},"image":{"@id":"https:\/\/lasentinelle.dz\/#\/schema\/logo\/image\/"},"sameAs":["https:\/\/www.facebook.com\/La-Sentinelle-104059864394773"]},{"@type":"Person","@id":"https:\/\/lasentinelle.dz\/#\/schema\/person\/d865044e22e70a75174ce8bcad3acfb3","name":"La Sentinelle","image":{"@type":"ImageObject","inLanguage":"fr-FR","@id":"https:\/\/secure.gravatar.com\/avatar\/57de8e5d4b15d43fb361a71fbb36338450fe67865b528a43dd10ef7c51a20392?s=96&d=mm&r=g","url":"https:\/\/secure.gravatar.com\/avatar\/57de8e5d4b15d43fb361a71fbb36338450fe67865b528a43dd10ef7c51a20392?s=96&d=mm&r=g","contentUrl":"https:\/\/secure.gravatar.com\/avatar\/57de8e5d4b15d43fb361a71fbb36338450fe67865b528a43dd10ef7c51a20392?s=96&d=mm&r=g","caption":"La Sentinelle"},"sameAs":["http:\/\/www.lasentinelle.dz"],"url":"https:\/\/lasentinelle.dz\/author\/redaction\/"}]}},"_links":{"self":[{"href":"https:\/\/lasentinelle.dz\/index.php\/wp-json\/wp\/v2\/posts\/43647","targetHints":{"allow":["GET"]}}],"collection":[{"href":"https:\/\/lasentinelle.dz\/index.php\/wp-json\/wp\/v2\/posts"}],"about":[{"href":"https:\/\/lasentinelle.dz\/index.php\/wp-json\/wp\/v2\/types\/post"}],"author":[{"embeddable":true,"href":"https:\/\/lasentinelle.dz\/index.php\/wp-json\/wp\/v2\/users\/3"}],"replies":[{"embeddable":true,"href":"https:\/\/lasentinelle.dz\/index.php\/wp-json\/wp\/v2\/comments?post=43647"}],"version-history":[{"count":1,"href":"https:\/\/lasentinelle.dz\/index.php\/wp-json\/wp\/v2\/posts\/43647\/revisions"}],"predecessor-version":[{"id":43648,"href":"https:\/\/lasentinelle.dz\/index.php\/wp-json\/wp\/v2\/posts\/43647\/revisions\/43648"}],"wp:featuredmedia":[{"embeddable":true,"href":"https:\/\/lasentinelle.dz\/index.php\/wp-json\/wp\/v2\/media\/40893"}],"wp:attachment":[{"href":"https:\/\/lasentinelle.dz\/index.php\/wp-json\/wp\/v2\/media?parent=43647"}],"wp:term":[{"taxonomy":"category","embeddable":true,"href":"https:\/\/lasentinelle.dz\/index.php\/wp-json\/wp\/v2\/categories?post=43647"},{"taxonomy":"post_tag","embeddable":true,"href":"https:\/\/lasentinelle.dz\/index.php\/wp-json\/wp\/v2\/tags?post=43647"}],"curies":[{"name":"wp","href":"https:\/\/api.w.org\/{rel}","templated":true}]}}