{"id":43660,"date":"2023-07-16T23:30:16","date_gmt":"2023-07-16T22:30:16","guid":{"rendered":"https:\/\/lasentinelle.dz\/?p=43660"},"modified":"2023-07-16T23:40:19","modified_gmt":"2023-07-16T22:40:19","slug":"faf-zefizef-demissionne","status":"publish","type":"post","link":"https:\/\/lasentinelle.dz\/index.php\/2023\/07\/16\/faf-zefizef-demissionne\/","title":{"rendered":"FAF : Zefizef d\u00e9missionne"},"content":{"rendered":"\n<p><\/p>\n\n\n\n<p>Le pr\u00e9sident de la F\u00e9d\u00e9ration alg\u00e9rienne de football a annonc\u00e9 hier sa d\u00e9mission. \u00c9lu en juillet 2022 \u00e0 la t\u00eate de l\u2019instance f\u00e9d\u00e9rale, Zefizef a d\u00e9cid\u00e9 de rendre le tablier \u00e0 la suite de l\u2019\u00e9chec cuisant qu\u2019il a essuy\u00e9 lors des \u00e9lections au Comit\u00e9 ex\u00e9cutif de la CAF tenues jeudi dernier \u00e0 Abidjan en C\u00f4te d\u2019Ivoire. Dans une d\u00e9claration vid\u00e9o diffus\u00e9e sur le site web de la FAF, le d\u00e9sormais ex-pr\u00e9sident de la FAF a expliqu\u00e9 cette d\u00e9mission par le revers subi au Comex de la CAF.&nbsp; Zefizef a expliqu\u00e9 que l\u2019obtention d\u2019un si\u00e8ge au Comex de la Conf\u00e9d\u00e9ration africaine de football a \u00e9t\u00e9 l\u2019un des engagements qu\u2019il a pr\u00e9sent\u00e9 \u00e0 l\u2019AG de la FAF et un objectif pour lequel il a \u0153uvr\u00e9. Le pr\u00e9sident d\u00e9missionnaire de la FAF a \u00e9galement tenu \u00e0 d\u00e9fendre son bilan et son action lors de sa campagne pour l\u2019\u00e9lection au Comex estimant \u00ab&nbsp;avoir d\u00e9ploy\u00e9 tous les efforts et utilis\u00e9 tous les moyens l\u00e9gaux possibles et conformes \u00e0 nos principes moraux pour atteindre cet objectif&nbsp;\u00bb. \u00ab&nbsp;Cependant, cela n\u2019a pas suffi&nbsp;\u00bb, a-t-il ajout\u00e9. Zefizef a \u00e9galement tenu \u00e0 adresser ses remerciements aux \u00ab&nbsp;autorit\u00e9s alg\u00e9riennes pour l\u2019important soutien apport\u00e9 lors de l\u2019ex\u00e9cution de (ses missions)&nbsp;\u00bb.<\/p>\n\n\n\n<p>Contrairement \u00e0 son pr\u00e9d\u00e9cesseur, Charaf Eddine Amara, Djahid Zefizef a pr\u00e9f\u00e9r\u00e9 transmettre imm\u00e9diatement le t\u00e9moin et ne plus occuper les fonctions de pr\u00e9sident de la FAF. Azzedine Arab sera charg\u00e9 de la gestion de la FAF jusqu\u2019\u00e0 la tenue de nouvelles \u00e9lections.<\/p>\n\n\n\n<p>Il faut dire que le pr\u00e9sident d\u00e9missionnaire de la FAF \u00e9tait d\u00e9j\u00e0 dans une position d\u00e9licate et subissant le feu des critiques, notamment en raison des \u00e9checs cumul\u00e9s notamment des s\u00e9lections nationales dans les cat\u00e9gories jeunes avec l\u2019\u00e9limination des U20 et U23 en Coupe d\u2019Afrique des Nations, et hormis le titre arabe obtenu par les U17, ces derniers n\u2019auront pas r\u00e9ussi \u00e0 s\u2019imposer lors de la CAN organis\u00e9e en Alg\u00e9rie. \u00c0 cela s\u2019ajoute le scandale li\u00e9 \u00e0 la non participation de la s\u00e9lection f\u00e9minine de football aux JO 2024 en raison d\u2019un oubli qui aura emp\u00each\u00e9 leur inscription. Le d\u00e9part de Zefizef d\u00e8s cet \u00e9t\u00e9, \u00e9tait dans l\u2019\u00e8re depuis quelques semaines d\u00e9j\u00e0 et des noms ont m\u00eame \u00e9t\u00e9 avanc\u00e9s pour le remplacer. L\u2019\u00e9chec au Comex de la CAF a au final port\u00e9 l\u2019estocade au pr\u00e9sident de la FAF qui d\u00e9cide de se retirer sans faire de vagues.<\/p>\n\n\n\n<p><strong>Chokri Hafed<\/strong><\/p>\n","protected":false},"excerpt":{"rendered":"<p>Le pr\u00e9sident de la F\u00e9d\u00e9ration alg\u00e9rienne de football a annonc\u00e9 hier sa d\u00e9mission. \u00c9lu en juillet 2022 \u00e0 la t\u00eate<\/p>\n","protected":false},"author":3,"featured_media":43630,"comment_status":"open","ping_status":"closed","sticky":false,"template":"","format":"standard","meta":{"colormag_page_container_layout":"default_layout","colormag_page_sidebar_layout":"default_layout","om_disable_all_campaigns":false,"_monsterinsights_skip_tracking":false,"_monsterinsights_sitenote_active":false,"_monsterinsights_sitenote_note":"","_monsterinsights_sitenote_category":0,"footnotes":"","_wpscppro_dont_share_socialmedia":false,"_wpscppro_custom_social_share_image":0,"_facebook_share_type":"","_twitter_share_type":"","_linkedin_share_type":"","_pinterest_share_type":"","_linkedin_share_type_page":"","_instagram_share_type":"","_medium_share_type":"","_threads_share_type":"","_google_business_share_type":"","_selected_social_profile":[],"_wpsp_enable_custom_social_template":false,"_wpsp_social_scheduling":{"enabled":false,"datetime":null,"platforms":[],"status":"template_only","dateOption":"today","timeOption":"now","customDays":"","customHours":"","customDate":"","customTime":"","schedulingType":"absolute"},"_wpsp_active_default_template":true},"categories":[52,33],"tags":[],"class_list":["post-43660","post","type-post","status-publish","format-standard","has-post-thumbnail","hentry","category-a-la-une","category-sports"],"aioseo_notices":[],"yoast_head":"<!-- This site is optimized with the Yoast SEO plugin v27.5 - https:\/\/yoast.com\/product\/yoast-seo-wordpress\/ -->\n<title>FAF : Zefizef d\u00e9missionne - La Sentinelle<\/title>\n<meta name=\"robots\" content=\"index, follow, max-snippet:-1, max-image-preview:large, max-video-preview:-1\" \/>\n<link rel=\"canonical\" href=\"https:\/\/lasentinelle.dz\/index.php\/2023\/07\/16\/faf-zefizef-demissionne\/\" \/>\n<meta property=\"og:locale\" content=\"fr_FR\" \/>\n<meta property=\"og:type\" content=\"article\" \/>\n<meta property=\"og:title\" content=\"FAF : Zefizef d\u00e9missionne - La Sentinelle\" \/>\n<meta property=\"og:description\" content=\"Le pr\u00e9sident de la F\u00e9d\u00e9ration alg\u00e9rienne de football a annonc\u00e9 hier sa d\u00e9mission. \u00c9lu en juillet 2022 \u00e0 la t\u00eate\" \/>\n<meta property=\"og:url\" content=\"https:\/\/lasentinelle.dz\/index.php\/2023\/07\/16\/faf-zefizef-demissionne\/\" \/>\n<meta property=\"og:site_name\" content=\"La Sentinelle\" \/>\n<meta property=\"article:publisher\" content=\"https:\/\/www.facebook.com\/La-Sentinelle-104059864394773\" \/>\n<meta property=\"article:published_time\" content=\"2023-07-16T22:30:16+00:00\" \/>\n<meta property=\"article:modified_time\" content=\"2023-07-16T22:40:19+00:00\" \/>\n<meta property=\"og:image\" content=\"https:\/\/lasentinelle.dz\/wp-content\/uploads\/2023\/07\/zefizef.webp\" \/>\n\t<meta property=\"og:image:width\" content=\"1237\" \/>\n\t<meta property=\"og:image:height\" content=\"709\" \/>\n\t<meta property=\"og:image:type\" content=\"image\/webp\" \/>\n<meta name=\"author\" content=\"La Sentinelle\" \/>\n<meta name=\"twitter:card\" content=\"summary_large_image\" \/>\n<meta name=\"twitter:label1\" content=\"\u00c9crit par\" \/>\n\t<meta name=\"twitter:data1\" content=\"La Sentinelle\" \/>\n\t<meta name=\"twitter:label2\" content=\"Dur\u00e9e de lecture estim\u00e9e\" \/>\n\t<meta name=\"twitter:data2\" content=\"2 minutes\" \/>\n<script type=\"application\/ld+json\" class=\"yoast-schema-graph\">{\"@context\":\"https:\\\/\\\/schema.org\",\"@graph\":[{\"@type\":\"Article\",\"@id\":\"https:\\\/\\\/lasentinelle.dz\\\/index.php\\\/2023\\\/07\\\/16\\\/faf-zefizef-demissionne\\\/#article\",\"isPartOf\":{\"@id\":\"https:\\\/\\\/lasentinelle.dz\\\/index.php\\\/2023\\\/07\\\/16\\\/faf-zefizef-demissionne\\\/\"},\"author\":{\"name\":\"La Sentinelle\",\"@id\":\"https:\\\/\\\/lasentinelle.dz\\\/#\\\/schema\\\/person\\\/d865044e22e70a75174ce8bcad3acfb3\"},\"headline\":\"FAF : Zefizef d\u00e9missionne\",\"datePublished\":\"2023-07-16T22:30:16+00:00\",\"dateModified\":\"2023-07-16T22:40:19+00:00\",\"mainEntityOfPage\":{\"@id\":\"https:\\\/\\\/lasentinelle.dz\\\/index.php\\\/2023\\\/07\\\/16\\\/faf-zefizef-demissionne\\\/\"},\"wordCount\":465,\"commentCount\":0,\"publisher\":{\"@id\":\"https:\\\/\\\/lasentinelle.dz\\\/#organization\"},\"image\":{\"@id\":\"https:\\\/\\\/lasentinelle.dz\\\/index.php\\\/2023\\\/07\\\/16\\\/faf-zefizef-demissionne\\\/#primaryimage\"},\"thumbnailUrl\":\"https:\\\/\\\/lasentinelle.dz\\\/wp-content\\\/uploads\\\/2023\\\/07\\\/zefizef.webp\",\"articleSection\":[\"\u00c0 la Une\",\"Sports\"],\"inLanguage\":\"fr-FR\",\"potentialAction\":[{\"@type\":\"CommentAction\",\"name\":\"Comment\",\"target\":[\"https:\\\/\\\/lasentinelle.dz\\\/index.php\\\/2023\\\/07\\\/16\\\/faf-zefizef-demissionne\\\/#respond\"]}]},{\"@type\":\"WebPage\",\"@id\":\"https:\\\/\\\/lasentinelle.dz\\\/index.php\\\/2023\\\/07\\\/16\\\/faf-zefizef-demissionne\\\/\",\"url\":\"https:\\\/\\\/lasentinelle.dz\\\/index.php\\\/2023\\\/07\\\/16\\\/faf-zefizef-demissionne\\\/\",\"name\":\"FAF : Zefizef d\u00e9missionne - La Sentinelle\",\"isPartOf\":{\"@id\":\"https:\\\/\\\/lasentinelle.dz\\\/#website\"},\"primaryImageOfPage\":{\"@id\":\"https:\\\/\\\/lasentinelle.dz\\\/index.php\\\/2023\\\/07\\\/16\\\/faf-zefizef-demissionne\\\/#primaryimage\"},\"image\":{\"@id\":\"https:\\\/\\\/lasentinelle.dz\\\/index.php\\\/2023\\\/07\\\/16\\\/faf-zefizef-demissionne\\\/#primaryimage\"},\"thumbnailUrl\":\"https:\\\/\\\/lasentinelle.dz\\\/wp-content\\\/uploads\\\/2023\\\/07\\\/zefizef.webp\",\"datePublished\":\"2023-07-16T22:30:16+00:00\",\"dateModified\":\"2023-07-16T22:40:19+00:00\",\"breadcrumb\":{\"@id\":\"https:\\\/\\\/lasentinelle.dz\\\/index.php\\\/2023\\\/07\\\/16\\\/faf-zefizef-demissionne\\\/#breadcrumb\"},\"inLanguage\":\"fr-FR\",\"potentialAction\":[{\"@type\":\"ReadAction\",\"target\":[\"https:\\\/\\\/lasentinelle.dz\\\/index.php\\\/2023\\\/07\\\/16\\\/faf-zefizef-demissionne\\\/\"]}]},{\"@type\":\"ImageObject\",\"inLanguage\":\"fr-FR\",\"@id\":\"https:\\\/\\\/lasentinelle.dz\\\/index.php\\\/2023\\\/07\\\/16\\\/faf-zefizef-demissionne\\\/#primaryimage\",\"url\":\"https:\\\/\\\/lasentinelle.dz\\\/wp-content\\\/uploads\\\/2023\\\/07\\\/zefizef.webp\",\"contentUrl\":\"https:\\\/\\\/lasentinelle.dz\\\/wp-content\\\/uploads\\\/2023\\\/07\\\/zefizef.webp\",\"width\":1237,\"height\":709},{\"@type\":\"BreadcrumbList\",\"@id\":\"https:\\\/\\\/lasentinelle.dz\\\/index.php\\\/2023\\\/07\\\/16\\\/faf-zefizef-demissionne\\\/#breadcrumb\",\"itemListElement\":[{\"@type\":\"ListItem\",\"position\":1,\"name\":\"Accueil\",\"item\":\"https:\\\/\\\/lasentinelle.dz\\\/\"},{\"@type\":\"ListItem\",\"position\":2,\"name\":\"FAF : Zefizef d\u00e9missionne\"}]},{\"@type\":\"WebSite\",\"@id\":\"https:\\\/\\\/lasentinelle.dz\\\/#website\",\"url\":\"https:\\\/\\\/lasentinelle.dz\\\/\",\"name\":\"La Sentinelle\",\"description\":\"Quotidien national d&#039;information\",\"publisher\":{\"@id\":\"https:\\\/\\\/lasentinelle.dz\\\/#organization\"},\"potentialAction\":[{\"@type\":\"SearchAction\",\"target\":{\"@type\":\"EntryPoint\",\"urlTemplate\":\"https:\\\/\\\/lasentinelle.dz\\\/?s={search_term_string}\"},\"query-input\":{\"@type\":\"PropertyValueSpecification\",\"valueRequired\":true,\"valueName\":\"search_term_string\"}}],\"inLanguage\":\"fr-FR\"},{\"@type\":\"Organization\",\"@id\":\"https:\\\/\\\/lasentinelle.dz\\\/#organization\",\"name\":\"Quotidien La Sentinelle\",\"url\":\"https:\\\/\\\/lasentinelle.dz\\\/\",\"logo\":{\"@type\":\"ImageObject\",\"inLanguage\":\"fr-FR\",\"@id\":\"https:\\\/\\\/lasentinelle.dz\\\/#\\\/schema\\\/logo\\\/image\\\/\",\"url\":\"https:\\\/\\\/lasentinelle.dz\\\/wp-content\\\/uploads\\\/2021\\\/09\\\/logo-sentinelleSLOGAN-1.png\",\"contentUrl\":\"https:\\\/\\\/lasentinelle.dz\\\/wp-content\\\/uploads\\\/2021\\\/09\\\/logo-sentinelleSLOGAN-1.png\",\"width\":615,\"height\":142,\"caption\":\"Quotidien La Sentinelle\"},\"image\":{\"@id\":\"https:\\\/\\\/lasentinelle.dz\\\/#\\\/schema\\\/logo\\\/image\\\/\"},\"sameAs\":[\"https:\\\/\\\/www.facebook.com\\\/La-Sentinelle-104059864394773\"]},{\"@type\":\"Person\",\"@id\":\"https:\\\/\\\/lasentinelle.dz\\\/#\\\/schema\\\/person\\\/d865044e22e70a75174ce8bcad3acfb3\",\"name\":\"La Sentinelle\",\"image\":{\"@type\":\"ImageObject\",\"inLanguage\":\"fr-FR\",\"@id\":\"https:\\\/\\\/secure.gravatar.com\\\/avatar\\\/57de8e5d4b15d43fb361a71fbb36338450fe67865b528a43dd10ef7c51a20392?s=96&d=mm&r=g\",\"url\":\"https:\\\/\\\/secure.gravatar.com\\\/avatar\\\/57de8e5d4b15d43fb361a71fbb36338450fe67865b528a43dd10ef7c51a20392?s=96&d=mm&r=g\",\"contentUrl\":\"https:\\\/\\\/secure.gravatar.com\\\/avatar\\\/57de8e5d4b15d43fb361a71fbb36338450fe67865b528a43dd10ef7c51a20392?s=96&d=mm&r=g\",\"caption\":\"La Sentinelle\"},\"sameAs\":[\"http:\\\/\\\/www.lasentinelle.dz\"],\"url\":\"https:\\\/\\\/lasentinelle.dz\\\/author\\\/redaction\\\/\"}]}<\/script>\n<!-- \/ Yoast SEO plugin. -->","yoast_head_json":{"title":"FAF : Zefizef d\u00e9missionne - La Sentinelle","robots":{"index":"index","follow":"follow","max-snippet":"max-snippet:-1","max-image-preview":"max-image-preview:large","max-video-preview":"max-video-preview:-1"},"canonical":"https:\/\/lasentinelle.dz\/index.php\/2023\/07\/16\/faf-zefizef-demissionne\/","og_locale":"fr_FR","og_type":"article","og_title":"FAF : Zefizef d\u00e9missionne - La Sentinelle","og_description":"Le pr\u00e9sident de la F\u00e9d\u00e9ration alg\u00e9rienne de football a annonc\u00e9 hier sa d\u00e9mission. \u00c9lu en juillet 2022 \u00e0 la t\u00eate","og_url":"https:\/\/lasentinelle.dz\/index.php\/2023\/07\/16\/faf-zefizef-demissionne\/","og_site_name":"La Sentinelle","article_publisher":"https:\/\/www.facebook.com\/La-Sentinelle-104059864394773","article_published_time":"2023-07-16T22:30:16+00:00","article_modified_time":"2023-07-16T22:40:19+00:00","og_image":[{"width":1237,"height":709,"url":"https:\/\/lasentinelle.dz\/wp-content\/uploads\/2023\/07\/zefizef.webp","type":"image\/webp"}],"author":"La Sentinelle","twitter_card":"summary_large_image","twitter_misc":{"\u00c9crit par":"La Sentinelle","Dur\u00e9e de lecture estim\u00e9e":"2 minutes"},"schema":{"@context":"https:\/\/schema.org","@graph":[{"@type":"Article","@id":"https:\/\/lasentinelle.dz\/index.php\/2023\/07\/16\/faf-zefizef-demissionne\/#article","isPartOf":{"@id":"https:\/\/lasentinelle.dz\/index.php\/2023\/07\/16\/faf-zefizef-demissionne\/"},"author":{"name":"La Sentinelle","@id":"https:\/\/lasentinelle.dz\/#\/schema\/person\/d865044e22e70a75174ce8bcad3acfb3"},"headline":"FAF : Zefizef d\u00e9missionne","datePublished":"2023-07-16T22:30:16+00:00","dateModified":"2023-07-16T22:40:19+00:00","mainEntityOfPage":{"@id":"https:\/\/lasentinelle.dz\/index.php\/2023\/07\/16\/faf-zefizef-demissionne\/"},"wordCount":465,"commentCount":0,"publisher":{"@id":"https:\/\/lasentinelle.dz\/#organization"},"image":{"@id":"https:\/\/lasentinelle.dz\/index.php\/2023\/07\/16\/faf-zefizef-demissionne\/#primaryimage"},"thumbnailUrl":"https:\/\/lasentinelle.dz\/wp-content\/uploads\/2023\/07\/zefizef.webp","articleSection":["\u00c0 la Une","Sports"],"inLanguage":"fr-FR","potentialAction":[{"@type":"CommentAction","name":"Comment","target":["https:\/\/lasentinelle.dz\/index.php\/2023\/07\/16\/faf-zefizef-demissionne\/#respond"]}]},{"@type":"WebPage","@id":"https:\/\/lasentinelle.dz\/index.php\/2023\/07\/16\/faf-zefizef-demissionne\/","url":"https:\/\/lasentinelle.dz\/index.php\/2023\/07\/16\/faf-zefizef-demissionne\/","name":"FAF : Zefizef d\u00e9missionne - La Sentinelle","isPartOf":{"@id":"https:\/\/lasentinelle.dz\/#website"},"primaryImageOfPage":{"@id":"https:\/\/lasentinelle.dz\/index.php\/2023\/07\/16\/faf-zefizef-demissionne\/#primaryimage"},"image":{"@id":"https:\/\/lasentinelle.dz\/index.php\/2023\/07\/16\/faf-zefizef-demissionne\/#primaryimage"},"thumbnailUrl":"https:\/\/lasentinelle.dz\/wp-content\/uploads\/2023\/07\/zefizef.webp","datePublished":"2023-07-16T22:30:16+00:00","dateModified":"2023-07-16T22:40:19+00:00","breadcrumb":{"@id":"https:\/\/lasentinelle.dz\/index.php\/2023\/07\/16\/faf-zefizef-demissionne\/#breadcrumb"},"inLanguage":"fr-FR","potentialAction":[{"@type":"ReadAction","target":["https:\/\/lasentinelle.dz\/index.php\/2023\/07\/16\/faf-zefizef-demissionne\/"]}]},{"@type":"ImageObject","inLanguage":"fr-FR","@id":"https:\/\/lasentinelle.dz\/index.php\/2023\/07\/16\/faf-zefizef-demissionne\/#primaryimage","url":"https:\/\/lasentinelle.dz\/wp-content\/uploads\/2023\/07\/zefizef.webp","contentUrl":"https:\/\/lasentinelle.dz\/wp-content\/uploads\/2023\/07\/zefizef.webp","width":1237,"height":709},{"@type":"BreadcrumbList","@id":"https:\/\/lasentinelle.dz\/index.php\/2023\/07\/16\/faf-zefizef-demissionne\/#breadcrumb","itemListElement":[{"@type":"ListItem","position":1,"name":"Accueil","item":"https:\/\/lasentinelle.dz\/"},{"@type":"ListItem","position":2,"name":"FAF : Zefizef d\u00e9missionne"}]},{"@type":"WebSite","@id":"https:\/\/lasentinelle.dz\/#website","url":"https:\/\/lasentinelle.dz\/","name":"La Sentinelle","description":"Quotidien national d&#039;information","publisher":{"@id":"https:\/\/lasentinelle.dz\/#organization"},"potentialAction":[{"@type":"SearchAction","target":{"@type":"EntryPoint","urlTemplate":"https:\/\/lasentinelle.dz\/?s={search_term_string}"},"query-input":{"@type":"PropertyValueSpecification","valueRequired":true,"valueName":"search_term_string"}}],"inLanguage":"fr-FR"},{"@type":"Organization","@id":"https:\/\/lasentinelle.dz\/#organization","name":"Quotidien La Sentinelle","url":"https:\/\/lasentinelle.dz\/","logo":{"@type":"ImageObject","inLanguage":"fr-FR","@id":"https:\/\/lasentinelle.dz\/#\/schema\/logo\/image\/","url":"https:\/\/lasentinelle.dz\/wp-content\/uploads\/2021\/09\/logo-sentinelleSLOGAN-1.png","contentUrl":"https:\/\/lasentinelle.dz\/wp-content\/uploads\/2021\/09\/logo-sentinelleSLOGAN-1.png","width":615,"height":142,"caption":"Quotidien La Sentinelle"},"image":{"@id":"https:\/\/lasentinelle.dz\/#\/schema\/logo\/image\/"},"sameAs":["https:\/\/www.facebook.com\/La-Sentinelle-104059864394773"]},{"@type":"Person","@id":"https:\/\/lasentinelle.dz\/#\/schema\/person\/d865044e22e70a75174ce8bcad3acfb3","name":"La Sentinelle","image":{"@type":"ImageObject","inLanguage":"fr-FR","@id":"https:\/\/secure.gravatar.com\/avatar\/57de8e5d4b15d43fb361a71fbb36338450fe67865b528a43dd10ef7c51a20392?s=96&d=mm&r=g","url":"https:\/\/secure.gravatar.com\/avatar\/57de8e5d4b15d43fb361a71fbb36338450fe67865b528a43dd10ef7c51a20392?s=96&d=mm&r=g","contentUrl":"https:\/\/secure.gravatar.com\/avatar\/57de8e5d4b15d43fb361a71fbb36338450fe67865b528a43dd10ef7c51a20392?s=96&d=mm&r=g","caption":"La Sentinelle"},"sameAs":["http:\/\/www.lasentinelle.dz"],"url":"https:\/\/lasentinelle.dz\/author\/redaction\/"}]}},"_links":{"self":[{"href":"https:\/\/lasentinelle.dz\/index.php\/wp-json\/wp\/v2\/posts\/43660","targetHints":{"allow":["GET"]}}],"collection":[{"href":"https:\/\/lasentinelle.dz\/index.php\/wp-json\/wp\/v2\/posts"}],"about":[{"href":"https:\/\/lasentinelle.dz\/index.php\/wp-json\/wp\/v2\/types\/post"}],"author":[{"embeddable":true,"href":"https:\/\/lasentinelle.dz\/index.php\/wp-json\/wp\/v2\/users\/3"}],"replies":[{"embeddable":true,"href":"https:\/\/lasentinelle.dz\/index.php\/wp-json\/wp\/v2\/comments?post=43660"}],"version-history":[{"count":2,"href":"https:\/\/lasentinelle.dz\/index.php\/wp-json\/wp\/v2\/posts\/43660\/revisions"}],"predecessor-version":[{"id":43662,"href":"https:\/\/lasentinelle.dz\/index.php\/wp-json\/wp\/v2\/posts\/43660\/revisions\/43662"}],"wp:featuredmedia":[{"embeddable":true,"href":"https:\/\/lasentinelle.dz\/index.php\/wp-json\/wp\/v2\/media\/43630"}],"wp:attachment":[{"href":"https:\/\/lasentinelle.dz\/index.php\/wp-json\/wp\/v2\/media?parent=43660"}],"wp:term":[{"taxonomy":"category","embeddable":true,"href":"https:\/\/lasentinelle.dz\/index.php\/wp-json\/wp\/v2\/categories?post=43660"},{"taxonomy":"post_tag","embeddable":true,"href":"https:\/\/lasentinelle.dz\/index.php\/wp-json\/wp\/v2\/tags?post=43660"}],"curies":[{"name":"wp","href":"https:\/\/api.w.org\/{rel}","templated":true}]}}