{"id":43702,"date":"2023-07-16T23:27:44","date_gmt":"2023-07-16T22:27:44","guid":{"rendered":"https:\/\/lasentinelle.dz\/?p=43702"},"modified":"2023-07-16T23:27:46","modified_gmt":"2023-07-16T22:27:46","slug":"disponibilite-de-medicaments-les-assurances-du-ministere-de-lindustrie","status":"publish","type":"post","link":"https:\/\/lasentinelle.dz\/index.php\/2023\/07\/16\/disponibilite-de-medicaments-les-assurances-du-ministere-de-lindustrie\/","title":{"rendered":"Disponibilit\u00e9 de m\u00e9dicaments&nbsp;: Les assurances du minist\u00e8re de l\u2019Industrie"},"content":{"rendered":"\n<p>Le minist\u00e8re de l\u2019Industrie et de la Production pharmaceutique a une nouvelle fois tenu \u00e0 donner des assurances quant \u00e0 la disponibilit\u00e9 des m\u00e9dicaments. Il affirm\u00e9,hier dans un communiqu\u00e9, que les services comp\u00e9tents relevant du secteur, continuent d\u2019\u0153uvrer sans rel\u00e2che, malgr\u00e9 les tentatives de perturbation, pour garantir l\u2019approvisionnement continue en m\u00e9dicaments et dispositifs m\u00e9dicaux de ville et ceux \u00e0 usage hospitalier. \u00ab\u00a0Tous les signalements parvenus par voie officielle ou par courrier \u00e9lectronique \u00e0 l\u2019adresse mail observatoire@miph.gov.dz&nbsp; ont \u00e9t\u00e9 trait\u00e9s, en collaboration avec les membres partenaires qui nous ont saisis, \u00e0 l\u2019exemple de la probl\u00e9matique r\u00e9cente des anesth\u00e9sies dentaires qui a \u00e9t\u00e9 prise en charge et r\u00e9gl\u00e9 en coordination avec les parties concern\u00e9es\u00a0\u00bb, a affirm\u00e9 le minist\u00e8re. Il a \u00e9galement inform\u00e9 que \u00ab\u00a0l\u2019Observatoire national de veille sur la disponibilit\u00e9 des produits pharmaceutiques a continu\u00e9 d\u2019exercer ses activit\u00e9s \u00e0 travers des r\u00e9unions de coordination restreintes, de correspondances ou par voie \u00e9lectronique officielle, en raison de litiges au sein de certaines corporations membres, et reprendra ses travaux, en pr\u00e9sentielle, cette semaine\u00a0\u00bb. A cet effet, le minist\u00e8re appelle ses partenaires au \u00ab\u00a0sens de la responsabilit\u00e9\u00a0\u00bb dans l\u2019exercice de leur missions et d\u00e9clarations publiques et d\u2019adh\u00e9rer \u00e0 une d\u00e9marche constructive visant l\u2019int\u00e9r\u00eat ultime du patient et la pr\u00e9servation de la sant\u00e9 publique, comme l\u2019a toujours pr\u00f4n\u00e9 le minist\u00e8re de l\u2019industrie et de la production pharmaceutique, conclut la m\u00eame source.<\/p>\n\n\n\n<p>Notons que cette clarification du minist\u00e8re de l\u2019Industrie et de la production pharmaceutique intervient apr\u00e8s plusieurs pol\u00e9miques sur la disponibilit\u00e9 de m\u00e9dicaments, notamment d\u2019anesth\u00e9siants dentaires. Le ministre a dans ce sens accus\u00e9 des lobbies \u00e0 l\u2019\u0153uvre pour d\u00e9stabiliser le march\u00e9. \u00ab Permettez-moi de d\u00e9noncer un fait tr\u00e8s grave. L\u2019anesth\u00e9sie existe, mais certains lobbies veulent de l\u2019anesth\u00e9sie dentaire fran\u00e7aise qui coute 3 fois le prix de l\u2019anesth\u00e9sie que l\u2019on a ici. Je dis non et je n\u2019appliquerai pas. Ce n\u2019est pas un probl\u00e8me de facturation, c\u2019est un probl\u00e8me de lobbying \u00bb, avait d\u00e9clar\u00e9 Ali Aoun, au mois de juin dernier.<\/p>\n\n\n\n<p>Pour rappel, le d\u00e9partement d\u2019Ali Aoun a adress\u00e9 une note aux op\u00e9rateurs du secteurs \u00e0 la fin du mois de juin dernier pour rappeler que le d\u00e9p\u00f4t des programmes pr\u00e9visionnels d\u2019importation devra se faire via la plateforme d\u00e9di\u00e9e entre le 9 juillet en cours et le 9 septembre prochain.<\/p>\n\n\n\n<p><strong>Samir Benisid<\/strong><\/p>\n","protected":false},"excerpt":{"rendered":"<p>Le minist\u00e8re de l\u2019Industrie et de la Production pharmaceutique a une nouvelle fois tenu \u00e0 donner des assurances quant \u00e0<\/p>\n","protected":false},"author":3,"featured_media":30683,"comment_status":"open","ping_status":"closed","sticky":false,"template":"","format":"standard","meta":{"colormag_page_container_layout":"default_layout","colormag_page_sidebar_layout":"default_layout","om_disable_all_campaigns":false,"_monsterinsights_skip_tracking":false,"_monsterinsights_sitenote_active":false,"_monsterinsights_sitenote_note":"","_monsterinsights_sitenote_category":0,"footnotes":"","_wpscppro_dont_share_socialmedia":false,"_wpscppro_custom_social_share_image":0,"_facebook_share_type":"","_twitter_share_type":"","_linkedin_share_type":"","_pinterest_share_type":"","_linkedin_share_type_page":"","_instagram_share_type":"","_medium_share_type":"","_threads_share_type":"","_google_business_share_type":"","_selected_social_profile":[],"_wpsp_enable_custom_social_template":false,"_wpsp_social_scheduling":{"enabled":false,"datetime":null,"platforms":[],"status":"template_only","dateOption":"today","timeOption":"now","customDays":"","customHours":"","customDate":"","customTime":"","schedulingType":"absolute"},"_wpsp_active_default_template":true},"categories":[52,27],"tags":[],"class_list":["post-43702","post","type-post","status-publish","format-standard","has-post-thumbnail","hentry","category-a-la-une","category-actualite"],"aioseo_notices":[],"yoast_head":"<!-- This site is optimized with the Yoast SEO plugin v27.5 - https:\/\/yoast.com\/product\/yoast-seo-wordpress\/ -->\n<title>Disponibilit\u00e9 de m\u00e9dicaments&nbsp;: Les assurances du minist\u00e8re de l\u2019Industrie - La Sentinelle<\/title>\n<meta name=\"robots\" content=\"index, follow, max-snippet:-1, max-image-preview:large, max-video-preview:-1\" \/>\n<link rel=\"canonical\" href=\"https:\/\/lasentinelle.dz\/index.php\/2023\/07\/16\/disponibilite-de-medicaments-les-assurances-du-ministere-de-lindustrie\/\" \/>\n<meta property=\"og:locale\" content=\"fr_FR\" \/>\n<meta property=\"og:type\" content=\"article\" \/>\n<meta property=\"og:title\" content=\"Disponibilit\u00e9 de m\u00e9dicaments&nbsp;: Les assurances du minist\u00e8re de l\u2019Industrie - La Sentinelle\" \/>\n<meta property=\"og:description\" content=\"Le minist\u00e8re de l\u2019Industrie et de la Production pharmaceutique a une nouvelle fois tenu \u00e0 donner des assurances quant \u00e0\" \/>\n<meta property=\"og:url\" content=\"https:\/\/lasentinelle.dz\/index.php\/2023\/07\/16\/disponibilite-de-medicaments-les-assurances-du-ministere-de-lindustrie\/\" \/>\n<meta property=\"og:site_name\" content=\"La Sentinelle\" \/>\n<meta property=\"article:publisher\" content=\"https:\/\/www.facebook.com\/La-Sentinelle-104059864394773\" \/>\n<meta property=\"article:published_time\" content=\"2023-07-16T22:27:44+00:00\" \/>\n<meta property=\"article:modified_time\" content=\"2023-07-16T22:27:46+00:00\" \/>\n<meta property=\"og:image\" content=\"https:\/\/lasentinelle.dz\/wp-content\/uploads\/2022\/11\/medicaments.png\" \/>\n\t<meta property=\"og:image:width\" content=\"1491\" \/>\n\t<meta property=\"og:image:height\" content=\"900\" \/>\n\t<meta property=\"og:image:type\" content=\"image\/png\" \/>\n<meta name=\"author\" content=\"La Sentinelle\" \/>\n<meta name=\"twitter:card\" content=\"summary_large_image\" \/>\n<meta name=\"twitter:label1\" content=\"\u00c9crit par\" \/>\n\t<meta name=\"twitter:data1\" content=\"La Sentinelle\" \/>\n\t<meta name=\"twitter:label2\" content=\"Dur\u00e9e de lecture estim\u00e9e\" \/>\n\t<meta name=\"twitter:data2\" content=\"2 minutes\" \/>\n<script type=\"application\/ld+json\" class=\"yoast-schema-graph\">{\"@context\":\"https:\\\/\\\/schema.org\",\"@graph\":[{\"@type\":\"Article\",\"@id\":\"https:\\\/\\\/lasentinelle.dz\\\/index.php\\\/2023\\\/07\\\/16\\\/disponibilite-de-medicaments-les-assurances-du-ministere-de-lindustrie\\\/#article\",\"isPartOf\":{\"@id\":\"https:\\\/\\\/lasentinelle.dz\\\/index.php\\\/2023\\\/07\\\/16\\\/disponibilite-de-medicaments-les-assurances-du-ministere-de-lindustrie\\\/\"},\"author\":{\"name\":\"La Sentinelle\",\"@id\":\"https:\\\/\\\/lasentinelle.dz\\\/#\\\/schema\\\/person\\\/d865044e22e70a75174ce8bcad3acfb3\"},\"headline\":\"Disponibilit\u00e9 de m\u00e9dicaments&nbsp;: Les assurances du minist\u00e8re de l\u2019Industrie\",\"datePublished\":\"2023-07-16T22:27:44+00:00\",\"dateModified\":\"2023-07-16T22:27:46+00:00\",\"mainEntityOfPage\":{\"@id\":\"https:\\\/\\\/lasentinelle.dz\\\/index.php\\\/2023\\\/07\\\/16\\\/disponibilite-de-medicaments-les-assurances-du-ministere-de-lindustrie\\\/\"},\"wordCount\":450,\"commentCount\":0,\"publisher\":{\"@id\":\"https:\\\/\\\/lasentinelle.dz\\\/#organization\"},\"image\":{\"@id\":\"https:\\\/\\\/lasentinelle.dz\\\/index.php\\\/2023\\\/07\\\/16\\\/disponibilite-de-medicaments-les-assurances-du-ministere-de-lindustrie\\\/#primaryimage\"},\"thumbnailUrl\":\"https:\\\/\\\/lasentinelle.dz\\\/wp-content\\\/uploads\\\/2022\\\/11\\\/medicaments.png\",\"articleSection\":[\"\u00c0 la Une\",\"Actualit\u00e9\"],\"inLanguage\":\"fr-FR\",\"potentialAction\":[{\"@type\":\"CommentAction\",\"name\":\"Comment\",\"target\":[\"https:\\\/\\\/lasentinelle.dz\\\/index.php\\\/2023\\\/07\\\/16\\\/disponibilite-de-medicaments-les-assurances-du-ministere-de-lindustrie\\\/#respond\"]}]},{\"@type\":\"WebPage\",\"@id\":\"https:\\\/\\\/lasentinelle.dz\\\/index.php\\\/2023\\\/07\\\/16\\\/disponibilite-de-medicaments-les-assurances-du-ministere-de-lindustrie\\\/\",\"url\":\"https:\\\/\\\/lasentinelle.dz\\\/index.php\\\/2023\\\/07\\\/16\\\/disponibilite-de-medicaments-les-assurances-du-ministere-de-lindustrie\\\/\",\"name\":\"Disponibilit\u00e9 de m\u00e9dicaments&nbsp;: Les assurances du minist\u00e8re de l\u2019Industrie - La Sentinelle\",\"isPartOf\":{\"@id\":\"https:\\\/\\\/lasentinelle.dz\\\/#website\"},\"primaryImageOfPage\":{\"@id\":\"https:\\\/\\\/lasentinelle.dz\\\/index.php\\\/2023\\\/07\\\/16\\\/disponibilite-de-medicaments-les-assurances-du-ministere-de-lindustrie\\\/#primaryimage\"},\"image\":{\"@id\":\"https:\\\/\\\/lasentinelle.dz\\\/index.php\\\/2023\\\/07\\\/16\\\/disponibilite-de-medicaments-les-assurances-du-ministere-de-lindustrie\\\/#primaryimage\"},\"thumbnailUrl\":\"https:\\\/\\\/lasentinelle.dz\\\/wp-content\\\/uploads\\\/2022\\\/11\\\/medicaments.png\",\"datePublished\":\"2023-07-16T22:27:44+00:00\",\"dateModified\":\"2023-07-16T22:27:46+00:00\",\"breadcrumb\":{\"@id\":\"https:\\\/\\\/lasentinelle.dz\\\/index.php\\\/2023\\\/07\\\/16\\\/disponibilite-de-medicaments-les-assurances-du-ministere-de-lindustrie\\\/#breadcrumb\"},\"inLanguage\":\"fr-FR\",\"potentialAction\":[{\"@type\":\"ReadAction\",\"target\":[\"https:\\\/\\\/lasentinelle.dz\\\/index.php\\\/2023\\\/07\\\/16\\\/disponibilite-de-medicaments-les-assurances-du-ministere-de-lindustrie\\\/\"]}]},{\"@type\":\"ImageObject\",\"inLanguage\":\"fr-FR\",\"@id\":\"https:\\\/\\\/lasentinelle.dz\\\/index.php\\\/2023\\\/07\\\/16\\\/disponibilite-de-medicaments-les-assurances-du-ministere-de-lindustrie\\\/#primaryimage\",\"url\":\"https:\\\/\\\/lasentinelle.dz\\\/wp-content\\\/uploads\\\/2022\\\/11\\\/medicaments.png\",\"contentUrl\":\"https:\\\/\\\/lasentinelle.dz\\\/wp-content\\\/uploads\\\/2022\\\/11\\\/medicaments.png\",\"width\":1491,\"height\":900},{\"@type\":\"BreadcrumbList\",\"@id\":\"https:\\\/\\\/lasentinelle.dz\\\/index.php\\\/2023\\\/07\\\/16\\\/disponibilite-de-medicaments-les-assurances-du-ministere-de-lindustrie\\\/#breadcrumb\",\"itemListElement\":[{\"@type\":\"ListItem\",\"position\":1,\"name\":\"Accueil\",\"item\":\"https:\\\/\\\/lasentinelle.dz\\\/\"},{\"@type\":\"ListItem\",\"position\":2,\"name\":\"Disponibilit\u00e9 de m\u00e9dicaments&nbsp;: Les assurances du minist\u00e8re de l\u2019Industrie\"}]},{\"@type\":\"WebSite\",\"@id\":\"https:\\\/\\\/lasentinelle.dz\\\/#website\",\"url\":\"https:\\\/\\\/lasentinelle.dz\\\/\",\"name\":\"La Sentinelle\",\"description\":\"Quotidien national d&#039;information\",\"publisher\":{\"@id\":\"https:\\\/\\\/lasentinelle.dz\\\/#organization\"},\"potentialAction\":[{\"@type\":\"SearchAction\",\"target\":{\"@type\":\"EntryPoint\",\"urlTemplate\":\"https:\\\/\\\/lasentinelle.dz\\\/?s={search_term_string}\"},\"query-input\":{\"@type\":\"PropertyValueSpecification\",\"valueRequired\":true,\"valueName\":\"search_term_string\"}}],\"inLanguage\":\"fr-FR\"},{\"@type\":\"Organization\",\"@id\":\"https:\\\/\\\/lasentinelle.dz\\\/#organization\",\"name\":\"Quotidien La Sentinelle\",\"url\":\"https:\\\/\\\/lasentinelle.dz\\\/\",\"logo\":{\"@type\":\"ImageObject\",\"inLanguage\":\"fr-FR\",\"@id\":\"https:\\\/\\\/lasentinelle.dz\\\/#\\\/schema\\\/logo\\\/image\\\/\",\"url\":\"https:\\\/\\\/lasentinelle.dz\\\/wp-content\\\/uploads\\\/2021\\\/09\\\/logo-sentinelleSLOGAN-1.png\",\"contentUrl\":\"https:\\\/\\\/lasentinelle.dz\\\/wp-content\\\/uploads\\\/2021\\\/09\\\/logo-sentinelleSLOGAN-1.png\",\"width\":615,\"height\":142,\"caption\":\"Quotidien La Sentinelle\"},\"image\":{\"@id\":\"https:\\\/\\\/lasentinelle.dz\\\/#\\\/schema\\\/logo\\\/image\\\/\"},\"sameAs\":[\"https:\\\/\\\/www.facebook.com\\\/La-Sentinelle-104059864394773\"]},{\"@type\":\"Person\",\"@id\":\"https:\\\/\\\/lasentinelle.dz\\\/#\\\/schema\\\/person\\\/d865044e22e70a75174ce8bcad3acfb3\",\"name\":\"La Sentinelle\",\"image\":{\"@type\":\"ImageObject\",\"inLanguage\":\"fr-FR\",\"@id\":\"https:\\\/\\\/secure.gravatar.com\\\/avatar\\\/57de8e5d4b15d43fb361a71fbb36338450fe67865b528a43dd10ef7c51a20392?s=96&d=mm&r=g\",\"url\":\"https:\\\/\\\/secure.gravatar.com\\\/avatar\\\/57de8e5d4b15d43fb361a71fbb36338450fe67865b528a43dd10ef7c51a20392?s=96&d=mm&r=g\",\"contentUrl\":\"https:\\\/\\\/secure.gravatar.com\\\/avatar\\\/57de8e5d4b15d43fb361a71fbb36338450fe67865b528a43dd10ef7c51a20392?s=96&d=mm&r=g\",\"caption\":\"La Sentinelle\"},\"sameAs\":[\"http:\\\/\\\/www.lasentinelle.dz\"],\"url\":\"https:\\\/\\\/lasentinelle.dz\\\/author\\\/redaction\\\/\"}]}<\/script>\n<!-- \/ Yoast SEO plugin. -->","yoast_head_json":{"title":"Disponibilit\u00e9 de m\u00e9dicaments&nbsp;: Les assurances du minist\u00e8re de l\u2019Industrie - La Sentinelle","robots":{"index":"index","follow":"follow","max-snippet":"max-snippet:-1","max-image-preview":"max-image-preview:large","max-video-preview":"max-video-preview:-1"},"canonical":"https:\/\/lasentinelle.dz\/index.php\/2023\/07\/16\/disponibilite-de-medicaments-les-assurances-du-ministere-de-lindustrie\/","og_locale":"fr_FR","og_type":"article","og_title":"Disponibilit\u00e9 de m\u00e9dicaments&nbsp;: Les assurances du minist\u00e8re de l\u2019Industrie - La Sentinelle","og_description":"Le minist\u00e8re de l\u2019Industrie et de la Production pharmaceutique a une nouvelle fois tenu \u00e0 donner des assurances quant \u00e0","og_url":"https:\/\/lasentinelle.dz\/index.php\/2023\/07\/16\/disponibilite-de-medicaments-les-assurances-du-ministere-de-lindustrie\/","og_site_name":"La Sentinelle","article_publisher":"https:\/\/www.facebook.com\/La-Sentinelle-104059864394773","article_published_time":"2023-07-16T22:27:44+00:00","article_modified_time":"2023-07-16T22:27:46+00:00","og_image":[{"width":1491,"height":900,"url":"https:\/\/lasentinelle.dz\/wp-content\/uploads\/2022\/11\/medicaments.png","type":"image\/png"}],"author":"La Sentinelle","twitter_card":"summary_large_image","twitter_misc":{"\u00c9crit par":"La Sentinelle","Dur\u00e9e de lecture estim\u00e9e":"2 minutes"},"schema":{"@context":"https:\/\/schema.org","@graph":[{"@type":"Article","@id":"https:\/\/lasentinelle.dz\/index.php\/2023\/07\/16\/disponibilite-de-medicaments-les-assurances-du-ministere-de-lindustrie\/#article","isPartOf":{"@id":"https:\/\/lasentinelle.dz\/index.php\/2023\/07\/16\/disponibilite-de-medicaments-les-assurances-du-ministere-de-lindustrie\/"},"author":{"name":"La Sentinelle","@id":"https:\/\/lasentinelle.dz\/#\/schema\/person\/d865044e22e70a75174ce8bcad3acfb3"},"headline":"Disponibilit\u00e9 de m\u00e9dicaments&nbsp;: Les assurances du minist\u00e8re de l\u2019Industrie","datePublished":"2023-07-16T22:27:44+00:00","dateModified":"2023-07-16T22:27:46+00:00","mainEntityOfPage":{"@id":"https:\/\/lasentinelle.dz\/index.php\/2023\/07\/16\/disponibilite-de-medicaments-les-assurances-du-ministere-de-lindustrie\/"},"wordCount":450,"commentCount":0,"publisher":{"@id":"https:\/\/lasentinelle.dz\/#organization"},"image":{"@id":"https:\/\/lasentinelle.dz\/index.php\/2023\/07\/16\/disponibilite-de-medicaments-les-assurances-du-ministere-de-lindustrie\/#primaryimage"},"thumbnailUrl":"https:\/\/lasentinelle.dz\/wp-content\/uploads\/2022\/11\/medicaments.png","articleSection":["\u00c0 la Une","Actualit\u00e9"],"inLanguage":"fr-FR","potentialAction":[{"@type":"CommentAction","name":"Comment","target":["https:\/\/lasentinelle.dz\/index.php\/2023\/07\/16\/disponibilite-de-medicaments-les-assurances-du-ministere-de-lindustrie\/#respond"]}]},{"@type":"WebPage","@id":"https:\/\/lasentinelle.dz\/index.php\/2023\/07\/16\/disponibilite-de-medicaments-les-assurances-du-ministere-de-lindustrie\/","url":"https:\/\/lasentinelle.dz\/index.php\/2023\/07\/16\/disponibilite-de-medicaments-les-assurances-du-ministere-de-lindustrie\/","name":"Disponibilit\u00e9 de m\u00e9dicaments&nbsp;: Les assurances du minist\u00e8re de l\u2019Industrie - La Sentinelle","isPartOf":{"@id":"https:\/\/lasentinelle.dz\/#website"},"primaryImageOfPage":{"@id":"https:\/\/lasentinelle.dz\/index.php\/2023\/07\/16\/disponibilite-de-medicaments-les-assurances-du-ministere-de-lindustrie\/#primaryimage"},"image":{"@id":"https:\/\/lasentinelle.dz\/index.php\/2023\/07\/16\/disponibilite-de-medicaments-les-assurances-du-ministere-de-lindustrie\/#primaryimage"},"thumbnailUrl":"https:\/\/lasentinelle.dz\/wp-content\/uploads\/2022\/11\/medicaments.png","datePublished":"2023-07-16T22:27:44+00:00","dateModified":"2023-07-16T22:27:46+00:00","breadcrumb":{"@id":"https:\/\/lasentinelle.dz\/index.php\/2023\/07\/16\/disponibilite-de-medicaments-les-assurances-du-ministere-de-lindustrie\/#breadcrumb"},"inLanguage":"fr-FR","potentialAction":[{"@type":"ReadAction","target":["https:\/\/lasentinelle.dz\/index.php\/2023\/07\/16\/disponibilite-de-medicaments-les-assurances-du-ministere-de-lindustrie\/"]}]},{"@type":"ImageObject","inLanguage":"fr-FR","@id":"https:\/\/lasentinelle.dz\/index.php\/2023\/07\/16\/disponibilite-de-medicaments-les-assurances-du-ministere-de-lindustrie\/#primaryimage","url":"https:\/\/lasentinelle.dz\/wp-content\/uploads\/2022\/11\/medicaments.png","contentUrl":"https:\/\/lasentinelle.dz\/wp-content\/uploads\/2022\/11\/medicaments.png","width":1491,"height":900},{"@type":"BreadcrumbList","@id":"https:\/\/lasentinelle.dz\/index.php\/2023\/07\/16\/disponibilite-de-medicaments-les-assurances-du-ministere-de-lindustrie\/#breadcrumb","itemListElement":[{"@type":"ListItem","position":1,"name":"Accueil","item":"https:\/\/lasentinelle.dz\/"},{"@type":"ListItem","position":2,"name":"Disponibilit\u00e9 de m\u00e9dicaments&nbsp;: Les assurances du minist\u00e8re de l\u2019Industrie"}]},{"@type":"WebSite","@id":"https:\/\/lasentinelle.dz\/#website","url":"https:\/\/lasentinelle.dz\/","name":"La Sentinelle","description":"Quotidien national d&#039;information","publisher":{"@id":"https:\/\/lasentinelle.dz\/#organization"},"potentialAction":[{"@type":"SearchAction","target":{"@type":"EntryPoint","urlTemplate":"https:\/\/lasentinelle.dz\/?s={search_term_string}"},"query-input":{"@type":"PropertyValueSpecification","valueRequired":true,"valueName":"search_term_string"}}],"inLanguage":"fr-FR"},{"@type":"Organization","@id":"https:\/\/lasentinelle.dz\/#organization","name":"Quotidien La Sentinelle","url":"https:\/\/lasentinelle.dz\/","logo":{"@type":"ImageObject","inLanguage":"fr-FR","@id":"https:\/\/lasentinelle.dz\/#\/schema\/logo\/image\/","url":"https:\/\/lasentinelle.dz\/wp-content\/uploads\/2021\/09\/logo-sentinelleSLOGAN-1.png","contentUrl":"https:\/\/lasentinelle.dz\/wp-content\/uploads\/2021\/09\/logo-sentinelleSLOGAN-1.png","width":615,"height":142,"caption":"Quotidien La Sentinelle"},"image":{"@id":"https:\/\/lasentinelle.dz\/#\/schema\/logo\/image\/"},"sameAs":["https:\/\/www.facebook.com\/La-Sentinelle-104059864394773"]},{"@type":"Person","@id":"https:\/\/lasentinelle.dz\/#\/schema\/person\/d865044e22e70a75174ce8bcad3acfb3","name":"La Sentinelle","image":{"@type":"ImageObject","inLanguage":"fr-FR","@id":"https:\/\/secure.gravatar.com\/avatar\/57de8e5d4b15d43fb361a71fbb36338450fe67865b528a43dd10ef7c51a20392?s=96&d=mm&r=g","url":"https:\/\/secure.gravatar.com\/avatar\/57de8e5d4b15d43fb361a71fbb36338450fe67865b528a43dd10ef7c51a20392?s=96&d=mm&r=g","contentUrl":"https:\/\/secure.gravatar.com\/avatar\/57de8e5d4b15d43fb361a71fbb36338450fe67865b528a43dd10ef7c51a20392?s=96&d=mm&r=g","caption":"La Sentinelle"},"sameAs":["http:\/\/www.lasentinelle.dz"],"url":"https:\/\/lasentinelle.dz\/author\/redaction\/"}]}},"_links":{"self":[{"href":"https:\/\/lasentinelle.dz\/index.php\/wp-json\/wp\/v2\/posts\/43702","targetHints":{"allow":["GET"]}}],"collection":[{"href":"https:\/\/lasentinelle.dz\/index.php\/wp-json\/wp\/v2\/posts"}],"about":[{"href":"https:\/\/lasentinelle.dz\/index.php\/wp-json\/wp\/v2\/types\/post"}],"author":[{"embeddable":true,"href":"https:\/\/lasentinelle.dz\/index.php\/wp-json\/wp\/v2\/users\/3"}],"replies":[{"embeddable":true,"href":"https:\/\/lasentinelle.dz\/index.php\/wp-json\/wp\/v2\/comments?post=43702"}],"version-history":[{"count":1,"href":"https:\/\/lasentinelle.dz\/index.php\/wp-json\/wp\/v2\/posts\/43702\/revisions"}],"predecessor-version":[{"id":43703,"href":"https:\/\/lasentinelle.dz\/index.php\/wp-json\/wp\/v2\/posts\/43702\/revisions\/43703"}],"wp:featuredmedia":[{"embeddable":true,"href":"https:\/\/lasentinelle.dz\/index.php\/wp-json\/wp\/v2\/media\/30683"}],"wp:attachment":[{"href":"https:\/\/lasentinelle.dz\/index.php\/wp-json\/wp\/v2\/media?parent=43702"}],"wp:term":[{"taxonomy":"category","embeddable":true,"href":"https:\/\/lasentinelle.dz\/index.php\/wp-json\/wp\/v2\/categories?post=43702"},{"taxonomy":"post_tag","embeddable":true,"href":"https:\/\/lasentinelle.dz\/index.php\/wp-json\/wp\/v2\/tags?post=43702"}],"curies":[{"name":"wp","href":"https:\/\/api.w.org\/{rel}","templated":true}]}}