{"id":43704,"date":"2023-07-16T23:30:17","date_gmt":"2023-07-16T22:30:17","guid":{"rendered":"https:\/\/lasentinelle.dz\/?p=43704"},"modified":"2023-07-16T23:30:19","modified_gmt":"2023-07-16T22:30:19","slug":"securite-sociale-bentaleb-plaide-pour-le-developpement-des-mutuelles","status":"publish","type":"post","link":"https:\/\/lasentinelle.dz\/index.php\/2023\/07\/16\/securite-sociale-bentaleb-plaide-pour-le-developpement-des-mutuelles\/","title":{"rendered":"S\u00e9curit\u00e9 sociale&nbsp;: Bentaleb plaide pour le d\u00e9veloppement des mutuelles"},"content":{"rendered":"\n<p>Pour renforcer le syst\u00e8me de s\u00e9curit\u00e9 sociale, le ministre du Travail, de l\u2019Emploi et de la S\u00e9curit\u00e9 sociale mise sur le d\u00e9veloppement des mutuelles.<\/p>\n\n\n\n<p>C\u2019est au cours d\u2019une visite de travail dans la wilaya de Mostaganem que Fay\u00e7al Bentaleb a soulign\u00e9 la n\u00e9cessit\u00e9 de renforcer les outils de la s\u00e9curit\u00e9 sociale compl\u00e9mentaire et \u00e9largir la base d\u2019adh\u00e9rents aux mutuelles. Le ministre qui a inaugur\u00e9 hier le centre de repos et de cure de la Mutuelle de l\u2019industrie P\u00e9troli\u00e8re au complexe touristique \u00ab\u00a0Les Sablettes\u00a0\u00bb, dans la commune de Mazaghran, a estim\u00e9 que \u00ab la valeur fondamentale des mutuelles sociales est la couverture compl\u00e9mentaire de l\u2019assurance sociale du citoyen et la prise en charge sociale et sanitaire des travailleurs \u00bb.<\/p>\n\n\n\n<p>\u00ab A travers les avantages facultatifs et compl\u00e9mentaires accord\u00e9s par les mutuelles \u00e0 leurs adh\u00e9rents, elles contribuent au renforcement du syst\u00e8me national de couverture sociale, ainsi qu&rsquo;\u00e0 la r\u00e9alisation d&rsquo;un certain nombre d&rsquo;\u00e9quipements entrant dans l\u2019activit\u00e9 sociale et r\u00e9cr\u00e9ative qui profitent aux personnes concern\u00e9es \u00bb, a-t-il ajout\u00e9.<\/p>\n\n\n\n<p>Apr\u00e8s avoir salu\u00e9 la mutuelle des Industries P\u00e9troli\u00e8res, qui compte 250.000 adh\u00e9rents, le ministre a affirm\u00e9 que les 29 mutuelles en Alg\u00e9rie, regroupant 1,5 million d&rsquo;adh\u00e9rents dans divers secteurs, \u00ab\u00a0doivent suivre cette tendance, visant \u00e0 \u00e9largir la base des adh\u00e9rents et des cotisants \u00e0 la compl\u00e9mentarit\u00e9 de la s\u00e9curit\u00e9 sociale\u00a0\u00bb.<\/p>\n\n\n\n<p>Le ministre a \u00e9galement eu l\u2019occasion de rappeler les efforts consentis par l\u2019\u00c9tat en mati\u00e8re d\u2019int\u00e9gration des b\u00e9n\u00e9ficiaires des dispositifs d\u2019insertion professionnelle des dipl\u00f4m\u00e9s. &nbsp;Au Th\u00e9\u00e2tre r\u00e9gional Djilali Benabdelhalim, le ministre a visit\u00e9 une exposition d\u2019instances relevant de son d\u00e9partement minist\u00e9riel et a pr\u00e9sid\u00e9 la c\u00e9r\u00e9monie de remise des dipl\u00f4mes aux b\u00e9n\u00e9ficiaires de l\u2019op\u00e9ration d\u2019insertion des dipl\u00f4m\u00e9s de la wilaya de Mostaganem, qui compte 5.800 b\u00e9n\u00e9ficiaires.<\/p>\n\n\n\n<p>Apr\u00e8s avoir mis l\u2019accent sur les efforts fournis par l\u2019Etat pour l\u2019insertion de plus de 500.000 b\u00e9n\u00e9ficiaires, Bentaleb a appel\u00e9 \u00e0 la r\u00e9gularisation des dossiers en suspens, notamment au niveau des secteurs de l\u2019Int\u00e9rieur et de l\u2019Education nationale. Au d\u00e9but de sa visite dans la wilaya de Mostaganem, le ministre a supervis\u00e9 l&rsquo;inauguration de l&rsquo;universit\u00e9 d&rsquo;\u00e9t\u00e9 du secteur de la sant\u00e9, qui se tient \u00e0 l&rsquo;Institut sup\u00e9rieur de formation param\u00e9dicale, pendant trois jours, avec la participation de 50 cadres des wilayas de Mostaganem, Relizane, Chlef, A\u00efn Defla, Mascara, Sidi Bel Abbes, A\u00efn Temouchent et Tiaret. Cette rencontre vise \u00e0 pr\u00e9senter des recommandations sur le Contrat de travail et de performance&nbsp;&nbsp; comme outil de mise en \u0153uvre du plan d&rsquo;action pour la prise en charge des patients et du nouveau dispositif budg\u00e9taire issu de la loi organique 15-18.<\/p>\n\n\n\n<p><strong>Chokri Hafed<\/strong><\/p>\n","protected":false},"excerpt":{"rendered":"<p>Pour renforcer le syst\u00e8me de s\u00e9curit\u00e9 sociale, le ministre du Travail, de l\u2019Emploi et de la S\u00e9curit\u00e9 sociale mise sur<\/p>\n","protected":false},"author":3,"featured_media":43705,"comment_status":"open","ping_status":"closed","sticky":false,"template":"","format":"standard","meta":{"colormag_page_container_layout":"default_layout","colormag_page_sidebar_layout":"default_layout","om_disable_all_campaigns":false,"_monsterinsights_skip_tracking":false,"_monsterinsights_sitenote_active":false,"_monsterinsights_sitenote_note":"","_monsterinsights_sitenote_category":0,"footnotes":"","_wpscppro_dont_share_socialmedia":false,"_wpscppro_custom_social_share_image":0,"_facebook_share_type":"","_twitter_share_type":"","_linkedin_share_type":"","_pinterest_share_type":"","_linkedin_share_type_page":"","_instagram_share_type":"","_medium_share_type":"","_threads_share_type":"","_google_business_share_type":"","_selected_social_profile":[],"_wpsp_enable_custom_social_template":false,"_wpsp_social_scheduling":{"enabled":false,"datetime":null,"platforms":[],"status":"template_only","dateOption":"today","timeOption":"now","customDays":"","customHours":"","customDate":"","customTime":"","schedulingType":"absolute"},"_wpsp_active_default_template":true},"categories":[27],"tags":[],"class_list":["post-43704","post","type-post","status-publish","format-standard","has-post-thumbnail","hentry","category-actualite"],"aioseo_notices":[],"yoast_head":"<!-- This site is optimized with the Yoast SEO plugin v27.5 - https:\/\/yoast.com\/product\/yoast-seo-wordpress\/ -->\n<title>S\u00e9curit\u00e9 sociale&nbsp;: Bentaleb plaide pour le d\u00e9veloppement des mutuelles - La Sentinelle<\/title>\n<meta name=\"robots\" content=\"index, follow, max-snippet:-1, max-image-preview:large, max-video-preview:-1\" \/>\n<link rel=\"canonical\" href=\"https:\/\/lasentinelle.dz\/index.php\/2023\/07\/16\/securite-sociale-bentaleb-plaide-pour-le-developpement-des-mutuelles\/\" \/>\n<meta property=\"og:locale\" content=\"fr_FR\" \/>\n<meta property=\"og:type\" content=\"article\" \/>\n<meta property=\"og:title\" content=\"S\u00e9curit\u00e9 sociale&nbsp;: Bentaleb plaide pour le d\u00e9veloppement des mutuelles - La Sentinelle\" \/>\n<meta property=\"og:description\" content=\"Pour renforcer le syst\u00e8me de s\u00e9curit\u00e9 sociale, le ministre du Travail, de l\u2019Emploi et de la S\u00e9curit\u00e9 sociale mise sur\" \/>\n<meta property=\"og:url\" content=\"https:\/\/lasentinelle.dz\/index.php\/2023\/07\/16\/securite-sociale-bentaleb-plaide-pour-le-developpement-des-mutuelles\/\" \/>\n<meta property=\"og:site_name\" content=\"La Sentinelle\" \/>\n<meta property=\"article:publisher\" content=\"https:\/\/www.facebook.com\/La-Sentinelle-104059864394773\" \/>\n<meta property=\"article:published_time\" content=\"2023-07-16T22:30:17+00:00\" \/>\n<meta property=\"article:modified_time\" content=\"2023-07-16T22:30:19+00:00\" \/>\n<meta property=\"og:image\" content=\"https:\/\/lasentinelle.dz\/wp-content\/uploads\/2023\/07\/Bentale-.jpeg\" \/>\n\t<meta property=\"og:image:width\" content=\"800\" \/>\n\t<meta property=\"og:image:height\" content=\"533\" \/>\n\t<meta property=\"og:image:type\" content=\"image\/jpeg\" \/>\n<meta name=\"author\" content=\"La Sentinelle\" \/>\n<meta name=\"twitter:card\" content=\"summary_large_image\" \/>\n<meta name=\"twitter:label1\" content=\"\u00c9crit par\" \/>\n\t<meta name=\"twitter:data1\" content=\"La Sentinelle\" \/>\n\t<meta name=\"twitter:label2\" content=\"Dur\u00e9e de lecture estim\u00e9e\" \/>\n\t<meta name=\"twitter:data2\" content=\"3 minutes\" \/>\n<script type=\"application\/ld+json\" class=\"yoast-schema-graph\">{\"@context\":\"https:\\\/\\\/schema.org\",\"@graph\":[{\"@type\":\"Article\",\"@id\":\"https:\\\/\\\/lasentinelle.dz\\\/index.php\\\/2023\\\/07\\\/16\\\/securite-sociale-bentaleb-plaide-pour-le-developpement-des-mutuelles\\\/#article\",\"isPartOf\":{\"@id\":\"https:\\\/\\\/lasentinelle.dz\\\/index.php\\\/2023\\\/07\\\/16\\\/securite-sociale-bentaleb-plaide-pour-le-developpement-des-mutuelles\\\/\"},\"author\":{\"name\":\"La Sentinelle\",\"@id\":\"https:\\\/\\\/lasentinelle.dz\\\/#\\\/schema\\\/person\\\/d865044e22e70a75174ce8bcad3acfb3\"},\"headline\":\"S\u00e9curit\u00e9 sociale&nbsp;: Bentaleb plaide pour le d\u00e9veloppement des mutuelles\",\"datePublished\":\"2023-07-16T22:30:17+00:00\",\"dateModified\":\"2023-07-16T22:30:19+00:00\",\"mainEntityOfPage\":{\"@id\":\"https:\\\/\\\/lasentinelle.dz\\\/index.php\\\/2023\\\/07\\\/16\\\/securite-sociale-bentaleb-plaide-pour-le-developpement-des-mutuelles\\\/\"},\"wordCount\":508,\"commentCount\":0,\"publisher\":{\"@id\":\"https:\\\/\\\/lasentinelle.dz\\\/#organization\"},\"image\":{\"@id\":\"https:\\\/\\\/lasentinelle.dz\\\/index.php\\\/2023\\\/07\\\/16\\\/securite-sociale-bentaleb-plaide-pour-le-developpement-des-mutuelles\\\/#primaryimage\"},\"thumbnailUrl\":\"https:\\\/\\\/lasentinelle.dz\\\/wp-content\\\/uploads\\\/2023\\\/07\\\/Bentale-.jpeg\",\"articleSection\":[\"Actualit\u00e9\"],\"inLanguage\":\"fr-FR\",\"potentialAction\":[{\"@type\":\"CommentAction\",\"name\":\"Comment\",\"target\":[\"https:\\\/\\\/lasentinelle.dz\\\/index.php\\\/2023\\\/07\\\/16\\\/securite-sociale-bentaleb-plaide-pour-le-developpement-des-mutuelles\\\/#respond\"]}]},{\"@type\":\"WebPage\",\"@id\":\"https:\\\/\\\/lasentinelle.dz\\\/index.php\\\/2023\\\/07\\\/16\\\/securite-sociale-bentaleb-plaide-pour-le-developpement-des-mutuelles\\\/\",\"url\":\"https:\\\/\\\/lasentinelle.dz\\\/index.php\\\/2023\\\/07\\\/16\\\/securite-sociale-bentaleb-plaide-pour-le-developpement-des-mutuelles\\\/\",\"name\":\"S\u00e9curit\u00e9 sociale&nbsp;: Bentaleb plaide pour le d\u00e9veloppement des mutuelles - La Sentinelle\",\"isPartOf\":{\"@id\":\"https:\\\/\\\/lasentinelle.dz\\\/#website\"},\"primaryImageOfPage\":{\"@id\":\"https:\\\/\\\/lasentinelle.dz\\\/index.php\\\/2023\\\/07\\\/16\\\/securite-sociale-bentaleb-plaide-pour-le-developpement-des-mutuelles\\\/#primaryimage\"},\"image\":{\"@id\":\"https:\\\/\\\/lasentinelle.dz\\\/index.php\\\/2023\\\/07\\\/16\\\/securite-sociale-bentaleb-plaide-pour-le-developpement-des-mutuelles\\\/#primaryimage\"},\"thumbnailUrl\":\"https:\\\/\\\/lasentinelle.dz\\\/wp-content\\\/uploads\\\/2023\\\/07\\\/Bentale-.jpeg\",\"datePublished\":\"2023-07-16T22:30:17+00:00\",\"dateModified\":\"2023-07-16T22:30:19+00:00\",\"breadcrumb\":{\"@id\":\"https:\\\/\\\/lasentinelle.dz\\\/index.php\\\/2023\\\/07\\\/16\\\/securite-sociale-bentaleb-plaide-pour-le-developpement-des-mutuelles\\\/#breadcrumb\"},\"inLanguage\":\"fr-FR\",\"potentialAction\":[{\"@type\":\"ReadAction\",\"target\":[\"https:\\\/\\\/lasentinelle.dz\\\/index.php\\\/2023\\\/07\\\/16\\\/securite-sociale-bentaleb-plaide-pour-le-developpement-des-mutuelles\\\/\"]}]},{\"@type\":\"ImageObject\",\"inLanguage\":\"fr-FR\",\"@id\":\"https:\\\/\\\/lasentinelle.dz\\\/index.php\\\/2023\\\/07\\\/16\\\/securite-sociale-bentaleb-plaide-pour-le-developpement-des-mutuelles\\\/#primaryimage\",\"url\":\"https:\\\/\\\/lasentinelle.dz\\\/wp-content\\\/uploads\\\/2023\\\/07\\\/Bentale-.jpeg\",\"contentUrl\":\"https:\\\/\\\/lasentinelle.dz\\\/wp-content\\\/uploads\\\/2023\\\/07\\\/Bentale-.jpeg\",\"width\":800,\"height\":533},{\"@type\":\"BreadcrumbList\",\"@id\":\"https:\\\/\\\/lasentinelle.dz\\\/index.php\\\/2023\\\/07\\\/16\\\/securite-sociale-bentaleb-plaide-pour-le-developpement-des-mutuelles\\\/#breadcrumb\",\"itemListElement\":[{\"@type\":\"ListItem\",\"position\":1,\"name\":\"Accueil\",\"item\":\"https:\\\/\\\/lasentinelle.dz\\\/\"},{\"@type\":\"ListItem\",\"position\":2,\"name\":\"S\u00e9curit\u00e9 sociale&nbsp;: Bentaleb plaide pour le d\u00e9veloppement des mutuelles\"}]},{\"@type\":\"WebSite\",\"@id\":\"https:\\\/\\\/lasentinelle.dz\\\/#website\",\"url\":\"https:\\\/\\\/lasentinelle.dz\\\/\",\"name\":\"La Sentinelle\",\"description\":\"Quotidien national d&#039;information\",\"publisher\":{\"@id\":\"https:\\\/\\\/lasentinelle.dz\\\/#organization\"},\"potentialAction\":[{\"@type\":\"SearchAction\",\"target\":{\"@type\":\"EntryPoint\",\"urlTemplate\":\"https:\\\/\\\/lasentinelle.dz\\\/?s={search_term_string}\"},\"query-input\":{\"@type\":\"PropertyValueSpecification\",\"valueRequired\":true,\"valueName\":\"search_term_string\"}}],\"inLanguage\":\"fr-FR\"},{\"@type\":\"Organization\",\"@id\":\"https:\\\/\\\/lasentinelle.dz\\\/#organization\",\"name\":\"Quotidien La Sentinelle\",\"url\":\"https:\\\/\\\/lasentinelle.dz\\\/\",\"logo\":{\"@type\":\"ImageObject\",\"inLanguage\":\"fr-FR\",\"@id\":\"https:\\\/\\\/lasentinelle.dz\\\/#\\\/schema\\\/logo\\\/image\\\/\",\"url\":\"https:\\\/\\\/lasentinelle.dz\\\/wp-content\\\/uploads\\\/2021\\\/09\\\/logo-sentinelleSLOGAN-1.png\",\"contentUrl\":\"https:\\\/\\\/lasentinelle.dz\\\/wp-content\\\/uploads\\\/2021\\\/09\\\/logo-sentinelleSLOGAN-1.png\",\"width\":615,\"height\":142,\"caption\":\"Quotidien La Sentinelle\"},\"image\":{\"@id\":\"https:\\\/\\\/lasentinelle.dz\\\/#\\\/schema\\\/logo\\\/image\\\/\"},\"sameAs\":[\"https:\\\/\\\/www.facebook.com\\\/La-Sentinelle-104059864394773\"]},{\"@type\":\"Person\",\"@id\":\"https:\\\/\\\/lasentinelle.dz\\\/#\\\/schema\\\/person\\\/d865044e22e70a75174ce8bcad3acfb3\",\"name\":\"La Sentinelle\",\"image\":{\"@type\":\"ImageObject\",\"inLanguage\":\"fr-FR\",\"@id\":\"https:\\\/\\\/secure.gravatar.com\\\/avatar\\\/57de8e5d4b15d43fb361a71fbb36338450fe67865b528a43dd10ef7c51a20392?s=96&d=mm&r=g\",\"url\":\"https:\\\/\\\/secure.gravatar.com\\\/avatar\\\/57de8e5d4b15d43fb361a71fbb36338450fe67865b528a43dd10ef7c51a20392?s=96&d=mm&r=g\",\"contentUrl\":\"https:\\\/\\\/secure.gravatar.com\\\/avatar\\\/57de8e5d4b15d43fb361a71fbb36338450fe67865b528a43dd10ef7c51a20392?s=96&d=mm&r=g\",\"caption\":\"La Sentinelle\"},\"sameAs\":[\"http:\\\/\\\/www.lasentinelle.dz\"],\"url\":\"https:\\\/\\\/lasentinelle.dz\\\/author\\\/redaction\\\/\"}]}<\/script>\n<!-- \/ Yoast SEO plugin. -->","yoast_head_json":{"title":"S\u00e9curit\u00e9 sociale&nbsp;: Bentaleb plaide pour le d\u00e9veloppement des mutuelles - La Sentinelle","robots":{"index":"index","follow":"follow","max-snippet":"max-snippet:-1","max-image-preview":"max-image-preview:large","max-video-preview":"max-video-preview:-1"},"canonical":"https:\/\/lasentinelle.dz\/index.php\/2023\/07\/16\/securite-sociale-bentaleb-plaide-pour-le-developpement-des-mutuelles\/","og_locale":"fr_FR","og_type":"article","og_title":"S\u00e9curit\u00e9 sociale&nbsp;: Bentaleb plaide pour le d\u00e9veloppement des mutuelles - La Sentinelle","og_description":"Pour renforcer le syst\u00e8me de s\u00e9curit\u00e9 sociale, le ministre du Travail, de l\u2019Emploi et de la S\u00e9curit\u00e9 sociale mise sur","og_url":"https:\/\/lasentinelle.dz\/index.php\/2023\/07\/16\/securite-sociale-bentaleb-plaide-pour-le-developpement-des-mutuelles\/","og_site_name":"La Sentinelle","article_publisher":"https:\/\/www.facebook.com\/La-Sentinelle-104059864394773","article_published_time":"2023-07-16T22:30:17+00:00","article_modified_time":"2023-07-16T22:30:19+00:00","og_image":[{"width":800,"height":533,"url":"https:\/\/lasentinelle.dz\/wp-content\/uploads\/2023\/07\/Bentale-.jpeg","type":"image\/jpeg"}],"author":"La Sentinelle","twitter_card":"summary_large_image","twitter_misc":{"\u00c9crit par":"La Sentinelle","Dur\u00e9e de lecture estim\u00e9e":"3 minutes"},"schema":{"@context":"https:\/\/schema.org","@graph":[{"@type":"Article","@id":"https:\/\/lasentinelle.dz\/index.php\/2023\/07\/16\/securite-sociale-bentaleb-plaide-pour-le-developpement-des-mutuelles\/#article","isPartOf":{"@id":"https:\/\/lasentinelle.dz\/index.php\/2023\/07\/16\/securite-sociale-bentaleb-plaide-pour-le-developpement-des-mutuelles\/"},"author":{"name":"La Sentinelle","@id":"https:\/\/lasentinelle.dz\/#\/schema\/person\/d865044e22e70a75174ce8bcad3acfb3"},"headline":"S\u00e9curit\u00e9 sociale&nbsp;: Bentaleb plaide pour le d\u00e9veloppement des mutuelles","datePublished":"2023-07-16T22:30:17+00:00","dateModified":"2023-07-16T22:30:19+00:00","mainEntityOfPage":{"@id":"https:\/\/lasentinelle.dz\/index.php\/2023\/07\/16\/securite-sociale-bentaleb-plaide-pour-le-developpement-des-mutuelles\/"},"wordCount":508,"commentCount":0,"publisher":{"@id":"https:\/\/lasentinelle.dz\/#organization"},"image":{"@id":"https:\/\/lasentinelle.dz\/index.php\/2023\/07\/16\/securite-sociale-bentaleb-plaide-pour-le-developpement-des-mutuelles\/#primaryimage"},"thumbnailUrl":"https:\/\/lasentinelle.dz\/wp-content\/uploads\/2023\/07\/Bentale-.jpeg","articleSection":["Actualit\u00e9"],"inLanguage":"fr-FR","potentialAction":[{"@type":"CommentAction","name":"Comment","target":["https:\/\/lasentinelle.dz\/index.php\/2023\/07\/16\/securite-sociale-bentaleb-plaide-pour-le-developpement-des-mutuelles\/#respond"]}]},{"@type":"WebPage","@id":"https:\/\/lasentinelle.dz\/index.php\/2023\/07\/16\/securite-sociale-bentaleb-plaide-pour-le-developpement-des-mutuelles\/","url":"https:\/\/lasentinelle.dz\/index.php\/2023\/07\/16\/securite-sociale-bentaleb-plaide-pour-le-developpement-des-mutuelles\/","name":"S\u00e9curit\u00e9 sociale&nbsp;: Bentaleb plaide pour le d\u00e9veloppement des mutuelles - La Sentinelle","isPartOf":{"@id":"https:\/\/lasentinelle.dz\/#website"},"primaryImageOfPage":{"@id":"https:\/\/lasentinelle.dz\/index.php\/2023\/07\/16\/securite-sociale-bentaleb-plaide-pour-le-developpement-des-mutuelles\/#primaryimage"},"image":{"@id":"https:\/\/lasentinelle.dz\/index.php\/2023\/07\/16\/securite-sociale-bentaleb-plaide-pour-le-developpement-des-mutuelles\/#primaryimage"},"thumbnailUrl":"https:\/\/lasentinelle.dz\/wp-content\/uploads\/2023\/07\/Bentale-.jpeg","datePublished":"2023-07-16T22:30:17+00:00","dateModified":"2023-07-16T22:30:19+00:00","breadcrumb":{"@id":"https:\/\/lasentinelle.dz\/index.php\/2023\/07\/16\/securite-sociale-bentaleb-plaide-pour-le-developpement-des-mutuelles\/#breadcrumb"},"inLanguage":"fr-FR","potentialAction":[{"@type":"ReadAction","target":["https:\/\/lasentinelle.dz\/index.php\/2023\/07\/16\/securite-sociale-bentaleb-plaide-pour-le-developpement-des-mutuelles\/"]}]},{"@type":"ImageObject","inLanguage":"fr-FR","@id":"https:\/\/lasentinelle.dz\/index.php\/2023\/07\/16\/securite-sociale-bentaleb-plaide-pour-le-developpement-des-mutuelles\/#primaryimage","url":"https:\/\/lasentinelle.dz\/wp-content\/uploads\/2023\/07\/Bentale-.jpeg","contentUrl":"https:\/\/lasentinelle.dz\/wp-content\/uploads\/2023\/07\/Bentale-.jpeg","width":800,"height":533},{"@type":"BreadcrumbList","@id":"https:\/\/lasentinelle.dz\/index.php\/2023\/07\/16\/securite-sociale-bentaleb-plaide-pour-le-developpement-des-mutuelles\/#breadcrumb","itemListElement":[{"@type":"ListItem","position":1,"name":"Accueil","item":"https:\/\/lasentinelle.dz\/"},{"@type":"ListItem","position":2,"name":"S\u00e9curit\u00e9 sociale&nbsp;: Bentaleb plaide pour le d\u00e9veloppement des mutuelles"}]},{"@type":"WebSite","@id":"https:\/\/lasentinelle.dz\/#website","url":"https:\/\/lasentinelle.dz\/","name":"La Sentinelle","description":"Quotidien national d&#039;information","publisher":{"@id":"https:\/\/lasentinelle.dz\/#organization"},"potentialAction":[{"@type":"SearchAction","target":{"@type":"EntryPoint","urlTemplate":"https:\/\/lasentinelle.dz\/?s={search_term_string}"},"query-input":{"@type":"PropertyValueSpecification","valueRequired":true,"valueName":"search_term_string"}}],"inLanguage":"fr-FR"},{"@type":"Organization","@id":"https:\/\/lasentinelle.dz\/#organization","name":"Quotidien La Sentinelle","url":"https:\/\/lasentinelle.dz\/","logo":{"@type":"ImageObject","inLanguage":"fr-FR","@id":"https:\/\/lasentinelle.dz\/#\/schema\/logo\/image\/","url":"https:\/\/lasentinelle.dz\/wp-content\/uploads\/2021\/09\/logo-sentinelleSLOGAN-1.png","contentUrl":"https:\/\/lasentinelle.dz\/wp-content\/uploads\/2021\/09\/logo-sentinelleSLOGAN-1.png","width":615,"height":142,"caption":"Quotidien La Sentinelle"},"image":{"@id":"https:\/\/lasentinelle.dz\/#\/schema\/logo\/image\/"},"sameAs":["https:\/\/www.facebook.com\/La-Sentinelle-104059864394773"]},{"@type":"Person","@id":"https:\/\/lasentinelle.dz\/#\/schema\/person\/d865044e22e70a75174ce8bcad3acfb3","name":"La Sentinelle","image":{"@type":"ImageObject","inLanguage":"fr-FR","@id":"https:\/\/secure.gravatar.com\/avatar\/57de8e5d4b15d43fb361a71fbb36338450fe67865b528a43dd10ef7c51a20392?s=96&d=mm&r=g","url":"https:\/\/secure.gravatar.com\/avatar\/57de8e5d4b15d43fb361a71fbb36338450fe67865b528a43dd10ef7c51a20392?s=96&d=mm&r=g","contentUrl":"https:\/\/secure.gravatar.com\/avatar\/57de8e5d4b15d43fb361a71fbb36338450fe67865b528a43dd10ef7c51a20392?s=96&d=mm&r=g","caption":"La Sentinelle"},"sameAs":["http:\/\/www.lasentinelle.dz"],"url":"https:\/\/lasentinelle.dz\/author\/redaction\/"}]}},"_links":{"self":[{"href":"https:\/\/lasentinelle.dz\/index.php\/wp-json\/wp\/v2\/posts\/43704","targetHints":{"allow":["GET"]}}],"collection":[{"href":"https:\/\/lasentinelle.dz\/index.php\/wp-json\/wp\/v2\/posts"}],"about":[{"href":"https:\/\/lasentinelle.dz\/index.php\/wp-json\/wp\/v2\/types\/post"}],"author":[{"embeddable":true,"href":"https:\/\/lasentinelle.dz\/index.php\/wp-json\/wp\/v2\/users\/3"}],"replies":[{"embeddable":true,"href":"https:\/\/lasentinelle.dz\/index.php\/wp-json\/wp\/v2\/comments?post=43704"}],"version-history":[{"count":1,"href":"https:\/\/lasentinelle.dz\/index.php\/wp-json\/wp\/v2\/posts\/43704\/revisions"}],"predecessor-version":[{"id":43706,"href":"https:\/\/lasentinelle.dz\/index.php\/wp-json\/wp\/v2\/posts\/43704\/revisions\/43706"}],"wp:featuredmedia":[{"embeddable":true,"href":"https:\/\/lasentinelle.dz\/index.php\/wp-json\/wp\/v2\/media\/43705"}],"wp:attachment":[{"href":"https:\/\/lasentinelle.dz\/index.php\/wp-json\/wp\/v2\/media?parent=43704"}],"wp:term":[{"taxonomy":"category","embeddable":true,"href":"https:\/\/lasentinelle.dz\/index.php\/wp-json\/wp\/v2\/categories?post=43704"},{"taxonomy":"post_tag","embeddable":true,"href":"https:\/\/lasentinelle.dz\/index.php\/wp-json\/wp\/v2\/tags?post=43704"}],"curies":[{"name":"wp","href":"https:\/\/api.w.org\/{rel}","templated":true}]}}