{"id":43738,"date":"2023-07-17T22:43:35","date_gmt":"2023-07-17T21:43:35","guid":{"rendered":"https:\/\/lasentinelle.dz\/?p=43738"},"modified":"2023-07-17T22:43:36","modified_gmt":"2023-07-17T21:43:36","slug":"la-russie-suspend-laccord-cerealier-quel-impact-sur-les-marches-cerealiers","status":"publish","type":"post","link":"https:\/\/lasentinelle.dz\/index.php\/2023\/07\/17\/la-russie-suspend-laccord-cerealier-quel-impact-sur-les-marches-cerealiers\/","title":{"rendered":"La Russie suspend l\u2019accord c\u00e9r\u00e9alier&nbsp;: Quel impact sur les march\u00e9s c\u00e9r\u00e9aliers&nbsp;?"},"content":{"rendered":"\n<p>La Russie a annonc\u00e9 hier la suspension de l\u2019accord c\u00e9r\u00e9alier qui permettait jusque-l\u00e0 l\u2019exportation de c\u00e9r\u00e9ales ukrainiennes via la Mer Noire. Une suspension qui fait craindre des cons\u00e9quences sur les march\u00e9s c\u00e9r\u00e9aliers mondiaux.<\/p>\n\n\n\n<p>C\u2019\u00e9tait dans l\u2019air depuis quelques jours. La Russie a fait part, d\u00e8s le mois de juin dernier de son intention de mettre fin \u00e0 l\u2019accord c\u00e9r\u00e9alier sign\u00e9 l\u2019an dernier sous l\u2019\u00e9gide de l\u2019ONU et avec une m\u00e9diation turque. Hier le porte-parole du Kremlin, Dmitri Peskov, a annonc\u00e9 la fin \u00ab\u00a0de facto\u00a0\u00bb de l&rsquo;accord sur l&rsquo;exportation des c\u00e9r\u00e9ales ukrainiennes. La Russie ne renonce pas cependant d\u00e9finitivement \u00e0 l\u2019accord et affiche sa disposition \u00e0 le reconduire, sous condition.<\/p>\n\n\n\n<p>Le porte-parole du Kremlin a ainsi indiqu\u00e9 que \u00ab\u00a0d\u00e8s que la partie (des accords) concernant la Russie sera satisfaite, la Russie reviendra imm\u00e9diatement \u00e0 l&rsquo;accord sur les c\u00e9r\u00e9ales\u00a0\u00bb.<\/p>\n\n\n\n<p>Selon l\u2019agence de presse russe Sputnik, Moscou a notifi\u00e9 officiellement Ankara, Kiev et l&rsquo;Onu de ses objections \u00e0 la reconduction de l&rsquo;accord c\u00e9r\u00e9alier, selon la diplomatie russe.<\/p>\n\n\n\n<p>Parmi les conditions obligatoires pour le maintien de la premi\u00e8re partie de l\u2019accord c\u00e9r\u00e9alier, la Russie avance la reconnexion de la banque agricole russe Rosselkhozbank au r\u00e9seau SWIFT, ainsi que la relance des exportations de machines agricoles.<\/p>\n\n\n\n<p>Moscou demande \u00e9galement l\u2019annulation des restrictions \u00e0 l\u2019assurance ainsi que la lev\u00e9e de l&rsquo;interdiction d&rsquo;acc\u00e8s aux ports. De plus, figure parmi les conditions le d\u00e9gel des activit\u00e9s financi\u00e8res des producteurs et transporteurs russes d\u2019engrais et de produits agricoles.<\/p>\n\n\n\n<p>Enfin, il s\u2019agit de r\u00e9tablissement de l\u2019approvisionnement en ammoniac par le pipeline Togliatti-Odessa, reliant la Russie \u00e0 l\u2019Ukraine. D\u00e9but juin, la Russie a indiqu\u00e9 qu\u2019un tron\u00e7on de ce tuyau avait \u00e9t\u00e9 d\u00e9truit par l\u2019Ukraine.<\/p>\n\n\n\n<p>La mise en \u0153uvre de l\u2019initiative doit compl\u00e8tement prendre fin \u00e0 partir du 18 juillet, selon une note, livr\u00e9e \u00e0 Kiev via l\u2019ambassade russe en Bi\u00e9lorussie.<\/p>\n\n\n\n<p>Il faut dire que le pr\u00e9sident russe Vladimir Poutine a d\u00e9nonc\u00e9 \u00e0 plusieurs reprises la non-application compl\u00e8te de l\u2019accord, notamment les clauses relatives \u00e0 l&rsquo;exportation des produits alimentaires et engrais russes, qui devait accompagner celle des produits ukrainiens. Il a \u00e9galement d\u00e9nonc\u00e9 le fait que cet accord n\u2019a jamais atteint son objectif, soit garantir l\u2019acc\u00e8s des pays les plus pauvres aux produits alimentaires.&nbsp; Il a aussi jug\u00e9 samedi que \u00ab\u00a0le principal objectif de l&rsquo;accord, la livraison de c\u00e9r\u00e9ales aux pays dans le besoin, notamment sur le continent africain\u00a0\u00bb n&rsquo;\u00e9tait \u00ab\u00a0pas r\u00e9alis\u00e9\u00a0\u00bb.&nbsp; Sign\u00e9 en juillet 2022 sur les rives du Bosphore et d\u00e9j\u00e0 reconduit \u00e0 deux reprises, l&rsquo;accord permettant \u00e0 l&rsquo;Ukraine d&rsquo;exporter ses c\u00e9r\u00e9ales par la mer Noire a permis, sur l&rsquo;ann\u00e9e \u00e9coul\u00e9e, de sortir pr\u00e8s de 33 millions de tonnes de c\u00e9r\u00e9ales des ports ukrainiens, en d\u00e9pit du conflit. Cependant, Vladimir Poutine a soulign\u00e9 au mois de mars dernier que seuls 3 millions de tonnes de c\u00e9r\u00e9ales ukrainiennes ont \u00e9t\u00e9 livr\u00e9s \u00e0 l\u2019Afrique, et seulement 1,3 millions de tonnes aux pays les plus pauvres contre 12 millions de tonnes de c\u00e9r\u00e9ales livr\u00e9es par la Russie. Pour sa part, le Centre de coordination de l\u2019Onu charg\u00e9 du suivi de l\u2019op\u00e9ration d\u2019exportation de c\u00e9r\u00e9ales ukrainiennes a avou\u00e9 que ces derni\u00e8res ont surtout profit\u00e9 aux pays d\u00e9velopp\u00e9s et \u00e0 la Turquie. Selon les donn\u00e9es qu\u2019il a publi\u00e9es, seuls 10% du ma\u00efs et 40% du bl\u00e9 exp\u00e9di\u00e9s \u00e0 travers cet accord ont atteint les pays pauvres ou \u00e0 revenu interm\u00e9diaire inf\u00e9rieur. Les \u00e9changes avec les pays riches se sont au contraire accentu\u00e9s c\u00f4t\u00e9 ukrainien, affirme l\u2019organisme bas\u00e9 \u00e0 Istanbul.<\/p>\n\n\n\n<p>En tout \u00e9tat de cause, la suspension de cet accord suscite des craintes quant \u00e0 l\u2019impact sur les prix sur les march\u00e9s mondiaux. Le Secr\u00e9taire g\u00e9n\u00e9ral de l\u2019ONU a regrett\u00e9 hier cette suspension. \u00ab\u00a0La d\u00e9cision prise aujourd&rsquo;hui par la F\u00e9d\u00e9ration de Russie portera un coup aux personnes dans le besoin \u00e0 travers le monde\u00a0\u00bb, a d\u00e9clar\u00e9 Antonio Guterres \u00e0 la presse, au si\u00e8ge de l&rsquo;ONU \u00e0 New York. De son c\u00f4t\u00e9, le pr\u00e9sident turc Recep Tayyip Erdogan s&rsquo;est dit convaincu que \u00ab&nbsp;Poutine veut poursuivre l&rsquo;accord&nbsp;\u00bb permettant l&rsquo;exportation des c\u00e9r\u00e9ales d&rsquo;Ukraine en mer Noire.Pour sa part, Moscou a promis de livrer gratuitement des c\u00e9r\u00e9ales aux pays les plus d\u00e9munis, en cas de non-reconduction de l\u2019accord.<\/p>\n\n\n\n<p><strong>Lyes Sa\u00efdi<\/strong><\/p>\n","protected":false},"excerpt":{"rendered":"<p>La Russie a annonc\u00e9 hier la suspension de l\u2019accord c\u00e9r\u00e9alier qui permettait jusque-l\u00e0 l\u2019exportation de c\u00e9r\u00e9ales ukrainiennes via la Mer<\/p>\n","protected":false},"author":3,"featured_media":43739,"comment_status":"open","ping_status":"closed","sticky":false,"template":"","format":"standard","meta":{"colormag_page_container_layout":"default_layout","colormag_page_sidebar_layout":"default_layout","om_disable_all_campaigns":false,"_monsterinsights_skip_tracking":false,"_monsterinsights_sitenote_active":false,"_monsterinsights_sitenote_note":"","_monsterinsights_sitenote_category":0,"footnotes":"","_wpscppro_dont_share_socialmedia":false,"_wpscppro_custom_social_share_image":0,"_facebook_share_type":"","_twitter_share_type":"","_linkedin_share_type":"","_pinterest_share_type":"","_linkedin_share_type_page":"","_instagram_share_type":"","_medium_share_type":"","_threads_share_type":"","_google_business_share_type":"","_selected_social_profile":[],"_wpsp_enable_custom_social_template":false,"_wpsp_social_scheduling":{"enabled":false,"datetime":null,"platforms":[],"status":"template_only","dateOption":"today","timeOption":"now","customDays":"","customHours":"","customDate":"","customTime":"","schedulingType":"absolute"},"_wpsp_active_default_template":true},"categories":[52,29],"tags":[],"class_list":["post-43738","post","type-post","status-publish","format-standard","has-post-thumbnail","hentry","category-a-la-une","category-economie"],"aioseo_notices":[],"yoast_head":"<!-- This site is optimized with the Yoast SEO plugin v27.5 - https:\/\/yoast.com\/product\/yoast-seo-wordpress\/ -->\n<title>La Russie suspend l\u2019accord c\u00e9r\u00e9alier&nbsp;: Quel impact sur les march\u00e9s c\u00e9r\u00e9aliers&nbsp;? - La Sentinelle<\/title>\n<meta name=\"robots\" content=\"index, follow, max-snippet:-1, max-image-preview:large, max-video-preview:-1\" \/>\n<link rel=\"canonical\" href=\"https:\/\/lasentinelle.dz\/index.php\/2023\/07\/17\/la-russie-suspend-laccord-cerealier-quel-impact-sur-les-marches-cerealiers\/\" \/>\n<meta property=\"og:locale\" content=\"fr_FR\" \/>\n<meta property=\"og:type\" content=\"article\" \/>\n<meta property=\"og:title\" content=\"La Russie suspend l\u2019accord c\u00e9r\u00e9alier&nbsp;: Quel impact sur les march\u00e9s c\u00e9r\u00e9aliers&nbsp;? - La Sentinelle\" \/>\n<meta property=\"og:description\" content=\"La Russie a annonc\u00e9 hier la suspension de l\u2019accord c\u00e9r\u00e9alier qui permettait jusque-l\u00e0 l\u2019exportation de c\u00e9r\u00e9ales ukrainiennes via la Mer\" \/>\n<meta property=\"og:url\" content=\"https:\/\/lasentinelle.dz\/index.php\/2023\/07\/17\/la-russie-suspend-laccord-cerealier-quel-impact-sur-les-marches-cerealiers\/\" \/>\n<meta property=\"og:site_name\" content=\"La Sentinelle\" \/>\n<meta property=\"article:publisher\" content=\"https:\/\/www.facebook.com\/La-Sentinelle-104059864394773\" \/>\n<meta property=\"article:published_time\" content=\"2023-07-17T21:43:35+00:00\" \/>\n<meta property=\"article:modified_time\" content=\"2023-07-17T21:43:36+00:00\" \/>\n<meta property=\"og:image\" content=\"https:\/\/lasentinelle.dz\/wp-content\/uploads\/2023\/07\/accord-cerealier.webp\" \/>\n\t<meta property=\"og:image:width\" content=\"1960\" \/>\n\t<meta property=\"og:image:height\" content=\"1103\" \/>\n\t<meta property=\"og:image:type\" content=\"image\/webp\" \/>\n<meta name=\"author\" content=\"La Sentinelle\" \/>\n<meta name=\"twitter:card\" content=\"summary_large_image\" \/>\n<meta name=\"twitter:label1\" content=\"\u00c9crit par\" \/>\n\t<meta name=\"twitter:data1\" content=\"La Sentinelle\" \/>\n\t<meta name=\"twitter:label2\" content=\"Dur\u00e9e de lecture estim\u00e9e\" \/>\n\t<meta name=\"twitter:data2\" content=\"4 minutes\" \/>\n<script type=\"application\/ld+json\" class=\"yoast-schema-graph\">{\"@context\":\"https:\\\/\\\/schema.org\",\"@graph\":[{\"@type\":\"Article\",\"@id\":\"https:\\\/\\\/lasentinelle.dz\\\/index.php\\\/2023\\\/07\\\/17\\\/la-russie-suspend-laccord-cerealier-quel-impact-sur-les-marches-cerealiers\\\/#article\",\"isPartOf\":{\"@id\":\"https:\\\/\\\/lasentinelle.dz\\\/index.php\\\/2023\\\/07\\\/17\\\/la-russie-suspend-laccord-cerealier-quel-impact-sur-les-marches-cerealiers\\\/\"},\"author\":{\"name\":\"La Sentinelle\",\"@id\":\"https:\\\/\\\/lasentinelle.dz\\\/#\\\/schema\\\/person\\\/d865044e22e70a75174ce8bcad3acfb3\"},\"headline\":\"La Russie suspend l\u2019accord c\u00e9r\u00e9alier&nbsp;: Quel impact sur les march\u00e9s c\u00e9r\u00e9aliers&nbsp;?\",\"datePublished\":\"2023-07-17T21:43:35+00:00\",\"dateModified\":\"2023-07-17T21:43:36+00:00\",\"mainEntityOfPage\":{\"@id\":\"https:\\\/\\\/lasentinelle.dz\\\/index.php\\\/2023\\\/07\\\/17\\\/la-russie-suspend-laccord-cerealier-quel-impact-sur-les-marches-cerealiers\\\/\"},\"wordCount\":819,\"commentCount\":0,\"publisher\":{\"@id\":\"https:\\\/\\\/lasentinelle.dz\\\/#organization\"},\"image\":{\"@id\":\"https:\\\/\\\/lasentinelle.dz\\\/index.php\\\/2023\\\/07\\\/17\\\/la-russie-suspend-laccord-cerealier-quel-impact-sur-les-marches-cerealiers\\\/#primaryimage\"},\"thumbnailUrl\":\"https:\\\/\\\/lasentinelle.dz\\\/wp-content\\\/uploads\\\/2023\\\/07\\\/accord-cerealier.webp\",\"articleSection\":[\"\u00c0 la Une\",\"\u00c9conomie\"],\"inLanguage\":\"fr-FR\",\"potentialAction\":[{\"@type\":\"CommentAction\",\"name\":\"Comment\",\"target\":[\"https:\\\/\\\/lasentinelle.dz\\\/index.php\\\/2023\\\/07\\\/17\\\/la-russie-suspend-laccord-cerealier-quel-impact-sur-les-marches-cerealiers\\\/#respond\"]}]},{\"@type\":\"WebPage\",\"@id\":\"https:\\\/\\\/lasentinelle.dz\\\/index.php\\\/2023\\\/07\\\/17\\\/la-russie-suspend-laccord-cerealier-quel-impact-sur-les-marches-cerealiers\\\/\",\"url\":\"https:\\\/\\\/lasentinelle.dz\\\/index.php\\\/2023\\\/07\\\/17\\\/la-russie-suspend-laccord-cerealier-quel-impact-sur-les-marches-cerealiers\\\/\",\"name\":\"La Russie suspend l\u2019accord c\u00e9r\u00e9alier&nbsp;: Quel impact sur les march\u00e9s c\u00e9r\u00e9aliers&nbsp;? - La Sentinelle\",\"isPartOf\":{\"@id\":\"https:\\\/\\\/lasentinelle.dz\\\/#website\"},\"primaryImageOfPage\":{\"@id\":\"https:\\\/\\\/lasentinelle.dz\\\/index.php\\\/2023\\\/07\\\/17\\\/la-russie-suspend-laccord-cerealier-quel-impact-sur-les-marches-cerealiers\\\/#primaryimage\"},\"image\":{\"@id\":\"https:\\\/\\\/lasentinelle.dz\\\/index.php\\\/2023\\\/07\\\/17\\\/la-russie-suspend-laccord-cerealier-quel-impact-sur-les-marches-cerealiers\\\/#primaryimage\"},\"thumbnailUrl\":\"https:\\\/\\\/lasentinelle.dz\\\/wp-content\\\/uploads\\\/2023\\\/07\\\/accord-cerealier.webp\",\"datePublished\":\"2023-07-17T21:43:35+00:00\",\"dateModified\":\"2023-07-17T21:43:36+00:00\",\"breadcrumb\":{\"@id\":\"https:\\\/\\\/lasentinelle.dz\\\/index.php\\\/2023\\\/07\\\/17\\\/la-russie-suspend-laccord-cerealier-quel-impact-sur-les-marches-cerealiers\\\/#breadcrumb\"},\"inLanguage\":\"fr-FR\",\"potentialAction\":[{\"@type\":\"ReadAction\",\"target\":[\"https:\\\/\\\/lasentinelle.dz\\\/index.php\\\/2023\\\/07\\\/17\\\/la-russie-suspend-laccord-cerealier-quel-impact-sur-les-marches-cerealiers\\\/\"]}]},{\"@type\":\"ImageObject\",\"inLanguage\":\"fr-FR\",\"@id\":\"https:\\\/\\\/lasentinelle.dz\\\/index.php\\\/2023\\\/07\\\/17\\\/la-russie-suspend-laccord-cerealier-quel-impact-sur-les-marches-cerealiers\\\/#primaryimage\",\"url\":\"https:\\\/\\\/lasentinelle.dz\\\/wp-content\\\/uploads\\\/2023\\\/07\\\/accord-cerealier.webp\",\"contentUrl\":\"https:\\\/\\\/lasentinelle.dz\\\/wp-content\\\/uploads\\\/2023\\\/07\\\/accord-cerealier.webp\",\"width\":1960,\"height\":1103},{\"@type\":\"BreadcrumbList\",\"@id\":\"https:\\\/\\\/lasentinelle.dz\\\/index.php\\\/2023\\\/07\\\/17\\\/la-russie-suspend-laccord-cerealier-quel-impact-sur-les-marches-cerealiers\\\/#breadcrumb\",\"itemListElement\":[{\"@type\":\"ListItem\",\"position\":1,\"name\":\"Accueil\",\"item\":\"https:\\\/\\\/lasentinelle.dz\\\/\"},{\"@type\":\"ListItem\",\"position\":2,\"name\":\"La Russie suspend l\u2019accord c\u00e9r\u00e9alier&nbsp;: Quel impact sur les march\u00e9s c\u00e9r\u00e9aliers&nbsp;?\"}]},{\"@type\":\"WebSite\",\"@id\":\"https:\\\/\\\/lasentinelle.dz\\\/#website\",\"url\":\"https:\\\/\\\/lasentinelle.dz\\\/\",\"name\":\"La Sentinelle\",\"description\":\"Quotidien national d&#039;information\",\"publisher\":{\"@id\":\"https:\\\/\\\/lasentinelle.dz\\\/#organization\"},\"potentialAction\":[{\"@type\":\"SearchAction\",\"target\":{\"@type\":\"EntryPoint\",\"urlTemplate\":\"https:\\\/\\\/lasentinelle.dz\\\/?s={search_term_string}\"},\"query-input\":{\"@type\":\"PropertyValueSpecification\",\"valueRequired\":true,\"valueName\":\"search_term_string\"}}],\"inLanguage\":\"fr-FR\"},{\"@type\":\"Organization\",\"@id\":\"https:\\\/\\\/lasentinelle.dz\\\/#organization\",\"name\":\"Quotidien La Sentinelle\",\"url\":\"https:\\\/\\\/lasentinelle.dz\\\/\",\"logo\":{\"@type\":\"ImageObject\",\"inLanguage\":\"fr-FR\",\"@id\":\"https:\\\/\\\/lasentinelle.dz\\\/#\\\/schema\\\/logo\\\/image\\\/\",\"url\":\"https:\\\/\\\/lasentinelle.dz\\\/wp-content\\\/uploads\\\/2021\\\/09\\\/logo-sentinelleSLOGAN-1.png\",\"contentUrl\":\"https:\\\/\\\/lasentinelle.dz\\\/wp-content\\\/uploads\\\/2021\\\/09\\\/logo-sentinelleSLOGAN-1.png\",\"width\":615,\"height\":142,\"caption\":\"Quotidien La Sentinelle\"},\"image\":{\"@id\":\"https:\\\/\\\/lasentinelle.dz\\\/#\\\/schema\\\/logo\\\/image\\\/\"},\"sameAs\":[\"https:\\\/\\\/www.facebook.com\\\/La-Sentinelle-104059864394773\"]},{\"@type\":\"Person\",\"@id\":\"https:\\\/\\\/lasentinelle.dz\\\/#\\\/schema\\\/person\\\/d865044e22e70a75174ce8bcad3acfb3\",\"name\":\"La Sentinelle\",\"image\":{\"@type\":\"ImageObject\",\"inLanguage\":\"fr-FR\",\"@id\":\"https:\\\/\\\/secure.gravatar.com\\\/avatar\\\/57de8e5d4b15d43fb361a71fbb36338450fe67865b528a43dd10ef7c51a20392?s=96&d=mm&r=g\",\"url\":\"https:\\\/\\\/secure.gravatar.com\\\/avatar\\\/57de8e5d4b15d43fb361a71fbb36338450fe67865b528a43dd10ef7c51a20392?s=96&d=mm&r=g\",\"contentUrl\":\"https:\\\/\\\/secure.gravatar.com\\\/avatar\\\/57de8e5d4b15d43fb361a71fbb36338450fe67865b528a43dd10ef7c51a20392?s=96&d=mm&r=g\",\"caption\":\"La Sentinelle\"},\"sameAs\":[\"http:\\\/\\\/www.lasentinelle.dz\"],\"url\":\"https:\\\/\\\/lasentinelle.dz\\\/author\\\/redaction\\\/\"}]}<\/script>\n<!-- \/ Yoast SEO plugin. -->","yoast_head_json":{"title":"La Russie suspend l\u2019accord c\u00e9r\u00e9alier&nbsp;: Quel impact sur les march\u00e9s c\u00e9r\u00e9aliers&nbsp;? - La Sentinelle","robots":{"index":"index","follow":"follow","max-snippet":"max-snippet:-1","max-image-preview":"max-image-preview:large","max-video-preview":"max-video-preview:-1"},"canonical":"https:\/\/lasentinelle.dz\/index.php\/2023\/07\/17\/la-russie-suspend-laccord-cerealier-quel-impact-sur-les-marches-cerealiers\/","og_locale":"fr_FR","og_type":"article","og_title":"La Russie suspend l\u2019accord c\u00e9r\u00e9alier&nbsp;: Quel impact sur les march\u00e9s c\u00e9r\u00e9aliers&nbsp;? - La Sentinelle","og_description":"La Russie a annonc\u00e9 hier la suspension de l\u2019accord c\u00e9r\u00e9alier qui permettait jusque-l\u00e0 l\u2019exportation de c\u00e9r\u00e9ales ukrainiennes via la Mer","og_url":"https:\/\/lasentinelle.dz\/index.php\/2023\/07\/17\/la-russie-suspend-laccord-cerealier-quel-impact-sur-les-marches-cerealiers\/","og_site_name":"La Sentinelle","article_publisher":"https:\/\/www.facebook.com\/La-Sentinelle-104059864394773","article_published_time":"2023-07-17T21:43:35+00:00","article_modified_time":"2023-07-17T21:43:36+00:00","og_image":[{"width":1960,"height":1103,"url":"https:\/\/lasentinelle.dz\/wp-content\/uploads\/2023\/07\/accord-cerealier.webp","type":"image\/webp"}],"author":"La Sentinelle","twitter_card":"summary_large_image","twitter_misc":{"\u00c9crit par":"La Sentinelle","Dur\u00e9e de lecture estim\u00e9e":"4 minutes"},"schema":{"@context":"https:\/\/schema.org","@graph":[{"@type":"Article","@id":"https:\/\/lasentinelle.dz\/index.php\/2023\/07\/17\/la-russie-suspend-laccord-cerealier-quel-impact-sur-les-marches-cerealiers\/#article","isPartOf":{"@id":"https:\/\/lasentinelle.dz\/index.php\/2023\/07\/17\/la-russie-suspend-laccord-cerealier-quel-impact-sur-les-marches-cerealiers\/"},"author":{"name":"La Sentinelle","@id":"https:\/\/lasentinelle.dz\/#\/schema\/person\/d865044e22e70a75174ce8bcad3acfb3"},"headline":"La Russie suspend l\u2019accord c\u00e9r\u00e9alier&nbsp;: Quel impact sur les march\u00e9s c\u00e9r\u00e9aliers&nbsp;?","datePublished":"2023-07-17T21:43:35+00:00","dateModified":"2023-07-17T21:43:36+00:00","mainEntityOfPage":{"@id":"https:\/\/lasentinelle.dz\/index.php\/2023\/07\/17\/la-russie-suspend-laccord-cerealier-quel-impact-sur-les-marches-cerealiers\/"},"wordCount":819,"commentCount":0,"publisher":{"@id":"https:\/\/lasentinelle.dz\/#organization"},"image":{"@id":"https:\/\/lasentinelle.dz\/index.php\/2023\/07\/17\/la-russie-suspend-laccord-cerealier-quel-impact-sur-les-marches-cerealiers\/#primaryimage"},"thumbnailUrl":"https:\/\/lasentinelle.dz\/wp-content\/uploads\/2023\/07\/accord-cerealier.webp","articleSection":["\u00c0 la Une","\u00c9conomie"],"inLanguage":"fr-FR","potentialAction":[{"@type":"CommentAction","name":"Comment","target":["https:\/\/lasentinelle.dz\/index.php\/2023\/07\/17\/la-russie-suspend-laccord-cerealier-quel-impact-sur-les-marches-cerealiers\/#respond"]}]},{"@type":"WebPage","@id":"https:\/\/lasentinelle.dz\/index.php\/2023\/07\/17\/la-russie-suspend-laccord-cerealier-quel-impact-sur-les-marches-cerealiers\/","url":"https:\/\/lasentinelle.dz\/index.php\/2023\/07\/17\/la-russie-suspend-laccord-cerealier-quel-impact-sur-les-marches-cerealiers\/","name":"La Russie suspend l\u2019accord c\u00e9r\u00e9alier&nbsp;: Quel impact sur les march\u00e9s c\u00e9r\u00e9aliers&nbsp;? - La Sentinelle","isPartOf":{"@id":"https:\/\/lasentinelle.dz\/#website"},"primaryImageOfPage":{"@id":"https:\/\/lasentinelle.dz\/index.php\/2023\/07\/17\/la-russie-suspend-laccord-cerealier-quel-impact-sur-les-marches-cerealiers\/#primaryimage"},"image":{"@id":"https:\/\/lasentinelle.dz\/index.php\/2023\/07\/17\/la-russie-suspend-laccord-cerealier-quel-impact-sur-les-marches-cerealiers\/#primaryimage"},"thumbnailUrl":"https:\/\/lasentinelle.dz\/wp-content\/uploads\/2023\/07\/accord-cerealier.webp","datePublished":"2023-07-17T21:43:35+00:00","dateModified":"2023-07-17T21:43:36+00:00","breadcrumb":{"@id":"https:\/\/lasentinelle.dz\/index.php\/2023\/07\/17\/la-russie-suspend-laccord-cerealier-quel-impact-sur-les-marches-cerealiers\/#breadcrumb"},"inLanguage":"fr-FR","potentialAction":[{"@type":"ReadAction","target":["https:\/\/lasentinelle.dz\/index.php\/2023\/07\/17\/la-russie-suspend-laccord-cerealier-quel-impact-sur-les-marches-cerealiers\/"]}]},{"@type":"ImageObject","inLanguage":"fr-FR","@id":"https:\/\/lasentinelle.dz\/index.php\/2023\/07\/17\/la-russie-suspend-laccord-cerealier-quel-impact-sur-les-marches-cerealiers\/#primaryimage","url":"https:\/\/lasentinelle.dz\/wp-content\/uploads\/2023\/07\/accord-cerealier.webp","contentUrl":"https:\/\/lasentinelle.dz\/wp-content\/uploads\/2023\/07\/accord-cerealier.webp","width":1960,"height":1103},{"@type":"BreadcrumbList","@id":"https:\/\/lasentinelle.dz\/index.php\/2023\/07\/17\/la-russie-suspend-laccord-cerealier-quel-impact-sur-les-marches-cerealiers\/#breadcrumb","itemListElement":[{"@type":"ListItem","position":1,"name":"Accueil","item":"https:\/\/lasentinelle.dz\/"},{"@type":"ListItem","position":2,"name":"La Russie suspend l\u2019accord c\u00e9r\u00e9alier&nbsp;: Quel impact sur les march\u00e9s c\u00e9r\u00e9aliers&nbsp;?"}]},{"@type":"WebSite","@id":"https:\/\/lasentinelle.dz\/#website","url":"https:\/\/lasentinelle.dz\/","name":"La Sentinelle","description":"Quotidien national d&#039;information","publisher":{"@id":"https:\/\/lasentinelle.dz\/#organization"},"potentialAction":[{"@type":"SearchAction","target":{"@type":"EntryPoint","urlTemplate":"https:\/\/lasentinelle.dz\/?s={search_term_string}"},"query-input":{"@type":"PropertyValueSpecification","valueRequired":true,"valueName":"search_term_string"}}],"inLanguage":"fr-FR"},{"@type":"Organization","@id":"https:\/\/lasentinelle.dz\/#organization","name":"Quotidien La Sentinelle","url":"https:\/\/lasentinelle.dz\/","logo":{"@type":"ImageObject","inLanguage":"fr-FR","@id":"https:\/\/lasentinelle.dz\/#\/schema\/logo\/image\/","url":"https:\/\/lasentinelle.dz\/wp-content\/uploads\/2021\/09\/logo-sentinelleSLOGAN-1.png","contentUrl":"https:\/\/lasentinelle.dz\/wp-content\/uploads\/2021\/09\/logo-sentinelleSLOGAN-1.png","width":615,"height":142,"caption":"Quotidien La Sentinelle"},"image":{"@id":"https:\/\/lasentinelle.dz\/#\/schema\/logo\/image\/"},"sameAs":["https:\/\/www.facebook.com\/La-Sentinelle-104059864394773"]},{"@type":"Person","@id":"https:\/\/lasentinelle.dz\/#\/schema\/person\/d865044e22e70a75174ce8bcad3acfb3","name":"La Sentinelle","image":{"@type":"ImageObject","inLanguage":"fr-FR","@id":"https:\/\/secure.gravatar.com\/avatar\/57de8e5d4b15d43fb361a71fbb36338450fe67865b528a43dd10ef7c51a20392?s=96&d=mm&r=g","url":"https:\/\/secure.gravatar.com\/avatar\/57de8e5d4b15d43fb361a71fbb36338450fe67865b528a43dd10ef7c51a20392?s=96&d=mm&r=g","contentUrl":"https:\/\/secure.gravatar.com\/avatar\/57de8e5d4b15d43fb361a71fbb36338450fe67865b528a43dd10ef7c51a20392?s=96&d=mm&r=g","caption":"La Sentinelle"},"sameAs":["http:\/\/www.lasentinelle.dz"],"url":"https:\/\/lasentinelle.dz\/author\/redaction\/"}]}},"_links":{"self":[{"href":"https:\/\/lasentinelle.dz\/index.php\/wp-json\/wp\/v2\/posts\/43738","targetHints":{"allow":["GET"]}}],"collection":[{"href":"https:\/\/lasentinelle.dz\/index.php\/wp-json\/wp\/v2\/posts"}],"about":[{"href":"https:\/\/lasentinelle.dz\/index.php\/wp-json\/wp\/v2\/types\/post"}],"author":[{"embeddable":true,"href":"https:\/\/lasentinelle.dz\/index.php\/wp-json\/wp\/v2\/users\/3"}],"replies":[{"embeddable":true,"href":"https:\/\/lasentinelle.dz\/index.php\/wp-json\/wp\/v2\/comments?post=43738"}],"version-history":[{"count":1,"href":"https:\/\/lasentinelle.dz\/index.php\/wp-json\/wp\/v2\/posts\/43738\/revisions"}],"predecessor-version":[{"id":43740,"href":"https:\/\/lasentinelle.dz\/index.php\/wp-json\/wp\/v2\/posts\/43738\/revisions\/43740"}],"wp:featuredmedia":[{"embeddable":true,"href":"https:\/\/lasentinelle.dz\/index.php\/wp-json\/wp\/v2\/media\/43739"}],"wp:attachment":[{"href":"https:\/\/lasentinelle.dz\/index.php\/wp-json\/wp\/v2\/media?parent=43738"}],"wp:term":[{"taxonomy":"category","embeddable":true,"href":"https:\/\/lasentinelle.dz\/index.php\/wp-json\/wp\/v2\/categories?post=43738"},{"taxonomy":"post_tag","embeddable":true,"href":"https:\/\/lasentinelle.dz\/index.php\/wp-json\/wp\/v2\/tags?post=43738"}],"curies":[{"name":"wp","href":"https:\/\/api.w.org\/{rel}","templated":true}]}}