{"id":43741,"date":"2023-07-17T22:44:41","date_gmt":"2023-07-17T21:44:41","guid":{"rendered":"https:\/\/lasentinelle.dz\/?p=43741"},"modified":"2023-07-17T22:44:42","modified_gmt":"2023-07-17T21:44:42","slug":"merad-souligne-limportance-des-projets-structurants-pour-lintegration-africaine","status":"publish","type":"post","link":"https:\/\/lasentinelle.dz\/index.php\/2023\/07\/17\/merad-souligne-limportance-des-projets-structurants-pour-lintegration-africaine\/","title":{"rendered":"Merad souligne l\u2019importance des projets structurants pour l\u2019int\u00e9gration africaine"},"content":{"rendered":"\n<p>Le ministre de l&rsquo;Int\u00e9rieur, des Collectivit\u00e9s locales et de l&rsquo;Am\u00e9nagement du territoire, Brahim Merad, a salu\u00e9, dimanche depuis Nairobi, au Kenya, lors des travaux de la 5e session de la R\u00e9union de coordination semestrielle entre l&rsquo;Union africaine, les Communaut\u00e9s \u00e9conomiques r\u00e9gionales et les M\u00e9canismes r\u00e9gionaux, \u00ab les r\u00e9alisations multidimensionnelles du continent africain \u00bb. Il s\u2019agit notamment \u00ab l&rsquo;avancement des projets d&rsquo;int\u00e9gration continentale dans les domaines du commerce et de l&rsquo;\u00e9conomie, pour atteindre les objectifs de l&rsquo;Agenda 2063, inscrits dans son premier plan d\u00e9cennal (2013-2022) \u00bb. Merad a \u00e9galement salu\u00e9 l&rsquo;activation de la Zone de libre-\u00e9change continentale africaine (ZLECAf), dont l&rsquo;Alg\u00e9rie compte parmi les premiers signataires de son accord de cr\u00e9ation. En t\u00eate de ces r\u00e9alisations, le ministre a cit\u00e9 \u00ab\u00a0l&rsquo;activation de la Zone de libre-\u00e9change continentale africaine dont l&rsquo;Alg\u00e9rie compte parmi les premiers signataires de son accord de cr\u00e9ation, et la transformation de l&rsquo;agence de coop\u00e9ration relevant du Nouveau partenariat pour le d\u00e9veloppement de l&rsquo;Afrique (NEPAD) en une agence de d\u00e9veloppement AUDA\/NEPAD\u00a0\u00bb, soulignant \u00ab\u00a0le r\u00f4le essentiel de cette derni\u00e8re dans l&rsquo;acc\u00e9l\u00e9ration de l&rsquo;int\u00e9gration et du d\u00e9veloppement \u00e9conomiques en Afrique\u00a0\u00bb. Merad a, en outre, mis en avant les efforts de l&rsquo;Alg\u00e9rie pour \u00ab\u00a0concr\u00e9tiser et lancer de grands projets structurants favorisant l&rsquo;int\u00e9gration, \u00e0 l&rsquo;instar du gazoduc transsaharien entre l&rsquo;Alg\u00e9rie et le Nig\u00e9ria, o\u00f9 le gouvernement a d\u00e9cid\u00e9 d&rsquo;aider le Niger \u00e0 r\u00e9aliser son tron\u00e7on, de la route transsaharienne reliant Alger \u00e0 Lagos, qui sera convertie en couloir \u00e9conomique, et du projet de dorsale transsaharienne \u00e0 fibre optique (Alg\u00e9rie, Tchad, Niger, Mali et Mauritanie). Il a en outre rappel\u00e9 la r\u00e9alisation d&rsquo;une voie terrestre entre l&rsquo;Alg\u00e9rie et la Mauritanie et d&rsquo;une ligne de transport maritime avec le S\u00e9n\u00e9gal, pour \u00ab\u00a0faciliter le transport de marchandises entre ces pays\u00a0\u00bb, a-t-il dit, ainsi que l&rsquo;ouverture de nouvelles voies d&rsquo;acc\u00e8s vers les zones enclav\u00e9es. Le ministre a, par ailleurs, salu\u00e9, le r\u00f4le des CER dans la r\u00e9alisation de l&rsquo;int\u00e9gration r\u00e9gionale pour atteindre \u00ab\u00a0les objectifs trac\u00e9s dans l&rsquo;Agenda 2063 et r\u00e9pondre aux aspirations l\u00e9gitimes des peuples africains\u00a0\u00bb. A noter que le ministre de l&rsquo;Int\u00e9rieur, des Collectivit\u00e9s locales et de l&rsquo;Am\u00e9nagement du territoire a \u00e9t\u00e9 charg\u00e9 par le pr\u00e9sident de la R\u00e9publique, Abdelmadjid Tebboune, de repr\u00e9senter l&rsquo;Alg\u00e9rie aux travaux de la 5e session de la R\u00e9union de coordination semestrielle entre l&rsquo;UA, les CER et les M\u00e9canismes r\u00e9gionaux, \u00e0 Nairobi (Kenya). La participation de l&rsquo;Alg\u00e9rie \u00e0 cette r\u00e9union intervient en sa qualit\u00e9 de pr\u00e9sidente en exercice de la Capacit\u00e9 r\u00e9gionale d&rsquo;Afrique du Nord (NARC), relevant de l&rsquo;Architecture africaine de paix et de s\u00e9curit\u00e9 (APSA). Lors de cette r\u00e9union, \u00e0 laquelle ont particip\u00e9 des dirigeants et repr\u00e9sentants des pays africains, des repr\u00e9sentants du bureau de la Conf\u00e9rence de l&rsquo;Union africaine (UA), les pr\u00e9sidents des CER, les responsables des M\u00e9canismes r\u00e9gionaux, le pr\u00e9sident de la Commission de l&rsquo;UA, de hauts responsables de la commission de l&rsquo;UA et le pr\u00e9sident de la Banque africaine de d\u00e9veloppement (BAD), plusieurs rapports sur l&rsquo;\u00e9tat de l&rsquo;int\u00e9gration continentale, la ZLECAf &nbsp;et les moyens d&rsquo;activer le programme de l&rsquo;Agenda 2063 de l&rsquo;UA ont \u00e9t\u00e9 discut\u00e9s. En marge de sa participation aux travaux de cette r\u00e9union de coordination, Merad s&rsquo;est entretenu avec le pr\u00e9sident Kenyan, William Ruto, le pr\u00e9sident du Parlement kenyan, Moses Wetangula, la vice-secr\u00e9taire g\u00e9n\u00e9ral de l&rsquo;ONU et pr\u00e9sidente du Groupe des Nations Unies pour le d\u00e9veloppement durable, Amina J. Mohammed, le pr\u00e9sident du Conseil pr\u00e9sidentiel libyen, Mohamed El-Menfi et l&rsquo;ancien pr\u00e9sident du Niger, Mahamadou Issoufou.<\/p>\n\n\n\n<p>R.N.<\/p>\n","protected":false},"excerpt":{"rendered":"<p>Le ministre de l&rsquo;Int\u00e9rieur, des Collectivit\u00e9s locales et de l&rsquo;Am\u00e9nagement du territoire, Brahim Merad, a salu\u00e9, dimanche depuis Nairobi, au<\/p>\n","protected":false},"author":3,"featured_media":41510,"comment_status":"open","ping_status":"closed","sticky":false,"template":"","format":"standard","meta":{"colormag_page_container_layout":"default_layout","colormag_page_sidebar_layout":"default_layout","om_disable_all_campaigns":false,"_monsterinsights_skip_tracking":false,"_monsterinsights_sitenote_active":false,"_monsterinsights_sitenote_note":"","_monsterinsights_sitenote_category":0,"footnotes":"","_wpscppro_dont_share_socialmedia":false,"_wpscppro_custom_social_share_image":0,"_facebook_share_type":"","_twitter_share_type":"","_linkedin_share_type":"","_pinterest_share_type":"","_linkedin_share_type_page":"","_instagram_share_type":"","_medium_share_type":"","_threads_share_type":"","_google_business_share_type":"","_selected_social_profile":[],"_wpsp_enable_custom_social_template":false,"_wpsp_social_scheduling":{"enabled":false,"datetime":null,"platforms":[],"status":"template_only","dateOption":"today","timeOption":"now","customDays":"","customHours":"","customDate":"","customTime":"","schedulingType":"absolute"},"_wpsp_active_default_template":true},"categories":[27],"tags":[],"class_list":["post-43741","post","type-post","status-publish","format-standard","has-post-thumbnail","hentry","category-actualite"],"aioseo_notices":[],"yoast_head":"<!-- This site is optimized with the Yoast SEO plugin v27.5 - https:\/\/yoast.com\/product\/yoast-seo-wordpress\/ -->\n<title>Merad souligne l\u2019importance des projets structurants pour l\u2019int\u00e9gration africaine - La Sentinelle<\/title>\n<meta name=\"robots\" content=\"index, follow, max-snippet:-1, max-image-preview:large, max-video-preview:-1\" \/>\n<link rel=\"canonical\" href=\"https:\/\/lasentinelle.dz\/index.php\/2023\/07\/17\/merad-souligne-limportance-des-projets-structurants-pour-lintegration-africaine\/\" \/>\n<meta property=\"og:locale\" content=\"fr_FR\" \/>\n<meta property=\"og:type\" content=\"article\" \/>\n<meta property=\"og:title\" content=\"Merad souligne l\u2019importance des projets structurants pour l\u2019int\u00e9gration africaine - La Sentinelle\" \/>\n<meta property=\"og:description\" content=\"Le ministre de l&rsquo;Int\u00e9rieur, des Collectivit\u00e9s locales et de l&rsquo;Am\u00e9nagement du territoire, Brahim Merad, a salu\u00e9, dimanche depuis Nairobi, au\" \/>\n<meta property=\"og:url\" content=\"https:\/\/lasentinelle.dz\/index.php\/2023\/07\/17\/merad-souligne-limportance-des-projets-structurants-pour-lintegration-africaine\/\" \/>\n<meta property=\"og:site_name\" content=\"La Sentinelle\" \/>\n<meta property=\"article:publisher\" content=\"https:\/\/www.facebook.com\/La-Sentinelle-104059864394773\" \/>\n<meta property=\"article:published_time\" content=\"2023-07-17T21:44:41+00:00\" \/>\n<meta property=\"article:modified_time\" content=\"2023-07-17T21:44:42+00:00\" \/>\n<meta property=\"og:image\" content=\"https:\/\/lasentinelle.dz\/wp-content\/uploads\/2023\/05\/TSGP-1.png\" \/>\n\t<meta property=\"og:image:width\" content=\"1602\" \/>\n\t<meta property=\"og:image:height\" content=\"900\" \/>\n\t<meta property=\"og:image:type\" content=\"image\/png\" \/>\n<meta name=\"author\" content=\"La Sentinelle\" \/>\n<meta name=\"twitter:card\" content=\"summary_large_image\" \/>\n<meta name=\"twitter:label1\" content=\"\u00c9crit par\" \/>\n\t<meta name=\"twitter:data1\" content=\"La Sentinelle\" \/>\n\t<meta name=\"twitter:label2\" content=\"Dur\u00e9e de lecture estim\u00e9e\" \/>\n\t<meta name=\"twitter:data2\" content=\"3 minutes\" \/>\n<script type=\"application\/ld+json\" class=\"yoast-schema-graph\">{\"@context\":\"https:\\\/\\\/schema.org\",\"@graph\":[{\"@type\":\"Article\",\"@id\":\"https:\\\/\\\/lasentinelle.dz\\\/index.php\\\/2023\\\/07\\\/17\\\/merad-souligne-limportance-des-projets-structurants-pour-lintegration-africaine\\\/#article\",\"isPartOf\":{\"@id\":\"https:\\\/\\\/lasentinelle.dz\\\/index.php\\\/2023\\\/07\\\/17\\\/merad-souligne-limportance-des-projets-structurants-pour-lintegration-africaine\\\/\"},\"author\":{\"name\":\"La Sentinelle\",\"@id\":\"https:\\\/\\\/lasentinelle.dz\\\/#\\\/schema\\\/person\\\/d865044e22e70a75174ce8bcad3acfb3\"},\"headline\":\"Merad souligne l\u2019importance des projets structurants pour l\u2019int\u00e9gration africaine\",\"datePublished\":\"2023-07-17T21:44:41+00:00\",\"dateModified\":\"2023-07-17T21:44:42+00:00\",\"mainEntityOfPage\":{\"@id\":\"https:\\\/\\\/lasentinelle.dz\\\/index.php\\\/2023\\\/07\\\/17\\\/merad-souligne-limportance-des-projets-structurants-pour-lintegration-africaine\\\/\"},\"wordCount\":695,\"commentCount\":0,\"publisher\":{\"@id\":\"https:\\\/\\\/lasentinelle.dz\\\/#organization\"},\"image\":{\"@id\":\"https:\\\/\\\/lasentinelle.dz\\\/index.php\\\/2023\\\/07\\\/17\\\/merad-souligne-limportance-des-projets-structurants-pour-lintegration-africaine\\\/#primaryimage\"},\"thumbnailUrl\":\"https:\\\/\\\/lasentinelle.dz\\\/wp-content\\\/uploads\\\/2023\\\/05\\\/TSGP-1.png\",\"articleSection\":[\"Actualit\u00e9\"],\"inLanguage\":\"fr-FR\",\"potentialAction\":[{\"@type\":\"CommentAction\",\"name\":\"Comment\",\"target\":[\"https:\\\/\\\/lasentinelle.dz\\\/index.php\\\/2023\\\/07\\\/17\\\/merad-souligne-limportance-des-projets-structurants-pour-lintegration-africaine\\\/#respond\"]}]},{\"@type\":\"WebPage\",\"@id\":\"https:\\\/\\\/lasentinelle.dz\\\/index.php\\\/2023\\\/07\\\/17\\\/merad-souligne-limportance-des-projets-structurants-pour-lintegration-africaine\\\/\",\"url\":\"https:\\\/\\\/lasentinelle.dz\\\/index.php\\\/2023\\\/07\\\/17\\\/merad-souligne-limportance-des-projets-structurants-pour-lintegration-africaine\\\/\",\"name\":\"Merad souligne l\u2019importance des projets structurants pour l\u2019int\u00e9gration africaine - La Sentinelle\",\"isPartOf\":{\"@id\":\"https:\\\/\\\/lasentinelle.dz\\\/#website\"},\"primaryImageOfPage\":{\"@id\":\"https:\\\/\\\/lasentinelle.dz\\\/index.php\\\/2023\\\/07\\\/17\\\/merad-souligne-limportance-des-projets-structurants-pour-lintegration-africaine\\\/#primaryimage\"},\"image\":{\"@id\":\"https:\\\/\\\/lasentinelle.dz\\\/index.php\\\/2023\\\/07\\\/17\\\/merad-souligne-limportance-des-projets-structurants-pour-lintegration-africaine\\\/#primaryimage\"},\"thumbnailUrl\":\"https:\\\/\\\/lasentinelle.dz\\\/wp-content\\\/uploads\\\/2023\\\/05\\\/TSGP-1.png\",\"datePublished\":\"2023-07-17T21:44:41+00:00\",\"dateModified\":\"2023-07-17T21:44:42+00:00\",\"breadcrumb\":{\"@id\":\"https:\\\/\\\/lasentinelle.dz\\\/index.php\\\/2023\\\/07\\\/17\\\/merad-souligne-limportance-des-projets-structurants-pour-lintegration-africaine\\\/#breadcrumb\"},\"inLanguage\":\"fr-FR\",\"potentialAction\":[{\"@type\":\"ReadAction\",\"target\":[\"https:\\\/\\\/lasentinelle.dz\\\/index.php\\\/2023\\\/07\\\/17\\\/merad-souligne-limportance-des-projets-structurants-pour-lintegration-africaine\\\/\"]}]},{\"@type\":\"ImageObject\",\"inLanguage\":\"fr-FR\",\"@id\":\"https:\\\/\\\/lasentinelle.dz\\\/index.php\\\/2023\\\/07\\\/17\\\/merad-souligne-limportance-des-projets-structurants-pour-lintegration-africaine\\\/#primaryimage\",\"url\":\"https:\\\/\\\/lasentinelle.dz\\\/wp-content\\\/uploads\\\/2023\\\/05\\\/TSGP-1.png\",\"contentUrl\":\"https:\\\/\\\/lasentinelle.dz\\\/wp-content\\\/uploads\\\/2023\\\/05\\\/TSGP-1.png\",\"width\":1602,\"height\":900},{\"@type\":\"BreadcrumbList\",\"@id\":\"https:\\\/\\\/lasentinelle.dz\\\/index.php\\\/2023\\\/07\\\/17\\\/merad-souligne-limportance-des-projets-structurants-pour-lintegration-africaine\\\/#breadcrumb\",\"itemListElement\":[{\"@type\":\"ListItem\",\"position\":1,\"name\":\"Accueil\",\"item\":\"https:\\\/\\\/lasentinelle.dz\\\/\"},{\"@type\":\"ListItem\",\"position\":2,\"name\":\"Merad souligne l\u2019importance des projets structurants pour l\u2019int\u00e9gration africaine\"}]},{\"@type\":\"WebSite\",\"@id\":\"https:\\\/\\\/lasentinelle.dz\\\/#website\",\"url\":\"https:\\\/\\\/lasentinelle.dz\\\/\",\"name\":\"La Sentinelle\",\"description\":\"Quotidien national d&#039;information\",\"publisher\":{\"@id\":\"https:\\\/\\\/lasentinelle.dz\\\/#organization\"},\"potentialAction\":[{\"@type\":\"SearchAction\",\"target\":{\"@type\":\"EntryPoint\",\"urlTemplate\":\"https:\\\/\\\/lasentinelle.dz\\\/?s={search_term_string}\"},\"query-input\":{\"@type\":\"PropertyValueSpecification\",\"valueRequired\":true,\"valueName\":\"search_term_string\"}}],\"inLanguage\":\"fr-FR\"},{\"@type\":\"Organization\",\"@id\":\"https:\\\/\\\/lasentinelle.dz\\\/#organization\",\"name\":\"Quotidien La Sentinelle\",\"url\":\"https:\\\/\\\/lasentinelle.dz\\\/\",\"logo\":{\"@type\":\"ImageObject\",\"inLanguage\":\"fr-FR\",\"@id\":\"https:\\\/\\\/lasentinelle.dz\\\/#\\\/schema\\\/logo\\\/image\\\/\",\"url\":\"https:\\\/\\\/lasentinelle.dz\\\/wp-content\\\/uploads\\\/2021\\\/09\\\/logo-sentinelleSLOGAN-1.png\",\"contentUrl\":\"https:\\\/\\\/lasentinelle.dz\\\/wp-content\\\/uploads\\\/2021\\\/09\\\/logo-sentinelleSLOGAN-1.png\",\"width\":615,\"height\":142,\"caption\":\"Quotidien La Sentinelle\"},\"image\":{\"@id\":\"https:\\\/\\\/lasentinelle.dz\\\/#\\\/schema\\\/logo\\\/image\\\/\"},\"sameAs\":[\"https:\\\/\\\/www.facebook.com\\\/La-Sentinelle-104059864394773\"]},{\"@type\":\"Person\",\"@id\":\"https:\\\/\\\/lasentinelle.dz\\\/#\\\/schema\\\/person\\\/d865044e22e70a75174ce8bcad3acfb3\",\"name\":\"La Sentinelle\",\"image\":{\"@type\":\"ImageObject\",\"inLanguage\":\"fr-FR\",\"@id\":\"https:\\\/\\\/secure.gravatar.com\\\/avatar\\\/57de8e5d4b15d43fb361a71fbb36338450fe67865b528a43dd10ef7c51a20392?s=96&d=mm&r=g\",\"url\":\"https:\\\/\\\/secure.gravatar.com\\\/avatar\\\/57de8e5d4b15d43fb361a71fbb36338450fe67865b528a43dd10ef7c51a20392?s=96&d=mm&r=g\",\"contentUrl\":\"https:\\\/\\\/secure.gravatar.com\\\/avatar\\\/57de8e5d4b15d43fb361a71fbb36338450fe67865b528a43dd10ef7c51a20392?s=96&d=mm&r=g\",\"caption\":\"La Sentinelle\"},\"sameAs\":[\"http:\\\/\\\/www.lasentinelle.dz\"],\"url\":\"https:\\\/\\\/lasentinelle.dz\\\/author\\\/redaction\\\/\"}]}<\/script>\n<!-- \/ Yoast SEO plugin. -->","yoast_head_json":{"title":"Merad souligne l\u2019importance des projets structurants pour l\u2019int\u00e9gration africaine - La Sentinelle","robots":{"index":"index","follow":"follow","max-snippet":"max-snippet:-1","max-image-preview":"max-image-preview:large","max-video-preview":"max-video-preview:-1"},"canonical":"https:\/\/lasentinelle.dz\/index.php\/2023\/07\/17\/merad-souligne-limportance-des-projets-structurants-pour-lintegration-africaine\/","og_locale":"fr_FR","og_type":"article","og_title":"Merad souligne l\u2019importance des projets structurants pour l\u2019int\u00e9gration africaine - La Sentinelle","og_description":"Le ministre de l&rsquo;Int\u00e9rieur, des Collectivit\u00e9s locales et de l&rsquo;Am\u00e9nagement du territoire, Brahim Merad, a salu\u00e9, dimanche depuis Nairobi, au","og_url":"https:\/\/lasentinelle.dz\/index.php\/2023\/07\/17\/merad-souligne-limportance-des-projets-structurants-pour-lintegration-africaine\/","og_site_name":"La Sentinelle","article_publisher":"https:\/\/www.facebook.com\/La-Sentinelle-104059864394773","article_published_time":"2023-07-17T21:44:41+00:00","article_modified_time":"2023-07-17T21:44:42+00:00","og_image":[{"width":1602,"height":900,"url":"https:\/\/lasentinelle.dz\/wp-content\/uploads\/2023\/05\/TSGP-1.png","type":"image\/png"}],"author":"La Sentinelle","twitter_card":"summary_large_image","twitter_misc":{"\u00c9crit par":"La Sentinelle","Dur\u00e9e de lecture estim\u00e9e":"3 minutes"},"schema":{"@context":"https:\/\/schema.org","@graph":[{"@type":"Article","@id":"https:\/\/lasentinelle.dz\/index.php\/2023\/07\/17\/merad-souligne-limportance-des-projets-structurants-pour-lintegration-africaine\/#article","isPartOf":{"@id":"https:\/\/lasentinelle.dz\/index.php\/2023\/07\/17\/merad-souligne-limportance-des-projets-structurants-pour-lintegration-africaine\/"},"author":{"name":"La Sentinelle","@id":"https:\/\/lasentinelle.dz\/#\/schema\/person\/d865044e22e70a75174ce8bcad3acfb3"},"headline":"Merad souligne l\u2019importance des projets structurants pour l\u2019int\u00e9gration africaine","datePublished":"2023-07-17T21:44:41+00:00","dateModified":"2023-07-17T21:44:42+00:00","mainEntityOfPage":{"@id":"https:\/\/lasentinelle.dz\/index.php\/2023\/07\/17\/merad-souligne-limportance-des-projets-structurants-pour-lintegration-africaine\/"},"wordCount":695,"commentCount":0,"publisher":{"@id":"https:\/\/lasentinelle.dz\/#organization"},"image":{"@id":"https:\/\/lasentinelle.dz\/index.php\/2023\/07\/17\/merad-souligne-limportance-des-projets-structurants-pour-lintegration-africaine\/#primaryimage"},"thumbnailUrl":"https:\/\/lasentinelle.dz\/wp-content\/uploads\/2023\/05\/TSGP-1.png","articleSection":["Actualit\u00e9"],"inLanguage":"fr-FR","potentialAction":[{"@type":"CommentAction","name":"Comment","target":["https:\/\/lasentinelle.dz\/index.php\/2023\/07\/17\/merad-souligne-limportance-des-projets-structurants-pour-lintegration-africaine\/#respond"]}]},{"@type":"WebPage","@id":"https:\/\/lasentinelle.dz\/index.php\/2023\/07\/17\/merad-souligne-limportance-des-projets-structurants-pour-lintegration-africaine\/","url":"https:\/\/lasentinelle.dz\/index.php\/2023\/07\/17\/merad-souligne-limportance-des-projets-structurants-pour-lintegration-africaine\/","name":"Merad souligne l\u2019importance des projets structurants pour l\u2019int\u00e9gration africaine - La Sentinelle","isPartOf":{"@id":"https:\/\/lasentinelle.dz\/#website"},"primaryImageOfPage":{"@id":"https:\/\/lasentinelle.dz\/index.php\/2023\/07\/17\/merad-souligne-limportance-des-projets-structurants-pour-lintegration-africaine\/#primaryimage"},"image":{"@id":"https:\/\/lasentinelle.dz\/index.php\/2023\/07\/17\/merad-souligne-limportance-des-projets-structurants-pour-lintegration-africaine\/#primaryimage"},"thumbnailUrl":"https:\/\/lasentinelle.dz\/wp-content\/uploads\/2023\/05\/TSGP-1.png","datePublished":"2023-07-17T21:44:41+00:00","dateModified":"2023-07-17T21:44:42+00:00","breadcrumb":{"@id":"https:\/\/lasentinelle.dz\/index.php\/2023\/07\/17\/merad-souligne-limportance-des-projets-structurants-pour-lintegration-africaine\/#breadcrumb"},"inLanguage":"fr-FR","potentialAction":[{"@type":"ReadAction","target":["https:\/\/lasentinelle.dz\/index.php\/2023\/07\/17\/merad-souligne-limportance-des-projets-structurants-pour-lintegration-africaine\/"]}]},{"@type":"ImageObject","inLanguage":"fr-FR","@id":"https:\/\/lasentinelle.dz\/index.php\/2023\/07\/17\/merad-souligne-limportance-des-projets-structurants-pour-lintegration-africaine\/#primaryimage","url":"https:\/\/lasentinelle.dz\/wp-content\/uploads\/2023\/05\/TSGP-1.png","contentUrl":"https:\/\/lasentinelle.dz\/wp-content\/uploads\/2023\/05\/TSGP-1.png","width":1602,"height":900},{"@type":"BreadcrumbList","@id":"https:\/\/lasentinelle.dz\/index.php\/2023\/07\/17\/merad-souligne-limportance-des-projets-structurants-pour-lintegration-africaine\/#breadcrumb","itemListElement":[{"@type":"ListItem","position":1,"name":"Accueil","item":"https:\/\/lasentinelle.dz\/"},{"@type":"ListItem","position":2,"name":"Merad souligne l\u2019importance des projets structurants pour l\u2019int\u00e9gration africaine"}]},{"@type":"WebSite","@id":"https:\/\/lasentinelle.dz\/#website","url":"https:\/\/lasentinelle.dz\/","name":"La Sentinelle","description":"Quotidien national d&#039;information","publisher":{"@id":"https:\/\/lasentinelle.dz\/#organization"},"potentialAction":[{"@type":"SearchAction","target":{"@type":"EntryPoint","urlTemplate":"https:\/\/lasentinelle.dz\/?s={search_term_string}"},"query-input":{"@type":"PropertyValueSpecification","valueRequired":true,"valueName":"search_term_string"}}],"inLanguage":"fr-FR"},{"@type":"Organization","@id":"https:\/\/lasentinelle.dz\/#organization","name":"Quotidien La Sentinelle","url":"https:\/\/lasentinelle.dz\/","logo":{"@type":"ImageObject","inLanguage":"fr-FR","@id":"https:\/\/lasentinelle.dz\/#\/schema\/logo\/image\/","url":"https:\/\/lasentinelle.dz\/wp-content\/uploads\/2021\/09\/logo-sentinelleSLOGAN-1.png","contentUrl":"https:\/\/lasentinelle.dz\/wp-content\/uploads\/2021\/09\/logo-sentinelleSLOGAN-1.png","width":615,"height":142,"caption":"Quotidien La Sentinelle"},"image":{"@id":"https:\/\/lasentinelle.dz\/#\/schema\/logo\/image\/"},"sameAs":["https:\/\/www.facebook.com\/La-Sentinelle-104059864394773"]},{"@type":"Person","@id":"https:\/\/lasentinelle.dz\/#\/schema\/person\/d865044e22e70a75174ce8bcad3acfb3","name":"La Sentinelle","image":{"@type":"ImageObject","inLanguage":"fr-FR","@id":"https:\/\/secure.gravatar.com\/avatar\/57de8e5d4b15d43fb361a71fbb36338450fe67865b528a43dd10ef7c51a20392?s=96&d=mm&r=g","url":"https:\/\/secure.gravatar.com\/avatar\/57de8e5d4b15d43fb361a71fbb36338450fe67865b528a43dd10ef7c51a20392?s=96&d=mm&r=g","contentUrl":"https:\/\/secure.gravatar.com\/avatar\/57de8e5d4b15d43fb361a71fbb36338450fe67865b528a43dd10ef7c51a20392?s=96&d=mm&r=g","caption":"La Sentinelle"},"sameAs":["http:\/\/www.lasentinelle.dz"],"url":"https:\/\/lasentinelle.dz\/author\/redaction\/"}]}},"_links":{"self":[{"href":"https:\/\/lasentinelle.dz\/index.php\/wp-json\/wp\/v2\/posts\/43741","targetHints":{"allow":["GET"]}}],"collection":[{"href":"https:\/\/lasentinelle.dz\/index.php\/wp-json\/wp\/v2\/posts"}],"about":[{"href":"https:\/\/lasentinelle.dz\/index.php\/wp-json\/wp\/v2\/types\/post"}],"author":[{"embeddable":true,"href":"https:\/\/lasentinelle.dz\/index.php\/wp-json\/wp\/v2\/users\/3"}],"replies":[{"embeddable":true,"href":"https:\/\/lasentinelle.dz\/index.php\/wp-json\/wp\/v2\/comments?post=43741"}],"version-history":[{"count":1,"href":"https:\/\/lasentinelle.dz\/index.php\/wp-json\/wp\/v2\/posts\/43741\/revisions"}],"predecessor-version":[{"id":43742,"href":"https:\/\/lasentinelle.dz\/index.php\/wp-json\/wp\/v2\/posts\/43741\/revisions\/43742"}],"wp:featuredmedia":[{"embeddable":true,"href":"https:\/\/lasentinelle.dz\/index.php\/wp-json\/wp\/v2\/media\/41510"}],"wp:attachment":[{"href":"https:\/\/lasentinelle.dz\/index.php\/wp-json\/wp\/v2\/media?parent=43741"}],"wp:term":[{"taxonomy":"category","embeddable":true,"href":"https:\/\/lasentinelle.dz\/index.php\/wp-json\/wp\/v2\/categories?post=43741"},{"taxonomy":"post_tag","embeddable":true,"href":"https:\/\/lasentinelle.dz\/index.php\/wp-json\/wp\/v2\/tags?post=43741"}],"curies":[{"name":"wp","href":"https:\/\/api.w.org\/{rel}","templated":true}]}}