{"id":43762,"date":"2023-07-19T20:29:03","date_gmt":"2023-07-19T19:29:03","guid":{"rendered":"https:\/\/lasentinelle.dz\/?p=43762"},"modified":"2023-07-19T20:29:13","modified_gmt":"2023-07-19T19:29:13","slug":"mimi-et-bibi-ou-quand-lane-se-frotte-a-lane","status":"publish","type":"post","link":"https:\/\/lasentinelle.dz\/index.php\/2023\/07\/19\/mimi-et-bibi-ou-quand-lane-se-frotte-a-lane\/","title":{"rendered":"Mimi et Bibi ou quand l\u2019\u00e2ne se frotte \u00e0 l\u2019\u00e2ne"},"content":{"rendered":"\n<p>Vivant, Allah yarhmou, Kadhafi aurait lanc\u00e9 son grand \u00ab&nbsp;Tozz&nbsp;\u00bb hachekoum pour la \u00ab&nbsp;reconnaissance&nbsp;\u00bb de Bibi de la pr\u00e9tendue \u00ab souverainet\u00e9 du Maroc sur le territoire du Sahara occidental \u00bb. &nbsp;Le monde aurait rit \u00e0 gorge d\u00e9ploy\u00e9e tant la blague est bonne. Je l\u2019aurais m\u00eame imagin\u00e9 en train de faire des moulinets pour illustrer sa le\u00e7on d\u2019histoire-g\u00e9o et en \u00e9critures saintes aux deux nuls qui semblent se r\u00e9jouir d\u2019avoir contract\u00e9 ce march\u00e9 de dupes pass\u00e9 entre le suppos\u00e9 pr\u00e9sident du comit\u00e9 Al-Qods et l\u2019entit\u00e9 la moins reconnue au monde. En manque de l\u00e9gitimit\u00e9, Mimi, \u00ab&nbsp;Amir el moueminine&nbsp;\u00bb, de retour de son parisien exil \u00e9thylique reconnaissant en contre partie \u00ab&nbsp;l\u2019Isra\u00e9lit\u00e9&nbsp;\u00bb de la Palestine&nbsp;aurait fait les choux gras de Mouammar ! Et puis, comment donc une entit\u00e9 elle-m\u00eame ill\u00e9gale, peut-elle attester de la l\u00e9gitimit\u00e9 d\u2019un tel sur untel&nbsp;? Dans quelle langue Bibi compte adresser cette \u00ab&nbsp;reconnaissance&nbsp;\u00bb aux Nations unies qui exigent de lui de reconna\u00eetre aux Palestiniens le droit de vivre dans leur Etat avec la ligne verte de 1967 comme fronti\u00e8re et \u00e0 l\u2019autre, le Mimi l\u00e0, de respecter le droit international et laisser le peuple sahraoui choisir son destin. Les deux colonisateurs devraient plut\u00f4t faire profil bas.<\/p>\n","protected":false},"excerpt":{"rendered":"<p>Vivant, Allah yarhmou, Kadhafi aurait lanc\u00e9 son grand \u00ab&nbsp;Tozz&nbsp;\u00bb hachekoum pour la \u00ab&nbsp;reconnaissance&nbsp;\u00bb de Bibi de la pr\u00e9tendue \u00ab souverainet\u00e9<\/p>\n","protected":false},"author":2,"featured_media":38301,"comment_status":"open","ping_status":"closed","sticky":false,"template":"","format":"standard","meta":{"colormag_page_container_layout":"default_layout","colormag_page_sidebar_layout":"default_layout","om_disable_all_campaigns":false,"_monsterinsights_skip_tracking":false,"_monsterinsights_sitenote_active":false,"_monsterinsights_sitenote_note":"","_monsterinsights_sitenote_category":0,"footnotes":"","_wpscppro_dont_share_socialmedia":false,"_wpscppro_custom_social_share_image":0,"_facebook_share_type":"","_twitter_share_type":"","_linkedin_share_type":"","_pinterest_share_type":"","_linkedin_share_type_page":"","_instagram_share_type":"","_medium_share_type":"","_threads_share_type":"","_google_business_share_type":"","_selected_social_profile":[],"_wpsp_enable_custom_social_template":false,"_wpsp_social_scheduling":{"enabled":false,"datetime":null,"platforms":[],"status":"template_only","dateOption":"today","timeOption":"now","customDays":"","customHours":"","customDate":"","customTime":"","schedulingType":"absolute"},"_wpsp_active_default_template":true},"categories":[38,55],"tags":[],"class_list":["post-43762","post","type-post","status-publish","format-standard","has-post-thumbnail","hentry","category-debats","category-chronique"],"aioseo_notices":[],"yoast_head":"<!-- This site is optimized with the Yoast SEO plugin v27.5 - https:\/\/yoast.com\/product\/yoast-seo-wordpress\/ -->\n<title>Mimi et Bibi ou quand l\u2019\u00e2ne se frotte \u00e0 l\u2019\u00e2ne - La Sentinelle<\/title>\n<meta name=\"robots\" content=\"index, follow, max-snippet:-1, max-image-preview:large, max-video-preview:-1\" \/>\n<link rel=\"canonical\" href=\"https:\/\/lasentinelle.dz\/index.php\/2023\/07\/19\/mimi-et-bibi-ou-quand-lane-se-frotte-a-lane\/\" \/>\n<meta property=\"og:locale\" content=\"fr_FR\" \/>\n<meta property=\"og:type\" content=\"article\" \/>\n<meta property=\"og:title\" content=\"Mimi et Bibi ou quand l\u2019\u00e2ne se frotte \u00e0 l\u2019\u00e2ne - La Sentinelle\" \/>\n<meta property=\"og:description\" content=\"Vivant, Allah yarhmou, Kadhafi aurait lanc\u00e9 son grand \u00ab&nbsp;Tozz&nbsp;\u00bb hachekoum pour la \u00ab&nbsp;reconnaissance&nbsp;\u00bb de Bibi de la pr\u00e9tendue \u00ab souverainet\u00e9\" \/>\n<meta property=\"og:url\" content=\"https:\/\/lasentinelle.dz\/index.php\/2023\/07\/19\/mimi-et-bibi-ou-quand-lane-se-frotte-a-lane\/\" \/>\n<meta property=\"og:site_name\" content=\"La Sentinelle\" \/>\n<meta property=\"article:publisher\" content=\"https:\/\/www.facebook.com\/La-Sentinelle-104059864394773\" \/>\n<meta property=\"article:published_time\" content=\"2023-07-19T19:29:03+00:00\" \/>\n<meta property=\"article:modified_time\" content=\"2023-07-19T19:29:13+00:00\" \/>\n<meta property=\"og:image\" content=\"https:\/\/lasentinelle.dz\/wp-content\/uploads\/2023\/03\/chronique-4.png\" \/>\n\t<meta property=\"og:image:width\" content=\"225\" \/>\n\t<meta property=\"og:image:height\" content=\"172\" \/>\n\t<meta property=\"og:image:type\" content=\"image\/png\" \/>\n<meta name=\"author\" content=\"Azzedine Belferag\" \/>\n<meta name=\"twitter:card\" content=\"summary_large_image\" \/>\n<meta name=\"twitter:label1\" content=\"\u00c9crit par\" \/>\n\t<meta name=\"twitter:data1\" content=\"Azzedine Belferag\" \/>\n\t<meta name=\"twitter:label2\" content=\"Dur\u00e9e de lecture estim\u00e9e\" \/>\n\t<meta name=\"twitter:data2\" content=\"1 minute\" \/>\n<script type=\"application\/ld+json\" class=\"yoast-schema-graph\">{\"@context\":\"https:\\\/\\\/schema.org\",\"@graph\":[{\"@type\":\"Article\",\"@id\":\"https:\\\/\\\/lasentinelle.dz\\\/index.php\\\/2023\\\/07\\\/19\\\/mimi-et-bibi-ou-quand-lane-se-frotte-a-lane\\\/#article\",\"isPartOf\":{\"@id\":\"https:\\\/\\\/lasentinelle.dz\\\/index.php\\\/2023\\\/07\\\/19\\\/mimi-et-bibi-ou-quand-lane-se-frotte-a-lane\\\/\"},\"author\":{\"name\":\"Azzedine Belferag\",\"@id\":\"https:\\\/\\\/lasentinelle.dz\\\/#\\\/schema\\\/person\\\/e22c868643946ece5f328ac9d185b29f\"},\"headline\":\"Mimi et Bibi ou quand l\u2019\u00e2ne se frotte \u00e0 l\u2019\u00e2ne\",\"datePublished\":\"2023-07-19T19:29:03+00:00\",\"dateModified\":\"2023-07-19T19:29:13+00:00\",\"mainEntityOfPage\":{\"@id\":\"https:\\\/\\\/lasentinelle.dz\\\/index.php\\\/2023\\\/07\\\/19\\\/mimi-et-bibi-ou-quand-lane-se-frotte-a-lane\\\/\"},\"wordCount\":238,\"commentCount\":0,\"publisher\":{\"@id\":\"https:\\\/\\\/lasentinelle.dz\\\/#organization\"},\"image\":{\"@id\":\"https:\\\/\\\/lasentinelle.dz\\\/index.php\\\/2023\\\/07\\\/19\\\/mimi-et-bibi-ou-quand-lane-se-frotte-a-lane\\\/#primaryimage\"},\"thumbnailUrl\":\"https:\\\/\\\/lasentinelle.dz\\\/wp-content\\\/uploads\\\/2023\\\/03\\\/chronique-4.png\",\"articleSection\":[\"D\u00e9bats\",\"La Chronique\"],\"inLanguage\":\"fr-FR\",\"potentialAction\":[{\"@type\":\"CommentAction\",\"name\":\"Comment\",\"target\":[\"https:\\\/\\\/lasentinelle.dz\\\/index.php\\\/2023\\\/07\\\/19\\\/mimi-et-bibi-ou-quand-lane-se-frotte-a-lane\\\/#respond\"]}]},{\"@type\":\"WebPage\",\"@id\":\"https:\\\/\\\/lasentinelle.dz\\\/index.php\\\/2023\\\/07\\\/19\\\/mimi-et-bibi-ou-quand-lane-se-frotte-a-lane\\\/\",\"url\":\"https:\\\/\\\/lasentinelle.dz\\\/index.php\\\/2023\\\/07\\\/19\\\/mimi-et-bibi-ou-quand-lane-se-frotte-a-lane\\\/\",\"name\":\"Mimi et Bibi ou quand l\u2019\u00e2ne se frotte \u00e0 l\u2019\u00e2ne - La Sentinelle\",\"isPartOf\":{\"@id\":\"https:\\\/\\\/lasentinelle.dz\\\/#website\"},\"primaryImageOfPage\":{\"@id\":\"https:\\\/\\\/lasentinelle.dz\\\/index.php\\\/2023\\\/07\\\/19\\\/mimi-et-bibi-ou-quand-lane-se-frotte-a-lane\\\/#primaryimage\"},\"image\":{\"@id\":\"https:\\\/\\\/lasentinelle.dz\\\/index.php\\\/2023\\\/07\\\/19\\\/mimi-et-bibi-ou-quand-lane-se-frotte-a-lane\\\/#primaryimage\"},\"thumbnailUrl\":\"https:\\\/\\\/lasentinelle.dz\\\/wp-content\\\/uploads\\\/2023\\\/03\\\/chronique-4.png\",\"datePublished\":\"2023-07-19T19:29:03+00:00\",\"dateModified\":\"2023-07-19T19:29:13+00:00\",\"breadcrumb\":{\"@id\":\"https:\\\/\\\/lasentinelle.dz\\\/index.php\\\/2023\\\/07\\\/19\\\/mimi-et-bibi-ou-quand-lane-se-frotte-a-lane\\\/#breadcrumb\"},\"inLanguage\":\"fr-FR\",\"potentialAction\":[{\"@type\":\"ReadAction\",\"target\":[\"https:\\\/\\\/lasentinelle.dz\\\/index.php\\\/2023\\\/07\\\/19\\\/mimi-et-bibi-ou-quand-lane-se-frotte-a-lane\\\/\"]}]},{\"@type\":\"ImageObject\",\"inLanguage\":\"fr-FR\",\"@id\":\"https:\\\/\\\/lasentinelle.dz\\\/index.php\\\/2023\\\/07\\\/19\\\/mimi-et-bibi-ou-quand-lane-se-frotte-a-lane\\\/#primaryimage\",\"url\":\"https:\\\/\\\/lasentinelle.dz\\\/wp-content\\\/uploads\\\/2023\\\/03\\\/chronique-4.png\",\"contentUrl\":\"https:\\\/\\\/lasentinelle.dz\\\/wp-content\\\/uploads\\\/2023\\\/03\\\/chronique-4.png\",\"width\":225,\"height\":172},{\"@type\":\"BreadcrumbList\",\"@id\":\"https:\\\/\\\/lasentinelle.dz\\\/index.php\\\/2023\\\/07\\\/19\\\/mimi-et-bibi-ou-quand-lane-se-frotte-a-lane\\\/#breadcrumb\",\"itemListElement\":[{\"@type\":\"ListItem\",\"position\":1,\"name\":\"Accueil\",\"item\":\"https:\\\/\\\/lasentinelle.dz\\\/\"},{\"@type\":\"ListItem\",\"position\":2,\"name\":\"Mimi et Bibi ou quand l\u2019\u00e2ne se frotte \u00e0 l\u2019\u00e2ne\"}]},{\"@type\":\"WebSite\",\"@id\":\"https:\\\/\\\/lasentinelle.dz\\\/#website\",\"url\":\"https:\\\/\\\/lasentinelle.dz\\\/\",\"name\":\"La Sentinelle\",\"description\":\"Quotidien national d&#039;information\",\"publisher\":{\"@id\":\"https:\\\/\\\/lasentinelle.dz\\\/#organization\"},\"potentialAction\":[{\"@type\":\"SearchAction\",\"target\":{\"@type\":\"EntryPoint\",\"urlTemplate\":\"https:\\\/\\\/lasentinelle.dz\\\/?s={search_term_string}\"},\"query-input\":{\"@type\":\"PropertyValueSpecification\",\"valueRequired\":true,\"valueName\":\"search_term_string\"}}],\"inLanguage\":\"fr-FR\"},{\"@type\":\"Organization\",\"@id\":\"https:\\\/\\\/lasentinelle.dz\\\/#organization\",\"name\":\"Quotidien La Sentinelle\",\"url\":\"https:\\\/\\\/lasentinelle.dz\\\/\",\"logo\":{\"@type\":\"ImageObject\",\"inLanguage\":\"fr-FR\",\"@id\":\"https:\\\/\\\/lasentinelle.dz\\\/#\\\/schema\\\/logo\\\/image\\\/\",\"url\":\"https:\\\/\\\/lasentinelle.dz\\\/wp-content\\\/uploads\\\/2021\\\/09\\\/logo-sentinelleSLOGAN-1.png\",\"contentUrl\":\"https:\\\/\\\/lasentinelle.dz\\\/wp-content\\\/uploads\\\/2021\\\/09\\\/logo-sentinelleSLOGAN-1.png\",\"width\":615,\"height\":142,\"caption\":\"Quotidien La Sentinelle\"},\"image\":{\"@id\":\"https:\\\/\\\/lasentinelle.dz\\\/#\\\/schema\\\/logo\\\/image\\\/\"},\"sameAs\":[\"https:\\\/\\\/www.facebook.com\\\/La-Sentinelle-104059864394773\"]},{\"@type\":\"Person\",\"@id\":\"https:\\\/\\\/lasentinelle.dz\\\/#\\\/schema\\\/person\\\/e22c868643946ece5f328ac9d185b29f\",\"name\":\"Azzedine Belferag\",\"image\":{\"@type\":\"ImageObject\",\"inLanguage\":\"fr-FR\",\"@id\":\"https:\\\/\\\/secure.gravatar.com\\\/avatar\\\/767ecc3bfcf23cd6d0dae1705f124feb13a88fded1daa56498e4fb3aa3fc36a1?s=96&d=mm&r=g\",\"url\":\"https:\\\/\\\/secure.gravatar.com\\\/avatar\\\/767ecc3bfcf23cd6d0dae1705f124feb13a88fded1daa56498e4fb3aa3fc36a1?s=96&d=mm&r=g\",\"contentUrl\":\"https:\\\/\\\/secure.gravatar.com\\\/avatar\\\/767ecc3bfcf23cd6d0dae1705f124feb13a88fded1daa56498e4fb3aa3fc36a1?s=96&d=mm&r=g\",\"caption\":\"Azzedine Belferag\"},\"sameAs\":[\"http:\\\/\\\/www.lasentinelle.dz\"],\"url\":\"https:\\\/\\\/lasentinelle.dz\\\/author\\\/belferag\\\/\"}]}<\/script>\n<!-- \/ Yoast SEO plugin. -->","yoast_head_json":{"title":"Mimi et Bibi ou quand l\u2019\u00e2ne se frotte \u00e0 l\u2019\u00e2ne - La Sentinelle","robots":{"index":"index","follow":"follow","max-snippet":"max-snippet:-1","max-image-preview":"max-image-preview:large","max-video-preview":"max-video-preview:-1"},"canonical":"https:\/\/lasentinelle.dz\/index.php\/2023\/07\/19\/mimi-et-bibi-ou-quand-lane-se-frotte-a-lane\/","og_locale":"fr_FR","og_type":"article","og_title":"Mimi et Bibi ou quand l\u2019\u00e2ne se frotte \u00e0 l\u2019\u00e2ne - La Sentinelle","og_description":"Vivant, Allah yarhmou, Kadhafi aurait lanc\u00e9 son grand \u00ab&nbsp;Tozz&nbsp;\u00bb hachekoum pour la \u00ab&nbsp;reconnaissance&nbsp;\u00bb de Bibi de la pr\u00e9tendue \u00ab souverainet\u00e9","og_url":"https:\/\/lasentinelle.dz\/index.php\/2023\/07\/19\/mimi-et-bibi-ou-quand-lane-se-frotte-a-lane\/","og_site_name":"La Sentinelle","article_publisher":"https:\/\/www.facebook.com\/La-Sentinelle-104059864394773","article_published_time":"2023-07-19T19:29:03+00:00","article_modified_time":"2023-07-19T19:29:13+00:00","og_image":[{"width":225,"height":172,"url":"https:\/\/lasentinelle.dz\/wp-content\/uploads\/2023\/03\/chronique-4.png","type":"image\/png"}],"author":"Azzedine Belferag","twitter_card":"summary_large_image","twitter_misc":{"\u00c9crit par":"Azzedine Belferag","Dur\u00e9e de lecture estim\u00e9e":"1 minute"},"schema":{"@context":"https:\/\/schema.org","@graph":[{"@type":"Article","@id":"https:\/\/lasentinelle.dz\/index.php\/2023\/07\/19\/mimi-et-bibi-ou-quand-lane-se-frotte-a-lane\/#article","isPartOf":{"@id":"https:\/\/lasentinelle.dz\/index.php\/2023\/07\/19\/mimi-et-bibi-ou-quand-lane-se-frotte-a-lane\/"},"author":{"name":"Azzedine Belferag","@id":"https:\/\/lasentinelle.dz\/#\/schema\/person\/e22c868643946ece5f328ac9d185b29f"},"headline":"Mimi et Bibi ou quand l\u2019\u00e2ne se frotte \u00e0 l\u2019\u00e2ne","datePublished":"2023-07-19T19:29:03+00:00","dateModified":"2023-07-19T19:29:13+00:00","mainEntityOfPage":{"@id":"https:\/\/lasentinelle.dz\/index.php\/2023\/07\/19\/mimi-et-bibi-ou-quand-lane-se-frotte-a-lane\/"},"wordCount":238,"commentCount":0,"publisher":{"@id":"https:\/\/lasentinelle.dz\/#organization"},"image":{"@id":"https:\/\/lasentinelle.dz\/index.php\/2023\/07\/19\/mimi-et-bibi-ou-quand-lane-se-frotte-a-lane\/#primaryimage"},"thumbnailUrl":"https:\/\/lasentinelle.dz\/wp-content\/uploads\/2023\/03\/chronique-4.png","articleSection":["D\u00e9bats","La Chronique"],"inLanguage":"fr-FR","potentialAction":[{"@type":"CommentAction","name":"Comment","target":["https:\/\/lasentinelle.dz\/index.php\/2023\/07\/19\/mimi-et-bibi-ou-quand-lane-se-frotte-a-lane\/#respond"]}]},{"@type":"WebPage","@id":"https:\/\/lasentinelle.dz\/index.php\/2023\/07\/19\/mimi-et-bibi-ou-quand-lane-se-frotte-a-lane\/","url":"https:\/\/lasentinelle.dz\/index.php\/2023\/07\/19\/mimi-et-bibi-ou-quand-lane-se-frotte-a-lane\/","name":"Mimi et Bibi ou quand l\u2019\u00e2ne se frotte \u00e0 l\u2019\u00e2ne - La Sentinelle","isPartOf":{"@id":"https:\/\/lasentinelle.dz\/#website"},"primaryImageOfPage":{"@id":"https:\/\/lasentinelle.dz\/index.php\/2023\/07\/19\/mimi-et-bibi-ou-quand-lane-se-frotte-a-lane\/#primaryimage"},"image":{"@id":"https:\/\/lasentinelle.dz\/index.php\/2023\/07\/19\/mimi-et-bibi-ou-quand-lane-se-frotte-a-lane\/#primaryimage"},"thumbnailUrl":"https:\/\/lasentinelle.dz\/wp-content\/uploads\/2023\/03\/chronique-4.png","datePublished":"2023-07-19T19:29:03+00:00","dateModified":"2023-07-19T19:29:13+00:00","breadcrumb":{"@id":"https:\/\/lasentinelle.dz\/index.php\/2023\/07\/19\/mimi-et-bibi-ou-quand-lane-se-frotte-a-lane\/#breadcrumb"},"inLanguage":"fr-FR","potentialAction":[{"@type":"ReadAction","target":["https:\/\/lasentinelle.dz\/index.php\/2023\/07\/19\/mimi-et-bibi-ou-quand-lane-se-frotte-a-lane\/"]}]},{"@type":"ImageObject","inLanguage":"fr-FR","@id":"https:\/\/lasentinelle.dz\/index.php\/2023\/07\/19\/mimi-et-bibi-ou-quand-lane-se-frotte-a-lane\/#primaryimage","url":"https:\/\/lasentinelle.dz\/wp-content\/uploads\/2023\/03\/chronique-4.png","contentUrl":"https:\/\/lasentinelle.dz\/wp-content\/uploads\/2023\/03\/chronique-4.png","width":225,"height":172},{"@type":"BreadcrumbList","@id":"https:\/\/lasentinelle.dz\/index.php\/2023\/07\/19\/mimi-et-bibi-ou-quand-lane-se-frotte-a-lane\/#breadcrumb","itemListElement":[{"@type":"ListItem","position":1,"name":"Accueil","item":"https:\/\/lasentinelle.dz\/"},{"@type":"ListItem","position":2,"name":"Mimi et Bibi ou quand l\u2019\u00e2ne se frotte \u00e0 l\u2019\u00e2ne"}]},{"@type":"WebSite","@id":"https:\/\/lasentinelle.dz\/#website","url":"https:\/\/lasentinelle.dz\/","name":"La Sentinelle","description":"Quotidien national d&#039;information","publisher":{"@id":"https:\/\/lasentinelle.dz\/#organization"},"potentialAction":[{"@type":"SearchAction","target":{"@type":"EntryPoint","urlTemplate":"https:\/\/lasentinelle.dz\/?s={search_term_string}"},"query-input":{"@type":"PropertyValueSpecification","valueRequired":true,"valueName":"search_term_string"}}],"inLanguage":"fr-FR"},{"@type":"Organization","@id":"https:\/\/lasentinelle.dz\/#organization","name":"Quotidien La Sentinelle","url":"https:\/\/lasentinelle.dz\/","logo":{"@type":"ImageObject","inLanguage":"fr-FR","@id":"https:\/\/lasentinelle.dz\/#\/schema\/logo\/image\/","url":"https:\/\/lasentinelle.dz\/wp-content\/uploads\/2021\/09\/logo-sentinelleSLOGAN-1.png","contentUrl":"https:\/\/lasentinelle.dz\/wp-content\/uploads\/2021\/09\/logo-sentinelleSLOGAN-1.png","width":615,"height":142,"caption":"Quotidien La Sentinelle"},"image":{"@id":"https:\/\/lasentinelle.dz\/#\/schema\/logo\/image\/"},"sameAs":["https:\/\/www.facebook.com\/La-Sentinelle-104059864394773"]},{"@type":"Person","@id":"https:\/\/lasentinelle.dz\/#\/schema\/person\/e22c868643946ece5f328ac9d185b29f","name":"Azzedine Belferag","image":{"@type":"ImageObject","inLanguage":"fr-FR","@id":"https:\/\/secure.gravatar.com\/avatar\/767ecc3bfcf23cd6d0dae1705f124feb13a88fded1daa56498e4fb3aa3fc36a1?s=96&d=mm&r=g","url":"https:\/\/secure.gravatar.com\/avatar\/767ecc3bfcf23cd6d0dae1705f124feb13a88fded1daa56498e4fb3aa3fc36a1?s=96&d=mm&r=g","contentUrl":"https:\/\/secure.gravatar.com\/avatar\/767ecc3bfcf23cd6d0dae1705f124feb13a88fded1daa56498e4fb3aa3fc36a1?s=96&d=mm&r=g","caption":"Azzedine Belferag"},"sameAs":["http:\/\/www.lasentinelle.dz"],"url":"https:\/\/lasentinelle.dz\/author\/belferag\/"}]}},"_links":{"self":[{"href":"https:\/\/lasentinelle.dz\/index.php\/wp-json\/wp\/v2\/posts\/43762","targetHints":{"allow":["GET"]}}],"collection":[{"href":"https:\/\/lasentinelle.dz\/index.php\/wp-json\/wp\/v2\/posts"}],"about":[{"href":"https:\/\/lasentinelle.dz\/index.php\/wp-json\/wp\/v2\/types\/post"}],"author":[{"embeddable":true,"href":"https:\/\/lasentinelle.dz\/index.php\/wp-json\/wp\/v2\/users\/2"}],"replies":[{"embeddable":true,"href":"https:\/\/lasentinelle.dz\/index.php\/wp-json\/wp\/v2\/comments?post=43762"}],"version-history":[{"count":1,"href":"https:\/\/lasentinelle.dz\/index.php\/wp-json\/wp\/v2\/posts\/43762\/revisions"}],"predecessor-version":[{"id":43763,"href":"https:\/\/lasentinelle.dz\/index.php\/wp-json\/wp\/v2\/posts\/43762\/revisions\/43763"}],"wp:featuredmedia":[{"embeddable":true,"href":"https:\/\/lasentinelle.dz\/index.php\/wp-json\/wp\/v2\/media\/38301"}],"wp:attachment":[{"href":"https:\/\/lasentinelle.dz\/index.php\/wp-json\/wp\/v2\/media?parent=43762"}],"wp:term":[{"taxonomy":"category","embeddable":true,"href":"https:\/\/lasentinelle.dz\/index.php\/wp-json\/wp\/v2\/categories?post=43762"},{"taxonomy":"post_tag","embeddable":true,"href":"https:\/\/lasentinelle.dz\/index.php\/wp-json\/wp\/v2\/tags?post=43762"}],"curies":[{"name":"wp","href":"https:\/\/api.w.org\/{rel}","templated":true}]}}