{"id":43767,"date":"2023-07-19T20:05:00","date_gmt":"2023-07-19T19:05:00","guid":{"rendered":"https:\/\/lasentinelle.dz\/?p=43767"},"modified":"2023-07-19T21:07:11","modified_gmt":"2023-07-19T20:07:11","slug":"cisjordanie-occupee-dix-palestiniens-arretes-par-les-forces-doccupation-sionistes","status":"publish","type":"post","link":"https:\/\/lasentinelle.dz\/index.php\/2023\/07\/19\/cisjordanie-occupee-dix-palestiniens-arretes-par-les-forces-doccupation-sionistes\/","title":{"rendered":"Cisjordanie occup\u00e9e&nbsp;: Dix Palestiniens arr\u00eat\u00e9s par les forces d&rsquo;occupation sionistes"},"content":{"rendered":"\n<p>Dix Palestiniens ont \u00e9t\u00e9 arr\u00eat\u00e9s hier mercredi par les forces d\u2019occupation sionistes dans diff\u00e9rentes r\u00e9gions de Cisjordanie occup\u00e9e, rapporte l&rsquo;agence de presse palestinienne Wafa, citant des sources locales palestiniennes.<\/p>\n\n\n\n<p>Selon les m\u00eames sources, quatre Palestiniens ont \u00e9t\u00e9 arr\u00eat\u00e9s \u00e0 Tulkarem, quatre \u00e0 El-Qods occup\u00e9e, un autre \u00e0 Ramallah et un ex-prisonnier \u00e0 J\u00e9nine. La veille, au moins 13 Palestiniens ont \u00e9t\u00e9 arr\u00eat\u00e9s \u00e0 Naplouse, Beit-Lehem et Ramallah. Les campagnes d&rsquo;arrestation de Palestiniens sont devenues quasi quotidiennes ces derni\u00e8res semaines. Selon des associations locales, 3.866 Palestiniens ont \u00e9t\u00e9 arr\u00eat\u00e9s au cours du premier semestre de 2023, dont 568 enfants et 72 femmes. Par ailleurs, des dizaines de colons ont de nouveau pris d\u2019assaut l\u2019esplanade de la mosqu\u00e9e Al-Aqsa. Les colons sionistes se sont introduits dans la mosqu\u00e9e sainte du c\u00f4t\u00e9 de la porte des Maghr\u00e9bins, ont men\u00e9 des marches dans ses esplanades et effectu\u00e9 des rituels talmudiques, pr\u00e9cise Wafa. La mosqu\u00e9e sainte est t\u00e9moin d\u2019une s\u00e9rie de violations quotidiennes et d\u2019incursions de colons. L\u2019occupation sioniste tente d\u2019emp\u00eacher les Palestiniens de pratiquer leur droit de culte alors que les colons sont autoris\u00e9s \u00e0 pratiquer librement leurs rituels talmudiques. En 2022, Al-Aqsa a \u00e9t\u00e9 prise d\u2019assaut plus de 260 fois par quelque 48.000 colons sionistes, selon le minist\u00e8re palestinien des Waqfs et des Affaires religieuses.<\/p>\n\n\n\n<p>Notons que le conseiller du ministre palestinien des Affaires \u00e9trang\u00e8res, Omar Awadallah &nbsp;a annonc\u00e9 mardi que la Cour p\u00e9nale internationale (CPI) lancera dans les prochaines heures une plateforme \u00e9lectronique permettant aux Palestiniens de porter des plaintes contre les sionistes (colons et soldats) pour leurs crimes et agressions. \u00ab\u00a0Cette plateforme, qui sera lanc\u00e9e aujourd&rsquo;hui ou demain mercredi, permettra aux citoyens de d\u00e9poser des plaintes accompagn\u00e9es de&nbsp; photos et de vid\u00e9os, qui montrent les crimes de l&rsquo;occupation \u00e0 leur encontre afin de les soumettre \u00e0 la Cour pour les examiner et prendre une position dissuasive contre l&rsquo;entit\u00e9 sioniste\u00a0\u00bb, a indiqu\u00e9 M. Awadallah lors de son intervention sur les ondes de la radio \u00a0\u00bb Voix de Palestine\u00a0\u00bb. Selon le conseiller, \u00ab\u00a0cette plateforme permettra, outre le fait de mettre l&rsquo;entit\u00e9 sioniste devant ses responsabilit\u00e9s, d&rsquo;informer la communaut\u00e9 internationale de la situation en Palestine et des d\u00e9passements et crimes des sionistes qui poursuivent leur politique raciste et agressive au grand m\u00e9pris du droit international\u00a0\u00bb. Pour sa part, Shawan Jabarin, directeur de la Fondation Al-Haq, a d\u00e9clar\u00e9 que \u00ab\u00a0toutes les communications et plaintes re\u00e7ues des citoyens \u00e0 soumettre \u00e0 la Cour p\u00e9nale internationale visent \u00e0 mettre davantage de pression sur le bureau du procureur g\u00e9n\u00e9ral, \u00e0 le forcer \u00e0 les traiter et les consid\u00e9rer en permanence\u00a0\u00bb. Les violations sionistes contre le peuple palestinien ont connu une nette augmentation en 2023. Selon la Commission de la r\u00e9sistance au mur et aux colonies sionistes, plus de 4000 violations ont \u00e9t\u00e9 enregistr\u00e9es au cours du premier semestre de cette ann\u00e9e. \u00ab\u00a0Les agressions sionistes vont du sabotage et du d\u00e9frichage des terres (appartenant \u00e0 des Palestiniens), en passant par le&nbsp; d\u00e9racinement d&rsquo;arbres, la d\u00e9molition de maisons et la liquidation physique de Palestiniens\u00a0\u00bb, a indiqu\u00e9 la Commission.<\/p>\n\n\n\n<p>R.I.<\/p>\n","protected":false},"excerpt":{"rendered":"<p>Dix Palestiniens ont \u00e9t\u00e9 arr\u00eat\u00e9s hier mercredi par les forces d\u2019occupation sionistes dans diff\u00e9rentes r\u00e9gions de Cisjordanie occup\u00e9e, rapporte l&rsquo;agence<\/p>\n","protected":false},"author":3,"featured_media":40671,"comment_status":"open","ping_status":"closed","sticky":false,"template":"","format":"standard","meta":{"colormag_page_container_layout":"default_layout","colormag_page_sidebar_layout":"default_layout","om_disable_all_campaigns":false,"_monsterinsights_skip_tracking":false,"_monsterinsights_sitenote_active":false,"_monsterinsights_sitenote_note":"","_monsterinsights_sitenote_category":0,"footnotes":"","_wpscppro_dont_share_socialmedia":false,"_wpscppro_custom_social_share_image":0,"_facebook_share_type":"","_twitter_share_type":"","_linkedin_share_type":"","_pinterest_share_type":"","_linkedin_share_type_page":"","_instagram_share_type":"","_medium_share_type":"","_threads_share_type":"","_google_business_share_type":"","_selected_social_profile":[],"_wpsp_enable_custom_social_template":false,"_wpsp_social_scheduling":{"enabled":false,"datetime":null,"platforms":[],"status":"template_only","dateOption":"today","timeOption":"now","customDays":"","customHours":"","customDate":"","customTime":"","schedulingType":"absolute"},"_wpsp_active_default_template":true},"categories":[37],"tags":[],"class_list":["post-43767","post","type-post","status-publish","format-standard","has-post-thumbnail","hentry","category-monde"],"aioseo_notices":[],"yoast_head":"<!-- This site is optimized with the Yoast SEO plugin v27.5 - https:\/\/yoast.com\/product\/yoast-seo-wordpress\/ -->\n<title>Cisjordanie occup\u00e9e&nbsp;: Dix Palestiniens arr\u00eat\u00e9s par les forces d&rsquo;occupation sionistes - La Sentinelle<\/title>\n<meta name=\"robots\" content=\"index, follow, max-snippet:-1, max-image-preview:large, max-video-preview:-1\" \/>\n<link rel=\"canonical\" href=\"https:\/\/lasentinelle.dz\/index.php\/2023\/07\/19\/cisjordanie-occupee-dix-palestiniens-arretes-par-les-forces-doccupation-sionistes\/\" \/>\n<meta property=\"og:locale\" content=\"fr_FR\" \/>\n<meta property=\"og:type\" content=\"article\" \/>\n<meta property=\"og:title\" content=\"Cisjordanie occup\u00e9e&nbsp;: Dix Palestiniens arr\u00eat\u00e9s par les forces d&rsquo;occupation sionistes - La Sentinelle\" \/>\n<meta property=\"og:description\" content=\"Dix Palestiniens ont \u00e9t\u00e9 arr\u00eat\u00e9s hier mercredi par les forces d\u2019occupation sionistes dans diff\u00e9rentes r\u00e9gions de Cisjordanie occup\u00e9e, rapporte l&rsquo;agence\" \/>\n<meta property=\"og:url\" content=\"https:\/\/lasentinelle.dz\/index.php\/2023\/07\/19\/cisjordanie-occupee-dix-palestiniens-arretes-par-les-forces-doccupation-sionistes\/\" \/>\n<meta property=\"og:site_name\" content=\"La Sentinelle\" \/>\n<meta property=\"article:publisher\" content=\"https:\/\/www.facebook.com\/La-Sentinelle-104059864394773\" \/>\n<meta property=\"article:published_time\" content=\"2023-07-19T19:05:00+00:00\" \/>\n<meta property=\"article:modified_time\" content=\"2023-07-19T20:07:11+00:00\" \/>\n<meta property=\"og:image\" content=\"https:\/\/lasentinelle.dz\/wp-content\/uploads\/2023\/05\/palestine.png\" \/>\n\t<meta property=\"og:image:width\" content=\"1095\" \/>\n\t<meta property=\"og:image:height\" content=\"900\" \/>\n\t<meta property=\"og:image:type\" content=\"image\/png\" \/>\n<meta name=\"author\" content=\"La Sentinelle\" \/>\n<meta name=\"twitter:card\" content=\"summary_large_image\" \/>\n<meta name=\"twitter:label1\" content=\"\u00c9crit par\" \/>\n\t<meta name=\"twitter:data1\" content=\"La Sentinelle\" \/>\n\t<meta name=\"twitter:label2\" content=\"Dur\u00e9e de lecture estim\u00e9e\" \/>\n\t<meta name=\"twitter:data2\" content=\"3 minutes\" \/>\n<script type=\"application\/ld+json\" class=\"yoast-schema-graph\">{\"@context\":\"https:\\\/\\\/schema.org\",\"@graph\":[{\"@type\":\"Article\",\"@id\":\"https:\\\/\\\/lasentinelle.dz\\\/index.php\\\/2023\\\/07\\\/19\\\/cisjordanie-occupee-dix-palestiniens-arretes-par-les-forces-doccupation-sionistes\\\/#article\",\"isPartOf\":{\"@id\":\"https:\\\/\\\/lasentinelle.dz\\\/index.php\\\/2023\\\/07\\\/19\\\/cisjordanie-occupee-dix-palestiniens-arretes-par-les-forces-doccupation-sionistes\\\/\"},\"author\":{\"name\":\"La Sentinelle\",\"@id\":\"https:\\\/\\\/lasentinelle.dz\\\/#\\\/schema\\\/person\\\/d865044e22e70a75174ce8bcad3acfb3\"},\"headline\":\"Cisjordanie occup\u00e9e&nbsp;: Dix Palestiniens arr\u00eat\u00e9s par les forces d&rsquo;occupation sionistes\",\"datePublished\":\"2023-07-19T19:05:00+00:00\",\"dateModified\":\"2023-07-19T20:07:11+00:00\",\"mainEntityOfPage\":{\"@id\":\"https:\\\/\\\/lasentinelle.dz\\\/index.php\\\/2023\\\/07\\\/19\\\/cisjordanie-occupee-dix-palestiniens-arretes-par-les-forces-doccupation-sionistes\\\/\"},\"wordCount\":557,\"commentCount\":0,\"publisher\":{\"@id\":\"https:\\\/\\\/lasentinelle.dz\\\/#organization\"},\"image\":{\"@id\":\"https:\\\/\\\/lasentinelle.dz\\\/index.php\\\/2023\\\/07\\\/19\\\/cisjordanie-occupee-dix-palestiniens-arretes-par-les-forces-doccupation-sionistes\\\/#primaryimage\"},\"thumbnailUrl\":\"https:\\\/\\\/lasentinelle.dz\\\/wp-content\\\/uploads\\\/2023\\\/05\\\/palestine.png\",\"articleSection\":[\"Monde\"],\"inLanguage\":\"fr-FR\",\"potentialAction\":[{\"@type\":\"CommentAction\",\"name\":\"Comment\",\"target\":[\"https:\\\/\\\/lasentinelle.dz\\\/index.php\\\/2023\\\/07\\\/19\\\/cisjordanie-occupee-dix-palestiniens-arretes-par-les-forces-doccupation-sionistes\\\/#respond\"]}]},{\"@type\":\"WebPage\",\"@id\":\"https:\\\/\\\/lasentinelle.dz\\\/index.php\\\/2023\\\/07\\\/19\\\/cisjordanie-occupee-dix-palestiniens-arretes-par-les-forces-doccupation-sionistes\\\/\",\"url\":\"https:\\\/\\\/lasentinelle.dz\\\/index.php\\\/2023\\\/07\\\/19\\\/cisjordanie-occupee-dix-palestiniens-arretes-par-les-forces-doccupation-sionistes\\\/\",\"name\":\"Cisjordanie occup\u00e9e&nbsp;: Dix Palestiniens arr\u00eat\u00e9s par les forces d&rsquo;occupation sionistes - La Sentinelle\",\"isPartOf\":{\"@id\":\"https:\\\/\\\/lasentinelle.dz\\\/#website\"},\"primaryImageOfPage\":{\"@id\":\"https:\\\/\\\/lasentinelle.dz\\\/index.php\\\/2023\\\/07\\\/19\\\/cisjordanie-occupee-dix-palestiniens-arretes-par-les-forces-doccupation-sionistes\\\/#primaryimage\"},\"image\":{\"@id\":\"https:\\\/\\\/lasentinelle.dz\\\/index.php\\\/2023\\\/07\\\/19\\\/cisjordanie-occupee-dix-palestiniens-arretes-par-les-forces-doccupation-sionistes\\\/#primaryimage\"},\"thumbnailUrl\":\"https:\\\/\\\/lasentinelle.dz\\\/wp-content\\\/uploads\\\/2023\\\/05\\\/palestine.png\",\"datePublished\":\"2023-07-19T19:05:00+00:00\",\"dateModified\":\"2023-07-19T20:07:11+00:00\",\"breadcrumb\":{\"@id\":\"https:\\\/\\\/lasentinelle.dz\\\/index.php\\\/2023\\\/07\\\/19\\\/cisjordanie-occupee-dix-palestiniens-arretes-par-les-forces-doccupation-sionistes\\\/#breadcrumb\"},\"inLanguage\":\"fr-FR\",\"potentialAction\":[{\"@type\":\"ReadAction\",\"target\":[\"https:\\\/\\\/lasentinelle.dz\\\/index.php\\\/2023\\\/07\\\/19\\\/cisjordanie-occupee-dix-palestiniens-arretes-par-les-forces-doccupation-sionistes\\\/\"]}]},{\"@type\":\"ImageObject\",\"inLanguage\":\"fr-FR\",\"@id\":\"https:\\\/\\\/lasentinelle.dz\\\/index.php\\\/2023\\\/07\\\/19\\\/cisjordanie-occupee-dix-palestiniens-arretes-par-les-forces-doccupation-sionistes\\\/#primaryimage\",\"url\":\"https:\\\/\\\/lasentinelle.dz\\\/wp-content\\\/uploads\\\/2023\\\/05\\\/palestine.png\",\"contentUrl\":\"https:\\\/\\\/lasentinelle.dz\\\/wp-content\\\/uploads\\\/2023\\\/05\\\/palestine.png\",\"width\":1095,\"height\":900},{\"@type\":\"BreadcrumbList\",\"@id\":\"https:\\\/\\\/lasentinelle.dz\\\/index.php\\\/2023\\\/07\\\/19\\\/cisjordanie-occupee-dix-palestiniens-arretes-par-les-forces-doccupation-sionistes\\\/#breadcrumb\",\"itemListElement\":[{\"@type\":\"ListItem\",\"position\":1,\"name\":\"Accueil\",\"item\":\"https:\\\/\\\/lasentinelle.dz\\\/\"},{\"@type\":\"ListItem\",\"position\":2,\"name\":\"Cisjordanie occup\u00e9e&nbsp;: Dix Palestiniens arr\u00eat\u00e9s par les forces d&rsquo;occupation sionistes\"}]},{\"@type\":\"WebSite\",\"@id\":\"https:\\\/\\\/lasentinelle.dz\\\/#website\",\"url\":\"https:\\\/\\\/lasentinelle.dz\\\/\",\"name\":\"La Sentinelle\",\"description\":\"Quotidien national d&#039;information\",\"publisher\":{\"@id\":\"https:\\\/\\\/lasentinelle.dz\\\/#organization\"},\"potentialAction\":[{\"@type\":\"SearchAction\",\"target\":{\"@type\":\"EntryPoint\",\"urlTemplate\":\"https:\\\/\\\/lasentinelle.dz\\\/?s={search_term_string}\"},\"query-input\":{\"@type\":\"PropertyValueSpecification\",\"valueRequired\":true,\"valueName\":\"search_term_string\"}}],\"inLanguage\":\"fr-FR\"},{\"@type\":\"Organization\",\"@id\":\"https:\\\/\\\/lasentinelle.dz\\\/#organization\",\"name\":\"Quotidien La Sentinelle\",\"url\":\"https:\\\/\\\/lasentinelle.dz\\\/\",\"logo\":{\"@type\":\"ImageObject\",\"inLanguage\":\"fr-FR\",\"@id\":\"https:\\\/\\\/lasentinelle.dz\\\/#\\\/schema\\\/logo\\\/image\\\/\",\"url\":\"https:\\\/\\\/lasentinelle.dz\\\/wp-content\\\/uploads\\\/2021\\\/09\\\/logo-sentinelleSLOGAN-1.png\",\"contentUrl\":\"https:\\\/\\\/lasentinelle.dz\\\/wp-content\\\/uploads\\\/2021\\\/09\\\/logo-sentinelleSLOGAN-1.png\",\"width\":615,\"height\":142,\"caption\":\"Quotidien La Sentinelle\"},\"image\":{\"@id\":\"https:\\\/\\\/lasentinelle.dz\\\/#\\\/schema\\\/logo\\\/image\\\/\"},\"sameAs\":[\"https:\\\/\\\/www.facebook.com\\\/La-Sentinelle-104059864394773\"]},{\"@type\":\"Person\",\"@id\":\"https:\\\/\\\/lasentinelle.dz\\\/#\\\/schema\\\/person\\\/d865044e22e70a75174ce8bcad3acfb3\",\"name\":\"La Sentinelle\",\"image\":{\"@type\":\"ImageObject\",\"inLanguage\":\"fr-FR\",\"@id\":\"https:\\\/\\\/secure.gravatar.com\\\/avatar\\\/57de8e5d4b15d43fb361a71fbb36338450fe67865b528a43dd10ef7c51a20392?s=96&d=mm&r=g\",\"url\":\"https:\\\/\\\/secure.gravatar.com\\\/avatar\\\/57de8e5d4b15d43fb361a71fbb36338450fe67865b528a43dd10ef7c51a20392?s=96&d=mm&r=g\",\"contentUrl\":\"https:\\\/\\\/secure.gravatar.com\\\/avatar\\\/57de8e5d4b15d43fb361a71fbb36338450fe67865b528a43dd10ef7c51a20392?s=96&d=mm&r=g\",\"caption\":\"La Sentinelle\"},\"sameAs\":[\"http:\\\/\\\/www.lasentinelle.dz\"],\"url\":\"https:\\\/\\\/lasentinelle.dz\\\/author\\\/redaction\\\/\"}]}<\/script>\n<!-- \/ Yoast SEO plugin. -->","yoast_head_json":{"title":"Cisjordanie occup\u00e9e&nbsp;: Dix Palestiniens arr\u00eat\u00e9s par les forces d&rsquo;occupation sionistes - La Sentinelle","robots":{"index":"index","follow":"follow","max-snippet":"max-snippet:-1","max-image-preview":"max-image-preview:large","max-video-preview":"max-video-preview:-1"},"canonical":"https:\/\/lasentinelle.dz\/index.php\/2023\/07\/19\/cisjordanie-occupee-dix-palestiniens-arretes-par-les-forces-doccupation-sionistes\/","og_locale":"fr_FR","og_type":"article","og_title":"Cisjordanie occup\u00e9e&nbsp;: Dix Palestiniens arr\u00eat\u00e9s par les forces d&rsquo;occupation sionistes - La Sentinelle","og_description":"Dix Palestiniens ont \u00e9t\u00e9 arr\u00eat\u00e9s hier mercredi par les forces d\u2019occupation sionistes dans diff\u00e9rentes r\u00e9gions de Cisjordanie occup\u00e9e, rapporte l&rsquo;agence","og_url":"https:\/\/lasentinelle.dz\/index.php\/2023\/07\/19\/cisjordanie-occupee-dix-palestiniens-arretes-par-les-forces-doccupation-sionistes\/","og_site_name":"La Sentinelle","article_publisher":"https:\/\/www.facebook.com\/La-Sentinelle-104059864394773","article_published_time":"2023-07-19T19:05:00+00:00","article_modified_time":"2023-07-19T20:07:11+00:00","og_image":[{"width":1095,"height":900,"url":"https:\/\/lasentinelle.dz\/wp-content\/uploads\/2023\/05\/palestine.png","type":"image\/png"}],"author":"La Sentinelle","twitter_card":"summary_large_image","twitter_misc":{"\u00c9crit par":"La Sentinelle","Dur\u00e9e de lecture estim\u00e9e":"3 minutes"},"schema":{"@context":"https:\/\/schema.org","@graph":[{"@type":"Article","@id":"https:\/\/lasentinelle.dz\/index.php\/2023\/07\/19\/cisjordanie-occupee-dix-palestiniens-arretes-par-les-forces-doccupation-sionistes\/#article","isPartOf":{"@id":"https:\/\/lasentinelle.dz\/index.php\/2023\/07\/19\/cisjordanie-occupee-dix-palestiniens-arretes-par-les-forces-doccupation-sionistes\/"},"author":{"name":"La Sentinelle","@id":"https:\/\/lasentinelle.dz\/#\/schema\/person\/d865044e22e70a75174ce8bcad3acfb3"},"headline":"Cisjordanie occup\u00e9e&nbsp;: Dix Palestiniens arr\u00eat\u00e9s par les forces d&rsquo;occupation sionistes","datePublished":"2023-07-19T19:05:00+00:00","dateModified":"2023-07-19T20:07:11+00:00","mainEntityOfPage":{"@id":"https:\/\/lasentinelle.dz\/index.php\/2023\/07\/19\/cisjordanie-occupee-dix-palestiniens-arretes-par-les-forces-doccupation-sionistes\/"},"wordCount":557,"commentCount":0,"publisher":{"@id":"https:\/\/lasentinelle.dz\/#organization"},"image":{"@id":"https:\/\/lasentinelle.dz\/index.php\/2023\/07\/19\/cisjordanie-occupee-dix-palestiniens-arretes-par-les-forces-doccupation-sionistes\/#primaryimage"},"thumbnailUrl":"https:\/\/lasentinelle.dz\/wp-content\/uploads\/2023\/05\/palestine.png","articleSection":["Monde"],"inLanguage":"fr-FR","potentialAction":[{"@type":"CommentAction","name":"Comment","target":["https:\/\/lasentinelle.dz\/index.php\/2023\/07\/19\/cisjordanie-occupee-dix-palestiniens-arretes-par-les-forces-doccupation-sionistes\/#respond"]}]},{"@type":"WebPage","@id":"https:\/\/lasentinelle.dz\/index.php\/2023\/07\/19\/cisjordanie-occupee-dix-palestiniens-arretes-par-les-forces-doccupation-sionistes\/","url":"https:\/\/lasentinelle.dz\/index.php\/2023\/07\/19\/cisjordanie-occupee-dix-palestiniens-arretes-par-les-forces-doccupation-sionistes\/","name":"Cisjordanie occup\u00e9e&nbsp;: Dix Palestiniens arr\u00eat\u00e9s par les forces d&rsquo;occupation sionistes - La Sentinelle","isPartOf":{"@id":"https:\/\/lasentinelle.dz\/#website"},"primaryImageOfPage":{"@id":"https:\/\/lasentinelle.dz\/index.php\/2023\/07\/19\/cisjordanie-occupee-dix-palestiniens-arretes-par-les-forces-doccupation-sionistes\/#primaryimage"},"image":{"@id":"https:\/\/lasentinelle.dz\/index.php\/2023\/07\/19\/cisjordanie-occupee-dix-palestiniens-arretes-par-les-forces-doccupation-sionistes\/#primaryimage"},"thumbnailUrl":"https:\/\/lasentinelle.dz\/wp-content\/uploads\/2023\/05\/palestine.png","datePublished":"2023-07-19T19:05:00+00:00","dateModified":"2023-07-19T20:07:11+00:00","breadcrumb":{"@id":"https:\/\/lasentinelle.dz\/index.php\/2023\/07\/19\/cisjordanie-occupee-dix-palestiniens-arretes-par-les-forces-doccupation-sionistes\/#breadcrumb"},"inLanguage":"fr-FR","potentialAction":[{"@type":"ReadAction","target":["https:\/\/lasentinelle.dz\/index.php\/2023\/07\/19\/cisjordanie-occupee-dix-palestiniens-arretes-par-les-forces-doccupation-sionistes\/"]}]},{"@type":"ImageObject","inLanguage":"fr-FR","@id":"https:\/\/lasentinelle.dz\/index.php\/2023\/07\/19\/cisjordanie-occupee-dix-palestiniens-arretes-par-les-forces-doccupation-sionistes\/#primaryimage","url":"https:\/\/lasentinelle.dz\/wp-content\/uploads\/2023\/05\/palestine.png","contentUrl":"https:\/\/lasentinelle.dz\/wp-content\/uploads\/2023\/05\/palestine.png","width":1095,"height":900},{"@type":"BreadcrumbList","@id":"https:\/\/lasentinelle.dz\/index.php\/2023\/07\/19\/cisjordanie-occupee-dix-palestiniens-arretes-par-les-forces-doccupation-sionistes\/#breadcrumb","itemListElement":[{"@type":"ListItem","position":1,"name":"Accueil","item":"https:\/\/lasentinelle.dz\/"},{"@type":"ListItem","position":2,"name":"Cisjordanie occup\u00e9e&nbsp;: Dix Palestiniens arr\u00eat\u00e9s par les forces d&rsquo;occupation sionistes"}]},{"@type":"WebSite","@id":"https:\/\/lasentinelle.dz\/#website","url":"https:\/\/lasentinelle.dz\/","name":"La Sentinelle","description":"Quotidien national d&#039;information","publisher":{"@id":"https:\/\/lasentinelle.dz\/#organization"},"potentialAction":[{"@type":"SearchAction","target":{"@type":"EntryPoint","urlTemplate":"https:\/\/lasentinelle.dz\/?s={search_term_string}"},"query-input":{"@type":"PropertyValueSpecification","valueRequired":true,"valueName":"search_term_string"}}],"inLanguage":"fr-FR"},{"@type":"Organization","@id":"https:\/\/lasentinelle.dz\/#organization","name":"Quotidien La Sentinelle","url":"https:\/\/lasentinelle.dz\/","logo":{"@type":"ImageObject","inLanguage":"fr-FR","@id":"https:\/\/lasentinelle.dz\/#\/schema\/logo\/image\/","url":"https:\/\/lasentinelle.dz\/wp-content\/uploads\/2021\/09\/logo-sentinelleSLOGAN-1.png","contentUrl":"https:\/\/lasentinelle.dz\/wp-content\/uploads\/2021\/09\/logo-sentinelleSLOGAN-1.png","width":615,"height":142,"caption":"Quotidien La Sentinelle"},"image":{"@id":"https:\/\/lasentinelle.dz\/#\/schema\/logo\/image\/"},"sameAs":["https:\/\/www.facebook.com\/La-Sentinelle-104059864394773"]},{"@type":"Person","@id":"https:\/\/lasentinelle.dz\/#\/schema\/person\/d865044e22e70a75174ce8bcad3acfb3","name":"La Sentinelle","image":{"@type":"ImageObject","inLanguage":"fr-FR","@id":"https:\/\/secure.gravatar.com\/avatar\/57de8e5d4b15d43fb361a71fbb36338450fe67865b528a43dd10ef7c51a20392?s=96&d=mm&r=g","url":"https:\/\/secure.gravatar.com\/avatar\/57de8e5d4b15d43fb361a71fbb36338450fe67865b528a43dd10ef7c51a20392?s=96&d=mm&r=g","contentUrl":"https:\/\/secure.gravatar.com\/avatar\/57de8e5d4b15d43fb361a71fbb36338450fe67865b528a43dd10ef7c51a20392?s=96&d=mm&r=g","caption":"La Sentinelle"},"sameAs":["http:\/\/www.lasentinelle.dz"],"url":"https:\/\/lasentinelle.dz\/author\/redaction\/"}]}},"_links":{"self":[{"href":"https:\/\/lasentinelle.dz\/index.php\/wp-json\/wp\/v2\/posts\/43767","targetHints":{"allow":["GET"]}}],"collection":[{"href":"https:\/\/lasentinelle.dz\/index.php\/wp-json\/wp\/v2\/posts"}],"about":[{"href":"https:\/\/lasentinelle.dz\/index.php\/wp-json\/wp\/v2\/types\/post"}],"author":[{"embeddable":true,"href":"https:\/\/lasentinelle.dz\/index.php\/wp-json\/wp\/v2\/users\/3"}],"replies":[{"embeddable":true,"href":"https:\/\/lasentinelle.dz\/index.php\/wp-json\/wp\/v2\/comments?post=43767"}],"version-history":[{"count":1,"href":"https:\/\/lasentinelle.dz\/index.php\/wp-json\/wp\/v2\/posts\/43767\/revisions"}],"predecessor-version":[{"id":43768,"href":"https:\/\/lasentinelle.dz\/index.php\/wp-json\/wp\/v2\/posts\/43767\/revisions\/43768"}],"wp:featuredmedia":[{"embeddable":true,"href":"https:\/\/lasentinelle.dz\/index.php\/wp-json\/wp\/v2\/media\/40671"}],"wp:attachment":[{"href":"https:\/\/lasentinelle.dz\/index.php\/wp-json\/wp\/v2\/media?parent=43767"}],"wp:term":[{"taxonomy":"category","embeddable":true,"href":"https:\/\/lasentinelle.dz\/index.php\/wp-json\/wp\/v2\/categories?post=43767"},{"taxonomy":"post_tag","embeddable":true,"href":"https:\/\/lasentinelle.dz\/index.php\/wp-json\/wp\/v2\/tags?post=43767"}],"curies":[{"name":"wp","href":"https:\/\/api.w.org\/{rel}","templated":true}]}}