{"id":43808,"date":"2023-07-19T22:05:46","date_gmt":"2023-07-19T21:05:46","guid":{"rendered":"https:\/\/lasentinelle.dz\/?p=43808"},"modified":"2023-07-19T22:05:52","modified_gmt":"2023-07-19T21:05:52","slug":"feux-de-foret-merad-souligne-la-necessite-de-maintenir-le-meme-niveau-de-vigilance","status":"publish","type":"post","link":"https:\/\/lasentinelle.dz\/index.php\/2023\/07\/19\/feux-de-foret-merad-souligne-la-necessite-de-maintenir-le-meme-niveau-de-vigilance\/","title":{"rendered":"Feux de for\u00eat&nbsp;: Merad souligne la n\u00e9cessit\u00e9 de maintenir le m\u00eame niveau de vigilance"},"content":{"rendered":"\n<p>Le ministre de l&rsquo;Int\u00e9rieur, des Collectivit\u00e9s locales et de l&rsquo;Am\u00e9nagement du territoire, Brahim Merad a indiqu\u00e9 &nbsp;hier lors d&rsquo;une visite sur le terrain dans la wilaya d&rsquo;Alger, qu\u2019\u00a0\u00bben d\u00e9pit des temp\u00e9ratures records enregistr\u00e9es, les incendies qui se sont d\u00e9clar\u00e9s \u00e0 travers diff\u00e9rentes r\u00e9gions du pays (for\u00eats, r\u00e9coltes et oasis), ont \u00e9t\u00e9 tous efficacement ma\u00eetris\u00e9s sans pertes humaines \u00e0 d\u00e9plorer\u00a0\u00bb.&nbsp; Le m\u00e9rite revient, poursuit le ministre, \u00ab\u00a0aux mesures proactives prises par les pouvoirs publics et aux interventions de qualit\u00e9 des services de la Protection civile, appuy\u00e9s par les moyens mobilis\u00e9s, notamment a\u00e9riens\u00a0\u00bb. Il a toutefois insist\u00e9, dans ce cadre, sur \u00ab\u00a0l&rsquo;imp\u00e9ratif de maintenir le m\u00eame niveau de vigilance et de mobilisation, \u00e0 travers toutes les wilayas du pays\u00a0\u00bb en vue de pr\u00e9venir les feux de for\u00eat, appelant les citoyens \u00e0 \u00ab\u00a0concourir aux efforts de pr\u00e9vention, d&rsquo;autant que le facteur humain est \u00e0 l&rsquo;origine de la plupart des incendies enregistr\u00e9s\u00a0\u00bb. Notons que lors de sa visite, M. Merad a inaugur\u00e9 un th\u00e9\u00e2tre pour amateurs dans la commune de Bologhine. Il a \u00e9galement \u00e9cout\u00e9 dans la commune de Bab el Oued un expos\u00e9 sur le r\u00e9am\u00e9nagement des vielles b\u00e2tisses dans la wilaya d&rsquo;Alger, y compris la fa\u00e7ade donnant sur le jardin Ferhani. A cette occasion, le ministre de l&rsquo;Int\u00e9rieur a indiqu\u00e9 que \u00ab\u00a0l&rsquo;acc\u00e9l\u00e9ration de la cadence des op\u00e9rations de r\u00e9habilitation du vieux b\u00e2ti contribuera \u00e0 donner \u00e0 la capitale une fa\u00e7ade qui lui sied. Cela permettra aussi de mettre en valeur le patrimoine civilisationnel et architectural de cette ville\u00a0\u00bb.<\/p>\n\n\n\n<p>R.N.<\/p>\n","protected":false},"excerpt":{"rendered":"<p>Le ministre de l&rsquo;Int\u00e9rieur, des Collectivit\u00e9s locales et de l&rsquo;Am\u00e9nagement du territoire, Brahim Merad a indiqu\u00e9 &nbsp;hier lors d&rsquo;une visite<\/p>\n","protected":false},"author":3,"featured_media":1051,"comment_status":"open","ping_status":"closed","sticky":false,"template":"","format":"standard","meta":{"colormag_page_container_layout":"default_layout","colormag_page_sidebar_layout":"default_layout","om_disable_all_campaigns":false,"_monsterinsights_skip_tracking":false,"_monsterinsights_sitenote_active":false,"_monsterinsights_sitenote_note":"","_monsterinsights_sitenote_category":0,"footnotes":"","_wpscppro_dont_share_socialmedia":false,"_wpscppro_custom_social_share_image":0,"_facebook_share_type":"","_twitter_share_type":"","_linkedin_share_type":"","_pinterest_share_type":"","_linkedin_share_type_page":"","_instagram_share_type":"","_medium_share_type":"","_threads_share_type":"","_google_business_share_type":"","_selected_social_profile":[],"_wpsp_enable_custom_social_template":false,"_wpsp_social_scheduling":{"enabled":false,"datetime":null,"platforms":[],"status":"template_only","dateOption":"today","timeOption":"now","customDays":"","customHours":"","customDate":"","customTime":"","schedulingType":"absolute"},"_wpsp_active_default_template":true},"categories":[27],"tags":[],"class_list":["post-43808","post","type-post","status-publish","format-standard","has-post-thumbnail","hentry","category-actualite"],"aioseo_notices":[],"yoast_head":"<!-- This site is optimized with the Yoast SEO plugin v27.5 - https:\/\/yoast.com\/product\/yoast-seo-wordpress\/ -->\n<title>Feux de for\u00eat&nbsp;: Merad souligne la n\u00e9cessit\u00e9 de maintenir le m\u00eame niveau de vigilance - La Sentinelle<\/title>\n<meta name=\"robots\" content=\"index, follow, max-snippet:-1, max-image-preview:large, max-video-preview:-1\" \/>\n<link rel=\"canonical\" href=\"https:\/\/lasentinelle.dz\/index.php\/2023\/07\/19\/feux-de-foret-merad-souligne-la-necessite-de-maintenir-le-meme-niveau-de-vigilance\/\" \/>\n<meta property=\"og:locale\" content=\"fr_FR\" \/>\n<meta property=\"og:type\" content=\"article\" \/>\n<meta property=\"og:title\" content=\"Feux de for\u00eat&nbsp;: Merad souligne la n\u00e9cessit\u00e9 de maintenir le m\u00eame niveau de vigilance - La Sentinelle\" \/>\n<meta property=\"og:description\" content=\"Le ministre de l&rsquo;Int\u00e9rieur, des Collectivit\u00e9s locales et de l&rsquo;Am\u00e9nagement du territoire, Brahim Merad a indiqu\u00e9 &nbsp;hier lors d&rsquo;une visite\" \/>\n<meta property=\"og:url\" content=\"https:\/\/lasentinelle.dz\/index.php\/2023\/07\/19\/feux-de-foret-merad-souligne-la-necessite-de-maintenir-le-meme-niveau-de-vigilance\/\" \/>\n<meta property=\"og:site_name\" content=\"La Sentinelle\" \/>\n<meta property=\"article:publisher\" content=\"https:\/\/www.facebook.com\/La-Sentinelle-104059864394773\" \/>\n<meta property=\"article:published_time\" content=\"2023-07-19T21:05:46+00:00\" \/>\n<meta property=\"article:modified_time\" content=\"2023-07-19T21:05:52+00:00\" \/>\n<meta property=\"og:image\" content=\"https:\/\/lasentinelle.dz\/wp-content\/uploads\/2021\/07\/Feux-de-foret-1024x630.png\" \/>\n\t<meta property=\"og:image:width\" content=\"1024\" \/>\n\t<meta property=\"og:image:height\" content=\"630\" \/>\n\t<meta property=\"og:image:type\" content=\"image\/png\" \/>\n<meta name=\"author\" content=\"La Sentinelle\" \/>\n<meta name=\"twitter:card\" content=\"summary_large_image\" \/>\n<meta name=\"twitter:label1\" content=\"\u00c9crit par\" \/>\n\t<meta name=\"twitter:data1\" content=\"La Sentinelle\" \/>\n\t<meta name=\"twitter:label2\" content=\"Dur\u00e9e de lecture estim\u00e9e\" \/>\n\t<meta name=\"twitter:data2\" content=\"2 minutes\" \/>\n<script type=\"application\/ld+json\" class=\"yoast-schema-graph\">{\"@context\":\"https:\\\/\\\/schema.org\",\"@graph\":[{\"@type\":\"Article\",\"@id\":\"https:\\\/\\\/lasentinelle.dz\\\/index.php\\\/2023\\\/07\\\/19\\\/feux-de-foret-merad-souligne-la-necessite-de-maintenir-le-meme-niveau-de-vigilance\\\/#article\",\"isPartOf\":{\"@id\":\"https:\\\/\\\/lasentinelle.dz\\\/index.php\\\/2023\\\/07\\\/19\\\/feux-de-foret-merad-souligne-la-necessite-de-maintenir-le-meme-niveau-de-vigilance\\\/\"},\"author\":{\"name\":\"La Sentinelle\",\"@id\":\"https:\\\/\\\/lasentinelle.dz\\\/#\\\/schema\\\/person\\\/d865044e22e70a75174ce8bcad3acfb3\"},\"headline\":\"Feux de for\u00eat&nbsp;: Merad souligne la n\u00e9cessit\u00e9 de maintenir le m\u00eame niveau de vigilance\",\"datePublished\":\"2023-07-19T21:05:46+00:00\",\"dateModified\":\"2023-07-19T21:05:52+00:00\",\"mainEntityOfPage\":{\"@id\":\"https:\\\/\\\/lasentinelle.dz\\\/index.php\\\/2023\\\/07\\\/19\\\/feux-de-foret-merad-souligne-la-necessite-de-maintenir-le-meme-niveau-de-vigilance\\\/\"},\"wordCount\":309,\"commentCount\":0,\"publisher\":{\"@id\":\"https:\\\/\\\/lasentinelle.dz\\\/#organization\"},\"image\":{\"@id\":\"https:\\\/\\\/lasentinelle.dz\\\/index.php\\\/2023\\\/07\\\/19\\\/feux-de-foret-merad-souligne-la-necessite-de-maintenir-le-meme-niveau-de-vigilance\\\/#primaryimage\"},\"thumbnailUrl\":\"https:\\\/\\\/lasentinelle.dz\\\/wp-content\\\/uploads\\\/2021\\\/07\\\/Feux-de-foret.png\",\"articleSection\":[\"Actualit\u00e9\"],\"inLanguage\":\"fr-FR\",\"potentialAction\":[{\"@type\":\"CommentAction\",\"name\":\"Comment\",\"target\":[\"https:\\\/\\\/lasentinelle.dz\\\/index.php\\\/2023\\\/07\\\/19\\\/feux-de-foret-merad-souligne-la-necessite-de-maintenir-le-meme-niveau-de-vigilance\\\/#respond\"]}]},{\"@type\":\"WebPage\",\"@id\":\"https:\\\/\\\/lasentinelle.dz\\\/index.php\\\/2023\\\/07\\\/19\\\/feux-de-foret-merad-souligne-la-necessite-de-maintenir-le-meme-niveau-de-vigilance\\\/\",\"url\":\"https:\\\/\\\/lasentinelle.dz\\\/index.php\\\/2023\\\/07\\\/19\\\/feux-de-foret-merad-souligne-la-necessite-de-maintenir-le-meme-niveau-de-vigilance\\\/\",\"name\":\"Feux de for\u00eat&nbsp;: Merad souligne la n\u00e9cessit\u00e9 de maintenir le m\u00eame niveau de vigilance - La Sentinelle\",\"isPartOf\":{\"@id\":\"https:\\\/\\\/lasentinelle.dz\\\/#website\"},\"primaryImageOfPage\":{\"@id\":\"https:\\\/\\\/lasentinelle.dz\\\/index.php\\\/2023\\\/07\\\/19\\\/feux-de-foret-merad-souligne-la-necessite-de-maintenir-le-meme-niveau-de-vigilance\\\/#primaryimage\"},\"image\":{\"@id\":\"https:\\\/\\\/lasentinelle.dz\\\/index.php\\\/2023\\\/07\\\/19\\\/feux-de-foret-merad-souligne-la-necessite-de-maintenir-le-meme-niveau-de-vigilance\\\/#primaryimage\"},\"thumbnailUrl\":\"https:\\\/\\\/lasentinelle.dz\\\/wp-content\\\/uploads\\\/2021\\\/07\\\/Feux-de-foret.png\",\"datePublished\":\"2023-07-19T21:05:46+00:00\",\"dateModified\":\"2023-07-19T21:05:52+00:00\",\"breadcrumb\":{\"@id\":\"https:\\\/\\\/lasentinelle.dz\\\/index.php\\\/2023\\\/07\\\/19\\\/feux-de-foret-merad-souligne-la-necessite-de-maintenir-le-meme-niveau-de-vigilance\\\/#breadcrumb\"},\"inLanguage\":\"fr-FR\",\"potentialAction\":[{\"@type\":\"ReadAction\",\"target\":[\"https:\\\/\\\/lasentinelle.dz\\\/index.php\\\/2023\\\/07\\\/19\\\/feux-de-foret-merad-souligne-la-necessite-de-maintenir-le-meme-niveau-de-vigilance\\\/\"]}]},{\"@type\":\"ImageObject\",\"inLanguage\":\"fr-FR\",\"@id\":\"https:\\\/\\\/lasentinelle.dz\\\/index.php\\\/2023\\\/07\\\/19\\\/feux-de-foret-merad-souligne-la-necessite-de-maintenir-le-meme-niveau-de-vigilance\\\/#primaryimage\",\"url\":\"https:\\\/\\\/lasentinelle.dz\\\/wp-content\\\/uploads\\\/2021\\\/07\\\/Feux-de-foret.png\",\"contentUrl\":\"https:\\\/\\\/lasentinelle.dz\\\/wp-content\\\/uploads\\\/2021\\\/07\\\/Feux-de-foret.png\",\"width\":1464,\"height\":900},{\"@type\":\"BreadcrumbList\",\"@id\":\"https:\\\/\\\/lasentinelle.dz\\\/index.php\\\/2023\\\/07\\\/19\\\/feux-de-foret-merad-souligne-la-necessite-de-maintenir-le-meme-niveau-de-vigilance\\\/#breadcrumb\",\"itemListElement\":[{\"@type\":\"ListItem\",\"position\":1,\"name\":\"Accueil\",\"item\":\"https:\\\/\\\/lasentinelle.dz\\\/\"},{\"@type\":\"ListItem\",\"position\":2,\"name\":\"Feux de for\u00eat&nbsp;: Merad souligne la n\u00e9cessit\u00e9 de maintenir le m\u00eame niveau de vigilance\"}]},{\"@type\":\"WebSite\",\"@id\":\"https:\\\/\\\/lasentinelle.dz\\\/#website\",\"url\":\"https:\\\/\\\/lasentinelle.dz\\\/\",\"name\":\"La Sentinelle\",\"description\":\"Quotidien national d&#039;information\",\"publisher\":{\"@id\":\"https:\\\/\\\/lasentinelle.dz\\\/#organization\"},\"potentialAction\":[{\"@type\":\"SearchAction\",\"target\":{\"@type\":\"EntryPoint\",\"urlTemplate\":\"https:\\\/\\\/lasentinelle.dz\\\/?s={search_term_string}\"},\"query-input\":{\"@type\":\"PropertyValueSpecification\",\"valueRequired\":true,\"valueName\":\"search_term_string\"}}],\"inLanguage\":\"fr-FR\"},{\"@type\":\"Organization\",\"@id\":\"https:\\\/\\\/lasentinelle.dz\\\/#organization\",\"name\":\"Quotidien La Sentinelle\",\"url\":\"https:\\\/\\\/lasentinelle.dz\\\/\",\"logo\":{\"@type\":\"ImageObject\",\"inLanguage\":\"fr-FR\",\"@id\":\"https:\\\/\\\/lasentinelle.dz\\\/#\\\/schema\\\/logo\\\/image\\\/\",\"url\":\"https:\\\/\\\/lasentinelle.dz\\\/wp-content\\\/uploads\\\/2021\\\/09\\\/logo-sentinelleSLOGAN-1.png\",\"contentUrl\":\"https:\\\/\\\/lasentinelle.dz\\\/wp-content\\\/uploads\\\/2021\\\/09\\\/logo-sentinelleSLOGAN-1.png\",\"width\":615,\"height\":142,\"caption\":\"Quotidien La Sentinelle\"},\"image\":{\"@id\":\"https:\\\/\\\/lasentinelle.dz\\\/#\\\/schema\\\/logo\\\/image\\\/\"},\"sameAs\":[\"https:\\\/\\\/www.facebook.com\\\/La-Sentinelle-104059864394773\"]},{\"@type\":\"Person\",\"@id\":\"https:\\\/\\\/lasentinelle.dz\\\/#\\\/schema\\\/person\\\/d865044e22e70a75174ce8bcad3acfb3\",\"name\":\"La Sentinelle\",\"image\":{\"@type\":\"ImageObject\",\"inLanguage\":\"fr-FR\",\"@id\":\"https:\\\/\\\/secure.gravatar.com\\\/avatar\\\/57de8e5d4b15d43fb361a71fbb36338450fe67865b528a43dd10ef7c51a20392?s=96&d=mm&r=g\",\"url\":\"https:\\\/\\\/secure.gravatar.com\\\/avatar\\\/57de8e5d4b15d43fb361a71fbb36338450fe67865b528a43dd10ef7c51a20392?s=96&d=mm&r=g\",\"contentUrl\":\"https:\\\/\\\/secure.gravatar.com\\\/avatar\\\/57de8e5d4b15d43fb361a71fbb36338450fe67865b528a43dd10ef7c51a20392?s=96&d=mm&r=g\",\"caption\":\"La Sentinelle\"},\"sameAs\":[\"http:\\\/\\\/www.lasentinelle.dz\"],\"url\":\"https:\\\/\\\/lasentinelle.dz\\\/author\\\/redaction\\\/\"}]}<\/script>\n<!-- \/ Yoast SEO plugin. -->","yoast_head_json":{"title":"Feux de for\u00eat&nbsp;: Merad souligne la n\u00e9cessit\u00e9 de maintenir le m\u00eame niveau de vigilance - La Sentinelle","robots":{"index":"index","follow":"follow","max-snippet":"max-snippet:-1","max-image-preview":"max-image-preview:large","max-video-preview":"max-video-preview:-1"},"canonical":"https:\/\/lasentinelle.dz\/index.php\/2023\/07\/19\/feux-de-foret-merad-souligne-la-necessite-de-maintenir-le-meme-niveau-de-vigilance\/","og_locale":"fr_FR","og_type":"article","og_title":"Feux de for\u00eat&nbsp;: Merad souligne la n\u00e9cessit\u00e9 de maintenir le m\u00eame niveau de vigilance - La Sentinelle","og_description":"Le ministre de l&rsquo;Int\u00e9rieur, des Collectivit\u00e9s locales et de l&rsquo;Am\u00e9nagement du territoire, Brahim Merad a indiqu\u00e9 &nbsp;hier lors d&rsquo;une visite","og_url":"https:\/\/lasentinelle.dz\/index.php\/2023\/07\/19\/feux-de-foret-merad-souligne-la-necessite-de-maintenir-le-meme-niveau-de-vigilance\/","og_site_name":"La Sentinelle","article_publisher":"https:\/\/www.facebook.com\/La-Sentinelle-104059864394773","article_published_time":"2023-07-19T21:05:46+00:00","article_modified_time":"2023-07-19T21:05:52+00:00","og_image":[{"width":1024,"height":630,"url":"https:\/\/lasentinelle.dz\/wp-content\/uploads\/2021\/07\/Feux-de-foret-1024x630.png","type":"image\/png"}],"author":"La Sentinelle","twitter_card":"summary_large_image","twitter_misc":{"\u00c9crit par":"La Sentinelle","Dur\u00e9e de lecture estim\u00e9e":"2 minutes"},"schema":{"@context":"https:\/\/schema.org","@graph":[{"@type":"Article","@id":"https:\/\/lasentinelle.dz\/index.php\/2023\/07\/19\/feux-de-foret-merad-souligne-la-necessite-de-maintenir-le-meme-niveau-de-vigilance\/#article","isPartOf":{"@id":"https:\/\/lasentinelle.dz\/index.php\/2023\/07\/19\/feux-de-foret-merad-souligne-la-necessite-de-maintenir-le-meme-niveau-de-vigilance\/"},"author":{"name":"La Sentinelle","@id":"https:\/\/lasentinelle.dz\/#\/schema\/person\/d865044e22e70a75174ce8bcad3acfb3"},"headline":"Feux de for\u00eat&nbsp;: Merad souligne la n\u00e9cessit\u00e9 de maintenir le m\u00eame niveau de vigilance","datePublished":"2023-07-19T21:05:46+00:00","dateModified":"2023-07-19T21:05:52+00:00","mainEntityOfPage":{"@id":"https:\/\/lasentinelle.dz\/index.php\/2023\/07\/19\/feux-de-foret-merad-souligne-la-necessite-de-maintenir-le-meme-niveau-de-vigilance\/"},"wordCount":309,"commentCount":0,"publisher":{"@id":"https:\/\/lasentinelle.dz\/#organization"},"image":{"@id":"https:\/\/lasentinelle.dz\/index.php\/2023\/07\/19\/feux-de-foret-merad-souligne-la-necessite-de-maintenir-le-meme-niveau-de-vigilance\/#primaryimage"},"thumbnailUrl":"https:\/\/lasentinelle.dz\/wp-content\/uploads\/2021\/07\/Feux-de-foret.png","articleSection":["Actualit\u00e9"],"inLanguage":"fr-FR","potentialAction":[{"@type":"CommentAction","name":"Comment","target":["https:\/\/lasentinelle.dz\/index.php\/2023\/07\/19\/feux-de-foret-merad-souligne-la-necessite-de-maintenir-le-meme-niveau-de-vigilance\/#respond"]}]},{"@type":"WebPage","@id":"https:\/\/lasentinelle.dz\/index.php\/2023\/07\/19\/feux-de-foret-merad-souligne-la-necessite-de-maintenir-le-meme-niveau-de-vigilance\/","url":"https:\/\/lasentinelle.dz\/index.php\/2023\/07\/19\/feux-de-foret-merad-souligne-la-necessite-de-maintenir-le-meme-niveau-de-vigilance\/","name":"Feux de for\u00eat&nbsp;: Merad souligne la n\u00e9cessit\u00e9 de maintenir le m\u00eame niveau de vigilance - La Sentinelle","isPartOf":{"@id":"https:\/\/lasentinelle.dz\/#website"},"primaryImageOfPage":{"@id":"https:\/\/lasentinelle.dz\/index.php\/2023\/07\/19\/feux-de-foret-merad-souligne-la-necessite-de-maintenir-le-meme-niveau-de-vigilance\/#primaryimage"},"image":{"@id":"https:\/\/lasentinelle.dz\/index.php\/2023\/07\/19\/feux-de-foret-merad-souligne-la-necessite-de-maintenir-le-meme-niveau-de-vigilance\/#primaryimage"},"thumbnailUrl":"https:\/\/lasentinelle.dz\/wp-content\/uploads\/2021\/07\/Feux-de-foret.png","datePublished":"2023-07-19T21:05:46+00:00","dateModified":"2023-07-19T21:05:52+00:00","breadcrumb":{"@id":"https:\/\/lasentinelle.dz\/index.php\/2023\/07\/19\/feux-de-foret-merad-souligne-la-necessite-de-maintenir-le-meme-niveau-de-vigilance\/#breadcrumb"},"inLanguage":"fr-FR","potentialAction":[{"@type":"ReadAction","target":["https:\/\/lasentinelle.dz\/index.php\/2023\/07\/19\/feux-de-foret-merad-souligne-la-necessite-de-maintenir-le-meme-niveau-de-vigilance\/"]}]},{"@type":"ImageObject","inLanguage":"fr-FR","@id":"https:\/\/lasentinelle.dz\/index.php\/2023\/07\/19\/feux-de-foret-merad-souligne-la-necessite-de-maintenir-le-meme-niveau-de-vigilance\/#primaryimage","url":"https:\/\/lasentinelle.dz\/wp-content\/uploads\/2021\/07\/Feux-de-foret.png","contentUrl":"https:\/\/lasentinelle.dz\/wp-content\/uploads\/2021\/07\/Feux-de-foret.png","width":1464,"height":900},{"@type":"BreadcrumbList","@id":"https:\/\/lasentinelle.dz\/index.php\/2023\/07\/19\/feux-de-foret-merad-souligne-la-necessite-de-maintenir-le-meme-niveau-de-vigilance\/#breadcrumb","itemListElement":[{"@type":"ListItem","position":1,"name":"Accueil","item":"https:\/\/lasentinelle.dz\/"},{"@type":"ListItem","position":2,"name":"Feux de for\u00eat&nbsp;: Merad souligne la n\u00e9cessit\u00e9 de maintenir le m\u00eame niveau de vigilance"}]},{"@type":"WebSite","@id":"https:\/\/lasentinelle.dz\/#website","url":"https:\/\/lasentinelle.dz\/","name":"La Sentinelle","description":"Quotidien national d&#039;information","publisher":{"@id":"https:\/\/lasentinelle.dz\/#organization"},"potentialAction":[{"@type":"SearchAction","target":{"@type":"EntryPoint","urlTemplate":"https:\/\/lasentinelle.dz\/?s={search_term_string}"},"query-input":{"@type":"PropertyValueSpecification","valueRequired":true,"valueName":"search_term_string"}}],"inLanguage":"fr-FR"},{"@type":"Organization","@id":"https:\/\/lasentinelle.dz\/#organization","name":"Quotidien La Sentinelle","url":"https:\/\/lasentinelle.dz\/","logo":{"@type":"ImageObject","inLanguage":"fr-FR","@id":"https:\/\/lasentinelle.dz\/#\/schema\/logo\/image\/","url":"https:\/\/lasentinelle.dz\/wp-content\/uploads\/2021\/09\/logo-sentinelleSLOGAN-1.png","contentUrl":"https:\/\/lasentinelle.dz\/wp-content\/uploads\/2021\/09\/logo-sentinelleSLOGAN-1.png","width":615,"height":142,"caption":"Quotidien La Sentinelle"},"image":{"@id":"https:\/\/lasentinelle.dz\/#\/schema\/logo\/image\/"},"sameAs":["https:\/\/www.facebook.com\/La-Sentinelle-104059864394773"]},{"@type":"Person","@id":"https:\/\/lasentinelle.dz\/#\/schema\/person\/d865044e22e70a75174ce8bcad3acfb3","name":"La Sentinelle","image":{"@type":"ImageObject","inLanguage":"fr-FR","@id":"https:\/\/secure.gravatar.com\/avatar\/57de8e5d4b15d43fb361a71fbb36338450fe67865b528a43dd10ef7c51a20392?s=96&d=mm&r=g","url":"https:\/\/secure.gravatar.com\/avatar\/57de8e5d4b15d43fb361a71fbb36338450fe67865b528a43dd10ef7c51a20392?s=96&d=mm&r=g","contentUrl":"https:\/\/secure.gravatar.com\/avatar\/57de8e5d4b15d43fb361a71fbb36338450fe67865b528a43dd10ef7c51a20392?s=96&d=mm&r=g","caption":"La Sentinelle"},"sameAs":["http:\/\/www.lasentinelle.dz"],"url":"https:\/\/lasentinelle.dz\/author\/redaction\/"}]}},"_links":{"self":[{"href":"https:\/\/lasentinelle.dz\/index.php\/wp-json\/wp\/v2\/posts\/43808","targetHints":{"allow":["GET"]}}],"collection":[{"href":"https:\/\/lasentinelle.dz\/index.php\/wp-json\/wp\/v2\/posts"}],"about":[{"href":"https:\/\/lasentinelle.dz\/index.php\/wp-json\/wp\/v2\/types\/post"}],"author":[{"embeddable":true,"href":"https:\/\/lasentinelle.dz\/index.php\/wp-json\/wp\/v2\/users\/3"}],"replies":[{"embeddable":true,"href":"https:\/\/lasentinelle.dz\/index.php\/wp-json\/wp\/v2\/comments?post=43808"}],"version-history":[{"count":1,"href":"https:\/\/lasentinelle.dz\/index.php\/wp-json\/wp\/v2\/posts\/43808\/revisions"}],"predecessor-version":[{"id":43809,"href":"https:\/\/lasentinelle.dz\/index.php\/wp-json\/wp\/v2\/posts\/43808\/revisions\/43809"}],"wp:featuredmedia":[{"embeddable":true,"href":"https:\/\/lasentinelle.dz\/index.php\/wp-json\/wp\/v2\/media\/1051"}],"wp:attachment":[{"href":"https:\/\/lasentinelle.dz\/index.php\/wp-json\/wp\/v2\/media?parent=43808"}],"wp:term":[{"taxonomy":"category","embeddable":true,"href":"https:\/\/lasentinelle.dz\/index.php\/wp-json\/wp\/v2\/categories?post=43808"},{"taxonomy":"post_tag","embeddable":true,"href":"https:\/\/lasentinelle.dz\/index.php\/wp-json\/wp\/v2\/tags?post=43808"}],"curies":[{"name":"wp","href":"https:\/\/api.w.org\/{rel}","templated":true}]}}