{"id":43834,"date":"2023-07-22T20:56:40","date_gmt":"2023-07-22T19:56:40","guid":{"rendered":"https:\/\/lasentinelle.dz\/?p=43834"},"modified":"2023-07-22T20:56:41","modified_gmt":"2023-07-22T19:56:41","slug":"conflit-en-ukraine-un-journaliste-russe-tue-suite-a-une-frappe-a-laide-darmes-a-sous-munitions","status":"publish","type":"post","link":"https:\/\/lasentinelle.dz\/index.php\/2023\/07\/22\/conflit-en-ukraine-un-journaliste-russe-tue-suite-a-une-frappe-a-laide-darmes-a-sous-munitions\/","title":{"rendered":"Conflit en Ukraine&nbsp;: Un journaliste russe tu\u00e9 suite \u00e0 une frappe \u00e0 l\u2019aide d\u2019armes \u00e0 sous-munitions"},"content":{"rendered":"\n<p>Quatre journalistes du quotidien Izvestia et de l\u2019agence de presse RIA Novosti ont \u00e9t\u00e9 bless\u00e9s \u00e0 la suite d\u2019une frappe ukrainienne dans la r\u00e9gion de Zaporoji\u00e9 \u00e0 l\u2019aide d\u2019armes \u00e0 sous-munitions. Le journaliste de RIA Novosti, Rostislav Jouravlev, est d\u00e9c\u00e9d\u00e9 pendant son \u00e9vacuation, les autres sont dans un \u00e9tat stable, a d\u00e9clar\u00e9 le minist\u00e8re russe de la D\u00e9fense. \u00ab Le 22 juillet 2023, vers 12 heures [UTC+3], des unit\u00e9s ukrainiennes ont lanc\u00e9 une attaque d\u2019artillerie contre un groupe de journalistes du quotidien Izvestia et de l\u2019agence de presse RIA Novosti, qui pr\u00e9paraient des reportages sur le bombardement par l\u2019arm\u00e9e ukrainienne, avec des armes \u00e0 sous-munitions, de zones peupl\u00e9es dans la r\u00e9gion de Zaporoji\u00e9<\/p>\n\n\n\n<p>Suite \u00e0 l\u2019attaque de l\u2019arm\u00e9e ukrainienne avec des armes \u00e0 sous-munitions, quatre journalistes ont \u00e9t\u00e9 bless\u00e9s plus ou moins gravement \u00bb, indique le communiqu\u00e9. La D\u00e9fense russe souligne que le journaliste de RIA Novosti, Rostislav Jouravlev, a succomb\u00e9 \u00e0 ses blessures pendant l\u2019\u00e9vacuation. \u00ab L\u2019\u00e9tat de sant\u00e9 des autres journalistes est de gravit\u00e9 mod\u00e9r\u00e9e, stable. Leur pronostic vital n\u2019est pas engag\u00e9. Ils re\u00e7oivent toute l\u2019assistance m\u00e9dicale n\u00e9cessaire \u00bb, a ajout\u00e9 l\u2019arm\u00e9e russe.<\/p>\n\n\n\n<p>Par ailleurs une attaque de drone sur un d\u00e9p\u00f4t de munitions en Crim\u00e9e samedi a entra\u00een\u00e9 l&rsquo;\u00e9vacuation d&rsquo;habitants ainsi qu&rsquo;une br\u00e8ve interruption de la circulation routi\u00e8re sur le pont reliant la Russie \u00e0 la p\u00e9ninsule annex\u00e9e. Une explosion a eu lieu dans un d\u00e9p\u00f4t \u00e0 Krasnogvarde\u00efski et les habitants ont \u00e9t\u00e9 \u00e9v\u00e9cu\u00e9s dans un rayon de 5 km, a pr\u00e9cis\u00e9 le gouverneur, qui n&rsquo;a fait \u00e9tat d&rsquo;aucun d\u00e9g\u00e2t ni d&rsquo;aucune victime. Il a imput\u00e9 cette \u00e0 l&rsquo;Ukraine. Sur une vid\u00e9o publi\u00e9e sur les r\u00e9seaux sociaux et partag\u00e9e par un m\u00e9dia d&rsquo;Etat on pouvait observer une \u00e9paisse fum\u00e9e noire s&rsquo;\u00e9levant du site.<\/p>\n\n\n\n<p>R.I. avec agences<\/p>\n","protected":false},"excerpt":{"rendered":"<p>Quatre journalistes du quotidien Izvestia et de l\u2019agence de presse RIA Novosti ont \u00e9t\u00e9 bless\u00e9s \u00e0 la suite d\u2019une frappe<\/p>\n","protected":false},"author":3,"featured_media":43836,"comment_status":"open","ping_status":"closed","sticky":false,"template":"","format":"standard","meta":{"colormag_page_container_layout":"default_layout","colormag_page_sidebar_layout":"default_layout","om_disable_all_campaigns":false,"_monsterinsights_skip_tracking":false,"_monsterinsights_sitenote_active":false,"_monsterinsights_sitenote_note":"","_monsterinsights_sitenote_category":0,"footnotes":"","_wpscppro_dont_share_socialmedia":false,"_wpscppro_custom_social_share_image":0,"_facebook_share_type":"","_twitter_share_type":"","_linkedin_share_type":"","_pinterest_share_type":"","_linkedin_share_type_page":"","_instagram_share_type":"","_medium_share_type":"","_threads_share_type":"","_google_business_share_type":"","_selected_social_profile":[],"_wpsp_enable_custom_social_template":false,"_wpsp_social_scheduling":{"enabled":false,"datetime":null,"platforms":[],"status":"template_only","dateOption":"today","timeOption":"now","customDays":"","customHours":"","customDate":"","customTime":"","schedulingType":"absolute"},"_wpsp_active_default_template":true},"categories":[37],"tags":[],"class_list":["post-43834","post","type-post","status-publish","format-standard","has-post-thumbnail","hentry","category-monde"],"aioseo_notices":[],"yoast_head":"<!-- This site is optimized with the Yoast SEO plugin v27.5 - https:\/\/yoast.com\/product\/yoast-seo-wordpress\/ -->\n<title>Conflit en Ukraine&nbsp;: Un journaliste russe tu\u00e9 suite \u00e0 une frappe \u00e0 l\u2019aide d\u2019armes \u00e0 sous-munitions - La Sentinelle<\/title>\n<meta name=\"robots\" content=\"index, follow, max-snippet:-1, max-image-preview:large, max-video-preview:-1\" \/>\n<link rel=\"canonical\" href=\"https:\/\/lasentinelle.dz\/index.php\/2023\/07\/22\/conflit-en-ukraine-un-journaliste-russe-tue-suite-a-une-frappe-a-laide-darmes-a-sous-munitions\/\" \/>\n<meta property=\"og:locale\" content=\"fr_FR\" \/>\n<meta property=\"og:type\" content=\"article\" \/>\n<meta property=\"og:title\" content=\"Conflit en Ukraine&nbsp;: Un journaliste russe tu\u00e9 suite \u00e0 une frappe \u00e0 l\u2019aide d\u2019armes \u00e0 sous-munitions - La Sentinelle\" \/>\n<meta property=\"og:description\" content=\"Quatre journalistes du quotidien Izvestia et de l\u2019agence de presse RIA Novosti ont \u00e9t\u00e9 bless\u00e9s \u00e0 la suite d\u2019une frappe\" \/>\n<meta property=\"og:url\" content=\"https:\/\/lasentinelle.dz\/index.php\/2023\/07\/22\/conflit-en-ukraine-un-journaliste-russe-tue-suite-a-une-frappe-a-laide-darmes-a-sous-munitions\/\" \/>\n<meta property=\"og:site_name\" content=\"La Sentinelle\" \/>\n<meta property=\"article:publisher\" content=\"https:\/\/www.facebook.com\/La-Sentinelle-104059864394773\" \/>\n<meta property=\"article:published_time\" content=\"2023-07-22T19:56:40+00:00\" \/>\n<meta property=\"article:modified_time\" content=\"2023-07-22T19:56:41+00:00\" \/>\n<meta property=\"og:image\" content=\"https:\/\/lasentinelle.dz\/wp-content\/uploads\/2023\/07\/journaliste.webp\" \/>\n\t<meta property=\"og:image:width\" content=\"760\" \/>\n\t<meta property=\"og:image:height\" content=\"570\" \/>\n\t<meta property=\"og:image:type\" content=\"image\/webp\" \/>\n<meta name=\"author\" content=\"La Sentinelle\" \/>\n<meta name=\"twitter:card\" content=\"summary_large_image\" \/>\n<meta name=\"twitter:label1\" content=\"\u00c9crit par\" \/>\n\t<meta name=\"twitter:data1\" content=\"La Sentinelle\" \/>\n\t<meta name=\"twitter:label2\" content=\"Dur\u00e9e de lecture estim\u00e9e\" \/>\n\t<meta name=\"twitter:data2\" content=\"2 minutes\" \/>\n<script type=\"application\/ld+json\" class=\"yoast-schema-graph\">{\"@context\":\"https:\\\/\\\/schema.org\",\"@graph\":[{\"@type\":\"Article\",\"@id\":\"https:\\\/\\\/lasentinelle.dz\\\/index.php\\\/2023\\\/07\\\/22\\\/conflit-en-ukraine-un-journaliste-russe-tue-suite-a-une-frappe-a-laide-darmes-a-sous-munitions\\\/#article\",\"isPartOf\":{\"@id\":\"https:\\\/\\\/lasentinelle.dz\\\/index.php\\\/2023\\\/07\\\/22\\\/conflit-en-ukraine-un-journaliste-russe-tue-suite-a-une-frappe-a-laide-darmes-a-sous-munitions\\\/\"},\"author\":{\"name\":\"La Sentinelle\",\"@id\":\"https:\\\/\\\/lasentinelle.dz\\\/#\\\/schema\\\/person\\\/d865044e22e70a75174ce8bcad3acfb3\"},\"headline\":\"Conflit en Ukraine&nbsp;: Un journaliste russe tu\u00e9 suite \u00e0 une frappe \u00e0 l\u2019aide d\u2019armes \u00e0 sous-munitions\",\"datePublished\":\"2023-07-22T19:56:40+00:00\",\"dateModified\":\"2023-07-22T19:56:41+00:00\",\"mainEntityOfPage\":{\"@id\":\"https:\\\/\\\/lasentinelle.dz\\\/index.php\\\/2023\\\/07\\\/22\\\/conflit-en-ukraine-un-journaliste-russe-tue-suite-a-une-frappe-a-laide-darmes-a-sous-munitions\\\/\"},\"wordCount\":354,\"commentCount\":0,\"publisher\":{\"@id\":\"https:\\\/\\\/lasentinelle.dz\\\/#organization\"},\"image\":{\"@id\":\"https:\\\/\\\/lasentinelle.dz\\\/index.php\\\/2023\\\/07\\\/22\\\/conflit-en-ukraine-un-journaliste-russe-tue-suite-a-une-frappe-a-laide-darmes-a-sous-munitions\\\/#primaryimage\"},\"thumbnailUrl\":\"https:\\\/\\\/lasentinelle.dz\\\/wp-content\\\/uploads\\\/2023\\\/07\\\/journaliste.webp\",\"articleSection\":[\"Monde\"],\"inLanguage\":\"fr-FR\",\"potentialAction\":[{\"@type\":\"CommentAction\",\"name\":\"Comment\",\"target\":[\"https:\\\/\\\/lasentinelle.dz\\\/index.php\\\/2023\\\/07\\\/22\\\/conflit-en-ukraine-un-journaliste-russe-tue-suite-a-une-frappe-a-laide-darmes-a-sous-munitions\\\/#respond\"]}]},{\"@type\":\"WebPage\",\"@id\":\"https:\\\/\\\/lasentinelle.dz\\\/index.php\\\/2023\\\/07\\\/22\\\/conflit-en-ukraine-un-journaliste-russe-tue-suite-a-une-frappe-a-laide-darmes-a-sous-munitions\\\/\",\"url\":\"https:\\\/\\\/lasentinelle.dz\\\/index.php\\\/2023\\\/07\\\/22\\\/conflit-en-ukraine-un-journaliste-russe-tue-suite-a-une-frappe-a-laide-darmes-a-sous-munitions\\\/\",\"name\":\"Conflit en Ukraine&nbsp;: Un journaliste russe tu\u00e9 suite \u00e0 une frappe \u00e0 l\u2019aide d\u2019armes \u00e0 sous-munitions - La Sentinelle\",\"isPartOf\":{\"@id\":\"https:\\\/\\\/lasentinelle.dz\\\/#website\"},\"primaryImageOfPage\":{\"@id\":\"https:\\\/\\\/lasentinelle.dz\\\/index.php\\\/2023\\\/07\\\/22\\\/conflit-en-ukraine-un-journaliste-russe-tue-suite-a-une-frappe-a-laide-darmes-a-sous-munitions\\\/#primaryimage\"},\"image\":{\"@id\":\"https:\\\/\\\/lasentinelle.dz\\\/index.php\\\/2023\\\/07\\\/22\\\/conflit-en-ukraine-un-journaliste-russe-tue-suite-a-une-frappe-a-laide-darmes-a-sous-munitions\\\/#primaryimage\"},\"thumbnailUrl\":\"https:\\\/\\\/lasentinelle.dz\\\/wp-content\\\/uploads\\\/2023\\\/07\\\/journaliste.webp\",\"datePublished\":\"2023-07-22T19:56:40+00:00\",\"dateModified\":\"2023-07-22T19:56:41+00:00\",\"breadcrumb\":{\"@id\":\"https:\\\/\\\/lasentinelle.dz\\\/index.php\\\/2023\\\/07\\\/22\\\/conflit-en-ukraine-un-journaliste-russe-tue-suite-a-une-frappe-a-laide-darmes-a-sous-munitions\\\/#breadcrumb\"},\"inLanguage\":\"fr-FR\",\"potentialAction\":[{\"@type\":\"ReadAction\",\"target\":[\"https:\\\/\\\/lasentinelle.dz\\\/index.php\\\/2023\\\/07\\\/22\\\/conflit-en-ukraine-un-journaliste-russe-tue-suite-a-une-frappe-a-laide-darmes-a-sous-munitions\\\/\"]}]},{\"@type\":\"ImageObject\",\"inLanguage\":\"fr-FR\",\"@id\":\"https:\\\/\\\/lasentinelle.dz\\\/index.php\\\/2023\\\/07\\\/22\\\/conflit-en-ukraine-un-journaliste-russe-tue-suite-a-une-frappe-a-laide-darmes-a-sous-munitions\\\/#primaryimage\",\"url\":\"https:\\\/\\\/lasentinelle.dz\\\/wp-content\\\/uploads\\\/2023\\\/07\\\/journaliste.webp\",\"contentUrl\":\"https:\\\/\\\/lasentinelle.dz\\\/wp-content\\\/uploads\\\/2023\\\/07\\\/journaliste.webp\",\"width\":760,\"height\":570},{\"@type\":\"BreadcrumbList\",\"@id\":\"https:\\\/\\\/lasentinelle.dz\\\/index.php\\\/2023\\\/07\\\/22\\\/conflit-en-ukraine-un-journaliste-russe-tue-suite-a-une-frappe-a-laide-darmes-a-sous-munitions\\\/#breadcrumb\",\"itemListElement\":[{\"@type\":\"ListItem\",\"position\":1,\"name\":\"Accueil\",\"item\":\"https:\\\/\\\/lasentinelle.dz\\\/\"},{\"@type\":\"ListItem\",\"position\":2,\"name\":\"Conflit en Ukraine&nbsp;: Un journaliste russe tu\u00e9 suite \u00e0 une frappe \u00e0 l\u2019aide d\u2019armes \u00e0 sous-munitions\"}]},{\"@type\":\"WebSite\",\"@id\":\"https:\\\/\\\/lasentinelle.dz\\\/#website\",\"url\":\"https:\\\/\\\/lasentinelle.dz\\\/\",\"name\":\"La Sentinelle\",\"description\":\"Quotidien national d&#039;information\",\"publisher\":{\"@id\":\"https:\\\/\\\/lasentinelle.dz\\\/#organization\"},\"potentialAction\":[{\"@type\":\"SearchAction\",\"target\":{\"@type\":\"EntryPoint\",\"urlTemplate\":\"https:\\\/\\\/lasentinelle.dz\\\/?s={search_term_string}\"},\"query-input\":{\"@type\":\"PropertyValueSpecification\",\"valueRequired\":true,\"valueName\":\"search_term_string\"}}],\"inLanguage\":\"fr-FR\"},{\"@type\":\"Organization\",\"@id\":\"https:\\\/\\\/lasentinelle.dz\\\/#organization\",\"name\":\"Quotidien La Sentinelle\",\"url\":\"https:\\\/\\\/lasentinelle.dz\\\/\",\"logo\":{\"@type\":\"ImageObject\",\"inLanguage\":\"fr-FR\",\"@id\":\"https:\\\/\\\/lasentinelle.dz\\\/#\\\/schema\\\/logo\\\/image\\\/\",\"url\":\"https:\\\/\\\/lasentinelle.dz\\\/wp-content\\\/uploads\\\/2021\\\/09\\\/logo-sentinelleSLOGAN-1.png\",\"contentUrl\":\"https:\\\/\\\/lasentinelle.dz\\\/wp-content\\\/uploads\\\/2021\\\/09\\\/logo-sentinelleSLOGAN-1.png\",\"width\":615,\"height\":142,\"caption\":\"Quotidien La Sentinelle\"},\"image\":{\"@id\":\"https:\\\/\\\/lasentinelle.dz\\\/#\\\/schema\\\/logo\\\/image\\\/\"},\"sameAs\":[\"https:\\\/\\\/www.facebook.com\\\/La-Sentinelle-104059864394773\"]},{\"@type\":\"Person\",\"@id\":\"https:\\\/\\\/lasentinelle.dz\\\/#\\\/schema\\\/person\\\/d865044e22e70a75174ce8bcad3acfb3\",\"name\":\"La Sentinelle\",\"image\":{\"@type\":\"ImageObject\",\"inLanguage\":\"fr-FR\",\"@id\":\"https:\\\/\\\/secure.gravatar.com\\\/avatar\\\/57de8e5d4b15d43fb361a71fbb36338450fe67865b528a43dd10ef7c51a20392?s=96&d=mm&r=g\",\"url\":\"https:\\\/\\\/secure.gravatar.com\\\/avatar\\\/57de8e5d4b15d43fb361a71fbb36338450fe67865b528a43dd10ef7c51a20392?s=96&d=mm&r=g\",\"contentUrl\":\"https:\\\/\\\/secure.gravatar.com\\\/avatar\\\/57de8e5d4b15d43fb361a71fbb36338450fe67865b528a43dd10ef7c51a20392?s=96&d=mm&r=g\",\"caption\":\"La Sentinelle\"},\"sameAs\":[\"http:\\\/\\\/www.lasentinelle.dz\"],\"url\":\"https:\\\/\\\/lasentinelle.dz\\\/author\\\/redaction\\\/\"}]}<\/script>\n<!-- \/ Yoast SEO plugin. -->","yoast_head_json":{"title":"Conflit en Ukraine&nbsp;: Un journaliste russe tu\u00e9 suite \u00e0 une frappe \u00e0 l\u2019aide d\u2019armes \u00e0 sous-munitions - La Sentinelle","robots":{"index":"index","follow":"follow","max-snippet":"max-snippet:-1","max-image-preview":"max-image-preview:large","max-video-preview":"max-video-preview:-1"},"canonical":"https:\/\/lasentinelle.dz\/index.php\/2023\/07\/22\/conflit-en-ukraine-un-journaliste-russe-tue-suite-a-une-frappe-a-laide-darmes-a-sous-munitions\/","og_locale":"fr_FR","og_type":"article","og_title":"Conflit en Ukraine&nbsp;: Un journaliste russe tu\u00e9 suite \u00e0 une frappe \u00e0 l\u2019aide d\u2019armes \u00e0 sous-munitions - La Sentinelle","og_description":"Quatre journalistes du quotidien Izvestia et de l\u2019agence de presse RIA Novosti ont \u00e9t\u00e9 bless\u00e9s \u00e0 la suite d\u2019une frappe","og_url":"https:\/\/lasentinelle.dz\/index.php\/2023\/07\/22\/conflit-en-ukraine-un-journaliste-russe-tue-suite-a-une-frappe-a-laide-darmes-a-sous-munitions\/","og_site_name":"La Sentinelle","article_publisher":"https:\/\/www.facebook.com\/La-Sentinelle-104059864394773","article_published_time":"2023-07-22T19:56:40+00:00","article_modified_time":"2023-07-22T19:56:41+00:00","og_image":[{"width":760,"height":570,"url":"https:\/\/lasentinelle.dz\/wp-content\/uploads\/2023\/07\/journaliste.webp","type":"image\/webp"}],"author":"La Sentinelle","twitter_card":"summary_large_image","twitter_misc":{"\u00c9crit par":"La Sentinelle","Dur\u00e9e de lecture estim\u00e9e":"2 minutes"},"schema":{"@context":"https:\/\/schema.org","@graph":[{"@type":"Article","@id":"https:\/\/lasentinelle.dz\/index.php\/2023\/07\/22\/conflit-en-ukraine-un-journaliste-russe-tue-suite-a-une-frappe-a-laide-darmes-a-sous-munitions\/#article","isPartOf":{"@id":"https:\/\/lasentinelle.dz\/index.php\/2023\/07\/22\/conflit-en-ukraine-un-journaliste-russe-tue-suite-a-une-frappe-a-laide-darmes-a-sous-munitions\/"},"author":{"name":"La Sentinelle","@id":"https:\/\/lasentinelle.dz\/#\/schema\/person\/d865044e22e70a75174ce8bcad3acfb3"},"headline":"Conflit en Ukraine&nbsp;: Un journaliste russe tu\u00e9 suite \u00e0 une frappe \u00e0 l\u2019aide d\u2019armes \u00e0 sous-munitions","datePublished":"2023-07-22T19:56:40+00:00","dateModified":"2023-07-22T19:56:41+00:00","mainEntityOfPage":{"@id":"https:\/\/lasentinelle.dz\/index.php\/2023\/07\/22\/conflit-en-ukraine-un-journaliste-russe-tue-suite-a-une-frappe-a-laide-darmes-a-sous-munitions\/"},"wordCount":354,"commentCount":0,"publisher":{"@id":"https:\/\/lasentinelle.dz\/#organization"},"image":{"@id":"https:\/\/lasentinelle.dz\/index.php\/2023\/07\/22\/conflit-en-ukraine-un-journaliste-russe-tue-suite-a-une-frappe-a-laide-darmes-a-sous-munitions\/#primaryimage"},"thumbnailUrl":"https:\/\/lasentinelle.dz\/wp-content\/uploads\/2023\/07\/journaliste.webp","articleSection":["Monde"],"inLanguage":"fr-FR","potentialAction":[{"@type":"CommentAction","name":"Comment","target":["https:\/\/lasentinelle.dz\/index.php\/2023\/07\/22\/conflit-en-ukraine-un-journaliste-russe-tue-suite-a-une-frappe-a-laide-darmes-a-sous-munitions\/#respond"]}]},{"@type":"WebPage","@id":"https:\/\/lasentinelle.dz\/index.php\/2023\/07\/22\/conflit-en-ukraine-un-journaliste-russe-tue-suite-a-une-frappe-a-laide-darmes-a-sous-munitions\/","url":"https:\/\/lasentinelle.dz\/index.php\/2023\/07\/22\/conflit-en-ukraine-un-journaliste-russe-tue-suite-a-une-frappe-a-laide-darmes-a-sous-munitions\/","name":"Conflit en Ukraine&nbsp;: Un journaliste russe tu\u00e9 suite \u00e0 une frappe \u00e0 l\u2019aide d\u2019armes \u00e0 sous-munitions - La Sentinelle","isPartOf":{"@id":"https:\/\/lasentinelle.dz\/#website"},"primaryImageOfPage":{"@id":"https:\/\/lasentinelle.dz\/index.php\/2023\/07\/22\/conflit-en-ukraine-un-journaliste-russe-tue-suite-a-une-frappe-a-laide-darmes-a-sous-munitions\/#primaryimage"},"image":{"@id":"https:\/\/lasentinelle.dz\/index.php\/2023\/07\/22\/conflit-en-ukraine-un-journaliste-russe-tue-suite-a-une-frappe-a-laide-darmes-a-sous-munitions\/#primaryimage"},"thumbnailUrl":"https:\/\/lasentinelle.dz\/wp-content\/uploads\/2023\/07\/journaliste.webp","datePublished":"2023-07-22T19:56:40+00:00","dateModified":"2023-07-22T19:56:41+00:00","breadcrumb":{"@id":"https:\/\/lasentinelle.dz\/index.php\/2023\/07\/22\/conflit-en-ukraine-un-journaliste-russe-tue-suite-a-une-frappe-a-laide-darmes-a-sous-munitions\/#breadcrumb"},"inLanguage":"fr-FR","potentialAction":[{"@type":"ReadAction","target":["https:\/\/lasentinelle.dz\/index.php\/2023\/07\/22\/conflit-en-ukraine-un-journaliste-russe-tue-suite-a-une-frappe-a-laide-darmes-a-sous-munitions\/"]}]},{"@type":"ImageObject","inLanguage":"fr-FR","@id":"https:\/\/lasentinelle.dz\/index.php\/2023\/07\/22\/conflit-en-ukraine-un-journaliste-russe-tue-suite-a-une-frappe-a-laide-darmes-a-sous-munitions\/#primaryimage","url":"https:\/\/lasentinelle.dz\/wp-content\/uploads\/2023\/07\/journaliste.webp","contentUrl":"https:\/\/lasentinelle.dz\/wp-content\/uploads\/2023\/07\/journaliste.webp","width":760,"height":570},{"@type":"BreadcrumbList","@id":"https:\/\/lasentinelle.dz\/index.php\/2023\/07\/22\/conflit-en-ukraine-un-journaliste-russe-tue-suite-a-une-frappe-a-laide-darmes-a-sous-munitions\/#breadcrumb","itemListElement":[{"@type":"ListItem","position":1,"name":"Accueil","item":"https:\/\/lasentinelle.dz\/"},{"@type":"ListItem","position":2,"name":"Conflit en Ukraine&nbsp;: Un journaliste russe tu\u00e9 suite \u00e0 une frappe \u00e0 l\u2019aide d\u2019armes \u00e0 sous-munitions"}]},{"@type":"WebSite","@id":"https:\/\/lasentinelle.dz\/#website","url":"https:\/\/lasentinelle.dz\/","name":"La Sentinelle","description":"Quotidien national d&#039;information","publisher":{"@id":"https:\/\/lasentinelle.dz\/#organization"},"potentialAction":[{"@type":"SearchAction","target":{"@type":"EntryPoint","urlTemplate":"https:\/\/lasentinelle.dz\/?s={search_term_string}"},"query-input":{"@type":"PropertyValueSpecification","valueRequired":true,"valueName":"search_term_string"}}],"inLanguage":"fr-FR"},{"@type":"Organization","@id":"https:\/\/lasentinelle.dz\/#organization","name":"Quotidien La Sentinelle","url":"https:\/\/lasentinelle.dz\/","logo":{"@type":"ImageObject","inLanguage":"fr-FR","@id":"https:\/\/lasentinelle.dz\/#\/schema\/logo\/image\/","url":"https:\/\/lasentinelle.dz\/wp-content\/uploads\/2021\/09\/logo-sentinelleSLOGAN-1.png","contentUrl":"https:\/\/lasentinelle.dz\/wp-content\/uploads\/2021\/09\/logo-sentinelleSLOGAN-1.png","width":615,"height":142,"caption":"Quotidien La Sentinelle"},"image":{"@id":"https:\/\/lasentinelle.dz\/#\/schema\/logo\/image\/"},"sameAs":["https:\/\/www.facebook.com\/La-Sentinelle-104059864394773"]},{"@type":"Person","@id":"https:\/\/lasentinelle.dz\/#\/schema\/person\/d865044e22e70a75174ce8bcad3acfb3","name":"La Sentinelle","image":{"@type":"ImageObject","inLanguage":"fr-FR","@id":"https:\/\/secure.gravatar.com\/avatar\/57de8e5d4b15d43fb361a71fbb36338450fe67865b528a43dd10ef7c51a20392?s=96&d=mm&r=g","url":"https:\/\/secure.gravatar.com\/avatar\/57de8e5d4b15d43fb361a71fbb36338450fe67865b528a43dd10ef7c51a20392?s=96&d=mm&r=g","contentUrl":"https:\/\/secure.gravatar.com\/avatar\/57de8e5d4b15d43fb361a71fbb36338450fe67865b528a43dd10ef7c51a20392?s=96&d=mm&r=g","caption":"La Sentinelle"},"sameAs":["http:\/\/www.lasentinelle.dz"],"url":"https:\/\/lasentinelle.dz\/author\/redaction\/"}]}},"_links":{"self":[{"href":"https:\/\/lasentinelle.dz\/index.php\/wp-json\/wp\/v2\/posts\/43834","targetHints":{"allow":["GET"]}}],"collection":[{"href":"https:\/\/lasentinelle.dz\/index.php\/wp-json\/wp\/v2\/posts"}],"about":[{"href":"https:\/\/lasentinelle.dz\/index.php\/wp-json\/wp\/v2\/types\/post"}],"author":[{"embeddable":true,"href":"https:\/\/lasentinelle.dz\/index.php\/wp-json\/wp\/v2\/users\/3"}],"replies":[{"embeddable":true,"href":"https:\/\/lasentinelle.dz\/index.php\/wp-json\/wp\/v2\/comments?post=43834"}],"version-history":[{"count":1,"href":"https:\/\/lasentinelle.dz\/index.php\/wp-json\/wp\/v2\/posts\/43834\/revisions"}],"predecessor-version":[{"id":43837,"href":"https:\/\/lasentinelle.dz\/index.php\/wp-json\/wp\/v2\/posts\/43834\/revisions\/43837"}],"wp:featuredmedia":[{"embeddable":true,"href":"https:\/\/lasentinelle.dz\/index.php\/wp-json\/wp\/v2\/media\/43836"}],"wp:attachment":[{"href":"https:\/\/lasentinelle.dz\/index.php\/wp-json\/wp\/v2\/media?parent=43834"}],"wp:term":[{"taxonomy":"category","embeddable":true,"href":"https:\/\/lasentinelle.dz\/index.php\/wp-json\/wp\/v2\/categories?post=43834"},{"taxonomy":"post_tag","embeddable":true,"href":"https:\/\/lasentinelle.dz\/index.php\/wp-json\/wp\/v2\/tags?post=43834"}],"curies":[{"name":"wp","href":"https:\/\/api.w.org\/{rel}","templated":true}]}}