{"id":43843,"date":"2023-07-22T21:00:22","date_gmt":"2023-07-22T20:00:22","guid":{"rendered":"https:\/\/lasentinelle.dz\/?p=43843"},"modified":"2023-07-22T21:00:23","modified_gmt":"2023-07-22T20:00:23","slug":"can-2027-une-mission-de-pwc-en-algerie","status":"publish","type":"post","link":"https:\/\/lasentinelle.dz\/index.php\/2023\/07\/22\/can-2027-une-mission-de-pwc-en-algerie\/","title":{"rendered":"CAN-2027&nbsp;: Une mission de PwC en Alg\u00e9rie"},"content":{"rendered":"\n<p>Le cabinet international PricewaterhouseCoopers (PwC) a effectu\u00e9 la semaine derni\u00e8re une visite d&rsquo;inspection en Alg\u00e9rie, avec notamment au programme les six stades retenus par la FAF dans le cadre de la candidature alg\u00e9rienne pour abriter la Coupe d&rsquo;Afrique des Nations CAN 2027, a indiqu\u00e9 jeudi la F\u00e9d\u00e9ration alg\u00e9rienne de football (FAF).<\/p>\n\n\n\n<p>La visite a d\u00e9but\u00e9 lundi par la capitale et ses trois stades, celui de Dou\u00e9ra, dont les travaux avancent \u00e0 une cadence tr\u00e8s soutenue, avant de rallier le temple du 5 juillet 1962 puis l\u2019enceinte Nelson Mandela de Baraki, pr\u00e9cise la m\u00eame source. La mission s\u2019est poursuivie mardi au niveau de la ville d\u2019Oran et son stade Miloud Hadefi. La journ\u00e9e du mercredi a \u00e9t\u00e9 consacr\u00e9e, elle, aux villes d&rsquo;Annaba, pour son stade du 19 mai 1956, et de Constantine pour Chahid Hamlaoui. La mission a pris fin avec la tenue d\u2019une s\u00e9ance de debriefing afin de compl\u00e9ter cette mission par un certain nombre de donn\u00e9es compl\u00e9mentaires, en pr\u00e9sence des repr\u00e9sentants du cabinet et ceux de la f\u00e9d\u00e9ration. &nbsp;La d\u00e9l\u00e9gation du cabinet PwC, compos\u00e9e de deux experts et un repr\u00e9sentant de la CAF, a \u00e9t\u00e9 accompagn\u00e9e durant son s\u00e9jour par Djamel Merbout, vice-pr\u00e9sident de la F\u00e9d\u00e9ration alg\u00e9rienne de football et pr\u00e9sident de la Commission des finances et Mounir D\u2019bichi, secr\u00e9taire g\u00e9n\u00e9ral de la FAF.<\/p>\n\n\n\n<p>A chacune de leurs \u00e9tapes, les membres du cabinet ont inspect\u00e9 les lieux selon le cahier des charges mis en place par la CAF et la grille d\u2019\u00e9valuation y aff\u00e9rente, et suivi attentivement les explications fournis par les responsables de ces infrastructures, a indiqu\u00e9 la FAF dans un communiqu\u00e9.<\/p>\n\n\n\n<p>L&rsquo;Alg\u00e9rie est en course pour abriter la CAN-2027 en compagnie du S\u00e9n\u00e9gal, du Botswana, et du trio compos\u00e9 de l&rsquo;Ouganda-Tanzanie-Kenya. En mars dernier, le cabinet international \u00abRoland Berger Strategy\u00bb avait effectu\u00e9 une visite d&rsquo;inspection en Alg\u00e9rie, dans le cadre de la candidature de l&rsquo;Alg\u00e9rie pour abriter la CAN-2025. Suite \u00e0 la d\u00e9cision de la CAF de retirer l&rsquo;organisation de la CAN-2025 \u00e0 la Guin\u00e9e, en raison du retard accus\u00e9 dans les travaux des installations, l&rsquo;Alg\u00e9rie \u00e9tait le premier pays \u00e0 d\u00e9poser son dossier, en compagnie de la Zambie, du bin\u00f4me Nigeria-B\u00e9nin, et du Maroc. Les pays h\u00f4tes des CAN 2025 et 2027 seront connus au plus tard en septembre prochain. L\u2019attribution se fera sur la base d\u2019un vote des 24 membres du Comit\u00e9 ex\u00e9cutif de la CAF.<\/p>\n\n\n\n<p>R.S.<\/p>\n","protected":false},"excerpt":{"rendered":"<p>Le cabinet international PricewaterhouseCoopers (PwC) a effectu\u00e9 la semaine derni\u00e8re une visite d&rsquo;inspection en Alg\u00e9rie, avec notamment au programme les<\/p>\n","protected":false},"author":3,"featured_media":43844,"comment_status":"open","ping_status":"closed","sticky":false,"template":"","format":"standard","meta":{"colormag_page_container_layout":"default_layout","colormag_page_sidebar_layout":"default_layout","om_disable_all_campaigns":false,"_monsterinsights_skip_tracking":false,"_monsterinsights_sitenote_active":false,"_monsterinsights_sitenote_note":"","_monsterinsights_sitenote_category":0,"footnotes":"","_wpscppro_dont_share_socialmedia":false,"_wpscppro_custom_social_share_image":0,"_facebook_share_type":"","_twitter_share_type":"","_linkedin_share_type":"","_pinterest_share_type":"","_linkedin_share_type_page":"","_instagram_share_type":"","_medium_share_type":"","_threads_share_type":"","_google_business_share_type":"","_selected_social_profile":[],"_wpsp_enable_custom_social_template":false,"_wpsp_social_scheduling":{"enabled":false,"datetime":null,"platforms":[],"status":"template_only","dateOption":"today","timeOption":"now","customDays":"","customHours":"","customDate":"","customTime":"","schedulingType":"absolute"},"_wpsp_active_default_template":true},"categories":[33],"tags":[],"class_list":["post-43843","post","type-post","status-publish","format-standard","has-post-thumbnail","hentry","category-sports"],"aioseo_notices":[],"yoast_head":"<!-- This site is optimized with the Yoast SEO plugin v27.5 - https:\/\/yoast.com\/product\/yoast-seo-wordpress\/ -->\n<title>CAN-2027&nbsp;: Une mission de PwC en Alg\u00e9rie - La Sentinelle<\/title>\n<meta name=\"robots\" content=\"index, follow, max-snippet:-1, max-image-preview:large, max-video-preview:-1\" \/>\n<link rel=\"canonical\" href=\"https:\/\/lasentinelle.dz\/index.php\/2023\/07\/22\/can-2027-une-mission-de-pwc-en-algerie\/\" \/>\n<meta property=\"og:locale\" content=\"fr_FR\" \/>\n<meta property=\"og:type\" content=\"article\" \/>\n<meta property=\"og:title\" content=\"CAN-2027&nbsp;: Une mission de PwC en Alg\u00e9rie - La Sentinelle\" \/>\n<meta property=\"og:description\" content=\"Le cabinet international PricewaterhouseCoopers (PwC) a effectu\u00e9 la semaine derni\u00e8re une visite d&rsquo;inspection en Alg\u00e9rie, avec notamment au programme les\" \/>\n<meta property=\"og:url\" content=\"https:\/\/lasentinelle.dz\/index.php\/2023\/07\/22\/can-2027-une-mission-de-pwc-en-algerie\/\" \/>\n<meta property=\"og:site_name\" content=\"La Sentinelle\" \/>\n<meta property=\"article:publisher\" content=\"https:\/\/www.facebook.com\/La-Sentinelle-104059864394773\" \/>\n<meta property=\"article:published_time\" content=\"2023-07-22T20:00:22+00:00\" \/>\n<meta property=\"article:modified_time\" content=\"2023-07-22T20:00:23+00:00\" \/>\n<meta property=\"og:image\" content=\"https:\/\/lasentinelle.dz\/wp-content\/uploads\/2023\/07\/CAN.jpeg\" \/>\n\t<meta property=\"og:image:width\" content=\"750\" \/>\n\t<meta property=\"og:image:height\" content=\"430\" \/>\n\t<meta property=\"og:image:type\" content=\"image\/jpeg\" \/>\n<meta name=\"author\" content=\"La Sentinelle\" \/>\n<meta name=\"twitter:card\" content=\"summary_large_image\" \/>\n<meta name=\"twitter:label1\" content=\"\u00c9crit par\" \/>\n\t<meta name=\"twitter:data1\" content=\"La Sentinelle\" \/>\n\t<meta name=\"twitter:label2\" content=\"Dur\u00e9e de lecture estim\u00e9e\" \/>\n\t<meta name=\"twitter:data2\" content=\"3 minutes\" \/>\n<script type=\"application\/ld+json\" class=\"yoast-schema-graph\">{\"@context\":\"https:\\\/\\\/schema.org\",\"@graph\":[{\"@type\":\"Article\",\"@id\":\"https:\\\/\\\/lasentinelle.dz\\\/index.php\\\/2023\\\/07\\\/22\\\/can-2027-une-mission-de-pwc-en-algerie\\\/#article\",\"isPartOf\":{\"@id\":\"https:\\\/\\\/lasentinelle.dz\\\/index.php\\\/2023\\\/07\\\/22\\\/can-2027-une-mission-de-pwc-en-algerie\\\/\"},\"author\":{\"name\":\"La Sentinelle\",\"@id\":\"https:\\\/\\\/lasentinelle.dz\\\/#\\\/schema\\\/person\\\/d865044e22e70a75174ce8bcad3acfb3\"},\"headline\":\"CAN-2027&nbsp;: Une mission de PwC en Alg\u00e9rie\",\"datePublished\":\"2023-07-22T20:00:22+00:00\",\"dateModified\":\"2023-07-22T20:00:23+00:00\",\"mainEntityOfPage\":{\"@id\":\"https:\\\/\\\/lasentinelle.dz\\\/index.php\\\/2023\\\/07\\\/22\\\/can-2027-une-mission-de-pwc-en-algerie\\\/\"},\"wordCount\":457,\"commentCount\":0,\"publisher\":{\"@id\":\"https:\\\/\\\/lasentinelle.dz\\\/#organization\"},\"image\":{\"@id\":\"https:\\\/\\\/lasentinelle.dz\\\/index.php\\\/2023\\\/07\\\/22\\\/can-2027-une-mission-de-pwc-en-algerie\\\/#primaryimage\"},\"thumbnailUrl\":\"https:\\\/\\\/lasentinelle.dz\\\/wp-content\\\/uploads\\\/2023\\\/07\\\/CAN.jpeg\",\"articleSection\":[\"Sports\"],\"inLanguage\":\"fr-FR\",\"potentialAction\":[{\"@type\":\"CommentAction\",\"name\":\"Comment\",\"target\":[\"https:\\\/\\\/lasentinelle.dz\\\/index.php\\\/2023\\\/07\\\/22\\\/can-2027-une-mission-de-pwc-en-algerie\\\/#respond\"]}]},{\"@type\":\"WebPage\",\"@id\":\"https:\\\/\\\/lasentinelle.dz\\\/index.php\\\/2023\\\/07\\\/22\\\/can-2027-une-mission-de-pwc-en-algerie\\\/\",\"url\":\"https:\\\/\\\/lasentinelle.dz\\\/index.php\\\/2023\\\/07\\\/22\\\/can-2027-une-mission-de-pwc-en-algerie\\\/\",\"name\":\"CAN-2027&nbsp;: Une mission de PwC en Alg\u00e9rie - La Sentinelle\",\"isPartOf\":{\"@id\":\"https:\\\/\\\/lasentinelle.dz\\\/#website\"},\"primaryImageOfPage\":{\"@id\":\"https:\\\/\\\/lasentinelle.dz\\\/index.php\\\/2023\\\/07\\\/22\\\/can-2027-une-mission-de-pwc-en-algerie\\\/#primaryimage\"},\"image\":{\"@id\":\"https:\\\/\\\/lasentinelle.dz\\\/index.php\\\/2023\\\/07\\\/22\\\/can-2027-une-mission-de-pwc-en-algerie\\\/#primaryimage\"},\"thumbnailUrl\":\"https:\\\/\\\/lasentinelle.dz\\\/wp-content\\\/uploads\\\/2023\\\/07\\\/CAN.jpeg\",\"datePublished\":\"2023-07-22T20:00:22+00:00\",\"dateModified\":\"2023-07-22T20:00:23+00:00\",\"breadcrumb\":{\"@id\":\"https:\\\/\\\/lasentinelle.dz\\\/index.php\\\/2023\\\/07\\\/22\\\/can-2027-une-mission-de-pwc-en-algerie\\\/#breadcrumb\"},\"inLanguage\":\"fr-FR\",\"potentialAction\":[{\"@type\":\"ReadAction\",\"target\":[\"https:\\\/\\\/lasentinelle.dz\\\/index.php\\\/2023\\\/07\\\/22\\\/can-2027-une-mission-de-pwc-en-algerie\\\/\"]}]},{\"@type\":\"ImageObject\",\"inLanguage\":\"fr-FR\",\"@id\":\"https:\\\/\\\/lasentinelle.dz\\\/index.php\\\/2023\\\/07\\\/22\\\/can-2027-une-mission-de-pwc-en-algerie\\\/#primaryimage\",\"url\":\"https:\\\/\\\/lasentinelle.dz\\\/wp-content\\\/uploads\\\/2023\\\/07\\\/CAN.jpeg\",\"contentUrl\":\"https:\\\/\\\/lasentinelle.dz\\\/wp-content\\\/uploads\\\/2023\\\/07\\\/CAN.jpeg\",\"width\":750,\"height\":430},{\"@type\":\"BreadcrumbList\",\"@id\":\"https:\\\/\\\/lasentinelle.dz\\\/index.php\\\/2023\\\/07\\\/22\\\/can-2027-une-mission-de-pwc-en-algerie\\\/#breadcrumb\",\"itemListElement\":[{\"@type\":\"ListItem\",\"position\":1,\"name\":\"Accueil\",\"item\":\"https:\\\/\\\/lasentinelle.dz\\\/\"},{\"@type\":\"ListItem\",\"position\":2,\"name\":\"CAN-2027&nbsp;: Une mission de PwC en Alg\u00e9rie\"}]},{\"@type\":\"WebSite\",\"@id\":\"https:\\\/\\\/lasentinelle.dz\\\/#website\",\"url\":\"https:\\\/\\\/lasentinelle.dz\\\/\",\"name\":\"La Sentinelle\",\"description\":\"Quotidien national d&#039;information\",\"publisher\":{\"@id\":\"https:\\\/\\\/lasentinelle.dz\\\/#organization\"},\"potentialAction\":[{\"@type\":\"SearchAction\",\"target\":{\"@type\":\"EntryPoint\",\"urlTemplate\":\"https:\\\/\\\/lasentinelle.dz\\\/?s={search_term_string}\"},\"query-input\":{\"@type\":\"PropertyValueSpecification\",\"valueRequired\":true,\"valueName\":\"search_term_string\"}}],\"inLanguage\":\"fr-FR\"},{\"@type\":\"Organization\",\"@id\":\"https:\\\/\\\/lasentinelle.dz\\\/#organization\",\"name\":\"Quotidien La Sentinelle\",\"url\":\"https:\\\/\\\/lasentinelle.dz\\\/\",\"logo\":{\"@type\":\"ImageObject\",\"inLanguage\":\"fr-FR\",\"@id\":\"https:\\\/\\\/lasentinelle.dz\\\/#\\\/schema\\\/logo\\\/image\\\/\",\"url\":\"https:\\\/\\\/lasentinelle.dz\\\/wp-content\\\/uploads\\\/2021\\\/09\\\/logo-sentinelleSLOGAN-1.png\",\"contentUrl\":\"https:\\\/\\\/lasentinelle.dz\\\/wp-content\\\/uploads\\\/2021\\\/09\\\/logo-sentinelleSLOGAN-1.png\",\"width\":615,\"height\":142,\"caption\":\"Quotidien La Sentinelle\"},\"image\":{\"@id\":\"https:\\\/\\\/lasentinelle.dz\\\/#\\\/schema\\\/logo\\\/image\\\/\"},\"sameAs\":[\"https:\\\/\\\/www.facebook.com\\\/La-Sentinelle-104059864394773\"]},{\"@type\":\"Person\",\"@id\":\"https:\\\/\\\/lasentinelle.dz\\\/#\\\/schema\\\/person\\\/d865044e22e70a75174ce8bcad3acfb3\",\"name\":\"La Sentinelle\",\"image\":{\"@type\":\"ImageObject\",\"inLanguage\":\"fr-FR\",\"@id\":\"https:\\\/\\\/secure.gravatar.com\\\/avatar\\\/57de8e5d4b15d43fb361a71fbb36338450fe67865b528a43dd10ef7c51a20392?s=96&d=mm&r=g\",\"url\":\"https:\\\/\\\/secure.gravatar.com\\\/avatar\\\/57de8e5d4b15d43fb361a71fbb36338450fe67865b528a43dd10ef7c51a20392?s=96&d=mm&r=g\",\"contentUrl\":\"https:\\\/\\\/secure.gravatar.com\\\/avatar\\\/57de8e5d4b15d43fb361a71fbb36338450fe67865b528a43dd10ef7c51a20392?s=96&d=mm&r=g\",\"caption\":\"La Sentinelle\"},\"sameAs\":[\"http:\\\/\\\/www.lasentinelle.dz\"],\"url\":\"https:\\\/\\\/lasentinelle.dz\\\/author\\\/redaction\\\/\"}]}<\/script>\n<!-- \/ Yoast SEO plugin. -->","yoast_head_json":{"title":"CAN-2027&nbsp;: Une mission de PwC en Alg\u00e9rie - La Sentinelle","robots":{"index":"index","follow":"follow","max-snippet":"max-snippet:-1","max-image-preview":"max-image-preview:large","max-video-preview":"max-video-preview:-1"},"canonical":"https:\/\/lasentinelle.dz\/index.php\/2023\/07\/22\/can-2027-une-mission-de-pwc-en-algerie\/","og_locale":"fr_FR","og_type":"article","og_title":"CAN-2027&nbsp;: Une mission de PwC en Alg\u00e9rie - La Sentinelle","og_description":"Le cabinet international PricewaterhouseCoopers (PwC) a effectu\u00e9 la semaine derni\u00e8re une visite d&rsquo;inspection en Alg\u00e9rie, avec notamment au programme les","og_url":"https:\/\/lasentinelle.dz\/index.php\/2023\/07\/22\/can-2027-une-mission-de-pwc-en-algerie\/","og_site_name":"La Sentinelle","article_publisher":"https:\/\/www.facebook.com\/La-Sentinelle-104059864394773","article_published_time":"2023-07-22T20:00:22+00:00","article_modified_time":"2023-07-22T20:00:23+00:00","og_image":[{"width":750,"height":430,"url":"https:\/\/lasentinelle.dz\/wp-content\/uploads\/2023\/07\/CAN.jpeg","type":"image\/jpeg"}],"author":"La Sentinelle","twitter_card":"summary_large_image","twitter_misc":{"\u00c9crit par":"La Sentinelle","Dur\u00e9e de lecture estim\u00e9e":"3 minutes"},"schema":{"@context":"https:\/\/schema.org","@graph":[{"@type":"Article","@id":"https:\/\/lasentinelle.dz\/index.php\/2023\/07\/22\/can-2027-une-mission-de-pwc-en-algerie\/#article","isPartOf":{"@id":"https:\/\/lasentinelle.dz\/index.php\/2023\/07\/22\/can-2027-une-mission-de-pwc-en-algerie\/"},"author":{"name":"La Sentinelle","@id":"https:\/\/lasentinelle.dz\/#\/schema\/person\/d865044e22e70a75174ce8bcad3acfb3"},"headline":"CAN-2027&nbsp;: Une mission de PwC en Alg\u00e9rie","datePublished":"2023-07-22T20:00:22+00:00","dateModified":"2023-07-22T20:00:23+00:00","mainEntityOfPage":{"@id":"https:\/\/lasentinelle.dz\/index.php\/2023\/07\/22\/can-2027-une-mission-de-pwc-en-algerie\/"},"wordCount":457,"commentCount":0,"publisher":{"@id":"https:\/\/lasentinelle.dz\/#organization"},"image":{"@id":"https:\/\/lasentinelle.dz\/index.php\/2023\/07\/22\/can-2027-une-mission-de-pwc-en-algerie\/#primaryimage"},"thumbnailUrl":"https:\/\/lasentinelle.dz\/wp-content\/uploads\/2023\/07\/CAN.jpeg","articleSection":["Sports"],"inLanguage":"fr-FR","potentialAction":[{"@type":"CommentAction","name":"Comment","target":["https:\/\/lasentinelle.dz\/index.php\/2023\/07\/22\/can-2027-une-mission-de-pwc-en-algerie\/#respond"]}]},{"@type":"WebPage","@id":"https:\/\/lasentinelle.dz\/index.php\/2023\/07\/22\/can-2027-une-mission-de-pwc-en-algerie\/","url":"https:\/\/lasentinelle.dz\/index.php\/2023\/07\/22\/can-2027-une-mission-de-pwc-en-algerie\/","name":"CAN-2027&nbsp;: Une mission de PwC en Alg\u00e9rie - La Sentinelle","isPartOf":{"@id":"https:\/\/lasentinelle.dz\/#website"},"primaryImageOfPage":{"@id":"https:\/\/lasentinelle.dz\/index.php\/2023\/07\/22\/can-2027-une-mission-de-pwc-en-algerie\/#primaryimage"},"image":{"@id":"https:\/\/lasentinelle.dz\/index.php\/2023\/07\/22\/can-2027-une-mission-de-pwc-en-algerie\/#primaryimage"},"thumbnailUrl":"https:\/\/lasentinelle.dz\/wp-content\/uploads\/2023\/07\/CAN.jpeg","datePublished":"2023-07-22T20:00:22+00:00","dateModified":"2023-07-22T20:00:23+00:00","breadcrumb":{"@id":"https:\/\/lasentinelle.dz\/index.php\/2023\/07\/22\/can-2027-une-mission-de-pwc-en-algerie\/#breadcrumb"},"inLanguage":"fr-FR","potentialAction":[{"@type":"ReadAction","target":["https:\/\/lasentinelle.dz\/index.php\/2023\/07\/22\/can-2027-une-mission-de-pwc-en-algerie\/"]}]},{"@type":"ImageObject","inLanguage":"fr-FR","@id":"https:\/\/lasentinelle.dz\/index.php\/2023\/07\/22\/can-2027-une-mission-de-pwc-en-algerie\/#primaryimage","url":"https:\/\/lasentinelle.dz\/wp-content\/uploads\/2023\/07\/CAN.jpeg","contentUrl":"https:\/\/lasentinelle.dz\/wp-content\/uploads\/2023\/07\/CAN.jpeg","width":750,"height":430},{"@type":"BreadcrumbList","@id":"https:\/\/lasentinelle.dz\/index.php\/2023\/07\/22\/can-2027-une-mission-de-pwc-en-algerie\/#breadcrumb","itemListElement":[{"@type":"ListItem","position":1,"name":"Accueil","item":"https:\/\/lasentinelle.dz\/"},{"@type":"ListItem","position":2,"name":"CAN-2027&nbsp;: Une mission de PwC en Alg\u00e9rie"}]},{"@type":"WebSite","@id":"https:\/\/lasentinelle.dz\/#website","url":"https:\/\/lasentinelle.dz\/","name":"La Sentinelle","description":"Quotidien national d&#039;information","publisher":{"@id":"https:\/\/lasentinelle.dz\/#organization"},"potentialAction":[{"@type":"SearchAction","target":{"@type":"EntryPoint","urlTemplate":"https:\/\/lasentinelle.dz\/?s={search_term_string}"},"query-input":{"@type":"PropertyValueSpecification","valueRequired":true,"valueName":"search_term_string"}}],"inLanguage":"fr-FR"},{"@type":"Organization","@id":"https:\/\/lasentinelle.dz\/#organization","name":"Quotidien La Sentinelle","url":"https:\/\/lasentinelle.dz\/","logo":{"@type":"ImageObject","inLanguage":"fr-FR","@id":"https:\/\/lasentinelle.dz\/#\/schema\/logo\/image\/","url":"https:\/\/lasentinelle.dz\/wp-content\/uploads\/2021\/09\/logo-sentinelleSLOGAN-1.png","contentUrl":"https:\/\/lasentinelle.dz\/wp-content\/uploads\/2021\/09\/logo-sentinelleSLOGAN-1.png","width":615,"height":142,"caption":"Quotidien La Sentinelle"},"image":{"@id":"https:\/\/lasentinelle.dz\/#\/schema\/logo\/image\/"},"sameAs":["https:\/\/www.facebook.com\/La-Sentinelle-104059864394773"]},{"@type":"Person","@id":"https:\/\/lasentinelle.dz\/#\/schema\/person\/d865044e22e70a75174ce8bcad3acfb3","name":"La Sentinelle","image":{"@type":"ImageObject","inLanguage":"fr-FR","@id":"https:\/\/secure.gravatar.com\/avatar\/57de8e5d4b15d43fb361a71fbb36338450fe67865b528a43dd10ef7c51a20392?s=96&d=mm&r=g","url":"https:\/\/secure.gravatar.com\/avatar\/57de8e5d4b15d43fb361a71fbb36338450fe67865b528a43dd10ef7c51a20392?s=96&d=mm&r=g","contentUrl":"https:\/\/secure.gravatar.com\/avatar\/57de8e5d4b15d43fb361a71fbb36338450fe67865b528a43dd10ef7c51a20392?s=96&d=mm&r=g","caption":"La Sentinelle"},"sameAs":["http:\/\/www.lasentinelle.dz"],"url":"https:\/\/lasentinelle.dz\/author\/redaction\/"}]}},"_links":{"self":[{"href":"https:\/\/lasentinelle.dz\/index.php\/wp-json\/wp\/v2\/posts\/43843","targetHints":{"allow":["GET"]}}],"collection":[{"href":"https:\/\/lasentinelle.dz\/index.php\/wp-json\/wp\/v2\/posts"}],"about":[{"href":"https:\/\/lasentinelle.dz\/index.php\/wp-json\/wp\/v2\/types\/post"}],"author":[{"embeddable":true,"href":"https:\/\/lasentinelle.dz\/index.php\/wp-json\/wp\/v2\/users\/3"}],"replies":[{"embeddable":true,"href":"https:\/\/lasentinelle.dz\/index.php\/wp-json\/wp\/v2\/comments?post=43843"}],"version-history":[{"count":1,"href":"https:\/\/lasentinelle.dz\/index.php\/wp-json\/wp\/v2\/posts\/43843\/revisions"}],"predecessor-version":[{"id":43845,"href":"https:\/\/lasentinelle.dz\/index.php\/wp-json\/wp\/v2\/posts\/43843\/revisions\/43845"}],"wp:featuredmedia":[{"embeddable":true,"href":"https:\/\/lasentinelle.dz\/index.php\/wp-json\/wp\/v2\/media\/43844"}],"wp:attachment":[{"href":"https:\/\/lasentinelle.dz\/index.php\/wp-json\/wp\/v2\/media?parent=43843"}],"wp:term":[{"taxonomy":"category","embeddable":true,"href":"https:\/\/lasentinelle.dz\/index.php\/wp-json\/wp\/v2\/categories?post=43843"},{"taxonomy":"post_tag","embeddable":true,"href":"https:\/\/lasentinelle.dz\/index.php\/wp-json\/wp\/v2\/tags?post=43843"}],"curies":[{"name":"wp","href":"https:\/\/api.w.org\/{rel}","templated":true}]}}