{"id":4385,"date":"2021-08-16T23:50:00","date_gmt":"2021-08-16T22:50:00","guid":{"rendered":"https:\/\/lasentinelle.dz\/?p=4385"},"modified":"2021-08-17T15:25:54","modified_gmt":"2021-08-17T14:25:54","slug":"port-de-mostaganem-le-volume-des-exportations-depasse-le-volume-des-importations","status":"publish","type":"post","link":"https:\/\/lasentinelle.dz\/index.php\/2021\/08\/16\/port-de-mostaganem-le-volume-des-exportations-depasse-le-volume-des-importations\/","title":{"rendered":"Port de Mostaganem : Le volume des exportations d\u00e9passe le volume des importations"},"content":{"rendered":"\n<p>Le volume des exportations via le port de Mostaganem a d\u00e9pass\u00e9 le volume des importations au cours des sept derniers mois, selon la Direction g\u00e9n\u00e9rale de cette institution portuaire, qui en a b\u00e9n\u00e9fici\u00e9 aujourd&rsquo;hui.Les statistiques fournies par le D\u00e9partement commercial indiquent une croissance record du volume des exportations transitant par ce port maritime entre le 1er janvier et le 31 juillet dernier &nbsp;de 760%.Les exportations se sont \u00e9lev\u00e9es \u00e0 393.000 tonnes contre 45.000 tonnes au cours de la m\u00eame p\u00e9riode l&rsquo;an dernier, ce qui d\u00e9passe les importations qui ont \u00e9t\u00e9 d\u00e9barqu\u00e9es au cours des sept derniers mois, estim\u00e9es \u00e0 336.000 tonnes, ajoute la m\u00eame source.<\/p>\n\n\n\n<p>Malgr\u00e9 la baisse des importations au cours de cette p\u00e9riode de 22%, la croissance des exportations a contribu\u00e9 au redressement de la situation financi\u00e8re de l&rsquo;institution portuaire, qui a enregistr\u00e9 une croissance totale de l&rsquo;activit\u00e9 commerciale qui a d\u00e9pass\u00e9 50% et s&rsquo;est \u00e9lev\u00e9e \u00e0 plus de 730.000 tonnes, contre 480.000 tonnes l&rsquo;ann\u00e9e derni\u00e8re.<\/p>\n\n\n\n<p>Durant cette p\u00e9riode, 290 000 tonnes de mat\u00e9riaux ferreux sous forme de lingots et de fer de construction, 90 000 tonnes de \u00ab clinker \u00bb, 3 169 tonnes d&rsquo;\u00ab h\u00e9lium \u00bb et 317 tonnes de denr\u00e9es alimentaires, l\u00e9gumes et fruits (dattes) ont \u00e9t\u00e9 export\u00e9s vers plusieurs destinations.<\/p>\n\n\n\n<p>Les importations de mat\u00e9riaux de construction (362 %), de produits p\u00e9troliers (65 %) et de mat\u00e9riaux agricoles (37 %), en particulier de bl\u00e9 et d&rsquo;orge, ont augment\u00e9 contrairement \u00e0 une baisse des importations de viande (-94 %), de fer et de mat\u00e9riaux chimiques et les engrais au cours de la m\u00eame p\u00e9riode.<\/p>\n\n\n\n<p>L&rsquo;activit\u00e9 conteneurs a connu une augmentation &#8211; selon le m\u00eame bilan &#8211; tant \u00e0 l&rsquo;import qu&rsquo;\u00e0 l&rsquo;export. Depuis le d\u00e9but de l&rsquo;ann\u00e9e, 1.897 conteneurs d&rsquo;un poids net de 23 821 tonnes ont \u00e9t\u00e9 d\u00e9charg\u00e9s et 3 678 conteneurs ont \u00e9t\u00e9 exp\u00e9di\u00e9s \u00e0 l&rsquo;\u00e9tranger d&rsquo;un poids de 8 767 tonnes.<\/p>\n\n\n\n<p>Pour m\u00e9moire, le port de commerce de Mostaganem n&rsquo;a pas connu une augmentation du volume des exportations qui a d\u00e9pass\u00e9 le volume des importations pendant plus de trois d\u00e9cennies.<\/p>\n\n\n\n<p>R.R.<\/p>\n","protected":false},"excerpt":{"rendered":"<p>Le volume des exportations via le port de Mostaganem a d\u00e9pass\u00e9 le volume des importations au cours des sept derniers<\/p>\n","protected":false},"author":3,"featured_media":4404,"comment_status":"open","ping_status":"closed","sticky":false,"template":"","format":"standard","meta":{"colormag_page_container_layout":"default_layout","colormag_page_sidebar_layout":"default_layout","om_disable_all_campaigns":false,"_monsterinsights_skip_tracking":false,"_monsterinsights_sitenote_active":false,"_monsterinsights_sitenote_note":"","_monsterinsights_sitenote_category":0,"footnotes":"","_wpscppro_dont_share_socialmedia":false,"_wpscppro_custom_social_share_image":0,"_facebook_share_type":"","_twitter_share_type":"","_linkedin_share_type":"","_pinterest_share_type":"","_linkedin_share_type_page":"","_instagram_share_type":"","_medium_share_type":"","_threads_share_type":"","_google_business_share_type":"","_selected_social_profile":[],"_wpsp_enable_custom_social_template":false,"_wpsp_social_scheduling":{"enabled":false,"datetime":null,"platforms":[],"status":"template_only","dateOption":"today","timeOption":"now","customDays":"","customHours":"","customDate":"","customTime":"","schedulingType":"absolute"},"_wpsp_active_default_template":true},"categories":[31],"tags":[],"class_list":["post-4385","post","type-post","status-publish","format-standard","has-post-thumbnail","hentry","category-regions"],"aioseo_notices":[],"yoast_head":"<!-- This site is optimized with the Yoast SEO plugin v27.5 - https:\/\/yoast.com\/product\/yoast-seo-wordpress\/ -->\n<title>Port de Mostaganem : Le volume des exportations d\u00e9passe le volume des importations - La Sentinelle<\/title>\n<meta name=\"robots\" content=\"index, follow, max-snippet:-1, max-image-preview:large, max-video-preview:-1\" \/>\n<link rel=\"canonical\" href=\"https:\/\/lasentinelle.dz\/index.php\/2021\/08\/16\/port-de-mostaganem-le-volume-des-exportations-depasse-le-volume-des-importations\/\" \/>\n<meta property=\"og:locale\" content=\"fr_FR\" \/>\n<meta property=\"og:type\" content=\"article\" \/>\n<meta property=\"og:title\" content=\"Port de Mostaganem : Le volume des exportations d\u00e9passe le volume des importations - La Sentinelle\" \/>\n<meta property=\"og:description\" content=\"Le volume des exportations via le port de Mostaganem a d\u00e9pass\u00e9 le volume des importations au cours des sept derniers\" \/>\n<meta property=\"og:url\" content=\"https:\/\/lasentinelle.dz\/index.php\/2021\/08\/16\/port-de-mostaganem-le-volume-des-exportations-depasse-le-volume-des-importations\/\" \/>\n<meta property=\"og:site_name\" content=\"La Sentinelle\" \/>\n<meta property=\"article:publisher\" content=\"https:\/\/www.facebook.com\/La-Sentinelle-104059864394773\" \/>\n<meta property=\"article:published_time\" content=\"2021-08-16T22:50:00+00:00\" \/>\n<meta property=\"article:modified_time\" content=\"2021-08-17T14:25:54+00:00\" \/>\n<meta property=\"og:image\" content=\"https:\/\/lasentinelle.dz\/wp-content\/uploads\/2021\/08\/port-mostaganem-2.png\" \/>\n\t<meta property=\"og:image:width\" content=\"1929\" \/>\n\t<meta property=\"og:image:height\" content=\"900\" \/>\n\t<meta property=\"og:image:type\" content=\"image\/png\" \/>\n<meta name=\"author\" content=\"La Sentinelle\" \/>\n<meta name=\"twitter:card\" content=\"summary_large_image\" \/>\n<meta name=\"twitter:label1\" content=\"\u00c9crit par\" \/>\n\t<meta name=\"twitter:data1\" content=\"La Sentinelle\" \/>\n\t<meta name=\"twitter:label2\" content=\"Dur\u00e9e de lecture estim\u00e9e\" \/>\n\t<meta name=\"twitter:data2\" content=\"2 minutes\" \/>\n<script type=\"application\/ld+json\" class=\"yoast-schema-graph\">{\"@context\":\"https:\\\/\\\/schema.org\",\"@graph\":[{\"@type\":\"Article\",\"@id\":\"https:\\\/\\\/lasentinelle.dz\\\/index.php\\\/2021\\\/08\\\/16\\\/port-de-mostaganem-le-volume-des-exportations-depasse-le-volume-des-importations\\\/#article\",\"isPartOf\":{\"@id\":\"https:\\\/\\\/lasentinelle.dz\\\/index.php\\\/2021\\\/08\\\/16\\\/port-de-mostaganem-le-volume-des-exportations-depasse-le-volume-des-importations\\\/\"},\"author\":{\"name\":\"La Sentinelle\",\"@id\":\"https:\\\/\\\/lasentinelle.dz\\\/#\\\/schema\\\/person\\\/d865044e22e70a75174ce8bcad3acfb3\"},\"headline\":\"Port de Mostaganem : Le volume des exportations d\u00e9passe le volume des importations\",\"datePublished\":\"2021-08-16T22:50:00+00:00\",\"dateModified\":\"2021-08-17T14:25:54+00:00\",\"mainEntityOfPage\":{\"@id\":\"https:\\\/\\\/lasentinelle.dz\\\/index.php\\\/2021\\\/08\\\/16\\\/port-de-mostaganem-le-volume-des-exportations-depasse-le-volume-des-importations\\\/\"},\"wordCount\":371,\"commentCount\":0,\"publisher\":{\"@id\":\"https:\\\/\\\/lasentinelle.dz\\\/#organization\"},\"image\":{\"@id\":\"https:\\\/\\\/lasentinelle.dz\\\/index.php\\\/2021\\\/08\\\/16\\\/port-de-mostaganem-le-volume-des-exportations-depasse-le-volume-des-importations\\\/#primaryimage\"},\"thumbnailUrl\":\"https:\\\/\\\/lasentinelle.dz\\\/wp-content\\\/uploads\\\/2021\\\/08\\\/port-mostaganem-2.png\",\"articleSection\":[\"R\u00e9gions\"],\"inLanguage\":\"fr-FR\",\"potentialAction\":[{\"@type\":\"CommentAction\",\"name\":\"Comment\",\"target\":[\"https:\\\/\\\/lasentinelle.dz\\\/index.php\\\/2021\\\/08\\\/16\\\/port-de-mostaganem-le-volume-des-exportations-depasse-le-volume-des-importations\\\/#respond\"]}]},{\"@type\":\"WebPage\",\"@id\":\"https:\\\/\\\/lasentinelle.dz\\\/index.php\\\/2021\\\/08\\\/16\\\/port-de-mostaganem-le-volume-des-exportations-depasse-le-volume-des-importations\\\/\",\"url\":\"https:\\\/\\\/lasentinelle.dz\\\/index.php\\\/2021\\\/08\\\/16\\\/port-de-mostaganem-le-volume-des-exportations-depasse-le-volume-des-importations\\\/\",\"name\":\"Port de Mostaganem : Le volume des exportations d\u00e9passe le volume des importations - La Sentinelle\",\"isPartOf\":{\"@id\":\"https:\\\/\\\/lasentinelle.dz\\\/#website\"},\"primaryImageOfPage\":{\"@id\":\"https:\\\/\\\/lasentinelle.dz\\\/index.php\\\/2021\\\/08\\\/16\\\/port-de-mostaganem-le-volume-des-exportations-depasse-le-volume-des-importations\\\/#primaryimage\"},\"image\":{\"@id\":\"https:\\\/\\\/lasentinelle.dz\\\/index.php\\\/2021\\\/08\\\/16\\\/port-de-mostaganem-le-volume-des-exportations-depasse-le-volume-des-importations\\\/#primaryimage\"},\"thumbnailUrl\":\"https:\\\/\\\/lasentinelle.dz\\\/wp-content\\\/uploads\\\/2021\\\/08\\\/port-mostaganem-2.png\",\"datePublished\":\"2021-08-16T22:50:00+00:00\",\"dateModified\":\"2021-08-17T14:25:54+00:00\",\"breadcrumb\":{\"@id\":\"https:\\\/\\\/lasentinelle.dz\\\/index.php\\\/2021\\\/08\\\/16\\\/port-de-mostaganem-le-volume-des-exportations-depasse-le-volume-des-importations\\\/#breadcrumb\"},\"inLanguage\":\"fr-FR\",\"potentialAction\":[{\"@type\":\"ReadAction\",\"target\":[\"https:\\\/\\\/lasentinelle.dz\\\/index.php\\\/2021\\\/08\\\/16\\\/port-de-mostaganem-le-volume-des-exportations-depasse-le-volume-des-importations\\\/\"]}]},{\"@type\":\"ImageObject\",\"inLanguage\":\"fr-FR\",\"@id\":\"https:\\\/\\\/lasentinelle.dz\\\/index.php\\\/2021\\\/08\\\/16\\\/port-de-mostaganem-le-volume-des-exportations-depasse-le-volume-des-importations\\\/#primaryimage\",\"url\":\"https:\\\/\\\/lasentinelle.dz\\\/wp-content\\\/uploads\\\/2021\\\/08\\\/port-mostaganem-2.png\",\"contentUrl\":\"https:\\\/\\\/lasentinelle.dz\\\/wp-content\\\/uploads\\\/2021\\\/08\\\/port-mostaganem-2.png\",\"width\":1929,\"height\":900},{\"@type\":\"BreadcrumbList\",\"@id\":\"https:\\\/\\\/lasentinelle.dz\\\/index.php\\\/2021\\\/08\\\/16\\\/port-de-mostaganem-le-volume-des-exportations-depasse-le-volume-des-importations\\\/#breadcrumb\",\"itemListElement\":[{\"@type\":\"ListItem\",\"position\":1,\"name\":\"Accueil\",\"item\":\"https:\\\/\\\/lasentinelle.dz\\\/\"},{\"@type\":\"ListItem\",\"position\":2,\"name\":\"Port de Mostaganem : Le volume des exportations d\u00e9passe le volume des importations\"}]},{\"@type\":\"WebSite\",\"@id\":\"https:\\\/\\\/lasentinelle.dz\\\/#website\",\"url\":\"https:\\\/\\\/lasentinelle.dz\\\/\",\"name\":\"La Sentinelle\",\"description\":\"Quotidien national d&#039;information\",\"publisher\":{\"@id\":\"https:\\\/\\\/lasentinelle.dz\\\/#organization\"},\"potentialAction\":[{\"@type\":\"SearchAction\",\"target\":{\"@type\":\"EntryPoint\",\"urlTemplate\":\"https:\\\/\\\/lasentinelle.dz\\\/?s={search_term_string}\"},\"query-input\":{\"@type\":\"PropertyValueSpecification\",\"valueRequired\":true,\"valueName\":\"search_term_string\"}}],\"inLanguage\":\"fr-FR\"},{\"@type\":\"Organization\",\"@id\":\"https:\\\/\\\/lasentinelle.dz\\\/#organization\",\"name\":\"Quotidien La Sentinelle\",\"url\":\"https:\\\/\\\/lasentinelle.dz\\\/\",\"logo\":{\"@type\":\"ImageObject\",\"inLanguage\":\"fr-FR\",\"@id\":\"https:\\\/\\\/lasentinelle.dz\\\/#\\\/schema\\\/logo\\\/image\\\/\",\"url\":\"https:\\\/\\\/lasentinelle.dz\\\/wp-content\\\/uploads\\\/2021\\\/09\\\/logo-sentinelleSLOGAN-1.png\",\"contentUrl\":\"https:\\\/\\\/lasentinelle.dz\\\/wp-content\\\/uploads\\\/2021\\\/09\\\/logo-sentinelleSLOGAN-1.png\",\"width\":615,\"height\":142,\"caption\":\"Quotidien La Sentinelle\"},\"image\":{\"@id\":\"https:\\\/\\\/lasentinelle.dz\\\/#\\\/schema\\\/logo\\\/image\\\/\"},\"sameAs\":[\"https:\\\/\\\/www.facebook.com\\\/La-Sentinelle-104059864394773\"]},{\"@type\":\"Person\",\"@id\":\"https:\\\/\\\/lasentinelle.dz\\\/#\\\/schema\\\/person\\\/d865044e22e70a75174ce8bcad3acfb3\",\"name\":\"La Sentinelle\",\"image\":{\"@type\":\"ImageObject\",\"inLanguage\":\"fr-FR\",\"@id\":\"https:\\\/\\\/secure.gravatar.com\\\/avatar\\\/57de8e5d4b15d43fb361a71fbb36338450fe67865b528a43dd10ef7c51a20392?s=96&d=mm&r=g\",\"url\":\"https:\\\/\\\/secure.gravatar.com\\\/avatar\\\/57de8e5d4b15d43fb361a71fbb36338450fe67865b528a43dd10ef7c51a20392?s=96&d=mm&r=g\",\"contentUrl\":\"https:\\\/\\\/secure.gravatar.com\\\/avatar\\\/57de8e5d4b15d43fb361a71fbb36338450fe67865b528a43dd10ef7c51a20392?s=96&d=mm&r=g\",\"caption\":\"La Sentinelle\"},\"sameAs\":[\"http:\\\/\\\/www.lasentinelle.dz\"],\"url\":\"https:\\\/\\\/lasentinelle.dz\\\/author\\\/redaction\\\/\"}]}<\/script>\n<!-- \/ Yoast SEO plugin. -->","yoast_head_json":{"title":"Port de Mostaganem : Le volume des exportations d\u00e9passe le volume des importations - La Sentinelle","robots":{"index":"index","follow":"follow","max-snippet":"max-snippet:-1","max-image-preview":"max-image-preview:large","max-video-preview":"max-video-preview:-1"},"canonical":"https:\/\/lasentinelle.dz\/index.php\/2021\/08\/16\/port-de-mostaganem-le-volume-des-exportations-depasse-le-volume-des-importations\/","og_locale":"fr_FR","og_type":"article","og_title":"Port de Mostaganem : Le volume des exportations d\u00e9passe le volume des importations - La Sentinelle","og_description":"Le volume des exportations via le port de Mostaganem a d\u00e9pass\u00e9 le volume des importations au cours des sept derniers","og_url":"https:\/\/lasentinelle.dz\/index.php\/2021\/08\/16\/port-de-mostaganem-le-volume-des-exportations-depasse-le-volume-des-importations\/","og_site_name":"La Sentinelle","article_publisher":"https:\/\/www.facebook.com\/La-Sentinelle-104059864394773","article_published_time":"2021-08-16T22:50:00+00:00","article_modified_time":"2021-08-17T14:25:54+00:00","og_image":[{"width":1929,"height":900,"url":"https:\/\/lasentinelle.dz\/wp-content\/uploads\/2021\/08\/port-mostaganem-2.png","type":"image\/png"}],"author":"La Sentinelle","twitter_card":"summary_large_image","twitter_misc":{"\u00c9crit par":"La Sentinelle","Dur\u00e9e de lecture estim\u00e9e":"2 minutes"},"schema":{"@context":"https:\/\/schema.org","@graph":[{"@type":"Article","@id":"https:\/\/lasentinelle.dz\/index.php\/2021\/08\/16\/port-de-mostaganem-le-volume-des-exportations-depasse-le-volume-des-importations\/#article","isPartOf":{"@id":"https:\/\/lasentinelle.dz\/index.php\/2021\/08\/16\/port-de-mostaganem-le-volume-des-exportations-depasse-le-volume-des-importations\/"},"author":{"name":"La Sentinelle","@id":"https:\/\/lasentinelle.dz\/#\/schema\/person\/d865044e22e70a75174ce8bcad3acfb3"},"headline":"Port de Mostaganem : Le volume des exportations d\u00e9passe le volume des importations","datePublished":"2021-08-16T22:50:00+00:00","dateModified":"2021-08-17T14:25:54+00:00","mainEntityOfPage":{"@id":"https:\/\/lasentinelle.dz\/index.php\/2021\/08\/16\/port-de-mostaganem-le-volume-des-exportations-depasse-le-volume-des-importations\/"},"wordCount":371,"commentCount":0,"publisher":{"@id":"https:\/\/lasentinelle.dz\/#organization"},"image":{"@id":"https:\/\/lasentinelle.dz\/index.php\/2021\/08\/16\/port-de-mostaganem-le-volume-des-exportations-depasse-le-volume-des-importations\/#primaryimage"},"thumbnailUrl":"https:\/\/lasentinelle.dz\/wp-content\/uploads\/2021\/08\/port-mostaganem-2.png","articleSection":["R\u00e9gions"],"inLanguage":"fr-FR","potentialAction":[{"@type":"CommentAction","name":"Comment","target":["https:\/\/lasentinelle.dz\/index.php\/2021\/08\/16\/port-de-mostaganem-le-volume-des-exportations-depasse-le-volume-des-importations\/#respond"]}]},{"@type":"WebPage","@id":"https:\/\/lasentinelle.dz\/index.php\/2021\/08\/16\/port-de-mostaganem-le-volume-des-exportations-depasse-le-volume-des-importations\/","url":"https:\/\/lasentinelle.dz\/index.php\/2021\/08\/16\/port-de-mostaganem-le-volume-des-exportations-depasse-le-volume-des-importations\/","name":"Port de Mostaganem : Le volume des exportations d\u00e9passe le volume des importations - La Sentinelle","isPartOf":{"@id":"https:\/\/lasentinelle.dz\/#website"},"primaryImageOfPage":{"@id":"https:\/\/lasentinelle.dz\/index.php\/2021\/08\/16\/port-de-mostaganem-le-volume-des-exportations-depasse-le-volume-des-importations\/#primaryimage"},"image":{"@id":"https:\/\/lasentinelle.dz\/index.php\/2021\/08\/16\/port-de-mostaganem-le-volume-des-exportations-depasse-le-volume-des-importations\/#primaryimage"},"thumbnailUrl":"https:\/\/lasentinelle.dz\/wp-content\/uploads\/2021\/08\/port-mostaganem-2.png","datePublished":"2021-08-16T22:50:00+00:00","dateModified":"2021-08-17T14:25:54+00:00","breadcrumb":{"@id":"https:\/\/lasentinelle.dz\/index.php\/2021\/08\/16\/port-de-mostaganem-le-volume-des-exportations-depasse-le-volume-des-importations\/#breadcrumb"},"inLanguage":"fr-FR","potentialAction":[{"@type":"ReadAction","target":["https:\/\/lasentinelle.dz\/index.php\/2021\/08\/16\/port-de-mostaganem-le-volume-des-exportations-depasse-le-volume-des-importations\/"]}]},{"@type":"ImageObject","inLanguage":"fr-FR","@id":"https:\/\/lasentinelle.dz\/index.php\/2021\/08\/16\/port-de-mostaganem-le-volume-des-exportations-depasse-le-volume-des-importations\/#primaryimage","url":"https:\/\/lasentinelle.dz\/wp-content\/uploads\/2021\/08\/port-mostaganem-2.png","contentUrl":"https:\/\/lasentinelle.dz\/wp-content\/uploads\/2021\/08\/port-mostaganem-2.png","width":1929,"height":900},{"@type":"BreadcrumbList","@id":"https:\/\/lasentinelle.dz\/index.php\/2021\/08\/16\/port-de-mostaganem-le-volume-des-exportations-depasse-le-volume-des-importations\/#breadcrumb","itemListElement":[{"@type":"ListItem","position":1,"name":"Accueil","item":"https:\/\/lasentinelle.dz\/"},{"@type":"ListItem","position":2,"name":"Port de Mostaganem : Le volume des exportations d\u00e9passe le volume des importations"}]},{"@type":"WebSite","@id":"https:\/\/lasentinelle.dz\/#website","url":"https:\/\/lasentinelle.dz\/","name":"La Sentinelle","description":"Quotidien national d&#039;information","publisher":{"@id":"https:\/\/lasentinelle.dz\/#organization"},"potentialAction":[{"@type":"SearchAction","target":{"@type":"EntryPoint","urlTemplate":"https:\/\/lasentinelle.dz\/?s={search_term_string}"},"query-input":{"@type":"PropertyValueSpecification","valueRequired":true,"valueName":"search_term_string"}}],"inLanguage":"fr-FR"},{"@type":"Organization","@id":"https:\/\/lasentinelle.dz\/#organization","name":"Quotidien La Sentinelle","url":"https:\/\/lasentinelle.dz\/","logo":{"@type":"ImageObject","inLanguage":"fr-FR","@id":"https:\/\/lasentinelle.dz\/#\/schema\/logo\/image\/","url":"https:\/\/lasentinelle.dz\/wp-content\/uploads\/2021\/09\/logo-sentinelleSLOGAN-1.png","contentUrl":"https:\/\/lasentinelle.dz\/wp-content\/uploads\/2021\/09\/logo-sentinelleSLOGAN-1.png","width":615,"height":142,"caption":"Quotidien La Sentinelle"},"image":{"@id":"https:\/\/lasentinelle.dz\/#\/schema\/logo\/image\/"},"sameAs":["https:\/\/www.facebook.com\/La-Sentinelle-104059864394773"]},{"@type":"Person","@id":"https:\/\/lasentinelle.dz\/#\/schema\/person\/d865044e22e70a75174ce8bcad3acfb3","name":"La Sentinelle","image":{"@type":"ImageObject","inLanguage":"fr-FR","@id":"https:\/\/secure.gravatar.com\/avatar\/57de8e5d4b15d43fb361a71fbb36338450fe67865b528a43dd10ef7c51a20392?s=96&d=mm&r=g","url":"https:\/\/secure.gravatar.com\/avatar\/57de8e5d4b15d43fb361a71fbb36338450fe67865b528a43dd10ef7c51a20392?s=96&d=mm&r=g","contentUrl":"https:\/\/secure.gravatar.com\/avatar\/57de8e5d4b15d43fb361a71fbb36338450fe67865b528a43dd10ef7c51a20392?s=96&d=mm&r=g","caption":"La Sentinelle"},"sameAs":["http:\/\/www.lasentinelle.dz"],"url":"https:\/\/lasentinelle.dz\/author\/redaction\/"}]}},"_links":{"self":[{"href":"https:\/\/lasentinelle.dz\/index.php\/wp-json\/wp\/v2\/posts\/4385","targetHints":{"allow":["GET"]}}],"collection":[{"href":"https:\/\/lasentinelle.dz\/index.php\/wp-json\/wp\/v2\/posts"}],"about":[{"href":"https:\/\/lasentinelle.dz\/index.php\/wp-json\/wp\/v2\/types\/post"}],"author":[{"embeddable":true,"href":"https:\/\/lasentinelle.dz\/index.php\/wp-json\/wp\/v2\/users\/3"}],"replies":[{"embeddable":true,"href":"https:\/\/lasentinelle.dz\/index.php\/wp-json\/wp\/v2\/comments?post=4385"}],"version-history":[{"count":1,"href":"https:\/\/lasentinelle.dz\/index.php\/wp-json\/wp\/v2\/posts\/4385\/revisions"}],"predecessor-version":[{"id":4400,"href":"https:\/\/lasentinelle.dz\/index.php\/wp-json\/wp\/v2\/posts\/4385\/revisions\/4400"}],"wp:featuredmedia":[{"embeddable":true,"href":"https:\/\/lasentinelle.dz\/index.php\/wp-json\/wp\/v2\/media\/4404"}],"wp:attachment":[{"href":"https:\/\/lasentinelle.dz\/index.php\/wp-json\/wp\/v2\/media?parent=4385"}],"wp:term":[{"taxonomy":"category","embeddable":true,"href":"https:\/\/lasentinelle.dz\/index.php\/wp-json\/wp\/v2\/categories?post=4385"},{"taxonomy":"post_tag","embeddable":true,"href":"https:\/\/lasentinelle.dz\/index.php\/wp-json\/wp\/v2\/tags?post=4385"}],"curies":[{"name":"wp","href":"https:\/\/api.w.org\/{rel}","templated":true}]}}