{"id":43912,"date":"2023-07-23T23:01:58","date_gmt":"2023-07-23T22:01:58","guid":{"rendered":"https:\/\/lasentinelle.dz\/?p=43912"},"modified":"2023-07-23T23:01:59","modified_gmt":"2023-07-23T22:01:59","slug":"sahara-occidental-la-france-doit-jouer-un-role-en-phase-avec-le-droit-international","status":"publish","type":"post","link":"https:\/\/lasentinelle.dz\/index.php\/2023\/07\/23\/sahara-occidental-la-france-doit-jouer-un-role-en-phase-avec-le-droit-international\/","title":{"rendered":"Sahara occidental&nbsp;: La France doit jouer un r\u00f4le en phase avec le droit international"},"content":{"rendered":"\n<p>Dans un discours devant des maires de communes et des militants de partis politiques fran\u00e7ais issus de plusieurs villes \u00e0 Rez\u00e9 (d\u00e9partement de la Loire-Atlantique), le diplomate sahraoui Mohamed Ali Zerouali qui repr\u00e9sente le Front Polisario en France, a indiqu\u00e9 que la position de la France \u00ab\u00a0ne doit pas \u00eatre favorable \u00e0 l&rsquo;occupation, de surcro\u00eet dans un territoire class\u00e9 par l&rsquo;ONU comme&nbsp; non-autonome et \u00e0 d\u00e9coloniser\u00a0\u00bb. Il appelle, \u00e0 cette occasion, les autorit\u00e9s fran\u00e7aises \u00e0 jouer un \u00ab\u00a0r\u00f4le positif\u00a0\u00bb concernant la r\u00e9solution du conflit au Sahara occidental, conform\u00e9ment au droit international, pour garantir au peuple sahraoui son droit \u00e0 l&rsquo;autod\u00e9termination.<\/p>\n\n\n\n<p>Cette position \u00ab\u00a0doit \u00eatre r\u00e9gie par la conscience et la morale\u00a0\u00bb, a-t-il insist\u00e9. Il a d\u00e9clar\u00e9, \u00e0 ce sujet, qu'\u00a0\u00bbil serait regrettable qu&rsquo;une R\u00e9publique d\u00e9mocratique soutienne une solution qui contredise les lois de la l\u00e9galit\u00e9 internationale et appuie l&rsquo;expansion\u00a0\u00bb. Le diplomate sahraoui a fait observer, dans le m\u00eame ordre d&rsquo;id\u00e9es, \u00ab\u00a0que la paix sert tout le monde, y compris les parties au conflit, les pays de la r\u00e9gion, l&rsquo;Europe et le monde et que les politiques expansionnistes et agressives ne servent pas la stabilit\u00e9 et la paix dans la r\u00e9gion\u00a0\u00bb. Pr\u00e9cisant, dans le m\u00eame contexte, que les Sahraouis d\u00e9fendent leur droit l\u00e9gitime de reconqu\u00e9rir leur pays, Mohamed Ali Zerouali a not\u00e9, toutefois, que \u00ab\u00a0le retour des Sahraouis aux armes, le 13 novembre 2020, n&rsquo;a pas \u00e9t\u00e9 un choix, mais un mal n\u00e9cessaire face \u00e0 la violation par le Maroc de l&rsquo;accord de cessez-le-feu alors en vigueur\u00a0\u00bb. \u00ab\u00a0Le peuple sahraoui n&rsquo;est pas un partisan de la guerre, mais il est pr\u00eat \u00e0 poursuivre la lutte arm\u00e9e jusqu&rsquo;\u00e0 la r\u00e9alisation de son r\u00eave, \u00e0 savoir d&rsquo;\u00e9tablir son Etat ind\u00e9pendant sur sa terre\u00a0\u00bb, a soulign\u00e9 le repr\u00e9sentant du Front Polisario, appelant \u00ab\u00a0les personnes \u00e9prises de la paix et de la justice dans le monde \u00e0 \u00eatre aux c\u00f4t\u00e9s du peuple sahraoui jusqu&rsquo;\u00e0 atteindre son objectif\u00a0\u00bb. Le diplomate n&rsquo;a pas manqu\u00e9, par ailleurs, de fustiger l&rsquo;inaction de la communaut\u00e9 internationale quant \u00e0 la r\u00e9solution du conflit au Sahara occidental, l&rsquo;appelant \u00e0 \u00ab\u00a0assumer ses responsabilit\u00e9s et appliquer les r\u00e9solutions onusiennes\u00a0\u00bb. \u00ab\u00a0L&rsquo;inaction de la communaut\u00e9 internationale n&rsquo;est d\u00e9sormais plus acceptable, car les deux parties au conflit se sont engag\u00e9es dans un processus politique sous l&rsquo;\u00e9gide des Nations unies, en vue de parvenir \u00e0 une solution pacifique, mais ce processus a \u00e9t\u00e9 interrompu en raison de l&rsquo;ent\u00eatement du Maroc. Ce dernier doit \u00eatre mis devant ses responsabilit\u00e9s\u00a0\u00bb, a-t-il conclu.<\/p>\n\n\n\n<p>R.N.<\/p>\n","protected":false},"excerpt":{"rendered":"<p>Dans un discours devant des maires de communes et des militants de partis politiques fran\u00e7ais issus de plusieurs villes \u00e0<\/p>\n","protected":false},"author":3,"featured_media":28685,"comment_status":"open","ping_status":"closed","sticky":false,"template":"","format":"standard","meta":{"colormag_page_container_layout":"default_layout","colormag_page_sidebar_layout":"default_layout","om_disable_all_campaigns":false,"_monsterinsights_skip_tracking":false,"_monsterinsights_sitenote_active":false,"_monsterinsights_sitenote_note":"","_monsterinsights_sitenote_category":0,"footnotes":"","_wpscppro_dont_share_socialmedia":false,"_wpscppro_custom_social_share_image":0,"_facebook_share_type":"","_twitter_share_type":"","_linkedin_share_type":"","_pinterest_share_type":"","_linkedin_share_type_page":"","_instagram_share_type":"","_medium_share_type":"","_threads_share_type":"","_google_business_share_type":"","_selected_social_profile":[],"_wpsp_enable_custom_social_template":false,"_wpsp_social_scheduling":{"enabled":false,"datetime":null,"platforms":[],"status":"template_only","dateOption":"today","timeOption":"now","customDays":"","customHours":"","customDate":"","customTime":"","schedulingType":"absolute"},"_wpsp_active_default_template":true},"categories":[27],"tags":[],"class_list":["post-43912","post","type-post","status-publish","format-standard","has-post-thumbnail","hentry","category-actualite"],"aioseo_notices":[],"yoast_head":"<!-- This site is optimized with the Yoast SEO plugin v27.5 - https:\/\/yoast.com\/product\/yoast-seo-wordpress\/ -->\n<title>Sahara occidental&nbsp;: La France doit jouer un r\u00f4le en phase avec le droit international - La Sentinelle<\/title>\n<meta name=\"robots\" content=\"index, follow, max-snippet:-1, max-image-preview:large, max-video-preview:-1\" \/>\n<link rel=\"canonical\" href=\"https:\/\/lasentinelle.dz\/index.php\/2023\/07\/23\/sahara-occidental-la-france-doit-jouer-un-role-en-phase-avec-le-droit-international\/\" \/>\n<meta property=\"og:locale\" content=\"fr_FR\" \/>\n<meta property=\"og:type\" content=\"article\" \/>\n<meta property=\"og:title\" content=\"Sahara occidental&nbsp;: La France doit jouer un r\u00f4le en phase avec le droit international - La Sentinelle\" \/>\n<meta property=\"og:description\" content=\"Dans un discours devant des maires de communes et des militants de partis politiques fran\u00e7ais issus de plusieurs villes \u00e0\" \/>\n<meta property=\"og:url\" content=\"https:\/\/lasentinelle.dz\/index.php\/2023\/07\/23\/sahara-occidental-la-france-doit-jouer-un-role-en-phase-avec-le-droit-international\/\" \/>\n<meta property=\"og:site_name\" content=\"La Sentinelle\" \/>\n<meta property=\"article:publisher\" content=\"https:\/\/www.facebook.com\/La-Sentinelle-104059864394773\" \/>\n<meta property=\"article:published_time\" content=\"2023-07-23T22:01:58+00:00\" \/>\n<meta property=\"article:modified_time\" content=\"2023-07-23T22:01:59+00:00\" \/>\n<meta property=\"og:image\" content=\"https:\/\/lasentinelle.dz\/wp-content\/uploads\/2022\/10\/sahara.png\" \/>\n\t<meta property=\"og:image:width\" content=\"1599\" \/>\n\t<meta property=\"og:image:height\" content=\"900\" \/>\n\t<meta property=\"og:image:type\" content=\"image\/png\" \/>\n<meta name=\"author\" content=\"La Sentinelle\" \/>\n<meta name=\"twitter:card\" content=\"summary_large_image\" \/>\n<meta name=\"twitter:label1\" content=\"\u00c9crit par\" \/>\n\t<meta name=\"twitter:data1\" content=\"La Sentinelle\" \/>\n\t<meta name=\"twitter:label2\" content=\"Dur\u00e9e de lecture estim\u00e9e\" \/>\n\t<meta name=\"twitter:data2\" content=\"3 minutes\" \/>\n<script type=\"application\/ld+json\" class=\"yoast-schema-graph\">{\"@context\":\"https:\\\/\\\/schema.org\",\"@graph\":[{\"@type\":\"Article\",\"@id\":\"https:\\\/\\\/lasentinelle.dz\\\/index.php\\\/2023\\\/07\\\/23\\\/sahara-occidental-la-france-doit-jouer-un-role-en-phase-avec-le-droit-international\\\/#article\",\"isPartOf\":{\"@id\":\"https:\\\/\\\/lasentinelle.dz\\\/index.php\\\/2023\\\/07\\\/23\\\/sahara-occidental-la-france-doit-jouer-un-role-en-phase-avec-le-droit-international\\\/\"},\"author\":{\"name\":\"La Sentinelle\",\"@id\":\"https:\\\/\\\/lasentinelle.dz\\\/#\\\/schema\\\/person\\\/d865044e22e70a75174ce8bcad3acfb3\"},\"headline\":\"Sahara occidental&nbsp;: La France doit jouer un r\u00f4le en phase avec le droit international\",\"datePublished\":\"2023-07-23T22:01:58+00:00\",\"dateModified\":\"2023-07-23T22:01:59+00:00\",\"mainEntityOfPage\":{\"@id\":\"https:\\\/\\\/lasentinelle.dz\\\/index.php\\\/2023\\\/07\\\/23\\\/sahara-occidental-la-france-doit-jouer-un-role-en-phase-avec-le-droit-international\\\/\"},\"wordCount\":465,\"commentCount\":0,\"publisher\":{\"@id\":\"https:\\\/\\\/lasentinelle.dz\\\/#organization\"},\"image\":{\"@id\":\"https:\\\/\\\/lasentinelle.dz\\\/index.php\\\/2023\\\/07\\\/23\\\/sahara-occidental-la-france-doit-jouer-un-role-en-phase-avec-le-droit-international\\\/#primaryimage\"},\"thumbnailUrl\":\"https:\\\/\\\/lasentinelle.dz\\\/wp-content\\\/uploads\\\/2022\\\/10\\\/sahara.png\",\"articleSection\":[\"Actualit\u00e9\"],\"inLanguage\":\"fr-FR\",\"potentialAction\":[{\"@type\":\"CommentAction\",\"name\":\"Comment\",\"target\":[\"https:\\\/\\\/lasentinelle.dz\\\/index.php\\\/2023\\\/07\\\/23\\\/sahara-occidental-la-france-doit-jouer-un-role-en-phase-avec-le-droit-international\\\/#respond\"]}]},{\"@type\":\"WebPage\",\"@id\":\"https:\\\/\\\/lasentinelle.dz\\\/index.php\\\/2023\\\/07\\\/23\\\/sahara-occidental-la-france-doit-jouer-un-role-en-phase-avec-le-droit-international\\\/\",\"url\":\"https:\\\/\\\/lasentinelle.dz\\\/index.php\\\/2023\\\/07\\\/23\\\/sahara-occidental-la-france-doit-jouer-un-role-en-phase-avec-le-droit-international\\\/\",\"name\":\"Sahara occidental&nbsp;: La France doit jouer un r\u00f4le en phase avec le droit international - La Sentinelle\",\"isPartOf\":{\"@id\":\"https:\\\/\\\/lasentinelle.dz\\\/#website\"},\"primaryImageOfPage\":{\"@id\":\"https:\\\/\\\/lasentinelle.dz\\\/index.php\\\/2023\\\/07\\\/23\\\/sahara-occidental-la-france-doit-jouer-un-role-en-phase-avec-le-droit-international\\\/#primaryimage\"},\"image\":{\"@id\":\"https:\\\/\\\/lasentinelle.dz\\\/index.php\\\/2023\\\/07\\\/23\\\/sahara-occidental-la-france-doit-jouer-un-role-en-phase-avec-le-droit-international\\\/#primaryimage\"},\"thumbnailUrl\":\"https:\\\/\\\/lasentinelle.dz\\\/wp-content\\\/uploads\\\/2022\\\/10\\\/sahara.png\",\"datePublished\":\"2023-07-23T22:01:58+00:00\",\"dateModified\":\"2023-07-23T22:01:59+00:00\",\"breadcrumb\":{\"@id\":\"https:\\\/\\\/lasentinelle.dz\\\/index.php\\\/2023\\\/07\\\/23\\\/sahara-occidental-la-france-doit-jouer-un-role-en-phase-avec-le-droit-international\\\/#breadcrumb\"},\"inLanguage\":\"fr-FR\",\"potentialAction\":[{\"@type\":\"ReadAction\",\"target\":[\"https:\\\/\\\/lasentinelle.dz\\\/index.php\\\/2023\\\/07\\\/23\\\/sahara-occidental-la-france-doit-jouer-un-role-en-phase-avec-le-droit-international\\\/\"]}]},{\"@type\":\"ImageObject\",\"inLanguage\":\"fr-FR\",\"@id\":\"https:\\\/\\\/lasentinelle.dz\\\/index.php\\\/2023\\\/07\\\/23\\\/sahara-occidental-la-france-doit-jouer-un-role-en-phase-avec-le-droit-international\\\/#primaryimage\",\"url\":\"https:\\\/\\\/lasentinelle.dz\\\/wp-content\\\/uploads\\\/2022\\\/10\\\/sahara.png\",\"contentUrl\":\"https:\\\/\\\/lasentinelle.dz\\\/wp-content\\\/uploads\\\/2022\\\/10\\\/sahara.png\",\"width\":1599,\"height\":900},{\"@type\":\"BreadcrumbList\",\"@id\":\"https:\\\/\\\/lasentinelle.dz\\\/index.php\\\/2023\\\/07\\\/23\\\/sahara-occidental-la-france-doit-jouer-un-role-en-phase-avec-le-droit-international\\\/#breadcrumb\",\"itemListElement\":[{\"@type\":\"ListItem\",\"position\":1,\"name\":\"Accueil\",\"item\":\"https:\\\/\\\/lasentinelle.dz\\\/\"},{\"@type\":\"ListItem\",\"position\":2,\"name\":\"Sahara occidental&nbsp;: La France doit jouer un r\u00f4le en phase avec le droit international\"}]},{\"@type\":\"WebSite\",\"@id\":\"https:\\\/\\\/lasentinelle.dz\\\/#website\",\"url\":\"https:\\\/\\\/lasentinelle.dz\\\/\",\"name\":\"La Sentinelle\",\"description\":\"Quotidien national d&#039;information\",\"publisher\":{\"@id\":\"https:\\\/\\\/lasentinelle.dz\\\/#organization\"},\"potentialAction\":[{\"@type\":\"SearchAction\",\"target\":{\"@type\":\"EntryPoint\",\"urlTemplate\":\"https:\\\/\\\/lasentinelle.dz\\\/?s={search_term_string}\"},\"query-input\":{\"@type\":\"PropertyValueSpecification\",\"valueRequired\":true,\"valueName\":\"search_term_string\"}}],\"inLanguage\":\"fr-FR\"},{\"@type\":\"Organization\",\"@id\":\"https:\\\/\\\/lasentinelle.dz\\\/#organization\",\"name\":\"Quotidien La Sentinelle\",\"url\":\"https:\\\/\\\/lasentinelle.dz\\\/\",\"logo\":{\"@type\":\"ImageObject\",\"inLanguage\":\"fr-FR\",\"@id\":\"https:\\\/\\\/lasentinelle.dz\\\/#\\\/schema\\\/logo\\\/image\\\/\",\"url\":\"https:\\\/\\\/lasentinelle.dz\\\/wp-content\\\/uploads\\\/2021\\\/09\\\/logo-sentinelleSLOGAN-1.png\",\"contentUrl\":\"https:\\\/\\\/lasentinelle.dz\\\/wp-content\\\/uploads\\\/2021\\\/09\\\/logo-sentinelleSLOGAN-1.png\",\"width\":615,\"height\":142,\"caption\":\"Quotidien La Sentinelle\"},\"image\":{\"@id\":\"https:\\\/\\\/lasentinelle.dz\\\/#\\\/schema\\\/logo\\\/image\\\/\"},\"sameAs\":[\"https:\\\/\\\/www.facebook.com\\\/La-Sentinelle-104059864394773\"]},{\"@type\":\"Person\",\"@id\":\"https:\\\/\\\/lasentinelle.dz\\\/#\\\/schema\\\/person\\\/d865044e22e70a75174ce8bcad3acfb3\",\"name\":\"La Sentinelle\",\"image\":{\"@type\":\"ImageObject\",\"inLanguage\":\"fr-FR\",\"@id\":\"https:\\\/\\\/secure.gravatar.com\\\/avatar\\\/57de8e5d4b15d43fb361a71fbb36338450fe67865b528a43dd10ef7c51a20392?s=96&d=mm&r=g\",\"url\":\"https:\\\/\\\/secure.gravatar.com\\\/avatar\\\/57de8e5d4b15d43fb361a71fbb36338450fe67865b528a43dd10ef7c51a20392?s=96&d=mm&r=g\",\"contentUrl\":\"https:\\\/\\\/secure.gravatar.com\\\/avatar\\\/57de8e5d4b15d43fb361a71fbb36338450fe67865b528a43dd10ef7c51a20392?s=96&d=mm&r=g\",\"caption\":\"La Sentinelle\"},\"sameAs\":[\"http:\\\/\\\/www.lasentinelle.dz\"],\"url\":\"https:\\\/\\\/lasentinelle.dz\\\/author\\\/redaction\\\/\"}]}<\/script>\n<!-- \/ Yoast SEO plugin. -->","yoast_head_json":{"title":"Sahara occidental&nbsp;: La France doit jouer un r\u00f4le en phase avec le droit international - La Sentinelle","robots":{"index":"index","follow":"follow","max-snippet":"max-snippet:-1","max-image-preview":"max-image-preview:large","max-video-preview":"max-video-preview:-1"},"canonical":"https:\/\/lasentinelle.dz\/index.php\/2023\/07\/23\/sahara-occidental-la-france-doit-jouer-un-role-en-phase-avec-le-droit-international\/","og_locale":"fr_FR","og_type":"article","og_title":"Sahara occidental&nbsp;: La France doit jouer un r\u00f4le en phase avec le droit international - La Sentinelle","og_description":"Dans un discours devant des maires de communes et des militants de partis politiques fran\u00e7ais issus de plusieurs villes \u00e0","og_url":"https:\/\/lasentinelle.dz\/index.php\/2023\/07\/23\/sahara-occidental-la-france-doit-jouer-un-role-en-phase-avec-le-droit-international\/","og_site_name":"La Sentinelle","article_publisher":"https:\/\/www.facebook.com\/La-Sentinelle-104059864394773","article_published_time":"2023-07-23T22:01:58+00:00","article_modified_time":"2023-07-23T22:01:59+00:00","og_image":[{"width":1599,"height":900,"url":"https:\/\/lasentinelle.dz\/wp-content\/uploads\/2022\/10\/sahara.png","type":"image\/png"}],"author":"La Sentinelle","twitter_card":"summary_large_image","twitter_misc":{"\u00c9crit par":"La Sentinelle","Dur\u00e9e de lecture estim\u00e9e":"3 minutes"},"schema":{"@context":"https:\/\/schema.org","@graph":[{"@type":"Article","@id":"https:\/\/lasentinelle.dz\/index.php\/2023\/07\/23\/sahara-occidental-la-france-doit-jouer-un-role-en-phase-avec-le-droit-international\/#article","isPartOf":{"@id":"https:\/\/lasentinelle.dz\/index.php\/2023\/07\/23\/sahara-occidental-la-france-doit-jouer-un-role-en-phase-avec-le-droit-international\/"},"author":{"name":"La Sentinelle","@id":"https:\/\/lasentinelle.dz\/#\/schema\/person\/d865044e22e70a75174ce8bcad3acfb3"},"headline":"Sahara occidental&nbsp;: La France doit jouer un r\u00f4le en phase avec le droit international","datePublished":"2023-07-23T22:01:58+00:00","dateModified":"2023-07-23T22:01:59+00:00","mainEntityOfPage":{"@id":"https:\/\/lasentinelle.dz\/index.php\/2023\/07\/23\/sahara-occidental-la-france-doit-jouer-un-role-en-phase-avec-le-droit-international\/"},"wordCount":465,"commentCount":0,"publisher":{"@id":"https:\/\/lasentinelle.dz\/#organization"},"image":{"@id":"https:\/\/lasentinelle.dz\/index.php\/2023\/07\/23\/sahara-occidental-la-france-doit-jouer-un-role-en-phase-avec-le-droit-international\/#primaryimage"},"thumbnailUrl":"https:\/\/lasentinelle.dz\/wp-content\/uploads\/2022\/10\/sahara.png","articleSection":["Actualit\u00e9"],"inLanguage":"fr-FR","potentialAction":[{"@type":"CommentAction","name":"Comment","target":["https:\/\/lasentinelle.dz\/index.php\/2023\/07\/23\/sahara-occidental-la-france-doit-jouer-un-role-en-phase-avec-le-droit-international\/#respond"]}]},{"@type":"WebPage","@id":"https:\/\/lasentinelle.dz\/index.php\/2023\/07\/23\/sahara-occidental-la-france-doit-jouer-un-role-en-phase-avec-le-droit-international\/","url":"https:\/\/lasentinelle.dz\/index.php\/2023\/07\/23\/sahara-occidental-la-france-doit-jouer-un-role-en-phase-avec-le-droit-international\/","name":"Sahara occidental&nbsp;: La France doit jouer un r\u00f4le en phase avec le droit international - La Sentinelle","isPartOf":{"@id":"https:\/\/lasentinelle.dz\/#website"},"primaryImageOfPage":{"@id":"https:\/\/lasentinelle.dz\/index.php\/2023\/07\/23\/sahara-occidental-la-france-doit-jouer-un-role-en-phase-avec-le-droit-international\/#primaryimage"},"image":{"@id":"https:\/\/lasentinelle.dz\/index.php\/2023\/07\/23\/sahara-occidental-la-france-doit-jouer-un-role-en-phase-avec-le-droit-international\/#primaryimage"},"thumbnailUrl":"https:\/\/lasentinelle.dz\/wp-content\/uploads\/2022\/10\/sahara.png","datePublished":"2023-07-23T22:01:58+00:00","dateModified":"2023-07-23T22:01:59+00:00","breadcrumb":{"@id":"https:\/\/lasentinelle.dz\/index.php\/2023\/07\/23\/sahara-occidental-la-france-doit-jouer-un-role-en-phase-avec-le-droit-international\/#breadcrumb"},"inLanguage":"fr-FR","potentialAction":[{"@type":"ReadAction","target":["https:\/\/lasentinelle.dz\/index.php\/2023\/07\/23\/sahara-occidental-la-france-doit-jouer-un-role-en-phase-avec-le-droit-international\/"]}]},{"@type":"ImageObject","inLanguage":"fr-FR","@id":"https:\/\/lasentinelle.dz\/index.php\/2023\/07\/23\/sahara-occidental-la-france-doit-jouer-un-role-en-phase-avec-le-droit-international\/#primaryimage","url":"https:\/\/lasentinelle.dz\/wp-content\/uploads\/2022\/10\/sahara.png","contentUrl":"https:\/\/lasentinelle.dz\/wp-content\/uploads\/2022\/10\/sahara.png","width":1599,"height":900},{"@type":"BreadcrumbList","@id":"https:\/\/lasentinelle.dz\/index.php\/2023\/07\/23\/sahara-occidental-la-france-doit-jouer-un-role-en-phase-avec-le-droit-international\/#breadcrumb","itemListElement":[{"@type":"ListItem","position":1,"name":"Accueil","item":"https:\/\/lasentinelle.dz\/"},{"@type":"ListItem","position":2,"name":"Sahara occidental&nbsp;: La France doit jouer un r\u00f4le en phase avec le droit international"}]},{"@type":"WebSite","@id":"https:\/\/lasentinelle.dz\/#website","url":"https:\/\/lasentinelle.dz\/","name":"La Sentinelle","description":"Quotidien national d&#039;information","publisher":{"@id":"https:\/\/lasentinelle.dz\/#organization"},"potentialAction":[{"@type":"SearchAction","target":{"@type":"EntryPoint","urlTemplate":"https:\/\/lasentinelle.dz\/?s={search_term_string}"},"query-input":{"@type":"PropertyValueSpecification","valueRequired":true,"valueName":"search_term_string"}}],"inLanguage":"fr-FR"},{"@type":"Organization","@id":"https:\/\/lasentinelle.dz\/#organization","name":"Quotidien La Sentinelle","url":"https:\/\/lasentinelle.dz\/","logo":{"@type":"ImageObject","inLanguage":"fr-FR","@id":"https:\/\/lasentinelle.dz\/#\/schema\/logo\/image\/","url":"https:\/\/lasentinelle.dz\/wp-content\/uploads\/2021\/09\/logo-sentinelleSLOGAN-1.png","contentUrl":"https:\/\/lasentinelle.dz\/wp-content\/uploads\/2021\/09\/logo-sentinelleSLOGAN-1.png","width":615,"height":142,"caption":"Quotidien La Sentinelle"},"image":{"@id":"https:\/\/lasentinelle.dz\/#\/schema\/logo\/image\/"},"sameAs":["https:\/\/www.facebook.com\/La-Sentinelle-104059864394773"]},{"@type":"Person","@id":"https:\/\/lasentinelle.dz\/#\/schema\/person\/d865044e22e70a75174ce8bcad3acfb3","name":"La Sentinelle","image":{"@type":"ImageObject","inLanguage":"fr-FR","@id":"https:\/\/secure.gravatar.com\/avatar\/57de8e5d4b15d43fb361a71fbb36338450fe67865b528a43dd10ef7c51a20392?s=96&d=mm&r=g","url":"https:\/\/secure.gravatar.com\/avatar\/57de8e5d4b15d43fb361a71fbb36338450fe67865b528a43dd10ef7c51a20392?s=96&d=mm&r=g","contentUrl":"https:\/\/secure.gravatar.com\/avatar\/57de8e5d4b15d43fb361a71fbb36338450fe67865b528a43dd10ef7c51a20392?s=96&d=mm&r=g","caption":"La Sentinelle"},"sameAs":["http:\/\/www.lasentinelle.dz"],"url":"https:\/\/lasentinelle.dz\/author\/redaction\/"}]}},"_links":{"self":[{"href":"https:\/\/lasentinelle.dz\/index.php\/wp-json\/wp\/v2\/posts\/43912","targetHints":{"allow":["GET"]}}],"collection":[{"href":"https:\/\/lasentinelle.dz\/index.php\/wp-json\/wp\/v2\/posts"}],"about":[{"href":"https:\/\/lasentinelle.dz\/index.php\/wp-json\/wp\/v2\/types\/post"}],"author":[{"embeddable":true,"href":"https:\/\/lasentinelle.dz\/index.php\/wp-json\/wp\/v2\/users\/3"}],"replies":[{"embeddable":true,"href":"https:\/\/lasentinelle.dz\/index.php\/wp-json\/wp\/v2\/comments?post=43912"}],"version-history":[{"count":1,"href":"https:\/\/lasentinelle.dz\/index.php\/wp-json\/wp\/v2\/posts\/43912\/revisions"}],"predecessor-version":[{"id":43913,"href":"https:\/\/lasentinelle.dz\/index.php\/wp-json\/wp\/v2\/posts\/43912\/revisions\/43913"}],"wp:featuredmedia":[{"embeddable":true,"href":"https:\/\/lasentinelle.dz\/index.php\/wp-json\/wp\/v2\/media\/28685"}],"wp:attachment":[{"href":"https:\/\/lasentinelle.dz\/index.php\/wp-json\/wp\/v2\/media?parent=43912"}],"wp:term":[{"taxonomy":"category","embeddable":true,"href":"https:\/\/lasentinelle.dz\/index.php\/wp-json\/wp\/v2\/categories?post=43912"},{"taxonomy":"post_tag","embeddable":true,"href":"https:\/\/lasentinelle.dz\/index.php\/wp-json\/wp\/v2\/tags?post=43912"}],"curies":[{"name":"wp","href":"https:\/\/api.w.org\/{rel}","templated":true}]}}