{"id":44003,"date":"2023-07-26T00:45:48","date_gmt":"2023-07-25T23:45:48","guid":{"rendered":"https:\/\/lasentinelle.dz\/?p=44003"},"modified":"2023-07-26T00:46:27","modified_gmt":"2023-07-25T23:46:27","slug":"grace-a-un-important-dispositif-de-lutte-mis-en-place-80-des-feux-de-foret-maitrises","status":"publish","type":"post","link":"https:\/\/lasentinelle.dz\/index.php\/2023\/07\/26\/grace-a-un-important-dispositif-de-lutte-mis-en-place-80-des-feux-de-foret-maitrises\/","title":{"rendered":"Gr\u00e2ce \u00e0 un important dispositif de lutte mis en place&nbsp;: 80% des feux de for\u00eat ma\u00eetris\u00e9s"},"content":{"rendered":"\n<p>Le minist\u00e8re de l&rsquo;Int\u00e9rieur, des Collectivit\u00e9s locales et de l&rsquo;Am\u00e9nagement du territoire a annonc\u00e9 hier dans un communiqu\u00e9 que les services de la Protection civile ont r\u00e9ussi \u00e0 \u00e9teindre la 80% des feux de for\u00eats apr\u00e8s une mobilisation ininterrompue tout au long de la nuit derni\u00e8re et le renforcement des op\u00e9rations terrestres en ressources humaines et mat\u00e9rielles outre la coordination des efforts entre les wilayas. &nbsp;&nbsp;\u00abCes r\u00e9sultats positifs ont \u00e9t\u00e9 r\u00e9alis\u00e9s gr\u00e2ce \u00e0 l&rsquo;efficacit\u00e9 des interventions a\u00e9riennes \u00e0 travers les avions anti-incendie, notamment apr\u00e8s l&rsquo;am\u00e9lioration notable des conditions m\u00e9t\u00e9orologiques et la baisse de la vitesse du vent et des temp\u00e9ratures\u00bb, a pr\u00e9cis\u00e9 la m\u00eame source. \u00abLes op\u00e9rations d&rsquo;extinction se poursuivent actuellement au niveau de 13 foyers d&rsquo;incendie \u00e0 travers sept wilayas\u00bb, ajoute la m\u00eame source soulignant que \u00ables r\u00e9gions o\u00f9 les feux ont \u00e9t\u00e9 \u00e9teints sont toujours sous contr\u00f4le par les services op\u00e9rationnels mobilis\u00e9s\u00bb.<\/p>\n\n\n\n<p>Il faut dire que d&rsquo;importants moyens humains et mat\u00e9riels ont \u00e9t\u00e9 mobilis\u00e9s par les autorit\u00e9s publiques pour venir \u00e0 bout des incendies. &nbsp;Le dispositif a mobilis\u00e9 8.000 agents de la protection civile, 529 camions, toutes capacit\u00e9s confondues, la mobilisation de 13 colonnes mobiles et 3050 agents, renforc\u00e9s plus t\u00f4t dans la matin\u00e9e, par 12 colonnes mobiles et 1200 agents ainsi que par 10 autres venant des wilayas non concern\u00e9es par ces incendies, en plus de deux \u00e9quipes de renforcement r\u00e9gional. En plus de ces moyens, 12 moyens a\u00e9riens anti-incendie sont toujours d\u00e9ploy\u00e9s au niveau de ces wilayas, notamment les h\u00e9licopt\u00e8res anti-incendie relevant des forces a\u00e9riennes de l&rsquo;Arm\u00e9e nationale populaire (ANP), y compris l&rsquo;avion anti-incendie de grande capacit\u00e9.<\/p>\n\n\n\n<p><strong>Les canadairs entr\u00e9s en action d\u00e8s le 15 juin<\/strong><\/p>\n\n\n\n<p>Dans ce contexte le directeur g\u00e9n\u00e9ral de l\u2019information et des statistiques \u00e0 la Direction g\u00e9n\u00e9rale de la Protection civile le colonel Farouk Achour, a indiqu\u00e9 hier sur&nbsp; les ondes de la Radio Alg\u00e9rienne a assur\u00e9 que contrairement \u00e0 ce qui \u00e9t\u00e9 colport\u00e9 sur les r\u00e9seaux sociaux \u00ab les moyens a\u00e9riens de lutte contre les incendies ont commenc\u00e9 \u00e0 \u00eatre engag\u00e9s d\u00e8s le 15 juin dernier \u00e0 l\u2019occasion d\u2019un incendie dans la wilaya de Chlef (\u2026)&nbsp; \u00ab&nbsp;A B\u00e9ja\u00efa, deux avions a\u00e9ronefs que nous avons affrt\u00e9s ont \u00e9t\u00e9 engag\u00e9s, en plus de nos deux h\u00e9licopt\u00e8res, deux autres de l\u2019ANP (Arm\u00e9e nationale populaire) ainsi que le BE-200, un avion de grande capacit\u00e9 derni\u00e8rement acquis \u00bb, a-t-il soulign\u00e9. \u00ab Au m\u00eame moment, des moyens aussi importants op\u00e9raient dans d\u2019autres wilayas, \u00e0 l\u2019instar de Bouira, Boumerd\u00e8s et Jijel \u00bb, a-t-il encore pr\u00e9cis\u00e9 avant d&rsquo;ajouter que \u00ab Au m\u00eame moment, des moyens aussi importants op\u00e9raient dans d\u2019autres wilayas, \u00e0 l\u2019instar de Bouira, Boumerd\u00e8s et Jijel \u00bb, a-t-il encore pr\u00e9cis\u00e9 avant d\u2019ajouter que lors de ces interventions, \u00ab nos pilotes et ceux de l\u2019ANP ont pris de s\u00e9rieux risques vues les conditions climatiques et de relief extr\u00eamement difficiles \u00bb.<\/p>\n\n\n\n<p><strong>Samir Benisid<\/strong><\/p>\n","protected":false},"excerpt":{"rendered":"<p>Le minist\u00e8re de l&rsquo;Int\u00e9rieur, des Collectivit\u00e9s locales et de l&rsquo;Am\u00e9nagement du territoire a annonc\u00e9 hier dans un communiqu\u00e9 que les<\/p>\n","protected":false},"author":3,"featured_media":21267,"comment_status":"open","ping_status":"closed","sticky":false,"template":"","format":"standard","meta":{"colormag_page_container_layout":"default_layout","colormag_page_sidebar_layout":"default_layout","om_disable_all_campaigns":false,"_monsterinsights_skip_tracking":false,"_monsterinsights_sitenote_active":false,"_monsterinsights_sitenote_note":"","_monsterinsights_sitenote_category":0,"footnotes":"","_wpscppro_dont_share_socialmedia":false,"_wpscppro_custom_social_share_image":0,"_facebook_share_type":"","_twitter_share_type":"","_linkedin_share_type":"","_pinterest_share_type":"","_linkedin_share_type_page":"","_instagram_share_type":"","_medium_share_type":"","_threads_share_type":"","_google_business_share_type":"","_selected_social_profile":[],"_wpsp_enable_custom_social_template":false,"_wpsp_social_scheduling":{"enabled":false,"datetime":null,"platforms":[],"status":"template_only","dateOption":"today","timeOption":"now","customDays":"","customHours":"","customDate":"","customTime":"","schedulingType":"absolute"},"_wpsp_active_default_template":true},"categories":[27],"tags":[],"class_list":["post-44003","post","type-post","status-publish","format-standard","has-post-thumbnail","hentry","category-actualite"],"aioseo_notices":[],"yoast_head":"<!-- This site is optimized with the Yoast SEO plugin v27.5 - https:\/\/yoast.com\/product\/yoast-seo-wordpress\/ -->\n<title>Gr\u00e2ce \u00e0 un important dispositif de lutte mis en place&nbsp;: 80% des feux de for\u00eat ma\u00eetris\u00e9s - La Sentinelle<\/title>\n<meta name=\"robots\" content=\"index, follow, max-snippet:-1, max-image-preview:large, max-video-preview:-1\" \/>\n<link rel=\"canonical\" href=\"https:\/\/lasentinelle.dz\/index.php\/2023\/07\/26\/grace-a-un-important-dispositif-de-lutte-mis-en-place-80-des-feux-de-foret-maitrises\/\" \/>\n<meta property=\"og:locale\" content=\"fr_FR\" \/>\n<meta property=\"og:type\" content=\"article\" \/>\n<meta property=\"og:title\" content=\"Gr\u00e2ce \u00e0 un important dispositif de lutte mis en place&nbsp;: 80% des feux de for\u00eat ma\u00eetris\u00e9s - La Sentinelle\" \/>\n<meta property=\"og:description\" content=\"Le minist\u00e8re de l&rsquo;Int\u00e9rieur, des Collectivit\u00e9s locales et de l&rsquo;Am\u00e9nagement du territoire a annonc\u00e9 hier dans un communiqu\u00e9 que les\" \/>\n<meta property=\"og:url\" content=\"https:\/\/lasentinelle.dz\/index.php\/2023\/07\/26\/grace-a-un-important-dispositif-de-lutte-mis-en-place-80-des-feux-de-foret-maitrises\/\" \/>\n<meta property=\"og:site_name\" content=\"La Sentinelle\" \/>\n<meta property=\"article:publisher\" content=\"https:\/\/www.facebook.com\/La-Sentinelle-104059864394773\" \/>\n<meta property=\"article:published_time\" content=\"2023-07-25T23:45:48+00:00\" \/>\n<meta property=\"article:modified_time\" content=\"2023-07-25T23:46:27+00:00\" \/>\n<meta property=\"og:image\" content=\"https:\/\/lasentinelle.dz\/wp-content\/uploads\/2022\/05\/incendie.png\" \/>\n\t<meta property=\"og:image:width\" content=\"1370\" \/>\n\t<meta property=\"og:image:height\" content=\"900\" \/>\n\t<meta property=\"og:image:type\" content=\"image\/png\" \/>\n<meta name=\"author\" content=\"La Sentinelle\" \/>\n<meta name=\"twitter:card\" content=\"summary_large_image\" \/>\n<meta name=\"twitter:label1\" content=\"\u00c9crit par\" \/>\n\t<meta name=\"twitter:data1\" content=\"La Sentinelle\" \/>\n\t<meta name=\"twitter:label2\" content=\"Dur\u00e9e de lecture estim\u00e9e\" \/>\n\t<meta name=\"twitter:data2\" content=\"3 minutes\" \/>\n<script type=\"application\/ld+json\" class=\"yoast-schema-graph\">{\"@context\":\"https:\\\/\\\/schema.org\",\"@graph\":[{\"@type\":\"Article\",\"@id\":\"https:\\\/\\\/lasentinelle.dz\\\/index.php\\\/2023\\\/07\\\/26\\\/grace-a-un-important-dispositif-de-lutte-mis-en-place-80-des-feux-de-foret-maitrises\\\/#article\",\"isPartOf\":{\"@id\":\"https:\\\/\\\/lasentinelle.dz\\\/index.php\\\/2023\\\/07\\\/26\\\/grace-a-un-important-dispositif-de-lutte-mis-en-place-80-des-feux-de-foret-maitrises\\\/\"},\"author\":{\"name\":\"La Sentinelle\",\"@id\":\"https:\\\/\\\/lasentinelle.dz\\\/#\\\/schema\\\/person\\\/d865044e22e70a75174ce8bcad3acfb3\"},\"headline\":\"Gr\u00e2ce \u00e0 un important dispositif de lutte mis en place&nbsp;: 80% des feux de for\u00eat ma\u00eetris\u00e9s\",\"datePublished\":\"2023-07-25T23:45:48+00:00\",\"dateModified\":\"2023-07-25T23:46:27+00:00\",\"mainEntityOfPage\":{\"@id\":\"https:\\\/\\\/lasentinelle.dz\\\/index.php\\\/2023\\\/07\\\/26\\\/grace-a-un-important-dispositif-de-lutte-mis-en-place-80-des-feux-de-foret-maitrises\\\/\"},\"wordCount\":551,\"commentCount\":0,\"publisher\":{\"@id\":\"https:\\\/\\\/lasentinelle.dz\\\/#organization\"},\"image\":{\"@id\":\"https:\\\/\\\/lasentinelle.dz\\\/index.php\\\/2023\\\/07\\\/26\\\/grace-a-un-important-dispositif-de-lutte-mis-en-place-80-des-feux-de-foret-maitrises\\\/#primaryimage\"},\"thumbnailUrl\":\"https:\\\/\\\/lasentinelle.dz\\\/wp-content\\\/uploads\\\/2022\\\/05\\\/incendie.png\",\"articleSection\":[\"Actualit\u00e9\"],\"inLanguage\":\"fr-FR\",\"potentialAction\":[{\"@type\":\"CommentAction\",\"name\":\"Comment\",\"target\":[\"https:\\\/\\\/lasentinelle.dz\\\/index.php\\\/2023\\\/07\\\/26\\\/grace-a-un-important-dispositif-de-lutte-mis-en-place-80-des-feux-de-foret-maitrises\\\/#respond\"]}]},{\"@type\":\"WebPage\",\"@id\":\"https:\\\/\\\/lasentinelle.dz\\\/index.php\\\/2023\\\/07\\\/26\\\/grace-a-un-important-dispositif-de-lutte-mis-en-place-80-des-feux-de-foret-maitrises\\\/\",\"url\":\"https:\\\/\\\/lasentinelle.dz\\\/index.php\\\/2023\\\/07\\\/26\\\/grace-a-un-important-dispositif-de-lutte-mis-en-place-80-des-feux-de-foret-maitrises\\\/\",\"name\":\"Gr\u00e2ce \u00e0 un important dispositif de lutte mis en place&nbsp;: 80% des feux de for\u00eat ma\u00eetris\u00e9s - La Sentinelle\",\"isPartOf\":{\"@id\":\"https:\\\/\\\/lasentinelle.dz\\\/#website\"},\"primaryImageOfPage\":{\"@id\":\"https:\\\/\\\/lasentinelle.dz\\\/index.php\\\/2023\\\/07\\\/26\\\/grace-a-un-important-dispositif-de-lutte-mis-en-place-80-des-feux-de-foret-maitrises\\\/#primaryimage\"},\"image\":{\"@id\":\"https:\\\/\\\/lasentinelle.dz\\\/index.php\\\/2023\\\/07\\\/26\\\/grace-a-un-important-dispositif-de-lutte-mis-en-place-80-des-feux-de-foret-maitrises\\\/#primaryimage\"},\"thumbnailUrl\":\"https:\\\/\\\/lasentinelle.dz\\\/wp-content\\\/uploads\\\/2022\\\/05\\\/incendie.png\",\"datePublished\":\"2023-07-25T23:45:48+00:00\",\"dateModified\":\"2023-07-25T23:46:27+00:00\",\"breadcrumb\":{\"@id\":\"https:\\\/\\\/lasentinelle.dz\\\/index.php\\\/2023\\\/07\\\/26\\\/grace-a-un-important-dispositif-de-lutte-mis-en-place-80-des-feux-de-foret-maitrises\\\/#breadcrumb\"},\"inLanguage\":\"fr-FR\",\"potentialAction\":[{\"@type\":\"ReadAction\",\"target\":[\"https:\\\/\\\/lasentinelle.dz\\\/index.php\\\/2023\\\/07\\\/26\\\/grace-a-un-important-dispositif-de-lutte-mis-en-place-80-des-feux-de-foret-maitrises\\\/\"]}]},{\"@type\":\"ImageObject\",\"inLanguage\":\"fr-FR\",\"@id\":\"https:\\\/\\\/lasentinelle.dz\\\/index.php\\\/2023\\\/07\\\/26\\\/grace-a-un-important-dispositif-de-lutte-mis-en-place-80-des-feux-de-foret-maitrises\\\/#primaryimage\",\"url\":\"https:\\\/\\\/lasentinelle.dz\\\/wp-content\\\/uploads\\\/2022\\\/05\\\/incendie.png\",\"contentUrl\":\"https:\\\/\\\/lasentinelle.dz\\\/wp-content\\\/uploads\\\/2022\\\/05\\\/incendie.png\",\"width\":1370,\"height\":900},{\"@type\":\"BreadcrumbList\",\"@id\":\"https:\\\/\\\/lasentinelle.dz\\\/index.php\\\/2023\\\/07\\\/26\\\/grace-a-un-important-dispositif-de-lutte-mis-en-place-80-des-feux-de-foret-maitrises\\\/#breadcrumb\",\"itemListElement\":[{\"@type\":\"ListItem\",\"position\":1,\"name\":\"Accueil\",\"item\":\"https:\\\/\\\/lasentinelle.dz\\\/\"},{\"@type\":\"ListItem\",\"position\":2,\"name\":\"Gr\u00e2ce \u00e0 un important dispositif de lutte mis en place&nbsp;: 80% des feux de for\u00eat ma\u00eetris\u00e9s\"}]},{\"@type\":\"WebSite\",\"@id\":\"https:\\\/\\\/lasentinelle.dz\\\/#website\",\"url\":\"https:\\\/\\\/lasentinelle.dz\\\/\",\"name\":\"La Sentinelle\",\"description\":\"Quotidien national d&#039;information\",\"publisher\":{\"@id\":\"https:\\\/\\\/lasentinelle.dz\\\/#organization\"},\"potentialAction\":[{\"@type\":\"SearchAction\",\"target\":{\"@type\":\"EntryPoint\",\"urlTemplate\":\"https:\\\/\\\/lasentinelle.dz\\\/?s={search_term_string}\"},\"query-input\":{\"@type\":\"PropertyValueSpecification\",\"valueRequired\":true,\"valueName\":\"search_term_string\"}}],\"inLanguage\":\"fr-FR\"},{\"@type\":\"Organization\",\"@id\":\"https:\\\/\\\/lasentinelle.dz\\\/#organization\",\"name\":\"Quotidien La Sentinelle\",\"url\":\"https:\\\/\\\/lasentinelle.dz\\\/\",\"logo\":{\"@type\":\"ImageObject\",\"inLanguage\":\"fr-FR\",\"@id\":\"https:\\\/\\\/lasentinelle.dz\\\/#\\\/schema\\\/logo\\\/image\\\/\",\"url\":\"https:\\\/\\\/lasentinelle.dz\\\/wp-content\\\/uploads\\\/2021\\\/09\\\/logo-sentinelleSLOGAN-1.png\",\"contentUrl\":\"https:\\\/\\\/lasentinelle.dz\\\/wp-content\\\/uploads\\\/2021\\\/09\\\/logo-sentinelleSLOGAN-1.png\",\"width\":615,\"height\":142,\"caption\":\"Quotidien La Sentinelle\"},\"image\":{\"@id\":\"https:\\\/\\\/lasentinelle.dz\\\/#\\\/schema\\\/logo\\\/image\\\/\"},\"sameAs\":[\"https:\\\/\\\/www.facebook.com\\\/La-Sentinelle-104059864394773\"]},{\"@type\":\"Person\",\"@id\":\"https:\\\/\\\/lasentinelle.dz\\\/#\\\/schema\\\/person\\\/d865044e22e70a75174ce8bcad3acfb3\",\"name\":\"La Sentinelle\",\"image\":{\"@type\":\"ImageObject\",\"inLanguage\":\"fr-FR\",\"@id\":\"https:\\\/\\\/secure.gravatar.com\\\/avatar\\\/57de8e5d4b15d43fb361a71fbb36338450fe67865b528a43dd10ef7c51a20392?s=96&d=mm&r=g\",\"url\":\"https:\\\/\\\/secure.gravatar.com\\\/avatar\\\/57de8e5d4b15d43fb361a71fbb36338450fe67865b528a43dd10ef7c51a20392?s=96&d=mm&r=g\",\"contentUrl\":\"https:\\\/\\\/secure.gravatar.com\\\/avatar\\\/57de8e5d4b15d43fb361a71fbb36338450fe67865b528a43dd10ef7c51a20392?s=96&d=mm&r=g\",\"caption\":\"La Sentinelle\"},\"sameAs\":[\"http:\\\/\\\/www.lasentinelle.dz\"],\"url\":\"https:\\\/\\\/lasentinelle.dz\\\/author\\\/redaction\\\/\"}]}<\/script>\n<!-- \/ Yoast SEO plugin. -->","yoast_head_json":{"title":"Gr\u00e2ce \u00e0 un important dispositif de lutte mis en place&nbsp;: 80% des feux de for\u00eat ma\u00eetris\u00e9s - La Sentinelle","robots":{"index":"index","follow":"follow","max-snippet":"max-snippet:-1","max-image-preview":"max-image-preview:large","max-video-preview":"max-video-preview:-1"},"canonical":"https:\/\/lasentinelle.dz\/index.php\/2023\/07\/26\/grace-a-un-important-dispositif-de-lutte-mis-en-place-80-des-feux-de-foret-maitrises\/","og_locale":"fr_FR","og_type":"article","og_title":"Gr\u00e2ce \u00e0 un important dispositif de lutte mis en place&nbsp;: 80% des feux de for\u00eat ma\u00eetris\u00e9s - La Sentinelle","og_description":"Le minist\u00e8re de l&rsquo;Int\u00e9rieur, des Collectivit\u00e9s locales et de l&rsquo;Am\u00e9nagement du territoire a annonc\u00e9 hier dans un communiqu\u00e9 que les","og_url":"https:\/\/lasentinelle.dz\/index.php\/2023\/07\/26\/grace-a-un-important-dispositif-de-lutte-mis-en-place-80-des-feux-de-foret-maitrises\/","og_site_name":"La Sentinelle","article_publisher":"https:\/\/www.facebook.com\/La-Sentinelle-104059864394773","article_published_time":"2023-07-25T23:45:48+00:00","article_modified_time":"2023-07-25T23:46:27+00:00","og_image":[{"width":1370,"height":900,"url":"https:\/\/lasentinelle.dz\/wp-content\/uploads\/2022\/05\/incendie.png","type":"image\/png"}],"author":"La Sentinelle","twitter_card":"summary_large_image","twitter_misc":{"\u00c9crit par":"La Sentinelle","Dur\u00e9e de lecture estim\u00e9e":"3 minutes"},"schema":{"@context":"https:\/\/schema.org","@graph":[{"@type":"Article","@id":"https:\/\/lasentinelle.dz\/index.php\/2023\/07\/26\/grace-a-un-important-dispositif-de-lutte-mis-en-place-80-des-feux-de-foret-maitrises\/#article","isPartOf":{"@id":"https:\/\/lasentinelle.dz\/index.php\/2023\/07\/26\/grace-a-un-important-dispositif-de-lutte-mis-en-place-80-des-feux-de-foret-maitrises\/"},"author":{"name":"La Sentinelle","@id":"https:\/\/lasentinelle.dz\/#\/schema\/person\/d865044e22e70a75174ce8bcad3acfb3"},"headline":"Gr\u00e2ce \u00e0 un important dispositif de lutte mis en place&nbsp;: 80% des feux de for\u00eat ma\u00eetris\u00e9s","datePublished":"2023-07-25T23:45:48+00:00","dateModified":"2023-07-25T23:46:27+00:00","mainEntityOfPage":{"@id":"https:\/\/lasentinelle.dz\/index.php\/2023\/07\/26\/grace-a-un-important-dispositif-de-lutte-mis-en-place-80-des-feux-de-foret-maitrises\/"},"wordCount":551,"commentCount":0,"publisher":{"@id":"https:\/\/lasentinelle.dz\/#organization"},"image":{"@id":"https:\/\/lasentinelle.dz\/index.php\/2023\/07\/26\/grace-a-un-important-dispositif-de-lutte-mis-en-place-80-des-feux-de-foret-maitrises\/#primaryimage"},"thumbnailUrl":"https:\/\/lasentinelle.dz\/wp-content\/uploads\/2022\/05\/incendie.png","articleSection":["Actualit\u00e9"],"inLanguage":"fr-FR","potentialAction":[{"@type":"CommentAction","name":"Comment","target":["https:\/\/lasentinelle.dz\/index.php\/2023\/07\/26\/grace-a-un-important-dispositif-de-lutte-mis-en-place-80-des-feux-de-foret-maitrises\/#respond"]}]},{"@type":"WebPage","@id":"https:\/\/lasentinelle.dz\/index.php\/2023\/07\/26\/grace-a-un-important-dispositif-de-lutte-mis-en-place-80-des-feux-de-foret-maitrises\/","url":"https:\/\/lasentinelle.dz\/index.php\/2023\/07\/26\/grace-a-un-important-dispositif-de-lutte-mis-en-place-80-des-feux-de-foret-maitrises\/","name":"Gr\u00e2ce \u00e0 un important dispositif de lutte mis en place&nbsp;: 80% des feux de for\u00eat ma\u00eetris\u00e9s - La Sentinelle","isPartOf":{"@id":"https:\/\/lasentinelle.dz\/#website"},"primaryImageOfPage":{"@id":"https:\/\/lasentinelle.dz\/index.php\/2023\/07\/26\/grace-a-un-important-dispositif-de-lutte-mis-en-place-80-des-feux-de-foret-maitrises\/#primaryimage"},"image":{"@id":"https:\/\/lasentinelle.dz\/index.php\/2023\/07\/26\/grace-a-un-important-dispositif-de-lutte-mis-en-place-80-des-feux-de-foret-maitrises\/#primaryimage"},"thumbnailUrl":"https:\/\/lasentinelle.dz\/wp-content\/uploads\/2022\/05\/incendie.png","datePublished":"2023-07-25T23:45:48+00:00","dateModified":"2023-07-25T23:46:27+00:00","breadcrumb":{"@id":"https:\/\/lasentinelle.dz\/index.php\/2023\/07\/26\/grace-a-un-important-dispositif-de-lutte-mis-en-place-80-des-feux-de-foret-maitrises\/#breadcrumb"},"inLanguage":"fr-FR","potentialAction":[{"@type":"ReadAction","target":["https:\/\/lasentinelle.dz\/index.php\/2023\/07\/26\/grace-a-un-important-dispositif-de-lutte-mis-en-place-80-des-feux-de-foret-maitrises\/"]}]},{"@type":"ImageObject","inLanguage":"fr-FR","@id":"https:\/\/lasentinelle.dz\/index.php\/2023\/07\/26\/grace-a-un-important-dispositif-de-lutte-mis-en-place-80-des-feux-de-foret-maitrises\/#primaryimage","url":"https:\/\/lasentinelle.dz\/wp-content\/uploads\/2022\/05\/incendie.png","contentUrl":"https:\/\/lasentinelle.dz\/wp-content\/uploads\/2022\/05\/incendie.png","width":1370,"height":900},{"@type":"BreadcrumbList","@id":"https:\/\/lasentinelle.dz\/index.php\/2023\/07\/26\/grace-a-un-important-dispositif-de-lutte-mis-en-place-80-des-feux-de-foret-maitrises\/#breadcrumb","itemListElement":[{"@type":"ListItem","position":1,"name":"Accueil","item":"https:\/\/lasentinelle.dz\/"},{"@type":"ListItem","position":2,"name":"Gr\u00e2ce \u00e0 un important dispositif de lutte mis en place&nbsp;: 80% des feux de for\u00eat ma\u00eetris\u00e9s"}]},{"@type":"WebSite","@id":"https:\/\/lasentinelle.dz\/#website","url":"https:\/\/lasentinelle.dz\/","name":"La Sentinelle","description":"Quotidien national d&#039;information","publisher":{"@id":"https:\/\/lasentinelle.dz\/#organization"},"potentialAction":[{"@type":"SearchAction","target":{"@type":"EntryPoint","urlTemplate":"https:\/\/lasentinelle.dz\/?s={search_term_string}"},"query-input":{"@type":"PropertyValueSpecification","valueRequired":true,"valueName":"search_term_string"}}],"inLanguage":"fr-FR"},{"@type":"Organization","@id":"https:\/\/lasentinelle.dz\/#organization","name":"Quotidien La Sentinelle","url":"https:\/\/lasentinelle.dz\/","logo":{"@type":"ImageObject","inLanguage":"fr-FR","@id":"https:\/\/lasentinelle.dz\/#\/schema\/logo\/image\/","url":"https:\/\/lasentinelle.dz\/wp-content\/uploads\/2021\/09\/logo-sentinelleSLOGAN-1.png","contentUrl":"https:\/\/lasentinelle.dz\/wp-content\/uploads\/2021\/09\/logo-sentinelleSLOGAN-1.png","width":615,"height":142,"caption":"Quotidien La Sentinelle"},"image":{"@id":"https:\/\/lasentinelle.dz\/#\/schema\/logo\/image\/"},"sameAs":["https:\/\/www.facebook.com\/La-Sentinelle-104059864394773"]},{"@type":"Person","@id":"https:\/\/lasentinelle.dz\/#\/schema\/person\/d865044e22e70a75174ce8bcad3acfb3","name":"La Sentinelle","image":{"@type":"ImageObject","inLanguage":"fr-FR","@id":"https:\/\/secure.gravatar.com\/avatar\/57de8e5d4b15d43fb361a71fbb36338450fe67865b528a43dd10ef7c51a20392?s=96&d=mm&r=g","url":"https:\/\/secure.gravatar.com\/avatar\/57de8e5d4b15d43fb361a71fbb36338450fe67865b528a43dd10ef7c51a20392?s=96&d=mm&r=g","contentUrl":"https:\/\/secure.gravatar.com\/avatar\/57de8e5d4b15d43fb361a71fbb36338450fe67865b528a43dd10ef7c51a20392?s=96&d=mm&r=g","caption":"La Sentinelle"},"sameAs":["http:\/\/www.lasentinelle.dz"],"url":"https:\/\/lasentinelle.dz\/author\/redaction\/"}]}},"_links":{"self":[{"href":"https:\/\/lasentinelle.dz\/index.php\/wp-json\/wp\/v2\/posts\/44003","targetHints":{"allow":["GET"]}}],"collection":[{"href":"https:\/\/lasentinelle.dz\/index.php\/wp-json\/wp\/v2\/posts"}],"about":[{"href":"https:\/\/lasentinelle.dz\/index.php\/wp-json\/wp\/v2\/types\/post"}],"author":[{"embeddable":true,"href":"https:\/\/lasentinelle.dz\/index.php\/wp-json\/wp\/v2\/users\/3"}],"replies":[{"embeddable":true,"href":"https:\/\/lasentinelle.dz\/index.php\/wp-json\/wp\/v2\/comments?post=44003"}],"version-history":[{"count":1,"href":"https:\/\/lasentinelle.dz\/index.php\/wp-json\/wp\/v2\/posts\/44003\/revisions"}],"predecessor-version":[{"id":44004,"href":"https:\/\/lasentinelle.dz\/index.php\/wp-json\/wp\/v2\/posts\/44003\/revisions\/44004"}],"wp:featuredmedia":[{"embeddable":true,"href":"https:\/\/lasentinelle.dz\/index.php\/wp-json\/wp\/v2\/media\/21267"}],"wp:attachment":[{"href":"https:\/\/lasentinelle.dz\/index.php\/wp-json\/wp\/v2\/media?parent=44003"}],"wp:term":[{"taxonomy":"category","embeddable":true,"href":"https:\/\/lasentinelle.dz\/index.php\/wp-json\/wp\/v2\/categories?post=44003"},{"taxonomy":"post_tag","embeddable":true,"href":"https:\/\/lasentinelle.dz\/index.php\/wp-json\/wp\/v2\/tags?post=44003"}],"curies":[{"name":"wp","href":"https:\/\/api.w.org\/{rel}","templated":true}]}}