{"id":44005,"date":"2023-07-26T00:48:46","date_gmt":"2023-07-25T23:48:46","guid":{"rendered":"https:\/\/lasentinelle.dz\/?p=44005"},"modified":"2023-07-26T00:48:46","modified_gmt":"2023-07-25T23:48:46","slug":"incendies-la-piste-criminelle-de-nouveau-evoquee","status":"publish","type":"post","link":"https:\/\/lasentinelle.dz\/index.php\/2023\/07\/26\/incendies-la-piste-criminelle-de-nouveau-evoquee\/","title":{"rendered":"<strong>Incendies&nbsp;: la piste criminelle de nouveau \u00e9voqu\u00e9e<\/strong>"},"content":{"rendered":"\n<p>Bien que la vague de chaleur extr\u00eame qui a affect\u00e9 le pays au cours des derniers jours et les vents chauds associ\u00e9s aient favoris\u00e9 la propagation des incendies, la piste criminelle n\u2019est pas \u00e0 ignorer dans le nouveau drame qui s\u2019est jou\u00e9 dans plusieurs wilayas. D\u2019ailleurs, les enqu\u00eates ouvertes par les parquets de plusieurs juridictions ont abouti \u00e0 l\u2019arrestation de plusieurs personnes impliqu\u00e9es dans des incendies \u00e0 B\u00e9ja\u00efa, Bouira et Skikda. Leurs dossiers ont \u00e9t\u00e9 transf\u00e9r\u00e9s au p\u00f4le judiciaire sp\u00e9cialis\u00e9 dans la lutte contre le terrorisme et le crime organis\u00e9.<\/p>\n\n\n\n<p>Dans la wilaya de B\u00e9ja\u00efa qui enregistr\u00e9 le bilan le plus lourd en termes de pertes humaines, avec 19 morts dont dix \u00e9l\u00e9ments de l\u2019ANP qui prenaient part aux op\u00e9rations d\u2019extinction des incendies, quatre personnes ont \u00e9t\u00e9 arr\u00eat\u00e9es, hier. Selon la radio locale, qui cite les propos du procureur g\u00e9n\u00e9ral pr\u00e8s la Cour de B\u00e9ja\u00efa, Hamamda Lazhar, \u00ab quatre personnes ont \u00e9t\u00e9 arr\u00eat\u00e9es, dont deux mineurs, pour leur implication dans les derniers feux de for\u00eats \u00bb. Celui-ci a pr\u00e9cis\u00e9 qu\u2019\u00ab il a \u00e9t\u00e9 proc\u00e9d\u00e9 \u00e0 l\u2019arrestation d\u2019une personne par le tribunal d\u2019Amizour, une autre par le tribunal d\u2019Akbou, et deux mineurs par le tribunal de Kherrata \u00bb. Ces deux derniers seront pr\u00e9sent\u00e9s au juge de mineurs, pr\u00e9cise la m\u00eame source qui ajoute que \u00ab les proc\u00e9dures d\u2019enqu\u00eate se poursuivent actuellement et la loi sera appliqu\u00e9e dans toute sa rigueur \u00bb.&nbsp; Par ailleurs un communiqu\u00e9 de la Cour de B\u00e9ja\u00efa a indiqu\u00e9 hier que \u00ab&nbsp;suite au communiqu\u00e9 de presse du 24 juillet 2023, le Procureur g\u00e9n\u00e9ral pr\u00e8s la Cour de B\u00e9ja\u00efa informe l&rsquo;opinion publique, qu&rsquo;\u00e0 l&rsquo;issue des r\u00e9sultats de l&rsquo;enqu\u00eate pr\u00e9liminaire ouverte sur les incendies qui se sont d\u00e9clar\u00e9s dans la wilaya de comp\u00e9tence et qui s&rsquo;est sold\u00e9e par l&rsquo;arrestation de deux individus r\u00e9pondant aux initiales (H.H) et (M.S), Messieurs les Procureurs de la R\u00e9publique pr\u00e8s les tribunaux d&rsquo;Amizour et d&rsquo;Akbou ont ordonn\u00e9 le transfert des deux dossiers \u00e0 la Section antiterroriste et lutte contre le crime organis\u00e9 du tribunal de Sidi M&rsquo;Hamed&nbsp;\u00bb. Dans la wilaya de Skikda, trois personnes, dont une femme, suspect\u00e9es d\u2019\u00eatre impliqu\u00e9s dans le d\u00e9clenchement des incendies ont \u00e9t\u00e9 arr\u00eat\u00e9es. Selon un communiqu\u00e9 du procureur g\u00e9n\u00e9ral pr\u00e8s la Cour de Skikda Brahim Boussalem, \u00ab&nbsp;en vertu des dispositions de l\u2019article 11 alin\u00e9a 3 du code de proc\u00e9dures p\u00e9nales, le procureur g\u00e9n\u00e9ral pr\u00e8s la Cour de justice de Skikda informe l\u2019opinion g\u00e9n\u00e9ral qu\u2019\u00e0 la suite des incendies d\u00e9clar\u00e9s dans les for\u00eats de la wilaya, une enqu\u00eate pr\u00e9liminaire a \u00e9t\u00e9 ouverte pour d\u00e9terminer les causes et arr\u00eater les suspects&nbsp;\u00bb. Les investigations ont conduit \u00e0 l\u2019arrestation \u00ab\u00a0de trois suspects. Une femme suspect\u00e9e a \u00e9t\u00e9 ainsi pr\u00e9sent\u00e9e mardi au parquet pr\u00e8s le tribunal de Collo et deux autres suspects au parquet pr\u00e8s le tribunal d\u2019El Harrouch\u00a0\u00bb, ajoute le document du procureur g\u00e9n\u00e9ral pr\u00e8s la Cour de Skikda. Selon le communiqu\u00e9, les deux dossiers ont \u00e9t\u00e9 transf\u00e9r\u00e9s \u00e0 la section de lutte contre le terrorisme et le crime organis\u00e9 pr\u00e8s le tribunal de Sidi M\u2019hamed \u00e0 Alger. Enfin, dans la wilaya de Bouira, deux individus soup\u00e7onn\u00e9s d&rsquo;\u00eatre \u00e0 l&rsquo;origine du d\u00e9clenchement de deux de for\u00eat dans la r\u00e9gion de Lakhdaria ont \u00e9t\u00e9 arr\u00eat\u00e9s, avec le transfert de leurs dossiers \u00e0 la Section antiterroriste et lutte contre le crime organis\u00e9 du tribunal de Sidi M&rsquo;Hamed.<\/p>\n\n\n\n<p>Ce n\u2019est pas la premi\u00e8re fois que des actes criminels sont \u00e0 l\u2019origine d\u2019incendies meurtriers. Des actes mues par l\u2019attrait du gain facile \u00e0 travers l\u2019accaparement de terre du domaine forestier ou via la production de charbon. Activit\u00e9 interdite durant la saison estivale depuis l\u2019\u00e9t\u00e9 2022, ou encore des actes de pyromanie. Les autorit\u00e9s ont dans ce contexte renforcer les sanctions et le dispositif de lutte contre ces pratiques.<\/p>\n\n\n\n<p><strong>Chokri Hafed<\/strong><\/p>\n","protected":false},"excerpt":{"rendered":"<p>Bien que la vague de chaleur extr\u00eame qui a affect\u00e9 le pays au cours des derniers jours et les vents<\/p>\n","protected":false},"author":3,"featured_media":22230,"comment_status":"open","ping_status":"closed","sticky":false,"template":"","format":"standard","meta":{"colormag_page_container_layout":"default_layout","colormag_page_sidebar_layout":"default_layout","om_disable_all_campaigns":false,"_monsterinsights_skip_tracking":false,"_monsterinsights_sitenote_active":false,"_monsterinsights_sitenote_note":"","_monsterinsights_sitenote_category":0,"footnotes":"","_wpscppro_dont_share_socialmedia":false,"_wpscppro_custom_social_share_image":0,"_facebook_share_type":"","_twitter_share_type":"","_linkedin_share_type":"","_pinterest_share_type":"","_linkedin_share_type_page":"","_instagram_share_type":"","_medium_share_type":"","_threads_share_type":"","_google_business_share_type":"","_selected_social_profile":[],"_wpsp_enable_custom_social_template":false,"_wpsp_social_scheduling":{"enabled":false,"datetime":null,"platforms":[],"status":"template_only","dateOption":"today","timeOption":"now","customDays":"","customHours":"","customDate":"","customTime":"","schedulingType":"absolute"},"_wpsp_active_default_template":true},"categories":[1],"tags":[],"class_list":["post-44005","post","type-post","status-publish","format-standard","has-post-thumbnail","hentry","category-uncategorized"],"aioseo_notices":[],"yoast_head":"<!-- This site is optimized with the Yoast SEO plugin v27.5 - https:\/\/yoast.com\/product\/yoast-seo-wordpress\/ -->\n<title>Incendies&nbsp;: la piste criminelle de nouveau \u00e9voqu\u00e9e - La Sentinelle<\/title>\n<meta name=\"robots\" content=\"index, follow, max-snippet:-1, max-image-preview:large, max-video-preview:-1\" \/>\n<link rel=\"canonical\" href=\"https:\/\/lasentinelle.dz\/index.php\/2023\/07\/26\/incendies-la-piste-criminelle-de-nouveau-evoquee\/\" \/>\n<meta property=\"og:locale\" content=\"fr_FR\" \/>\n<meta property=\"og:type\" content=\"article\" \/>\n<meta property=\"og:title\" content=\"Incendies&nbsp;: la piste criminelle de nouveau \u00e9voqu\u00e9e - La Sentinelle\" \/>\n<meta property=\"og:description\" content=\"Bien que la vague de chaleur extr\u00eame qui a affect\u00e9 le pays au cours des derniers jours et les vents\" \/>\n<meta property=\"og:url\" content=\"https:\/\/lasentinelle.dz\/index.php\/2023\/07\/26\/incendies-la-piste-criminelle-de-nouveau-evoquee\/\" \/>\n<meta property=\"og:site_name\" content=\"La Sentinelle\" \/>\n<meta property=\"article:publisher\" content=\"https:\/\/www.facebook.com\/La-Sentinelle-104059864394773\" \/>\n<meta property=\"article:published_time\" content=\"2023-07-25T23:48:46+00:00\" \/>\n<meta name=\"author\" content=\"La Sentinelle\" \/>\n<meta name=\"twitter:card\" content=\"summary_large_image\" \/>\n<meta name=\"twitter:label1\" content=\"\u00c9crit par\" \/>\n\t<meta name=\"twitter:data1\" content=\"La Sentinelle\" \/>\n\t<meta name=\"twitter:label2\" content=\"Dur\u00e9e de lecture estim\u00e9e\" \/>\n\t<meta name=\"twitter:data2\" content=\"4 minutes\" \/>\n<script type=\"application\/ld+json\" class=\"yoast-schema-graph\">{\"@context\":\"https:\\\/\\\/schema.org\",\"@graph\":[{\"@type\":\"Article\",\"@id\":\"https:\\\/\\\/lasentinelle.dz\\\/index.php\\\/2023\\\/07\\\/26\\\/incendies-la-piste-criminelle-de-nouveau-evoquee\\\/#article\",\"isPartOf\":{\"@id\":\"https:\\\/\\\/lasentinelle.dz\\\/index.php\\\/2023\\\/07\\\/26\\\/incendies-la-piste-criminelle-de-nouveau-evoquee\\\/\"},\"author\":{\"name\":\"La Sentinelle\",\"@id\":\"https:\\\/\\\/lasentinelle.dz\\\/#\\\/schema\\\/person\\\/d865044e22e70a75174ce8bcad3acfb3\"},\"headline\":\"Incendies&nbsp;: la piste criminelle de nouveau \u00e9voqu\u00e9e\",\"datePublished\":\"2023-07-25T23:48:46+00:00\",\"mainEntityOfPage\":{\"@id\":\"https:\\\/\\\/lasentinelle.dz\\\/index.php\\\/2023\\\/07\\\/26\\\/incendies-la-piste-criminelle-de-nouveau-evoquee\\\/\"},\"wordCount\":732,\"commentCount\":0,\"publisher\":{\"@id\":\"https:\\\/\\\/lasentinelle.dz\\\/#organization\"},\"image\":{\"@id\":\"https:\\\/\\\/lasentinelle.dz\\\/index.php\\\/2023\\\/07\\\/26\\\/incendies-la-piste-criminelle-de-nouveau-evoquee\\\/#primaryimage\"},\"thumbnailUrl\":\"https:\\\/\\\/lasentinelle.dz\\\/wp-content\\\/uploads\\\/2022\\\/06\\\/justice.png\",\"articleSection\":[\"Uncategorized\"],\"inLanguage\":\"fr-FR\",\"potentialAction\":[{\"@type\":\"CommentAction\",\"name\":\"Comment\",\"target\":[\"https:\\\/\\\/lasentinelle.dz\\\/index.php\\\/2023\\\/07\\\/26\\\/incendies-la-piste-criminelle-de-nouveau-evoquee\\\/#respond\"]}]},{\"@type\":\"WebPage\",\"@id\":\"https:\\\/\\\/lasentinelle.dz\\\/index.php\\\/2023\\\/07\\\/26\\\/incendies-la-piste-criminelle-de-nouveau-evoquee\\\/\",\"url\":\"https:\\\/\\\/lasentinelle.dz\\\/index.php\\\/2023\\\/07\\\/26\\\/incendies-la-piste-criminelle-de-nouveau-evoquee\\\/\",\"name\":\"Incendies&nbsp;: la piste criminelle de nouveau \u00e9voqu\u00e9e - La Sentinelle\",\"isPartOf\":{\"@id\":\"https:\\\/\\\/lasentinelle.dz\\\/#website\"},\"primaryImageOfPage\":{\"@id\":\"https:\\\/\\\/lasentinelle.dz\\\/index.php\\\/2023\\\/07\\\/26\\\/incendies-la-piste-criminelle-de-nouveau-evoquee\\\/#primaryimage\"},\"image\":{\"@id\":\"https:\\\/\\\/lasentinelle.dz\\\/index.php\\\/2023\\\/07\\\/26\\\/incendies-la-piste-criminelle-de-nouveau-evoquee\\\/#primaryimage\"},\"thumbnailUrl\":\"https:\\\/\\\/lasentinelle.dz\\\/wp-content\\\/uploads\\\/2022\\\/06\\\/justice.png\",\"datePublished\":\"2023-07-25T23:48:46+00:00\",\"breadcrumb\":{\"@id\":\"https:\\\/\\\/lasentinelle.dz\\\/index.php\\\/2023\\\/07\\\/26\\\/incendies-la-piste-criminelle-de-nouveau-evoquee\\\/#breadcrumb\"},\"inLanguage\":\"fr-FR\",\"potentialAction\":[{\"@type\":\"ReadAction\",\"target\":[\"https:\\\/\\\/lasentinelle.dz\\\/index.php\\\/2023\\\/07\\\/26\\\/incendies-la-piste-criminelle-de-nouveau-evoquee\\\/\"]}]},{\"@type\":\"ImageObject\",\"inLanguage\":\"fr-FR\",\"@id\":\"https:\\\/\\\/lasentinelle.dz\\\/index.php\\\/2023\\\/07\\\/26\\\/incendies-la-piste-criminelle-de-nouveau-evoquee\\\/#primaryimage\",\"url\":\"https:\\\/\\\/lasentinelle.dz\\\/wp-content\\\/uploads\\\/2022\\\/06\\\/justice.png\",\"contentUrl\":\"https:\\\/\\\/lasentinelle.dz\\\/wp-content\\\/uploads\\\/2022\\\/06\\\/justice.png\",\"width\":1491,\"height\":900},{\"@type\":\"BreadcrumbList\",\"@id\":\"https:\\\/\\\/lasentinelle.dz\\\/index.php\\\/2023\\\/07\\\/26\\\/incendies-la-piste-criminelle-de-nouveau-evoquee\\\/#breadcrumb\",\"itemListElement\":[{\"@type\":\"ListItem\",\"position\":1,\"name\":\"Accueil\",\"item\":\"https:\\\/\\\/lasentinelle.dz\\\/\"},{\"@type\":\"ListItem\",\"position\":2,\"name\":\"Incendies&nbsp;: la piste criminelle de nouveau \u00e9voqu\u00e9e\"}]},{\"@type\":\"WebSite\",\"@id\":\"https:\\\/\\\/lasentinelle.dz\\\/#website\",\"url\":\"https:\\\/\\\/lasentinelle.dz\\\/\",\"name\":\"La Sentinelle\",\"description\":\"Quotidien national d&#039;information\",\"publisher\":{\"@id\":\"https:\\\/\\\/lasentinelle.dz\\\/#organization\"},\"potentialAction\":[{\"@type\":\"SearchAction\",\"target\":{\"@type\":\"EntryPoint\",\"urlTemplate\":\"https:\\\/\\\/lasentinelle.dz\\\/?s={search_term_string}\"},\"query-input\":{\"@type\":\"PropertyValueSpecification\",\"valueRequired\":true,\"valueName\":\"search_term_string\"}}],\"inLanguage\":\"fr-FR\"},{\"@type\":\"Organization\",\"@id\":\"https:\\\/\\\/lasentinelle.dz\\\/#organization\",\"name\":\"Quotidien La Sentinelle\",\"url\":\"https:\\\/\\\/lasentinelle.dz\\\/\",\"logo\":{\"@type\":\"ImageObject\",\"inLanguage\":\"fr-FR\",\"@id\":\"https:\\\/\\\/lasentinelle.dz\\\/#\\\/schema\\\/logo\\\/image\\\/\",\"url\":\"https:\\\/\\\/lasentinelle.dz\\\/wp-content\\\/uploads\\\/2021\\\/09\\\/logo-sentinelleSLOGAN-1.png\",\"contentUrl\":\"https:\\\/\\\/lasentinelle.dz\\\/wp-content\\\/uploads\\\/2021\\\/09\\\/logo-sentinelleSLOGAN-1.png\",\"width\":615,\"height\":142,\"caption\":\"Quotidien La Sentinelle\"},\"image\":{\"@id\":\"https:\\\/\\\/lasentinelle.dz\\\/#\\\/schema\\\/logo\\\/image\\\/\"},\"sameAs\":[\"https:\\\/\\\/www.facebook.com\\\/La-Sentinelle-104059864394773\"]},{\"@type\":\"Person\",\"@id\":\"https:\\\/\\\/lasentinelle.dz\\\/#\\\/schema\\\/person\\\/d865044e22e70a75174ce8bcad3acfb3\",\"name\":\"La Sentinelle\",\"image\":{\"@type\":\"ImageObject\",\"inLanguage\":\"fr-FR\",\"@id\":\"https:\\\/\\\/secure.gravatar.com\\\/avatar\\\/57de8e5d4b15d43fb361a71fbb36338450fe67865b528a43dd10ef7c51a20392?s=96&d=mm&r=g\",\"url\":\"https:\\\/\\\/secure.gravatar.com\\\/avatar\\\/57de8e5d4b15d43fb361a71fbb36338450fe67865b528a43dd10ef7c51a20392?s=96&d=mm&r=g\",\"contentUrl\":\"https:\\\/\\\/secure.gravatar.com\\\/avatar\\\/57de8e5d4b15d43fb361a71fbb36338450fe67865b528a43dd10ef7c51a20392?s=96&d=mm&r=g\",\"caption\":\"La Sentinelle\"},\"sameAs\":[\"http:\\\/\\\/www.lasentinelle.dz\"],\"url\":\"https:\\\/\\\/lasentinelle.dz\\\/author\\\/redaction\\\/\"}]}<\/script>\n<!-- \/ Yoast SEO plugin. -->","yoast_head_json":{"title":"Incendies&nbsp;: la piste criminelle de nouveau \u00e9voqu\u00e9e - La Sentinelle","robots":{"index":"index","follow":"follow","max-snippet":"max-snippet:-1","max-image-preview":"max-image-preview:large","max-video-preview":"max-video-preview:-1"},"canonical":"https:\/\/lasentinelle.dz\/index.php\/2023\/07\/26\/incendies-la-piste-criminelle-de-nouveau-evoquee\/","og_locale":"fr_FR","og_type":"article","og_title":"Incendies&nbsp;: la piste criminelle de nouveau \u00e9voqu\u00e9e - La Sentinelle","og_description":"Bien que la vague de chaleur extr\u00eame qui a affect\u00e9 le pays au cours des derniers jours et les vents","og_url":"https:\/\/lasentinelle.dz\/index.php\/2023\/07\/26\/incendies-la-piste-criminelle-de-nouveau-evoquee\/","og_site_name":"La Sentinelle","article_publisher":"https:\/\/www.facebook.com\/La-Sentinelle-104059864394773","article_published_time":"2023-07-25T23:48:46+00:00","author":"La Sentinelle","twitter_card":"summary_large_image","twitter_misc":{"\u00c9crit par":"La Sentinelle","Dur\u00e9e de lecture estim\u00e9e":"4 minutes"},"schema":{"@context":"https:\/\/schema.org","@graph":[{"@type":"Article","@id":"https:\/\/lasentinelle.dz\/index.php\/2023\/07\/26\/incendies-la-piste-criminelle-de-nouveau-evoquee\/#article","isPartOf":{"@id":"https:\/\/lasentinelle.dz\/index.php\/2023\/07\/26\/incendies-la-piste-criminelle-de-nouveau-evoquee\/"},"author":{"name":"La Sentinelle","@id":"https:\/\/lasentinelle.dz\/#\/schema\/person\/d865044e22e70a75174ce8bcad3acfb3"},"headline":"Incendies&nbsp;: la piste criminelle de nouveau \u00e9voqu\u00e9e","datePublished":"2023-07-25T23:48:46+00:00","mainEntityOfPage":{"@id":"https:\/\/lasentinelle.dz\/index.php\/2023\/07\/26\/incendies-la-piste-criminelle-de-nouveau-evoquee\/"},"wordCount":732,"commentCount":0,"publisher":{"@id":"https:\/\/lasentinelle.dz\/#organization"},"image":{"@id":"https:\/\/lasentinelle.dz\/index.php\/2023\/07\/26\/incendies-la-piste-criminelle-de-nouveau-evoquee\/#primaryimage"},"thumbnailUrl":"https:\/\/lasentinelle.dz\/wp-content\/uploads\/2022\/06\/justice.png","articleSection":["Uncategorized"],"inLanguage":"fr-FR","potentialAction":[{"@type":"CommentAction","name":"Comment","target":["https:\/\/lasentinelle.dz\/index.php\/2023\/07\/26\/incendies-la-piste-criminelle-de-nouveau-evoquee\/#respond"]}]},{"@type":"WebPage","@id":"https:\/\/lasentinelle.dz\/index.php\/2023\/07\/26\/incendies-la-piste-criminelle-de-nouveau-evoquee\/","url":"https:\/\/lasentinelle.dz\/index.php\/2023\/07\/26\/incendies-la-piste-criminelle-de-nouveau-evoquee\/","name":"Incendies&nbsp;: la piste criminelle de nouveau \u00e9voqu\u00e9e - La Sentinelle","isPartOf":{"@id":"https:\/\/lasentinelle.dz\/#website"},"primaryImageOfPage":{"@id":"https:\/\/lasentinelle.dz\/index.php\/2023\/07\/26\/incendies-la-piste-criminelle-de-nouveau-evoquee\/#primaryimage"},"image":{"@id":"https:\/\/lasentinelle.dz\/index.php\/2023\/07\/26\/incendies-la-piste-criminelle-de-nouveau-evoquee\/#primaryimage"},"thumbnailUrl":"https:\/\/lasentinelle.dz\/wp-content\/uploads\/2022\/06\/justice.png","datePublished":"2023-07-25T23:48:46+00:00","breadcrumb":{"@id":"https:\/\/lasentinelle.dz\/index.php\/2023\/07\/26\/incendies-la-piste-criminelle-de-nouveau-evoquee\/#breadcrumb"},"inLanguage":"fr-FR","potentialAction":[{"@type":"ReadAction","target":["https:\/\/lasentinelle.dz\/index.php\/2023\/07\/26\/incendies-la-piste-criminelle-de-nouveau-evoquee\/"]}]},{"@type":"ImageObject","inLanguage":"fr-FR","@id":"https:\/\/lasentinelle.dz\/index.php\/2023\/07\/26\/incendies-la-piste-criminelle-de-nouveau-evoquee\/#primaryimage","url":"https:\/\/lasentinelle.dz\/wp-content\/uploads\/2022\/06\/justice.png","contentUrl":"https:\/\/lasentinelle.dz\/wp-content\/uploads\/2022\/06\/justice.png","width":1491,"height":900},{"@type":"BreadcrumbList","@id":"https:\/\/lasentinelle.dz\/index.php\/2023\/07\/26\/incendies-la-piste-criminelle-de-nouveau-evoquee\/#breadcrumb","itemListElement":[{"@type":"ListItem","position":1,"name":"Accueil","item":"https:\/\/lasentinelle.dz\/"},{"@type":"ListItem","position":2,"name":"Incendies&nbsp;: la piste criminelle de nouveau \u00e9voqu\u00e9e"}]},{"@type":"WebSite","@id":"https:\/\/lasentinelle.dz\/#website","url":"https:\/\/lasentinelle.dz\/","name":"La Sentinelle","description":"Quotidien national d&#039;information","publisher":{"@id":"https:\/\/lasentinelle.dz\/#organization"},"potentialAction":[{"@type":"SearchAction","target":{"@type":"EntryPoint","urlTemplate":"https:\/\/lasentinelle.dz\/?s={search_term_string}"},"query-input":{"@type":"PropertyValueSpecification","valueRequired":true,"valueName":"search_term_string"}}],"inLanguage":"fr-FR"},{"@type":"Organization","@id":"https:\/\/lasentinelle.dz\/#organization","name":"Quotidien La Sentinelle","url":"https:\/\/lasentinelle.dz\/","logo":{"@type":"ImageObject","inLanguage":"fr-FR","@id":"https:\/\/lasentinelle.dz\/#\/schema\/logo\/image\/","url":"https:\/\/lasentinelle.dz\/wp-content\/uploads\/2021\/09\/logo-sentinelleSLOGAN-1.png","contentUrl":"https:\/\/lasentinelle.dz\/wp-content\/uploads\/2021\/09\/logo-sentinelleSLOGAN-1.png","width":615,"height":142,"caption":"Quotidien La Sentinelle"},"image":{"@id":"https:\/\/lasentinelle.dz\/#\/schema\/logo\/image\/"},"sameAs":["https:\/\/www.facebook.com\/La-Sentinelle-104059864394773"]},{"@type":"Person","@id":"https:\/\/lasentinelle.dz\/#\/schema\/person\/d865044e22e70a75174ce8bcad3acfb3","name":"La Sentinelle","image":{"@type":"ImageObject","inLanguage":"fr-FR","@id":"https:\/\/secure.gravatar.com\/avatar\/57de8e5d4b15d43fb361a71fbb36338450fe67865b528a43dd10ef7c51a20392?s=96&d=mm&r=g","url":"https:\/\/secure.gravatar.com\/avatar\/57de8e5d4b15d43fb361a71fbb36338450fe67865b528a43dd10ef7c51a20392?s=96&d=mm&r=g","contentUrl":"https:\/\/secure.gravatar.com\/avatar\/57de8e5d4b15d43fb361a71fbb36338450fe67865b528a43dd10ef7c51a20392?s=96&d=mm&r=g","caption":"La Sentinelle"},"sameAs":["http:\/\/www.lasentinelle.dz"],"url":"https:\/\/lasentinelle.dz\/author\/redaction\/"}]}},"_links":{"self":[{"href":"https:\/\/lasentinelle.dz\/index.php\/wp-json\/wp\/v2\/posts\/44005","targetHints":{"allow":["GET"]}}],"collection":[{"href":"https:\/\/lasentinelle.dz\/index.php\/wp-json\/wp\/v2\/posts"}],"about":[{"href":"https:\/\/lasentinelle.dz\/index.php\/wp-json\/wp\/v2\/types\/post"}],"author":[{"embeddable":true,"href":"https:\/\/lasentinelle.dz\/index.php\/wp-json\/wp\/v2\/users\/3"}],"replies":[{"embeddable":true,"href":"https:\/\/lasentinelle.dz\/index.php\/wp-json\/wp\/v2\/comments?post=44005"}],"version-history":[{"count":1,"href":"https:\/\/lasentinelle.dz\/index.php\/wp-json\/wp\/v2\/posts\/44005\/revisions"}],"predecessor-version":[{"id":44006,"href":"https:\/\/lasentinelle.dz\/index.php\/wp-json\/wp\/v2\/posts\/44005\/revisions\/44006"}],"wp:featuredmedia":[{"embeddable":true,"href":"https:\/\/lasentinelle.dz\/index.php\/wp-json\/wp\/v2\/media\/22230"}],"wp:attachment":[{"href":"https:\/\/lasentinelle.dz\/index.php\/wp-json\/wp\/v2\/media?parent=44005"}],"wp:term":[{"taxonomy":"category","embeddable":true,"href":"https:\/\/lasentinelle.dz\/index.php\/wp-json\/wp\/v2\/categories?post=44005"},{"taxonomy":"post_tag","embeddable":true,"href":"https:\/\/lasentinelle.dz\/index.php\/wp-json\/wp\/v2\/tags?post=44005"}],"curies":[{"name":"wp","href":"https:\/\/api.w.org\/{rel}","templated":true}]}}