{"id":44007,"date":"2023-07-26T00:50:11","date_gmt":"2023-07-25T23:50:11","guid":{"rendered":"https:\/\/lasentinelle.dz\/?p=44007"},"modified":"2023-07-26T00:50:26","modified_gmt":"2023-07-25T23:50:26","slug":"dimportants-moyens-mobilises-pour-prendre-en-charge-les-sinistres-place-aux-indemnisations","status":"publish","type":"post","link":"https:\/\/lasentinelle.dz\/index.php\/2023\/07\/26\/dimportants-moyens-mobilises-pour-prendre-en-charge-les-sinistres-place-aux-indemnisations\/","title":{"rendered":"D\u2019importants moyens mobilis\u00e9s pour prendre en charge les sinistr\u00e9s&nbsp;: Place aux indemnisations"},"content":{"rendered":"\n<p>Alors que la quasi-totalit\u00e9 des incendies a \u00e9t\u00e9 ma\u00eetris\u00e9e, l\u2019heure est \u00e0 la prise en charge des sinistr\u00e9s, \u00e0 l\u2019\u00e9valuation des d\u00e9g\u00e2ts et \u00e0 l\u2019indemnisation des victimes. &nbsp;Un processus qui a d\u00e9j\u00e0 \u00e9t\u00e9 entam\u00e9. D\u2019ailleurs lors d\u2019une visite dans les wilayas touch\u00e9es par les incendies, le ministre de l\u2019Int\u00e9rieur, des Collectivit\u00e9s locales et de l\u2019am\u00e9nagement du territoire, Brahim Merad a indiqu\u00e9 que \u00ab&nbsp;les services de l&rsquo;Etat prendront en charge l&rsquo;indemnisation des sinistr\u00e9s et que les comit\u00e9s locaux ont entam\u00e9 leur travail&nbsp;\u00bb. En effet, des comit\u00e9s d\u2019\u00e9valuation des d\u00e9g\u00e2ts ont \u00e9t\u00e9 install\u00e9s au niveau des wilayas touch\u00e9es, tandis que le minist\u00e8re de la Solidarit\u00e9 nationale a install\u00e9 des cellules de crise au niveau local pour prendre en charge les sinistr\u00e9s. Une prise en charge qui induit la mobilisation de plusieurs d\u00e9partements minist\u00e9riels. Ainsi, la ministre de la Solidarit\u00e9 nationale, de la Famille et de la Condition de la femme, Kaouthar Krikou a affirm\u00e9, a assur\u00e9 hier de \u00ab\u00a0la mobilisation de tous les moyens\u00a0\u00bb pour venir en aide aux familles sinistr\u00e9es. \u00ab\u00a0La ministre de la Solidarit\u00e9 nationale a supervis\u00e9 le travail de la cellule charg\u00e9e du suivi des activit\u00e9s des cellules de proximit\u00e9 au niveau local, sous la supervision des antennes r\u00e9gionales de l&rsquo;Agence de d\u00e9veloppement social (ADS), en coordination avec les directions de l&rsquo;action sociale et de la solidarit\u00e9 de wilayas\u00a0\u00bb, indique un communiqu\u00e9 du minist\u00e8re<\/p>\n\n\n\n<p>A l&rsquo;occasion, Mme Krikou a affirm\u00e9 \u00ab\u00a0la mobilisation de tous les moyens en vue d&rsquo;aider les familles \u00e0 surmonter les douloureuses \u00e9preuves \u00e0 travers l&rsquo;intensification des op\u00e9rations de prise en charge psychosociale, en sus d&rsquo;assurer les besoins urgents des sinistr\u00e9s et veiller sur la disposition des centres, relevant du secteur, charg\u00e9s d&rsquo;accueillir les personnes \u00e2g\u00e9es, les enfants en d\u00e9tresse et les personnes aux besoins sp\u00e9cifiques\u00a0\u00bb. Ces cellules ont aussi pris part \u00e0 l&rsquo;op\u00e9ration \u00ab\u00a0de recensement et d&rsquo;\u00e9vacuation des cas sinistr\u00e9s vers des endroits s\u00e9curis\u00e9s fix\u00e9s par les autorit\u00e9s locales, en plus d&rsquo;assurer des services de premiers secours \u00e0 l&rsquo;instar du soutien psychologique, de la prise en charge m\u00e9dicale et des aides financi\u00e8res\u00a0\u00bb.<\/p>\n\n\n\n<p>Par ailleurs des auberges de jeunesses ont \u00e9t\u00e9 r\u00e9quisitionn\u00e9es pour accueillir les sinistr\u00e9s. Le minist\u00e8re de la Jeunesse et des sports a d\u00e9cid\u00e9 d&rsquo;am\u00e9nager les maisons et auberges de jeunes pour accueillir les familles sinistr\u00e9es suite aux feux de for\u00eats. Pour sa part, le minist\u00e8re de la Sant\u00e9 a pris des mesures pour assurer la prise en charge des bless\u00e9s sur place. Selon un communiqu\u00e9 du minist\u00e8re, \u00ab\u00a0suite aux feux de for\u00eat enregistr\u00e9s dans diff\u00e9rentes r\u00e9gions du pays, le minist\u00e8re de la Sant\u00e9 a pris imm\u00e9diatement des mesures pour assurer la prise en charge des bless\u00e9s sur place, tandis que les cas graves ont \u00e9t\u00e9 transf\u00e9r\u00e9s vers les services hospitaliers sp\u00e9cialis\u00e9s\u00a0\u00bb. \u00ab\u00a0Tous les moyens mat\u00e9riels et humains y compris les m\u00e9dicaments et le mat\u00e9riel m\u00e9dical ont \u00e9t\u00e9 assur\u00e9s en quantit\u00e9s suffisantes\u00a0\u00bb, a affirm\u00e9 le minist\u00e8re dans son communiqu\u00e9, ajoutant qu&rsquo;aucun manque n&rsquo;est enregistr\u00e9.&nbsp;&nbsp; &nbsp;\u00ab\u00a0Une cellule de suivi a \u00e9t\u00e9 mise en place au niveau de la pharmacie centrale des h\u00f4pitaux (PCH) pour suivre l&rsquo;\u00e9tat des bless\u00e9s et des malades, tout en r\u00e9unissant les conditions n\u00e9cessaires pour une meilleure prise en charge\u00a0\u00bb, a conclu le communiqu\u00e9. Enfin, le minist\u00e8re de l&rsquo;Industrie et de la Production pharmaceutique a appel\u00e9 mardi l&rsquo;ensemble des entreprises pharmaceutiques sp\u00e9cialis\u00e9es dans la fabrication des produits pharmaceutiques et du mat\u00e9riel m\u00e9dical utilis\u00e9s dans le protocole th\u00e9rapeutique contre les br\u00fblures, \u00e0 augmenter les quantit\u00e9s produites et \u00e0 orienter des quotas vers les r\u00e9gions sinistr\u00e9es.<\/p>\n\n\n\n<p>R.N.<\/p>\n","protected":false},"excerpt":{"rendered":"<p>Alors que la quasi-totalit\u00e9 des incendies a \u00e9t\u00e9 ma\u00eetris\u00e9e, l\u2019heure est \u00e0 la prise en charge des sinistr\u00e9s, \u00e0 l\u2019\u00e9valuation<\/p>\n","protected":false},"author":3,"featured_media":27634,"comment_status":"open","ping_status":"closed","sticky":false,"template":"","format":"standard","meta":{"colormag_page_container_layout":"default_layout","colormag_page_sidebar_layout":"default_layout","om_disable_all_campaigns":false,"_monsterinsights_skip_tracking":false,"_monsterinsights_sitenote_active":false,"_monsterinsights_sitenote_note":"","_monsterinsights_sitenote_category":0,"footnotes":"","_wpscppro_dont_share_socialmedia":false,"_wpscppro_custom_social_share_image":0,"_facebook_share_type":"","_twitter_share_type":"","_linkedin_share_type":"","_pinterest_share_type":"","_linkedin_share_type_page":"","_instagram_share_type":"","_medium_share_type":"","_threads_share_type":"","_google_business_share_type":"","_selected_social_profile":[],"_wpsp_enable_custom_social_template":false,"_wpsp_social_scheduling":{"enabled":false,"datetime":null,"platforms":[],"status":"template_only","dateOption":"today","timeOption":"now","customDays":"","customHours":"","customDate":"","customTime":"","schedulingType":"absolute"},"_wpsp_active_default_template":true},"categories":[27],"tags":[],"class_list":["post-44007","post","type-post","status-publish","format-standard","has-post-thumbnail","hentry","category-actualite"],"aioseo_notices":[],"yoast_head":"<!-- This site is optimized with the Yoast SEO plugin v27.5 - https:\/\/yoast.com\/product\/yoast-seo-wordpress\/ -->\n<title>D\u2019importants moyens mobilis\u00e9s pour prendre en charge les sinistr\u00e9s&nbsp;: Place aux indemnisations - La Sentinelle<\/title>\n<meta name=\"robots\" content=\"index, follow, max-snippet:-1, max-image-preview:large, max-video-preview:-1\" \/>\n<link rel=\"canonical\" href=\"https:\/\/lasentinelle.dz\/index.php\/2023\/07\/26\/dimportants-moyens-mobilises-pour-prendre-en-charge-les-sinistres-place-aux-indemnisations\/\" \/>\n<meta property=\"og:locale\" content=\"fr_FR\" \/>\n<meta property=\"og:type\" content=\"article\" \/>\n<meta property=\"og:title\" content=\"D\u2019importants moyens mobilis\u00e9s pour prendre en charge les sinistr\u00e9s&nbsp;: Place aux indemnisations - La Sentinelle\" \/>\n<meta property=\"og:description\" content=\"Alors que la quasi-totalit\u00e9 des incendies a \u00e9t\u00e9 ma\u00eetris\u00e9e, l\u2019heure est \u00e0 la prise en charge des sinistr\u00e9s, \u00e0 l\u2019\u00e9valuation\" \/>\n<meta property=\"og:url\" content=\"https:\/\/lasentinelle.dz\/index.php\/2023\/07\/26\/dimportants-moyens-mobilises-pour-prendre-en-charge-les-sinistres-place-aux-indemnisations\/\" \/>\n<meta property=\"og:site_name\" content=\"La Sentinelle\" \/>\n<meta property=\"article:publisher\" content=\"https:\/\/www.facebook.com\/La-Sentinelle-104059864394773\" \/>\n<meta property=\"article:published_time\" content=\"2023-07-25T23:50:11+00:00\" \/>\n<meta property=\"article:modified_time\" content=\"2023-07-25T23:50:26+00:00\" \/>\n<meta property=\"og:image\" content=\"https:\/\/lasentinelle.dz\/wp-content\/uploads\/2022\/09\/ibrahim-merad.png\" \/>\n\t<meta property=\"og:image:width\" content=\"1352\" \/>\n\t<meta property=\"og:image:height\" content=\"900\" \/>\n\t<meta property=\"og:image:type\" content=\"image\/png\" \/>\n<meta name=\"author\" content=\"La Sentinelle\" \/>\n<meta name=\"twitter:card\" content=\"summary_large_image\" \/>\n<meta name=\"twitter:label1\" content=\"\u00c9crit par\" \/>\n\t<meta name=\"twitter:data1\" content=\"La Sentinelle\" \/>\n\t<meta name=\"twitter:label2\" content=\"Dur\u00e9e de lecture estim\u00e9e\" \/>\n\t<meta name=\"twitter:data2\" content=\"3 minutes\" \/>\n<script type=\"application\/ld+json\" class=\"yoast-schema-graph\">{\"@context\":\"https:\\\/\\\/schema.org\",\"@graph\":[{\"@type\":\"Article\",\"@id\":\"https:\\\/\\\/lasentinelle.dz\\\/index.php\\\/2023\\\/07\\\/26\\\/dimportants-moyens-mobilises-pour-prendre-en-charge-les-sinistres-place-aux-indemnisations\\\/#article\",\"isPartOf\":{\"@id\":\"https:\\\/\\\/lasentinelle.dz\\\/index.php\\\/2023\\\/07\\\/26\\\/dimportants-moyens-mobilises-pour-prendre-en-charge-les-sinistres-place-aux-indemnisations\\\/\"},\"author\":{\"name\":\"La Sentinelle\",\"@id\":\"https:\\\/\\\/lasentinelle.dz\\\/#\\\/schema\\\/person\\\/d865044e22e70a75174ce8bcad3acfb3\"},\"headline\":\"D\u2019importants moyens mobilis\u00e9s pour prendre en charge les sinistr\u00e9s&nbsp;: Place aux indemnisations\",\"datePublished\":\"2023-07-25T23:50:11+00:00\",\"dateModified\":\"2023-07-25T23:50:26+00:00\",\"mainEntityOfPage\":{\"@id\":\"https:\\\/\\\/lasentinelle.dz\\\/index.php\\\/2023\\\/07\\\/26\\\/dimportants-moyens-mobilises-pour-prendre-en-charge-les-sinistres-place-aux-indemnisations\\\/\"},\"wordCount\":699,\"commentCount\":0,\"publisher\":{\"@id\":\"https:\\\/\\\/lasentinelle.dz\\\/#organization\"},\"image\":{\"@id\":\"https:\\\/\\\/lasentinelle.dz\\\/index.php\\\/2023\\\/07\\\/26\\\/dimportants-moyens-mobilises-pour-prendre-en-charge-les-sinistres-place-aux-indemnisations\\\/#primaryimage\"},\"thumbnailUrl\":\"https:\\\/\\\/lasentinelle.dz\\\/wp-content\\\/uploads\\\/2022\\\/09\\\/ibrahim-merad.png\",\"articleSection\":[\"Actualit\u00e9\"],\"inLanguage\":\"fr-FR\",\"potentialAction\":[{\"@type\":\"CommentAction\",\"name\":\"Comment\",\"target\":[\"https:\\\/\\\/lasentinelle.dz\\\/index.php\\\/2023\\\/07\\\/26\\\/dimportants-moyens-mobilises-pour-prendre-en-charge-les-sinistres-place-aux-indemnisations\\\/#respond\"]}]},{\"@type\":\"WebPage\",\"@id\":\"https:\\\/\\\/lasentinelle.dz\\\/index.php\\\/2023\\\/07\\\/26\\\/dimportants-moyens-mobilises-pour-prendre-en-charge-les-sinistres-place-aux-indemnisations\\\/\",\"url\":\"https:\\\/\\\/lasentinelle.dz\\\/index.php\\\/2023\\\/07\\\/26\\\/dimportants-moyens-mobilises-pour-prendre-en-charge-les-sinistres-place-aux-indemnisations\\\/\",\"name\":\"D\u2019importants moyens mobilis\u00e9s pour prendre en charge les sinistr\u00e9s&nbsp;: Place aux indemnisations - La Sentinelle\",\"isPartOf\":{\"@id\":\"https:\\\/\\\/lasentinelle.dz\\\/#website\"},\"primaryImageOfPage\":{\"@id\":\"https:\\\/\\\/lasentinelle.dz\\\/index.php\\\/2023\\\/07\\\/26\\\/dimportants-moyens-mobilises-pour-prendre-en-charge-les-sinistres-place-aux-indemnisations\\\/#primaryimage\"},\"image\":{\"@id\":\"https:\\\/\\\/lasentinelle.dz\\\/index.php\\\/2023\\\/07\\\/26\\\/dimportants-moyens-mobilises-pour-prendre-en-charge-les-sinistres-place-aux-indemnisations\\\/#primaryimage\"},\"thumbnailUrl\":\"https:\\\/\\\/lasentinelle.dz\\\/wp-content\\\/uploads\\\/2022\\\/09\\\/ibrahim-merad.png\",\"datePublished\":\"2023-07-25T23:50:11+00:00\",\"dateModified\":\"2023-07-25T23:50:26+00:00\",\"breadcrumb\":{\"@id\":\"https:\\\/\\\/lasentinelle.dz\\\/index.php\\\/2023\\\/07\\\/26\\\/dimportants-moyens-mobilises-pour-prendre-en-charge-les-sinistres-place-aux-indemnisations\\\/#breadcrumb\"},\"inLanguage\":\"fr-FR\",\"potentialAction\":[{\"@type\":\"ReadAction\",\"target\":[\"https:\\\/\\\/lasentinelle.dz\\\/index.php\\\/2023\\\/07\\\/26\\\/dimportants-moyens-mobilises-pour-prendre-en-charge-les-sinistres-place-aux-indemnisations\\\/\"]}]},{\"@type\":\"ImageObject\",\"inLanguage\":\"fr-FR\",\"@id\":\"https:\\\/\\\/lasentinelle.dz\\\/index.php\\\/2023\\\/07\\\/26\\\/dimportants-moyens-mobilises-pour-prendre-en-charge-les-sinistres-place-aux-indemnisations\\\/#primaryimage\",\"url\":\"https:\\\/\\\/lasentinelle.dz\\\/wp-content\\\/uploads\\\/2022\\\/09\\\/ibrahim-merad.png\",\"contentUrl\":\"https:\\\/\\\/lasentinelle.dz\\\/wp-content\\\/uploads\\\/2022\\\/09\\\/ibrahim-merad.png\",\"width\":1352,\"height\":900},{\"@type\":\"BreadcrumbList\",\"@id\":\"https:\\\/\\\/lasentinelle.dz\\\/index.php\\\/2023\\\/07\\\/26\\\/dimportants-moyens-mobilises-pour-prendre-en-charge-les-sinistres-place-aux-indemnisations\\\/#breadcrumb\",\"itemListElement\":[{\"@type\":\"ListItem\",\"position\":1,\"name\":\"Accueil\",\"item\":\"https:\\\/\\\/lasentinelle.dz\\\/\"},{\"@type\":\"ListItem\",\"position\":2,\"name\":\"D\u2019importants moyens mobilis\u00e9s pour prendre en charge les sinistr\u00e9s&nbsp;: Place aux indemnisations\"}]},{\"@type\":\"WebSite\",\"@id\":\"https:\\\/\\\/lasentinelle.dz\\\/#website\",\"url\":\"https:\\\/\\\/lasentinelle.dz\\\/\",\"name\":\"La Sentinelle\",\"description\":\"Quotidien national d&#039;information\",\"publisher\":{\"@id\":\"https:\\\/\\\/lasentinelle.dz\\\/#organization\"},\"potentialAction\":[{\"@type\":\"SearchAction\",\"target\":{\"@type\":\"EntryPoint\",\"urlTemplate\":\"https:\\\/\\\/lasentinelle.dz\\\/?s={search_term_string}\"},\"query-input\":{\"@type\":\"PropertyValueSpecification\",\"valueRequired\":true,\"valueName\":\"search_term_string\"}}],\"inLanguage\":\"fr-FR\"},{\"@type\":\"Organization\",\"@id\":\"https:\\\/\\\/lasentinelle.dz\\\/#organization\",\"name\":\"Quotidien La Sentinelle\",\"url\":\"https:\\\/\\\/lasentinelle.dz\\\/\",\"logo\":{\"@type\":\"ImageObject\",\"inLanguage\":\"fr-FR\",\"@id\":\"https:\\\/\\\/lasentinelle.dz\\\/#\\\/schema\\\/logo\\\/image\\\/\",\"url\":\"https:\\\/\\\/lasentinelle.dz\\\/wp-content\\\/uploads\\\/2021\\\/09\\\/logo-sentinelleSLOGAN-1.png\",\"contentUrl\":\"https:\\\/\\\/lasentinelle.dz\\\/wp-content\\\/uploads\\\/2021\\\/09\\\/logo-sentinelleSLOGAN-1.png\",\"width\":615,\"height\":142,\"caption\":\"Quotidien La Sentinelle\"},\"image\":{\"@id\":\"https:\\\/\\\/lasentinelle.dz\\\/#\\\/schema\\\/logo\\\/image\\\/\"},\"sameAs\":[\"https:\\\/\\\/www.facebook.com\\\/La-Sentinelle-104059864394773\"]},{\"@type\":\"Person\",\"@id\":\"https:\\\/\\\/lasentinelle.dz\\\/#\\\/schema\\\/person\\\/d865044e22e70a75174ce8bcad3acfb3\",\"name\":\"La Sentinelle\",\"image\":{\"@type\":\"ImageObject\",\"inLanguage\":\"fr-FR\",\"@id\":\"https:\\\/\\\/secure.gravatar.com\\\/avatar\\\/57de8e5d4b15d43fb361a71fbb36338450fe67865b528a43dd10ef7c51a20392?s=96&d=mm&r=g\",\"url\":\"https:\\\/\\\/secure.gravatar.com\\\/avatar\\\/57de8e5d4b15d43fb361a71fbb36338450fe67865b528a43dd10ef7c51a20392?s=96&d=mm&r=g\",\"contentUrl\":\"https:\\\/\\\/secure.gravatar.com\\\/avatar\\\/57de8e5d4b15d43fb361a71fbb36338450fe67865b528a43dd10ef7c51a20392?s=96&d=mm&r=g\",\"caption\":\"La Sentinelle\"},\"sameAs\":[\"http:\\\/\\\/www.lasentinelle.dz\"],\"url\":\"https:\\\/\\\/lasentinelle.dz\\\/author\\\/redaction\\\/\"}]}<\/script>\n<!-- \/ Yoast SEO plugin. -->","yoast_head_json":{"title":"D\u2019importants moyens mobilis\u00e9s pour prendre en charge les sinistr\u00e9s&nbsp;: Place aux indemnisations - La Sentinelle","robots":{"index":"index","follow":"follow","max-snippet":"max-snippet:-1","max-image-preview":"max-image-preview:large","max-video-preview":"max-video-preview:-1"},"canonical":"https:\/\/lasentinelle.dz\/index.php\/2023\/07\/26\/dimportants-moyens-mobilises-pour-prendre-en-charge-les-sinistres-place-aux-indemnisations\/","og_locale":"fr_FR","og_type":"article","og_title":"D\u2019importants moyens mobilis\u00e9s pour prendre en charge les sinistr\u00e9s&nbsp;: Place aux indemnisations - La Sentinelle","og_description":"Alors que la quasi-totalit\u00e9 des incendies a \u00e9t\u00e9 ma\u00eetris\u00e9e, l\u2019heure est \u00e0 la prise en charge des sinistr\u00e9s, \u00e0 l\u2019\u00e9valuation","og_url":"https:\/\/lasentinelle.dz\/index.php\/2023\/07\/26\/dimportants-moyens-mobilises-pour-prendre-en-charge-les-sinistres-place-aux-indemnisations\/","og_site_name":"La Sentinelle","article_publisher":"https:\/\/www.facebook.com\/La-Sentinelle-104059864394773","article_published_time":"2023-07-25T23:50:11+00:00","article_modified_time":"2023-07-25T23:50:26+00:00","og_image":[{"width":1352,"height":900,"url":"https:\/\/lasentinelle.dz\/wp-content\/uploads\/2022\/09\/ibrahim-merad.png","type":"image\/png"}],"author":"La Sentinelle","twitter_card":"summary_large_image","twitter_misc":{"\u00c9crit par":"La Sentinelle","Dur\u00e9e de lecture estim\u00e9e":"3 minutes"},"schema":{"@context":"https:\/\/schema.org","@graph":[{"@type":"Article","@id":"https:\/\/lasentinelle.dz\/index.php\/2023\/07\/26\/dimportants-moyens-mobilises-pour-prendre-en-charge-les-sinistres-place-aux-indemnisations\/#article","isPartOf":{"@id":"https:\/\/lasentinelle.dz\/index.php\/2023\/07\/26\/dimportants-moyens-mobilises-pour-prendre-en-charge-les-sinistres-place-aux-indemnisations\/"},"author":{"name":"La Sentinelle","@id":"https:\/\/lasentinelle.dz\/#\/schema\/person\/d865044e22e70a75174ce8bcad3acfb3"},"headline":"D\u2019importants moyens mobilis\u00e9s pour prendre en charge les sinistr\u00e9s&nbsp;: Place aux indemnisations","datePublished":"2023-07-25T23:50:11+00:00","dateModified":"2023-07-25T23:50:26+00:00","mainEntityOfPage":{"@id":"https:\/\/lasentinelle.dz\/index.php\/2023\/07\/26\/dimportants-moyens-mobilises-pour-prendre-en-charge-les-sinistres-place-aux-indemnisations\/"},"wordCount":699,"commentCount":0,"publisher":{"@id":"https:\/\/lasentinelle.dz\/#organization"},"image":{"@id":"https:\/\/lasentinelle.dz\/index.php\/2023\/07\/26\/dimportants-moyens-mobilises-pour-prendre-en-charge-les-sinistres-place-aux-indemnisations\/#primaryimage"},"thumbnailUrl":"https:\/\/lasentinelle.dz\/wp-content\/uploads\/2022\/09\/ibrahim-merad.png","articleSection":["Actualit\u00e9"],"inLanguage":"fr-FR","potentialAction":[{"@type":"CommentAction","name":"Comment","target":["https:\/\/lasentinelle.dz\/index.php\/2023\/07\/26\/dimportants-moyens-mobilises-pour-prendre-en-charge-les-sinistres-place-aux-indemnisations\/#respond"]}]},{"@type":"WebPage","@id":"https:\/\/lasentinelle.dz\/index.php\/2023\/07\/26\/dimportants-moyens-mobilises-pour-prendre-en-charge-les-sinistres-place-aux-indemnisations\/","url":"https:\/\/lasentinelle.dz\/index.php\/2023\/07\/26\/dimportants-moyens-mobilises-pour-prendre-en-charge-les-sinistres-place-aux-indemnisations\/","name":"D\u2019importants moyens mobilis\u00e9s pour prendre en charge les sinistr\u00e9s&nbsp;: Place aux indemnisations - La Sentinelle","isPartOf":{"@id":"https:\/\/lasentinelle.dz\/#website"},"primaryImageOfPage":{"@id":"https:\/\/lasentinelle.dz\/index.php\/2023\/07\/26\/dimportants-moyens-mobilises-pour-prendre-en-charge-les-sinistres-place-aux-indemnisations\/#primaryimage"},"image":{"@id":"https:\/\/lasentinelle.dz\/index.php\/2023\/07\/26\/dimportants-moyens-mobilises-pour-prendre-en-charge-les-sinistres-place-aux-indemnisations\/#primaryimage"},"thumbnailUrl":"https:\/\/lasentinelle.dz\/wp-content\/uploads\/2022\/09\/ibrahim-merad.png","datePublished":"2023-07-25T23:50:11+00:00","dateModified":"2023-07-25T23:50:26+00:00","breadcrumb":{"@id":"https:\/\/lasentinelle.dz\/index.php\/2023\/07\/26\/dimportants-moyens-mobilises-pour-prendre-en-charge-les-sinistres-place-aux-indemnisations\/#breadcrumb"},"inLanguage":"fr-FR","potentialAction":[{"@type":"ReadAction","target":["https:\/\/lasentinelle.dz\/index.php\/2023\/07\/26\/dimportants-moyens-mobilises-pour-prendre-en-charge-les-sinistres-place-aux-indemnisations\/"]}]},{"@type":"ImageObject","inLanguage":"fr-FR","@id":"https:\/\/lasentinelle.dz\/index.php\/2023\/07\/26\/dimportants-moyens-mobilises-pour-prendre-en-charge-les-sinistres-place-aux-indemnisations\/#primaryimage","url":"https:\/\/lasentinelle.dz\/wp-content\/uploads\/2022\/09\/ibrahim-merad.png","contentUrl":"https:\/\/lasentinelle.dz\/wp-content\/uploads\/2022\/09\/ibrahim-merad.png","width":1352,"height":900},{"@type":"BreadcrumbList","@id":"https:\/\/lasentinelle.dz\/index.php\/2023\/07\/26\/dimportants-moyens-mobilises-pour-prendre-en-charge-les-sinistres-place-aux-indemnisations\/#breadcrumb","itemListElement":[{"@type":"ListItem","position":1,"name":"Accueil","item":"https:\/\/lasentinelle.dz\/"},{"@type":"ListItem","position":2,"name":"D\u2019importants moyens mobilis\u00e9s pour prendre en charge les sinistr\u00e9s&nbsp;: Place aux indemnisations"}]},{"@type":"WebSite","@id":"https:\/\/lasentinelle.dz\/#website","url":"https:\/\/lasentinelle.dz\/","name":"La Sentinelle","description":"Quotidien national d&#039;information","publisher":{"@id":"https:\/\/lasentinelle.dz\/#organization"},"potentialAction":[{"@type":"SearchAction","target":{"@type":"EntryPoint","urlTemplate":"https:\/\/lasentinelle.dz\/?s={search_term_string}"},"query-input":{"@type":"PropertyValueSpecification","valueRequired":true,"valueName":"search_term_string"}}],"inLanguage":"fr-FR"},{"@type":"Organization","@id":"https:\/\/lasentinelle.dz\/#organization","name":"Quotidien La Sentinelle","url":"https:\/\/lasentinelle.dz\/","logo":{"@type":"ImageObject","inLanguage":"fr-FR","@id":"https:\/\/lasentinelle.dz\/#\/schema\/logo\/image\/","url":"https:\/\/lasentinelle.dz\/wp-content\/uploads\/2021\/09\/logo-sentinelleSLOGAN-1.png","contentUrl":"https:\/\/lasentinelle.dz\/wp-content\/uploads\/2021\/09\/logo-sentinelleSLOGAN-1.png","width":615,"height":142,"caption":"Quotidien La Sentinelle"},"image":{"@id":"https:\/\/lasentinelle.dz\/#\/schema\/logo\/image\/"},"sameAs":["https:\/\/www.facebook.com\/La-Sentinelle-104059864394773"]},{"@type":"Person","@id":"https:\/\/lasentinelle.dz\/#\/schema\/person\/d865044e22e70a75174ce8bcad3acfb3","name":"La Sentinelle","image":{"@type":"ImageObject","inLanguage":"fr-FR","@id":"https:\/\/secure.gravatar.com\/avatar\/57de8e5d4b15d43fb361a71fbb36338450fe67865b528a43dd10ef7c51a20392?s=96&d=mm&r=g","url":"https:\/\/secure.gravatar.com\/avatar\/57de8e5d4b15d43fb361a71fbb36338450fe67865b528a43dd10ef7c51a20392?s=96&d=mm&r=g","contentUrl":"https:\/\/secure.gravatar.com\/avatar\/57de8e5d4b15d43fb361a71fbb36338450fe67865b528a43dd10ef7c51a20392?s=96&d=mm&r=g","caption":"La Sentinelle"},"sameAs":["http:\/\/www.lasentinelle.dz"],"url":"https:\/\/lasentinelle.dz\/author\/redaction\/"}]}},"_links":{"self":[{"href":"https:\/\/lasentinelle.dz\/index.php\/wp-json\/wp\/v2\/posts\/44007","targetHints":{"allow":["GET"]}}],"collection":[{"href":"https:\/\/lasentinelle.dz\/index.php\/wp-json\/wp\/v2\/posts"}],"about":[{"href":"https:\/\/lasentinelle.dz\/index.php\/wp-json\/wp\/v2\/types\/post"}],"author":[{"embeddable":true,"href":"https:\/\/lasentinelle.dz\/index.php\/wp-json\/wp\/v2\/users\/3"}],"replies":[{"embeddable":true,"href":"https:\/\/lasentinelle.dz\/index.php\/wp-json\/wp\/v2\/comments?post=44007"}],"version-history":[{"count":1,"href":"https:\/\/lasentinelle.dz\/index.php\/wp-json\/wp\/v2\/posts\/44007\/revisions"}],"predecessor-version":[{"id":44008,"href":"https:\/\/lasentinelle.dz\/index.php\/wp-json\/wp\/v2\/posts\/44007\/revisions\/44008"}],"wp:featuredmedia":[{"embeddable":true,"href":"https:\/\/lasentinelle.dz\/index.php\/wp-json\/wp\/v2\/media\/27634"}],"wp:attachment":[{"href":"https:\/\/lasentinelle.dz\/index.php\/wp-json\/wp\/v2\/media?parent=44007"}],"wp:term":[{"taxonomy":"category","embeddable":true,"href":"https:\/\/lasentinelle.dz\/index.php\/wp-json\/wp\/v2\/categories?post=44007"},{"taxonomy":"post_tag","embeddable":true,"href":"https:\/\/lasentinelle.dz\/index.php\/wp-json\/wp\/v2\/tags?post=44007"}],"curies":[{"name":"wp","href":"https:\/\/api.w.org\/{rel}","templated":true}]}}