{"id":44028,"date":"2023-07-26T22:00:39","date_gmt":"2023-07-26T21:00:39","guid":{"rendered":"https:\/\/lasentinelle.dz\/?p=44028"},"modified":"2023-07-26T22:00:44","modified_gmt":"2023-07-26T21:00:44","slug":"le-sommet-russie-afrique-souvre-aujourdhui-a-saint-petersbourg-lafrique-au-coeur-denjeux-strategiques","status":"publish","type":"post","link":"https:\/\/lasentinelle.dz\/index.php\/2023\/07\/26\/le-sommet-russie-afrique-souvre-aujourdhui-a-saint-petersbourg-lafrique-au-coeur-denjeux-strategiques\/","title":{"rendered":"Le sommet Russie-Afrique s\u2019ouvre aujourd\u2019hui \u00e0 Saint P\u00e9tersbourg&nbsp;: L\u2019Afrique au c\u0153ur d\u2019enjeux strat\u00e9giques"},"content":{"rendered":"\n<p>L\u2019Afrique est au c\u0153ur d\u2019importants enjeux g\u00e9ostrat\u00e9giques et \u00e9conomiques pour les d\u00e9cennies \u00e0 venir. Le continent qui est appel\u00e9 \u00e0 devenir le principal relai de la croissance \u00e9conomique future, dispose d\u2019un important march\u00e9, mais surtout d\u2019un potentiel in\u00e9gal\u00e9 en mati\u00e8re de terres arables, de ressources \u00e9nerg\u00e9tiques, et de min\u00e9raux critiques et terres rares. Un potentiel qui est loin de d\u00e9sint\u00e9resser les grandes puissances qui ambitionnent de se red\u00e9ployer en Afrique, dans un contexte marqu\u00e9 des tensions g\u00e9opolitiques grandissantes. Que ce soit les USA, la Chine ou la Russie, la consolidation du partenariat avec l\u2019Afrique est une priorit\u00e9. C\u2019est dans ce contexte que s\u2019ouvre aujourd\u2019hui \u00e0 Saint-P\u00e9tersbourg, le Sommet Russie Afrique. Un \u00e9v\u00e9nement qui intervient quelques mois apr\u00e8s la tenue au mois de d\u00e9cembre dernier du Sommet USA-Afrique. Un sommet que le pr\u00e9sident russe Vladimir Poutine entend mettre \u00e0 profit pour consolider des assises sur le continent. Pour ce faire, il mise sur un discours qui promeut la coop\u00e9ration entre des partenaires \u00e9gaux pour s\u00e9duire le continent. C\u2019est ainsi qu\u2019il a publi\u00e9 hier un message \u00e0 la veille de l\u2019ouverture du sommet, dans lequel il a estim\u00e9 que \u00ab&nbsp;l\u2019Afrique devient l\u2019un des p\u00f4les d\u2019un monde multipolaire \u00e9mergent \u00bb. Poutine \u00e9galement a d\u00e9clar\u00e9 que Moscou soutenait les aspirations des \u00c9tats africains \u00e0 la stabilit\u00e9 socio-\u00e9conomique et au progr\u00e8s. \u00ab Nous avons l\u2019intention de continuer \u00e0 d\u00e9velopper l\u2019interaction avec l\u2019Afrique, en stimulant le commerce et les investissements, en approfondissant la coop\u00e9ration, en travaillant ensemble sur des probl\u00e8mes tr\u00e8s urgents tels que la lutte contre la pauvret\u00e9, la formation du personnel moderne, la s\u00e9curit\u00e9 alimentaire et le changement climatique \u00bb. Poutine a point\u00e9 que la Russie continuerait d\u2019aider pleinement les partenaires africains \u00e0 renforcer la souverainet\u00e9 nationale et culturelle, \u00e0 participer plus activement au r\u00e8glement des probl\u00e8mes r\u00e9gionaux et mondiaux. Il faut dire que les travaux de ce sommet vont se pencher sur plusieurs dossiers, notamment la lutte contre le terrorisme, la pr\u00e9vention d&rsquo;une course aux armements dans l&rsquo;espace, la s\u00e9curit\u00e9 de l&rsquo;information et d\u2019autres domaines. Un plan d&rsquo;action triennal devrait \u00e9galement \u00eatre adopt\u00e9. Selon l\u2019agence de presse russe Sputnik, les travaux devraient aboutir \u00e0 la signature de d\u00e9clarations sur le \u00ab\u00a0renforcement de la coop\u00e9ration entre la Russie et les \u00c9tats africains dans les domaines de la politique, de la s\u00e9curit\u00e9, du commerce, de la science, de l&rsquo;informatique, de l&rsquo;aide humanitaire, de l&rsquo;\u00e9ducation, de la culture, des sports, de la jeunesse et de l&rsquo;environnement\u00a0\u00bb.<\/p>\n\n\n\n<p>\u00ab\u00a0Les d\u00e9clarations visent \u00e9galement \u00e0 renforcer la coop\u00e9ration dans la lutte contre le terrorisme, la pr\u00e9vention d&rsquo;une course aux armements dans l&rsquo;espace et la s\u00e9curit\u00e9 de l&rsquo;information\u00a0\u00bb, ajoute-on. Le programme du sommet, d\u00e9voil\u00e9 par les organisateurs, comprend plusieurs conf\u00e9rences. Il abordera l\u2019industrie nucl\u00e9aire, les technologies spatiales, l\u2019intelligence artificielle, la s\u00e9curit\u00e9 internationale, la cr\u00e9ation de nouvelles routes logistiques, la souverainet\u00e9 alimentaire et la stabilit\u00e9 du march\u00e9 des engrais. Dans ce contexte des discussions seront men\u00e9es autour de la cr\u00e9ation de hubs logistiques pour l\u2019approvisionnement du continent en c\u00e9r\u00e9ales et en engrais russes. Le pr\u00e9sident russe a \u00e9galement affich\u00e9 cette semaine l\u2019ambition de renforcer les \u00e9changes commerciaux avec la Russie. Il a dans ce sens appel\u00e9 \u00e0 rechercher \u00ab\u00a0des solutions relatives \u00e0 l&rsquo;\u00e9tablissement de nouvelles cha\u00eenes d&rsquo;approvisionnement, la formation d&rsquo;un syst\u00e8me mon\u00e9taire et financier et des m\u00e9canismes de r\u00e8glement fiables et libres d&rsquo;influences externes ind\u00e9sirables.<\/p>\n\n\n\n<p>Il s\u2019agit \u00e9galement de renforcer la coop\u00e9ration dans des domaines strat\u00e9giques, notamment le nucl\u00e9aire, l\u2019\u00e9nergie et l\u2019exploitation mini\u00e8re.<\/p>\n\n\n\n<p><strong>Hocine Fadheli<\/strong><\/p>\n\n\n\n<p><\/p>\n\n\n\n<p><\/p>\n\n\n\n<p><\/p>\n\n\n\n<p><strong>Benabderrahamne au Sommet de Saint-P\u00e9tersbourg<\/strong><\/p>\n\n\n\n<p>Le Premier ministre A\u00efm\u00e8ne Benabderrahmane prend part, en tant que repr\u00e9sentant du pr\u00e9sident de la R\u00e9publique, aux travaux du forum \u00e9conomique humanitaire Russie-Afrique, qui s\u2019ouvre aujourd\u2019hui \u00e0 Saint-P\u00e9tersbourg.<\/p>\n\n\n\n<p>Pour rappel, pas de 49 pays membres de l\u2019Union africaine ont confirm\u00e9 leur participation \u00e0 ce sommet.<\/p>\n\n\n\n<p>R.N.<\/p>\n","protected":false},"excerpt":{"rendered":"<p>L\u2019Afrique est au c\u0153ur d\u2019importants enjeux g\u00e9ostrat\u00e9giques et \u00e9conomiques pour les d\u00e9cennies \u00e0 venir. Le continent qui est appel\u00e9 \u00e0<\/p>\n","protected":false},"author":3,"featured_media":34166,"comment_status":"open","ping_status":"closed","sticky":false,"template":"","format":"standard","meta":{"colormag_page_container_layout":"default_layout","colormag_page_sidebar_layout":"default_layout","om_disable_all_campaigns":false,"_monsterinsights_skip_tracking":false,"_monsterinsights_sitenote_active":false,"_monsterinsights_sitenote_note":"","_monsterinsights_sitenote_category":0,"footnotes":"","_wpscppro_dont_share_socialmedia":false,"_wpscppro_custom_social_share_image":0,"_facebook_share_type":"","_twitter_share_type":"","_linkedin_share_type":"","_pinterest_share_type":"","_linkedin_share_type_page":"","_instagram_share_type":"","_medium_share_type":"","_threads_share_type":"","_google_business_share_type":"","_selected_social_profile":[],"_wpsp_enable_custom_social_template":false,"_wpsp_social_scheduling":{"enabled":false,"datetime":null,"platforms":[],"status":"template_only","dateOption":"today","timeOption":"now","customDays":"","customHours":"","customDate":"","customTime":"","schedulingType":"absolute"},"_wpsp_active_default_template":true},"categories":[52,27],"tags":[],"class_list":["post-44028","post","type-post","status-publish","format-standard","has-post-thumbnail","hentry","category-a-la-une","category-actualite"],"aioseo_notices":[],"yoast_head":"<!-- This site is optimized with the Yoast SEO plugin v27.5 - https:\/\/yoast.com\/product\/yoast-seo-wordpress\/ -->\n<title>Le sommet Russie-Afrique s\u2019ouvre aujourd\u2019hui \u00e0 Saint P\u00e9tersbourg&nbsp;: L\u2019Afrique au c\u0153ur d\u2019enjeux strat\u00e9giques - La Sentinelle<\/title>\n<meta name=\"robots\" content=\"index, follow, max-snippet:-1, max-image-preview:large, max-video-preview:-1\" \/>\n<link rel=\"canonical\" href=\"https:\/\/lasentinelle.dz\/index.php\/2023\/07\/26\/le-sommet-russie-afrique-souvre-aujourdhui-a-saint-petersbourg-lafrique-au-coeur-denjeux-strategiques\/\" \/>\n<meta property=\"og:locale\" content=\"fr_FR\" \/>\n<meta property=\"og:type\" content=\"article\" \/>\n<meta property=\"og:title\" content=\"Le sommet Russie-Afrique s\u2019ouvre aujourd\u2019hui \u00e0 Saint P\u00e9tersbourg&nbsp;: L\u2019Afrique au c\u0153ur d\u2019enjeux strat\u00e9giques - La Sentinelle\" \/>\n<meta property=\"og:description\" content=\"L\u2019Afrique est au c\u0153ur d\u2019importants enjeux g\u00e9ostrat\u00e9giques et \u00e9conomiques pour les d\u00e9cennies \u00e0 venir. Le continent qui est appel\u00e9 \u00e0\" \/>\n<meta property=\"og:url\" content=\"https:\/\/lasentinelle.dz\/index.php\/2023\/07\/26\/le-sommet-russie-afrique-souvre-aujourdhui-a-saint-petersbourg-lafrique-au-coeur-denjeux-strategiques\/\" \/>\n<meta property=\"og:site_name\" content=\"La Sentinelle\" \/>\n<meta property=\"article:publisher\" content=\"https:\/\/www.facebook.com\/La-Sentinelle-104059864394773\" \/>\n<meta property=\"article:published_time\" content=\"2023-07-26T21:00:39+00:00\" \/>\n<meta property=\"article:modified_time\" content=\"2023-07-26T21:00:44+00:00\" \/>\n<meta property=\"og:image\" content=\"https:\/\/lasentinelle.dz\/wp-content\/uploads\/2023\/01\/Poutine.jpeg\" \/>\n\t<meta property=\"og:image:width\" content=\"1600\" \/>\n\t<meta property=\"og:image:height\" content=\"900\" \/>\n\t<meta property=\"og:image:type\" content=\"image\/jpeg\" \/>\n<meta name=\"author\" content=\"La Sentinelle\" \/>\n<meta name=\"twitter:card\" content=\"summary_large_image\" \/>\n<meta name=\"twitter:label1\" content=\"\u00c9crit par\" \/>\n\t<meta name=\"twitter:data1\" content=\"La Sentinelle\" \/>\n\t<meta name=\"twitter:label2\" content=\"Dur\u00e9e de lecture estim\u00e9e\" \/>\n\t<meta name=\"twitter:data2\" content=\"4 minutes\" \/>\n<script type=\"application\/ld+json\" class=\"yoast-schema-graph\">{\"@context\":\"https:\\\/\\\/schema.org\",\"@graph\":[{\"@type\":\"Article\",\"@id\":\"https:\\\/\\\/lasentinelle.dz\\\/index.php\\\/2023\\\/07\\\/26\\\/le-sommet-russie-afrique-souvre-aujourdhui-a-saint-petersbourg-lafrique-au-coeur-denjeux-strategiques\\\/#article\",\"isPartOf\":{\"@id\":\"https:\\\/\\\/lasentinelle.dz\\\/index.php\\\/2023\\\/07\\\/26\\\/le-sommet-russie-afrique-souvre-aujourdhui-a-saint-petersbourg-lafrique-au-coeur-denjeux-strategiques\\\/\"},\"author\":{\"name\":\"La Sentinelle\",\"@id\":\"https:\\\/\\\/lasentinelle.dz\\\/#\\\/schema\\\/person\\\/d865044e22e70a75174ce8bcad3acfb3\"},\"headline\":\"Le sommet Russie-Afrique s\u2019ouvre aujourd\u2019hui \u00e0 Saint P\u00e9tersbourg&nbsp;: L\u2019Afrique au c\u0153ur d\u2019enjeux strat\u00e9giques\",\"datePublished\":\"2023-07-26T21:00:39+00:00\",\"dateModified\":\"2023-07-26T21:00:44+00:00\",\"mainEntityOfPage\":{\"@id\":\"https:\\\/\\\/lasentinelle.dz\\\/index.php\\\/2023\\\/07\\\/26\\\/le-sommet-russie-afrique-souvre-aujourdhui-a-saint-petersbourg-lafrique-au-coeur-denjeux-strategiques\\\/\"},\"wordCount\":729,\"commentCount\":0,\"publisher\":{\"@id\":\"https:\\\/\\\/lasentinelle.dz\\\/#organization\"},\"image\":{\"@id\":\"https:\\\/\\\/lasentinelle.dz\\\/index.php\\\/2023\\\/07\\\/26\\\/le-sommet-russie-afrique-souvre-aujourdhui-a-saint-petersbourg-lafrique-au-coeur-denjeux-strategiques\\\/#primaryimage\"},\"thumbnailUrl\":\"https:\\\/\\\/lasentinelle.dz\\\/wp-content\\\/uploads\\\/2023\\\/01\\\/Poutine.jpeg\",\"articleSection\":[\"\u00c0 la Une\",\"Actualit\u00e9\"],\"inLanguage\":\"fr-FR\",\"potentialAction\":[{\"@type\":\"CommentAction\",\"name\":\"Comment\",\"target\":[\"https:\\\/\\\/lasentinelle.dz\\\/index.php\\\/2023\\\/07\\\/26\\\/le-sommet-russie-afrique-souvre-aujourdhui-a-saint-petersbourg-lafrique-au-coeur-denjeux-strategiques\\\/#respond\"]}]},{\"@type\":\"WebPage\",\"@id\":\"https:\\\/\\\/lasentinelle.dz\\\/index.php\\\/2023\\\/07\\\/26\\\/le-sommet-russie-afrique-souvre-aujourdhui-a-saint-petersbourg-lafrique-au-coeur-denjeux-strategiques\\\/\",\"url\":\"https:\\\/\\\/lasentinelle.dz\\\/index.php\\\/2023\\\/07\\\/26\\\/le-sommet-russie-afrique-souvre-aujourdhui-a-saint-petersbourg-lafrique-au-coeur-denjeux-strategiques\\\/\",\"name\":\"Le sommet Russie-Afrique s\u2019ouvre aujourd\u2019hui \u00e0 Saint P\u00e9tersbourg&nbsp;: L\u2019Afrique au c\u0153ur d\u2019enjeux strat\u00e9giques - La Sentinelle\",\"isPartOf\":{\"@id\":\"https:\\\/\\\/lasentinelle.dz\\\/#website\"},\"primaryImageOfPage\":{\"@id\":\"https:\\\/\\\/lasentinelle.dz\\\/index.php\\\/2023\\\/07\\\/26\\\/le-sommet-russie-afrique-souvre-aujourdhui-a-saint-petersbourg-lafrique-au-coeur-denjeux-strategiques\\\/#primaryimage\"},\"image\":{\"@id\":\"https:\\\/\\\/lasentinelle.dz\\\/index.php\\\/2023\\\/07\\\/26\\\/le-sommet-russie-afrique-souvre-aujourdhui-a-saint-petersbourg-lafrique-au-coeur-denjeux-strategiques\\\/#primaryimage\"},\"thumbnailUrl\":\"https:\\\/\\\/lasentinelle.dz\\\/wp-content\\\/uploads\\\/2023\\\/01\\\/Poutine.jpeg\",\"datePublished\":\"2023-07-26T21:00:39+00:00\",\"dateModified\":\"2023-07-26T21:00:44+00:00\",\"breadcrumb\":{\"@id\":\"https:\\\/\\\/lasentinelle.dz\\\/index.php\\\/2023\\\/07\\\/26\\\/le-sommet-russie-afrique-souvre-aujourdhui-a-saint-petersbourg-lafrique-au-coeur-denjeux-strategiques\\\/#breadcrumb\"},\"inLanguage\":\"fr-FR\",\"potentialAction\":[{\"@type\":\"ReadAction\",\"target\":[\"https:\\\/\\\/lasentinelle.dz\\\/index.php\\\/2023\\\/07\\\/26\\\/le-sommet-russie-afrique-souvre-aujourdhui-a-saint-petersbourg-lafrique-au-coeur-denjeux-strategiques\\\/\"]}]},{\"@type\":\"ImageObject\",\"inLanguage\":\"fr-FR\",\"@id\":\"https:\\\/\\\/lasentinelle.dz\\\/index.php\\\/2023\\\/07\\\/26\\\/le-sommet-russie-afrique-souvre-aujourdhui-a-saint-petersbourg-lafrique-au-coeur-denjeux-strategiques\\\/#primaryimage\",\"url\":\"https:\\\/\\\/lasentinelle.dz\\\/wp-content\\\/uploads\\\/2023\\\/01\\\/Poutine.jpeg\",\"contentUrl\":\"https:\\\/\\\/lasentinelle.dz\\\/wp-content\\\/uploads\\\/2023\\\/01\\\/Poutine.jpeg\",\"width\":1600,\"height\":900},{\"@type\":\"BreadcrumbList\",\"@id\":\"https:\\\/\\\/lasentinelle.dz\\\/index.php\\\/2023\\\/07\\\/26\\\/le-sommet-russie-afrique-souvre-aujourdhui-a-saint-petersbourg-lafrique-au-coeur-denjeux-strategiques\\\/#breadcrumb\",\"itemListElement\":[{\"@type\":\"ListItem\",\"position\":1,\"name\":\"Accueil\",\"item\":\"https:\\\/\\\/lasentinelle.dz\\\/\"},{\"@type\":\"ListItem\",\"position\":2,\"name\":\"Le sommet Russie-Afrique s\u2019ouvre aujourd\u2019hui \u00e0 Saint P\u00e9tersbourg&nbsp;: L\u2019Afrique au c\u0153ur d\u2019enjeux strat\u00e9giques\"}]},{\"@type\":\"WebSite\",\"@id\":\"https:\\\/\\\/lasentinelle.dz\\\/#website\",\"url\":\"https:\\\/\\\/lasentinelle.dz\\\/\",\"name\":\"La Sentinelle\",\"description\":\"Quotidien national d&#039;information\",\"publisher\":{\"@id\":\"https:\\\/\\\/lasentinelle.dz\\\/#organization\"},\"potentialAction\":[{\"@type\":\"SearchAction\",\"target\":{\"@type\":\"EntryPoint\",\"urlTemplate\":\"https:\\\/\\\/lasentinelle.dz\\\/?s={search_term_string}\"},\"query-input\":{\"@type\":\"PropertyValueSpecification\",\"valueRequired\":true,\"valueName\":\"search_term_string\"}}],\"inLanguage\":\"fr-FR\"},{\"@type\":\"Organization\",\"@id\":\"https:\\\/\\\/lasentinelle.dz\\\/#organization\",\"name\":\"Quotidien La Sentinelle\",\"url\":\"https:\\\/\\\/lasentinelle.dz\\\/\",\"logo\":{\"@type\":\"ImageObject\",\"inLanguage\":\"fr-FR\",\"@id\":\"https:\\\/\\\/lasentinelle.dz\\\/#\\\/schema\\\/logo\\\/image\\\/\",\"url\":\"https:\\\/\\\/lasentinelle.dz\\\/wp-content\\\/uploads\\\/2021\\\/09\\\/logo-sentinelleSLOGAN-1.png\",\"contentUrl\":\"https:\\\/\\\/lasentinelle.dz\\\/wp-content\\\/uploads\\\/2021\\\/09\\\/logo-sentinelleSLOGAN-1.png\",\"width\":615,\"height\":142,\"caption\":\"Quotidien La Sentinelle\"},\"image\":{\"@id\":\"https:\\\/\\\/lasentinelle.dz\\\/#\\\/schema\\\/logo\\\/image\\\/\"},\"sameAs\":[\"https:\\\/\\\/www.facebook.com\\\/La-Sentinelle-104059864394773\"]},{\"@type\":\"Person\",\"@id\":\"https:\\\/\\\/lasentinelle.dz\\\/#\\\/schema\\\/person\\\/d865044e22e70a75174ce8bcad3acfb3\",\"name\":\"La Sentinelle\",\"image\":{\"@type\":\"ImageObject\",\"inLanguage\":\"fr-FR\",\"@id\":\"https:\\\/\\\/secure.gravatar.com\\\/avatar\\\/57de8e5d4b15d43fb361a71fbb36338450fe67865b528a43dd10ef7c51a20392?s=96&d=mm&r=g\",\"url\":\"https:\\\/\\\/secure.gravatar.com\\\/avatar\\\/57de8e5d4b15d43fb361a71fbb36338450fe67865b528a43dd10ef7c51a20392?s=96&d=mm&r=g\",\"contentUrl\":\"https:\\\/\\\/secure.gravatar.com\\\/avatar\\\/57de8e5d4b15d43fb361a71fbb36338450fe67865b528a43dd10ef7c51a20392?s=96&d=mm&r=g\",\"caption\":\"La Sentinelle\"},\"sameAs\":[\"http:\\\/\\\/www.lasentinelle.dz\"],\"url\":\"https:\\\/\\\/lasentinelle.dz\\\/author\\\/redaction\\\/\"}]}<\/script>\n<!-- \/ Yoast SEO plugin. -->","yoast_head_json":{"title":"Le sommet Russie-Afrique s\u2019ouvre aujourd\u2019hui \u00e0 Saint P\u00e9tersbourg&nbsp;: L\u2019Afrique au c\u0153ur d\u2019enjeux strat\u00e9giques - La Sentinelle","robots":{"index":"index","follow":"follow","max-snippet":"max-snippet:-1","max-image-preview":"max-image-preview:large","max-video-preview":"max-video-preview:-1"},"canonical":"https:\/\/lasentinelle.dz\/index.php\/2023\/07\/26\/le-sommet-russie-afrique-souvre-aujourdhui-a-saint-petersbourg-lafrique-au-coeur-denjeux-strategiques\/","og_locale":"fr_FR","og_type":"article","og_title":"Le sommet Russie-Afrique s\u2019ouvre aujourd\u2019hui \u00e0 Saint P\u00e9tersbourg&nbsp;: L\u2019Afrique au c\u0153ur d\u2019enjeux strat\u00e9giques - La Sentinelle","og_description":"L\u2019Afrique est au c\u0153ur d\u2019importants enjeux g\u00e9ostrat\u00e9giques et \u00e9conomiques pour les d\u00e9cennies \u00e0 venir. Le continent qui est appel\u00e9 \u00e0","og_url":"https:\/\/lasentinelle.dz\/index.php\/2023\/07\/26\/le-sommet-russie-afrique-souvre-aujourdhui-a-saint-petersbourg-lafrique-au-coeur-denjeux-strategiques\/","og_site_name":"La Sentinelle","article_publisher":"https:\/\/www.facebook.com\/La-Sentinelle-104059864394773","article_published_time":"2023-07-26T21:00:39+00:00","article_modified_time":"2023-07-26T21:00:44+00:00","og_image":[{"width":1600,"height":900,"url":"https:\/\/lasentinelle.dz\/wp-content\/uploads\/2023\/01\/Poutine.jpeg","type":"image\/jpeg"}],"author":"La Sentinelle","twitter_card":"summary_large_image","twitter_misc":{"\u00c9crit par":"La Sentinelle","Dur\u00e9e de lecture estim\u00e9e":"4 minutes"},"schema":{"@context":"https:\/\/schema.org","@graph":[{"@type":"Article","@id":"https:\/\/lasentinelle.dz\/index.php\/2023\/07\/26\/le-sommet-russie-afrique-souvre-aujourdhui-a-saint-petersbourg-lafrique-au-coeur-denjeux-strategiques\/#article","isPartOf":{"@id":"https:\/\/lasentinelle.dz\/index.php\/2023\/07\/26\/le-sommet-russie-afrique-souvre-aujourdhui-a-saint-petersbourg-lafrique-au-coeur-denjeux-strategiques\/"},"author":{"name":"La Sentinelle","@id":"https:\/\/lasentinelle.dz\/#\/schema\/person\/d865044e22e70a75174ce8bcad3acfb3"},"headline":"Le sommet Russie-Afrique s\u2019ouvre aujourd\u2019hui \u00e0 Saint P\u00e9tersbourg&nbsp;: L\u2019Afrique au c\u0153ur d\u2019enjeux strat\u00e9giques","datePublished":"2023-07-26T21:00:39+00:00","dateModified":"2023-07-26T21:00:44+00:00","mainEntityOfPage":{"@id":"https:\/\/lasentinelle.dz\/index.php\/2023\/07\/26\/le-sommet-russie-afrique-souvre-aujourdhui-a-saint-petersbourg-lafrique-au-coeur-denjeux-strategiques\/"},"wordCount":729,"commentCount":0,"publisher":{"@id":"https:\/\/lasentinelle.dz\/#organization"},"image":{"@id":"https:\/\/lasentinelle.dz\/index.php\/2023\/07\/26\/le-sommet-russie-afrique-souvre-aujourdhui-a-saint-petersbourg-lafrique-au-coeur-denjeux-strategiques\/#primaryimage"},"thumbnailUrl":"https:\/\/lasentinelle.dz\/wp-content\/uploads\/2023\/01\/Poutine.jpeg","articleSection":["\u00c0 la Une","Actualit\u00e9"],"inLanguage":"fr-FR","potentialAction":[{"@type":"CommentAction","name":"Comment","target":["https:\/\/lasentinelle.dz\/index.php\/2023\/07\/26\/le-sommet-russie-afrique-souvre-aujourdhui-a-saint-petersbourg-lafrique-au-coeur-denjeux-strategiques\/#respond"]}]},{"@type":"WebPage","@id":"https:\/\/lasentinelle.dz\/index.php\/2023\/07\/26\/le-sommet-russie-afrique-souvre-aujourdhui-a-saint-petersbourg-lafrique-au-coeur-denjeux-strategiques\/","url":"https:\/\/lasentinelle.dz\/index.php\/2023\/07\/26\/le-sommet-russie-afrique-souvre-aujourdhui-a-saint-petersbourg-lafrique-au-coeur-denjeux-strategiques\/","name":"Le sommet Russie-Afrique s\u2019ouvre aujourd\u2019hui \u00e0 Saint P\u00e9tersbourg&nbsp;: L\u2019Afrique au c\u0153ur d\u2019enjeux strat\u00e9giques - La Sentinelle","isPartOf":{"@id":"https:\/\/lasentinelle.dz\/#website"},"primaryImageOfPage":{"@id":"https:\/\/lasentinelle.dz\/index.php\/2023\/07\/26\/le-sommet-russie-afrique-souvre-aujourdhui-a-saint-petersbourg-lafrique-au-coeur-denjeux-strategiques\/#primaryimage"},"image":{"@id":"https:\/\/lasentinelle.dz\/index.php\/2023\/07\/26\/le-sommet-russie-afrique-souvre-aujourdhui-a-saint-petersbourg-lafrique-au-coeur-denjeux-strategiques\/#primaryimage"},"thumbnailUrl":"https:\/\/lasentinelle.dz\/wp-content\/uploads\/2023\/01\/Poutine.jpeg","datePublished":"2023-07-26T21:00:39+00:00","dateModified":"2023-07-26T21:00:44+00:00","breadcrumb":{"@id":"https:\/\/lasentinelle.dz\/index.php\/2023\/07\/26\/le-sommet-russie-afrique-souvre-aujourdhui-a-saint-petersbourg-lafrique-au-coeur-denjeux-strategiques\/#breadcrumb"},"inLanguage":"fr-FR","potentialAction":[{"@type":"ReadAction","target":["https:\/\/lasentinelle.dz\/index.php\/2023\/07\/26\/le-sommet-russie-afrique-souvre-aujourdhui-a-saint-petersbourg-lafrique-au-coeur-denjeux-strategiques\/"]}]},{"@type":"ImageObject","inLanguage":"fr-FR","@id":"https:\/\/lasentinelle.dz\/index.php\/2023\/07\/26\/le-sommet-russie-afrique-souvre-aujourdhui-a-saint-petersbourg-lafrique-au-coeur-denjeux-strategiques\/#primaryimage","url":"https:\/\/lasentinelle.dz\/wp-content\/uploads\/2023\/01\/Poutine.jpeg","contentUrl":"https:\/\/lasentinelle.dz\/wp-content\/uploads\/2023\/01\/Poutine.jpeg","width":1600,"height":900},{"@type":"BreadcrumbList","@id":"https:\/\/lasentinelle.dz\/index.php\/2023\/07\/26\/le-sommet-russie-afrique-souvre-aujourdhui-a-saint-petersbourg-lafrique-au-coeur-denjeux-strategiques\/#breadcrumb","itemListElement":[{"@type":"ListItem","position":1,"name":"Accueil","item":"https:\/\/lasentinelle.dz\/"},{"@type":"ListItem","position":2,"name":"Le sommet Russie-Afrique s\u2019ouvre aujourd\u2019hui \u00e0 Saint P\u00e9tersbourg&nbsp;: L\u2019Afrique au c\u0153ur d\u2019enjeux strat\u00e9giques"}]},{"@type":"WebSite","@id":"https:\/\/lasentinelle.dz\/#website","url":"https:\/\/lasentinelle.dz\/","name":"La Sentinelle","description":"Quotidien national d&#039;information","publisher":{"@id":"https:\/\/lasentinelle.dz\/#organization"},"potentialAction":[{"@type":"SearchAction","target":{"@type":"EntryPoint","urlTemplate":"https:\/\/lasentinelle.dz\/?s={search_term_string}"},"query-input":{"@type":"PropertyValueSpecification","valueRequired":true,"valueName":"search_term_string"}}],"inLanguage":"fr-FR"},{"@type":"Organization","@id":"https:\/\/lasentinelle.dz\/#organization","name":"Quotidien La Sentinelle","url":"https:\/\/lasentinelle.dz\/","logo":{"@type":"ImageObject","inLanguage":"fr-FR","@id":"https:\/\/lasentinelle.dz\/#\/schema\/logo\/image\/","url":"https:\/\/lasentinelle.dz\/wp-content\/uploads\/2021\/09\/logo-sentinelleSLOGAN-1.png","contentUrl":"https:\/\/lasentinelle.dz\/wp-content\/uploads\/2021\/09\/logo-sentinelleSLOGAN-1.png","width":615,"height":142,"caption":"Quotidien La Sentinelle"},"image":{"@id":"https:\/\/lasentinelle.dz\/#\/schema\/logo\/image\/"},"sameAs":["https:\/\/www.facebook.com\/La-Sentinelle-104059864394773"]},{"@type":"Person","@id":"https:\/\/lasentinelle.dz\/#\/schema\/person\/d865044e22e70a75174ce8bcad3acfb3","name":"La Sentinelle","image":{"@type":"ImageObject","inLanguage":"fr-FR","@id":"https:\/\/secure.gravatar.com\/avatar\/57de8e5d4b15d43fb361a71fbb36338450fe67865b528a43dd10ef7c51a20392?s=96&d=mm&r=g","url":"https:\/\/secure.gravatar.com\/avatar\/57de8e5d4b15d43fb361a71fbb36338450fe67865b528a43dd10ef7c51a20392?s=96&d=mm&r=g","contentUrl":"https:\/\/secure.gravatar.com\/avatar\/57de8e5d4b15d43fb361a71fbb36338450fe67865b528a43dd10ef7c51a20392?s=96&d=mm&r=g","caption":"La Sentinelle"},"sameAs":["http:\/\/www.lasentinelle.dz"],"url":"https:\/\/lasentinelle.dz\/author\/redaction\/"}]}},"_links":{"self":[{"href":"https:\/\/lasentinelle.dz\/index.php\/wp-json\/wp\/v2\/posts\/44028","targetHints":{"allow":["GET"]}}],"collection":[{"href":"https:\/\/lasentinelle.dz\/index.php\/wp-json\/wp\/v2\/posts"}],"about":[{"href":"https:\/\/lasentinelle.dz\/index.php\/wp-json\/wp\/v2\/types\/post"}],"author":[{"embeddable":true,"href":"https:\/\/lasentinelle.dz\/index.php\/wp-json\/wp\/v2\/users\/3"}],"replies":[{"embeddable":true,"href":"https:\/\/lasentinelle.dz\/index.php\/wp-json\/wp\/v2\/comments?post=44028"}],"version-history":[{"count":1,"href":"https:\/\/lasentinelle.dz\/index.php\/wp-json\/wp\/v2\/posts\/44028\/revisions"}],"predecessor-version":[{"id":44029,"href":"https:\/\/lasentinelle.dz\/index.php\/wp-json\/wp\/v2\/posts\/44028\/revisions\/44029"}],"wp:featuredmedia":[{"embeddable":true,"href":"https:\/\/lasentinelle.dz\/index.php\/wp-json\/wp\/v2\/media\/34166"}],"wp:attachment":[{"href":"https:\/\/lasentinelle.dz\/index.php\/wp-json\/wp\/v2\/media?parent=44028"}],"wp:term":[{"taxonomy":"category","embeddable":true,"href":"https:\/\/lasentinelle.dz\/index.php\/wp-json\/wp\/v2\/categories?post=44028"},{"taxonomy":"post_tag","embeddable":true,"href":"https:\/\/lasentinelle.dz\/index.php\/wp-json\/wp\/v2\/tags?post=44028"}],"curies":[{"name":"wp","href":"https:\/\/api.w.org\/{rel}","templated":true}]}}