{"id":44044,"date":"2023-07-26T19:12:00","date_gmt":"2023-07-26T18:12:00","guid":{"rendered":"https:\/\/lasentinelle.dz\/?p=44044"},"modified":"2023-07-26T22:15:44","modified_gmt":"2023-07-26T21:15:44","slug":"mounir-dbichi-en-charge-de-la-gestion-de-la-faf","status":"publish","type":"post","link":"https:\/\/lasentinelle.dz\/index.php\/2023\/07\/26\/mounir-dbichi-en-charge-de-la-gestion-de-la-faf\/","title":{"rendered":"Mounir D&rsquo;Bichi en charge de la gestion de la FAF"},"content":{"rendered":"\n<p>La d\u00e9mission du d\u00e9sormais ex-pr\u00e9sident de la F\u00e9d\u00e9ration alg\u00e9rienne de football, Djahid Zefizef, a ouvert la course \u00e0 la succession, mais \u00e0 une refonte des structures de l\u2019instance f\u00e9d\u00e9rale avec la dissolution de fait du Bureau f\u00e9d\u00e9ral<\/p>\n\n\n\n<p>En effet, le Bureau f\u00e9d\u00e9ral s\u2019est r\u00e9uni, une derni\u00e8re fois mardi, en session extraordinaire avec comme unique point inscrit \u00e0 l\u2019ordre du jour \u00e0 savoir la d\u00e9mission du pr\u00e9sident de la FAF. Le BF a pris acte de cette d\u00e9mission apr\u00e8s avoir constat\u00e9 l\u2019atteinte du quorum, avec la pr\u00e9sence de neuf membres du BF sur dix, hormis l\u2019absence de Djillali Aidat qui n\u2019a pu se d\u00e9placer d\u2019Adrar, a pr\u00e9cis\u00e9 un communique de la FAF.<\/p>\n\n\n\n<p>Prenant la parole, Djahid Zefizef a fait part aux membres pr\u00e9sents de sa d\u00e9cision de d\u00e9missionner de la t\u00eate de la F\u00e9d\u00e9ration. Apr\u00e8s quelques \u00e9changes, les membres pr\u00e9sents ont pris acte de la d\u00e9mission du pr\u00e9sident qui a \u00e9t\u00e9 consign\u00e9e dans le proc\u00e8s-verbal.<\/p>\n\n\n\n<p>Par ailleurs, et \u00ab&nbsp;en application de la r\u00e9glementation en vigueur notamment la mise en conformit\u00e9 de trois membres du BF avec la d\u00e9cret ex\u00e9cutif n\u00b015-340 du 28 d\u00e9cembre 2015 relatif au non cumul entre la responsabilit\u00e9 ex\u00e9cutive, \u00e9lective et la responsabilit\u00e9 administrative au sein des structures d\u2019organisation et d\u2019animation sportive, modifi\u00e9 et compl\u00e9t\u00e9, la mission du bureau f\u00e9d\u00e9ral prend fin car ne pouvant s\u2019assurer le quorum pour d\u00e9lib\u00e9rer&nbsp;\u00bb, a joute la FAF. En effet, initialement compos\u00e9 de 13 \u00e9l\u00e9ments comme le veulent les statuts, le BF ne comptait plus que 9 membres apr\u00e8s la d\u00e9mission de 4 \u00e9lements qui ont refus\u00e9 de d\u00e9missionner de leur structure d&rsquo;origine. Avec trois membres \u00e9cart\u00e9s, le BF a \u00e9t\u00e9 dissout de fait. Sans pr\u00e9ciser de qui il s&rsquo;agit le communiqu\u00e9 de la FAF annonce que trois membres ont donc \u00e9t\u00e9 \u00e9cart\u00e9s. Les cas son connus, Djilali Aidat pr\u00e9sident de la ligue de wilaya d&rsquo;Adrar, Karim Chetouf membre du conseil d&rsquo;administration du CRB et Abdelhak Khebouz pr\u00e9sident de la ligue de wilaya de Bordj Bou Arreridj. Alors que la suite aurait pu \u00eatre assur\u00e9e par le vice-pr\u00e9sident Azzedine Arab jusqu&rsquo;\u00e0 la fin du mandat en 2025, il a \u00e9t\u00e9 d\u00e9cid\u00e9 de prendre en consid\u00e9ration la r\u00e9glementation du MJS qui date de 2015 concernant le cumul des mandats, ignor\u00e9e par plusieurs membres, afin de d\u00e9cider de la dissolution du bureau f\u00e9d\u00e9ral dans son ensemble faute de quorum. A cet effet, le secr\u00e9taire g\u00e9n\u00e9ral de la F\u00e9d\u00e9ration alg\u00e9rienne de football, Mounir D\u2019bichi a \u00e9t\u00e9 charg\u00e9 de la gestion courante jusqu\u2019\u00e0 la tenue de l\u2019assembl\u00e9e g\u00e9n\u00e9rale \u00e9lective apr\u00e8s la convocation des commissions charg\u00e9es de pr\u00e9parer les \u00e9lections du nouveau pr\u00e9sident et des nouveaux membres du bureau f\u00e9d\u00e9ral pour la dur\u00e9e restante du mandat (2021-2025) dans les conditions fix\u00e9es par les r\u00e8glements en vigueur, conclut la FAF. Le prochain pr\u00e9sident aura donc un mandat de deux ans seulement.<\/p>\n\n\n\n<p>R.S.<\/p>\n","protected":false},"excerpt":{"rendered":"<p>La d\u00e9mission du d\u00e9sormais ex-pr\u00e9sident de la F\u00e9d\u00e9ration alg\u00e9rienne de football, Djahid Zefizef, a ouvert la course \u00e0 la succession,<\/p>\n","protected":false},"author":3,"featured_media":44045,"comment_status":"open","ping_status":"closed","sticky":false,"template":"","format":"standard","meta":{"colormag_page_container_layout":"default_layout","colormag_page_sidebar_layout":"default_layout","om_disable_all_campaigns":false,"_monsterinsights_skip_tracking":false,"_monsterinsights_sitenote_active":false,"_monsterinsights_sitenote_note":"","_monsterinsights_sitenote_category":0,"footnotes":"","_wpscppro_dont_share_socialmedia":false,"_wpscppro_custom_social_share_image":0,"_facebook_share_type":"","_twitter_share_type":"","_linkedin_share_type":"","_pinterest_share_type":"","_linkedin_share_type_page":"","_instagram_share_type":"","_medium_share_type":"","_threads_share_type":"","_google_business_share_type":"","_selected_social_profile":[],"_wpsp_enable_custom_social_template":false,"_wpsp_social_scheduling":{"enabled":false,"datetime":null,"platforms":[],"status":"template_only","dateOption":"today","timeOption":"now","customDays":"","customHours":"","customDate":"","customTime":"","schedulingType":"absolute"},"_wpsp_active_default_template":true},"categories":[33],"tags":[],"class_list":["post-44044","post","type-post","status-publish","format-standard","has-post-thumbnail","hentry","category-sports"],"aioseo_notices":[],"yoast_head":"<!-- This site is optimized with the Yoast SEO plugin v27.5 - https:\/\/yoast.com\/product\/yoast-seo-wordpress\/ -->\n<title>Mounir D&rsquo;Bichi en charge de la gestion de la FAF - La Sentinelle<\/title>\n<meta name=\"robots\" content=\"index, follow, max-snippet:-1, max-image-preview:large, max-video-preview:-1\" \/>\n<link rel=\"canonical\" href=\"https:\/\/lasentinelle.dz\/index.php\/2023\/07\/26\/mounir-dbichi-en-charge-de-la-gestion-de-la-faf\/\" \/>\n<meta property=\"og:locale\" content=\"fr_FR\" \/>\n<meta property=\"og:type\" content=\"article\" \/>\n<meta property=\"og:title\" content=\"Mounir D&rsquo;Bichi en charge de la gestion de la FAF - La Sentinelle\" \/>\n<meta property=\"og:description\" content=\"La d\u00e9mission du d\u00e9sormais ex-pr\u00e9sident de la F\u00e9d\u00e9ration alg\u00e9rienne de football, Djahid Zefizef, a ouvert la course \u00e0 la succession,\" \/>\n<meta property=\"og:url\" content=\"https:\/\/lasentinelle.dz\/index.php\/2023\/07\/26\/mounir-dbichi-en-charge-de-la-gestion-de-la-faf\/\" \/>\n<meta property=\"og:site_name\" content=\"La Sentinelle\" \/>\n<meta property=\"article:publisher\" content=\"https:\/\/www.facebook.com\/La-Sentinelle-104059864394773\" \/>\n<meta property=\"article:published_time\" content=\"2023-07-26T18:12:00+00:00\" \/>\n<meta property=\"article:modified_time\" content=\"2023-07-26T21:15:44+00:00\" \/>\n<meta property=\"og:image\" content=\"https:\/\/lasentinelle.dz\/wp-content\/uploads\/2023\/07\/FAF-1-scaled.jpeg\" \/>\n\t<meta property=\"og:image:width\" content=\"2560\" \/>\n\t<meta property=\"og:image:height\" content=\"1920\" \/>\n\t<meta property=\"og:image:type\" content=\"image\/jpeg\" \/>\n<meta name=\"author\" content=\"La Sentinelle\" \/>\n<meta name=\"twitter:card\" content=\"summary_large_image\" \/>\n<meta name=\"twitter:label1\" content=\"\u00c9crit par\" \/>\n\t<meta name=\"twitter:data1\" content=\"La Sentinelle\" \/>\n\t<meta name=\"twitter:label2\" content=\"Dur\u00e9e de lecture estim\u00e9e\" \/>\n\t<meta name=\"twitter:data2\" content=\"3 minutes\" \/>\n<script type=\"application\/ld+json\" class=\"yoast-schema-graph\">{\"@context\":\"https:\\\/\\\/schema.org\",\"@graph\":[{\"@type\":\"Article\",\"@id\":\"https:\\\/\\\/lasentinelle.dz\\\/index.php\\\/2023\\\/07\\\/26\\\/mounir-dbichi-en-charge-de-la-gestion-de-la-faf\\\/#article\",\"isPartOf\":{\"@id\":\"https:\\\/\\\/lasentinelle.dz\\\/index.php\\\/2023\\\/07\\\/26\\\/mounir-dbichi-en-charge-de-la-gestion-de-la-faf\\\/\"},\"author\":{\"name\":\"La Sentinelle\",\"@id\":\"https:\\\/\\\/lasentinelle.dz\\\/#\\\/schema\\\/person\\\/d865044e22e70a75174ce8bcad3acfb3\"},\"headline\":\"Mounir D&rsquo;Bichi en charge de la gestion de la FAF\",\"datePublished\":\"2023-07-26T18:12:00+00:00\",\"dateModified\":\"2023-07-26T21:15:44+00:00\",\"mainEntityOfPage\":{\"@id\":\"https:\\\/\\\/lasentinelle.dz\\\/index.php\\\/2023\\\/07\\\/26\\\/mounir-dbichi-en-charge-de-la-gestion-de-la-faf\\\/\"},\"wordCount\":565,\"commentCount\":0,\"publisher\":{\"@id\":\"https:\\\/\\\/lasentinelle.dz\\\/#organization\"},\"image\":{\"@id\":\"https:\\\/\\\/lasentinelle.dz\\\/index.php\\\/2023\\\/07\\\/26\\\/mounir-dbichi-en-charge-de-la-gestion-de-la-faf\\\/#primaryimage\"},\"thumbnailUrl\":\"https:\\\/\\\/lasentinelle.dz\\\/wp-content\\\/uploads\\\/2023\\\/07\\\/FAF-1-scaled.jpeg\",\"articleSection\":[\"Sports\"],\"inLanguage\":\"fr-FR\",\"potentialAction\":[{\"@type\":\"CommentAction\",\"name\":\"Comment\",\"target\":[\"https:\\\/\\\/lasentinelle.dz\\\/index.php\\\/2023\\\/07\\\/26\\\/mounir-dbichi-en-charge-de-la-gestion-de-la-faf\\\/#respond\"]}]},{\"@type\":\"WebPage\",\"@id\":\"https:\\\/\\\/lasentinelle.dz\\\/index.php\\\/2023\\\/07\\\/26\\\/mounir-dbichi-en-charge-de-la-gestion-de-la-faf\\\/\",\"url\":\"https:\\\/\\\/lasentinelle.dz\\\/index.php\\\/2023\\\/07\\\/26\\\/mounir-dbichi-en-charge-de-la-gestion-de-la-faf\\\/\",\"name\":\"Mounir D&rsquo;Bichi en charge de la gestion de la FAF - La Sentinelle\",\"isPartOf\":{\"@id\":\"https:\\\/\\\/lasentinelle.dz\\\/#website\"},\"primaryImageOfPage\":{\"@id\":\"https:\\\/\\\/lasentinelle.dz\\\/index.php\\\/2023\\\/07\\\/26\\\/mounir-dbichi-en-charge-de-la-gestion-de-la-faf\\\/#primaryimage\"},\"image\":{\"@id\":\"https:\\\/\\\/lasentinelle.dz\\\/index.php\\\/2023\\\/07\\\/26\\\/mounir-dbichi-en-charge-de-la-gestion-de-la-faf\\\/#primaryimage\"},\"thumbnailUrl\":\"https:\\\/\\\/lasentinelle.dz\\\/wp-content\\\/uploads\\\/2023\\\/07\\\/FAF-1-scaled.jpeg\",\"datePublished\":\"2023-07-26T18:12:00+00:00\",\"dateModified\":\"2023-07-26T21:15:44+00:00\",\"breadcrumb\":{\"@id\":\"https:\\\/\\\/lasentinelle.dz\\\/index.php\\\/2023\\\/07\\\/26\\\/mounir-dbichi-en-charge-de-la-gestion-de-la-faf\\\/#breadcrumb\"},\"inLanguage\":\"fr-FR\",\"potentialAction\":[{\"@type\":\"ReadAction\",\"target\":[\"https:\\\/\\\/lasentinelle.dz\\\/index.php\\\/2023\\\/07\\\/26\\\/mounir-dbichi-en-charge-de-la-gestion-de-la-faf\\\/\"]}]},{\"@type\":\"ImageObject\",\"inLanguage\":\"fr-FR\",\"@id\":\"https:\\\/\\\/lasentinelle.dz\\\/index.php\\\/2023\\\/07\\\/26\\\/mounir-dbichi-en-charge-de-la-gestion-de-la-faf\\\/#primaryimage\",\"url\":\"https:\\\/\\\/lasentinelle.dz\\\/wp-content\\\/uploads\\\/2023\\\/07\\\/FAF-1-scaled.jpeg\",\"contentUrl\":\"https:\\\/\\\/lasentinelle.dz\\\/wp-content\\\/uploads\\\/2023\\\/07\\\/FAF-1-scaled.jpeg\",\"width\":2560,\"height\":1920},{\"@type\":\"BreadcrumbList\",\"@id\":\"https:\\\/\\\/lasentinelle.dz\\\/index.php\\\/2023\\\/07\\\/26\\\/mounir-dbichi-en-charge-de-la-gestion-de-la-faf\\\/#breadcrumb\",\"itemListElement\":[{\"@type\":\"ListItem\",\"position\":1,\"name\":\"Accueil\",\"item\":\"https:\\\/\\\/lasentinelle.dz\\\/\"},{\"@type\":\"ListItem\",\"position\":2,\"name\":\"Mounir D&rsquo;Bichi en charge de la gestion de la FAF\"}]},{\"@type\":\"WebSite\",\"@id\":\"https:\\\/\\\/lasentinelle.dz\\\/#website\",\"url\":\"https:\\\/\\\/lasentinelle.dz\\\/\",\"name\":\"La Sentinelle\",\"description\":\"Quotidien national d&#039;information\",\"publisher\":{\"@id\":\"https:\\\/\\\/lasentinelle.dz\\\/#organization\"},\"potentialAction\":[{\"@type\":\"SearchAction\",\"target\":{\"@type\":\"EntryPoint\",\"urlTemplate\":\"https:\\\/\\\/lasentinelle.dz\\\/?s={search_term_string}\"},\"query-input\":{\"@type\":\"PropertyValueSpecification\",\"valueRequired\":true,\"valueName\":\"search_term_string\"}}],\"inLanguage\":\"fr-FR\"},{\"@type\":\"Organization\",\"@id\":\"https:\\\/\\\/lasentinelle.dz\\\/#organization\",\"name\":\"Quotidien La Sentinelle\",\"url\":\"https:\\\/\\\/lasentinelle.dz\\\/\",\"logo\":{\"@type\":\"ImageObject\",\"inLanguage\":\"fr-FR\",\"@id\":\"https:\\\/\\\/lasentinelle.dz\\\/#\\\/schema\\\/logo\\\/image\\\/\",\"url\":\"https:\\\/\\\/lasentinelle.dz\\\/wp-content\\\/uploads\\\/2021\\\/09\\\/logo-sentinelleSLOGAN-1.png\",\"contentUrl\":\"https:\\\/\\\/lasentinelle.dz\\\/wp-content\\\/uploads\\\/2021\\\/09\\\/logo-sentinelleSLOGAN-1.png\",\"width\":615,\"height\":142,\"caption\":\"Quotidien La Sentinelle\"},\"image\":{\"@id\":\"https:\\\/\\\/lasentinelle.dz\\\/#\\\/schema\\\/logo\\\/image\\\/\"},\"sameAs\":[\"https:\\\/\\\/www.facebook.com\\\/La-Sentinelle-104059864394773\"]},{\"@type\":\"Person\",\"@id\":\"https:\\\/\\\/lasentinelle.dz\\\/#\\\/schema\\\/person\\\/d865044e22e70a75174ce8bcad3acfb3\",\"name\":\"La Sentinelle\",\"image\":{\"@type\":\"ImageObject\",\"inLanguage\":\"fr-FR\",\"@id\":\"https:\\\/\\\/secure.gravatar.com\\\/avatar\\\/57de8e5d4b15d43fb361a71fbb36338450fe67865b528a43dd10ef7c51a20392?s=96&d=mm&r=g\",\"url\":\"https:\\\/\\\/secure.gravatar.com\\\/avatar\\\/57de8e5d4b15d43fb361a71fbb36338450fe67865b528a43dd10ef7c51a20392?s=96&d=mm&r=g\",\"contentUrl\":\"https:\\\/\\\/secure.gravatar.com\\\/avatar\\\/57de8e5d4b15d43fb361a71fbb36338450fe67865b528a43dd10ef7c51a20392?s=96&d=mm&r=g\",\"caption\":\"La Sentinelle\"},\"sameAs\":[\"http:\\\/\\\/www.lasentinelle.dz\"],\"url\":\"https:\\\/\\\/lasentinelle.dz\\\/author\\\/redaction\\\/\"}]}<\/script>\n<!-- \/ Yoast SEO plugin. -->","yoast_head_json":{"title":"Mounir D&rsquo;Bichi en charge de la gestion de la FAF - La Sentinelle","robots":{"index":"index","follow":"follow","max-snippet":"max-snippet:-1","max-image-preview":"max-image-preview:large","max-video-preview":"max-video-preview:-1"},"canonical":"https:\/\/lasentinelle.dz\/index.php\/2023\/07\/26\/mounir-dbichi-en-charge-de-la-gestion-de-la-faf\/","og_locale":"fr_FR","og_type":"article","og_title":"Mounir D&rsquo;Bichi en charge de la gestion de la FAF - La Sentinelle","og_description":"La d\u00e9mission du d\u00e9sormais ex-pr\u00e9sident de la F\u00e9d\u00e9ration alg\u00e9rienne de football, Djahid Zefizef, a ouvert la course \u00e0 la succession,","og_url":"https:\/\/lasentinelle.dz\/index.php\/2023\/07\/26\/mounir-dbichi-en-charge-de-la-gestion-de-la-faf\/","og_site_name":"La Sentinelle","article_publisher":"https:\/\/www.facebook.com\/La-Sentinelle-104059864394773","article_published_time":"2023-07-26T18:12:00+00:00","article_modified_time":"2023-07-26T21:15:44+00:00","og_image":[{"width":2560,"height":1920,"url":"https:\/\/lasentinelle.dz\/wp-content\/uploads\/2023\/07\/FAF-1-scaled.jpeg","type":"image\/jpeg"}],"author":"La Sentinelle","twitter_card":"summary_large_image","twitter_misc":{"\u00c9crit par":"La Sentinelle","Dur\u00e9e de lecture estim\u00e9e":"3 minutes"},"schema":{"@context":"https:\/\/schema.org","@graph":[{"@type":"Article","@id":"https:\/\/lasentinelle.dz\/index.php\/2023\/07\/26\/mounir-dbichi-en-charge-de-la-gestion-de-la-faf\/#article","isPartOf":{"@id":"https:\/\/lasentinelle.dz\/index.php\/2023\/07\/26\/mounir-dbichi-en-charge-de-la-gestion-de-la-faf\/"},"author":{"name":"La Sentinelle","@id":"https:\/\/lasentinelle.dz\/#\/schema\/person\/d865044e22e70a75174ce8bcad3acfb3"},"headline":"Mounir D&rsquo;Bichi en charge de la gestion de la FAF","datePublished":"2023-07-26T18:12:00+00:00","dateModified":"2023-07-26T21:15:44+00:00","mainEntityOfPage":{"@id":"https:\/\/lasentinelle.dz\/index.php\/2023\/07\/26\/mounir-dbichi-en-charge-de-la-gestion-de-la-faf\/"},"wordCount":565,"commentCount":0,"publisher":{"@id":"https:\/\/lasentinelle.dz\/#organization"},"image":{"@id":"https:\/\/lasentinelle.dz\/index.php\/2023\/07\/26\/mounir-dbichi-en-charge-de-la-gestion-de-la-faf\/#primaryimage"},"thumbnailUrl":"https:\/\/lasentinelle.dz\/wp-content\/uploads\/2023\/07\/FAF-1-scaled.jpeg","articleSection":["Sports"],"inLanguage":"fr-FR","potentialAction":[{"@type":"CommentAction","name":"Comment","target":["https:\/\/lasentinelle.dz\/index.php\/2023\/07\/26\/mounir-dbichi-en-charge-de-la-gestion-de-la-faf\/#respond"]}]},{"@type":"WebPage","@id":"https:\/\/lasentinelle.dz\/index.php\/2023\/07\/26\/mounir-dbichi-en-charge-de-la-gestion-de-la-faf\/","url":"https:\/\/lasentinelle.dz\/index.php\/2023\/07\/26\/mounir-dbichi-en-charge-de-la-gestion-de-la-faf\/","name":"Mounir D&rsquo;Bichi en charge de la gestion de la FAF - La Sentinelle","isPartOf":{"@id":"https:\/\/lasentinelle.dz\/#website"},"primaryImageOfPage":{"@id":"https:\/\/lasentinelle.dz\/index.php\/2023\/07\/26\/mounir-dbichi-en-charge-de-la-gestion-de-la-faf\/#primaryimage"},"image":{"@id":"https:\/\/lasentinelle.dz\/index.php\/2023\/07\/26\/mounir-dbichi-en-charge-de-la-gestion-de-la-faf\/#primaryimage"},"thumbnailUrl":"https:\/\/lasentinelle.dz\/wp-content\/uploads\/2023\/07\/FAF-1-scaled.jpeg","datePublished":"2023-07-26T18:12:00+00:00","dateModified":"2023-07-26T21:15:44+00:00","breadcrumb":{"@id":"https:\/\/lasentinelle.dz\/index.php\/2023\/07\/26\/mounir-dbichi-en-charge-de-la-gestion-de-la-faf\/#breadcrumb"},"inLanguage":"fr-FR","potentialAction":[{"@type":"ReadAction","target":["https:\/\/lasentinelle.dz\/index.php\/2023\/07\/26\/mounir-dbichi-en-charge-de-la-gestion-de-la-faf\/"]}]},{"@type":"ImageObject","inLanguage":"fr-FR","@id":"https:\/\/lasentinelle.dz\/index.php\/2023\/07\/26\/mounir-dbichi-en-charge-de-la-gestion-de-la-faf\/#primaryimage","url":"https:\/\/lasentinelle.dz\/wp-content\/uploads\/2023\/07\/FAF-1-scaled.jpeg","contentUrl":"https:\/\/lasentinelle.dz\/wp-content\/uploads\/2023\/07\/FAF-1-scaled.jpeg","width":2560,"height":1920},{"@type":"BreadcrumbList","@id":"https:\/\/lasentinelle.dz\/index.php\/2023\/07\/26\/mounir-dbichi-en-charge-de-la-gestion-de-la-faf\/#breadcrumb","itemListElement":[{"@type":"ListItem","position":1,"name":"Accueil","item":"https:\/\/lasentinelle.dz\/"},{"@type":"ListItem","position":2,"name":"Mounir D&rsquo;Bichi en charge de la gestion de la FAF"}]},{"@type":"WebSite","@id":"https:\/\/lasentinelle.dz\/#website","url":"https:\/\/lasentinelle.dz\/","name":"La Sentinelle","description":"Quotidien national d&#039;information","publisher":{"@id":"https:\/\/lasentinelle.dz\/#organization"},"potentialAction":[{"@type":"SearchAction","target":{"@type":"EntryPoint","urlTemplate":"https:\/\/lasentinelle.dz\/?s={search_term_string}"},"query-input":{"@type":"PropertyValueSpecification","valueRequired":true,"valueName":"search_term_string"}}],"inLanguage":"fr-FR"},{"@type":"Organization","@id":"https:\/\/lasentinelle.dz\/#organization","name":"Quotidien La Sentinelle","url":"https:\/\/lasentinelle.dz\/","logo":{"@type":"ImageObject","inLanguage":"fr-FR","@id":"https:\/\/lasentinelle.dz\/#\/schema\/logo\/image\/","url":"https:\/\/lasentinelle.dz\/wp-content\/uploads\/2021\/09\/logo-sentinelleSLOGAN-1.png","contentUrl":"https:\/\/lasentinelle.dz\/wp-content\/uploads\/2021\/09\/logo-sentinelleSLOGAN-1.png","width":615,"height":142,"caption":"Quotidien La Sentinelle"},"image":{"@id":"https:\/\/lasentinelle.dz\/#\/schema\/logo\/image\/"},"sameAs":["https:\/\/www.facebook.com\/La-Sentinelle-104059864394773"]},{"@type":"Person","@id":"https:\/\/lasentinelle.dz\/#\/schema\/person\/d865044e22e70a75174ce8bcad3acfb3","name":"La Sentinelle","image":{"@type":"ImageObject","inLanguage":"fr-FR","@id":"https:\/\/secure.gravatar.com\/avatar\/57de8e5d4b15d43fb361a71fbb36338450fe67865b528a43dd10ef7c51a20392?s=96&d=mm&r=g","url":"https:\/\/secure.gravatar.com\/avatar\/57de8e5d4b15d43fb361a71fbb36338450fe67865b528a43dd10ef7c51a20392?s=96&d=mm&r=g","contentUrl":"https:\/\/secure.gravatar.com\/avatar\/57de8e5d4b15d43fb361a71fbb36338450fe67865b528a43dd10ef7c51a20392?s=96&d=mm&r=g","caption":"La Sentinelle"},"sameAs":["http:\/\/www.lasentinelle.dz"],"url":"https:\/\/lasentinelle.dz\/author\/redaction\/"}]}},"_links":{"self":[{"href":"https:\/\/lasentinelle.dz\/index.php\/wp-json\/wp\/v2\/posts\/44044","targetHints":{"allow":["GET"]}}],"collection":[{"href":"https:\/\/lasentinelle.dz\/index.php\/wp-json\/wp\/v2\/posts"}],"about":[{"href":"https:\/\/lasentinelle.dz\/index.php\/wp-json\/wp\/v2\/types\/post"}],"author":[{"embeddable":true,"href":"https:\/\/lasentinelle.dz\/index.php\/wp-json\/wp\/v2\/users\/3"}],"replies":[{"embeddable":true,"href":"https:\/\/lasentinelle.dz\/index.php\/wp-json\/wp\/v2\/comments?post=44044"}],"version-history":[{"count":1,"href":"https:\/\/lasentinelle.dz\/index.php\/wp-json\/wp\/v2\/posts\/44044\/revisions"}],"predecessor-version":[{"id":44046,"href":"https:\/\/lasentinelle.dz\/index.php\/wp-json\/wp\/v2\/posts\/44044\/revisions\/44046"}],"wp:featuredmedia":[{"embeddable":true,"href":"https:\/\/lasentinelle.dz\/index.php\/wp-json\/wp\/v2\/media\/44045"}],"wp:attachment":[{"href":"https:\/\/lasentinelle.dz\/index.php\/wp-json\/wp\/v2\/media?parent=44044"}],"wp:term":[{"taxonomy":"category","embeddable":true,"href":"https:\/\/lasentinelle.dz\/index.php\/wp-json\/wp\/v2\/categories?post=44044"},{"taxonomy":"post_tag","embeddable":true,"href":"https:\/\/lasentinelle.dz\/index.php\/wp-json\/wp\/v2\/tags?post=44044"}],"curies":[{"name":"wp","href":"https:\/\/api.w.org\/{rel}","templated":true}]}}