{"id":44050,"date":"2023-07-26T22:19:30","date_gmt":"2023-07-26T21:19:30","guid":{"rendered":"https:\/\/lasentinelle.dz\/?p=44050"},"modified":"2023-07-26T22:19:33","modified_gmt":"2023-07-26T21:19:33","slug":"violations-sionistes-en-palestine-occupee-la-chine-interpelle-la-cour-internationale-de-justice","status":"publish","type":"post","link":"https:\/\/lasentinelle.dz\/index.php\/2023\/07\/26\/violations-sionistes-en-palestine-occupee-la-chine-interpelle-la-cour-internationale-de-justice\/","title":{"rendered":"Violations sionistes en Palestine occup\u00e9e&nbsp;: La Chine interpelle la Cour internationale de Justice"},"content":{"rendered":"\n<p>Le vice-ministre chinois des Affaires \u00e9trang\u00e8res a pr\u00e9sent\u00e9 une plaidoirie \u00e0 la Cour internationale de justice (C.I.J) sur les violations isra\u00e9liennes en Palestine occup\u00e9e, apr\u00e8s le d\u00e9p\u00f4t du dossier \u00e0 la CIJ par le ministre des Affaires \u00e9trang\u00e8res Riyad al-Maliki.<\/p>\n\n\n\n<p>C\u2019est ce que le nouvel ambassadeur de Chine aupr\u00e8s de l\u2019\u00c9tat de Palestine Tseng Jishin a indiqu\u00e9 lors des entretiens entre le Secr\u00e9taire g\u00e9n\u00e9ral de l\u2019Union d\u00e9mocratique palestinienne, \u00ab\u00a0Fada\u00a0\u00bb, Saleh Rafat, lors d\u2019une r\u00e9union \u00e0 Ramallah. Lundi dernier, le ministre palestinien des Affaires \u00e9trang\u00e8res, Riyad al-Maliki, a remis la plaidoirie \u00e9crite, de l\u2019\u00c9tat de Palestine \u00e0 la Cour internationale de justice, bas\u00e9e \u00e0 La Haye, pour permettre \u00e0 la Cour de rendre un avis juridique concernant l\u2019occupation isra\u00e9lienne sur les territoires palestiniens occup\u00e9s, ainsi que les r\u00f4les des \u00c9tats et des Nations Unies. Les entretiens ont \u00e9galement port\u00e9 sur l\u2019\u00e9volution de la situation en Palestine, notamment les violations quotidiennes de l\u2019occupation ainsi que le ciblage et les assassinats perp\u00e9tr\u00e9s quotidiennement contre les Palestiniens, le dernier \u00e9tant le martyre de trois jeunes palestiniens dans la ville de Naplouse.<\/p>\n\n\n\n<p>Sur un autre volet, des dizaines de colons sionistes ont envahi \u00e0 nouveau, mercredi, la Mosqu\u00e9e d\u2019Al-Aqsa \u00e0 El-Qods-occup\u00e9e, selon des sources locales palestiniennes, cit\u00e9es par l\u2019agence de presse Wafa. Les m\u00eames sources ont pr\u00e9cis\u00e9 que \u00ab des dizaines de colons sionistes ont fait une descente dans la Mosqu\u00e9e sainte, et ont effectu\u00e9 des tours de provocation dans ses esplanades \u00bb. \u00ab Cette \u00e9ni\u00e8me invasion des colons sionistes de la Mosqu\u00e9e d\u2019Al-Aqsa est organis\u00e9e et encadr\u00e9e par les soi-disant \u00ab groupes du Temple \u00bb, en pr\u00e9vision de la c\u00e9l\u00e9bration de l\u2019anniversaire de la pr\u00e9tendue destruction du Temple, qui aura lieu jeudi \u00bb, ajoute-on de m\u00eame source, notant que ledit groupe se pr\u00e9pare \u00e0 accueillir \u00ab deux milles colons extr\u00e9mistes ce-jour-l\u00e0 \u00bb. L\u2019invasion de la Mosqu\u00e9e d\u2019Al-Aqsa par des extr\u00e9mistes sionistes est devenue r\u00e9currente. Les colons sionistes, y viennent souvent pour profaner l\u2019enceinte de la Mosqu\u00e9e et improviser sur place des rituels talmudiques et autres. En juin dernier, \u00ab 19 incursions des sionistes dans la Mosqu\u00e9e Al-Aqsa ont \u00e9t\u00e9 enregistr\u00e9es \u00bb, a fait savoir r\u00e9cemment le minist\u00e8re palestinien du Wakf et des Affaires religieuses. La m\u00eame source a indiqu\u00e9, dans le m\u00eame sens, que \u00ab les forces d\u2019occupation ont interdit 46 fois l\u2019appel \u00e0 la pri\u00e8re dans la Mosqu\u00e9e Al-Ibrahimi dans la ville d\u2019El-Khalil \u00bb.<\/p>\n\n\n\n<p>R.I.<\/p>\n","protected":false},"excerpt":{"rendered":"<p>Le vice-ministre chinois des Affaires \u00e9trang\u00e8res a pr\u00e9sent\u00e9 une plaidoirie \u00e0 la Cour internationale de justice (C.I.J) sur les violations<\/p>\n","protected":false},"author":3,"featured_media":44051,"comment_status":"open","ping_status":"closed","sticky":false,"template":"","format":"standard","meta":{"colormag_page_container_layout":"default_layout","colormag_page_sidebar_layout":"default_layout","om_disable_all_campaigns":false,"_monsterinsights_skip_tracking":false,"_monsterinsights_sitenote_active":false,"_monsterinsights_sitenote_note":"","_monsterinsights_sitenote_category":0,"footnotes":"","_wpscppro_dont_share_socialmedia":false,"_wpscppro_custom_social_share_image":0,"_facebook_share_type":"","_twitter_share_type":"","_linkedin_share_type":"","_pinterest_share_type":"","_linkedin_share_type_page":"","_instagram_share_type":"","_medium_share_type":"","_threads_share_type":"","_google_business_share_type":"","_selected_social_profile":[],"_wpsp_enable_custom_social_template":false,"_wpsp_social_scheduling":{"enabled":false,"datetime":null,"platforms":[],"status":"template_only","dateOption":"today","timeOption":"now","customDays":"","customHours":"","customDate":"","customTime":"","schedulingType":"absolute"},"_wpsp_active_default_template":true},"categories":[37],"tags":[],"class_list":["post-44050","post","type-post","status-publish","format-standard","has-post-thumbnail","hentry","category-monde"],"aioseo_notices":[],"yoast_head":"<!-- This site is optimized with the Yoast SEO plugin v27.5 - https:\/\/yoast.com\/product\/yoast-seo-wordpress\/ -->\n<title>Violations sionistes en Palestine occup\u00e9e&nbsp;: La Chine interpelle la Cour internationale de Justice - La Sentinelle<\/title>\n<meta name=\"robots\" content=\"index, follow, max-snippet:-1, max-image-preview:large, max-video-preview:-1\" \/>\n<link rel=\"canonical\" href=\"https:\/\/lasentinelle.dz\/index.php\/2023\/07\/26\/violations-sionistes-en-palestine-occupee-la-chine-interpelle-la-cour-internationale-de-justice\/\" \/>\n<meta property=\"og:locale\" content=\"fr_FR\" \/>\n<meta property=\"og:type\" content=\"article\" \/>\n<meta property=\"og:title\" content=\"Violations sionistes en Palestine occup\u00e9e&nbsp;: La Chine interpelle la Cour internationale de Justice - La Sentinelle\" \/>\n<meta property=\"og:description\" content=\"Le vice-ministre chinois des Affaires \u00e9trang\u00e8res a pr\u00e9sent\u00e9 une plaidoirie \u00e0 la Cour internationale de justice (C.I.J) sur les violations\" \/>\n<meta property=\"og:url\" content=\"https:\/\/lasentinelle.dz\/index.php\/2023\/07\/26\/violations-sionistes-en-palestine-occupee-la-chine-interpelle-la-cour-internationale-de-justice\/\" \/>\n<meta property=\"og:site_name\" content=\"La Sentinelle\" \/>\n<meta property=\"article:publisher\" content=\"https:\/\/www.facebook.com\/La-Sentinelle-104059864394773\" \/>\n<meta property=\"article:published_time\" content=\"2023-07-26T21:19:30+00:00\" \/>\n<meta property=\"article:modified_time\" content=\"2023-07-26T21:19:33+00:00\" \/>\n<meta property=\"og:image\" content=\"https:\/\/lasentinelle.dz\/wp-content\/uploads\/2023\/07\/CIJ.jpeg\" \/>\n\t<meta property=\"og:image:width\" content=\"1400\" \/>\n\t<meta property=\"og:image:height\" content=\"875\" \/>\n\t<meta property=\"og:image:type\" content=\"image\/jpeg\" \/>\n<meta name=\"author\" content=\"La Sentinelle\" \/>\n<meta name=\"twitter:card\" content=\"summary_large_image\" \/>\n<meta name=\"twitter:label1\" content=\"\u00c9crit par\" \/>\n\t<meta name=\"twitter:data1\" content=\"La Sentinelle\" \/>\n\t<meta name=\"twitter:label2\" content=\"Dur\u00e9e de lecture estim\u00e9e\" \/>\n\t<meta name=\"twitter:data2\" content=\"2 minutes\" \/>\n<script type=\"application\/ld+json\" class=\"yoast-schema-graph\">{\"@context\":\"https:\\\/\\\/schema.org\",\"@graph\":[{\"@type\":\"Article\",\"@id\":\"https:\\\/\\\/lasentinelle.dz\\\/index.php\\\/2023\\\/07\\\/26\\\/violations-sionistes-en-palestine-occupee-la-chine-interpelle-la-cour-internationale-de-justice\\\/#article\",\"isPartOf\":{\"@id\":\"https:\\\/\\\/lasentinelle.dz\\\/index.php\\\/2023\\\/07\\\/26\\\/violations-sionistes-en-palestine-occupee-la-chine-interpelle-la-cour-internationale-de-justice\\\/\"},\"author\":{\"name\":\"La Sentinelle\",\"@id\":\"https:\\\/\\\/lasentinelle.dz\\\/#\\\/schema\\\/person\\\/d865044e22e70a75174ce8bcad3acfb3\"},\"headline\":\"Violations sionistes en Palestine occup\u00e9e&nbsp;: La Chine interpelle la Cour internationale de Justice\",\"datePublished\":\"2023-07-26T21:19:30+00:00\",\"dateModified\":\"2023-07-26T21:19:33+00:00\",\"mainEntityOfPage\":{\"@id\":\"https:\\\/\\\/lasentinelle.dz\\\/index.php\\\/2023\\\/07\\\/26\\\/violations-sionistes-en-palestine-occupee-la-chine-interpelle-la-cour-internationale-de-justice\\\/\"},\"wordCount\":454,\"commentCount\":0,\"publisher\":{\"@id\":\"https:\\\/\\\/lasentinelle.dz\\\/#organization\"},\"image\":{\"@id\":\"https:\\\/\\\/lasentinelle.dz\\\/index.php\\\/2023\\\/07\\\/26\\\/violations-sionistes-en-palestine-occupee-la-chine-interpelle-la-cour-internationale-de-justice\\\/#primaryimage\"},\"thumbnailUrl\":\"https:\\\/\\\/lasentinelle.dz\\\/wp-content\\\/uploads\\\/2023\\\/07\\\/CIJ.jpeg\",\"articleSection\":[\"Monde\"],\"inLanguage\":\"fr-FR\",\"potentialAction\":[{\"@type\":\"CommentAction\",\"name\":\"Comment\",\"target\":[\"https:\\\/\\\/lasentinelle.dz\\\/index.php\\\/2023\\\/07\\\/26\\\/violations-sionistes-en-palestine-occupee-la-chine-interpelle-la-cour-internationale-de-justice\\\/#respond\"]}]},{\"@type\":\"WebPage\",\"@id\":\"https:\\\/\\\/lasentinelle.dz\\\/index.php\\\/2023\\\/07\\\/26\\\/violations-sionistes-en-palestine-occupee-la-chine-interpelle-la-cour-internationale-de-justice\\\/\",\"url\":\"https:\\\/\\\/lasentinelle.dz\\\/index.php\\\/2023\\\/07\\\/26\\\/violations-sionistes-en-palestine-occupee-la-chine-interpelle-la-cour-internationale-de-justice\\\/\",\"name\":\"Violations sionistes en Palestine occup\u00e9e&nbsp;: La Chine interpelle la Cour internationale de Justice - La Sentinelle\",\"isPartOf\":{\"@id\":\"https:\\\/\\\/lasentinelle.dz\\\/#website\"},\"primaryImageOfPage\":{\"@id\":\"https:\\\/\\\/lasentinelle.dz\\\/index.php\\\/2023\\\/07\\\/26\\\/violations-sionistes-en-palestine-occupee-la-chine-interpelle-la-cour-internationale-de-justice\\\/#primaryimage\"},\"image\":{\"@id\":\"https:\\\/\\\/lasentinelle.dz\\\/index.php\\\/2023\\\/07\\\/26\\\/violations-sionistes-en-palestine-occupee-la-chine-interpelle-la-cour-internationale-de-justice\\\/#primaryimage\"},\"thumbnailUrl\":\"https:\\\/\\\/lasentinelle.dz\\\/wp-content\\\/uploads\\\/2023\\\/07\\\/CIJ.jpeg\",\"datePublished\":\"2023-07-26T21:19:30+00:00\",\"dateModified\":\"2023-07-26T21:19:33+00:00\",\"breadcrumb\":{\"@id\":\"https:\\\/\\\/lasentinelle.dz\\\/index.php\\\/2023\\\/07\\\/26\\\/violations-sionistes-en-palestine-occupee-la-chine-interpelle-la-cour-internationale-de-justice\\\/#breadcrumb\"},\"inLanguage\":\"fr-FR\",\"potentialAction\":[{\"@type\":\"ReadAction\",\"target\":[\"https:\\\/\\\/lasentinelle.dz\\\/index.php\\\/2023\\\/07\\\/26\\\/violations-sionistes-en-palestine-occupee-la-chine-interpelle-la-cour-internationale-de-justice\\\/\"]}]},{\"@type\":\"ImageObject\",\"inLanguage\":\"fr-FR\",\"@id\":\"https:\\\/\\\/lasentinelle.dz\\\/index.php\\\/2023\\\/07\\\/26\\\/violations-sionistes-en-palestine-occupee-la-chine-interpelle-la-cour-internationale-de-justice\\\/#primaryimage\",\"url\":\"https:\\\/\\\/lasentinelle.dz\\\/wp-content\\\/uploads\\\/2023\\\/07\\\/CIJ.jpeg\",\"contentUrl\":\"https:\\\/\\\/lasentinelle.dz\\\/wp-content\\\/uploads\\\/2023\\\/07\\\/CIJ.jpeg\",\"width\":1400,\"height\":875,\"caption\":\"Judges arrive in the Great Hall of the International Court of Justice (ICJ) in The Hague, on March 19, 2018 as Bolivia and Chile face each other at the ICJ about a border conflict. (Photo by Jerry Lampen \\\/ ANP \\\/ AFP) \\\/ Netherlands OUT\"},{\"@type\":\"BreadcrumbList\",\"@id\":\"https:\\\/\\\/lasentinelle.dz\\\/index.php\\\/2023\\\/07\\\/26\\\/violations-sionistes-en-palestine-occupee-la-chine-interpelle-la-cour-internationale-de-justice\\\/#breadcrumb\",\"itemListElement\":[{\"@type\":\"ListItem\",\"position\":1,\"name\":\"Accueil\",\"item\":\"https:\\\/\\\/lasentinelle.dz\\\/\"},{\"@type\":\"ListItem\",\"position\":2,\"name\":\"Violations sionistes en Palestine occup\u00e9e&nbsp;: La Chine interpelle la Cour internationale de Justice\"}]},{\"@type\":\"WebSite\",\"@id\":\"https:\\\/\\\/lasentinelle.dz\\\/#website\",\"url\":\"https:\\\/\\\/lasentinelle.dz\\\/\",\"name\":\"La Sentinelle\",\"description\":\"Quotidien national d&#039;information\",\"publisher\":{\"@id\":\"https:\\\/\\\/lasentinelle.dz\\\/#organization\"},\"potentialAction\":[{\"@type\":\"SearchAction\",\"target\":{\"@type\":\"EntryPoint\",\"urlTemplate\":\"https:\\\/\\\/lasentinelle.dz\\\/?s={search_term_string}\"},\"query-input\":{\"@type\":\"PropertyValueSpecification\",\"valueRequired\":true,\"valueName\":\"search_term_string\"}}],\"inLanguage\":\"fr-FR\"},{\"@type\":\"Organization\",\"@id\":\"https:\\\/\\\/lasentinelle.dz\\\/#organization\",\"name\":\"Quotidien La Sentinelle\",\"url\":\"https:\\\/\\\/lasentinelle.dz\\\/\",\"logo\":{\"@type\":\"ImageObject\",\"inLanguage\":\"fr-FR\",\"@id\":\"https:\\\/\\\/lasentinelle.dz\\\/#\\\/schema\\\/logo\\\/image\\\/\",\"url\":\"https:\\\/\\\/lasentinelle.dz\\\/wp-content\\\/uploads\\\/2021\\\/09\\\/logo-sentinelleSLOGAN-1.png\",\"contentUrl\":\"https:\\\/\\\/lasentinelle.dz\\\/wp-content\\\/uploads\\\/2021\\\/09\\\/logo-sentinelleSLOGAN-1.png\",\"width\":615,\"height\":142,\"caption\":\"Quotidien La Sentinelle\"},\"image\":{\"@id\":\"https:\\\/\\\/lasentinelle.dz\\\/#\\\/schema\\\/logo\\\/image\\\/\"},\"sameAs\":[\"https:\\\/\\\/www.facebook.com\\\/La-Sentinelle-104059864394773\"]},{\"@type\":\"Person\",\"@id\":\"https:\\\/\\\/lasentinelle.dz\\\/#\\\/schema\\\/person\\\/d865044e22e70a75174ce8bcad3acfb3\",\"name\":\"La Sentinelle\",\"image\":{\"@type\":\"ImageObject\",\"inLanguage\":\"fr-FR\",\"@id\":\"https:\\\/\\\/secure.gravatar.com\\\/avatar\\\/57de8e5d4b15d43fb361a71fbb36338450fe67865b528a43dd10ef7c51a20392?s=96&d=mm&r=g\",\"url\":\"https:\\\/\\\/secure.gravatar.com\\\/avatar\\\/57de8e5d4b15d43fb361a71fbb36338450fe67865b528a43dd10ef7c51a20392?s=96&d=mm&r=g\",\"contentUrl\":\"https:\\\/\\\/secure.gravatar.com\\\/avatar\\\/57de8e5d4b15d43fb361a71fbb36338450fe67865b528a43dd10ef7c51a20392?s=96&d=mm&r=g\",\"caption\":\"La Sentinelle\"},\"sameAs\":[\"http:\\\/\\\/www.lasentinelle.dz\"],\"url\":\"https:\\\/\\\/lasentinelle.dz\\\/author\\\/redaction\\\/\"}]}<\/script>\n<!-- \/ Yoast SEO plugin. -->","yoast_head_json":{"title":"Violations sionistes en Palestine occup\u00e9e&nbsp;: La Chine interpelle la Cour internationale de Justice - La Sentinelle","robots":{"index":"index","follow":"follow","max-snippet":"max-snippet:-1","max-image-preview":"max-image-preview:large","max-video-preview":"max-video-preview:-1"},"canonical":"https:\/\/lasentinelle.dz\/index.php\/2023\/07\/26\/violations-sionistes-en-palestine-occupee-la-chine-interpelle-la-cour-internationale-de-justice\/","og_locale":"fr_FR","og_type":"article","og_title":"Violations sionistes en Palestine occup\u00e9e&nbsp;: La Chine interpelle la Cour internationale de Justice - La Sentinelle","og_description":"Le vice-ministre chinois des Affaires \u00e9trang\u00e8res a pr\u00e9sent\u00e9 une plaidoirie \u00e0 la Cour internationale de justice (C.I.J) sur les violations","og_url":"https:\/\/lasentinelle.dz\/index.php\/2023\/07\/26\/violations-sionistes-en-palestine-occupee-la-chine-interpelle-la-cour-internationale-de-justice\/","og_site_name":"La Sentinelle","article_publisher":"https:\/\/www.facebook.com\/La-Sentinelle-104059864394773","article_published_time":"2023-07-26T21:19:30+00:00","article_modified_time":"2023-07-26T21:19:33+00:00","og_image":[{"width":1400,"height":875,"url":"https:\/\/lasentinelle.dz\/wp-content\/uploads\/2023\/07\/CIJ.jpeg","type":"image\/jpeg"}],"author":"La Sentinelle","twitter_card":"summary_large_image","twitter_misc":{"\u00c9crit par":"La Sentinelle","Dur\u00e9e de lecture estim\u00e9e":"2 minutes"},"schema":{"@context":"https:\/\/schema.org","@graph":[{"@type":"Article","@id":"https:\/\/lasentinelle.dz\/index.php\/2023\/07\/26\/violations-sionistes-en-palestine-occupee-la-chine-interpelle-la-cour-internationale-de-justice\/#article","isPartOf":{"@id":"https:\/\/lasentinelle.dz\/index.php\/2023\/07\/26\/violations-sionistes-en-palestine-occupee-la-chine-interpelle-la-cour-internationale-de-justice\/"},"author":{"name":"La Sentinelle","@id":"https:\/\/lasentinelle.dz\/#\/schema\/person\/d865044e22e70a75174ce8bcad3acfb3"},"headline":"Violations sionistes en Palestine occup\u00e9e&nbsp;: La Chine interpelle la Cour internationale de Justice","datePublished":"2023-07-26T21:19:30+00:00","dateModified":"2023-07-26T21:19:33+00:00","mainEntityOfPage":{"@id":"https:\/\/lasentinelle.dz\/index.php\/2023\/07\/26\/violations-sionistes-en-palestine-occupee-la-chine-interpelle-la-cour-internationale-de-justice\/"},"wordCount":454,"commentCount":0,"publisher":{"@id":"https:\/\/lasentinelle.dz\/#organization"},"image":{"@id":"https:\/\/lasentinelle.dz\/index.php\/2023\/07\/26\/violations-sionistes-en-palestine-occupee-la-chine-interpelle-la-cour-internationale-de-justice\/#primaryimage"},"thumbnailUrl":"https:\/\/lasentinelle.dz\/wp-content\/uploads\/2023\/07\/CIJ.jpeg","articleSection":["Monde"],"inLanguage":"fr-FR","potentialAction":[{"@type":"CommentAction","name":"Comment","target":["https:\/\/lasentinelle.dz\/index.php\/2023\/07\/26\/violations-sionistes-en-palestine-occupee-la-chine-interpelle-la-cour-internationale-de-justice\/#respond"]}]},{"@type":"WebPage","@id":"https:\/\/lasentinelle.dz\/index.php\/2023\/07\/26\/violations-sionistes-en-palestine-occupee-la-chine-interpelle-la-cour-internationale-de-justice\/","url":"https:\/\/lasentinelle.dz\/index.php\/2023\/07\/26\/violations-sionistes-en-palestine-occupee-la-chine-interpelle-la-cour-internationale-de-justice\/","name":"Violations sionistes en Palestine occup\u00e9e&nbsp;: La Chine interpelle la Cour internationale de Justice - La Sentinelle","isPartOf":{"@id":"https:\/\/lasentinelle.dz\/#website"},"primaryImageOfPage":{"@id":"https:\/\/lasentinelle.dz\/index.php\/2023\/07\/26\/violations-sionistes-en-palestine-occupee-la-chine-interpelle-la-cour-internationale-de-justice\/#primaryimage"},"image":{"@id":"https:\/\/lasentinelle.dz\/index.php\/2023\/07\/26\/violations-sionistes-en-palestine-occupee-la-chine-interpelle-la-cour-internationale-de-justice\/#primaryimage"},"thumbnailUrl":"https:\/\/lasentinelle.dz\/wp-content\/uploads\/2023\/07\/CIJ.jpeg","datePublished":"2023-07-26T21:19:30+00:00","dateModified":"2023-07-26T21:19:33+00:00","breadcrumb":{"@id":"https:\/\/lasentinelle.dz\/index.php\/2023\/07\/26\/violations-sionistes-en-palestine-occupee-la-chine-interpelle-la-cour-internationale-de-justice\/#breadcrumb"},"inLanguage":"fr-FR","potentialAction":[{"@type":"ReadAction","target":["https:\/\/lasentinelle.dz\/index.php\/2023\/07\/26\/violations-sionistes-en-palestine-occupee-la-chine-interpelle-la-cour-internationale-de-justice\/"]}]},{"@type":"ImageObject","inLanguage":"fr-FR","@id":"https:\/\/lasentinelle.dz\/index.php\/2023\/07\/26\/violations-sionistes-en-palestine-occupee-la-chine-interpelle-la-cour-internationale-de-justice\/#primaryimage","url":"https:\/\/lasentinelle.dz\/wp-content\/uploads\/2023\/07\/CIJ.jpeg","contentUrl":"https:\/\/lasentinelle.dz\/wp-content\/uploads\/2023\/07\/CIJ.jpeg","width":1400,"height":875,"caption":"Judges arrive in the Great Hall of the International Court of Justice (ICJ) in The Hague, on March 19, 2018 as Bolivia and Chile face each other at the ICJ about a border conflict. (Photo by Jerry Lampen \/ ANP \/ AFP) \/ Netherlands OUT"},{"@type":"BreadcrumbList","@id":"https:\/\/lasentinelle.dz\/index.php\/2023\/07\/26\/violations-sionistes-en-palestine-occupee-la-chine-interpelle-la-cour-internationale-de-justice\/#breadcrumb","itemListElement":[{"@type":"ListItem","position":1,"name":"Accueil","item":"https:\/\/lasentinelle.dz\/"},{"@type":"ListItem","position":2,"name":"Violations sionistes en Palestine occup\u00e9e&nbsp;: La Chine interpelle la Cour internationale de Justice"}]},{"@type":"WebSite","@id":"https:\/\/lasentinelle.dz\/#website","url":"https:\/\/lasentinelle.dz\/","name":"La Sentinelle","description":"Quotidien national d&#039;information","publisher":{"@id":"https:\/\/lasentinelle.dz\/#organization"},"potentialAction":[{"@type":"SearchAction","target":{"@type":"EntryPoint","urlTemplate":"https:\/\/lasentinelle.dz\/?s={search_term_string}"},"query-input":{"@type":"PropertyValueSpecification","valueRequired":true,"valueName":"search_term_string"}}],"inLanguage":"fr-FR"},{"@type":"Organization","@id":"https:\/\/lasentinelle.dz\/#organization","name":"Quotidien La Sentinelle","url":"https:\/\/lasentinelle.dz\/","logo":{"@type":"ImageObject","inLanguage":"fr-FR","@id":"https:\/\/lasentinelle.dz\/#\/schema\/logo\/image\/","url":"https:\/\/lasentinelle.dz\/wp-content\/uploads\/2021\/09\/logo-sentinelleSLOGAN-1.png","contentUrl":"https:\/\/lasentinelle.dz\/wp-content\/uploads\/2021\/09\/logo-sentinelleSLOGAN-1.png","width":615,"height":142,"caption":"Quotidien La Sentinelle"},"image":{"@id":"https:\/\/lasentinelle.dz\/#\/schema\/logo\/image\/"},"sameAs":["https:\/\/www.facebook.com\/La-Sentinelle-104059864394773"]},{"@type":"Person","@id":"https:\/\/lasentinelle.dz\/#\/schema\/person\/d865044e22e70a75174ce8bcad3acfb3","name":"La Sentinelle","image":{"@type":"ImageObject","inLanguage":"fr-FR","@id":"https:\/\/secure.gravatar.com\/avatar\/57de8e5d4b15d43fb361a71fbb36338450fe67865b528a43dd10ef7c51a20392?s=96&d=mm&r=g","url":"https:\/\/secure.gravatar.com\/avatar\/57de8e5d4b15d43fb361a71fbb36338450fe67865b528a43dd10ef7c51a20392?s=96&d=mm&r=g","contentUrl":"https:\/\/secure.gravatar.com\/avatar\/57de8e5d4b15d43fb361a71fbb36338450fe67865b528a43dd10ef7c51a20392?s=96&d=mm&r=g","caption":"La Sentinelle"},"sameAs":["http:\/\/www.lasentinelle.dz"],"url":"https:\/\/lasentinelle.dz\/author\/redaction\/"}]}},"_links":{"self":[{"href":"https:\/\/lasentinelle.dz\/index.php\/wp-json\/wp\/v2\/posts\/44050","targetHints":{"allow":["GET"]}}],"collection":[{"href":"https:\/\/lasentinelle.dz\/index.php\/wp-json\/wp\/v2\/posts"}],"about":[{"href":"https:\/\/lasentinelle.dz\/index.php\/wp-json\/wp\/v2\/types\/post"}],"author":[{"embeddable":true,"href":"https:\/\/lasentinelle.dz\/index.php\/wp-json\/wp\/v2\/users\/3"}],"replies":[{"embeddable":true,"href":"https:\/\/lasentinelle.dz\/index.php\/wp-json\/wp\/v2\/comments?post=44050"}],"version-history":[{"count":1,"href":"https:\/\/lasentinelle.dz\/index.php\/wp-json\/wp\/v2\/posts\/44050\/revisions"}],"predecessor-version":[{"id":44052,"href":"https:\/\/lasentinelle.dz\/index.php\/wp-json\/wp\/v2\/posts\/44050\/revisions\/44052"}],"wp:featuredmedia":[{"embeddable":true,"href":"https:\/\/lasentinelle.dz\/index.php\/wp-json\/wp\/v2\/media\/44051"}],"wp:attachment":[{"href":"https:\/\/lasentinelle.dz\/index.php\/wp-json\/wp\/v2\/media?parent=44050"}],"wp:term":[{"taxonomy":"category","embeddable":true,"href":"https:\/\/lasentinelle.dz\/index.php\/wp-json\/wp\/v2\/categories?post=44050"},{"taxonomy":"post_tag","embeddable":true,"href":"https:\/\/lasentinelle.dz\/index.php\/wp-json\/wp\/v2\/tags?post=44050"}],"curies":[{"name":"wp","href":"https:\/\/api.w.org\/{rel}","templated":true}]}}