{"id":44071,"date":"2023-07-29T21:15:13","date_gmt":"2023-07-29T20:15:13","guid":{"rendered":"https:\/\/lasentinelle.dz\/?p=44071"},"modified":"2023-07-29T21:15:15","modified_gmt":"2023-07-29T20:15:15","slug":"championnats-dafrique-juniors-de-judo-lalgerie-finit-sur-le-podium","status":"publish","type":"post","link":"https:\/\/lasentinelle.dz\/index.php\/2023\/07\/29\/championnats-dafrique-juniors-de-judo-lalgerie-finit-sur-le-podium\/","title":{"rendered":"Championnats d&rsquo;Afrique juniors de Judo&nbsp;: L&rsquo;Alg\u00e9rie finit sur le podium"},"content":{"rendered":"\n<p>La s\u00e9lection alg\u00e9rienne junior de judo a fini sur le podium en d\u00e9crochant la troisi\u00e8me place dans l&rsquo;\u00e9preuve par \u00e9quipes mixtes des Championnats d&rsquo;Afrique 2023, cl\u00f4tur\u00e9s vendredi \u00e0 Antananarivo (Madagascar).<\/p>\n\n\n\n<p>La premi\u00e8re place est revenue \u00e0 l&rsquo;Egypte devant le Cameroun deuxi\u00e8me de la comp\u00e9tition. Le doubl\u00e9 donc pour les jeunes Pharaons d&rsquo;Egypte, ayant d\u00e9j\u00e0 domin\u00e9 les \u00e9preuves individuelles, avec une moisson de 14 m\u00e9dailles : 5 or, 6 argent et 3 bronze. La s\u00e9lection alg\u00e9rienne avait fait un peu mieux en individuel, en terminant deuxi\u00e8me avec neuf m\u00e9dailles : 2 or, 2 argent et 5 bronze. Les m\u00e9dailles d&rsquo;or alg\u00e9riennes ont \u00e9t\u00e9 l&rsquo;\u0153uvre de Melissa Kechout chez les moins de 57 kilos\/dames, et de Mohamed El Mahdi Masahel chez les plus de 100 kilos\/messieurs. Une moisson bonifi\u00e9e par les m\u00e9daille d&rsquo;argent d&rsquo;Ishak Aboulhassen Mecheta (-66 kg) et de Abdallah Fala (-100 kg), au moment o\u00f9 cinq de leurs compatriotes se sont content\u00e9s du bronze. Il s&rsquo;agit de : Hadi Yasmine (-48 kg), Cha\u00efma Kaddour (-63 kg) et Benchalel Dihiya (-70 kg) chezles dames, ainsi que Hossam Benbrenis et Rayane Zakaria Benattia chez les messieurs et qui avaient concouru l&rsquo;un comme l&rsquo;autre dans la cat\u00e9gorie des moins de 90 kilos. Au classement g\u00e9n\u00e9ral, l&rsquo;\u00e9quipe alg\u00e9rienne est devanc\u00e9e par l&rsquo;Egypte qui s&rsquo;est adjug\u00e9e la premi\u00e8re place, avec une moisson de 14 m\u00e9dailles : 5 or, 6 argent et 3 bronze, alors que le S\u00e9n\u00e9gal a compl\u00e9t\u00e9 le podium, avec 2 or et quatre bronze. De son c\u00f4t\u00e9, l&rsquo;Angola a \u00e9chou\u00e9 au pied du podium (4e), avec une seule m\u00e9daille d&rsquo;or \u00e0 son actif. L&rsquo;Afrique du Sud et la C\u00f4te d&rsquo;Ivoire ont termin\u00e9 ex aequo \u00e0 la septi\u00e8me place. Les Championnats d&rsquo;Afrique (Individuels et par \u00e9quipes) de la cat\u00e9gorie junior vont d\u00e9sormais laisser place \u00e0 ceux des Cadets. La s\u00e9lection alg\u00e9rienne y sera engag\u00e9e \u00e9galement avec seize athl\u00e8tes. Il s&rsquo;agit d&rsquo;Abderrahim Medjahed (-50 kg), Adel Boussahel (-55 kg), Oussama Hezil (-60 kg), Nasreddine Ensa\u00e2d (-66 kg), R\u00e9da Younsi (-73 kg), Abderrahmane Haiouani (-81 kg), Ahmed Samy Bouyakoub (-90 kg) et Zakaria Lazri (+90 kg) chez les gar\u00e7ons, ainsi que Racha A\u00efdoun (-40 kg), Marissa Melaba (-44 kg), Nadjla La\u00efm\u00e8che (-48 kg), Samia Khaldi (-52 kg), Nourhane Ghazali (-57 kg), Hadjer Arras (-63 kg), Lydia Kechout (-70 kg) et Lina Benfedda (+70 kg) chez les filles.<\/p>\n\n\n\n<p>R.S.<\/p>\n","protected":false},"excerpt":{"rendered":"<p>La s\u00e9lection alg\u00e9rienne junior de judo a fini sur le podium en d\u00e9crochant la troisi\u00e8me place dans l&rsquo;\u00e9preuve par \u00e9quipes<\/p>\n","protected":false},"author":3,"featured_media":44072,"comment_status":"open","ping_status":"closed","sticky":false,"template":"","format":"standard","meta":{"colormag_page_container_layout":"default_layout","colormag_page_sidebar_layout":"default_layout","om_disable_all_campaigns":false,"_monsterinsights_skip_tracking":false,"_monsterinsights_sitenote_active":false,"_monsterinsights_sitenote_note":"","_monsterinsights_sitenote_category":0,"footnotes":"","_wpscppro_dont_share_socialmedia":false,"_wpscppro_custom_social_share_image":0,"_facebook_share_type":"","_twitter_share_type":"","_linkedin_share_type":"","_pinterest_share_type":"","_linkedin_share_type_page":"","_instagram_share_type":"","_medium_share_type":"","_threads_share_type":"","_google_business_share_type":"","_selected_social_profile":[],"_wpsp_enable_custom_social_template":false,"_wpsp_social_scheduling":{"enabled":false,"datetime":null,"platforms":[],"status":"template_only","dateOption":"today","timeOption":"now","customDays":"","customHours":"","customDate":"","customTime":"","schedulingType":"absolute"},"_wpsp_active_default_template":true},"categories":[33],"tags":[],"class_list":["post-44071","post","type-post","status-publish","format-standard","has-post-thumbnail","hentry","category-sports"],"aioseo_notices":[],"yoast_head":"<!-- This site is optimized with the Yoast SEO plugin v27.5 - https:\/\/yoast.com\/product\/yoast-seo-wordpress\/ -->\n<title>Championnats d&rsquo;Afrique juniors de Judo&nbsp;: L&rsquo;Alg\u00e9rie finit sur le podium - La Sentinelle<\/title>\n<meta name=\"robots\" content=\"index, follow, max-snippet:-1, max-image-preview:large, max-video-preview:-1\" \/>\n<link rel=\"canonical\" href=\"https:\/\/lasentinelle.dz\/index.php\/2023\/07\/29\/championnats-dafrique-juniors-de-judo-lalgerie-finit-sur-le-podium\/\" \/>\n<meta property=\"og:locale\" content=\"fr_FR\" \/>\n<meta property=\"og:type\" content=\"article\" \/>\n<meta property=\"og:title\" content=\"Championnats d&rsquo;Afrique juniors de Judo&nbsp;: L&rsquo;Alg\u00e9rie finit sur le podium - La Sentinelle\" \/>\n<meta property=\"og:description\" content=\"La s\u00e9lection alg\u00e9rienne junior de judo a fini sur le podium en d\u00e9crochant la troisi\u00e8me place dans l&rsquo;\u00e9preuve par \u00e9quipes\" \/>\n<meta property=\"og:url\" content=\"https:\/\/lasentinelle.dz\/index.php\/2023\/07\/29\/championnats-dafrique-juniors-de-judo-lalgerie-finit-sur-le-podium\/\" \/>\n<meta property=\"og:site_name\" content=\"La Sentinelle\" \/>\n<meta property=\"article:publisher\" content=\"https:\/\/www.facebook.com\/La-Sentinelle-104059864394773\" \/>\n<meta property=\"article:published_time\" content=\"2023-07-29T20:15:13+00:00\" \/>\n<meta property=\"article:modified_time\" content=\"2023-07-29T20:15:15+00:00\" \/>\n<meta property=\"og:image\" content=\"https:\/\/lasentinelle.dz\/wp-content\/uploads\/2023\/07\/judo.webp\" \/>\n\t<meta property=\"og:image:width\" content=\"900\" \/>\n\t<meta property=\"og:image:height\" content=\"675\" \/>\n\t<meta property=\"og:image:type\" content=\"image\/webp\" \/>\n<meta name=\"author\" content=\"La Sentinelle\" \/>\n<meta name=\"twitter:card\" content=\"summary_large_image\" \/>\n<meta name=\"twitter:label1\" content=\"\u00c9crit par\" \/>\n\t<meta name=\"twitter:data1\" content=\"La Sentinelle\" \/>\n\t<meta name=\"twitter:label2\" content=\"Dur\u00e9e de lecture estim\u00e9e\" \/>\n\t<meta name=\"twitter:data2\" content=\"2 minutes\" \/>\n<script type=\"application\/ld+json\" class=\"yoast-schema-graph\">{\"@context\":\"https:\\\/\\\/schema.org\",\"@graph\":[{\"@type\":\"Article\",\"@id\":\"https:\\\/\\\/lasentinelle.dz\\\/index.php\\\/2023\\\/07\\\/29\\\/championnats-dafrique-juniors-de-judo-lalgerie-finit-sur-le-podium\\\/#article\",\"isPartOf\":{\"@id\":\"https:\\\/\\\/lasentinelle.dz\\\/index.php\\\/2023\\\/07\\\/29\\\/championnats-dafrique-juniors-de-judo-lalgerie-finit-sur-le-podium\\\/\"},\"author\":{\"name\":\"La Sentinelle\",\"@id\":\"https:\\\/\\\/lasentinelle.dz\\\/#\\\/schema\\\/person\\\/d865044e22e70a75174ce8bcad3acfb3\"},\"headline\":\"Championnats d&rsquo;Afrique juniors de Judo&nbsp;: L&rsquo;Alg\u00e9rie finit sur le podium\",\"datePublished\":\"2023-07-29T20:15:13+00:00\",\"dateModified\":\"2023-07-29T20:15:15+00:00\",\"mainEntityOfPage\":{\"@id\":\"https:\\\/\\\/lasentinelle.dz\\\/index.php\\\/2023\\\/07\\\/29\\\/championnats-dafrique-juniors-de-judo-lalgerie-finit-sur-le-podium\\\/\"},\"wordCount\":444,\"commentCount\":0,\"publisher\":{\"@id\":\"https:\\\/\\\/lasentinelle.dz\\\/#organization\"},\"image\":{\"@id\":\"https:\\\/\\\/lasentinelle.dz\\\/index.php\\\/2023\\\/07\\\/29\\\/championnats-dafrique-juniors-de-judo-lalgerie-finit-sur-le-podium\\\/#primaryimage\"},\"thumbnailUrl\":\"https:\\\/\\\/lasentinelle.dz\\\/wp-content\\\/uploads\\\/2023\\\/07\\\/judo.webp\",\"articleSection\":[\"Sports\"],\"inLanguage\":\"fr-FR\",\"potentialAction\":[{\"@type\":\"CommentAction\",\"name\":\"Comment\",\"target\":[\"https:\\\/\\\/lasentinelle.dz\\\/index.php\\\/2023\\\/07\\\/29\\\/championnats-dafrique-juniors-de-judo-lalgerie-finit-sur-le-podium\\\/#respond\"]}]},{\"@type\":\"WebPage\",\"@id\":\"https:\\\/\\\/lasentinelle.dz\\\/index.php\\\/2023\\\/07\\\/29\\\/championnats-dafrique-juniors-de-judo-lalgerie-finit-sur-le-podium\\\/\",\"url\":\"https:\\\/\\\/lasentinelle.dz\\\/index.php\\\/2023\\\/07\\\/29\\\/championnats-dafrique-juniors-de-judo-lalgerie-finit-sur-le-podium\\\/\",\"name\":\"Championnats d&rsquo;Afrique juniors de Judo&nbsp;: L&rsquo;Alg\u00e9rie finit sur le podium - La Sentinelle\",\"isPartOf\":{\"@id\":\"https:\\\/\\\/lasentinelle.dz\\\/#website\"},\"primaryImageOfPage\":{\"@id\":\"https:\\\/\\\/lasentinelle.dz\\\/index.php\\\/2023\\\/07\\\/29\\\/championnats-dafrique-juniors-de-judo-lalgerie-finit-sur-le-podium\\\/#primaryimage\"},\"image\":{\"@id\":\"https:\\\/\\\/lasentinelle.dz\\\/index.php\\\/2023\\\/07\\\/29\\\/championnats-dafrique-juniors-de-judo-lalgerie-finit-sur-le-podium\\\/#primaryimage\"},\"thumbnailUrl\":\"https:\\\/\\\/lasentinelle.dz\\\/wp-content\\\/uploads\\\/2023\\\/07\\\/judo.webp\",\"datePublished\":\"2023-07-29T20:15:13+00:00\",\"dateModified\":\"2023-07-29T20:15:15+00:00\",\"breadcrumb\":{\"@id\":\"https:\\\/\\\/lasentinelle.dz\\\/index.php\\\/2023\\\/07\\\/29\\\/championnats-dafrique-juniors-de-judo-lalgerie-finit-sur-le-podium\\\/#breadcrumb\"},\"inLanguage\":\"fr-FR\",\"potentialAction\":[{\"@type\":\"ReadAction\",\"target\":[\"https:\\\/\\\/lasentinelle.dz\\\/index.php\\\/2023\\\/07\\\/29\\\/championnats-dafrique-juniors-de-judo-lalgerie-finit-sur-le-podium\\\/\"]}]},{\"@type\":\"ImageObject\",\"inLanguage\":\"fr-FR\",\"@id\":\"https:\\\/\\\/lasentinelle.dz\\\/index.php\\\/2023\\\/07\\\/29\\\/championnats-dafrique-juniors-de-judo-lalgerie-finit-sur-le-podium\\\/#primaryimage\",\"url\":\"https:\\\/\\\/lasentinelle.dz\\\/wp-content\\\/uploads\\\/2023\\\/07\\\/judo.webp\",\"contentUrl\":\"https:\\\/\\\/lasentinelle.dz\\\/wp-content\\\/uploads\\\/2023\\\/07\\\/judo.webp\",\"width\":900,\"height\":675},{\"@type\":\"BreadcrumbList\",\"@id\":\"https:\\\/\\\/lasentinelle.dz\\\/index.php\\\/2023\\\/07\\\/29\\\/championnats-dafrique-juniors-de-judo-lalgerie-finit-sur-le-podium\\\/#breadcrumb\",\"itemListElement\":[{\"@type\":\"ListItem\",\"position\":1,\"name\":\"Accueil\",\"item\":\"https:\\\/\\\/lasentinelle.dz\\\/\"},{\"@type\":\"ListItem\",\"position\":2,\"name\":\"Championnats d&rsquo;Afrique juniors de Judo&nbsp;: L&rsquo;Alg\u00e9rie finit sur le podium\"}]},{\"@type\":\"WebSite\",\"@id\":\"https:\\\/\\\/lasentinelle.dz\\\/#website\",\"url\":\"https:\\\/\\\/lasentinelle.dz\\\/\",\"name\":\"La Sentinelle\",\"description\":\"Quotidien national d&#039;information\",\"publisher\":{\"@id\":\"https:\\\/\\\/lasentinelle.dz\\\/#organization\"},\"potentialAction\":[{\"@type\":\"SearchAction\",\"target\":{\"@type\":\"EntryPoint\",\"urlTemplate\":\"https:\\\/\\\/lasentinelle.dz\\\/?s={search_term_string}\"},\"query-input\":{\"@type\":\"PropertyValueSpecification\",\"valueRequired\":true,\"valueName\":\"search_term_string\"}}],\"inLanguage\":\"fr-FR\"},{\"@type\":\"Organization\",\"@id\":\"https:\\\/\\\/lasentinelle.dz\\\/#organization\",\"name\":\"Quotidien La Sentinelle\",\"url\":\"https:\\\/\\\/lasentinelle.dz\\\/\",\"logo\":{\"@type\":\"ImageObject\",\"inLanguage\":\"fr-FR\",\"@id\":\"https:\\\/\\\/lasentinelle.dz\\\/#\\\/schema\\\/logo\\\/image\\\/\",\"url\":\"https:\\\/\\\/lasentinelle.dz\\\/wp-content\\\/uploads\\\/2021\\\/09\\\/logo-sentinelleSLOGAN-1.png\",\"contentUrl\":\"https:\\\/\\\/lasentinelle.dz\\\/wp-content\\\/uploads\\\/2021\\\/09\\\/logo-sentinelleSLOGAN-1.png\",\"width\":615,\"height\":142,\"caption\":\"Quotidien La Sentinelle\"},\"image\":{\"@id\":\"https:\\\/\\\/lasentinelle.dz\\\/#\\\/schema\\\/logo\\\/image\\\/\"},\"sameAs\":[\"https:\\\/\\\/www.facebook.com\\\/La-Sentinelle-104059864394773\"]},{\"@type\":\"Person\",\"@id\":\"https:\\\/\\\/lasentinelle.dz\\\/#\\\/schema\\\/person\\\/d865044e22e70a75174ce8bcad3acfb3\",\"name\":\"La Sentinelle\",\"image\":{\"@type\":\"ImageObject\",\"inLanguage\":\"fr-FR\",\"@id\":\"https:\\\/\\\/secure.gravatar.com\\\/avatar\\\/57de8e5d4b15d43fb361a71fbb36338450fe67865b528a43dd10ef7c51a20392?s=96&d=mm&r=g\",\"url\":\"https:\\\/\\\/secure.gravatar.com\\\/avatar\\\/57de8e5d4b15d43fb361a71fbb36338450fe67865b528a43dd10ef7c51a20392?s=96&d=mm&r=g\",\"contentUrl\":\"https:\\\/\\\/secure.gravatar.com\\\/avatar\\\/57de8e5d4b15d43fb361a71fbb36338450fe67865b528a43dd10ef7c51a20392?s=96&d=mm&r=g\",\"caption\":\"La Sentinelle\"},\"sameAs\":[\"http:\\\/\\\/www.lasentinelle.dz\"],\"url\":\"https:\\\/\\\/lasentinelle.dz\\\/author\\\/redaction\\\/\"}]}<\/script>\n<!-- \/ Yoast SEO plugin. -->","yoast_head_json":{"title":"Championnats d&rsquo;Afrique juniors de Judo&nbsp;: L&rsquo;Alg\u00e9rie finit sur le podium - La Sentinelle","robots":{"index":"index","follow":"follow","max-snippet":"max-snippet:-1","max-image-preview":"max-image-preview:large","max-video-preview":"max-video-preview:-1"},"canonical":"https:\/\/lasentinelle.dz\/index.php\/2023\/07\/29\/championnats-dafrique-juniors-de-judo-lalgerie-finit-sur-le-podium\/","og_locale":"fr_FR","og_type":"article","og_title":"Championnats d&rsquo;Afrique juniors de Judo&nbsp;: L&rsquo;Alg\u00e9rie finit sur le podium - La Sentinelle","og_description":"La s\u00e9lection alg\u00e9rienne junior de judo a fini sur le podium en d\u00e9crochant la troisi\u00e8me place dans l&rsquo;\u00e9preuve par \u00e9quipes","og_url":"https:\/\/lasentinelle.dz\/index.php\/2023\/07\/29\/championnats-dafrique-juniors-de-judo-lalgerie-finit-sur-le-podium\/","og_site_name":"La Sentinelle","article_publisher":"https:\/\/www.facebook.com\/La-Sentinelle-104059864394773","article_published_time":"2023-07-29T20:15:13+00:00","article_modified_time":"2023-07-29T20:15:15+00:00","og_image":[{"width":900,"height":675,"url":"https:\/\/lasentinelle.dz\/wp-content\/uploads\/2023\/07\/judo.webp","type":"image\/webp"}],"author":"La Sentinelle","twitter_card":"summary_large_image","twitter_misc":{"\u00c9crit par":"La Sentinelle","Dur\u00e9e de lecture estim\u00e9e":"2 minutes"},"schema":{"@context":"https:\/\/schema.org","@graph":[{"@type":"Article","@id":"https:\/\/lasentinelle.dz\/index.php\/2023\/07\/29\/championnats-dafrique-juniors-de-judo-lalgerie-finit-sur-le-podium\/#article","isPartOf":{"@id":"https:\/\/lasentinelle.dz\/index.php\/2023\/07\/29\/championnats-dafrique-juniors-de-judo-lalgerie-finit-sur-le-podium\/"},"author":{"name":"La Sentinelle","@id":"https:\/\/lasentinelle.dz\/#\/schema\/person\/d865044e22e70a75174ce8bcad3acfb3"},"headline":"Championnats d&rsquo;Afrique juniors de Judo&nbsp;: L&rsquo;Alg\u00e9rie finit sur le podium","datePublished":"2023-07-29T20:15:13+00:00","dateModified":"2023-07-29T20:15:15+00:00","mainEntityOfPage":{"@id":"https:\/\/lasentinelle.dz\/index.php\/2023\/07\/29\/championnats-dafrique-juniors-de-judo-lalgerie-finit-sur-le-podium\/"},"wordCount":444,"commentCount":0,"publisher":{"@id":"https:\/\/lasentinelle.dz\/#organization"},"image":{"@id":"https:\/\/lasentinelle.dz\/index.php\/2023\/07\/29\/championnats-dafrique-juniors-de-judo-lalgerie-finit-sur-le-podium\/#primaryimage"},"thumbnailUrl":"https:\/\/lasentinelle.dz\/wp-content\/uploads\/2023\/07\/judo.webp","articleSection":["Sports"],"inLanguage":"fr-FR","potentialAction":[{"@type":"CommentAction","name":"Comment","target":["https:\/\/lasentinelle.dz\/index.php\/2023\/07\/29\/championnats-dafrique-juniors-de-judo-lalgerie-finit-sur-le-podium\/#respond"]}]},{"@type":"WebPage","@id":"https:\/\/lasentinelle.dz\/index.php\/2023\/07\/29\/championnats-dafrique-juniors-de-judo-lalgerie-finit-sur-le-podium\/","url":"https:\/\/lasentinelle.dz\/index.php\/2023\/07\/29\/championnats-dafrique-juniors-de-judo-lalgerie-finit-sur-le-podium\/","name":"Championnats d&rsquo;Afrique juniors de Judo&nbsp;: L&rsquo;Alg\u00e9rie finit sur le podium - La Sentinelle","isPartOf":{"@id":"https:\/\/lasentinelle.dz\/#website"},"primaryImageOfPage":{"@id":"https:\/\/lasentinelle.dz\/index.php\/2023\/07\/29\/championnats-dafrique-juniors-de-judo-lalgerie-finit-sur-le-podium\/#primaryimage"},"image":{"@id":"https:\/\/lasentinelle.dz\/index.php\/2023\/07\/29\/championnats-dafrique-juniors-de-judo-lalgerie-finit-sur-le-podium\/#primaryimage"},"thumbnailUrl":"https:\/\/lasentinelle.dz\/wp-content\/uploads\/2023\/07\/judo.webp","datePublished":"2023-07-29T20:15:13+00:00","dateModified":"2023-07-29T20:15:15+00:00","breadcrumb":{"@id":"https:\/\/lasentinelle.dz\/index.php\/2023\/07\/29\/championnats-dafrique-juniors-de-judo-lalgerie-finit-sur-le-podium\/#breadcrumb"},"inLanguage":"fr-FR","potentialAction":[{"@type":"ReadAction","target":["https:\/\/lasentinelle.dz\/index.php\/2023\/07\/29\/championnats-dafrique-juniors-de-judo-lalgerie-finit-sur-le-podium\/"]}]},{"@type":"ImageObject","inLanguage":"fr-FR","@id":"https:\/\/lasentinelle.dz\/index.php\/2023\/07\/29\/championnats-dafrique-juniors-de-judo-lalgerie-finit-sur-le-podium\/#primaryimage","url":"https:\/\/lasentinelle.dz\/wp-content\/uploads\/2023\/07\/judo.webp","contentUrl":"https:\/\/lasentinelle.dz\/wp-content\/uploads\/2023\/07\/judo.webp","width":900,"height":675},{"@type":"BreadcrumbList","@id":"https:\/\/lasentinelle.dz\/index.php\/2023\/07\/29\/championnats-dafrique-juniors-de-judo-lalgerie-finit-sur-le-podium\/#breadcrumb","itemListElement":[{"@type":"ListItem","position":1,"name":"Accueil","item":"https:\/\/lasentinelle.dz\/"},{"@type":"ListItem","position":2,"name":"Championnats d&rsquo;Afrique juniors de Judo&nbsp;: L&rsquo;Alg\u00e9rie finit sur le podium"}]},{"@type":"WebSite","@id":"https:\/\/lasentinelle.dz\/#website","url":"https:\/\/lasentinelle.dz\/","name":"La Sentinelle","description":"Quotidien national d&#039;information","publisher":{"@id":"https:\/\/lasentinelle.dz\/#organization"},"potentialAction":[{"@type":"SearchAction","target":{"@type":"EntryPoint","urlTemplate":"https:\/\/lasentinelle.dz\/?s={search_term_string}"},"query-input":{"@type":"PropertyValueSpecification","valueRequired":true,"valueName":"search_term_string"}}],"inLanguage":"fr-FR"},{"@type":"Organization","@id":"https:\/\/lasentinelle.dz\/#organization","name":"Quotidien La Sentinelle","url":"https:\/\/lasentinelle.dz\/","logo":{"@type":"ImageObject","inLanguage":"fr-FR","@id":"https:\/\/lasentinelle.dz\/#\/schema\/logo\/image\/","url":"https:\/\/lasentinelle.dz\/wp-content\/uploads\/2021\/09\/logo-sentinelleSLOGAN-1.png","contentUrl":"https:\/\/lasentinelle.dz\/wp-content\/uploads\/2021\/09\/logo-sentinelleSLOGAN-1.png","width":615,"height":142,"caption":"Quotidien La Sentinelle"},"image":{"@id":"https:\/\/lasentinelle.dz\/#\/schema\/logo\/image\/"},"sameAs":["https:\/\/www.facebook.com\/La-Sentinelle-104059864394773"]},{"@type":"Person","@id":"https:\/\/lasentinelle.dz\/#\/schema\/person\/d865044e22e70a75174ce8bcad3acfb3","name":"La Sentinelle","image":{"@type":"ImageObject","inLanguage":"fr-FR","@id":"https:\/\/secure.gravatar.com\/avatar\/57de8e5d4b15d43fb361a71fbb36338450fe67865b528a43dd10ef7c51a20392?s=96&d=mm&r=g","url":"https:\/\/secure.gravatar.com\/avatar\/57de8e5d4b15d43fb361a71fbb36338450fe67865b528a43dd10ef7c51a20392?s=96&d=mm&r=g","contentUrl":"https:\/\/secure.gravatar.com\/avatar\/57de8e5d4b15d43fb361a71fbb36338450fe67865b528a43dd10ef7c51a20392?s=96&d=mm&r=g","caption":"La Sentinelle"},"sameAs":["http:\/\/www.lasentinelle.dz"],"url":"https:\/\/lasentinelle.dz\/author\/redaction\/"}]}},"_links":{"self":[{"href":"https:\/\/lasentinelle.dz\/index.php\/wp-json\/wp\/v2\/posts\/44071","targetHints":{"allow":["GET"]}}],"collection":[{"href":"https:\/\/lasentinelle.dz\/index.php\/wp-json\/wp\/v2\/posts"}],"about":[{"href":"https:\/\/lasentinelle.dz\/index.php\/wp-json\/wp\/v2\/types\/post"}],"author":[{"embeddable":true,"href":"https:\/\/lasentinelle.dz\/index.php\/wp-json\/wp\/v2\/users\/3"}],"replies":[{"embeddable":true,"href":"https:\/\/lasentinelle.dz\/index.php\/wp-json\/wp\/v2\/comments?post=44071"}],"version-history":[{"count":1,"href":"https:\/\/lasentinelle.dz\/index.php\/wp-json\/wp\/v2\/posts\/44071\/revisions"}],"predecessor-version":[{"id":44073,"href":"https:\/\/lasentinelle.dz\/index.php\/wp-json\/wp\/v2\/posts\/44071\/revisions\/44073"}],"wp:featuredmedia":[{"embeddable":true,"href":"https:\/\/lasentinelle.dz\/index.php\/wp-json\/wp\/v2\/media\/44072"}],"wp:attachment":[{"href":"https:\/\/lasentinelle.dz\/index.php\/wp-json\/wp\/v2\/media?parent=44071"}],"wp:term":[{"taxonomy":"category","embeddable":true,"href":"https:\/\/lasentinelle.dz\/index.php\/wp-json\/wp\/v2\/categories?post=44071"},{"taxonomy":"post_tag","embeddable":true,"href":"https:\/\/lasentinelle.dz\/index.php\/wp-json\/wp\/v2\/tags?post=44071"}],"curies":[{"name":"wp","href":"https:\/\/api.w.org\/{rel}","templated":true}]}}