{"id":44084,"date":"2023-07-29T21:22:00","date_gmt":"2023-07-29T20:22:00","guid":{"rendered":"https:\/\/lasentinelle.dz\/?p=44084"},"modified":"2023-07-29T21:22:01","modified_gmt":"2023-07-29T20:22:01","slug":"la-necessaire-rationalisation-de-la-consommation-des-carburants","status":"publish","type":"post","link":"https:\/\/lasentinelle.dz\/index.php\/2023\/07\/29\/la-necessaire-rationalisation-de-la-consommation-des-carburants\/","title":{"rendered":"La n\u00e9cessaire rationalisation de la consommation des carburants"},"content":{"rendered":"\n<p>La demande nationale de produits p\u00e9troliers continue de cro\u00eetre de mani\u00e8re soutenue. Un rythme de croissance de la consommation qui incite l\u2019Autorit\u00e9 de r\u00e9gulation des hydrocarbures \u00e0 plaider, une nouvelle fois, pour la rationalisation de la consommation.<\/p>\n\n\n\n<p>Apr\u00e8s une l\u00e9g\u00e8re r\u00e9gression induite par la crise de covid-19, la consommation de produits p\u00e9troliers et notamment de carburants est repartie de plus belle, dans le sillage de la reprise \u00e9conomique d\u00e8s 2021. Une demande qui cro\u00eet \u00e0 un rythme acc\u00e9l\u00e9r\u00e9 avec une hausse de pr\u00e8s de 7%. En effet, le pr\u00e9sident de l\u2019Autorit\u00e9 de r\u00e9gulation des hydrocarbures (ARH), Rachid Nadil, a indiqu\u00e9 hier la consommation nationale des produits p\u00e9troliers a atteint 8,69 millions de tonnes au cours du premier semestre 2023, soit une hausse de 6,7%.<\/p>\n\n\n\n<p>Nadil a fait savoir que la consommation nationale globale des produits p\u00e9troliers est pass\u00e9e de 8,14 millions de tonnes au cours des six premiers mois de 2022 \u00e0 8,69 millions de tonnes au cours de la m\u00eame p\u00e9riode de l\u2019ann\u00e9e en cours, et ce, en raison de la reprise \u00e9conomique que connait le pays dans plusieurs secteurs, notamment les services et l\u2019industrie. Et s\u2019il reconna\u00eet que cette demande est aliment\u00e9e par la reprise \u00e9conomique, il plaide pour une politique d\u2019efficacit\u00e9 \u00e9nerg\u00e9tique qui doit permettre de ma\u00eetriser la consommation. Le Pr\u00e9sident de l\u2019ARH a appel\u00e9 \u00e0 la rationalisation de la consommation du carburant afin d\u2019\u00e9conomiser les ressources p\u00e9troli\u00e8res et gazi\u00e8res du pays et les orienter vers les march\u00e9s \u00e9trangers au profit de l\u2019\u00e9conomie nationale.<\/p>\n\n\n\n<p>Le point positif dans ce bilan demeure que la hausse de consommation de produits p\u00e9troliers est surtout aliment\u00e9e par le recours croissant au Gaz de p\u00e9trole liqu\u00e9fi\u00e9 en tant que carburant et sans dans le cadre des politiques de transition \u00e9nerg\u00e9tique mise en place. Selon le pr\u00e9sident de l\u2019ARH, la consommation du gaz de p\u00e9trole liqu\u00e9fi\u00e9, elle a augment\u00e9 de 14%, atteignant 840.000 tonnes au cours des 6 premiers mois de 2023, contre 730.000 tonnes durant la m\u00eame p\u00e9riode de 2022. Cette augmentation est due aux \u00ab efforts d\u00e9ploy\u00e9s par diff\u00e9rents intervenants pour promouvoir ce type de carburant \u00e9cologique, propos\u00e9 au consommateur \u00e0 un prix bas par rapport aux autres types de carburant \u00bb, selon le m\u00eame responsable.<\/p>\n\n\n\n<p>Il a ainsi indiqu\u00e9 que le nombre total de v\u00e9hicules convertis au syst\u00e8me d&rsquo;alimentation en GPL au cours du premier semestre de l&rsquo;ann\u00e9e en cours 2023, s&rsquo;est \u00e9lev\u00e9 \u00e0 environ 70.000 v\u00e9hicules.&nbsp; Selon le pr\u00e9sident de l&rsquo;Autorit\u00e9 de r\u00e9gulation des hydrocarbures (ARH), le chiffre d&rsquo;un million de v\u00e9hicules devait \u00eatre atteint \u00e0 la fin de 2023, mais la dynamique qu&rsquo;a connue cette activit\u00e9 a permis de r\u00e9aliser cet objectif \u00e0 la fin du premier semestre de cette ann\u00e9e, attribuant cela \u00e0 la s\u00e9rie de mesures incitatives adopt\u00e9es dans ce domaine. Parmi ces mesures, figurent l&rsquo;annulation du paiement de la vignette pour les v\u00e9hicules convertis, la r\u00e9duction de la taxe sur la TVA (9%) pour tous les \u00e9quipements de conversion, et la diff\u00e9rence importante entre le prix du gaz de p\u00e9trole liqu\u00e9fi\u00e9 (9 DA par litre) et d&rsquo;autres types de carburant (une moyenne de 32 DA par litre). Au niveau national, il existe plus de 1285 points de vente de gaz de p\u00e9trole liqu\u00e9fi\u00e9, et plus de 1000 centres de conversion pour ce type de carburant ( dont 80% appartiennent \u00e0 des entreprises priv\u00e9es contre 20% pour NAFTAL), pr\u00e9cise M. Nadil qui a soulign\u00e9 la n\u00e9cessit\u00e9 de choisir entre les centres agr\u00e9\u00e9s par le minist\u00e8re de l&rsquo;Industrie, et de contr\u00f4ler la bouteille de gaz \u00e0 la date indiqu\u00e9e au niveau du m\u00eame centre. Concernant le gasoil qui constitue l\u2019un des carburants les plus consomm\u00e9s dans notre pays, e pr\u00e9sident de l\u2019ARH a soulign\u00e9 que la consommation du diesel a atteint, durant le premier semestre de 2023, une quantit\u00e9 de 4,97 millions de tonnes, soit une augmentation de 4% par rapport \u00e0 la m\u00eame p\u00e9riode de l\u2019ann\u00e9e derni\u00e8re (4,77 millions de tonnes). En ce qui concerne la consommation d\u2019essence, elle a enregistr\u00e9 une augmentation de 0,4%, atteignant 1,69 million de tonnes, contre 1,60 million de tonnes au cours du premier semestre de 2022. La consommation du carburant d\u2019aviation a atteint 290 000 tonnes au cours de la m\u00eame p\u00e9riode de l\u2019ann\u00e9e 2023, contre 180 000 tonnes au cours du deuxi\u00e8me semestre 2022, soit une augmentation de 61%. Nadil attribue cette augmentation \u00e0 l\u2019acc\u00e9l\u00e9ration du rythme de croissance du trafic a\u00e9rien dans le pays, apr\u00e8s la pand\u00e9mie de Covid-19, alors que la consommation de carburant marin s\u2019est \u00e9lev\u00e9e \u00e0 160 000 tonnes, soit une hausse de 83% par rapport aux 90 000 tonnes enregistr\u00e9es au premier semestre 2022. Parall\u00e8lement, la consommation de butane et de propane a diminu\u00e9 de 3.9 %, \u00e0 740 000 tonnes apr\u00e8s avoir atteint 770 000 tonnes au cours de la m\u00eame p\u00e9riode en 2022, tandis que la consommation de bitume s\u2019\u00e9levait \u00e0 250 000 tonnes.<\/p>\n\n\n\n<p><strong>Samira Ghrib<\/strong><\/p>\n","protected":false},"excerpt":{"rendered":"<p>La demande nationale de produits p\u00e9troliers continue de cro\u00eetre de mani\u00e8re soutenue. Un rythme de croissance de la consommation qui<\/p>\n","protected":false},"author":3,"featured_media":39938,"comment_status":"open","ping_status":"closed","sticky":false,"template":"","format":"standard","meta":{"colormag_page_container_layout":"default_layout","colormag_page_sidebar_layout":"default_layout","om_disable_all_campaigns":false,"_monsterinsights_skip_tracking":false,"_monsterinsights_sitenote_active":false,"_monsterinsights_sitenote_note":"","_monsterinsights_sitenote_category":0,"footnotes":"","_wpscppro_dont_share_socialmedia":false,"_wpscppro_custom_social_share_image":0,"_facebook_share_type":"","_twitter_share_type":"","_linkedin_share_type":"","_pinterest_share_type":"","_linkedin_share_type_page":"","_instagram_share_type":"","_medium_share_type":"","_threads_share_type":"","_google_business_share_type":"","_selected_social_profile":[],"_wpsp_enable_custom_social_template":false,"_wpsp_social_scheduling":{"enabled":false,"datetime":null,"platforms":[],"status":"template_only","dateOption":"today","timeOption":"now","customDays":"","customHours":"","customDate":"","customTime":"","schedulingType":"absolute"},"_wpsp_active_default_template":true},"categories":[52,29],"tags":[],"class_list":["post-44084","post","type-post","status-publish","format-standard","has-post-thumbnail","hentry","category-a-la-une","category-economie"],"aioseo_notices":[],"yoast_head":"<!-- This site is optimized with the Yoast SEO plugin v27.5 - https:\/\/yoast.com\/product\/yoast-seo-wordpress\/ -->\n<title>La n\u00e9cessaire rationalisation de la consommation des carburants - La Sentinelle<\/title>\n<meta name=\"robots\" content=\"index, follow, max-snippet:-1, max-image-preview:large, max-video-preview:-1\" \/>\n<link rel=\"canonical\" href=\"https:\/\/lasentinelle.dz\/index.php\/2023\/07\/29\/la-necessaire-rationalisation-de-la-consommation-des-carburants\/\" \/>\n<meta property=\"og:locale\" content=\"fr_FR\" \/>\n<meta property=\"og:type\" content=\"article\" \/>\n<meta property=\"og:title\" content=\"La n\u00e9cessaire rationalisation de la consommation des carburants - La Sentinelle\" \/>\n<meta property=\"og:description\" content=\"La demande nationale de produits p\u00e9troliers continue de cro\u00eetre de mani\u00e8re soutenue. Un rythme de croissance de la consommation qui\" \/>\n<meta property=\"og:url\" content=\"https:\/\/lasentinelle.dz\/index.php\/2023\/07\/29\/la-necessaire-rationalisation-de-la-consommation-des-carburants\/\" \/>\n<meta property=\"og:site_name\" content=\"La Sentinelle\" \/>\n<meta property=\"article:publisher\" content=\"https:\/\/www.facebook.com\/La-Sentinelle-104059864394773\" \/>\n<meta property=\"article:published_time\" content=\"2023-07-29T20:22:00+00:00\" \/>\n<meta property=\"article:modified_time\" content=\"2023-07-29T20:22:01+00:00\" \/>\n<meta property=\"og:image\" content=\"https:\/\/lasentinelle.dz\/wp-content\/uploads\/2023\/04\/naftal.png\" \/>\n\t<meta property=\"og:image:width\" content=\"1355\" \/>\n\t<meta property=\"og:image:height\" content=\"900\" \/>\n\t<meta property=\"og:image:type\" content=\"image\/png\" \/>\n<meta name=\"author\" content=\"La Sentinelle\" \/>\n<meta name=\"twitter:card\" content=\"summary_large_image\" \/>\n<meta name=\"twitter:label1\" content=\"\u00c9crit par\" \/>\n\t<meta name=\"twitter:data1\" content=\"La Sentinelle\" \/>\n\t<meta name=\"twitter:label2\" content=\"Dur\u00e9e de lecture estim\u00e9e\" \/>\n\t<meta name=\"twitter:data2\" content=\"5 minutes\" \/>\n<script type=\"application\/ld+json\" class=\"yoast-schema-graph\">{\"@context\":\"https:\\\/\\\/schema.org\",\"@graph\":[{\"@type\":\"Article\",\"@id\":\"https:\\\/\\\/lasentinelle.dz\\\/index.php\\\/2023\\\/07\\\/29\\\/la-necessaire-rationalisation-de-la-consommation-des-carburants\\\/#article\",\"isPartOf\":{\"@id\":\"https:\\\/\\\/lasentinelle.dz\\\/index.php\\\/2023\\\/07\\\/29\\\/la-necessaire-rationalisation-de-la-consommation-des-carburants\\\/\"},\"author\":{\"name\":\"La Sentinelle\",\"@id\":\"https:\\\/\\\/lasentinelle.dz\\\/#\\\/schema\\\/person\\\/d865044e22e70a75174ce8bcad3acfb3\"},\"headline\":\"La n\u00e9cessaire rationalisation de la consommation des carburants\",\"datePublished\":\"2023-07-29T20:22:00+00:00\",\"dateModified\":\"2023-07-29T20:22:01+00:00\",\"mainEntityOfPage\":{\"@id\":\"https:\\\/\\\/lasentinelle.dz\\\/index.php\\\/2023\\\/07\\\/29\\\/la-necessaire-rationalisation-de-la-consommation-des-carburants\\\/\"},\"wordCount\":861,\"commentCount\":0,\"publisher\":{\"@id\":\"https:\\\/\\\/lasentinelle.dz\\\/#organization\"},\"image\":{\"@id\":\"https:\\\/\\\/lasentinelle.dz\\\/index.php\\\/2023\\\/07\\\/29\\\/la-necessaire-rationalisation-de-la-consommation-des-carburants\\\/#primaryimage\"},\"thumbnailUrl\":\"https:\\\/\\\/lasentinelle.dz\\\/wp-content\\\/uploads\\\/2023\\\/04\\\/naftal.png\",\"articleSection\":[\"\u00c0 la Une\",\"\u00c9conomie\"],\"inLanguage\":\"fr-FR\",\"potentialAction\":[{\"@type\":\"CommentAction\",\"name\":\"Comment\",\"target\":[\"https:\\\/\\\/lasentinelle.dz\\\/index.php\\\/2023\\\/07\\\/29\\\/la-necessaire-rationalisation-de-la-consommation-des-carburants\\\/#respond\"]}]},{\"@type\":\"WebPage\",\"@id\":\"https:\\\/\\\/lasentinelle.dz\\\/index.php\\\/2023\\\/07\\\/29\\\/la-necessaire-rationalisation-de-la-consommation-des-carburants\\\/\",\"url\":\"https:\\\/\\\/lasentinelle.dz\\\/index.php\\\/2023\\\/07\\\/29\\\/la-necessaire-rationalisation-de-la-consommation-des-carburants\\\/\",\"name\":\"La n\u00e9cessaire rationalisation de la consommation des carburants - La Sentinelle\",\"isPartOf\":{\"@id\":\"https:\\\/\\\/lasentinelle.dz\\\/#website\"},\"primaryImageOfPage\":{\"@id\":\"https:\\\/\\\/lasentinelle.dz\\\/index.php\\\/2023\\\/07\\\/29\\\/la-necessaire-rationalisation-de-la-consommation-des-carburants\\\/#primaryimage\"},\"image\":{\"@id\":\"https:\\\/\\\/lasentinelle.dz\\\/index.php\\\/2023\\\/07\\\/29\\\/la-necessaire-rationalisation-de-la-consommation-des-carburants\\\/#primaryimage\"},\"thumbnailUrl\":\"https:\\\/\\\/lasentinelle.dz\\\/wp-content\\\/uploads\\\/2023\\\/04\\\/naftal.png\",\"datePublished\":\"2023-07-29T20:22:00+00:00\",\"dateModified\":\"2023-07-29T20:22:01+00:00\",\"breadcrumb\":{\"@id\":\"https:\\\/\\\/lasentinelle.dz\\\/index.php\\\/2023\\\/07\\\/29\\\/la-necessaire-rationalisation-de-la-consommation-des-carburants\\\/#breadcrumb\"},\"inLanguage\":\"fr-FR\",\"potentialAction\":[{\"@type\":\"ReadAction\",\"target\":[\"https:\\\/\\\/lasentinelle.dz\\\/index.php\\\/2023\\\/07\\\/29\\\/la-necessaire-rationalisation-de-la-consommation-des-carburants\\\/\"]}]},{\"@type\":\"ImageObject\",\"inLanguage\":\"fr-FR\",\"@id\":\"https:\\\/\\\/lasentinelle.dz\\\/index.php\\\/2023\\\/07\\\/29\\\/la-necessaire-rationalisation-de-la-consommation-des-carburants\\\/#primaryimage\",\"url\":\"https:\\\/\\\/lasentinelle.dz\\\/wp-content\\\/uploads\\\/2023\\\/04\\\/naftal.png\",\"contentUrl\":\"https:\\\/\\\/lasentinelle.dz\\\/wp-content\\\/uploads\\\/2023\\\/04\\\/naftal.png\",\"width\":1355,\"height\":900},{\"@type\":\"BreadcrumbList\",\"@id\":\"https:\\\/\\\/lasentinelle.dz\\\/index.php\\\/2023\\\/07\\\/29\\\/la-necessaire-rationalisation-de-la-consommation-des-carburants\\\/#breadcrumb\",\"itemListElement\":[{\"@type\":\"ListItem\",\"position\":1,\"name\":\"Accueil\",\"item\":\"https:\\\/\\\/lasentinelle.dz\\\/\"},{\"@type\":\"ListItem\",\"position\":2,\"name\":\"La n\u00e9cessaire rationalisation de la consommation des carburants\"}]},{\"@type\":\"WebSite\",\"@id\":\"https:\\\/\\\/lasentinelle.dz\\\/#website\",\"url\":\"https:\\\/\\\/lasentinelle.dz\\\/\",\"name\":\"La Sentinelle\",\"description\":\"Quotidien national d&#039;information\",\"publisher\":{\"@id\":\"https:\\\/\\\/lasentinelle.dz\\\/#organization\"},\"potentialAction\":[{\"@type\":\"SearchAction\",\"target\":{\"@type\":\"EntryPoint\",\"urlTemplate\":\"https:\\\/\\\/lasentinelle.dz\\\/?s={search_term_string}\"},\"query-input\":{\"@type\":\"PropertyValueSpecification\",\"valueRequired\":true,\"valueName\":\"search_term_string\"}}],\"inLanguage\":\"fr-FR\"},{\"@type\":\"Organization\",\"@id\":\"https:\\\/\\\/lasentinelle.dz\\\/#organization\",\"name\":\"Quotidien La Sentinelle\",\"url\":\"https:\\\/\\\/lasentinelle.dz\\\/\",\"logo\":{\"@type\":\"ImageObject\",\"inLanguage\":\"fr-FR\",\"@id\":\"https:\\\/\\\/lasentinelle.dz\\\/#\\\/schema\\\/logo\\\/image\\\/\",\"url\":\"https:\\\/\\\/lasentinelle.dz\\\/wp-content\\\/uploads\\\/2021\\\/09\\\/logo-sentinelleSLOGAN-1.png\",\"contentUrl\":\"https:\\\/\\\/lasentinelle.dz\\\/wp-content\\\/uploads\\\/2021\\\/09\\\/logo-sentinelleSLOGAN-1.png\",\"width\":615,\"height\":142,\"caption\":\"Quotidien La Sentinelle\"},\"image\":{\"@id\":\"https:\\\/\\\/lasentinelle.dz\\\/#\\\/schema\\\/logo\\\/image\\\/\"},\"sameAs\":[\"https:\\\/\\\/www.facebook.com\\\/La-Sentinelle-104059864394773\"]},{\"@type\":\"Person\",\"@id\":\"https:\\\/\\\/lasentinelle.dz\\\/#\\\/schema\\\/person\\\/d865044e22e70a75174ce8bcad3acfb3\",\"name\":\"La Sentinelle\",\"image\":{\"@type\":\"ImageObject\",\"inLanguage\":\"fr-FR\",\"@id\":\"https:\\\/\\\/secure.gravatar.com\\\/avatar\\\/57de8e5d4b15d43fb361a71fbb36338450fe67865b528a43dd10ef7c51a20392?s=96&d=mm&r=g\",\"url\":\"https:\\\/\\\/secure.gravatar.com\\\/avatar\\\/57de8e5d4b15d43fb361a71fbb36338450fe67865b528a43dd10ef7c51a20392?s=96&d=mm&r=g\",\"contentUrl\":\"https:\\\/\\\/secure.gravatar.com\\\/avatar\\\/57de8e5d4b15d43fb361a71fbb36338450fe67865b528a43dd10ef7c51a20392?s=96&d=mm&r=g\",\"caption\":\"La Sentinelle\"},\"sameAs\":[\"http:\\\/\\\/www.lasentinelle.dz\"],\"url\":\"https:\\\/\\\/lasentinelle.dz\\\/author\\\/redaction\\\/\"}]}<\/script>\n<!-- \/ Yoast SEO plugin. -->","yoast_head_json":{"title":"La n\u00e9cessaire rationalisation de la consommation des carburants - La Sentinelle","robots":{"index":"index","follow":"follow","max-snippet":"max-snippet:-1","max-image-preview":"max-image-preview:large","max-video-preview":"max-video-preview:-1"},"canonical":"https:\/\/lasentinelle.dz\/index.php\/2023\/07\/29\/la-necessaire-rationalisation-de-la-consommation-des-carburants\/","og_locale":"fr_FR","og_type":"article","og_title":"La n\u00e9cessaire rationalisation de la consommation des carburants - La Sentinelle","og_description":"La demande nationale de produits p\u00e9troliers continue de cro\u00eetre de mani\u00e8re soutenue. Un rythme de croissance de la consommation qui","og_url":"https:\/\/lasentinelle.dz\/index.php\/2023\/07\/29\/la-necessaire-rationalisation-de-la-consommation-des-carburants\/","og_site_name":"La Sentinelle","article_publisher":"https:\/\/www.facebook.com\/La-Sentinelle-104059864394773","article_published_time":"2023-07-29T20:22:00+00:00","article_modified_time":"2023-07-29T20:22:01+00:00","og_image":[{"width":1355,"height":900,"url":"https:\/\/lasentinelle.dz\/wp-content\/uploads\/2023\/04\/naftal.png","type":"image\/png"}],"author":"La Sentinelle","twitter_card":"summary_large_image","twitter_misc":{"\u00c9crit par":"La Sentinelle","Dur\u00e9e de lecture estim\u00e9e":"5 minutes"},"schema":{"@context":"https:\/\/schema.org","@graph":[{"@type":"Article","@id":"https:\/\/lasentinelle.dz\/index.php\/2023\/07\/29\/la-necessaire-rationalisation-de-la-consommation-des-carburants\/#article","isPartOf":{"@id":"https:\/\/lasentinelle.dz\/index.php\/2023\/07\/29\/la-necessaire-rationalisation-de-la-consommation-des-carburants\/"},"author":{"name":"La Sentinelle","@id":"https:\/\/lasentinelle.dz\/#\/schema\/person\/d865044e22e70a75174ce8bcad3acfb3"},"headline":"La n\u00e9cessaire rationalisation de la consommation des carburants","datePublished":"2023-07-29T20:22:00+00:00","dateModified":"2023-07-29T20:22:01+00:00","mainEntityOfPage":{"@id":"https:\/\/lasentinelle.dz\/index.php\/2023\/07\/29\/la-necessaire-rationalisation-de-la-consommation-des-carburants\/"},"wordCount":861,"commentCount":0,"publisher":{"@id":"https:\/\/lasentinelle.dz\/#organization"},"image":{"@id":"https:\/\/lasentinelle.dz\/index.php\/2023\/07\/29\/la-necessaire-rationalisation-de-la-consommation-des-carburants\/#primaryimage"},"thumbnailUrl":"https:\/\/lasentinelle.dz\/wp-content\/uploads\/2023\/04\/naftal.png","articleSection":["\u00c0 la Une","\u00c9conomie"],"inLanguage":"fr-FR","potentialAction":[{"@type":"CommentAction","name":"Comment","target":["https:\/\/lasentinelle.dz\/index.php\/2023\/07\/29\/la-necessaire-rationalisation-de-la-consommation-des-carburants\/#respond"]}]},{"@type":"WebPage","@id":"https:\/\/lasentinelle.dz\/index.php\/2023\/07\/29\/la-necessaire-rationalisation-de-la-consommation-des-carburants\/","url":"https:\/\/lasentinelle.dz\/index.php\/2023\/07\/29\/la-necessaire-rationalisation-de-la-consommation-des-carburants\/","name":"La n\u00e9cessaire rationalisation de la consommation des carburants - La Sentinelle","isPartOf":{"@id":"https:\/\/lasentinelle.dz\/#website"},"primaryImageOfPage":{"@id":"https:\/\/lasentinelle.dz\/index.php\/2023\/07\/29\/la-necessaire-rationalisation-de-la-consommation-des-carburants\/#primaryimage"},"image":{"@id":"https:\/\/lasentinelle.dz\/index.php\/2023\/07\/29\/la-necessaire-rationalisation-de-la-consommation-des-carburants\/#primaryimage"},"thumbnailUrl":"https:\/\/lasentinelle.dz\/wp-content\/uploads\/2023\/04\/naftal.png","datePublished":"2023-07-29T20:22:00+00:00","dateModified":"2023-07-29T20:22:01+00:00","breadcrumb":{"@id":"https:\/\/lasentinelle.dz\/index.php\/2023\/07\/29\/la-necessaire-rationalisation-de-la-consommation-des-carburants\/#breadcrumb"},"inLanguage":"fr-FR","potentialAction":[{"@type":"ReadAction","target":["https:\/\/lasentinelle.dz\/index.php\/2023\/07\/29\/la-necessaire-rationalisation-de-la-consommation-des-carburants\/"]}]},{"@type":"ImageObject","inLanguage":"fr-FR","@id":"https:\/\/lasentinelle.dz\/index.php\/2023\/07\/29\/la-necessaire-rationalisation-de-la-consommation-des-carburants\/#primaryimage","url":"https:\/\/lasentinelle.dz\/wp-content\/uploads\/2023\/04\/naftal.png","contentUrl":"https:\/\/lasentinelle.dz\/wp-content\/uploads\/2023\/04\/naftal.png","width":1355,"height":900},{"@type":"BreadcrumbList","@id":"https:\/\/lasentinelle.dz\/index.php\/2023\/07\/29\/la-necessaire-rationalisation-de-la-consommation-des-carburants\/#breadcrumb","itemListElement":[{"@type":"ListItem","position":1,"name":"Accueil","item":"https:\/\/lasentinelle.dz\/"},{"@type":"ListItem","position":2,"name":"La n\u00e9cessaire rationalisation de la consommation des carburants"}]},{"@type":"WebSite","@id":"https:\/\/lasentinelle.dz\/#website","url":"https:\/\/lasentinelle.dz\/","name":"La Sentinelle","description":"Quotidien national d&#039;information","publisher":{"@id":"https:\/\/lasentinelle.dz\/#organization"},"potentialAction":[{"@type":"SearchAction","target":{"@type":"EntryPoint","urlTemplate":"https:\/\/lasentinelle.dz\/?s={search_term_string}"},"query-input":{"@type":"PropertyValueSpecification","valueRequired":true,"valueName":"search_term_string"}}],"inLanguage":"fr-FR"},{"@type":"Organization","@id":"https:\/\/lasentinelle.dz\/#organization","name":"Quotidien La Sentinelle","url":"https:\/\/lasentinelle.dz\/","logo":{"@type":"ImageObject","inLanguage":"fr-FR","@id":"https:\/\/lasentinelle.dz\/#\/schema\/logo\/image\/","url":"https:\/\/lasentinelle.dz\/wp-content\/uploads\/2021\/09\/logo-sentinelleSLOGAN-1.png","contentUrl":"https:\/\/lasentinelle.dz\/wp-content\/uploads\/2021\/09\/logo-sentinelleSLOGAN-1.png","width":615,"height":142,"caption":"Quotidien La Sentinelle"},"image":{"@id":"https:\/\/lasentinelle.dz\/#\/schema\/logo\/image\/"},"sameAs":["https:\/\/www.facebook.com\/La-Sentinelle-104059864394773"]},{"@type":"Person","@id":"https:\/\/lasentinelle.dz\/#\/schema\/person\/d865044e22e70a75174ce8bcad3acfb3","name":"La Sentinelle","image":{"@type":"ImageObject","inLanguage":"fr-FR","@id":"https:\/\/secure.gravatar.com\/avatar\/57de8e5d4b15d43fb361a71fbb36338450fe67865b528a43dd10ef7c51a20392?s=96&d=mm&r=g","url":"https:\/\/secure.gravatar.com\/avatar\/57de8e5d4b15d43fb361a71fbb36338450fe67865b528a43dd10ef7c51a20392?s=96&d=mm&r=g","contentUrl":"https:\/\/secure.gravatar.com\/avatar\/57de8e5d4b15d43fb361a71fbb36338450fe67865b528a43dd10ef7c51a20392?s=96&d=mm&r=g","caption":"La Sentinelle"},"sameAs":["http:\/\/www.lasentinelle.dz"],"url":"https:\/\/lasentinelle.dz\/author\/redaction\/"}]}},"_links":{"self":[{"href":"https:\/\/lasentinelle.dz\/index.php\/wp-json\/wp\/v2\/posts\/44084","targetHints":{"allow":["GET"]}}],"collection":[{"href":"https:\/\/lasentinelle.dz\/index.php\/wp-json\/wp\/v2\/posts"}],"about":[{"href":"https:\/\/lasentinelle.dz\/index.php\/wp-json\/wp\/v2\/types\/post"}],"author":[{"embeddable":true,"href":"https:\/\/lasentinelle.dz\/index.php\/wp-json\/wp\/v2\/users\/3"}],"replies":[{"embeddable":true,"href":"https:\/\/lasentinelle.dz\/index.php\/wp-json\/wp\/v2\/comments?post=44084"}],"version-history":[{"count":1,"href":"https:\/\/lasentinelle.dz\/index.php\/wp-json\/wp\/v2\/posts\/44084\/revisions"}],"predecessor-version":[{"id":44085,"href":"https:\/\/lasentinelle.dz\/index.php\/wp-json\/wp\/v2\/posts\/44084\/revisions\/44085"}],"wp:featuredmedia":[{"embeddable":true,"href":"https:\/\/lasentinelle.dz\/index.php\/wp-json\/wp\/v2\/media\/39938"}],"wp:attachment":[{"href":"https:\/\/lasentinelle.dz\/index.php\/wp-json\/wp\/v2\/media?parent=44084"}],"wp:term":[{"taxonomy":"category","embeddable":true,"href":"https:\/\/lasentinelle.dz\/index.php\/wp-json\/wp\/v2\/categories?post=44084"},{"taxonomy":"post_tag","embeddable":true,"href":"https:\/\/lasentinelle.dz\/index.php\/wp-json\/wp\/v2\/tags?post=44084"}],"curies":[{"name":"wp","href":"https:\/\/api.w.org\/{rel}","templated":true}]}}