{"id":44096,"date":"2023-07-29T22:14:32","date_gmt":"2023-07-29T21:14:32","guid":{"rendered":"https:\/\/lasentinelle.dz\/?p=44096"},"modified":"2023-07-29T22:14:34","modified_gmt":"2023-07-29T21:14:34","slug":"les-engagements-de-poutine-envers-lafrique","status":"publish","type":"post","link":"https:\/\/lasentinelle.dz\/index.php\/2023\/07\/29\/les-engagements-de-poutine-envers-lafrique\/","title":{"rendered":"Les engagements de Poutine envers l\u2019Afrique"},"content":{"rendered":"\n<p>Pour le pr\u00e9sident Russe Vladimir Poutine il est question de \u00ab lutter contre le n\u00e9ocolonialisme \u00bb comme il l\u2019a affirm\u00e9, vendredi soir \u00e0 la cl\u00f4ture du Sommet Russie-Afrique, lors d&rsquo;un discours de cl\u00f4ture, pour les pays africains. Il est surtout question de sortir des griffes de certaines puissances et pour l\u2019Afrique, la plus grande r\u00e9serve de ressources naturelles au monde, de pouvoir acc\u00e9der \u00e0 son ind\u00e9pendance \u00e9conomique et au d\u00e9veloppement.<\/p>\n\n\n\n<p>Les Africains ont toujours compris que leurs pays rec\u00e8lent de richesses inestimables que l\u2019Occident n\u2019a eu de cesse de convoiter et d\u2019exploiter au d\u00e9triments des populations locales qui, elles, restent expos\u00e9es \u00e0 la famine, \u00e0 l\u2019analphab\u00e9tisme, aux maladies et surtout aux conflits et guerres fratricides que seul un nouvel ordre \u00e9conomique mondial assis sur une justice sociale peut les sortir de leur marasme. Et le Continent noir semble avoir trouv\u00e9 en la Russie ce partenaire qui le comprenne, le respecte et le consid\u00e8re comme un partenaire \u00e0 part enti\u00e8re. Le v\u0153u des Africains de sortir de l\u2019orni\u00e8re commencerait donc \u00e0 prendre forme. \u00ab\u00a0Nous assistons \u00e0 un moment fort o\u00f9 l&rsquo;Afrique s&rsquo;\u00e9rige en nouveau centre de force. Son r\u00f4le politique et \u00e9conomique s&rsquo;est grandement d\u00e9velopp\u00e9. Toutes les parties doivent prendre en consid\u00e9ration cette r\u00e9alit\u00e9\u00a0\u00bb, avait expliqu\u00e9 le pr\u00e9sident russe. \u00ab\u00a0Je voudrais \u00e9galement souligner que sous nos yeux, le Continent africain devient un nouveau centre de pouvoir, son r\u00f4le politique et \u00e9conomique cro\u00eet de mani\u00e8re exponentielle. Et chacun devra tenir compte de cette r\u00e9alit\u00e9 objective\u00a0\u00bb, a d\u00e9clar\u00e9 le pr\u00e9sident russe. Une promesse qui rejoint la vision des pays africains, celle d\u2019un monde multipolaire et plus \u00e9quilibr\u00e9 qui aurait donc commenc\u00e9 \u00e0 prendre forme depuis Saint Petersbourg o\u00f9 vient de se tenir le Sommet Afrique-Russie, les 27 et 28 juillet et auquel l\u2019Alg\u00e9rie a pris part. C\u2019est le Premier ministre, A\u00efmene Benabderrahmane qui a repr\u00e9sent\u00e9 le Chef de l\u2019Etat, Abdelmadjid Tebboune \u00e0 cet \u00e9v\u00e8nement qui marque le d\u00e9but d\u2019une nouvelle \u00e8re et milite pour la promotion d\u2019un \u00a0\u00bbordre mondial multipolaire plus juste\u00a0\u00bb. Et c\u2019est ce que s\u2019\u00e9taient promis Russes et Africains en plus d\u2019une coop\u00e9ration \u00e9conomique \u00a0\u00bbaccrue\u00a0\u00bb. Les quarante neuf repr\u00e9sentants des pays africains, dont 17 chefs d\u2019Etats ont appel\u00e9 dans une d\u00e9claration commune \u00e0 \u00ab\u00a0cr\u00e9er un ordre mondial multipolaire plus juste, \u00e9quilibr\u00e9 et durable, s&rsquo;opposant fermement \u00e0 toute forme de confrontation internationale sur le continent africain\u00a0\u00bb. Pour ce faire, les pays africains et la Russie ont convenu d&rsquo;une \u00a0\u00bbcoop\u00e9ration accrue dans les domaines de l&rsquo;approvisionnement alimentaire, l&rsquo;\u00e9nergie et l&rsquo;aide au d\u00e9veloppement\u00a0\u00bb. Poutine s\u2019est f\u00e9licit\u00e9 d\u2019ailleurs que \u00ab\u00a0les repr\u00e9sentants des Etats africains ont fait preuve de volont\u00e9 politique, ont d\u00e9montr\u00e9 leur ind\u00e9pendance et leur r\u00e9el int\u00e9r\u00eat \u00e0 d\u00e9velopper la coop\u00e9ration avec notre pays\u00a0\u00bb qui annonce qu\u2019 sommet Afrique-Russie se tiendra d\u00e9sormais tous les trois ans et un \u00ab\u00a0m\u00e9canisme de partenariat et de dialogue\u00a0\u00bb sera cr\u00e9\u00e9 pour les \u00ab\u00a0questions de s\u00e9curit\u00e9\u00a0\u00bb, y compris la lutte contre le terrorisme, la s\u00e9curit\u00e9 alimentaire et le changement climatique. Et en guise de gage de bonne intention, le pr\u00e9sident russe d\u00e9cide d\u2019\u00e9ponger les dettes de pays africains et qui repr\u00e9sentent 23 milliards de dollars et annonce que 90 millions seront encore accord\u00e9s \u00e0 la demande de pays d&rsquo;Afrique.<\/p>\n\n\n\n<p><strong>Domaines de coop\u00e9ration<\/strong><\/p>\n\n\n\n<p>S\u2019agissant des multiples domaines de coop\u00e9ration russo-africaine, il est question de commerce, de s\u00e9curit\u00e9 et de fourniture de c\u00e9r\u00e9ales. Le pr\u00e9sident russe promet l\u2019augmentation du nombre d\u2019\u00e9tudiants africains en Russie et assure que son pays poursuivrait sa coop\u00e9ration avec les pays africains dans le domaine de l&rsquo;\u00e9ducation et de la formation. \u00ab\u00a0La Russie a aussi beaucoup \u00e0 offrir \u00e0 nos amis et coll\u00e8gues africains\u00a0\u00bb concernant les \u00e9changes culturels, scientifiques, \u00e9ducatifs, sportifs, touristiques et humanitaires \u00bb dira-t-il. Concernant la s\u00e9curit\u00e9 et le partenariat, Poutine a \u00e9voqu\u00e9 deux m\u00e9canismes qui fonctionneront entre la Russie et les pays d&rsquo;Afrique: l&rsquo;un assurera la s\u00e9curit\u00e9 et le second, le partenariat et le dialogue et s\u2019engage \u00e0 soutenir l\u2019Afrique dans le domaine de la sant\u00e9 dont un programme programme de soutien aux pays d&rsquo;Afrique est lanc\u00e9 pour un montant de pr\u00e8s de 13 millions de dollars et un programme de lutte contre les infections sera mis en oeuvre jusqu&rsquo;en 2026. Concernant le dossier c\u00e9r\u00e9alier, Poutine s\u2019engage \u00e0 continuera \u00e0 livrer aux pays d&rsquo;Afrique des c\u00e9r\u00e9ales, tant gratuitement que sur une base commerciale. A propos de commerce, Vladimir Poutine affirme que la Russie et l&rsquo;Afrique se sont mises d&rsquo;accord pour faire cro\u00eetre le commerce qualitativement et quantitativement, ainsi que pour opter pour les r\u00e8glements en monnaies nationales. \u00ab La promotion des \u00e9changes commerciaux exigeait de traiter en monnaies nationales \u00bb, avait-il indiqu\u00e9. Une proposition destin\u00e9e \u00e0 contourner le r\u00e9gime des sanctions en dollars impos\u00e9 par le bloc occidental et qui p\u00e8se notamment sur les approvisionnements c\u00e9r\u00e9aliers du continent. Sans s\u2019arr\u00eater en si bon chemin, le pr\u00e9sident russe rassure ses partenaires africains en leur promettant un soutien dans le domaine de l\u2019\u00e9nergie en d\u00e9clarant que \u00ab\u00a0notre pays continuera \u00e0 contribuer au d\u00e9veloppement \u00e9nerg\u00e9tique afin de r\u00e9pondre aux besoins croissants des \u00e9conomies des \u00c9tats africains en hydrocarbures et en capacit\u00e9s de production d&rsquo;\u00e9lectricit\u00e9. L&rsquo;on entend par cela non seulement des sources d&rsquo;\u00e9nergie traditionnelles, mais aussi des sources d&rsquo;\u00e9nergie innovantes mises en \u0153uvre par le biais de notre [entreprise] Rosatom\u00a0\u00bb. La Russie avait propos\u00e9 une initiative de coop\u00e9ration entre l&rsquo;Union \u00e9conomique eurasiatique et la Zone de libre-\u00e9change continentale africaine (ZLECAf).<\/p>\n\n\n\n<p><strong>D\u00e9dollarisation<\/strong><\/p>\n\n\n\n<p>Comme pour conforter la position russe et valoriser les propos du pr\u00e9sident Poutine \u00e0 propos de r\u00e8glement des transactions en monnaie nationale, la d\u00e9dollarisation a \u00e9t\u00e9 au c\u0153ur de sommet. &nbsp;Dilma Rousseff, la patronne de la Nouvelle banque de d\u00e9veloppement des BRICS, &nbsp;qui a prononc\u00e9, jeudi, un discours lors de la session pl\u00e9ni\u00e8re du Forum \u00e9conomique et humanitaire Russie-Afrique, avait insist\u00e9 sur la d\u00e9dollarisation des transactions. \u00ab\u00a0Nous aimerions augmenter le nombre de transactions en monnaies nationales afin de renforcer les march\u00e9s des pays membres de la Nouvelle banque de d\u00e9veloppement\u00a0\u00bb, avait-elle d\u00e9clar\u00e9, soulignant que c\u2019est l\u00e0 \u00ab l&rsquo;une des principales priorit\u00e9s de la banque des BRICS \u00bb. Elle expliquera que les pays en d\u00e9veloppement sont les plus touch\u00e9s par les politiques protectionnistes unilat\u00e9rales.<\/p>\n\n\n\n<p>\u00ab\u00a0L&rsquo;utilisation de sanctions \u00e0 des fins politiques, les tentatives d&rsquo;\u00e9tendre la juridiction d&rsquo;un pays en dehors de son territoire ne r\u00e9solvent aucun probl\u00e8me, mais ne font qu&rsquo;aggraver ceux qui existent d\u00e9j\u00e0\u00a0\u00bb, a-t-elle soulign\u00e9.<\/p>\n\n\n\n<p><strong>Azzedine Belferag<\/strong><\/p>\n","protected":false},"excerpt":{"rendered":"<p>Pour le pr\u00e9sident Russe Vladimir Poutine il est question de \u00ab lutter contre le n\u00e9ocolonialisme \u00bb comme il l\u2019a affirm\u00e9,<\/p>\n","protected":false},"author":3,"featured_media":44097,"comment_status":"open","ping_status":"closed","sticky":false,"template":"","format":"standard","meta":{"colormag_page_container_layout":"default_layout","colormag_page_sidebar_layout":"default_layout","om_disable_all_campaigns":false,"_monsterinsights_skip_tracking":false,"_monsterinsights_sitenote_active":false,"_monsterinsights_sitenote_note":"","_monsterinsights_sitenote_category":0,"footnotes":"","_wpscppro_dont_share_socialmedia":false,"_wpscppro_custom_social_share_image":0,"_facebook_share_type":"","_twitter_share_type":"","_linkedin_share_type":"","_pinterest_share_type":"","_linkedin_share_type_page":"","_instagram_share_type":"","_medium_share_type":"","_threads_share_type":"","_google_business_share_type":"","_selected_social_profile":[],"_wpsp_enable_custom_social_template":false,"_wpsp_social_scheduling":{"enabled":false,"datetime":null,"platforms":[],"status":"template_only","dateOption":"today","timeOption":"now","customDays":"","customHours":"","customDate":"","customTime":"","schedulingType":"absolute"},"_wpsp_active_default_template":true},"categories":[27],"tags":[],"class_list":["post-44096","post","type-post","status-publish","format-standard","has-post-thumbnail","hentry","category-actualite"],"aioseo_notices":[],"yoast_head":"<!-- This site is optimized with the Yoast SEO plugin v27.5 - https:\/\/yoast.com\/product\/yoast-seo-wordpress\/ -->\n<title>Les engagements de Poutine envers l\u2019Afrique - La Sentinelle<\/title>\n<meta name=\"robots\" content=\"index, follow, max-snippet:-1, max-image-preview:large, max-video-preview:-1\" \/>\n<link rel=\"canonical\" href=\"https:\/\/lasentinelle.dz\/index.php\/2023\/07\/29\/les-engagements-de-poutine-envers-lafrique\/\" \/>\n<meta property=\"og:locale\" content=\"fr_FR\" \/>\n<meta property=\"og:type\" content=\"article\" \/>\n<meta property=\"og:title\" content=\"Les engagements de Poutine envers l\u2019Afrique - La Sentinelle\" \/>\n<meta property=\"og:description\" content=\"Pour le pr\u00e9sident Russe Vladimir Poutine il est question de \u00ab lutter contre le n\u00e9ocolonialisme \u00bb comme il l\u2019a affirm\u00e9,\" \/>\n<meta property=\"og:url\" content=\"https:\/\/lasentinelle.dz\/index.php\/2023\/07\/29\/les-engagements-de-poutine-envers-lafrique\/\" \/>\n<meta property=\"og:site_name\" content=\"La Sentinelle\" \/>\n<meta property=\"article:publisher\" content=\"https:\/\/www.facebook.com\/La-Sentinelle-104059864394773\" \/>\n<meta property=\"article:published_time\" content=\"2023-07-29T21:14:32+00:00\" \/>\n<meta property=\"article:modified_time\" content=\"2023-07-29T21:14:34+00:00\" \/>\n<meta property=\"og:image\" content=\"https:\/\/lasentinelle.dz\/wp-content\/uploads\/2023\/07\/Poutine.jpeg\" \/>\n\t<meta property=\"og:image:width\" content=\"980\" \/>\n\t<meta property=\"og:image:height\" content=\"551\" \/>\n\t<meta property=\"og:image:type\" content=\"image\/jpeg\" \/>\n<meta name=\"author\" content=\"La Sentinelle\" \/>\n<meta name=\"twitter:card\" content=\"summary_large_image\" \/>\n<meta name=\"twitter:label1\" content=\"\u00c9crit par\" \/>\n\t<meta name=\"twitter:data1\" content=\"La Sentinelle\" \/>\n\t<meta name=\"twitter:label2\" content=\"Dur\u00e9e de lecture estim\u00e9e\" \/>\n\t<meta name=\"twitter:data2\" content=\"6 minutes\" \/>\n<script type=\"application\/ld+json\" class=\"yoast-schema-graph\">{\"@context\":\"https:\\\/\\\/schema.org\",\"@graph\":[{\"@type\":\"Article\",\"@id\":\"https:\\\/\\\/lasentinelle.dz\\\/index.php\\\/2023\\\/07\\\/29\\\/les-engagements-de-poutine-envers-lafrique\\\/#article\",\"isPartOf\":{\"@id\":\"https:\\\/\\\/lasentinelle.dz\\\/index.php\\\/2023\\\/07\\\/29\\\/les-engagements-de-poutine-envers-lafrique\\\/\"},\"author\":{\"name\":\"La Sentinelle\",\"@id\":\"https:\\\/\\\/lasentinelle.dz\\\/#\\\/schema\\\/person\\\/d865044e22e70a75174ce8bcad3acfb3\"},\"headline\":\"Les engagements de Poutine envers l\u2019Afrique\",\"datePublished\":\"2023-07-29T21:14:32+00:00\",\"dateModified\":\"2023-07-29T21:14:34+00:00\",\"mainEntityOfPage\":{\"@id\":\"https:\\\/\\\/lasentinelle.dz\\\/index.php\\\/2023\\\/07\\\/29\\\/les-engagements-de-poutine-envers-lafrique\\\/\"},\"wordCount\":1168,\"commentCount\":0,\"publisher\":{\"@id\":\"https:\\\/\\\/lasentinelle.dz\\\/#organization\"},\"image\":{\"@id\":\"https:\\\/\\\/lasentinelle.dz\\\/index.php\\\/2023\\\/07\\\/29\\\/les-engagements-de-poutine-envers-lafrique\\\/#primaryimage\"},\"thumbnailUrl\":\"https:\\\/\\\/lasentinelle.dz\\\/wp-content\\\/uploads\\\/2023\\\/07\\\/Poutine.jpeg\",\"articleSection\":[\"Actualit\u00e9\"],\"inLanguage\":\"fr-FR\",\"potentialAction\":[{\"@type\":\"CommentAction\",\"name\":\"Comment\",\"target\":[\"https:\\\/\\\/lasentinelle.dz\\\/index.php\\\/2023\\\/07\\\/29\\\/les-engagements-de-poutine-envers-lafrique\\\/#respond\"]}]},{\"@type\":\"WebPage\",\"@id\":\"https:\\\/\\\/lasentinelle.dz\\\/index.php\\\/2023\\\/07\\\/29\\\/les-engagements-de-poutine-envers-lafrique\\\/\",\"url\":\"https:\\\/\\\/lasentinelle.dz\\\/index.php\\\/2023\\\/07\\\/29\\\/les-engagements-de-poutine-envers-lafrique\\\/\",\"name\":\"Les engagements de Poutine envers l\u2019Afrique - La Sentinelle\",\"isPartOf\":{\"@id\":\"https:\\\/\\\/lasentinelle.dz\\\/#website\"},\"primaryImageOfPage\":{\"@id\":\"https:\\\/\\\/lasentinelle.dz\\\/index.php\\\/2023\\\/07\\\/29\\\/les-engagements-de-poutine-envers-lafrique\\\/#primaryimage\"},\"image\":{\"@id\":\"https:\\\/\\\/lasentinelle.dz\\\/index.php\\\/2023\\\/07\\\/29\\\/les-engagements-de-poutine-envers-lafrique\\\/#primaryimage\"},\"thumbnailUrl\":\"https:\\\/\\\/lasentinelle.dz\\\/wp-content\\\/uploads\\\/2023\\\/07\\\/Poutine.jpeg\",\"datePublished\":\"2023-07-29T21:14:32+00:00\",\"dateModified\":\"2023-07-29T21:14:34+00:00\",\"breadcrumb\":{\"@id\":\"https:\\\/\\\/lasentinelle.dz\\\/index.php\\\/2023\\\/07\\\/29\\\/les-engagements-de-poutine-envers-lafrique\\\/#breadcrumb\"},\"inLanguage\":\"fr-FR\",\"potentialAction\":[{\"@type\":\"ReadAction\",\"target\":[\"https:\\\/\\\/lasentinelle.dz\\\/index.php\\\/2023\\\/07\\\/29\\\/les-engagements-de-poutine-envers-lafrique\\\/\"]}]},{\"@type\":\"ImageObject\",\"inLanguage\":\"fr-FR\",\"@id\":\"https:\\\/\\\/lasentinelle.dz\\\/index.php\\\/2023\\\/07\\\/29\\\/les-engagements-de-poutine-envers-lafrique\\\/#primaryimage\",\"url\":\"https:\\\/\\\/lasentinelle.dz\\\/wp-content\\\/uploads\\\/2023\\\/07\\\/Poutine.jpeg\",\"contentUrl\":\"https:\\\/\\\/lasentinelle.dz\\\/wp-content\\\/uploads\\\/2023\\\/07\\\/Poutine.jpeg\",\"width\":980,\"height\":551},{\"@type\":\"BreadcrumbList\",\"@id\":\"https:\\\/\\\/lasentinelle.dz\\\/index.php\\\/2023\\\/07\\\/29\\\/les-engagements-de-poutine-envers-lafrique\\\/#breadcrumb\",\"itemListElement\":[{\"@type\":\"ListItem\",\"position\":1,\"name\":\"Accueil\",\"item\":\"https:\\\/\\\/lasentinelle.dz\\\/\"},{\"@type\":\"ListItem\",\"position\":2,\"name\":\"Les engagements de Poutine envers l\u2019Afrique\"}]},{\"@type\":\"WebSite\",\"@id\":\"https:\\\/\\\/lasentinelle.dz\\\/#website\",\"url\":\"https:\\\/\\\/lasentinelle.dz\\\/\",\"name\":\"La Sentinelle\",\"description\":\"Quotidien national d&#039;information\",\"publisher\":{\"@id\":\"https:\\\/\\\/lasentinelle.dz\\\/#organization\"},\"potentialAction\":[{\"@type\":\"SearchAction\",\"target\":{\"@type\":\"EntryPoint\",\"urlTemplate\":\"https:\\\/\\\/lasentinelle.dz\\\/?s={search_term_string}\"},\"query-input\":{\"@type\":\"PropertyValueSpecification\",\"valueRequired\":true,\"valueName\":\"search_term_string\"}}],\"inLanguage\":\"fr-FR\"},{\"@type\":\"Organization\",\"@id\":\"https:\\\/\\\/lasentinelle.dz\\\/#organization\",\"name\":\"Quotidien La Sentinelle\",\"url\":\"https:\\\/\\\/lasentinelle.dz\\\/\",\"logo\":{\"@type\":\"ImageObject\",\"inLanguage\":\"fr-FR\",\"@id\":\"https:\\\/\\\/lasentinelle.dz\\\/#\\\/schema\\\/logo\\\/image\\\/\",\"url\":\"https:\\\/\\\/lasentinelle.dz\\\/wp-content\\\/uploads\\\/2021\\\/09\\\/logo-sentinelleSLOGAN-1.png\",\"contentUrl\":\"https:\\\/\\\/lasentinelle.dz\\\/wp-content\\\/uploads\\\/2021\\\/09\\\/logo-sentinelleSLOGAN-1.png\",\"width\":615,\"height\":142,\"caption\":\"Quotidien La Sentinelle\"},\"image\":{\"@id\":\"https:\\\/\\\/lasentinelle.dz\\\/#\\\/schema\\\/logo\\\/image\\\/\"},\"sameAs\":[\"https:\\\/\\\/www.facebook.com\\\/La-Sentinelle-104059864394773\"]},{\"@type\":\"Person\",\"@id\":\"https:\\\/\\\/lasentinelle.dz\\\/#\\\/schema\\\/person\\\/d865044e22e70a75174ce8bcad3acfb3\",\"name\":\"La Sentinelle\",\"image\":{\"@type\":\"ImageObject\",\"inLanguage\":\"fr-FR\",\"@id\":\"https:\\\/\\\/secure.gravatar.com\\\/avatar\\\/57de8e5d4b15d43fb361a71fbb36338450fe67865b528a43dd10ef7c51a20392?s=96&d=mm&r=g\",\"url\":\"https:\\\/\\\/secure.gravatar.com\\\/avatar\\\/57de8e5d4b15d43fb361a71fbb36338450fe67865b528a43dd10ef7c51a20392?s=96&d=mm&r=g\",\"contentUrl\":\"https:\\\/\\\/secure.gravatar.com\\\/avatar\\\/57de8e5d4b15d43fb361a71fbb36338450fe67865b528a43dd10ef7c51a20392?s=96&d=mm&r=g\",\"caption\":\"La Sentinelle\"},\"sameAs\":[\"http:\\\/\\\/www.lasentinelle.dz\"],\"url\":\"https:\\\/\\\/lasentinelle.dz\\\/author\\\/redaction\\\/\"}]}<\/script>\n<!-- \/ Yoast SEO plugin. -->","yoast_head_json":{"title":"Les engagements de Poutine envers l\u2019Afrique - La Sentinelle","robots":{"index":"index","follow":"follow","max-snippet":"max-snippet:-1","max-image-preview":"max-image-preview:large","max-video-preview":"max-video-preview:-1"},"canonical":"https:\/\/lasentinelle.dz\/index.php\/2023\/07\/29\/les-engagements-de-poutine-envers-lafrique\/","og_locale":"fr_FR","og_type":"article","og_title":"Les engagements de Poutine envers l\u2019Afrique - La Sentinelle","og_description":"Pour le pr\u00e9sident Russe Vladimir Poutine il est question de \u00ab lutter contre le n\u00e9ocolonialisme \u00bb comme il l\u2019a affirm\u00e9,","og_url":"https:\/\/lasentinelle.dz\/index.php\/2023\/07\/29\/les-engagements-de-poutine-envers-lafrique\/","og_site_name":"La Sentinelle","article_publisher":"https:\/\/www.facebook.com\/La-Sentinelle-104059864394773","article_published_time":"2023-07-29T21:14:32+00:00","article_modified_time":"2023-07-29T21:14:34+00:00","og_image":[{"width":980,"height":551,"url":"https:\/\/lasentinelle.dz\/wp-content\/uploads\/2023\/07\/Poutine.jpeg","type":"image\/jpeg"}],"author":"La Sentinelle","twitter_card":"summary_large_image","twitter_misc":{"\u00c9crit par":"La Sentinelle","Dur\u00e9e de lecture estim\u00e9e":"6 minutes"},"schema":{"@context":"https:\/\/schema.org","@graph":[{"@type":"Article","@id":"https:\/\/lasentinelle.dz\/index.php\/2023\/07\/29\/les-engagements-de-poutine-envers-lafrique\/#article","isPartOf":{"@id":"https:\/\/lasentinelle.dz\/index.php\/2023\/07\/29\/les-engagements-de-poutine-envers-lafrique\/"},"author":{"name":"La Sentinelle","@id":"https:\/\/lasentinelle.dz\/#\/schema\/person\/d865044e22e70a75174ce8bcad3acfb3"},"headline":"Les engagements de Poutine envers l\u2019Afrique","datePublished":"2023-07-29T21:14:32+00:00","dateModified":"2023-07-29T21:14:34+00:00","mainEntityOfPage":{"@id":"https:\/\/lasentinelle.dz\/index.php\/2023\/07\/29\/les-engagements-de-poutine-envers-lafrique\/"},"wordCount":1168,"commentCount":0,"publisher":{"@id":"https:\/\/lasentinelle.dz\/#organization"},"image":{"@id":"https:\/\/lasentinelle.dz\/index.php\/2023\/07\/29\/les-engagements-de-poutine-envers-lafrique\/#primaryimage"},"thumbnailUrl":"https:\/\/lasentinelle.dz\/wp-content\/uploads\/2023\/07\/Poutine.jpeg","articleSection":["Actualit\u00e9"],"inLanguage":"fr-FR","potentialAction":[{"@type":"CommentAction","name":"Comment","target":["https:\/\/lasentinelle.dz\/index.php\/2023\/07\/29\/les-engagements-de-poutine-envers-lafrique\/#respond"]}]},{"@type":"WebPage","@id":"https:\/\/lasentinelle.dz\/index.php\/2023\/07\/29\/les-engagements-de-poutine-envers-lafrique\/","url":"https:\/\/lasentinelle.dz\/index.php\/2023\/07\/29\/les-engagements-de-poutine-envers-lafrique\/","name":"Les engagements de Poutine envers l\u2019Afrique - La Sentinelle","isPartOf":{"@id":"https:\/\/lasentinelle.dz\/#website"},"primaryImageOfPage":{"@id":"https:\/\/lasentinelle.dz\/index.php\/2023\/07\/29\/les-engagements-de-poutine-envers-lafrique\/#primaryimage"},"image":{"@id":"https:\/\/lasentinelle.dz\/index.php\/2023\/07\/29\/les-engagements-de-poutine-envers-lafrique\/#primaryimage"},"thumbnailUrl":"https:\/\/lasentinelle.dz\/wp-content\/uploads\/2023\/07\/Poutine.jpeg","datePublished":"2023-07-29T21:14:32+00:00","dateModified":"2023-07-29T21:14:34+00:00","breadcrumb":{"@id":"https:\/\/lasentinelle.dz\/index.php\/2023\/07\/29\/les-engagements-de-poutine-envers-lafrique\/#breadcrumb"},"inLanguage":"fr-FR","potentialAction":[{"@type":"ReadAction","target":["https:\/\/lasentinelle.dz\/index.php\/2023\/07\/29\/les-engagements-de-poutine-envers-lafrique\/"]}]},{"@type":"ImageObject","inLanguage":"fr-FR","@id":"https:\/\/lasentinelle.dz\/index.php\/2023\/07\/29\/les-engagements-de-poutine-envers-lafrique\/#primaryimage","url":"https:\/\/lasentinelle.dz\/wp-content\/uploads\/2023\/07\/Poutine.jpeg","contentUrl":"https:\/\/lasentinelle.dz\/wp-content\/uploads\/2023\/07\/Poutine.jpeg","width":980,"height":551},{"@type":"BreadcrumbList","@id":"https:\/\/lasentinelle.dz\/index.php\/2023\/07\/29\/les-engagements-de-poutine-envers-lafrique\/#breadcrumb","itemListElement":[{"@type":"ListItem","position":1,"name":"Accueil","item":"https:\/\/lasentinelle.dz\/"},{"@type":"ListItem","position":2,"name":"Les engagements de Poutine envers l\u2019Afrique"}]},{"@type":"WebSite","@id":"https:\/\/lasentinelle.dz\/#website","url":"https:\/\/lasentinelle.dz\/","name":"La Sentinelle","description":"Quotidien national d&#039;information","publisher":{"@id":"https:\/\/lasentinelle.dz\/#organization"},"potentialAction":[{"@type":"SearchAction","target":{"@type":"EntryPoint","urlTemplate":"https:\/\/lasentinelle.dz\/?s={search_term_string}"},"query-input":{"@type":"PropertyValueSpecification","valueRequired":true,"valueName":"search_term_string"}}],"inLanguage":"fr-FR"},{"@type":"Organization","@id":"https:\/\/lasentinelle.dz\/#organization","name":"Quotidien La Sentinelle","url":"https:\/\/lasentinelle.dz\/","logo":{"@type":"ImageObject","inLanguage":"fr-FR","@id":"https:\/\/lasentinelle.dz\/#\/schema\/logo\/image\/","url":"https:\/\/lasentinelle.dz\/wp-content\/uploads\/2021\/09\/logo-sentinelleSLOGAN-1.png","contentUrl":"https:\/\/lasentinelle.dz\/wp-content\/uploads\/2021\/09\/logo-sentinelleSLOGAN-1.png","width":615,"height":142,"caption":"Quotidien La Sentinelle"},"image":{"@id":"https:\/\/lasentinelle.dz\/#\/schema\/logo\/image\/"},"sameAs":["https:\/\/www.facebook.com\/La-Sentinelle-104059864394773"]},{"@type":"Person","@id":"https:\/\/lasentinelle.dz\/#\/schema\/person\/d865044e22e70a75174ce8bcad3acfb3","name":"La Sentinelle","image":{"@type":"ImageObject","inLanguage":"fr-FR","@id":"https:\/\/secure.gravatar.com\/avatar\/57de8e5d4b15d43fb361a71fbb36338450fe67865b528a43dd10ef7c51a20392?s=96&d=mm&r=g","url":"https:\/\/secure.gravatar.com\/avatar\/57de8e5d4b15d43fb361a71fbb36338450fe67865b528a43dd10ef7c51a20392?s=96&d=mm&r=g","contentUrl":"https:\/\/secure.gravatar.com\/avatar\/57de8e5d4b15d43fb361a71fbb36338450fe67865b528a43dd10ef7c51a20392?s=96&d=mm&r=g","caption":"La Sentinelle"},"sameAs":["http:\/\/www.lasentinelle.dz"],"url":"https:\/\/lasentinelle.dz\/author\/redaction\/"}]}},"_links":{"self":[{"href":"https:\/\/lasentinelle.dz\/index.php\/wp-json\/wp\/v2\/posts\/44096","targetHints":{"allow":["GET"]}}],"collection":[{"href":"https:\/\/lasentinelle.dz\/index.php\/wp-json\/wp\/v2\/posts"}],"about":[{"href":"https:\/\/lasentinelle.dz\/index.php\/wp-json\/wp\/v2\/types\/post"}],"author":[{"embeddable":true,"href":"https:\/\/lasentinelle.dz\/index.php\/wp-json\/wp\/v2\/users\/3"}],"replies":[{"embeddable":true,"href":"https:\/\/lasentinelle.dz\/index.php\/wp-json\/wp\/v2\/comments?post=44096"}],"version-history":[{"count":1,"href":"https:\/\/lasentinelle.dz\/index.php\/wp-json\/wp\/v2\/posts\/44096\/revisions"}],"predecessor-version":[{"id":44098,"href":"https:\/\/lasentinelle.dz\/index.php\/wp-json\/wp\/v2\/posts\/44096\/revisions\/44098"}],"wp:featuredmedia":[{"embeddable":true,"href":"https:\/\/lasentinelle.dz\/index.php\/wp-json\/wp\/v2\/media\/44097"}],"wp:attachment":[{"href":"https:\/\/lasentinelle.dz\/index.php\/wp-json\/wp\/v2\/media?parent=44096"}],"wp:term":[{"taxonomy":"category","embeddable":true,"href":"https:\/\/lasentinelle.dz\/index.php\/wp-json\/wp\/v2\/categories?post=44096"},{"taxonomy":"post_tag","embeddable":true,"href":"https:\/\/lasentinelle.dz\/index.php\/wp-json\/wp\/v2\/tags?post=44096"}],"curies":[{"name":"wp","href":"https:\/\/api.w.org\/{rel}","templated":true}]}}