{"id":44104,"date":"2023-07-30T20:35:58","date_gmt":"2023-07-30T19:35:58","guid":{"rendered":"https:\/\/lasentinelle.dz\/?p=44104"},"modified":"2023-07-30T20:36:00","modified_gmt":"2023-07-30T19:36:00","slug":"ligue-1-un-mercato-estival-anime-pour-la-jsk","status":"publish","type":"post","link":"https:\/\/lasentinelle.dz\/index.php\/2023\/07\/30\/ligue-1-un-mercato-estival-anime-pour-la-jsk\/","title":{"rendered":"Ligue 1&nbsp;: Un mercato estival anim\u00e9 pour la JSK"},"content":{"rendered":"\n<p>La JS Kabylie est tr\u00e8s active sur le march\u00e9 estival des transferts. La nouvelle direction install\u00e9e apr\u00e8s le rachat du club par l\u2019op\u00e9rateur public Mobilis au mois de mars dernier, veut tourner la page apr\u00e8s une saison catastrophique et injecter du sang neuf dans l\u2019effectif. Plusieurs recrutements sont donc op\u00e9r\u00e9s dans ce sens.<\/p>\n\n\n\n<p>Ainsi, et 24 heures apr\u00e8s avoir annonc\u00e9 le recrutement de Bendaouad Aymen en provenance du CS Constantine, les Canaris se sont adjoints les services de l&rsquo;ex &#8211; attaquant de l&rsquo;US Biskra, Hicham Mokhtar qui a sign\u00e9 un contrat de deux saisons. C&rsquo;est l&rsquo;entra\u00eeneur Bouzidi qui a insist\u00e9 pour l&rsquo;avoir, surtout lorsqu&rsquo;on sait que Hicham Mokhtar a \u00e9volu\u00e9 sous sa coupe \u00e0 Biskra, la saison derni\u00e8re.&nbsp;<\/p>\n\n\n\n<p>Arriv\u00e9 du FC Nedjma, en premi\u00e8re division du championnat d&rsquo;Arabie saoudite, o\u00f9 il a inscrit 11 buts l&rsquo;an dernier, Mokhtar (31 ans) s\u2019est engag\u00e9 pour deux saisons. Pour sa part, Bendaoud (22 ans), ex-CS Constantine, a paraph\u00e9 un contact de 3 ans. Ces deux nouvelles recrues viennent s\u2019ajouter aux quatre autres recrut\u00e9es par les Jaune et Vert durant ce mercato estival. Il s\u2019agit du portier Chams-Eddine Rahmani (ex-CS Constantine), du d\u00e9fenseur Ahmed Ma\u00e2meri (ex-CS Constantine), de l&rsquo;attaquant Redouane Berkane (ex-Olympique Akbou), et de l\u2019autre attaquant Amrane Fa\u00efk (ex-NC Magra).<\/p>\n\n\n\n<p>Les Canaris ont annonc\u00e9 il y a quelques jours avoir trouv\u00e9 un accord pour une r\u00e9siliation \u00e0 l\u2019amiable des contrats de six joueurs. Apr\u00e8s avoir ant\u00e9rieurement lib\u00e9r\u00e9 de leurs les contrats le Burkinab\u00e9 Mohamed Lamine Ouattara et Redouane Zerdoum, la JSK, d\u2019un commun accord avec ses d\u00e9sormais ex-joueurs, a proc\u00e9d\u00e9 \u00e0 une r\u00e9siliation \u00e0 l\u2019amiable des contrats de Juba Oukaci, Lyes Benyoucef, Abderrahmane Medjadel, Mohamed Guemroud ainsi que celui de l\u2019ex-entra\u00eeneur des gardiens de but, Lyes Benhaha, soulignant que \u00abd\u2019autres joueurs, dont les d\u00e9marches de r\u00e9siliation sont en cours, rejoindront incessamment la liste des lib\u00e9r\u00e9s\u00bb. Dans le but de pr\u00e9server l\u2019ossature, la direction a prolong\u00e9 les contrats du d\u00e9fenseur axial Khaled Bouhakak, du gardien Mohamed Idir Hadid, du lat\u00e9ral droit Far\u00e8s Nechat-Djabri, du milieu d\u00e9fensif Salim Boukhenchouche, du milieu offensif Koceila Boualia, ainsi que du capitaine Badreddine Souyad. Le club a renouvel\u00e9 sa confiance au coach Youcef Bouzidi et son adjoint Mohamed Lacet, tout en renfor\u00e7ant ce staff par deux anciens internationaux du club, en l\u2019occurrence : Loun\u00e8s Gaouaoui et Mourad A\u00eft Tahar, engag\u00e9s respectivement comme entra\u00eeneur des gardiens et deuxi\u00e8me adjoint. Lors de la saison \u00e9coul\u00e9e, la JSK a d\u00fb attendre la 29e et avant derni\u00e8re journ\u00e9e pour assurer son maintien parmi l\u2019\u00e9lite, apr\u00e8s sa victoire face au NC Magra (2-0), en match disput\u00e9 au stade du 1er-Novembre de Tizi-Ouzou.<\/p>\n\n\n\n<p>Sauv\u00e9e in-extremis de la rel\u00e9gation en Ligue 2 gr\u00e2ce au retour de Youcef Bouzidi \u00e0 la barre technique, la JSK veut appr\u00e9hender la nouvelle saison dans de meilleures conditions.<\/p>\n\n\n\n<p>R.S.<\/p>\n","protected":false},"excerpt":{"rendered":"<p>La JS Kabylie est tr\u00e8s active sur le march\u00e9 estival des transferts. La nouvelle direction install\u00e9e apr\u00e8s le rachat du<\/p>\n","protected":false},"author":3,"featured_media":44105,"comment_status":"open","ping_status":"closed","sticky":false,"template":"","format":"standard","meta":{"colormag_page_container_layout":"default_layout","colormag_page_sidebar_layout":"default_layout","om_disable_all_campaigns":false,"_monsterinsights_skip_tracking":false,"_monsterinsights_sitenote_active":false,"_monsterinsights_sitenote_note":"","_monsterinsights_sitenote_category":0,"footnotes":"","_wpscppro_dont_share_socialmedia":false,"_wpscppro_custom_social_share_image":0,"_facebook_share_type":"","_twitter_share_type":"","_linkedin_share_type":"","_pinterest_share_type":"","_linkedin_share_type_page":"","_instagram_share_type":"","_medium_share_type":"","_threads_share_type":"","_google_business_share_type":"","_selected_social_profile":[],"_wpsp_enable_custom_social_template":false,"_wpsp_social_scheduling":{"enabled":false,"datetime":null,"platforms":[],"status":"template_only","dateOption":"today","timeOption":"now","customDays":"","customHours":"","customDate":"","customTime":"","schedulingType":"absolute"},"_wpsp_active_default_template":true},"categories":[52,33],"tags":[],"class_list":["post-44104","post","type-post","status-publish","format-standard","has-post-thumbnail","hentry","category-a-la-une","category-sports"],"aioseo_notices":[],"yoast_head":"<!-- This site is optimized with the Yoast SEO plugin v27.5 - https:\/\/yoast.com\/product\/yoast-seo-wordpress\/ -->\n<title>Ligue 1&nbsp;: Un mercato estival anim\u00e9 pour la JSK - La Sentinelle<\/title>\n<meta name=\"robots\" content=\"index, follow, max-snippet:-1, max-image-preview:large, max-video-preview:-1\" \/>\n<link rel=\"canonical\" href=\"https:\/\/lasentinelle.dz\/index.php\/2023\/07\/30\/ligue-1-un-mercato-estival-anime-pour-la-jsk\/\" \/>\n<meta property=\"og:locale\" content=\"fr_FR\" \/>\n<meta property=\"og:type\" content=\"article\" \/>\n<meta property=\"og:title\" content=\"Ligue 1&nbsp;: Un mercato estival anim\u00e9 pour la JSK - La Sentinelle\" \/>\n<meta property=\"og:description\" content=\"La JS Kabylie est tr\u00e8s active sur le march\u00e9 estival des transferts. La nouvelle direction install\u00e9e apr\u00e8s le rachat du\" \/>\n<meta property=\"og:url\" content=\"https:\/\/lasentinelle.dz\/index.php\/2023\/07\/30\/ligue-1-un-mercato-estival-anime-pour-la-jsk\/\" \/>\n<meta property=\"og:site_name\" content=\"La Sentinelle\" \/>\n<meta property=\"article:publisher\" content=\"https:\/\/www.facebook.com\/La-Sentinelle-104059864394773\" \/>\n<meta property=\"article:published_time\" content=\"2023-07-30T19:35:58+00:00\" \/>\n<meta property=\"article:modified_time\" content=\"2023-07-30T19:36:00+00:00\" \/>\n<meta property=\"og:image\" content=\"https:\/\/lasentinelle.dz\/wp-content\/uploads\/2023\/07\/JSK-3.jpeg\" \/>\n\t<meta property=\"og:image:width\" content=\"960\" \/>\n\t<meta property=\"og:image:height\" content=\"540\" \/>\n\t<meta property=\"og:image:type\" content=\"image\/jpeg\" \/>\n<meta name=\"author\" content=\"La Sentinelle\" \/>\n<meta name=\"twitter:card\" content=\"summary_large_image\" \/>\n<meta name=\"twitter:label1\" content=\"\u00c9crit par\" \/>\n\t<meta name=\"twitter:data1\" content=\"La Sentinelle\" \/>\n\t<meta name=\"twitter:label2\" content=\"Dur\u00e9e de lecture estim\u00e9e\" \/>\n\t<meta name=\"twitter:data2\" content=\"3 minutes\" \/>\n<script type=\"application\/ld+json\" class=\"yoast-schema-graph\">{\"@context\":\"https:\\\/\\\/schema.org\",\"@graph\":[{\"@type\":\"Article\",\"@id\":\"https:\\\/\\\/lasentinelle.dz\\\/index.php\\\/2023\\\/07\\\/30\\\/ligue-1-un-mercato-estival-anime-pour-la-jsk\\\/#article\",\"isPartOf\":{\"@id\":\"https:\\\/\\\/lasentinelle.dz\\\/index.php\\\/2023\\\/07\\\/30\\\/ligue-1-un-mercato-estival-anime-pour-la-jsk\\\/\"},\"author\":{\"name\":\"La Sentinelle\",\"@id\":\"https:\\\/\\\/lasentinelle.dz\\\/#\\\/schema\\\/person\\\/d865044e22e70a75174ce8bcad3acfb3\"},\"headline\":\"Ligue 1&nbsp;: Un mercato estival anim\u00e9 pour la JSK\",\"datePublished\":\"2023-07-30T19:35:58+00:00\",\"dateModified\":\"2023-07-30T19:36:00+00:00\",\"mainEntityOfPage\":{\"@id\":\"https:\\\/\\\/lasentinelle.dz\\\/index.php\\\/2023\\\/07\\\/30\\\/ligue-1-un-mercato-estival-anime-pour-la-jsk\\\/\"},\"wordCount\":526,\"commentCount\":0,\"publisher\":{\"@id\":\"https:\\\/\\\/lasentinelle.dz\\\/#organization\"},\"image\":{\"@id\":\"https:\\\/\\\/lasentinelle.dz\\\/index.php\\\/2023\\\/07\\\/30\\\/ligue-1-un-mercato-estival-anime-pour-la-jsk\\\/#primaryimage\"},\"thumbnailUrl\":\"https:\\\/\\\/lasentinelle.dz\\\/wp-content\\\/uploads\\\/2023\\\/07\\\/JSK-3.jpeg\",\"articleSection\":[\"\u00c0 la Une\",\"Sports\"],\"inLanguage\":\"fr-FR\",\"potentialAction\":[{\"@type\":\"CommentAction\",\"name\":\"Comment\",\"target\":[\"https:\\\/\\\/lasentinelle.dz\\\/index.php\\\/2023\\\/07\\\/30\\\/ligue-1-un-mercato-estival-anime-pour-la-jsk\\\/#respond\"]}]},{\"@type\":\"WebPage\",\"@id\":\"https:\\\/\\\/lasentinelle.dz\\\/index.php\\\/2023\\\/07\\\/30\\\/ligue-1-un-mercato-estival-anime-pour-la-jsk\\\/\",\"url\":\"https:\\\/\\\/lasentinelle.dz\\\/index.php\\\/2023\\\/07\\\/30\\\/ligue-1-un-mercato-estival-anime-pour-la-jsk\\\/\",\"name\":\"Ligue 1&nbsp;: Un mercato estival anim\u00e9 pour la JSK - La Sentinelle\",\"isPartOf\":{\"@id\":\"https:\\\/\\\/lasentinelle.dz\\\/#website\"},\"primaryImageOfPage\":{\"@id\":\"https:\\\/\\\/lasentinelle.dz\\\/index.php\\\/2023\\\/07\\\/30\\\/ligue-1-un-mercato-estival-anime-pour-la-jsk\\\/#primaryimage\"},\"image\":{\"@id\":\"https:\\\/\\\/lasentinelle.dz\\\/index.php\\\/2023\\\/07\\\/30\\\/ligue-1-un-mercato-estival-anime-pour-la-jsk\\\/#primaryimage\"},\"thumbnailUrl\":\"https:\\\/\\\/lasentinelle.dz\\\/wp-content\\\/uploads\\\/2023\\\/07\\\/JSK-3.jpeg\",\"datePublished\":\"2023-07-30T19:35:58+00:00\",\"dateModified\":\"2023-07-30T19:36:00+00:00\",\"breadcrumb\":{\"@id\":\"https:\\\/\\\/lasentinelle.dz\\\/index.php\\\/2023\\\/07\\\/30\\\/ligue-1-un-mercato-estival-anime-pour-la-jsk\\\/#breadcrumb\"},\"inLanguage\":\"fr-FR\",\"potentialAction\":[{\"@type\":\"ReadAction\",\"target\":[\"https:\\\/\\\/lasentinelle.dz\\\/index.php\\\/2023\\\/07\\\/30\\\/ligue-1-un-mercato-estival-anime-pour-la-jsk\\\/\"]}]},{\"@type\":\"ImageObject\",\"inLanguage\":\"fr-FR\",\"@id\":\"https:\\\/\\\/lasentinelle.dz\\\/index.php\\\/2023\\\/07\\\/30\\\/ligue-1-un-mercato-estival-anime-pour-la-jsk\\\/#primaryimage\",\"url\":\"https:\\\/\\\/lasentinelle.dz\\\/wp-content\\\/uploads\\\/2023\\\/07\\\/JSK-3.jpeg\",\"contentUrl\":\"https:\\\/\\\/lasentinelle.dz\\\/wp-content\\\/uploads\\\/2023\\\/07\\\/JSK-3.jpeg\",\"width\":960,\"height\":540},{\"@type\":\"BreadcrumbList\",\"@id\":\"https:\\\/\\\/lasentinelle.dz\\\/index.php\\\/2023\\\/07\\\/30\\\/ligue-1-un-mercato-estival-anime-pour-la-jsk\\\/#breadcrumb\",\"itemListElement\":[{\"@type\":\"ListItem\",\"position\":1,\"name\":\"Accueil\",\"item\":\"https:\\\/\\\/lasentinelle.dz\\\/\"},{\"@type\":\"ListItem\",\"position\":2,\"name\":\"Ligue 1&nbsp;: Un mercato estival anim\u00e9 pour la JSK\"}]},{\"@type\":\"WebSite\",\"@id\":\"https:\\\/\\\/lasentinelle.dz\\\/#website\",\"url\":\"https:\\\/\\\/lasentinelle.dz\\\/\",\"name\":\"La Sentinelle\",\"description\":\"Quotidien national d&#039;information\",\"publisher\":{\"@id\":\"https:\\\/\\\/lasentinelle.dz\\\/#organization\"},\"potentialAction\":[{\"@type\":\"SearchAction\",\"target\":{\"@type\":\"EntryPoint\",\"urlTemplate\":\"https:\\\/\\\/lasentinelle.dz\\\/?s={search_term_string}\"},\"query-input\":{\"@type\":\"PropertyValueSpecification\",\"valueRequired\":true,\"valueName\":\"search_term_string\"}}],\"inLanguage\":\"fr-FR\"},{\"@type\":\"Organization\",\"@id\":\"https:\\\/\\\/lasentinelle.dz\\\/#organization\",\"name\":\"Quotidien La Sentinelle\",\"url\":\"https:\\\/\\\/lasentinelle.dz\\\/\",\"logo\":{\"@type\":\"ImageObject\",\"inLanguage\":\"fr-FR\",\"@id\":\"https:\\\/\\\/lasentinelle.dz\\\/#\\\/schema\\\/logo\\\/image\\\/\",\"url\":\"https:\\\/\\\/lasentinelle.dz\\\/wp-content\\\/uploads\\\/2021\\\/09\\\/logo-sentinelleSLOGAN-1.png\",\"contentUrl\":\"https:\\\/\\\/lasentinelle.dz\\\/wp-content\\\/uploads\\\/2021\\\/09\\\/logo-sentinelleSLOGAN-1.png\",\"width\":615,\"height\":142,\"caption\":\"Quotidien La Sentinelle\"},\"image\":{\"@id\":\"https:\\\/\\\/lasentinelle.dz\\\/#\\\/schema\\\/logo\\\/image\\\/\"},\"sameAs\":[\"https:\\\/\\\/www.facebook.com\\\/La-Sentinelle-104059864394773\"]},{\"@type\":\"Person\",\"@id\":\"https:\\\/\\\/lasentinelle.dz\\\/#\\\/schema\\\/person\\\/d865044e22e70a75174ce8bcad3acfb3\",\"name\":\"La Sentinelle\",\"image\":{\"@type\":\"ImageObject\",\"inLanguage\":\"fr-FR\",\"@id\":\"https:\\\/\\\/secure.gravatar.com\\\/avatar\\\/57de8e5d4b15d43fb361a71fbb36338450fe67865b528a43dd10ef7c51a20392?s=96&d=mm&r=g\",\"url\":\"https:\\\/\\\/secure.gravatar.com\\\/avatar\\\/57de8e5d4b15d43fb361a71fbb36338450fe67865b528a43dd10ef7c51a20392?s=96&d=mm&r=g\",\"contentUrl\":\"https:\\\/\\\/secure.gravatar.com\\\/avatar\\\/57de8e5d4b15d43fb361a71fbb36338450fe67865b528a43dd10ef7c51a20392?s=96&d=mm&r=g\",\"caption\":\"La Sentinelle\"},\"sameAs\":[\"http:\\\/\\\/www.lasentinelle.dz\"],\"url\":\"https:\\\/\\\/lasentinelle.dz\\\/author\\\/redaction\\\/\"}]}<\/script>\n<!-- \/ Yoast SEO plugin. -->","yoast_head_json":{"title":"Ligue 1&nbsp;: Un mercato estival anim\u00e9 pour la JSK - La Sentinelle","robots":{"index":"index","follow":"follow","max-snippet":"max-snippet:-1","max-image-preview":"max-image-preview:large","max-video-preview":"max-video-preview:-1"},"canonical":"https:\/\/lasentinelle.dz\/index.php\/2023\/07\/30\/ligue-1-un-mercato-estival-anime-pour-la-jsk\/","og_locale":"fr_FR","og_type":"article","og_title":"Ligue 1&nbsp;: Un mercato estival anim\u00e9 pour la JSK - La Sentinelle","og_description":"La JS Kabylie est tr\u00e8s active sur le march\u00e9 estival des transferts. La nouvelle direction install\u00e9e apr\u00e8s le rachat du","og_url":"https:\/\/lasentinelle.dz\/index.php\/2023\/07\/30\/ligue-1-un-mercato-estival-anime-pour-la-jsk\/","og_site_name":"La Sentinelle","article_publisher":"https:\/\/www.facebook.com\/La-Sentinelle-104059864394773","article_published_time":"2023-07-30T19:35:58+00:00","article_modified_time":"2023-07-30T19:36:00+00:00","og_image":[{"width":960,"height":540,"url":"https:\/\/lasentinelle.dz\/wp-content\/uploads\/2023\/07\/JSK-3.jpeg","type":"image\/jpeg"}],"author":"La Sentinelle","twitter_card":"summary_large_image","twitter_misc":{"\u00c9crit par":"La Sentinelle","Dur\u00e9e de lecture estim\u00e9e":"3 minutes"},"schema":{"@context":"https:\/\/schema.org","@graph":[{"@type":"Article","@id":"https:\/\/lasentinelle.dz\/index.php\/2023\/07\/30\/ligue-1-un-mercato-estival-anime-pour-la-jsk\/#article","isPartOf":{"@id":"https:\/\/lasentinelle.dz\/index.php\/2023\/07\/30\/ligue-1-un-mercato-estival-anime-pour-la-jsk\/"},"author":{"name":"La Sentinelle","@id":"https:\/\/lasentinelle.dz\/#\/schema\/person\/d865044e22e70a75174ce8bcad3acfb3"},"headline":"Ligue 1&nbsp;: Un mercato estival anim\u00e9 pour la JSK","datePublished":"2023-07-30T19:35:58+00:00","dateModified":"2023-07-30T19:36:00+00:00","mainEntityOfPage":{"@id":"https:\/\/lasentinelle.dz\/index.php\/2023\/07\/30\/ligue-1-un-mercato-estival-anime-pour-la-jsk\/"},"wordCount":526,"commentCount":0,"publisher":{"@id":"https:\/\/lasentinelle.dz\/#organization"},"image":{"@id":"https:\/\/lasentinelle.dz\/index.php\/2023\/07\/30\/ligue-1-un-mercato-estival-anime-pour-la-jsk\/#primaryimage"},"thumbnailUrl":"https:\/\/lasentinelle.dz\/wp-content\/uploads\/2023\/07\/JSK-3.jpeg","articleSection":["\u00c0 la Une","Sports"],"inLanguage":"fr-FR","potentialAction":[{"@type":"CommentAction","name":"Comment","target":["https:\/\/lasentinelle.dz\/index.php\/2023\/07\/30\/ligue-1-un-mercato-estival-anime-pour-la-jsk\/#respond"]}]},{"@type":"WebPage","@id":"https:\/\/lasentinelle.dz\/index.php\/2023\/07\/30\/ligue-1-un-mercato-estival-anime-pour-la-jsk\/","url":"https:\/\/lasentinelle.dz\/index.php\/2023\/07\/30\/ligue-1-un-mercato-estival-anime-pour-la-jsk\/","name":"Ligue 1&nbsp;: Un mercato estival anim\u00e9 pour la JSK - La Sentinelle","isPartOf":{"@id":"https:\/\/lasentinelle.dz\/#website"},"primaryImageOfPage":{"@id":"https:\/\/lasentinelle.dz\/index.php\/2023\/07\/30\/ligue-1-un-mercato-estival-anime-pour-la-jsk\/#primaryimage"},"image":{"@id":"https:\/\/lasentinelle.dz\/index.php\/2023\/07\/30\/ligue-1-un-mercato-estival-anime-pour-la-jsk\/#primaryimage"},"thumbnailUrl":"https:\/\/lasentinelle.dz\/wp-content\/uploads\/2023\/07\/JSK-3.jpeg","datePublished":"2023-07-30T19:35:58+00:00","dateModified":"2023-07-30T19:36:00+00:00","breadcrumb":{"@id":"https:\/\/lasentinelle.dz\/index.php\/2023\/07\/30\/ligue-1-un-mercato-estival-anime-pour-la-jsk\/#breadcrumb"},"inLanguage":"fr-FR","potentialAction":[{"@type":"ReadAction","target":["https:\/\/lasentinelle.dz\/index.php\/2023\/07\/30\/ligue-1-un-mercato-estival-anime-pour-la-jsk\/"]}]},{"@type":"ImageObject","inLanguage":"fr-FR","@id":"https:\/\/lasentinelle.dz\/index.php\/2023\/07\/30\/ligue-1-un-mercato-estival-anime-pour-la-jsk\/#primaryimage","url":"https:\/\/lasentinelle.dz\/wp-content\/uploads\/2023\/07\/JSK-3.jpeg","contentUrl":"https:\/\/lasentinelle.dz\/wp-content\/uploads\/2023\/07\/JSK-3.jpeg","width":960,"height":540},{"@type":"BreadcrumbList","@id":"https:\/\/lasentinelle.dz\/index.php\/2023\/07\/30\/ligue-1-un-mercato-estival-anime-pour-la-jsk\/#breadcrumb","itemListElement":[{"@type":"ListItem","position":1,"name":"Accueil","item":"https:\/\/lasentinelle.dz\/"},{"@type":"ListItem","position":2,"name":"Ligue 1&nbsp;: Un mercato estival anim\u00e9 pour la JSK"}]},{"@type":"WebSite","@id":"https:\/\/lasentinelle.dz\/#website","url":"https:\/\/lasentinelle.dz\/","name":"La Sentinelle","description":"Quotidien national d&#039;information","publisher":{"@id":"https:\/\/lasentinelle.dz\/#organization"},"potentialAction":[{"@type":"SearchAction","target":{"@type":"EntryPoint","urlTemplate":"https:\/\/lasentinelle.dz\/?s={search_term_string}"},"query-input":{"@type":"PropertyValueSpecification","valueRequired":true,"valueName":"search_term_string"}}],"inLanguage":"fr-FR"},{"@type":"Organization","@id":"https:\/\/lasentinelle.dz\/#organization","name":"Quotidien La Sentinelle","url":"https:\/\/lasentinelle.dz\/","logo":{"@type":"ImageObject","inLanguage":"fr-FR","@id":"https:\/\/lasentinelle.dz\/#\/schema\/logo\/image\/","url":"https:\/\/lasentinelle.dz\/wp-content\/uploads\/2021\/09\/logo-sentinelleSLOGAN-1.png","contentUrl":"https:\/\/lasentinelle.dz\/wp-content\/uploads\/2021\/09\/logo-sentinelleSLOGAN-1.png","width":615,"height":142,"caption":"Quotidien La Sentinelle"},"image":{"@id":"https:\/\/lasentinelle.dz\/#\/schema\/logo\/image\/"},"sameAs":["https:\/\/www.facebook.com\/La-Sentinelle-104059864394773"]},{"@type":"Person","@id":"https:\/\/lasentinelle.dz\/#\/schema\/person\/d865044e22e70a75174ce8bcad3acfb3","name":"La Sentinelle","image":{"@type":"ImageObject","inLanguage":"fr-FR","@id":"https:\/\/secure.gravatar.com\/avatar\/57de8e5d4b15d43fb361a71fbb36338450fe67865b528a43dd10ef7c51a20392?s=96&d=mm&r=g","url":"https:\/\/secure.gravatar.com\/avatar\/57de8e5d4b15d43fb361a71fbb36338450fe67865b528a43dd10ef7c51a20392?s=96&d=mm&r=g","contentUrl":"https:\/\/secure.gravatar.com\/avatar\/57de8e5d4b15d43fb361a71fbb36338450fe67865b528a43dd10ef7c51a20392?s=96&d=mm&r=g","caption":"La Sentinelle"},"sameAs":["http:\/\/www.lasentinelle.dz"],"url":"https:\/\/lasentinelle.dz\/author\/redaction\/"}]}},"_links":{"self":[{"href":"https:\/\/lasentinelle.dz\/index.php\/wp-json\/wp\/v2\/posts\/44104","targetHints":{"allow":["GET"]}}],"collection":[{"href":"https:\/\/lasentinelle.dz\/index.php\/wp-json\/wp\/v2\/posts"}],"about":[{"href":"https:\/\/lasentinelle.dz\/index.php\/wp-json\/wp\/v2\/types\/post"}],"author":[{"embeddable":true,"href":"https:\/\/lasentinelle.dz\/index.php\/wp-json\/wp\/v2\/users\/3"}],"replies":[{"embeddable":true,"href":"https:\/\/lasentinelle.dz\/index.php\/wp-json\/wp\/v2\/comments?post=44104"}],"version-history":[{"count":1,"href":"https:\/\/lasentinelle.dz\/index.php\/wp-json\/wp\/v2\/posts\/44104\/revisions"}],"predecessor-version":[{"id":44106,"href":"https:\/\/lasentinelle.dz\/index.php\/wp-json\/wp\/v2\/posts\/44104\/revisions\/44106"}],"wp:featuredmedia":[{"embeddable":true,"href":"https:\/\/lasentinelle.dz\/index.php\/wp-json\/wp\/v2\/media\/44105"}],"wp:attachment":[{"href":"https:\/\/lasentinelle.dz\/index.php\/wp-json\/wp\/v2\/media?parent=44104"}],"wp:term":[{"taxonomy":"category","embeddable":true,"href":"https:\/\/lasentinelle.dz\/index.php\/wp-json\/wp\/v2\/categories?post=44104"},{"taxonomy":"post_tag","embeddable":true,"href":"https:\/\/lasentinelle.dz\/index.php\/wp-json\/wp\/v2\/tags?post=44104"}],"curies":[{"name":"wp","href":"https:\/\/api.w.org\/{rel}","templated":true}]}}