{"id":44121,"date":"2023-07-30T21:53:30","date_gmt":"2023-07-30T20:53:30","guid":{"rendered":"https:\/\/lasentinelle.dz\/?p=44121"},"modified":"2023-07-30T21:53:33","modified_gmt":"2023-07-30T20:53:33","slug":"lutte-contre-les-feux-de-foret-la-protection-civile-dresse-une-premiere-evaluation","status":"publish","type":"post","link":"https:\/\/lasentinelle.dz\/index.php\/2023\/07\/30\/lutte-contre-les-feux-de-foret-la-protection-civile-dresse-une-premiere-evaluation\/","title":{"rendered":"Lutte contre les feux de for\u00eat&nbsp;: La Protection civile dresse une premi\u00e8re \u00e9valuation"},"content":{"rendered":"\n<p>C\u2019est dans l\u2019objectif d\u2019am\u00e9liorer l\u2019intervention des \u00e9quipes de la Protection civile et de rem\u00e9dier aux lacunes, que la Direction g\u00e9n\u00e9rale de la protection civile a organis\u00e9 hier, une premi\u00e8re r\u00e9union d\u2019\u00e9valuation de l\u2019intervention lors des incendies qui ont affect\u00e9 le nord du pays la semaine derni\u00e8re. &nbsp;Lors de cette r\u00e9union qui s\u2019est tenue au niveau de l&rsquo;unit\u00e9 nationale d&rsquo;instruction et d&rsquo;intervention de Dar El-Beida (Alger), le lieutenant-colonel Abdelkrim Habi a pr\u00e9cis\u00e9 que cette r\u00e9union \u00e9valuative a \u00e9t\u00e9 l&rsquo;occasion de pr\u00e9senter les rapports d&rsquo;intervention des unit\u00e9s de la protection civile durant les op\u00e9rations d&rsquo;extinction des feux, lors des derniers incendies ayant touch\u00e9 plusieurs wilayas du pays, et ce, afin d&rsquo;en am\u00e9liorer la qualit\u00e9, mais aussi pour mieux maitriser les difficult\u00e9s rencontr\u00e9es sur le terrain. Cette rencontre s&rsquo;est tenue sous la supervision du Directeur de l&rsquo;organisation et de la coordination des secours, et du Directeur de la pr\u00e9vention, avec la participation des chefs de service de la protection g\u00e9n\u00e9rale des 8 wilayas sinistr\u00e9es, \u00e0 savoir Bejaia, Bouira, Tizi Ouzou, Jijel, Skikda, Boumerdes, El Tarf et M\u00e9d\u00e9a.<\/p>\n\n\n\n<p>Notons que quelques jours apr\u00e8s ces incendies, les zones sinistr\u00e9es commencent \u00e0 reprendre vie, de m\u00eame que les convois de solidarit\u00e9 affluent vers les r\u00e9gions affect\u00e9es par les incendies. Dans ce sens, la soci\u00e9t\u00e9 de management et d\u00e9veloppement des actifs et des ressources Madar Holding a annonc\u00e9 l\u2019envoi d\u2019aides aux familles affect\u00e9es par les derniers feux de for\u00eats enregistr\u00e9s notamment dans les wilayas de Bejaia et Jijel. Achemin\u00e9es vers les zones les plus touch\u00e9es dans ces deux wilayas, ces aides sont compos\u00e9es de produits alimentaires et de m\u00e9dicaments pour \u00ab\u00a0r\u00e9pondre aux besoins urgents des familles touch\u00e9es par ces incendies\u00a0\u00bb, note la m\u00eame source. Madar affirme, dans le m\u00eame cadre, son \u00ab\u00a0engament \u00e0 contribuer, en collaboration avec les pouvoirs publics et les organisations humanitaires, dans le processus de reconstruction des r\u00e9gions touch\u00e9es par ces incendies\u00a0\u00bb.<\/p>\n\n\n\n<p>Par ailleurs, plus de 150 tonnes de divers produits de premi\u00e8re n\u00e9cessit\u00e9 ont \u00e9t\u00e9 envoy\u00e9es, \u00e0 partir de Tizi-Ouzou, vers la wilaya de Bejaia. Le coup d\u2019envoi de la caravane de solidarit\u00e9 constitu\u00e9e de 15 v\u00e9hicules dont 8 semi-remorques, 3 camions frigorifiques, trois camions de 2,5 tonnes et un fourgon, a \u00e9t\u00e9 donn\u00e9 par le wali Djilali Doumi, en pr\u00e9sence d\u2019\u00e9lus locaux ainsi que de membres de l\u2019ex\u00e9cutif de la wilaya et de la commission de s\u00e9curit\u00e9, \u00e0 partir de la r\u00e9sidence universitaire Rhahlia \u00e0 Oued Aissi (banlieue est de Tizi-Ouzou). Divers organismes publics et priv\u00e9s, le mouvement associatif, des op\u00e9rateurs \u00e9conomiques, des bienfaiteurs et des comit\u00e9s de villages, ont contribu\u00e9 \u00e0 cette op\u00e9ration de solidarit\u00e9 visant \u00e0 venir en aide aux victimes des incendies et \u00e0 leur apporter du soutien pour leur permettre de surmonter cette \u00e9preuve. La caravane transporte, notamment, des denr\u00e9es alimentaires, des produits pharmaceutiques, de la literie, des v\u00eatements et des produits agricoles, a indiqu\u00e9 M. Doumi, qui a d\u00e9clar\u00e9 que \u00ab\u00a0le drame qui a touch\u00e9 les wilayas de Bejaia, Bouira et Jijel, a sensiblement affect\u00e9 les habitants de la wilaya de Tizi-Ouzou qui ont v\u00e9cu le m\u00eame drame en 2021\u00a0\u00bb. Le wali a rappel\u00e9 que lors des incendies d&rsquo;ao\u00fbt 2021 \u00e0 Tizi-Ouzou, un \u00ab\u00a0impressionnant\u00a0\u00bb \u00e9lan de solidarit\u00e9 s&rsquo;\u00e9tait spontan\u00e9ment cr\u00e9\u00e9 \u00e0 travers presque toutes les wilayas du pays pour venir en aide aux sinistr\u00e9s de Tizi-Ouzou. \u00ab\u00a0Ce geste de solidarit\u00e9 et d&rsquo;entraide entre citoyens, rappelle que l&rsquo;Alg\u00e9rie est un seul corps et que si une partie souffre, c&rsquo;est toutes les autres parties qui viennent \u00e0 son secours pour la soutenir et l&rsquo;aider \u00e0 se remettre sur pieds\u00a0\u00bb, a-t-il dit. Et d&rsquo;ajouter: \u00ab\u00a0Au-del\u00e0 du message de solidarit\u00e9 que la caravane lanc\u00e9e aujourd&rsquo;hui transmet, elle rappelle le patriotisme des alg\u00e9riens. Cet \u00e9lan de solidarit\u00e9 est un message fort d\u2019un peuple uni et solidaire\u00a0\u00bb.<\/p>\n\n\n\n<p>R.N.<\/p>\n","protected":false},"excerpt":{"rendered":"<p>C\u2019est dans l\u2019objectif d\u2019am\u00e9liorer l\u2019intervention des \u00e9quipes de la Protection civile et de rem\u00e9dier aux lacunes, que la Direction g\u00e9n\u00e9rale<\/p>\n","protected":false},"author":3,"featured_media":40979,"comment_status":"open","ping_status":"closed","sticky":false,"template":"","format":"standard","meta":{"colormag_page_container_layout":"default_layout","colormag_page_sidebar_layout":"default_layout","om_disable_all_campaigns":false,"_monsterinsights_skip_tracking":false,"_monsterinsights_sitenote_active":false,"_monsterinsights_sitenote_note":"","_monsterinsights_sitenote_category":0,"footnotes":"","_wpscppro_dont_share_socialmedia":false,"_wpscppro_custom_social_share_image":0,"_facebook_share_type":"","_twitter_share_type":"","_linkedin_share_type":"","_pinterest_share_type":"","_linkedin_share_type_page":"","_instagram_share_type":"","_medium_share_type":"","_threads_share_type":"","_google_business_share_type":"","_selected_social_profile":[],"_wpsp_enable_custom_social_template":false,"_wpsp_social_scheduling":{"enabled":false,"datetime":null,"platforms":[],"status":"template_only","dateOption":"today","timeOption":"now","customDays":"","customHours":"","customDate":"","customTime":"","schedulingType":"absolute"},"_wpsp_active_default_template":true},"categories":[27],"tags":[],"class_list":["post-44121","post","type-post","status-publish","format-standard","has-post-thumbnail","hentry","category-actualite"],"aioseo_notices":[],"yoast_head":"<!-- This site is optimized with the Yoast SEO plugin v27.5 - https:\/\/yoast.com\/product\/yoast-seo-wordpress\/ -->\n<title>Lutte contre les feux de for\u00eat&nbsp;: La Protection civile dresse une premi\u00e8re \u00e9valuation - La Sentinelle<\/title>\n<meta name=\"robots\" content=\"index, follow, max-snippet:-1, max-image-preview:large, max-video-preview:-1\" \/>\n<link rel=\"canonical\" href=\"https:\/\/lasentinelle.dz\/index.php\/2023\/07\/30\/lutte-contre-les-feux-de-foret-la-protection-civile-dresse-une-premiere-evaluation\/\" \/>\n<meta property=\"og:locale\" content=\"fr_FR\" \/>\n<meta property=\"og:type\" content=\"article\" \/>\n<meta property=\"og:title\" content=\"Lutte contre les feux de for\u00eat&nbsp;: La Protection civile dresse une premi\u00e8re \u00e9valuation - La Sentinelle\" \/>\n<meta property=\"og:description\" content=\"C\u2019est dans l\u2019objectif d\u2019am\u00e9liorer l\u2019intervention des \u00e9quipes de la Protection civile et de rem\u00e9dier aux lacunes, que la Direction g\u00e9n\u00e9rale\" \/>\n<meta property=\"og:url\" content=\"https:\/\/lasentinelle.dz\/index.php\/2023\/07\/30\/lutte-contre-les-feux-de-foret-la-protection-civile-dresse-une-premiere-evaluation\/\" \/>\n<meta property=\"og:site_name\" content=\"La Sentinelle\" \/>\n<meta property=\"article:publisher\" content=\"https:\/\/www.facebook.com\/La-Sentinelle-104059864394773\" \/>\n<meta property=\"article:published_time\" content=\"2023-07-30T20:53:30+00:00\" \/>\n<meta property=\"article:modified_time\" content=\"2023-07-30T20:53:33+00:00\" \/>\n<meta property=\"og:image\" content=\"https:\/\/lasentinelle.dz\/wp-content\/uploads\/2023\/05\/incendies-.png\" \/>\n\t<meta property=\"og:image:width\" content=\"1200\" \/>\n\t<meta property=\"og:image:height\" content=\"900\" \/>\n\t<meta property=\"og:image:type\" content=\"image\/png\" \/>\n<meta name=\"author\" content=\"La Sentinelle\" \/>\n<meta name=\"twitter:card\" content=\"summary_large_image\" \/>\n<meta name=\"twitter:label1\" content=\"\u00c9crit par\" \/>\n\t<meta name=\"twitter:data1\" content=\"La Sentinelle\" \/>\n\t<meta name=\"twitter:label2\" content=\"Dur\u00e9e de lecture estim\u00e9e\" \/>\n\t<meta name=\"twitter:data2\" content=\"4 minutes\" \/>\n<script type=\"application\/ld+json\" class=\"yoast-schema-graph\">{\"@context\":\"https:\\\/\\\/schema.org\",\"@graph\":[{\"@type\":\"Article\",\"@id\":\"https:\\\/\\\/lasentinelle.dz\\\/index.php\\\/2023\\\/07\\\/30\\\/lutte-contre-les-feux-de-foret-la-protection-civile-dresse-une-premiere-evaluation\\\/#article\",\"isPartOf\":{\"@id\":\"https:\\\/\\\/lasentinelle.dz\\\/index.php\\\/2023\\\/07\\\/30\\\/lutte-contre-les-feux-de-foret-la-protection-civile-dresse-une-premiere-evaluation\\\/\"},\"author\":{\"name\":\"La Sentinelle\",\"@id\":\"https:\\\/\\\/lasentinelle.dz\\\/#\\\/schema\\\/person\\\/d865044e22e70a75174ce8bcad3acfb3\"},\"headline\":\"Lutte contre les feux de for\u00eat&nbsp;: La Protection civile dresse une premi\u00e8re \u00e9valuation\",\"datePublished\":\"2023-07-30T20:53:30+00:00\",\"dateModified\":\"2023-07-30T20:53:33+00:00\",\"mainEntityOfPage\":{\"@id\":\"https:\\\/\\\/lasentinelle.dz\\\/index.php\\\/2023\\\/07\\\/30\\\/lutte-contre-les-feux-de-foret-la-protection-civile-dresse-une-premiere-evaluation\\\/\"},\"wordCount\":708,\"commentCount\":0,\"publisher\":{\"@id\":\"https:\\\/\\\/lasentinelle.dz\\\/#organization\"},\"image\":{\"@id\":\"https:\\\/\\\/lasentinelle.dz\\\/index.php\\\/2023\\\/07\\\/30\\\/lutte-contre-les-feux-de-foret-la-protection-civile-dresse-une-premiere-evaluation\\\/#primaryimage\"},\"thumbnailUrl\":\"https:\\\/\\\/lasentinelle.dz\\\/wp-content\\\/uploads\\\/2023\\\/05\\\/incendies-.png\",\"articleSection\":[\"Actualit\u00e9\"],\"inLanguage\":\"fr-FR\",\"potentialAction\":[{\"@type\":\"CommentAction\",\"name\":\"Comment\",\"target\":[\"https:\\\/\\\/lasentinelle.dz\\\/index.php\\\/2023\\\/07\\\/30\\\/lutte-contre-les-feux-de-foret-la-protection-civile-dresse-une-premiere-evaluation\\\/#respond\"]}]},{\"@type\":\"WebPage\",\"@id\":\"https:\\\/\\\/lasentinelle.dz\\\/index.php\\\/2023\\\/07\\\/30\\\/lutte-contre-les-feux-de-foret-la-protection-civile-dresse-une-premiere-evaluation\\\/\",\"url\":\"https:\\\/\\\/lasentinelle.dz\\\/index.php\\\/2023\\\/07\\\/30\\\/lutte-contre-les-feux-de-foret-la-protection-civile-dresse-une-premiere-evaluation\\\/\",\"name\":\"Lutte contre les feux de for\u00eat&nbsp;: La Protection civile dresse une premi\u00e8re \u00e9valuation - La Sentinelle\",\"isPartOf\":{\"@id\":\"https:\\\/\\\/lasentinelle.dz\\\/#website\"},\"primaryImageOfPage\":{\"@id\":\"https:\\\/\\\/lasentinelle.dz\\\/index.php\\\/2023\\\/07\\\/30\\\/lutte-contre-les-feux-de-foret-la-protection-civile-dresse-une-premiere-evaluation\\\/#primaryimage\"},\"image\":{\"@id\":\"https:\\\/\\\/lasentinelle.dz\\\/index.php\\\/2023\\\/07\\\/30\\\/lutte-contre-les-feux-de-foret-la-protection-civile-dresse-une-premiere-evaluation\\\/#primaryimage\"},\"thumbnailUrl\":\"https:\\\/\\\/lasentinelle.dz\\\/wp-content\\\/uploads\\\/2023\\\/05\\\/incendies-.png\",\"datePublished\":\"2023-07-30T20:53:30+00:00\",\"dateModified\":\"2023-07-30T20:53:33+00:00\",\"breadcrumb\":{\"@id\":\"https:\\\/\\\/lasentinelle.dz\\\/index.php\\\/2023\\\/07\\\/30\\\/lutte-contre-les-feux-de-foret-la-protection-civile-dresse-une-premiere-evaluation\\\/#breadcrumb\"},\"inLanguage\":\"fr-FR\",\"potentialAction\":[{\"@type\":\"ReadAction\",\"target\":[\"https:\\\/\\\/lasentinelle.dz\\\/index.php\\\/2023\\\/07\\\/30\\\/lutte-contre-les-feux-de-foret-la-protection-civile-dresse-une-premiere-evaluation\\\/\"]}]},{\"@type\":\"ImageObject\",\"inLanguage\":\"fr-FR\",\"@id\":\"https:\\\/\\\/lasentinelle.dz\\\/index.php\\\/2023\\\/07\\\/30\\\/lutte-contre-les-feux-de-foret-la-protection-civile-dresse-une-premiere-evaluation\\\/#primaryimage\",\"url\":\"https:\\\/\\\/lasentinelle.dz\\\/wp-content\\\/uploads\\\/2023\\\/05\\\/incendies-.png\",\"contentUrl\":\"https:\\\/\\\/lasentinelle.dz\\\/wp-content\\\/uploads\\\/2023\\\/05\\\/incendies-.png\",\"width\":1200,\"height\":900},{\"@type\":\"BreadcrumbList\",\"@id\":\"https:\\\/\\\/lasentinelle.dz\\\/index.php\\\/2023\\\/07\\\/30\\\/lutte-contre-les-feux-de-foret-la-protection-civile-dresse-une-premiere-evaluation\\\/#breadcrumb\",\"itemListElement\":[{\"@type\":\"ListItem\",\"position\":1,\"name\":\"Accueil\",\"item\":\"https:\\\/\\\/lasentinelle.dz\\\/\"},{\"@type\":\"ListItem\",\"position\":2,\"name\":\"Lutte contre les feux de for\u00eat&nbsp;: La Protection civile dresse une premi\u00e8re \u00e9valuation\"}]},{\"@type\":\"WebSite\",\"@id\":\"https:\\\/\\\/lasentinelle.dz\\\/#website\",\"url\":\"https:\\\/\\\/lasentinelle.dz\\\/\",\"name\":\"La Sentinelle\",\"description\":\"Quotidien national d&#039;information\",\"publisher\":{\"@id\":\"https:\\\/\\\/lasentinelle.dz\\\/#organization\"},\"potentialAction\":[{\"@type\":\"SearchAction\",\"target\":{\"@type\":\"EntryPoint\",\"urlTemplate\":\"https:\\\/\\\/lasentinelle.dz\\\/?s={search_term_string}\"},\"query-input\":{\"@type\":\"PropertyValueSpecification\",\"valueRequired\":true,\"valueName\":\"search_term_string\"}}],\"inLanguage\":\"fr-FR\"},{\"@type\":\"Organization\",\"@id\":\"https:\\\/\\\/lasentinelle.dz\\\/#organization\",\"name\":\"Quotidien La Sentinelle\",\"url\":\"https:\\\/\\\/lasentinelle.dz\\\/\",\"logo\":{\"@type\":\"ImageObject\",\"inLanguage\":\"fr-FR\",\"@id\":\"https:\\\/\\\/lasentinelle.dz\\\/#\\\/schema\\\/logo\\\/image\\\/\",\"url\":\"https:\\\/\\\/lasentinelle.dz\\\/wp-content\\\/uploads\\\/2021\\\/09\\\/logo-sentinelleSLOGAN-1.png\",\"contentUrl\":\"https:\\\/\\\/lasentinelle.dz\\\/wp-content\\\/uploads\\\/2021\\\/09\\\/logo-sentinelleSLOGAN-1.png\",\"width\":615,\"height\":142,\"caption\":\"Quotidien La Sentinelle\"},\"image\":{\"@id\":\"https:\\\/\\\/lasentinelle.dz\\\/#\\\/schema\\\/logo\\\/image\\\/\"},\"sameAs\":[\"https:\\\/\\\/www.facebook.com\\\/La-Sentinelle-104059864394773\"]},{\"@type\":\"Person\",\"@id\":\"https:\\\/\\\/lasentinelle.dz\\\/#\\\/schema\\\/person\\\/d865044e22e70a75174ce8bcad3acfb3\",\"name\":\"La Sentinelle\",\"image\":{\"@type\":\"ImageObject\",\"inLanguage\":\"fr-FR\",\"@id\":\"https:\\\/\\\/secure.gravatar.com\\\/avatar\\\/57de8e5d4b15d43fb361a71fbb36338450fe67865b528a43dd10ef7c51a20392?s=96&d=mm&r=g\",\"url\":\"https:\\\/\\\/secure.gravatar.com\\\/avatar\\\/57de8e5d4b15d43fb361a71fbb36338450fe67865b528a43dd10ef7c51a20392?s=96&d=mm&r=g\",\"contentUrl\":\"https:\\\/\\\/secure.gravatar.com\\\/avatar\\\/57de8e5d4b15d43fb361a71fbb36338450fe67865b528a43dd10ef7c51a20392?s=96&d=mm&r=g\",\"caption\":\"La Sentinelle\"},\"sameAs\":[\"http:\\\/\\\/www.lasentinelle.dz\"],\"url\":\"https:\\\/\\\/lasentinelle.dz\\\/author\\\/redaction\\\/\"}]}<\/script>\n<!-- \/ Yoast SEO plugin. -->","yoast_head_json":{"title":"Lutte contre les feux de for\u00eat&nbsp;: La Protection civile dresse une premi\u00e8re \u00e9valuation - La Sentinelle","robots":{"index":"index","follow":"follow","max-snippet":"max-snippet:-1","max-image-preview":"max-image-preview:large","max-video-preview":"max-video-preview:-1"},"canonical":"https:\/\/lasentinelle.dz\/index.php\/2023\/07\/30\/lutte-contre-les-feux-de-foret-la-protection-civile-dresse-une-premiere-evaluation\/","og_locale":"fr_FR","og_type":"article","og_title":"Lutte contre les feux de for\u00eat&nbsp;: La Protection civile dresse une premi\u00e8re \u00e9valuation - La Sentinelle","og_description":"C\u2019est dans l\u2019objectif d\u2019am\u00e9liorer l\u2019intervention des \u00e9quipes de la Protection civile et de rem\u00e9dier aux lacunes, que la Direction g\u00e9n\u00e9rale","og_url":"https:\/\/lasentinelle.dz\/index.php\/2023\/07\/30\/lutte-contre-les-feux-de-foret-la-protection-civile-dresse-une-premiere-evaluation\/","og_site_name":"La Sentinelle","article_publisher":"https:\/\/www.facebook.com\/La-Sentinelle-104059864394773","article_published_time":"2023-07-30T20:53:30+00:00","article_modified_time":"2023-07-30T20:53:33+00:00","og_image":[{"width":1200,"height":900,"url":"https:\/\/lasentinelle.dz\/wp-content\/uploads\/2023\/05\/incendies-.png","type":"image\/png"}],"author":"La Sentinelle","twitter_card":"summary_large_image","twitter_misc":{"\u00c9crit par":"La Sentinelle","Dur\u00e9e de lecture estim\u00e9e":"4 minutes"},"schema":{"@context":"https:\/\/schema.org","@graph":[{"@type":"Article","@id":"https:\/\/lasentinelle.dz\/index.php\/2023\/07\/30\/lutte-contre-les-feux-de-foret-la-protection-civile-dresse-une-premiere-evaluation\/#article","isPartOf":{"@id":"https:\/\/lasentinelle.dz\/index.php\/2023\/07\/30\/lutte-contre-les-feux-de-foret-la-protection-civile-dresse-une-premiere-evaluation\/"},"author":{"name":"La Sentinelle","@id":"https:\/\/lasentinelle.dz\/#\/schema\/person\/d865044e22e70a75174ce8bcad3acfb3"},"headline":"Lutte contre les feux de for\u00eat&nbsp;: La Protection civile dresse une premi\u00e8re \u00e9valuation","datePublished":"2023-07-30T20:53:30+00:00","dateModified":"2023-07-30T20:53:33+00:00","mainEntityOfPage":{"@id":"https:\/\/lasentinelle.dz\/index.php\/2023\/07\/30\/lutte-contre-les-feux-de-foret-la-protection-civile-dresse-une-premiere-evaluation\/"},"wordCount":708,"commentCount":0,"publisher":{"@id":"https:\/\/lasentinelle.dz\/#organization"},"image":{"@id":"https:\/\/lasentinelle.dz\/index.php\/2023\/07\/30\/lutte-contre-les-feux-de-foret-la-protection-civile-dresse-une-premiere-evaluation\/#primaryimage"},"thumbnailUrl":"https:\/\/lasentinelle.dz\/wp-content\/uploads\/2023\/05\/incendies-.png","articleSection":["Actualit\u00e9"],"inLanguage":"fr-FR","potentialAction":[{"@type":"CommentAction","name":"Comment","target":["https:\/\/lasentinelle.dz\/index.php\/2023\/07\/30\/lutte-contre-les-feux-de-foret-la-protection-civile-dresse-une-premiere-evaluation\/#respond"]}]},{"@type":"WebPage","@id":"https:\/\/lasentinelle.dz\/index.php\/2023\/07\/30\/lutte-contre-les-feux-de-foret-la-protection-civile-dresse-une-premiere-evaluation\/","url":"https:\/\/lasentinelle.dz\/index.php\/2023\/07\/30\/lutte-contre-les-feux-de-foret-la-protection-civile-dresse-une-premiere-evaluation\/","name":"Lutte contre les feux de for\u00eat&nbsp;: La Protection civile dresse une premi\u00e8re \u00e9valuation - La Sentinelle","isPartOf":{"@id":"https:\/\/lasentinelle.dz\/#website"},"primaryImageOfPage":{"@id":"https:\/\/lasentinelle.dz\/index.php\/2023\/07\/30\/lutte-contre-les-feux-de-foret-la-protection-civile-dresse-une-premiere-evaluation\/#primaryimage"},"image":{"@id":"https:\/\/lasentinelle.dz\/index.php\/2023\/07\/30\/lutte-contre-les-feux-de-foret-la-protection-civile-dresse-une-premiere-evaluation\/#primaryimage"},"thumbnailUrl":"https:\/\/lasentinelle.dz\/wp-content\/uploads\/2023\/05\/incendies-.png","datePublished":"2023-07-30T20:53:30+00:00","dateModified":"2023-07-30T20:53:33+00:00","breadcrumb":{"@id":"https:\/\/lasentinelle.dz\/index.php\/2023\/07\/30\/lutte-contre-les-feux-de-foret-la-protection-civile-dresse-une-premiere-evaluation\/#breadcrumb"},"inLanguage":"fr-FR","potentialAction":[{"@type":"ReadAction","target":["https:\/\/lasentinelle.dz\/index.php\/2023\/07\/30\/lutte-contre-les-feux-de-foret-la-protection-civile-dresse-une-premiere-evaluation\/"]}]},{"@type":"ImageObject","inLanguage":"fr-FR","@id":"https:\/\/lasentinelle.dz\/index.php\/2023\/07\/30\/lutte-contre-les-feux-de-foret-la-protection-civile-dresse-une-premiere-evaluation\/#primaryimage","url":"https:\/\/lasentinelle.dz\/wp-content\/uploads\/2023\/05\/incendies-.png","contentUrl":"https:\/\/lasentinelle.dz\/wp-content\/uploads\/2023\/05\/incendies-.png","width":1200,"height":900},{"@type":"BreadcrumbList","@id":"https:\/\/lasentinelle.dz\/index.php\/2023\/07\/30\/lutte-contre-les-feux-de-foret-la-protection-civile-dresse-une-premiere-evaluation\/#breadcrumb","itemListElement":[{"@type":"ListItem","position":1,"name":"Accueil","item":"https:\/\/lasentinelle.dz\/"},{"@type":"ListItem","position":2,"name":"Lutte contre les feux de for\u00eat&nbsp;: La Protection civile dresse une premi\u00e8re \u00e9valuation"}]},{"@type":"WebSite","@id":"https:\/\/lasentinelle.dz\/#website","url":"https:\/\/lasentinelle.dz\/","name":"La Sentinelle","description":"Quotidien national d&#039;information","publisher":{"@id":"https:\/\/lasentinelle.dz\/#organization"},"potentialAction":[{"@type":"SearchAction","target":{"@type":"EntryPoint","urlTemplate":"https:\/\/lasentinelle.dz\/?s={search_term_string}"},"query-input":{"@type":"PropertyValueSpecification","valueRequired":true,"valueName":"search_term_string"}}],"inLanguage":"fr-FR"},{"@type":"Organization","@id":"https:\/\/lasentinelle.dz\/#organization","name":"Quotidien La Sentinelle","url":"https:\/\/lasentinelle.dz\/","logo":{"@type":"ImageObject","inLanguage":"fr-FR","@id":"https:\/\/lasentinelle.dz\/#\/schema\/logo\/image\/","url":"https:\/\/lasentinelle.dz\/wp-content\/uploads\/2021\/09\/logo-sentinelleSLOGAN-1.png","contentUrl":"https:\/\/lasentinelle.dz\/wp-content\/uploads\/2021\/09\/logo-sentinelleSLOGAN-1.png","width":615,"height":142,"caption":"Quotidien La Sentinelle"},"image":{"@id":"https:\/\/lasentinelle.dz\/#\/schema\/logo\/image\/"},"sameAs":["https:\/\/www.facebook.com\/La-Sentinelle-104059864394773"]},{"@type":"Person","@id":"https:\/\/lasentinelle.dz\/#\/schema\/person\/d865044e22e70a75174ce8bcad3acfb3","name":"La Sentinelle","image":{"@type":"ImageObject","inLanguage":"fr-FR","@id":"https:\/\/secure.gravatar.com\/avatar\/57de8e5d4b15d43fb361a71fbb36338450fe67865b528a43dd10ef7c51a20392?s=96&d=mm&r=g","url":"https:\/\/secure.gravatar.com\/avatar\/57de8e5d4b15d43fb361a71fbb36338450fe67865b528a43dd10ef7c51a20392?s=96&d=mm&r=g","contentUrl":"https:\/\/secure.gravatar.com\/avatar\/57de8e5d4b15d43fb361a71fbb36338450fe67865b528a43dd10ef7c51a20392?s=96&d=mm&r=g","caption":"La Sentinelle"},"sameAs":["http:\/\/www.lasentinelle.dz"],"url":"https:\/\/lasentinelle.dz\/author\/redaction\/"}]}},"_links":{"self":[{"href":"https:\/\/lasentinelle.dz\/index.php\/wp-json\/wp\/v2\/posts\/44121","targetHints":{"allow":["GET"]}}],"collection":[{"href":"https:\/\/lasentinelle.dz\/index.php\/wp-json\/wp\/v2\/posts"}],"about":[{"href":"https:\/\/lasentinelle.dz\/index.php\/wp-json\/wp\/v2\/types\/post"}],"author":[{"embeddable":true,"href":"https:\/\/lasentinelle.dz\/index.php\/wp-json\/wp\/v2\/users\/3"}],"replies":[{"embeddable":true,"href":"https:\/\/lasentinelle.dz\/index.php\/wp-json\/wp\/v2\/comments?post=44121"}],"version-history":[{"count":1,"href":"https:\/\/lasentinelle.dz\/index.php\/wp-json\/wp\/v2\/posts\/44121\/revisions"}],"predecessor-version":[{"id":44122,"href":"https:\/\/lasentinelle.dz\/index.php\/wp-json\/wp\/v2\/posts\/44121\/revisions\/44122"}],"wp:featuredmedia":[{"embeddable":true,"href":"https:\/\/lasentinelle.dz\/index.php\/wp-json\/wp\/v2\/media\/40979"}],"wp:attachment":[{"href":"https:\/\/lasentinelle.dz\/index.php\/wp-json\/wp\/v2\/media?parent=44121"}],"wp:term":[{"taxonomy":"category","embeddable":true,"href":"https:\/\/lasentinelle.dz\/index.php\/wp-json\/wp\/v2\/categories?post=44121"},{"taxonomy":"post_tag","embeddable":true,"href":"https:\/\/lasentinelle.dz\/index.php\/wp-json\/wp\/v2\/tags?post=44121"}],"curies":[{"name":"wp","href":"https:\/\/api.w.org\/{rel}","templated":true}]}}