{"id":44123,"date":"2023-07-30T21:54:37","date_gmt":"2023-07-30T20:54:37","guid":{"rendered":"https:\/\/lasentinelle.dz\/?p=44123"},"modified":"2023-07-30T21:54:39","modified_gmt":"2023-07-30T20:54:39","slug":"en-prevision-de-la-prochaine-rentree-scolaire-plus-de-17-000-postes-denseignants-ouverts","status":"publish","type":"post","link":"https:\/\/lasentinelle.dz\/index.php\/2023\/07\/30\/en-prevision-de-la-prochaine-rentree-scolaire-plus-de-17-000-postes-denseignants-ouverts\/","title":{"rendered":"En pr\u00e9vision de la prochaine rentr\u00e9e scolaire&nbsp;: Plus de 17.000 postes d\u2019enseignants ouverts"},"content":{"rendered":"\n<p>Plus de 17.000 postes d\u2019enseignants seront ouvert en pr\u00e9vision de la prochaine rentr\u00e9e scolaire.<\/p>\n\n\n\n<p>Le pr\u00e9sident de la R\u00e9publique Abdelmadjid Tebboune, a pr\u00e9sid\u00e9 hier au Palais du Peuple une c\u00e9r\u00e9monie en l\u2019honneur des meilleurs laur\u00e9ats du Baccalaur\u00e9at et du Brevet d\u2019enseignement moyen session 2023, ainsi que les deux \u00e9l\u00e8ves laur\u00e9ats de la m\u00e9daille de bronze lors de l&rsquo;Olympiade internationale de Math\u00e9matiques. L\u2019occasion aussi de mettre en lumi\u00e8re l\u2019int\u00e9r\u00eat port\u00e9 par les pouvoirs publics sous la conduite pour le Chef de l\u2019\u00c9tat, au d\u00e9veloppement du secteur de l\u2019\u00c9ducation nation, ainsi qu\u2019\u00e0 l\u2019am\u00e9lioration et la modernisation des m\u00e9thodes d\u2019enseignement et de la qualit\u00e9 de la formation. C\u2019est dans ce cadre et \u00e0 l\u2019occasion d\u2019une allocution qu\u2019il prononc\u00e9e au cours de cette c\u00e9r\u00e9monie que le ministre de l\u2019\u00c9ducation nationale, Abdelhakim Belaabed, a estim\u00e9 que \u00ab&nbsp;gr\u00e2ce au soutien du pr\u00e9sident de la R\u00e9publique aux enseignants et \u00e0 l&rsquo;int\u00e9r\u00eat majeur qu&rsquo;il porte au secteur de l&rsquo;\u00e9ducation, qu&rsquo;il suit de pr\u00e8s, notre syst\u00e8me \u00e9ducatif a franchi de grands pas pour se hisser au rang des syst\u00e8mes \u00e9ducatifs avanc\u00e9s dans le monde&nbsp;\u00bb. Un int\u00e9r\u00eat qui se traduit par les mesures prises pour l\u2019am\u00e9lioration de la qualit\u00e9 de l\u2019enseignement. Il annonce d\u2019ailleurs que c\u2019est dans le cadre de la continuit\u00e9 de ces efforts, que la prochaine rentr\u00e9e scolaire sera marqu\u00e9e par de nouvelles mesures pour d\u00e9velopper la num\u00e9risation de l\u2019enseignement, ainsi que le d\u00e9veloppement de l\u2019enseignement de l\u2019Anglais et du sport scolaire. Le premier responsable du secteur de l\u2019\u00c9ducation nationale a ainsi annonc\u00e9 le recrutement de 17 021 enseignants pour la prochaine saison scolaire 2023-2024. Ainsi, 12 877 enseignants sp\u00e9cialis\u00e9s dans l&rsquo;\u00e9ducation physique et sportive seront embauch\u00e9s dans le cadre de la d\u00e9cision du Conseil des ministres tenue le 16 avril concernant le d\u00e9veloppement du sport scolaire. Par ailleurs, le d\u00e9veloppement de l\u2019enseignement de l\u2019anglais dans le cycle primaire n\u00e9cessitera cette ann\u00e9e le recrutement de 4 144 enseignants de plus. Le ministre a \u00e9galement ajout\u00e9 que 1 200 \u00e9coles primaires seront dot\u00e9es de tablettes num\u00e9riques. \u00ab\u00a0En tant qu&rsquo;\u00e9ducateurs et p\u00e9dagogues partageant une m\u00eame mission, ind\u00e9pendamment de nos r\u00f4les et fonctions, nous sommes parfaitement conscients de l&rsquo;importance de notre r\u00f4le dans la formation des g\u00e9n\u00e9rations, le fa\u00e7onnement de la personnalit\u00e9 des individus et le renforcement des fondements moraux et de l&rsquo;immunit\u00e9 de la soci\u00e9t\u00e9\u00a0\u00bb, a-t-il soutenu. Evaluant l&rsquo;ann\u00e9e scolaire \u00e9coul\u00e9e, M. Belaabed l&rsquo;a qualifi\u00e9e de \u00ab\u00a0r\u00e9ussie\u00a0\u00bb et d'\u00a0\u00bbexceptionnelle\u00a0\u00bb en termes de nouveaut\u00e9s d\u00e9coulant de la mise en \u0153uvre des d\u00e9cisions du pr\u00e9sident de la R\u00e9publique, \u00e0 commencer par le retour \u00e0 une scolarit\u00e9 normale et le lancement d&rsquo;op\u00e9rations et de r\u00e9alisations in\u00e9dites. Il s&rsquo;agit, entre autres, de l&rsquo;all\u00e8gement effectif du poids du cartable, de l&rsquo;adoption du manuel num\u00e9rique, de l&rsquo;amorce de la dotation des \u00e9coles primaires de tablettes num\u00e9riques, de l&rsquo;introduction de l&rsquo;enseignement de la langue anglaise en troisi\u00e8me ann\u00e9e primaire, de l&rsquo;introduction de la fili\u00e8re des \u00ab\u00a0Arts\u00a0\u00bb dans l&rsquo;enseignement secondaire et de la bonne organisation de l&rsquo;\u00e9valuation des acquis du cycle primaire, selon le ministre.<\/p>\n\n\n\n<p>Selon le ministre, toutes ces mesures permettront de \u00ab\u00a0hisser l&rsquo;\u00e9cole alg\u00e9rienne au rang des syst\u00e8mes \u00e9ducatifs avanc\u00e9s dans le monde et de faire progresser ses indicateurs pour occuper de bonnes places dans les classements internationaux, en particulier ceux de l&rsquo;UNESCO et de l&rsquo;UNICEF\u00a0\u00bb.<\/p>\n\n\n\n<p><strong>Les meilleurs laur\u00e9ats honor\u00e9s<\/strong><\/p>\n\n\n\n<p>Rappelant les diff\u00e9rents r\u00e9sultats enregistr\u00e9s au Brevet d&rsquo;enseignement moyen (BEM) et au Baccalaur\u00e9at, il a soulign\u00e9 que le taux de r\u00e9ussite au Baccalaur\u00e9at \u00e9tait \u00ab\u00a0bon\u00a0\u00bb cette ann\u00e9e \u00ab\u00a0au regard de la conjoncture difficile travers\u00e9e par cette promotion, du retour \u00e0 une scolarit\u00e9 normale et de la moyenne d&rsquo;admission fix\u00e9e \u00e0 10\/20\u00a0\u00bb. M. Belaabed a, par ailleurs, salu\u00e9 la r\u00e9cente participation de l&rsquo;Alg\u00e9rie \u00e0 l&rsquo;Olympiade internationale de Math\u00e9matiques (OIM), organis\u00e9e au Japon avec la participation de 112 pays, durant laquelle l&rsquo;\u00e9quipe alg\u00e9rienne (six \u00e9l\u00e8ves) a d\u00e9croch\u00e9 six m\u00e9dailles de bronze et quatre attestations d&rsquo;honneur.<\/p>\n\n\n\n<p>Notons que lors de cette c\u00e9r\u00e9monie, le Pr\u00e9sident de la R\u00e9publique a rendu les honneurs au meilleur laur\u00e9at au baccalaur\u00e9at au niveau national, l&rsquo;\u00e9l\u00e8ve Benkeddache Mohamed Lamine du lyc\u00e9e du Colonel Ali Tounsi de la wilaya de Relizane, qui a obtenu une moyenne de 19,50\/20 dans la fili\u00e8re sciences exp\u00e9rimentales, suivi de l&rsquo;\u00e9l\u00e8ve Daachi Oussama du lyc\u00e9e Mohamed Cherif Amokrane de Tizi N&rsquo;bechar (w. S\u00e9tif), avec une moyenne de 19,32 obtenue dans la m\u00eame fili\u00e8re, puis de l&rsquo;\u00e9l\u00e8ve Helal Im\u00e8ne Fatma-Zohra du lyc\u00e9e Abdelmoumene de la wilaya de Saida qui a d\u00e9croch\u00e9 la 3e place au niveau national, avec une moyenne de 19,32\/20 dans la m\u00eame fili\u00e8re. Le Pr\u00e9sident Abdelmadjid Tebboune a \u00e9galement honor\u00e9 l&rsquo;\u00e9l\u00e8ve Mohamed Lamine Chaouchi de la wilaya d&rsquo;Alger, qui a obtenu son baccalaur\u00e9at dans la fili\u00e8re des math\u00e9matiques avec une moyenne de 19,13, ainsi que l&rsquo;\u00e9l\u00e8ve Ines Sekfali dans la fili\u00e8re des math\u00e9matiques-techniques (Jijel), avec une moyenne de 19,12\/20. L&rsquo;\u00e9l\u00e8ve Abdelwahed Bousaid de Na\u00e2ma, inscrit \u00e0 l&rsquo;Ecole des Cadets de la Nation d&rsquo;Oran \u00ab\u00a0Martyr Hamdani Adda\u00a0\u00bb, dit \u00ab\u00a0Si Othmane\u00a0\u00bb, ayant obtenu une moyenne de 19,02 dans la fili\u00e8re des Math\u00e9matiques a \u00e9t\u00e9 \u00e9galement distingu\u00e9 par le Pr\u00e9sident Tebboune. Pour la cat\u00e9gorie des \u00e9l\u00e8ves aux besoins sp\u00e9cifiques, le Pr\u00e9sident de la R\u00e9publique a remis une distinction \u00e0 la laur\u00e9ate Ala\u00e2 Menasria de Biskra (handicap moteur) qui a d\u00e9croch\u00e9 la 1\u00e8re place \u00e0 l&rsquo;\u00e9chelle nationale dans la fili\u00e8re des Sciences exp\u00e9rimentales, avec une moyenne de 18,02. Par ailleurs, le Pr\u00e9sident Tebboune a honor\u00e9 les meilleurs laur\u00e9ats au BEM au niveau national. Il s&rsquo;agit de l&rsquo;\u00e9l\u00e8ve Maria Mazouzi de la wilaya de Batna, qui a obtenu la moyenne de 19,95\/20, suivie de l&rsquo;\u00e9l\u00e8ve Loucif Hanine (w. El Oued), avec une moyenne de 19,93, et des deux \u00e9l\u00e8ves Sami Nait Seghir de la wilaya d&rsquo;Alger (19,92\/20) et Adam Meghlali de Djelfa (19,92\/20). L&rsquo;\u00e9l\u00e8ve Ziad Kedrez, inscrit \u00e0 l&rsquo;Ecole des Cadets de la Nation de B\u00e9jaia, ayant obtenu une moyenne de 19,42\/20, a \u00e9galement \u00e9t\u00e9 honor\u00e9 par le pr\u00e9sident de la R\u00e9publique qui a \u00e9galement remis une distinction \u00e0 l&rsquo;\u00e9l\u00e8ve aux besoins sp\u00e9cifiques, Abdelwahab Neggazi de la wilaya d&rsquo;Alger, avec une moyenne de 12,04. A cette occasion, le Pr\u00e9sident Tebboune a distingu\u00e9 les deux \u00e9l\u00e8ves laur\u00e9ats de la m\u00e9daille de bronze lors de l&rsquo;Olympiade internationale de Math\u00e9matiques (OIM), organis\u00e9e derni\u00e8rement au Japon, \u00e0 savoir:&nbsp; Derrache Chemseddine Abdelali et Youcef Kenane du lyc\u00e9e de math\u00e9matiques \u00ab\u00a0Mohand Mokhbi\u00a0\u00bb \u00e0 Kouba.<\/p>\n\n\n\n<p><strong>Sabrina Aziouez<\/strong><\/p>\n","protected":false},"excerpt":{"rendered":"<p>Plus de 17.000 postes d\u2019enseignants seront ouvert en pr\u00e9vision de la prochaine rentr\u00e9e scolaire. Le pr\u00e9sident de la R\u00e9publique Abdelmadjid<\/p>\n","protected":false},"author":3,"featured_media":44124,"comment_status":"open","ping_status":"closed","sticky":false,"template":"","format":"standard","meta":{"colormag_page_container_layout":"default_layout","colormag_page_sidebar_layout":"default_layout","om_disable_all_campaigns":false,"_monsterinsights_skip_tracking":false,"_monsterinsights_sitenote_active":false,"_monsterinsights_sitenote_note":"","_monsterinsights_sitenote_category":0,"footnotes":"","_wpscppro_dont_share_socialmedia":false,"_wpscppro_custom_social_share_image":0,"_facebook_share_type":"","_twitter_share_type":"","_linkedin_share_type":"","_pinterest_share_type":"","_linkedin_share_type_page":"","_instagram_share_type":"","_medium_share_type":"","_threads_share_type":"","_google_business_share_type":"","_selected_social_profile":[],"_wpsp_enable_custom_social_template":false,"_wpsp_social_scheduling":{"enabled":false,"datetime":null,"platforms":[],"status":"template_only","dateOption":"today","timeOption":"now","customDays":"","customHours":"","customDate":"","customTime":"","schedulingType":"absolute"},"_wpsp_active_default_template":true},"categories":[52,27],"tags":[],"class_list":["post-44123","post","type-post","status-publish","format-standard","has-post-thumbnail","hentry","category-a-la-une","category-actualite"],"aioseo_notices":[],"yoast_head":"<!-- This site is optimized with the Yoast SEO plugin v27.5 - https:\/\/yoast.com\/product\/yoast-seo-wordpress\/ -->\n<title>En pr\u00e9vision de la prochaine rentr\u00e9e scolaire&nbsp;: Plus de 17.000 postes d\u2019enseignants ouverts - La Sentinelle<\/title>\n<meta name=\"robots\" content=\"index, follow, max-snippet:-1, max-image-preview:large, max-video-preview:-1\" \/>\n<link rel=\"canonical\" href=\"https:\/\/lasentinelle.dz\/index.php\/2023\/07\/30\/en-prevision-de-la-prochaine-rentree-scolaire-plus-de-17-000-postes-denseignants-ouverts\/\" \/>\n<meta property=\"og:locale\" content=\"fr_FR\" \/>\n<meta property=\"og:type\" content=\"article\" \/>\n<meta property=\"og:title\" content=\"En pr\u00e9vision de la prochaine rentr\u00e9e scolaire&nbsp;: Plus de 17.000 postes d\u2019enseignants ouverts - La Sentinelle\" \/>\n<meta property=\"og:description\" content=\"Plus de 17.000 postes d\u2019enseignants seront ouvert en pr\u00e9vision de la prochaine rentr\u00e9e scolaire. Le pr\u00e9sident de la R\u00e9publique Abdelmadjid\" \/>\n<meta property=\"og:url\" content=\"https:\/\/lasentinelle.dz\/index.php\/2023\/07\/30\/en-prevision-de-la-prochaine-rentree-scolaire-plus-de-17-000-postes-denseignants-ouverts\/\" \/>\n<meta property=\"og:site_name\" content=\"La Sentinelle\" \/>\n<meta property=\"article:publisher\" content=\"https:\/\/www.facebook.com\/La-Sentinelle-104059864394773\" \/>\n<meta property=\"article:published_time\" content=\"2023-07-30T20:54:37+00:00\" \/>\n<meta property=\"article:modified_time\" content=\"2023-07-30T20:54:39+00:00\" \/>\n<meta property=\"og:image\" content=\"https:\/\/lasentinelle.dz\/wp-content\/uploads\/2023\/07\/tebboune-laureats.jpeg\" \/>\n\t<meta property=\"og:image:width\" content=\"1280\" \/>\n\t<meta property=\"og:image:height\" content=\"853\" \/>\n\t<meta property=\"og:image:type\" content=\"image\/jpeg\" \/>\n<meta name=\"author\" content=\"La Sentinelle\" \/>\n<meta name=\"twitter:card\" content=\"summary_large_image\" \/>\n<meta name=\"twitter:label1\" content=\"\u00c9crit par\" \/>\n\t<meta name=\"twitter:data1\" content=\"La Sentinelle\" \/>\n\t<meta name=\"twitter:label2\" content=\"Dur\u00e9e de lecture estim\u00e9e\" \/>\n\t<meta name=\"twitter:data2\" content=\"6 minutes\" \/>\n<script type=\"application\/ld+json\" class=\"yoast-schema-graph\">{\"@context\":\"https:\\\/\\\/schema.org\",\"@graph\":[{\"@type\":\"Article\",\"@id\":\"https:\\\/\\\/lasentinelle.dz\\\/index.php\\\/2023\\\/07\\\/30\\\/en-prevision-de-la-prochaine-rentree-scolaire-plus-de-17-000-postes-denseignants-ouverts\\\/#article\",\"isPartOf\":{\"@id\":\"https:\\\/\\\/lasentinelle.dz\\\/index.php\\\/2023\\\/07\\\/30\\\/en-prevision-de-la-prochaine-rentree-scolaire-plus-de-17-000-postes-denseignants-ouverts\\\/\"},\"author\":{\"name\":\"La Sentinelle\",\"@id\":\"https:\\\/\\\/lasentinelle.dz\\\/#\\\/schema\\\/person\\\/d865044e22e70a75174ce8bcad3acfb3\"},\"headline\":\"En pr\u00e9vision de la prochaine rentr\u00e9e scolaire&nbsp;: Plus de 17.000 postes d\u2019enseignants ouverts\",\"datePublished\":\"2023-07-30T20:54:37+00:00\",\"dateModified\":\"2023-07-30T20:54:39+00:00\",\"mainEntityOfPage\":{\"@id\":\"https:\\\/\\\/lasentinelle.dz\\\/index.php\\\/2023\\\/07\\\/30\\\/en-prevision-de-la-prochaine-rentree-scolaire-plus-de-17-000-postes-denseignants-ouverts\\\/\"},\"wordCount\":1241,\"commentCount\":0,\"publisher\":{\"@id\":\"https:\\\/\\\/lasentinelle.dz\\\/#organization\"},\"image\":{\"@id\":\"https:\\\/\\\/lasentinelle.dz\\\/index.php\\\/2023\\\/07\\\/30\\\/en-prevision-de-la-prochaine-rentree-scolaire-plus-de-17-000-postes-denseignants-ouverts\\\/#primaryimage\"},\"thumbnailUrl\":\"https:\\\/\\\/lasentinelle.dz\\\/wp-content\\\/uploads\\\/2023\\\/07\\\/tebboune-laureats.jpeg\",\"articleSection\":[\"\u00c0 la Une\",\"Actualit\u00e9\"],\"inLanguage\":\"fr-FR\",\"potentialAction\":[{\"@type\":\"CommentAction\",\"name\":\"Comment\",\"target\":[\"https:\\\/\\\/lasentinelle.dz\\\/index.php\\\/2023\\\/07\\\/30\\\/en-prevision-de-la-prochaine-rentree-scolaire-plus-de-17-000-postes-denseignants-ouverts\\\/#respond\"]}]},{\"@type\":\"WebPage\",\"@id\":\"https:\\\/\\\/lasentinelle.dz\\\/index.php\\\/2023\\\/07\\\/30\\\/en-prevision-de-la-prochaine-rentree-scolaire-plus-de-17-000-postes-denseignants-ouverts\\\/\",\"url\":\"https:\\\/\\\/lasentinelle.dz\\\/index.php\\\/2023\\\/07\\\/30\\\/en-prevision-de-la-prochaine-rentree-scolaire-plus-de-17-000-postes-denseignants-ouverts\\\/\",\"name\":\"En pr\u00e9vision de la prochaine rentr\u00e9e scolaire&nbsp;: Plus de 17.000 postes d\u2019enseignants ouverts - La Sentinelle\",\"isPartOf\":{\"@id\":\"https:\\\/\\\/lasentinelle.dz\\\/#website\"},\"primaryImageOfPage\":{\"@id\":\"https:\\\/\\\/lasentinelle.dz\\\/index.php\\\/2023\\\/07\\\/30\\\/en-prevision-de-la-prochaine-rentree-scolaire-plus-de-17-000-postes-denseignants-ouverts\\\/#primaryimage\"},\"image\":{\"@id\":\"https:\\\/\\\/lasentinelle.dz\\\/index.php\\\/2023\\\/07\\\/30\\\/en-prevision-de-la-prochaine-rentree-scolaire-plus-de-17-000-postes-denseignants-ouverts\\\/#primaryimage\"},\"thumbnailUrl\":\"https:\\\/\\\/lasentinelle.dz\\\/wp-content\\\/uploads\\\/2023\\\/07\\\/tebboune-laureats.jpeg\",\"datePublished\":\"2023-07-30T20:54:37+00:00\",\"dateModified\":\"2023-07-30T20:54:39+00:00\",\"breadcrumb\":{\"@id\":\"https:\\\/\\\/lasentinelle.dz\\\/index.php\\\/2023\\\/07\\\/30\\\/en-prevision-de-la-prochaine-rentree-scolaire-plus-de-17-000-postes-denseignants-ouverts\\\/#breadcrumb\"},\"inLanguage\":\"fr-FR\",\"potentialAction\":[{\"@type\":\"ReadAction\",\"target\":[\"https:\\\/\\\/lasentinelle.dz\\\/index.php\\\/2023\\\/07\\\/30\\\/en-prevision-de-la-prochaine-rentree-scolaire-plus-de-17-000-postes-denseignants-ouverts\\\/\"]}]},{\"@type\":\"ImageObject\",\"inLanguage\":\"fr-FR\",\"@id\":\"https:\\\/\\\/lasentinelle.dz\\\/index.php\\\/2023\\\/07\\\/30\\\/en-prevision-de-la-prochaine-rentree-scolaire-plus-de-17-000-postes-denseignants-ouverts\\\/#primaryimage\",\"url\":\"https:\\\/\\\/lasentinelle.dz\\\/wp-content\\\/uploads\\\/2023\\\/07\\\/tebboune-laureats.jpeg\",\"contentUrl\":\"https:\\\/\\\/lasentinelle.dz\\\/wp-content\\\/uploads\\\/2023\\\/07\\\/tebboune-laureats.jpeg\",\"width\":1280,\"height\":853},{\"@type\":\"BreadcrumbList\",\"@id\":\"https:\\\/\\\/lasentinelle.dz\\\/index.php\\\/2023\\\/07\\\/30\\\/en-prevision-de-la-prochaine-rentree-scolaire-plus-de-17-000-postes-denseignants-ouverts\\\/#breadcrumb\",\"itemListElement\":[{\"@type\":\"ListItem\",\"position\":1,\"name\":\"Accueil\",\"item\":\"https:\\\/\\\/lasentinelle.dz\\\/\"},{\"@type\":\"ListItem\",\"position\":2,\"name\":\"En pr\u00e9vision de la prochaine rentr\u00e9e scolaire&nbsp;: Plus de 17.000 postes d\u2019enseignants ouverts\"}]},{\"@type\":\"WebSite\",\"@id\":\"https:\\\/\\\/lasentinelle.dz\\\/#website\",\"url\":\"https:\\\/\\\/lasentinelle.dz\\\/\",\"name\":\"La Sentinelle\",\"description\":\"Quotidien national d&#039;information\",\"publisher\":{\"@id\":\"https:\\\/\\\/lasentinelle.dz\\\/#organization\"},\"potentialAction\":[{\"@type\":\"SearchAction\",\"target\":{\"@type\":\"EntryPoint\",\"urlTemplate\":\"https:\\\/\\\/lasentinelle.dz\\\/?s={search_term_string}\"},\"query-input\":{\"@type\":\"PropertyValueSpecification\",\"valueRequired\":true,\"valueName\":\"search_term_string\"}}],\"inLanguage\":\"fr-FR\"},{\"@type\":\"Organization\",\"@id\":\"https:\\\/\\\/lasentinelle.dz\\\/#organization\",\"name\":\"Quotidien La Sentinelle\",\"url\":\"https:\\\/\\\/lasentinelle.dz\\\/\",\"logo\":{\"@type\":\"ImageObject\",\"inLanguage\":\"fr-FR\",\"@id\":\"https:\\\/\\\/lasentinelle.dz\\\/#\\\/schema\\\/logo\\\/image\\\/\",\"url\":\"https:\\\/\\\/lasentinelle.dz\\\/wp-content\\\/uploads\\\/2021\\\/09\\\/logo-sentinelleSLOGAN-1.png\",\"contentUrl\":\"https:\\\/\\\/lasentinelle.dz\\\/wp-content\\\/uploads\\\/2021\\\/09\\\/logo-sentinelleSLOGAN-1.png\",\"width\":615,\"height\":142,\"caption\":\"Quotidien La Sentinelle\"},\"image\":{\"@id\":\"https:\\\/\\\/lasentinelle.dz\\\/#\\\/schema\\\/logo\\\/image\\\/\"},\"sameAs\":[\"https:\\\/\\\/www.facebook.com\\\/La-Sentinelle-104059864394773\"]},{\"@type\":\"Person\",\"@id\":\"https:\\\/\\\/lasentinelle.dz\\\/#\\\/schema\\\/person\\\/d865044e22e70a75174ce8bcad3acfb3\",\"name\":\"La Sentinelle\",\"image\":{\"@type\":\"ImageObject\",\"inLanguage\":\"fr-FR\",\"@id\":\"https:\\\/\\\/secure.gravatar.com\\\/avatar\\\/57de8e5d4b15d43fb361a71fbb36338450fe67865b528a43dd10ef7c51a20392?s=96&d=mm&r=g\",\"url\":\"https:\\\/\\\/secure.gravatar.com\\\/avatar\\\/57de8e5d4b15d43fb361a71fbb36338450fe67865b528a43dd10ef7c51a20392?s=96&d=mm&r=g\",\"contentUrl\":\"https:\\\/\\\/secure.gravatar.com\\\/avatar\\\/57de8e5d4b15d43fb361a71fbb36338450fe67865b528a43dd10ef7c51a20392?s=96&d=mm&r=g\",\"caption\":\"La Sentinelle\"},\"sameAs\":[\"http:\\\/\\\/www.lasentinelle.dz\"],\"url\":\"https:\\\/\\\/lasentinelle.dz\\\/author\\\/redaction\\\/\"}]}<\/script>\n<!-- \/ Yoast SEO plugin. -->","yoast_head_json":{"title":"En pr\u00e9vision de la prochaine rentr\u00e9e scolaire&nbsp;: Plus de 17.000 postes d\u2019enseignants ouverts - La Sentinelle","robots":{"index":"index","follow":"follow","max-snippet":"max-snippet:-1","max-image-preview":"max-image-preview:large","max-video-preview":"max-video-preview:-1"},"canonical":"https:\/\/lasentinelle.dz\/index.php\/2023\/07\/30\/en-prevision-de-la-prochaine-rentree-scolaire-plus-de-17-000-postes-denseignants-ouverts\/","og_locale":"fr_FR","og_type":"article","og_title":"En pr\u00e9vision de la prochaine rentr\u00e9e scolaire&nbsp;: Plus de 17.000 postes d\u2019enseignants ouverts - La Sentinelle","og_description":"Plus de 17.000 postes d\u2019enseignants seront ouvert en pr\u00e9vision de la prochaine rentr\u00e9e scolaire. Le pr\u00e9sident de la R\u00e9publique Abdelmadjid","og_url":"https:\/\/lasentinelle.dz\/index.php\/2023\/07\/30\/en-prevision-de-la-prochaine-rentree-scolaire-plus-de-17-000-postes-denseignants-ouverts\/","og_site_name":"La Sentinelle","article_publisher":"https:\/\/www.facebook.com\/La-Sentinelle-104059864394773","article_published_time":"2023-07-30T20:54:37+00:00","article_modified_time":"2023-07-30T20:54:39+00:00","og_image":[{"width":1280,"height":853,"url":"https:\/\/lasentinelle.dz\/wp-content\/uploads\/2023\/07\/tebboune-laureats.jpeg","type":"image\/jpeg"}],"author":"La Sentinelle","twitter_card":"summary_large_image","twitter_misc":{"\u00c9crit par":"La Sentinelle","Dur\u00e9e de lecture estim\u00e9e":"6 minutes"},"schema":{"@context":"https:\/\/schema.org","@graph":[{"@type":"Article","@id":"https:\/\/lasentinelle.dz\/index.php\/2023\/07\/30\/en-prevision-de-la-prochaine-rentree-scolaire-plus-de-17-000-postes-denseignants-ouverts\/#article","isPartOf":{"@id":"https:\/\/lasentinelle.dz\/index.php\/2023\/07\/30\/en-prevision-de-la-prochaine-rentree-scolaire-plus-de-17-000-postes-denseignants-ouverts\/"},"author":{"name":"La Sentinelle","@id":"https:\/\/lasentinelle.dz\/#\/schema\/person\/d865044e22e70a75174ce8bcad3acfb3"},"headline":"En pr\u00e9vision de la prochaine rentr\u00e9e scolaire&nbsp;: Plus de 17.000 postes d\u2019enseignants ouverts","datePublished":"2023-07-30T20:54:37+00:00","dateModified":"2023-07-30T20:54:39+00:00","mainEntityOfPage":{"@id":"https:\/\/lasentinelle.dz\/index.php\/2023\/07\/30\/en-prevision-de-la-prochaine-rentree-scolaire-plus-de-17-000-postes-denseignants-ouverts\/"},"wordCount":1241,"commentCount":0,"publisher":{"@id":"https:\/\/lasentinelle.dz\/#organization"},"image":{"@id":"https:\/\/lasentinelle.dz\/index.php\/2023\/07\/30\/en-prevision-de-la-prochaine-rentree-scolaire-plus-de-17-000-postes-denseignants-ouverts\/#primaryimage"},"thumbnailUrl":"https:\/\/lasentinelle.dz\/wp-content\/uploads\/2023\/07\/tebboune-laureats.jpeg","articleSection":["\u00c0 la Une","Actualit\u00e9"],"inLanguage":"fr-FR","potentialAction":[{"@type":"CommentAction","name":"Comment","target":["https:\/\/lasentinelle.dz\/index.php\/2023\/07\/30\/en-prevision-de-la-prochaine-rentree-scolaire-plus-de-17-000-postes-denseignants-ouverts\/#respond"]}]},{"@type":"WebPage","@id":"https:\/\/lasentinelle.dz\/index.php\/2023\/07\/30\/en-prevision-de-la-prochaine-rentree-scolaire-plus-de-17-000-postes-denseignants-ouverts\/","url":"https:\/\/lasentinelle.dz\/index.php\/2023\/07\/30\/en-prevision-de-la-prochaine-rentree-scolaire-plus-de-17-000-postes-denseignants-ouverts\/","name":"En pr\u00e9vision de la prochaine rentr\u00e9e scolaire&nbsp;: Plus de 17.000 postes d\u2019enseignants ouverts - La Sentinelle","isPartOf":{"@id":"https:\/\/lasentinelle.dz\/#website"},"primaryImageOfPage":{"@id":"https:\/\/lasentinelle.dz\/index.php\/2023\/07\/30\/en-prevision-de-la-prochaine-rentree-scolaire-plus-de-17-000-postes-denseignants-ouverts\/#primaryimage"},"image":{"@id":"https:\/\/lasentinelle.dz\/index.php\/2023\/07\/30\/en-prevision-de-la-prochaine-rentree-scolaire-plus-de-17-000-postes-denseignants-ouverts\/#primaryimage"},"thumbnailUrl":"https:\/\/lasentinelle.dz\/wp-content\/uploads\/2023\/07\/tebboune-laureats.jpeg","datePublished":"2023-07-30T20:54:37+00:00","dateModified":"2023-07-30T20:54:39+00:00","breadcrumb":{"@id":"https:\/\/lasentinelle.dz\/index.php\/2023\/07\/30\/en-prevision-de-la-prochaine-rentree-scolaire-plus-de-17-000-postes-denseignants-ouverts\/#breadcrumb"},"inLanguage":"fr-FR","potentialAction":[{"@type":"ReadAction","target":["https:\/\/lasentinelle.dz\/index.php\/2023\/07\/30\/en-prevision-de-la-prochaine-rentree-scolaire-plus-de-17-000-postes-denseignants-ouverts\/"]}]},{"@type":"ImageObject","inLanguage":"fr-FR","@id":"https:\/\/lasentinelle.dz\/index.php\/2023\/07\/30\/en-prevision-de-la-prochaine-rentree-scolaire-plus-de-17-000-postes-denseignants-ouverts\/#primaryimage","url":"https:\/\/lasentinelle.dz\/wp-content\/uploads\/2023\/07\/tebboune-laureats.jpeg","contentUrl":"https:\/\/lasentinelle.dz\/wp-content\/uploads\/2023\/07\/tebboune-laureats.jpeg","width":1280,"height":853},{"@type":"BreadcrumbList","@id":"https:\/\/lasentinelle.dz\/index.php\/2023\/07\/30\/en-prevision-de-la-prochaine-rentree-scolaire-plus-de-17-000-postes-denseignants-ouverts\/#breadcrumb","itemListElement":[{"@type":"ListItem","position":1,"name":"Accueil","item":"https:\/\/lasentinelle.dz\/"},{"@type":"ListItem","position":2,"name":"En pr\u00e9vision de la prochaine rentr\u00e9e scolaire&nbsp;: Plus de 17.000 postes d\u2019enseignants ouverts"}]},{"@type":"WebSite","@id":"https:\/\/lasentinelle.dz\/#website","url":"https:\/\/lasentinelle.dz\/","name":"La Sentinelle","description":"Quotidien national d&#039;information","publisher":{"@id":"https:\/\/lasentinelle.dz\/#organization"},"potentialAction":[{"@type":"SearchAction","target":{"@type":"EntryPoint","urlTemplate":"https:\/\/lasentinelle.dz\/?s={search_term_string}"},"query-input":{"@type":"PropertyValueSpecification","valueRequired":true,"valueName":"search_term_string"}}],"inLanguage":"fr-FR"},{"@type":"Organization","@id":"https:\/\/lasentinelle.dz\/#organization","name":"Quotidien La Sentinelle","url":"https:\/\/lasentinelle.dz\/","logo":{"@type":"ImageObject","inLanguage":"fr-FR","@id":"https:\/\/lasentinelle.dz\/#\/schema\/logo\/image\/","url":"https:\/\/lasentinelle.dz\/wp-content\/uploads\/2021\/09\/logo-sentinelleSLOGAN-1.png","contentUrl":"https:\/\/lasentinelle.dz\/wp-content\/uploads\/2021\/09\/logo-sentinelleSLOGAN-1.png","width":615,"height":142,"caption":"Quotidien La Sentinelle"},"image":{"@id":"https:\/\/lasentinelle.dz\/#\/schema\/logo\/image\/"},"sameAs":["https:\/\/www.facebook.com\/La-Sentinelle-104059864394773"]},{"@type":"Person","@id":"https:\/\/lasentinelle.dz\/#\/schema\/person\/d865044e22e70a75174ce8bcad3acfb3","name":"La Sentinelle","image":{"@type":"ImageObject","inLanguage":"fr-FR","@id":"https:\/\/secure.gravatar.com\/avatar\/57de8e5d4b15d43fb361a71fbb36338450fe67865b528a43dd10ef7c51a20392?s=96&d=mm&r=g","url":"https:\/\/secure.gravatar.com\/avatar\/57de8e5d4b15d43fb361a71fbb36338450fe67865b528a43dd10ef7c51a20392?s=96&d=mm&r=g","contentUrl":"https:\/\/secure.gravatar.com\/avatar\/57de8e5d4b15d43fb361a71fbb36338450fe67865b528a43dd10ef7c51a20392?s=96&d=mm&r=g","caption":"La Sentinelle"},"sameAs":["http:\/\/www.lasentinelle.dz"],"url":"https:\/\/lasentinelle.dz\/author\/redaction\/"}]}},"_links":{"self":[{"href":"https:\/\/lasentinelle.dz\/index.php\/wp-json\/wp\/v2\/posts\/44123","targetHints":{"allow":["GET"]}}],"collection":[{"href":"https:\/\/lasentinelle.dz\/index.php\/wp-json\/wp\/v2\/posts"}],"about":[{"href":"https:\/\/lasentinelle.dz\/index.php\/wp-json\/wp\/v2\/types\/post"}],"author":[{"embeddable":true,"href":"https:\/\/lasentinelle.dz\/index.php\/wp-json\/wp\/v2\/users\/3"}],"replies":[{"embeddable":true,"href":"https:\/\/lasentinelle.dz\/index.php\/wp-json\/wp\/v2\/comments?post=44123"}],"version-history":[{"count":1,"href":"https:\/\/lasentinelle.dz\/index.php\/wp-json\/wp\/v2\/posts\/44123\/revisions"}],"predecessor-version":[{"id":44125,"href":"https:\/\/lasentinelle.dz\/index.php\/wp-json\/wp\/v2\/posts\/44123\/revisions\/44125"}],"wp:featuredmedia":[{"embeddable":true,"href":"https:\/\/lasentinelle.dz\/index.php\/wp-json\/wp\/v2\/media\/44124"}],"wp:attachment":[{"href":"https:\/\/lasentinelle.dz\/index.php\/wp-json\/wp\/v2\/media?parent=44123"}],"wp:term":[{"taxonomy":"category","embeddable":true,"href":"https:\/\/lasentinelle.dz\/index.php\/wp-json\/wp\/v2\/categories?post=44123"},{"taxonomy":"post_tag","embeddable":true,"href":"https:\/\/lasentinelle.dz\/index.php\/wp-json\/wp\/v2\/tags?post=44123"}],"curies":[{"name":"wp","href":"https:\/\/api.w.org\/{rel}","templated":true}]}}