{"id":44196,"date":"2023-08-01T20:42:49","date_gmt":"2023-08-01T19:42:49","guid":{"rendered":"https:\/\/lasentinelle.dz\/?p=44196"},"modified":"2023-08-01T20:42:59","modified_gmt":"2023-08-01T19:42:59","slug":"senegal-deux-morts-dans-des-manifestations","status":"publish","type":"post","link":"https:\/\/lasentinelle.dz\/index.php\/2023\/08\/01\/senegal-deux-morts-dans-des-manifestations\/","title":{"rendered":"S\u00e9n\u00e9gal\u00a0: Deux morts dans des manifestations"},"content":{"rendered":"\n<p>Deux personnes ont \u00e9t\u00e9 tu\u00e9es lundi dans le sud du S\u00e9n\u00e9gal, lors de manifestations qui ont suivi l&rsquo;inculpation et le placement en d\u00e9tention de l&rsquo;opposant Ousmane Sonko, pour appel \u00e0 l&rsquo;insurrection, a annonc\u00e9 le minist\u00e8re de l&rsquo;Int\u00e9rieur. Ousmane Sonko a \u00e9t\u00e9 inculp\u00e9 et \u00e9crou\u00e9 lundi pour divers crimes, dont l&rsquo;appel \u00e0 l&rsquo;insurrection ayant provoqu\u00e9 des tueries justifiant la dissolution de son parti. Le minist\u00e8re de l&rsquo;Int\u00e9rieur a annonc\u00e9 que des \u00ab\u00a0manifestations\u00a0\u00bb ont \u00e9clat\u00e9 lundi apr\u00e8s-midi dans la ville de Ziguinchor (sud) o\u00f9 \u00ab\u00a0deux corps sans vie\u00a0\u00bb ont \u00e9t\u00e9 d\u00e9couverts, dans un communiqu\u00e9. Moins de deux heures apr\u00e8s l&rsquo;inculpation de Sonko, le ministre de l&rsquo;Int\u00e9rieur Antoine Abdoulaye F\u00e9lix Diome avait annonc\u00e9 dans un pr\u00e9c\u00e9dent communiqu\u00e9 la dissolution de son parti, le Pastef, justifiant sa d\u00e9cision par ses appels \u00ab\u00a0fr\u00e9quents\u00a0\u00bb \u00e0 des \u00ab\u00a0mouvements insurrectionnels\u00a0\u00bb qui ont fait de nombreux morts en mars 2021 et juin 2023 et entra\u00een\u00e9 \u00ab\u00a0des actes de saccage et de pillage de biens publics et priv\u00e9s\u00a0\u00bb. L&rsquo;opposant a \u00e9t\u00e9 condamn\u00e9 le 1er juin \u00e0 deux ans de prison ferme dans une affaire de m\u0153urs, un verdict qui le rend in\u00e9ligible, selon des juristes. Sa condamnation a engendr\u00e9 des troubles au S\u00e9n\u00e9gal, qui ont fait seize morts selon les autorit\u00e9s, une trentaine selon l&rsquo;opposition.<\/p>\n\n\n\n<p>Des heurts sporadiques ont \u00e9clat\u00e9 lundi en d\u00e9but de soir\u00e9e aux Parcelles assainies, dans la banlieue, o\u00f9 des jeunes se sont attaqu\u00e9s aux forces de l&rsquo;ordre qui les ont dispers\u00e9s avec des gaz lacrymog\u00e8nes, ont constat\u00e9 des journalistes de l&rsquo;AFP. Les autorit\u00e9s s\u00e9n\u00e9galaises ont par ailleurs coup\u00e9 lundi temporairement l&rsquo;acc\u00e8s \u00e0 internet sur les t\u00e9l\u00e9phones mobiles en mettant en avant la \u00ab\u00a0diffusion de messages haineux et subversifs\u00a0\u00bb sur les r\u00e9seaux sociaux, apr\u00e8s les appels \u00e0 manifester contre l&rsquo;arrestation de M. Sonko.<\/p>\n\n\n\n<p><strong>R.I. avec agences<\/strong><\/p>\n","protected":false},"excerpt":{"rendered":"<p>Deux personnes ont \u00e9t\u00e9 tu\u00e9es lundi dans le sud du S\u00e9n\u00e9gal, lors de manifestations qui ont suivi l&rsquo;inculpation et le<\/p>\n","protected":false},"author":3,"featured_media":44197,"comment_status":"open","ping_status":"closed","sticky":false,"template":"","format":"standard","meta":{"colormag_page_container_layout":"default_layout","colormag_page_sidebar_layout":"default_layout","om_disable_all_campaigns":false,"_monsterinsights_skip_tracking":false,"_monsterinsights_sitenote_active":false,"_monsterinsights_sitenote_note":"","_monsterinsights_sitenote_category":0,"footnotes":"","_wpscppro_dont_share_socialmedia":false,"_wpscppro_custom_social_share_image":0,"_facebook_share_type":"","_twitter_share_type":"","_linkedin_share_type":"","_pinterest_share_type":"","_linkedin_share_type_page":"","_instagram_share_type":"","_medium_share_type":"","_threads_share_type":"","_google_business_share_type":"","_selected_social_profile":[],"_wpsp_enable_custom_social_template":false,"_wpsp_social_scheduling":{"enabled":false,"datetime":null,"platforms":[],"status":"template_only","dateOption":"today","timeOption":"now","customDays":"","customHours":"","customDate":"","customTime":"","schedulingType":"absolute"},"_wpsp_active_default_template":true},"categories":[37],"tags":[],"class_list":["post-44196","post","type-post","status-publish","format-standard","has-post-thumbnail","hentry","category-monde"],"aioseo_notices":[],"yoast_head":"<!-- This site is optimized with the Yoast SEO plugin v27.4 - https:\/\/yoast.com\/product\/yoast-seo-wordpress\/ -->\n<title>S\u00e9n\u00e9gal\u00a0: Deux morts dans des manifestations - La Sentinelle<\/title>\n<meta name=\"robots\" content=\"index, follow, max-snippet:-1, max-image-preview:large, max-video-preview:-1\" \/>\n<link rel=\"canonical\" href=\"https:\/\/lasentinelle.dz\/index.php\/2023\/08\/01\/senegal-deux-morts-dans-des-manifestations\/\" \/>\n<meta property=\"og:locale\" content=\"fr_FR\" \/>\n<meta property=\"og:type\" content=\"article\" \/>\n<meta property=\"og:title\" content=\"S\u00e9n\u00e9gal\u00a0: Deux morts dans des manifestations - La Sentinelle\" \/>\n<meta property=\"og:description\" content=\"Deux personnes ont \u00e9t\u00e9 tu\u00e9es lundi dans le sud du S\u00e9n\u00e9gal, lors de manifestations qui ont suivi l&rsquo;inculpation et le\" \/>\n<meta property=\"og:url\" content=\"https:\/\/lasentinelle.dz\/index.php\/2023\/08\/01\/senegal-deux-morts-dans-des-manifestations\/\" \/>\n<meta property=\"og:site_name\" content=\"La Sentinelle\" \/>\n<meta property=\"article:publisher\" content=\"https:\/\/www.facebook.com\/La-Sentinelle-104059864394773\" \/>\n<meta property=\"article:published_time\" content=\"2023-08-01T19:42:49+00:00\" \/>\n<meta property=\"article:modified_time\" content=\"2023-08-01T19:42:59+00:00\" \/>\n<meta property=\"og:image\" content=\"https:\/\/lasentinelle.dz\/wp-content\/uploads\/2023\/08\/senegal.jpeg\" \/>\n\t<meta property=\"og:image:width\" content=\"664\" \/>\n\t<meta property=\"og:image:height\" content=\"443\" \/>\n\t<meta property=\"og:image:type\" content=\"image\/jpeg\" \/>\n<meta name=\"author\" content=\"La Sentinelle\" \/>\n<meta name=\"twitter:card\" content=\"summary_large_image\" \/>\n<meta name=\"twitter:label1\" content=\"\u00c9crit par\" \/>\n\t<meta name=\"twitter:data1\" content=\"La Sentinelle\" \/>\n\t<meta name=\"twitter:label2\" content=\"Dur\u00e9e de lecture estim\u00e9e\" \/>\n\t<meta name=\"twitter:data2\" content=\"2 minutes\" \/>\n<script type=\"application\/ld+json\" class=\"yoast-schema-graph\">{\"@context\":\"https:\\\/\\\/schema.org\",\"@graph\":[{\"@type\":\"Article\",\"@id\":\"https:\\\/\\\/lasentinelle.dz\\\/index.php\\\/2023\\\/08\\\/01\\\/senegal-deux-morts-dans-des-manifestations\\\/#article\",\"isPartOf\":{\"@id\":\"https:\\\/\\\/lasentinelle.dz\\\/index.php\\\/2023\\\/08\\\/01\\\/senegal-deux-morts-dans-des-manifestations\\\/\"},\"author\":{\"name\":\"La Sentinelle\",\"@id\":\"https:\\\/\\\/lasentinelle.dz\\\/#\\\/schema\\\/person\\\/d865044e22e70a75174ce8bcad3acfb3\"},\"headline\":\"S\u00e9n\u00e9gal\u00a0: Deux morts dans des manifestations\",\"datePublished\":\"2023-08-01T19:42:49+00:00\",\"dateModified\":\"2023-08-01T19:42:59+00:00\",\"mainEntityOfPage\":{\"@id\":\"https:\\\/\\\/lasentinelle.dz\\\/index.php\\\/2023\\\/08\\\/01\\\/senegal-deux-morts-dans-des-manifestations\\\/\"},\"wordCount\":342,\"commentCount\":0,\"publisher\":{\"@id\":\"https:\\\/\\\/lasentinelle.dz\\\/#organization\"},\"image\":{\"@id\":\"https:\\\/\\\/lasentinelle.dz\\\/index.php\\\/2023\\\/08\\\/01\\\/senegal-deux-morts-dans-des-manifestations\\\/#primaryimage\"},\"thumbnailUrl\":\"https:\\\/\\\/lasentinelle.dz\\\/wp-content\\\/uploads\\\/2023\\\/08\\\/senegal.jpeg\",\"articleSection\":[\"Monde\"],\"inLanguage\":\"fr-FR\",\"potentialAction\":[{\"@type\":\"CommentAction\",\"name\":\"Comment\",\"target\":[\"https:\\\/\\\/lasentinelle.dz\\\/index.php\\\/2023\\\/08\\\/01\\\/senegal-deux-morts-dans-des-manifestations\\\/#respond\"]}]},{\"@type\":\"WebPage\",\"@id\":\"https:\\\/\\\/lasentinelle.dz\\\/index.php\\\/2023\\\/08\\\/01\\\/senegal-deux-morts-dans-des-manifestations\\\/\",\"url\":\"https:\\\/\\\/lasentinelle.dz\\\/index.php\\\/2023\\\/08\\\/01\\\/senegal-deux-morts-dans-des-manifestations\\\/\",\"name\":\"S\u00e9n\u00e9gal\u00a0: Deux morts dans des manifestations - La Sentinelle\",\"isPartOf\":{\"@id\":\"https:\\\/\\\/lasentinelle.dz\\\/#website\"},\"primaryImageOfPage\":{\"@id\":\"https:\\\/\\\/lasentinelle.dz\\\/index.php\\\/2023\\\/08\\\/01\\\/senegal-deux-morts-dans-des-manifestations\\\/#primaryimage\"},\"image\":{\"@id\":\"https:\\\/\\\/lasentinelle.dz\\\/index.php\\\/2023\\\/08\\\/01\\\/senegal-deux-morts-dans-des-manifestations\\\/#primaryimage\"},\"thumbnailUrl\":\"https:\\\/\\\/lasentinelle.dz\\\/wp-content\\\/uploads\\\/2023\\\/08\\\/senegal.jpeg\",\"datePublished\":\"2023-08-01T19:42:49+00:00\",\"dateModified\":\"2023-08-01T19:42:59+00:00\",\"breadcrumb\":{\"@id\":\"https:\\\/\\\/lasentinelle.dz\\\/index.php\\\/2023\\\/08\\\/01\\\/senegal-deux-morts-dans-des-manifestations\\\/#breadcrumb\"},\"inLanguage\":\"fr-FR\",\"potentialAction\":[{\"@type\":\"ReadAction\",\"target\":[\"https:\\\/\\\/lasentinelle.dz\\\/index.php\\\/2023\\\/08\\\/01\\\/senegal-deux-morts-dans-des-manifestations\\\/\"]}]},{\"@type\":\"ImageObject\",\"inLanguage\":\"fr-FR\",\"@id\":\"https:\\\/\\\/lasentinelle.dz\\\/index.php\\\/2023\\\/08\\\/01\\\/senegal-deux-morts-dans-des-manifestations\\\/#primaryimage\",\"url\":\"https:\\\/\\\/lasentinelle.dz\\\/wp-content\\\/uploads\\\/2023\\\/08\\\/senegal.jpeg\",\"contentUrl\":\"https:\\\/\\\/lasentinelle.dz\\\/wp-content\\\/uploads\\\/2023\\\/08\\\/senegal.jpeg\",\"width\":664,\"height\":443,\"caption\":\"Gendarmes remove a Kiosk overturned by protestors to block the road at Yarakh after opposition leader Ousmane Sonko has been detained, in Dakar, Senegal, July 31, 2023. REUTERS\\\/Ngouda Dione\"},{\"@type\":\"BreadcrumbList\",\"@id\":\"https:\\\/\\\/lasentinelle.dz\\\/index.php\\\/2023\\\/08\\\/01\\\/senegal-deux-morts-dans-des-manifestations\\\/#breadcrumb\",\"itemListElement\":[{\"@type\":\"ListItem\",\"position\":1,\"name\":\"Accueil\",\"item\":\"https:\\\/\\\/lasentinelle.dz\\\/\"},{\"@type\":\"ListItem\",\"position\":2,\"name\":\"S\u00e9n\u00e9gal\u00a0: Deux morts dans des manifestations\"}]},{\"@type\":\"WebSite\",\"@id\":\"https:\\\/\\\/lasentinelle.dz\\\/#website\",\"url\":\"https:\\\/\\\/lasentinelle.dz\\\/\",\"name\":\"La Sentinelle\",\"description\":\"Quotidien national d&#039;information\",\"publisher\":{\"@id\":\"https:\\\/\\\/lasentinelle.dz\\\/#organization\"},\"potentialAction\":[{\"@type\":\"SearchAction\",\"target\":{\"@type\":\"EntryPoint\",\"urlTemplate\":\"https:\\\/\\\/lasentinelle.dz\\\/?s={search_term_string}\"},\"query-input\":{\"@type\":\"PropertyValueSpecification\",\"valueRequired\":true,\"valueName\":\"search_term_string\"}}],\"inLanguage\":\"fr-FR\"},{\"@type\":\"Organization\",\"@id\":\"https:\\\/\\\/lasentinelle.dz\\\/#organization\",\"name\":\"Quotidien La Sentinelle\",\"url\":\"https:\\\/\\\/lasentinelle.dz\\\/\",\"logo\":{\"@type\":\"ImageObject\",\"inLanguage\":\"fr-FR\",\"@id\":\"https:\\\/\\\/lasentinelle.dz\\\/#\\\/schema\\\/logo\\\/image\\\/\",\"url\":\"https:\\\/\\\/lasentinelle.dz\\\/wp-content\\\/uploads\\\/2021\\\/09\\\/logo-sentinelleSLOGAN-1.png\",\"contentUrl\":\"https:\\\/\\\/lasentinelle.dz\\\/wp-content\\\/uploads\\\/2021\\\/09\\\/logo-sentinelleSLOGAN-1.png\",\"width\":615,\"height\":142,\"caption\":\"Quotidien La Sentinelle\"},\"image\":{\"@id\":\"https:\\\/\\\/lasentinelle.dz\\\/#\\\/schema\\\/logo\\\/image\\\/\"},\"sameAs\":[\"https:\\\/\\\/www.facebook.com\\\/La-Sentinelle-104059864394773\"]},{\"@type\":\"Person\",\"@id\":\"https:\\\/\\\/lasentinelle.dz\\\/#\\\/schema\\\/person\\\/d865044e22e70a75174ce8bcad3acfb3\",\"name\":\"La Sentinelle\",\"image\":{\"@type\":\"ImageObject\",\"inLanguage\":\"fr-FR\",\"@id\":\"https:\\\/\\\/secure.gravatar.com\\\/avatar\\\/57de8e5d4b15d43fb361a71fbb36338450fe67865b528a43dd10ef7c51a20392?s=96&d=mm&r=g\",\"url\":\"https:\\\/\\\/secure.gravatar.com\\\/avatar\\\/57de8e5d4b15d43fb361a71fbb36338450fe67865b528a43dd10ef7c51a20392?s=96&d=mm&r=g\",\"contentUrl\":\"https:\\\/\\\/secure.gravatar.com\\\/avatar\\\/57de8e5d4b15d43fb361a71fbb36338450fe67865b528a43dd10ef7c51a20392?s=96&d=mm&r=g\",\"caption\":\"La Sentinelle\"},\"sameAs\":[\"http:\\\/\\\/www.lasentinelle.dz\"],\"url\":\"https:\\\/\\\/lasentinelle.dz\\\/author\\\/redaction\\\/\"}]}<\/script>\n<!-- \/ Yoast SEO plugin. -->","yoast_head_json":{"title":"S\u00e9n\u00e9gal\u00a0: Deux morts dans des manifestations - La Sentinelle","robots":{"index":"index","follow":"follow","max-snippet":"max-snippet:-1","max-image-preview":"max-image-preview:large","max-video-preview":"max-video-preview:-1"},"canonical":"https:\/\/lasentinelle.dz\/index.php\/2023\/08\/01\/senegal-deux-morts-dans-des-manifestations\/","og_locale":"fr_FR","og_type":"article","og_title":"S\u00e9n\u00e9gal\u00a0: Deux morts dans des manifestations - La Sentinelle","og_description":"Deux personnes ont \u00e9t\u00e9 tu\u00e9es lundi dans le sud du S\u00e9n\u00e9gal, lors de manifestations qui ont suivi l&rsquo;inculpation et le","og_url":"https:\/\/lasentinelle.dz\/index.php\/2023\/08\/01\/senegal-deux-morts-dans-des-manifestations\/","og_site_name":"La Sentinelle","article_publisher":"https:\/\/www.facebook.com\/La-Sentinelle-104059864394773","article_published_time":"2023-08-01T19:42:49+00:00","article_modified_time":"2023-08-01T19:42:59+00:00","og_image":[{"width":664,"height":443,"url":"https:\/\/lasentinelle.dz\/wp-content\/uploads\/2023\/08\/senegal.jpeg","type":"image\/jpeg"}],"author":"La Sentinelle","twitter_card":"summary_large_image","twitter_misc":{"\u00c9crit par":"La Sentinelle","Dur\u00e9e de lecture estim\u00e9e":"2 minutes"},"schema":{"@context":"https:\/\/schema.org","@graph":[{"@type":"Article","@id":"https:\/\/lasentinelle.dz\/index.php\/2023\/08\/01\/senegal-deux-morts-dans-des-manifestations\/#article","isPartOf":{"@id":"https:\/\/lasentinelle.dz\/index.php\/2023\/08\/01\/senegal-deux-morts-dans-des-manifestations\/"},"author":{"name":"La Sentinelle","@id":"https:\/\/lasentinelle.dz\/#\/schema\/person\/d865044e22e70a75174ce8bcad3acfb3"},"headline":"S\u00e9n\u00e9gal\u00a0: Deux morts dans des manifestations","datePublished":"2023-08-01T19:42:49+00:00","dateModified":"2023-08-01T19:42:59+00:00","mainEntityOfPage":{"@id":"https:\/\/lasentinelle.dz\/index.php\/2023\/08\/01\/senegal-deux-morts-dans-des-manifestations\/"},"wordCount":342,"commentCount":0,"publisher":{"@id":"https:\/\/lasentinelle.dz\/#organization"},"image":{"@id":"https:\/\/lasentinelle.dz\/index.php\/2023\/08\/01\/senegal-deux-morts-dans-des-manifestations\/#primaryimage"},"thumbnailUrl":"https:\/\/lasentinelle.dz\/wp-content\/uploads\/2023\/08\/senegal.jpeg","articleSection":["Monde"],"inLanguage":"fr-FR","potentialAction":[{"@type":"CommentAction","name":"Comment","target":["https:\/\/lasentinelle.dz\/index.php\/2023\/08\/01\/senegal-deux-morts-dans-des-manifestations\/#respond"]}]},{"@type":"WebPage","@id":"https:\/\/lasentinelle.dz\/index.php\/2023\/08\/01\/senegal-deux-morts-dans-des-manifestations\/","url":"https:\/\/lasentinelle.dz\/index.php\/2023\/08\/01\/senegal-deux-morts-dans-des-manifestations\/","name":"S\u00e9n\u00e9gal\u00a0: Deux morts dans des manifestations - La Sentinelle","isPartOf":{"@id":"https:\/\/lasentinelle.dz\/#website"},"primaryImageOfPage":{"@id":"https:\/\/lasentinelle.dz\/index.php\/2023\/08\/01\/senegal-deux-morts-dans-des-manifestations\/#primaryimage"},"image":{"@id":"https:\/\/lasentinelle.dz\/index.php\/2023\/08\/01\/senegal-deux-morts-dans-des-manifestations\/#primaryimage"},"thumbnailUrl":"https:\/\/lasentinelle.dz\/wp-content\/uploads\/2023\/08\/senegal.jpeg","datePublished":"2023-08-01T19:42:49+00:00","dateModified":"2023-08-01T19:42:59+00:00","breadcrumb":{"@id":"https:\/\/lasentinelle.dz\/index.php\/2023\/08\/01\/senegal-deux-morts-dans-des-manifestations\/#breadcrumb"},"inLanguage":"fr-FR","potentialAction":[{"@type":"ReadAction","target":["https:\/\/lasentinelle.dz\/index.php\/2023\/08\/01\/senegal-deux-morts-dans-des-manifestations\/"]}]},{"@type":"ImageObject","inLanguage":"fr-FR","@id":"https:\/\/lasentinelle.dz\/index.php\/2023\/08\/01\/senegal-deux-morts-dans-des-manifestations\/#primaryimage","url":"https:\/\/lasentinelle.dz\/wp-content\/uploads\/2023\/08\/senegal.jpeg","contentUrl":"https:\/\/lasentinelle.dz\/wp-content\/uploads\/2023\/08\/senegal.jpeg","width":664,"height":443,"caption":"Gendarmes remove a Kiosk overturned by protestors to block the road at Yarakh after opposition leader Ousmane Sonko has been detained, in Dakar, Senegal, July 31, 2023. REUTERS\/Ngouda Dione"},{"@type":"BreadcrumbList","@id":"https:\/\/lasentinelle.dz\/index.php\/2023\/08\/01\/senegal-deux-morts-dans-des-manifestations\/#breadcrumb","itemListElement":[{"@type":"ListItem","position":1,"name":"Accueil","item":"https:\/\/lasentinelle.dz\/"},{"@type":"ListItem","position":2,"name":"S\u00e9n\u00e9gal\u00a0: Deux morts dans des manifestations"}]},{"@type":"WebSite","@id":"https:\/\/lasentinelle.dz\/#website","url":"https:\/\/lasentinelle.dz\/","name":"La Sentinelle","description":"Quotidien national d&#039;information","publisher":{"@id":"https:\/\/lasentinelle.dz\/#organization"},"potentialAction":[{"@type":"SearchAction","target":{"@type":"EntryPoint","urlTemplate":"https:\/\/lasentinelle.dz\/?s={search_term_string}"},"query-input":{"@type":"PropertyValueSpecification","valueRequired":true,"valueName":"search_term_string"}}],"inLanguage":"fr-FR"},{"@type":"Organization","@id":"https:\/\/lasentinelle.dz\/#organization","name":"Quotidien La Sentinelle","url":"https:\/\/lasentinelle.dz\/","logo":{"@type":"ImageObject","inLanguage":"fr-FR","@id":"https:\/\/lasentinelle.dz\/#\/schema\/logo\/image\/","url":"https:\/\/lasentinelle.dz\/wp-content\/uploads\/2021\/09\/logo-sentinelleSLOGAN-1.png","contentUrl":"https:\/\/lasentinelle.dz\/wp-content\/uploads\/2021\/09\/logo-sentinelleSLOGAN-1.png","width":615,"height":142,"caption":"Quotidien La Sentinelle"},"image":{"@id":"https:\/\/lasentinelle.dz\/#\/schema\/logo\/image\/"},"sameAs":["https:\/\/www.facebook.com\/La-Sentinelle-104059864394773"]},{"@type":"Person","@id":"https:\/\/lasentinelle.dz\/#\/schema\/person\/d865044e22e70a75174ce8bcad3acfb3","name":"La Sentinelle","image":{"@type":"ImageObject","inLanguage":"fr-FR","@id":"https:\/\/secure.gravatar.com\/avatar\/57de8e5d4b15d43fb361a71fbb36338450fe67865b528a43dd10ef7c51a20392?s=96&d=mm&r=g","url":"https:\/\/secure.gravatar.com\/avatar\/57de8e5d4b15d43fb361a71fbb36338450fe67865b528a43dd10ef7c51a20392?s=96&d=mm&r=g","contentUrl":"https:\/\/secure.gravatar.com\/avatar\/57de8e5d4b15d43fb361a71fbb36338450fe67865b528a43dd10ef7c51a20392?s=96&d=mm&r=g","caption":"La Sentinelle"},"sameAs":["http:\/\/www.lasentinelle.dz"],"url":"https:\/\/lasentinelle.dz\/author\/redaction\/"}]}},"_links":{"self":[{"href":"https:\/\/lasentinelle.dz\/index.php\/wp-json\/wp\/v2\/posts\/44196","targetHints":{"allow":["GET"]}}],"collection":[{"href":"https:\/\/lasentinelle.dz\/index.php\/wp-json\/wp\/v2\/posts"}],"about":[{"href":"https:\/\/lasentinelle.dz\/index.php\/wp-json\/wp\/v2\/types\/post"}],"author":[{"embeddable":true,"href":"https:\/\/lasentinelle.dz\/index.php\/wp-json\/wp\/v2\/users\/3"}],"replies":[{"embeddable":true,"href":"https:\/\/lasentinelle.dz\/index.php\/wp-json\/wp\/v2\/comments?post=44196"}],"version-history":[{"count":1,"href":"https:\/\/lasentinelle.dz\/index.php\/wp-json\/wp\/v2\/posts\/44196\/revisions"}],"predecessor-version":[{"id":44198,"href":"https:\/\/lasentinelle.dz\/index.php\/wp-json\/wp\/v2\/posts\/44196\/revisions\/44198"}],"wp:featuredmedia":[{"embeddable":true,"href":"https:\/\/lasentinelle.dz\/index.php\/wp-json\/wp\/v2\/media\/44197"}],"wp:attachment":[{"href":"https:\/\/lasentinelle.dz\/index.php\/wp-json\/wp\/v2\/media?parent=44196"}],"wp:term":[{"taxonomy":"category","embeddable":true,"href":"https:\/\/lasentinelle.dz\/index.php\/wp-json\/wp\/v2\/categories?post=44196"},{"taxonomy":"post_tag","embeddable":true,"href":"https:\/\/lasentinelle.dz\/index.php\/wp-json\/wp\/v2\/tags?post=44196"}],"curies":[{"name":"wp","href":"https:\/\/api.w.org\/{rel}","templated":true}]}}