{"id":44253,"date":"2023-08-02T21:53:56","date_gmt":"2023-08-02T20:53:56","guid":{"rendered":"https:\/\/lasentinelle.dz\/?p=44253"},"modified":"2023-08-02T21:53:59","modified_gmt":"2023-08-02T20:53:59","slug":"algerie-tanzanie-le-7-septembre-a-annaba-quels-choix-pour-belmadi","status":"publish","type":"post","link":"https:\/\/lasentinelle.dz\/index.php\/2023\/08\/02\/algerie-tanzanie-le-7-septembre-a-annaba-quels-choix-pour-belmadi\/","title":{"rendered":"Alg\u00e9rie-Tanzanie le 7 septembre\u00a0 \u00e0 Annaba\u00a0: Quels choix pour Belmadi\u00a0?"},"content":{"rendered":"\n<p>La rencontre qui opposera la s\u00e9lection alg\u00e9rienne avec son homologue tanzanienne, pour le compte de la 6\u00e8me et derni\u00e8re journ\u00e9e du groupe F des \u00e9liminatoires de la CAN-2023 en C\u00f4te&nbsp; d\u2019Ivoire (report\u00e9e \u00e0 2024), se jouera jeudi le 7 septembre 2023 au stade&nbsp; 19 mai 1956 d&rsquo;Annaba (20h00), a annonc\u00e9 mardi la F\u00e9d\u00e9ration alg\u00e9rienne de football (FAF) sur son site officiel.<\/p>\n\n\n\n<p>Cette rencontre sera offici\u00e9e par l&rsquo;arbitre b\u00e9ninois Djindo Louis Houngnandande, assist\u00e9 de son compatriote Eric Ayimavo Aymar Ulrich (1er assistant) et le Togolais Jonathan Ahonto Kuffi (2\u00e8me assistant). &nbsp;Le quatri\u00e8me arbitre est le B\u00e9ninois Issa Mouhamed, alors que le Tunisien Boussair Boudjelil a \u00e9t\u00e9 d\u00e9sign\u00e9 Commissaire du match. Il est \u00e0 rappeler que les Verts ont fait un v\u00e9ritable sans faute lors de ce tournoi qualificatif en engrangeant l\u2019ensemble des points. Ils occupent la t\u00eate du classement du groupe F avec 15 pts, est d\u00e9j\u00e0 qualifi\u00e9e pour la phase finale de la Coupe d&rsquo;Afrique des nations en C\u00f4te d&rsquo;ivoire. &nbsp;&nbsp;La Tanzanie vient en deuxi\u00e8me position avec 7 unit\u00e9s, suivie de l&rsquo;Ouganda (4 pts) et le Niger avec seulement deux points.<\/p>\n\n\n\n<p>Il faut dire qu\u2019en perspective de cette rencontre et du stage des Verts de septembre les sp\u00e9culations vont bon train quant aux choix que le s\u00e9lectionneur national va faire, notamment au regard des \u00e9volutions r\u00e9centes sur le march\u00e9 des transferts, l\u2019indisponibilit\u00e9 de Bennacer bless\u00e9 qui impose \u00e0 Belmadi d\u2019\u00e9tudier des alternatives, mais aussi l\u2019arriv\u00e9e de nouveaux binationaux. Il faut dire que ces derniers matchs sont d\u00e9cisifs pour Djamel Belmadi qui doit \u00e9valuer les alternatives dont il dispose pour composer le Onze avec lequel il entend aller \u00e0 l\u2019assaut de la CAN-2023, report\u00e9e \u00e0 2024 en C\u00f4te d\u2019Ivoire. Pour ce qui est des binationaux, le stage de septembre et la derni\u00e8re confrontation des Verts dans le cadre des \u00c9liminatoires de la CAN, pourraient \u00eatre marqu\u00e9s par la s\u00e9lection de trois nouvelles recrues, dont les noms circulent depuis quelques semaines d\u00e9j\u00e0.&nbsp; Il s\u2019agit d\u2019abord d\u2019Amine Gouiri qu\u2019on \u00e9voque avec insistance. Le joueur de de 23 ans \u00e9voluant au Stade Rennais (33 matchs et 15 buts cette saison en Ligue 1) apr\u00e8s avoir port\u00e9 les couleurs de l&rsquo;OL puis de l&rsquo;OGC Nice, aurait r\u00e9cemment choisi de repr\u00e9senter l&rsquo;\u00e9quipe d&rsquo;Alg\u00e9rie apr\u00e8s plus de deux ans de n\u00e9gociations avec Djamel Belmadi. Selon des sources proches de la F\u00e9d\u00e9ration alg\u00e9rienne de Football (FAF), le talentueux attaquant aurait en effet accept\u00e9 l&rsquo;offre de rejoindre les Fennecs. L\u2019autre joueur qui suscite les commentaires de la presse sp\u00e9cialis\u00e9e depuis plus d\u2019une ann\u00e9e et Yacine Adli. Form\u00e9 au Paris-Saint-Germain avant d&rsquo;\u00e9voluer \u00e0 Bordeaux, le milieu offensif Yacine Adli avait rejoint le Milan AC l&rsquo;\u00e9t\u00e9 dernier.<\/p>\n\n\n\n<p>Enfin, la presse sp\u00e9cialis\u00e9e \u00e9voque le cas de Yasser Larouciqui &nbsp;vient de r\u00e9aliser la premi\u00e8re saison pleine de sa carri\u00e8re en Ligue 1 \u00e0 Troyes (30 matchs, 1 but). Il a auparavant \u00e9volu\u00e9 \u00e0 Liverpool (2 rencontres disput\u00e9s) et vient tout juste de rejoindre en pr\u00eat Sheffield United en Premier League. Le jeune joueur a sign\u00e9 il y a quelques jours sa lettre d\u2019engagement avec la F\u00e9d\u00e9ration alg\u00e9rienne de football (FAF). L&rsquo;instance n&rsquo;a plus qu&rsquo;\u00e0 faire valider les documents par la FIFA.<\/p>\n\n\n\n<p>Moncef Dahleb<\/p>\n","protected":false},"excerpt":{"rendered":"<p>La rencontre qui opposera la s\u00e9lection alg\u00e9rienne avec son homologue tanzanienne, pour le compte de la 6\u00e8me et derni\u00e8re journ\u00e9e<\/p>\n","protected":false},"author":3,"featured_media":37932,"comment_status":"open","ping_status":"closed","sticky":false,"template":"","format":"standard","meta":{"colormag_page_container_layout":"default_layout","colormag_page_sidebar_layout":"default_layout","om_disable_all_campaigns":false,"_monsterinsights_skip_tracking":false,"_monsterinsights_sitenote_active":false,"_monsterinsights_sitenote_note":"","_monsterinsights_sitenote_category":0,"footnotes":"","_wpscppro_dont_share_socialmedia":false,"_wpscppro_custom_social_share_image":0,"_facebook_share_type":"","_twitter_share_type":"","_linkedin_share_type":"","_pinterest_share_type":"","_linkedin_share_type_page":"","_instagram_share_type":"","_medium_share_type":"","_threads_share_type":"","_google_business_share_type":"","_selected_social_profile":[],"_wpsp_enable_custom_social_template":false,"_wpsp_social_scheduling":{"enabled":false,"datetime":null,"platforms":[],"status":"template_only","dateOption":"today","timeOption":"now","customDays":"","customHours":"","customDate":"","customTime":"","schedulingType":"absolute"},"_wpsp_active_default_template":true},"categories":[52,33],"tags":[],"class_list":["post-44253","post","type-post","status-publish","format-standard","has-post-thumbnail","hentry","category-a-la-une","category-sports"],"aioseo_notices":[],"yoast_head":"<!-- This site is optimized with the Yoast SEO plugin v27.5 - https:\/\/yoast.com\/product\/yoast-seo-wordpress\/ -->\n<title>Alg\u00e9rie-Tanzanie le 7 septembre\u00a0 \u00e0 Annaba\u00a0: Quels choix pour Belmadi\u00a0? - La Sentinelle<\/title>\n<meta name=\"robots\" content=\"index, follow, max-snippet:-1, max-image-preview:large, max-video-preview:-1\" \/>\n<link rel=\"canonical\" href=\"https:\/\/lasentinelle.dz\/index.php\/2023\/08\/02\/algerie-tanzanie-le-7-septembre-a-annaba-quels-choix-pour-belmadi\/\" \/>\n<meta property=\"og:locale\" content=\"fr_FR\" \/>\n<meta property=\"og:type\" content=\"article\" \/>\n<meta property=\"og:title\" content=\"Alg\u00e9rie-Tanzanie le 7 septembre\u00a0 \u00e0 Annaba\u00a0: Quels choix pour Belmadi\u00a0? - La Sentinelle\" \/>\n<meta property=\"og:description\" content=\"La rencontre qui opposera la s\u00e9lection alg\u00e9rienne avec son homologue tanzanienne, pour le compte de la 6\u00e8me et derni\u00e8re journ\u00e9e\" \/>\n<meta property=\"og:url\" content=\"https:\/\/lasentinelle.dz\/index.php\/2023\/08\/02\/algerie-tanzanie-le-7-septembre-a-annaba-quels-choix-pour-belmadi\/\" \/>\n<meta property=\"og:site_name\" content=\"La Sentinelle\" \/>\n<meta property=\"article:publisher\" content=\"https:\/\/www.facebook.com\/La-Sentinelle-104059864394773\" \/>\n<meta property=\"article:published_time\" content=\"2023-08-02T20:53:56+00:00\" \/>\n<meta property=\"article:modified_time\" content=\"2023-08-02T20:53:59+00:00\" \/>\n<meta property=\"og:image\" content=\"https:\/\/lasentinelle.dz\/wp-content\/uploads\/2023\/03\/belmadi-1.png\" \/>\n\t<meta property=\"og:image:width\" content=\"1302\" \/>\n\t<meta property=\"og:image:height\" content=\"900\" \/>\n\t<meta property=\"og:image:type\" content=\"image\/png\" \/>\n<meta name=\"author\" content=\"La Sentinelle\" \/>\n<meta name=\"twitter:card\" content=\"summary_large_image\" \/>\n<meta name=\"twitter:label1\" content=\"\u00c9crit par\" \/>\n\t<meta name=\"twitter:data1\" content=\"La Sentinelle\" \/>\n\t<meta name=\"twitter:label2\" content=\"Dur\u00e9e de lecture estim\u00e9e\" \/>\n\t<meta name=\"twitter:data2\" content=\"3 minutes\" \/>\n<script type=\"application\/ld+json\" class=\"yoast-schema-graph\">{\"@context\":\"https:\\\/\\\/schema.org\",\"@graph\":[{\"@type\":\"Article\",\"@id\":\"https:\\\/\\\/lasentinelle.dz\\\/index.php\\\/2023\\\/08\\\/02\\\/algerie-tanzanie-le-7-septembre-a-annaba-quels-choix-pour-belmadi\\\/#article\",\"isPartOf\":{\"@id\":\"https:\\\/\\\/lasentinelle.dz\\\/index.php\\\/2023\\\/08\\\/02\\\/algerie-tanzanie-le-7-septembre-a-annaba-quels-choix-pour-belmadi\\\/\"},\"author\":{\"name\":\"La Sentinelle\",\"@id\":\"https:\\\/\\\/lasentinelle.dz\\\/#\\\/schema\\\/person\\\/d865044e22e70a75174ce8bcad3acfb3\"},\"headline\":\"Alg\u00e9rie-Tanzanie le 7 septembre\u00a0 \u00e0 Annaba\u00a0: Quels choix pour Belmadi\u00a0?\",\"datePublished\":\"2023-08-02T20:53:56+00:00\",\"dateModified\":\"2023-08-02T20:53:59+00:00\",\"mainEntityOfPage\":{\"@id\":\"https:\\\/\\\/lasentinelle.dz\\\/index.php\\\/2023\\\/08\\\/02\\\/algerie-tanzanie-le-7-septembre-a-annaba-quels-choix-pour-belmadi\\\/\"},\"wordCount\":594,\"commentCount\":0,\"publisher\":{\"@id\":\"https:\\\/\\\/lasentinelle.dz\\\/#organization\"},\"image\":{\"@id\":\"https:\\\/\\\/lasentinelle.dz\\\/index.php\\\/2023\\\/08\\\/02\\\/algerie-tanzanie-le-7-septembre-a-annaba-quels-choix-pour-belmadi\\\/#primaryimage\"},\"thumbnailUrl\":\"https:\\\/\\\/lasentinelle.dz\\\/wp-content\\\/uploads\\\/2023\\\/03\\\/belmadi-1.png\",\"articleSection\":[\"\u00c0 la Une\",\"Sports\"],\"inLanguage\":\"fr-FR\",\"potentialAction\":[{\"@type\":\"CommentAction\",\"name\":\"Comment\",\"target\":[\"https:\\\/\\\/lasentinelle.dz\\\/index.php\\\/2023\\\/08\\\/02\\\/algerie-tanzanie-le-7-septembre-a-annaba-quels-choix-pour-belmadi\\\/#respond\"]}]},{\"@type\":\"WebPage\",\"@id\":\"https:\\\/\\\/lasentinelle.dz\\\/index.php\\\/2023\\\/08\\\/02\\\/algerie-tanzanie-le-7-septembre-a-annaba-quels-choix-pour-belmadi\\\/\",\"url\":\"https:\\\/\\\/lasentinelle.dz\\\/index.php\\\/2023\\\/08\\\/02\\\/algerie-tanzanie-le-7-septembre-a-annaba-quels-choix-pour-belmadi\\\/\",\"name\":\"Alg\u00e9rie-Tanzanie le 7 septembre\u00a0 \u00e0 Annaba\u00a0: Quels choix pour Belmadi\u00a0? - La Sentinelle\",\"isPartOf\":{\"@id\":\"https:\\\/\\\/lasentinelle.dz\\\/#website\"},\"primaryImageOfPage\":{\"@id\":\"https:\\\/\\\/lasentinelle.dz\\\/index.php\\\/2023\\\/08\\\/02\\\/algerie-tanzanie-le-7-septembre-a-annaba-quels-choix-pour-belmadi\\\/#primaryimage\"},\"image\":{\"@id\":\"https:\\\/\\\/lasentinelle.dz\\\/index.php\\\/2023\\\/08\\\/02\\\/algerie-tanzanie-le-7-septembre-a-annaba-quels-choix-pour-belmadi\\\/#primaryimage\"},\"thumbnailUrl\":\"https:\\\/\\\/lasentinelle.dz\\\/wp-content\\\/uploads\\\/2023\\\/03\\\/belmadi-1.png\",\"datePublished\":\"2023-08-02T20:53:56+00:00\",\"dateModified\":\"2023-08-02T20:53:59+00:00\",\"breadcrumb\":{\"@id\":\"https:\\\/\\\/lasentinelle.dz\\\/index.php\\\/2023\\\/08\\\/02\\\/algerie-tanzanie-le-7-septembre-a-annaba-quels-choix-pour-belmadi\\\/#breadcrumb\"},\"inLanguage\":\"fr-FR\",\"potentialAction\":[{\"@type\":\"ReadAction\",\"target\":[\"https:\\\/\\\/lasentinelle.dz\\\/index.php\\\/2023\\\/08\\\/02\\\/algerie-tanzanie-le-7-septembre-a-annaba-quels-choix-pour-belmadi\\\/\"]}]},{\"@type\":\"ImageObject\",\"inLanguage\":\"fr-FR\",\"@id\":\"https:\\\/\\\/lasentinelle.dz\\\/index.php\\\/2023\\\/08\\\/02\\\/algerie-tanzanie-le-7-septembre-a-annaba-quels-choix-pour-belmadi\\\/#primaryimage\",\"url\":\"https:\\\/\\\/lasentinelle.dz\\\/wp-content\\\/uploads\\\/2023\\\/03\\\/belmadi-1.png\",\"contentUrl\":\"https:\\\/\\\/lasentinelle.dz\\\/wp-content\\\/uploads\\\/2023\\\/03\\\/belmadi-1.png\",\"width\":1302,\"height\":900},{\"@type\":\"BreadcrumbList\",\"@id\":\"https:\\\/\\\/lasentinelle.dz\\\/index.php\\\/2023\\\/08\\\/02\\\/algerie-tanzanie-le-7-septembre-a-annaba-quels-choix-pour-belmadi\\\/#breadcrumb\",\"itemListElement\":[{\"@type\":\"ListItem\",\"position\":1,\"name\":\"Accueil\",\"item\":\"https:\\\/\\\/lasentinelle.dz\\\/\"},{\"@type\":\"ListItem\",\"position\":2,\"name\":\"Alg\u00e9rie-Tanzanie le 7 septembre\u00a0 \u00e0 Annaba\u00a0: Quels choix pour Belmadi\u00a0?\"}]},{\"@type\":\"WebSite\",\"@id\":\"https:\\\/\\\/lasentinelle.dz\\\/#website\",\"url\":\"https:\\\/\\\/lasentinelle.dz\\\/\",\"name\":\"La Sentinelle\",\"description\":\"Quotidien national d&#039;information\",\"publisher\":{\"@id\":\"https:\\\/\\\/lasentinelle.dz\\\/#organization\"},\"potentialAction\":[{\"@type\":\"SearchAction\",\"target\":{\"@type\":\"EntryPoint\",\"urlTemplate\":\"https:\\\/\\\/lasentinelle.dz\\\/?s={search_term_string}\"},\"query-input\":{\"@type\":\"PropertyValueSpecification\",\"valueRequired\":true,\"valueName\":\"search_term_string\"}}],\"inLanguage\":\"fr-FR\"},{\"@type\":\"Organization\",\"@id\":\"https:\\\/\\\/lasentinelle.dz\\\/#organization\",\"name\":\"Quotidien La Sentinelle\",\"url\":\"https:\\\/\\\/lasentinelle.dz\\\/\",\"logo\":{\"@type\":\"ImageObject\",\"inLanguage\":\"fr-FR\",\"@id\":\"https:\\\/\\\/lasentinelle.dz\\\/#\\\/schema\\\/logo\\\/image\\\/\",\"url\":\"https:\\\/\\\/lasentinelle.dz\\\/wp-content\\\/uploads\\\/2021\\\/09\\\/logo-sentinelleSLOGAN-1.png\",\"contentUrl\":\"https:\\\/\\\/lasentinelle.dz\\\/wp-content\\\/uploads\\\/2021\\\/09\\\/logo-sentinelleSLOGAN-1.png\",\"width\":615,\"height\":142,\"caption\":\"Quotidien La Sentinelle\"},\"image\":{\"@id\":\"https:\\\/\\\/lasentinelle.dz\\\/#\\\/schema\\\/logo\\\/image\\\/\"},\"sameAs\":[\"https:\\\/\\\/www.facebook.com\\\/La-Sentinelle-104059864394773\"]},{\"@type\":\"Person\",\"@id\":\"https:\\\/\\\/lasentinelle.dz\\\/#\\\/schema\\\/person\\\/d865044e22e70a75174ce8bcad3acfb3\",\"name\":\"La Sentinelle\",\"image\":{\"@type\":\"ImageObject\",\"inLanguage\":\"fr-FR\",\"@id\":\"https:\\\/\\\/secure.gravatar.com\\\/avatar\\\/57de8e5d4b15d43fb361a71fbb36338450fe67865b528a43dd10ef7c51a20392?s=96&d=mm&r=g\",\"url\":\"https:\\\/\\\/secure.gravatar.com\\\/avatar\\\/57de8e5d4b15d43fb361a71fbb36338450fe67865b528a43dd10ef7c51a20392?s=96&d=mm&r=g\",\"contentUrl\":\"https:\\\/\\\/secure.gravatar.com\\\/avatar\\\/57de8e5d4b15d43fb361a71fbb36338450fe67865b528a43dd10ef7c51a20392?s=96&d=mm&r=g\",\"caption\":\"La Sentinelle\"},\"sameAs\":[\"http:\\\/\\\/www.lasentinelle.dz\"],\"url\":\"https:\\\/\\\/lasentinelle.dz\\\/author\\\/redaction\\\/\"}]}<\/script>\n<!-- \/ Yoast SEO plugin. -->","yoast_head_json":{"title":"Alg\u00e9rie-Tanzanie le 7 septembre\u00a0 \u00e0 Annaba\u00a0: Quels choix pour Belmadi\u00a0? - La Sentinelle","robots":{"index":"index","follow":"follow","max-snippet":"max-snippet:-1","max-image-preview":"max-image-preview:large","max-video-preview":"max-video-preview:-1"},"canonical":"https:\/\/lasentinelle.dz\/index.php\/2023\/08\/02\/algerie-tanzanie-le-7-septembre-a-annaba-quels-choix-pour-belmadi\/","og_locale":"fr_FR","og_type":"article","og_title":"Alg\u00e9rie-Tanzanie le 7 septembre\u00a0 \u00e0 Annaba\u00a0: Quels choix pour Belmadi\u00a0? - La Sentinelle","og_description":"La rencontre qui opposera la s\u00e9lection alg\u00e9rienne avec son homologue tanzanienne, pour le compte de la 6\u00e8me et derni\u00e8re journ\u00e9e","og_url":"https:\/\/lasentinelle.dz\/index.php\/2023\/08\/02\/algerie-tanzanie-le-7-septembre-a-annaba-quels-choix-pour-belmadi\/","og_site_name":"La Sentinelle","article_publisher":"https:\/\/www.facebook.com\/La-Sentinelle-104059864394773","article_published_time":"2023-08-02T20:53:56+00:00","article_modified_time":"2023-08-02T20:53:59+00:00","og_image":[{"width":1302,"height":900,"url":"https:\/\/lasentinelle.dz\/wp-content\/uploads\/2023\/03\/belmadi-1.png","type":"image\/png"}],"author":"La Sentinelle","twitter_card":"summary_large_image","twitter_misc":{"\u00c9crit par":"La Sentinelle","Dur\u00e9e de lecture estim\u00e9e":"3 minutes"},"schema":{"@context":"https:\/\/schema.org","@graph":[{"@type":"Article","@id":"https:\/\/lasentinelle.dz\/index.php\/2023\/08\/02\/algerie-tanzanie-le-7-septembre-a-annaba-quels-choix-pour-belmadi\/#article","isPartOf":{"@id":"https:\/\/lasentinelle.dz\/index.php\/2023\/08\/02\/algerie-tanzanie-le-7-septembre-a-annaba-quels-choix-pour-belmadi\/"},"author":{"name":"La Sentinelle","@id":"https:\/\/lasentinelle.dz\/#\/schema\/person\/d865044e22e70a75174ce8bcad3acfb3"},"headline":"Alg\u00e9rie-Tanzanie le 7 septembre\u00a0 \u00e0 Annaba\u00a0: Quels choix pour Belmadi\u00a0?","datePublished":"2023-08-02T20:53:56+00:00","dateModified":"2023-08-02T20:53:59+00:00","mainEntityOfPage":{"@id":"https:\/\/lasentinelle.dz\/index.php\/2023\/08\/02\/algerie-tanzanie-le-7-septembre-a-annaba-quels-choix-pour-belmadi\/"},"wordCount":594,"commentCount":0,"publisher":{"@id":"https:\/\/lasentinelle.dz\/#organization"},"image":{"@id":"https:\/\/lasentinelle.dz\/index.php\/2023\/08\/02\/algerie-tanzanie-le-7-septembre-a-annaba-quels-choix-pour-belmadi\/#primaryimage"},"thumbnailUrl":"https:\/\/lasentinelle.dz\/wp-content\/uploads\/2023\/03\/belmadi-1.png","articleSection":["\u00c0 la Une","Sports"],"inLanguage":"fr-FR","potentialAction":[{"@type":"CommentAction","name":"Comment","target":["https:\/\/lasentinelle.dz\/index.php\/2023\/08\/02\/algerie-tanzanie-le-7-septembre-a-annaba-quels-choix-pour-belmadi\/#respond"]}]},{"@type":"WebPage","@id":"https:\/\/lasentinelle.dz\/index.php\/2023\/08\/02\/algerie-tanzanie-le-7-septembre-a-annaba-quels-choix-pour-belmadi\/","url":"https:\/\/lasentinelle.dz\/index.php\/2023\/08\/02\/algerie-tanzanie-le-7-septembre-a-annaba-quels-choix-pour-belmadi\/","name":"Alg\u00e9rie-Tanzanie le 7 septembre\u00a0 \u00e0 Annaba\u00a0: Quels choix pour Belmadi\u00a0? - La Sentinelle","isPartOf":{"@id":"https:\/\/lasentinelle.dz\/#website"},"primaryImageOfPage":{"@id":"https:\/\/lasentinelle.dz\/index.php\/2023\/08\/02\/algerie-tanzanie-le-7-septembre-a-annaba-quels-choix-pour-belmadi\/#primaryimage"},"image":{"@id":"https:\/\/lasentinelle.dz\/index.php\/2023\/08\/02\/algerie-tanzanie-le-7-septembre-a-annaba-quels-choix-pour-belmadi\/#primaryimage"},"thumbnailUrl":"https:\/\/lasentinelle.dz\/wp-content\/uploads\/2023\/03\/belmadi-1.png","datePublished":"2023-08-02T20:53:56+00:00","dateModified":"2023-08-02T20:53:59+00:00","breadcrumb":{"@id":"https:\/\/lasentinelle.dz\/index.php\/2023\/08\/02\/algerie-tanzanie-le-7-septembre-a-annaba-quels-choix-pour-belmadi\/#breadcrumb"},"inLanguage":"fr-FR","potentialAction":[{"@type":"ReadAction","target":["https:\/\/lasentinelle.dz\/index.php\/2023\/08\/02\/algerie-tanzanie-le-7-septembre-a-annaba-quels-choix-pour-belmadi\/"]}]},{"@type":"ImageObject","inLanguage":"fr-FR","@id":"https:\/\/lasentinelle.dz\/index.php\/2023\/08\/02\/algerie-tanzanie-le-7-septembre-a-annaba-quels-choix-pour-belmadi\/#primaryimage","url":"https:\/\/lasentinelle.dz\/wp-content\/uploads\/2023\/03\/belmadi-1.png","contentUrl":"https:\/\/lasentinelle.dz\/wp-content\/uploads\/2023\/03\/belmadi-1.png","width":1302,"height":900},{"@type":"BreadcrumbList","@id":"https:\/\/lasentinelle.dz\/index.php\/2023\/08\/02\/algerie-tanzanie-le-7-septembre-a-annaba-quels-choix-pour-belmadi\/#breadcrumb","itemListElement":[{"@type":"ListItem","position":1,"name":"Accueil","item":"https:\/\/lasentinelle.dz\/"},{"@type":"ListItem","position":2,"name":"Alg\u00e9rie-Tanzanie le 7 septembre\u00a0 \u00e0 Annaba\u00a0: Quels choix pour Belmadi\u00a0?"}]},{"@type":"WebSite","@id":"https:\/\/lasentinelle.dz\/#website","url":"https:\/\/lasentinelle.dz\/","name":"La Sentinelle","description":"Quotidien national d&#039;information","publisher":{"@id":"https:\/\/lasentinelle.dz\/#organization"},"potentialAction":[{"@type":"SearchAction","target":{"@type":"EntryPoint","urlTemplate":"https:\/\/lasentinelle.dz\/?s={search_term_string}"},"query-input":{"@type":"PropertyValueSpecification","valueRequired":true,"valueName":"search_term_string"}}],"inLanguage":"fr-FR"},{"@type":"Organization","@id":"https:\/\/lasentinelle.dz\/#organization","name":"Quotidien La Sentinelle","url":"https:\/\/lasentinelle.dz\/","logo":{"@type":"ImageObject","inLanguage":"fr-FR","@id":"https:\/\/lasentinelle.dz\/#\/schema\/logo\/image\/","url":"https:\/\/lasentinelle.dz\/wp-content\/uploads\/2021\/09\/logo-sentinelleSLOGAN-1.png","contentUrl":"https:\/\/lasentinelle.dz\/wp-content\/uploads\/2021\/09\/logo-sentinelleSLOGAN-1.png","width":615,"height":142,"caption":"Quotidien La Sentinelle"},"image":{"@id":"https:\/\/lasentinelle.dz\/#\/schema\/logo\/image\/"},"sameAs":["https:\/\/www.facebook.com\/La-Sentinelle-104059864394773"]},{"@type":"Person","@id":"https:\/\/lasentinelle.dz\/#\/schema\/person\/d865044e22e70a75174ce8bcad3acfb3","name":"La Sentinelle","image":{"@type":"ImageObject","inLanguage":"fr-FR","@id":"https:\/\/secure.gravatar.com\/avatar\/57de8e5d4b15d43fb361a71fbb36338450fe67865b528a43dd10ef7c51a20392?s=96&d=mm&r=g","url":"https:\/\/secure.gravatar.com\/avatar\/57de8e5d4b15d43fb361a71fbb36338450fe67865b528a43dd10ef7c51a20392?s=96&d=mm&r=g","contentUrl":"https:\/\/secure.gravatar.com\/avatar\/57de8e5d4b15d43fb361a71fbb36338450fe67865b528a43dd10ef7c51a20392?s=96&d=mm&r=g","caption":"La Sentinelle"},"sameAs":["http:\/\/www.lasentinelle.dz"],"url":"https:\/\/lasentinelle.dz\/author\/redaction\/"}]}},"_links":{"self":[{"href":"https:\/\/lasentinelle.dz\/index.php\/wp-json\/wp\/v2\/posts\/44253","targetHints":{"allow":["GET"]}}],"collection":[{"href":"https:\/\/lasentinelle.dz\/index.php\/wp-json\/wp\/v2\/posts"}],"about":[{"href":"https:\/\/lasentinelle.dz\/index.php\/wp-json\/wp\/v2\/types\/post"}],"author":[{"embeddable":true,"href":"https:\/\/lasentinelle.dz\/index.php\/wp-json\/wp\/v2\/users\/3"}],"replies":[{"embeddable":true,"href":"https:\/\/lasentinelle.dz\/index.php\/wp-json\/wp\/v2\/comments?post=44253"}],"version-history":[{"count":1,"href":"https:\/\/lasentinelle.dz\/index.php\/wp-json\/wp\/v2\/posts\/44253\/revisions"}],"predecessor-version":[{"id":44254,"href":"https:\/\/lasentinelle.dz\/index.php\/wp-json\/wp\/v2\/posts\/44253\/revisions\/44254"}],"wp:featuredmedia":[{"embeddable":true,"href":"https:\/\/lasentinelle.dz\/index.php\/wp-json\/wp\/v2\/media\/37932"}],"wp:attachment":[{"href":"https:\/\/lasentinelle.dz\/index.php\/wp-json\/wp\/v2\/media?parent=44253"}],"wp:term":[{"taxonomy":"category","embeddable":true,"href":"https:\/\/lasentinelle.dz\/index.php\/wp-json\/wp\/v2\/categories?post=44253"},{"taxonomy":"post_tag","embeddable":true,"href":"https:\/\/lasentinelle.dz\/index.php\/wp-json\/wp\/v2\/tags?post=44253"}],"curies":[{"name":"wp","href":"https:\/\/api.w.org\/{rel}","templated":true}]}}