{"id":4426,"date":"2021-08-16T23:50:00","date_gmt":"2021-08-16T22:50:00","guid":{"rendered":"https:\/\/lasentinelle.dz\/?p=4426"},"modified":"2021-08-17T14:53:36","modified_gmt":"2021-08-17T13:53:36","slug":"pour-aider-les-pme-a-faire-face-a-la-crise-la-capc-plaide-pour-le-gel-immediat-des-penalites","status":"publish","type":"post","link":"https:\/\/lasentinelle.dz\/index.php\/2021\/08\/16\/pour-aider-les-pme-a-faire-face-a-la-crise-la-capc-plaide-pour-le-gel-immediat-des-penalites\/","title":{"rendered":"Pour aider les PME \u00e0 faire face \u00e0 la crise : La CAPC plaide pour le gel imm\u00e9diat des p\u00e9nalit\u00e9s"},"content":{"rendered":"\n<p>&nbsp;Saluant l\u2019\u00e9lan de solidarit\u00e9 national qui a marqu\u00e9 les derniers incendies qui ont ravag\u00e9 plusieurs wilayas du pays et fait des d\u00e9g\u00e2ts immenses tant sur le plan humain que mat\u00e9riel, le pr\u00e9sident de la Conf\u00e9d\u00e9ration alg\u00e9rienne du patronat citoyen (CAPC), Sami Agli a not\u00e9 hier lundi&nbsp; lors de son passage sur les ondes de la Radio nationale Chaine 3 que \u00ab la solidarit\u00e9 du patronat est act\u00e9e et celui-ci pr\u00e9sent en force aux c\u00f4t\u00e9s des citoyens alg\u00e9riens qui ont montr\u00e9 un \u00e9lan de solidarit\u00e9 qui a \u00e9merveill\u00e9 le monde \u00bb.&nbsp; Le patronat, ajoute-t-il, s\u2019est mobilis\u00e9 \u00e9tant citoyen avant tout \u00e0 travers des dizaines d\u2019op\u00e9rations dont le slogan \u00e9tait \u00ab solidarit\u00e9, union et aide \u00bb.Pour le pr\u00e9sident de la CAPC, \u00ab aujourd\u2019hui, le caract\u00e8re citoyen de l\u2019entreprise doit \u00eatre dans les faits et non dans les slogans \u00bb, pr\u00e9cisant que \u00ab le souci des entreprises est double en cette p\u00e9riode, car il faut d\u2019abord aider les r\u00e9gions touch\u00e9es et surtout maintenir la fourniture du march\u00e9 de mani\u00e8re r\u00e9guli\u00e8rement pour que ce dernier ne soit pas d\u00e9stabilis\u00e9 par la situation sanitaire li\u00e9e au covid-19 et les derniers incendies \u00bb.&nbsp; L\u2019intervenant n\u2019a pas non plus pas omis de noter que l\u2019outil de production a \u00e9t\u00e9 maintenu durant la crise et parfois la cadence de production a d\u00fb \u00eatre doubl\u00e9e afin de r\u00e9pondre aux besoins urgents.Dans ce m\u00eame ordre d\u2019id\u00e9e, Sami Aglia rappel\u00e9 que le patronat a toujours \u00e9t\u00e9 l\u00e0 dans les moments difficiles. \u00ab L\u2019ann\u00e9e pass\u00e9e d\u00e9j\u00e0, nos entreprises ont produit des milliers de masques qu\u2019elles ont distribu\u00e9s gratuitement \u00bb. R\u00e9cemment, ajoute-t-il, \u00ab&nbsp;la crise de l\u2019oxyg\u00e8ne a montr\u00e9 la solidarit\u00e9 totale de nos membres qui se sont mobilis\u00e9s d\u00e8s le premier appel pour fournir plus de 100.000 litres par jour d\u2019oxyg\u00e8ne pendant les premi\u00e8res semaines avant de descendre \u00e0 50.000 litres \u00bb, citant l\u2019exemple de l\u2019entreprise Maghreb emballage qui a adapt\u00e9 son usine \u00e0 fabrication de cartons et de lits \u00e0 cartons pour fournir plus de douze wilayas. Les entreprises, ajoute M. Agli, continuent de distribuer des g\u00e9n\u00e9rateurs d\u2019oxyg\u00e8ne.<\/p>\n\n\n\n<p>Par ailleurs, pour l\u2019intervenant, la crise multidimensionnelle que nous vivons, aggrav\u00e9e par les incendies actuels, fait que les petites entreprises qui forment 95% du tissu industriel national ne peuvent pas faire face aux difficult\u00e9s induites engendrant des fermetures et ainsi des pertes d\u2019emplois. Cette situation, estime M. Agli, appelle \u00e0 des r\u00e9formes profondes et courageuses. Il plaide notamment pour une amnistie fiscale qui, dit-il, n\u2019est pas demand\u00e9e pour toutes les entreprises mais juste par les PME g\u00e9r\u00e9es essentiellement par les jeunes. Il citera l\u2019exemple du secteur des services, du BTPH et du tourisme. A cet effet justement, le pr\u00e9sident de la CAPC a \u00e9voqu\u00e9 le r\u00f4le des banques d\u00e9plorant que des p\u00e9nalit\u00e9s tombent sur des entreprises pour le non paiement des charges dans une conjoncture pareille plaidant pour un gel imm\u00e9diat des p\u00e9nalit\u00e9s et la prise en charge des int\u00e9r\u00eats bancaires par le Tr\u00e9sor public.<\/p>\n\n\n\n<p>Enfin, le pr\u00e9sident de la Conf\u00e9d\u00e9ration alg\u00e9rienne du patronat citoyen a plaid\u00e9 pour des mesures d\u2019aides en vue de sauvegarder le tissu national d\u2019entreprises arguant que les guerres d\u2019aujourd\u2019hui sont \u00e9conomiques &nbsp;et que les entreprises fortes font un pays fort. Ce qui, conclut-il, n\u00e9cessite d\u2019aller vite dans les r\u00e9formes et les changements annonc\u00e9s.&nbsp;<\/p>\n\n\n\n<p><strong>Kamel Nait Ameur<\/strong><\/p>\n","protected":false},"excerpt":{"rendered":"<p>&nbsp;Saluant l\u2019\u00e9lan de solidarit\u00e9 national qui a marqu\u00e9 les derniers incendies qui ont ravag\u00e9 plusieurs wilayas du pays et fait<\/p>\n","protected":false},"author":3,"featured_media":4437,"comment_status":"open","ping_status":"closed","sticky":false,"template":"","format":"standard","meta":{"colormag_page_container_layout":"default_layout","colormag_page_sidebar_layout":"default_layout","om_disable_all_campaigns":false,"_monsterinsights_skip_tracking":false,"_monsterinsights_sitenote_active":false,"_monsterinsights_sitenote_note":"","_monsterinsights_sitenote_category":0,"footnotes":"","_wpscppro_dont_share_socialmedia":false,"_wpscppro_custom_social_share_image":0,"_facebook_share_type":"","_twitter_share_type":"","_linkedin_share_type":"","_pinterest_share_type":"","_linkedin_share_type_page":"","_instagram_share_type":"","_medium_share_type":"","_threads_share_type":"","_google_business_share_type":"","_selected_social_profile":[],"_wpsp_enable_custom_social_template":false,"_wpsp_social_scheduling":{"enabled":false,"datetime":null,"platforms":[],"status":"template_only","dateOption":"today","timeOption":"now","customDays":"","customHours":"","customDate":"","customTime":"","schedulingType":"absolute"},"_wpsp_active_default_template":true},"categories":[29],"tags":[],"class_list":["post-4426","post","type-post","status-publish","format-standard","has-post-thumbnail","hentry","category-economie"],"aioseo_notices":[],"yoast_head":"<!-- This site is optimized with the Yoast SEO plugin v27.5 - https:\/\/yoast.com\/product\/yoast-seo-wordpress\/ -->\n<title>Pour aider les PME \u00e0 faire face \u00e0 la crise : La CAPC plaide pour le gel imm\u00e9diat des p\u00e9nalit\u00e9s - La Sentinelle<\/title>\n<meta name=\"robots\" content=\"index, follow, max-snippet:-1, max-image-preview:large, max-video-preview:-1\" \/>\n<link rel=\"canonical\" href=\"https:\/\/lasentinelle.dz\/index.php\/2021\/08\/16\/pour-aider-les-pme-a-faire-face-a-la-crise-la-capc-plaide-pour-le-gel-immediat-des-penalites\/\" \/>\n<meta property=\"og:locale\" content=\"fr_FR\" \/>\n<meta property=\"og:type\" content=\"article\" \/>\n<meta property=\"og:title\" content=\"Pour aider les PME \u00e0 faire face \u00e0 la crise : La CAPC plaide pour le gel imm\u00e9diat des p\u00e9nalit\u00e9s - La Sentinelle\" \/>\n<meta property=\"og:description\" content=\"&nbsp;Saluant l\u2019\u00e9lan de solidarit\u00e9 national qui a marqu\u00e9 les derniers incendies qui ont ravag\u00e9 plusieurs wilayas du pays et fait\" \/>\n<meta property=\"og:url\" content=\"https:\/\/lasentinelle.dz\/index.php\/2021\/08\/16\/pour-aider-les-pme-a-faire-face-a-la-crise-la-capc-plaide-pour-le-gel-immediat-des-penalites\/\" \/>\n<meta property=\"og:site_name\" content=\"La Sentinelle\" \/>\n<meta property=\"article:publisher\" content=\"https:\/\/www.facebook.com\/La-Sentinelle-104059864394773\" \/>\n<meta property=\"article:published_time\" content=\"2021-08-16T22:50:00+00:00\" \/>\n<meta property=\"article:modified_time\" content=\"2021-08-17T13:53:36+00:00\" \/>\n<meta property=\"og:image\" content=\"https:\/\/lasentinelle.dz\/wp-content\/uploads\/2021\/08\/image_2021-08-16_172940.png\" \/>\n\t<meta property=\"og:image:width\" content=\"580\" \/>\n\t<meta property=\"og:image:height\" content=\"350\" \/>\n\t<meta property=\"og:image:type\" content=\"image\/png\" \/>\n<meta name=\"author\" content=\"La Sentinelle\" \/>\n<meta name=\"twitter:card\" content=\"summary_large_image\" \/>\n<meta name=\"twitter:label1\" content=\"\u00c9crit par\" \/>\n\t<meta name=\"twitter:data1\" content=\"La Sentinelle\" \/>\n\t<meta name=\"twitter:label2\" content=\"Dur\u00e9e de lecture estim\u00e9e\" \/>\n\t<meta name=\"twitter:data2\" content=\"3 minutes\" \/>\n<script type=\"application\/ld+json\" class=\"yoast-schema-graph\">{\"@context\":\"https:\\\/\\\/schema.org\",\"@graph\":[{\"@type\":\"Article\",\"@id\":\"https:\\\/\\\/lasentinelle.dz\\\/index.php\\\/2021\\\/08\\\/16\\\/pour-aider-les-pme-a-faire-face-a-la-crise-la-capc-plaide-pour-le-gel-immediat-des-penalites\\\/#article\",\"isPartOf\":{\"@id\":\"https:\\\/\\\/lasentinelle.dz\\\/index.php\\\/2021\\\/08\\\/16\\\/pour-aider-les-pme-a-faire-face-a-la-crise-la-capc-plaide-pour-le-gel-immediat-des-penalites\\\/\"},\"author\":{\"name\":\"La Sentinelle\",\"@id\":\"https:\\\/\\\/lasentinelle.dz\\\/#\\\/schema\\\/person\\\/d865044e22e70a75174ce8bcad3acfb3\"},\"headline\":\"Pour aider les PME \u00e0 faire face \u00e0 la crise : La CAPC plaide pour le gel imm\u00e9diat des p\u00e9nalit\u00e9s\",\"datePublished\":\"2021-08-16T22:50:00+00:00\",\"dateModified\":\"2021-08-17T13:53:36+00:00\",\"mainEntityOfPage\":{\"@id\":\"https:\\\/\\\/lasentinelle.dz\\\/index.php\\\/2021\\\/08\\\/16\\\/pour-aider-les-pme-a-faire-face-a-la-crise-la-capc-plaide-pour-le-gel-immediat-des-penalites\\\/\"},\"wordCount\":637,\"commentCount\":0,\"publisher\":{\"@id\":\"https:\\\/\\\/lasentinelle.dz\\\/#organization\"},\"image\":{\"@id\":\"https:\\\/\\\/lasentinelle.dz\\\/index.php\\\/2021\\\/08\\\/16\\\/pour-aider-les-pme-a-faire-face-a-la-crise-la-capc-plaide-pour-le-gel-immediat-des-penalites\\\/#primaryimage\"},\"thumbnailUrl\":\"https:\\\/\\\/lasentinelle.dz\\\/wp-content\\\/uploads\\\/2021\\\/08\\\/image_2021-08-16_172940.png\",\"articleSection\":[\"\u00c9conomie\"],\"inLanguage\":\"fr-FR\",\"potentialAction\":[{\"@type\":\"CommentAction\",\"name\":\"Comment\",\"target\":[\"https:\\\/\\\/lasentinelle.dz\\\/index.php\\\/2021\\\/08\\\/16\\\/pour-aider-les-pme-a-faire-face-a-la-crise-la-capc-plaide-pour-le-gel-immediat-des-penalites\\\/#respond\"]}]},{\"@type\":\"WebPage\",\"@id\":\"https:\\\/\\\/lasentinelle.dz\\\/index.php\\\/2021\\\/08\\\/16\\\/pour-aider-les-pme-a-faire-face-a-la-crise-la-capc-plaide-pour-le-gel-immediat-des-penalites\\\/\",\"url\":\"https:\\\/\\\/lasentinelle.dz\\\/index.php\\\/2021\\\/08\\\/16\\\/pour-aider-les-pme-a-faire-face-a-la-crise-la-capc-plaide-pour-le-gel-immediat-des-penalites\\\/\",\"name\":\"Pour aider les PME \u00e0 faire face \u00e0 la crise : La CAPC plaide pour le gel imm\u00e9diat des p\u00e9nalit\u00e9s - La Sentinelle\",\"isPartOf\":{\"@id\":\"https:\\\/\\\/lasentinelle.dz\\\/#website\"},\"primaryImageOfPage\":{\"@id\":\"https:\\\/\\\/lasentinelle.dz\\\/index.php\\\/2021\\\/08\\\/16\\\/pour-aider-les-pme-a-faire-face-a-la-crise-la-capc-plaide-pour-le-gel-immediat-des-penalites\\\/#primaryimage\"},\"image\":{\"@id\":\"https:\\\/\\\/lasentinelle.dz\\\/index.php\\\/2021\\\/08\\\/16\\\/pour-aider-les-pme-a-faire-face-a-la-crise-la-capc-plaide-pour-le-gel-immediat-des-penalites\\\/#primaryimage\"},\"thumbnailUrl\":\"https:\\\/\\\/lasentinelle.dz\\\/wp-content\\\/uploads\\\/2021\\\/08\\\/image_2021-08-16_172940.png\",\"datePublished\":\"2021-08-16T22:50:00+00:00\",\"dateModified\":\"2021-08-17T13:53:36+00:00\",\"breadcrumb\":{\"@id\":\"https:\\\/\\\/lasentinelle.dz\\\/index.php\\\/2021\\\/08\\\/16\\\/pour-aider-les-pme-a-faire-face-a-la-crise-la-capc-plaide-pour-le-gel-immediat-des-penalites\\\/#breadcrumb\"},\"inLanguage\":\"fr-FR\",\"potentialAction\":[{\"@type\":\"ReadAction\",\"target\":[\"https:\\\/\\\/lasentinelle.dz\\\/index.php\\\/2021\\\/08\\\/16\\\/pour-aider-les-pme-a-faire-face-a-la-crise-la-capc-plaide-pour-le-gel-immediat-des-penalites\\\/\"]}]},{\"@type\":\"ImageObject\",\"inLanguage\":\"fr-FR\",\"@id\":\"https:\\\/\\\/lasentinelle.dz\\\/index.php\\\/2021\\\/08\\\/16\\\/pour-aider-les-pme-a-faire-face-a-la-crise-la-capc-plaide-pour-le-gel-immediat-des-penalites\\\/#primaryimage\",\"url\":\"https:\\\/\\\/lasentinelle.dz\\\/wp-content\\\/uploads\\\/2021\\\/08\\\/image_2021-08-16_172940.png\",\"contentUrl\":\"https:\\\/\\\/lasentinelle.dz\\\/wp-content\\\/uploads\\\/2021\\\/08\\\/image_2021-08-16_172940.png\",\"width\":580,\"height\":350},{\"@type\":\"BreadcrumbList\",\"@id\":\"https:\\\/\\\/lasentinelle.dz\\\/index.php\\\/2021\\\/08\\\/16\\\/pour-aider-les-pme-a-faire-face-a-la-crise-la-capc-plaide-pour-le-gel-immediat-des-penalites\\\/#breadcrumb\",\"itemListElement\":[{\"@type\":\"ListItem\",\"position\":1,\"name\":\"Accueil\",\"item\":\"https:\\\/\\\/lasentinelle.dz\\\/\"},{\"@type\":\"ListItem\",\"position\":2,\"name\":\"Pour aider les PME \u00e0 faire face \u00e0 la crise : La CAPC plaide pour le gel imm\u00e9diat des p\u00e9nalit\u00e9s\"}]},{\"@type\":\"WebSite\",\"@id\":\"https:\\\/\\\/lasentinelle.dz\\\/#website\",\"url\":\"https:\\\/\\\/lasentinelle.dz\\\/\",\"name\":\"La Sentinelle\",\"description\":\"Quotidien national d&#039;information\",\"publisher\":{\"@id\":\"https:\\\/\\\/lasentinelle.dz\\\/#organization\"},\"potentialAction\":[{\"@type\":\"SearchAction\",\"target\":{\"@type\":\"EntryPoint\",\"urlTemplate\":\"https:\\\/\\\/lasentinelle.dz\\\/?s={search_term_string}\"},\"query-input\":{\"@type\":\"PropertyValueSpecification\",\"valueRequired\":true,\"valueName\":\"search_term_string\"}}],\"inLanguage\":\"fr-FR\"},{\"@type\":\"Organization\",\"@id\":\"https:\\\/\\\/lasentinelle.dz\\\/#organization\",\"name\":\"Quotidien La Sentinelle\",\"url\":\"https:\\\/\\\/lasentinelle.dz\\\/\",\"logo\":{\"@type\":\"ImageObject\",\"inLanguage\":\"fr-FR\",\"@id\":\"https:\\\/\\\/lasentinelle.dz\\\/#\\\/schema\\\/logo\\\/image\\\/\",\"url\":\"https:\\\/\\\/lasentinelle.dz\\\/wp-content\\\/uploads\\\/2021\\\/09\\\/logo-sentinelleSLOGAN-1.png\",\"contentUrl\":\"https:\\\/\\\/lasentinelle.dz\\\/wp-content\\\/uploads\\\/2021\\\/09\\\/logo-sentinelleSLOGAN-1.png\",\"width\":615,\"height\":142,\"caption\":\"Quotidien La Sentinelle\"},\"image\":{\"@id\":\"https:\\\/\\\/lasentinelle.dz\\\/#\\\/schema\\\/logo\\\/image\\\/\"},\"sameAs\":[\"https:\\\/\\\/www.facebook.com\\\/La-Sentinelle-104059864394773\"]},{\"@type\":\"Person\",\"@id\":\"https:\\\/\\\/lasentinelle.dz\\\/#\\\/schema\\\/person\\\/d865044e22e70a75174ce8bcad3acfb3\",\"name\":\"La Sentinelle\",\"image\":{\"@type\":\"ImageObject\",\"inLanguage\":\"fr-FR\",\"@id\":\"https:\\\/\\\/secure.gravatar.com\\\/avatar\\\/57de8e5d4b15d43fb361a71fbb36338450fe67865b528a43dd10ef7c51a20392?s=96&d=mm&r=g\",\"url\":\"https:\\\/\\\/secure.gravatar.com\\\/avatar\\\/57de8e5d4b15d43fb361a71fbb36338450fe67865b528a43dd10ef7c51a20392?s=96&d=mm&r=g\",\"contentUrl\":\"https:\\\/\\\/secure.gravatar.com\\\/avatar\\\/57de8e5d4b15d43fb361a71fbb36338450fe67865b528a43dd10ef7c51a20392?s=96&d=mm&r=g\",\"caption\":\"La Sentinelle\"},\"sameAs\":[\"http:\\\/\\\/www.lasentinelle.dz\"],\"url\":\"https:\\\/\\\/lasentinelle.dz\\\/author\\\/redaction\\\/\"}]}<\/script>\n<!-- \/ Yoast SEO plugin. -->","yoast_head_json":{"title":"Pour aider les PME \u00e0 faire face \u00e0 la crise : La CAPC plaide pour le gel imm\u00e9diat des p\u00e9nalit\u00e9s - La Sentinelle","robots":{"index":"index","follow":"follow","max-snippet":"max-snippet:-1","max-image-preview":"max-image-preview:large","max-video-preview":"max-video-preview:-1"},"canonical":"https:\/\/lasentinelle.dz\/index.php\/2021\/08\/16\/pour-aider-les-pme-a-faire-face-a-la-crise-la-capc-plaide-pour-le-gel-immediat-des-penalites\/","og_locale":"fr_FR","og_type":"article","og_title":"Pour aider les PME \u00e0 faire face \u00e0 la crise : La CAPC plaide pour le gel imm\u00e9diat des p\u00e9nalit\u00e9s - La Sentinelle","og_description":"&nbsp;Saluant l\u2019\u00e9lan de solidarit\u00e9 national qui a marqu\u00e9 les derniers incendies qui ont ravag\u00e9 plusieurs wilayas du pays et fait","og_url":"https:\/\/lasentinelle.dz\/index.php\/2021\/08\/16\/pour-aider-les-pme-a-faire-face-a-la-crise-la-capc-plaide-pour-le-gel-immediat-des-penalites\/","og_site_name":"La Sentinelle","article_publisher":"https:\/\/www.facebook.com\/La-Sentinelle-104059864394773","article_published_time":"2021-08-16T22:50:00+00:00","article_modified_time":"2021-08-17T13:53:36+00:00","og_image":[{"width":580,"height":350,"url":"https:\/\/lasentinelle.dz\/wp-content\/uploads\/2021\/08\/image_2021-08-16_172940.png","type":"image\/png"}],"author":"La Sentinelle","twitter_card":"summary_large_image","twitter_misc":{"\u00c9crit par":"La Sentinelle","Dur\u00e9e de lecture estim\u00e9e":"3 minutes"},"schema":{"@context":"https:\/\/schema.org","@graph":[{"@type":"Article","@id":"https:\/\/lasentinelle.dz\/index.php\/2021\/08\/16\/pour-aider-les-pme-a-faire-face-a-la-crise-la-capc-plaide-pour-le-gel-immediat-des-penalites\/#article","isPartOf":{"@id":"https:\/\/lasentinelle.dz\/index.php\/2021\/08\/16\/pour-aider-les-pme-a-faire-face-a-la-crise-la-capc-plaide-pour-le-gel-immediat-des-penalites\/"},"author":{"name":"La Sentinelle","@id":"https:\/\/lasentinelle.dz\/#\/schema\/person\/d865044e22e70a75174ce8bcad3acfb3"},"headline":"Pour aider les PME \u00e0 faire face \u00e0 la crise : La CAPC plaide pour le gel imm\u00e9diat des p\u00e9nalit\u00e9s","datePublished":"2021-08-16T22:50:00+00:00","dateModified":"2021-08-17T13:53:36+00:00","mainEntityOfPage":{"@id":"https:\/\/lasentinelle.dz\/index.php\/2021\/08\/16\/pour-aider-les-pme-a-faire-face-a-la-crise-la-capc-plaide-pour-le-gel-immediat-des-penalites\/"},"wordCount":637,"commentCount":0,"publisher":{"@id":"https:\/\/lasentinelle.dz\/#organization"},"image":{"@id":"https:\/\/lasentinelle.dz\/index.php\/2021\/08\/16\/pour-aider-les-pme-a-faire-face-a-la-crise-la-capc-plaide-pour-le-gel-immediat-des-penalites\/#primaryimage"},"thumbnailUrl":"https:\/\/lasentinelle.dz\/wp-content\/uploads\/2021\/08\/image_2021-08-16_172940.png","articleSection":["\u00c9conomie"],"inLanguage":"fr-FR","potentialAction":[{"@type":"CommentAction","name":"Comment","target":["https:\/\/lasentinelle.dz\/index.php\/2021\/08\/16\/pour-aider-les-pme-a-faire-face-a-la-crise-la-capc-plaide-pour-le-gel-immediat-des-penalites\/#respond"]}]},{"@type":"WebPage","@id":"https:\/\/lasentinelle.dz\/index.php\/2021\/08\/16\/pour-aider-les-pme-a-faire-face-a-la-crise-la-capc-plaide-pour-le-gel-immediat-des-penalites\/","url":"https:\/\/lasentinelle.dz\/index.php\/2021\/08\/16\/pour-aider-les-pme-a-faire-face-a-la-crise-la-capc-plaide-pour-le-gel-immediat-des-penalites\/","name":"Pour aider les PME \u00e0 faire face \u00e0 la crise : La CAPC plaide pour le gel imm\u00e9diat des p\u00e9nalit\u00e9s - La Sentinelle","isPartOf":{"@id":"https:\/\/lasentinelle.dz\/#website"},"primaryImageOfPage":{"@id":"https:\/\/lasentinelle.dz\/index.php\/2021\/08\/16\/pour-aider-les-pme-a-faire-face-a-la-crise-la-capc-plaide-pour-le-gel-immediat-des-penalites\/#primaryimage"},"image":{"@id":"https:\/\/lasentinelle.dz\/index.php\/2021\/08\/16\/pour-aider-les-pme-a-faire-face-a-la-crise-la-capc-plaide-pour-le-gel-immediat-des-penalites\/#primaryimage"},"thumbnailUrl":"https:\/\/lasentinelle.dz\/wp-content\/uploads\/2021\/08\/image_2021-08-16_172940.png","datePublished":"2021-08-16T22:50:00+00:00","dateModified":"2021-08-17T13:53:36+00:00","breadcrumb":{"@id":"https:\/\/lasentinelle.dz\/index.php\/2021\/08\/16\/pour-aider-les-pme-a-faire-face-a-la-crise-la-capc-plaide-pour-le-gel-immediat-des-penalites\/#breadcrumb"},"inLanguage":"fr-FR","potentialAction":[{"@type":"ReadAction","target":["https:\/\/lasentinelle.dz\/index.php\/2021\/08\/16\/pour-aider-les-pme-a-faire-face-a-la-crise-la-capc-plaide-pour-le-gel-immediat-des-penalites\/"]}]},{"@type":"ImageObject","inLanguage":"fr-FR","@id":"https:\/\/lasentinelle.dz\/index.php\/2021\/08\/16\/pour-aider-les-pme-a-faire-face-a-la-crise-la-capc-plaide-pour-le-gel-immediat-des-penalites\/#primaryimage","url":"https:\/\/lasentinelle.dz\/wp-content\/uploads\/2021\/08\/image_2021-08-16_172940.png","contentUrl":"https:\/\/lasentinelle.dz\/wp-content\/uploads\/2021\/08\/image_2021-08-16_172940.png","width":580,"height":350},{"@type":"BreadcrumbList","@id":"https:\/\/lasentinelle.dz\/index.php\/2021\/08\/16\/pour-aider-les-pme-a-faire-face-a-la-crise-la-capc-plaide-pour-le-gel-immediat-des-penalites\/#breadcrumb","itemListElement":[{"@type":"ListItem","position":1,"name":"Accueil","item":"https:\/\/lasentinelle.dz\/"},{"@type":"ListItem","position":2,"name":"Pour aider les PME \u00e0 faire face \u00e0 la crise : La CAPC plaide pour le gel imm\u00e9diat des p\u00e9nalit\u00e9s"}]},{"@type":"WebSite","@id":"https:\/\/lasentinelle.dz\/#website","url":"https:\/\/lasentinelle.dz\/","name":"La Sentinelle","description":"Quotidien national d&#039;information","publisher":{"@id":"https:\/\/lasentinelle.dz\/#organization"},"potentialAction":[{"@type":"SearchAction","target":{"@type":"EntryPoint","urlTemplate":"https:\/\/lasentinelle.dz\/?s={search_term_string}"},"query-input":{"@type":"PropertyValueSpecification","valueRequired":true,"valueName":"search_term_string"}}],"inLanguage":"fr-FR"},{"@type":"Organization","@id":"https:\/\/lasentinelle.dz\/#organization","name":"Quotidien La Sentinelle","url":"https:\/\/lasentinelle.dz\/","logo":{"@type":"ImageObject","inLanguage":"fr-FR","@id":"https:\/\/lasentinelle.dz\/#\/schema\/logo\/image\/","url":"https:\/\/lasentinelle.dz\/wp-content\/uploads\/2021\/09\/logo-sentinelleSLOGAN-1.png","contentUrl":"https:\/\/lasentinelle.dz\/wp-content\/uploads\/2021\/09\/logo-sentinelleSLOGAN-1.png","width":615,"height":142,"caption":"Quotidien La Sentinelle"},"image":{"@id":"https:\/\/lasentinelle.dz\/#\/schema\/logo\/image\/"},"sameAs":["https:\/\/www.facebook.com\/La-Sentinelle-104059864394773"]},{"@type":"Person","@id":"https:\/\/lasentinelle.dz\/#\/schema\/person\/d865044e22e70a75174ce8bcad3acfb3","name":"La Sentinelle","image":{"@type":"ImageObject","inLanguage":"fr-FR","@id":"https:\/\/secure.gravatar.com\/avatar\/57de8e5d4b15d43fb361a71fbb36338450fe67865b528a43dd10ef7c51a20392?s=96&d=mm&r=g","url":"https:\/\/secure.gravatar.com\/avatar\/57de8e5d4b15d43fb361a71fbb36338450fe67865b528a43dd10ef7c51a20392?s=96&d=mm&r=g","contentUrl":"https:\/\/secure.gravatar.com\/avatar\/57de8e5d4b15d43fb361a71fbb36338450fe67865b528a43dd10ef7c51a20392?s=96&d=mm&r=g","caption":"La Sentinelle"},"sameAs":["http:\/\/www.lasentinelle.dz"],"url":"https:\/\/lasentinelle.dz\/author\/redaction\/"}]}},"_links":{"self":[{"href":"https:\/\/lasentinelle.dz\/index.php\/wp-json\/wp\/v2\/posts\/4426","targetHints":{"allow":["GET"]}}],"collection":[{"href":"https:\/\/lasentinelle.dz\/index.php\/wp-json\/wp\/v2\/posts"}],"about":[{"href":"https:\/\/lasentinelle.dz\/index.php\/wp-json\/wp\/v2\/types\/post"}],"author":[{"embeddable":true,"href":"https:\/\/lasentinelle.dz\/index.php\/wp-json\/wp\/v2\/users\/3"}],"replies":[{"embeddable":true,"href":"https:\/\/lasentinelle.dz\/index.php\/wp-json\/wp\/v2\/comments?post=4426"}],"version-history":[{"count":1,"href":"https:\/\/lasentinelle.dz\/index.php\/wp-json\/wp\/v2\/posts\/4426\/revisions"}],"predecessor-version":[{"id":4438,"href":"https:\/\/lasentinelle.dz\/index.php\/wp-json\/wp\/v2\/posts\/4426\/revisions\/4438"}],"wp:featuredmedia":[{"embeddable":true,"href":"https:\/\/lasentinelle.dz\/index.php\/wp-json\/wp\/v2\/media\/4437"}],"wp:attachment":[{"href":"https:\/\/lasentinelle.dz\/index.php\/wp-json\/wp\/v2\/media?parent=4426"}],"wp:term":[{"taxonomy":"category","embeddable":true,"href":"https:\/\/lasentinelle.dz\/index.php\/wp-json\/wp\/v2\/categories?post=4426"},{"taxonomy":"post_tag","embeddable":true,"href":"https:\/\/lasentinelle.dz\/index.php\/wp-json\/wp\/v2\/tags?post=4426"}],"curies":[{"name":"wp","href":"https:\/\/api.w.org\/{rel}","templated":true}]}}