{"id":44261,"date":"2023-08-02T22:04:24","date_gmt":"2023-08-02T21:04:24","guid":{"rendered":"https:\/\/lasentinelle.dz\/?p=44261"},"modified":"2023-08-02T22:04:27","modified_gmt":"2023-08-02T21:04:27","slug":"reunion-de-lopep-demain-vers-le-maintien-du-statu-quo","status":"publish","type":"post","link":"https:\/\/lasentinelle.dz\/index.php\/2023\/08\/02\/reunion-de-lopep-demain-vers-le-maintien-du-statu-quo\/","title":{"rendered":"R\u00e9union de l\u2019Opep+ demain\u00a0: Vers le maintien du statu quo"},"content":{"rendered":"\n<p>La r\u00e9union du comit\u00e9 minist\u00e9riel conjoint de suivi de l\u2019accord Opep + pr\u00e9vue demain ne devrait pas, selon toute vraisemblance aboutir \u00e0 des changements dans la politique actuelle de l\u2019alliance. Les march\u00e9s restent cependant centr\u00e9s sur les d\u00e9cisions unilat\u00e9rales que pourraient annoncer les gros producteurs de l\u2019alliance, particuli\u00e8rement l\u2019Arabie saoudite.<\/p>\n\n\n\n<p>Les ministres de l\u2019Organisation des pays exportateurs de p\u00e9trole et leurs alli\u00e9s non-Opep devraient se retrouver demain pour discuter de l\u2019\u00e9volution du march\u00e9 au regard des d\u00e9cisions prises pour stabiliser le march\u00e9, ainsi que pour se pencher le degr\u00e9 de respect des engagements pris. Une r\u00e9union qui ne devrait pas apporter de changement majeur \u00e0 la politique actuelle de l\u2019offre de p\u00e9trole adopt\u00e9e par les producteurs signataires de la D\u00e9claration de coop\u00e9ration. Selon l\u2019agence de presse britannique Reuters qui cite six sources de l\u2019Opep+, le Comit\u00e9 de suivi minist\u00e9riel conjoint ne devrait probablement apporter aucun changement \u00e0 la politique actuelle lors de la r\u00e9union pr\u00e9vue par visioconf\u00e9rence. Il est vrai que le JMMC se penche par essence sur l\u2019\u00e9valuation technique du march\u00e9 pour formuler aux r\u00e9unions plus larges qui elles sont habilit\u00e9es \u00e0 discuter des politiques \u00e0 suivre en mati\u00e8re d\u2019offre. C\u2019est ce qui justifie la perspective d\u2019un maintien de la politique actuelle de l\u2019Opep+. Le JMMC peut cependant convoquer une r\u00e9union compl\u00e8te de l&rsquo;OPEP+ si n\u00e9cessaire.<\/p>\n\n\n\n<p>Le march\u00e9 semble cependant certains que ce ne sera pas le cas. D\u2019ailleurs, Reuters rappelle les propos tenus, il y a quelques jours par le ministre \u00e9mirati de l\u2019\u00c9nergie qui a d\u00e9clar\u00e9 que les actions actuelles de l&rsquo;Opep+ \u00e9taient suffisantes pour le moment et que le groupe \u00e9tait \u00ab\u00a0\u00e0 seulement un coup de t\u00e9l\u00e9phone\u00a0\u00bb s&rsquo;il fallait prendre d&rsquo;autres mesures. Toutefois, souligne-t-on, une surprise n&rsquo;est pas exclue. Le fait est que le ministre saoudien a d\u00e9clar\u00e9 en juillet que l&rsquo;Opep+ continuerait \u00e0 \u00ab\u00a0surprendre les march\u00e9s\u00a0\u00bb.<\/p>\n\n\n\n<p>Pour l\u2019heure, les march\u00e9s scrutent les d\u00e9cisions unilat\u00e9rales qui risquent d\u2019\u00eatre annonc\u00e9es dans le sillage de cette r\u00e9union comme ce fut le cas en avril et en juin. Pour rappel, au mois d\u2019avril dernier, plusieurs membres de l\u2019Opep, dont l\u2019Alg\u00e9rie, avait annonc\u00e9 des coupes volontaires globales de 1,16 million barils\/jour dont 500.000 barils\/jour pour l\u2019Arabie saudite. Au mois de juin, Ryad avait annonc\u00e9 l\u2019\u00e9largissement de cette coupe \u00e0 1 million de barils\/jour d\u00e8s juillet, tandis que la Russie a fait part d\u2019une baisse des exportations de 500.000 barils\/jour. L\u2019Alg\u00e9rie avait \u00e9galement pris part \u00e0 la d\u00e9marche en annon\u00e7ant une nouvelle coupe de production.<\/p>\n\n\n\n<p>Les march\u00e9s scrutent la d\u00e9cision de l\u2019Arabie saoudite et s\u2019attendent \u00e0 ce qu\u2019elle prolonge ses coupes volontaires. Des analystes ont d\u00e9clar\u00e9 \u00e0 Reuters la semaine derni\u00e8re qu&rsquo;ils s&rsquo;attendaient \u00e0 ce que l&rsquo;Arabie saoudite prolonge la r\u00e9duction volontaire d&rsquo;un mois suppl\u00e9mentaire pour inclure septembre.<\/p>\n\n\n\n<p>Sur le march\u00e9, les mesures prises permettent de maintenir les cours \u00e0 un certain niveau. Hier, les cours ont enregistr\u00e9 une nouvelle hausse, boost\u00e9s notamment par les chiffres de la baisse de la production de l\u2019Opep. &nbsp;Vers 10H10 GMT, le baril de Brent de la mer du Nord, pour livraison en octobre, prenait 0,60% \u00e0 85,42 dollars. Son \u00e9quivalent am\u00e9ricain, le baril de West Texas Intermediate (WTI), pour livraison en septembre, gagnait 0,66% \u00e0 81,91 dollars. Les deux r\u00e9f\u00e9rences mondiales de l&rsquo;or noir ont toutes les deux atteint mercredi leur plus haut niveau en plus de trois mois. L&rsquo;OPEP (l&rsquo;Organisation des pays exportateurs de p\u00e9trole) a \u00ab\u00a0enregistr\u00e9 une baisse de la production de quelque 900.000 barils par jour selon une enqu\u00eate de Bloomberg, la majorit\u00e9 de cette baisse provenant, sans surprise, de l&rsquo;Arabie saoudite\u00a0\u00bb, souligne John Evans, analyste chez PVM Energy.<\/p>\n\n\n\n<p><strong>Sabrina Azouiez<\/strong><\/p>\n","protected":false},"excerpt":{"rendered":"<p>La r\u00e9union du comit\u00e9 minist\u00e9riel conjoint de suivi de l\u2019accord Opep + pr\u00e9vue demain ne devrait pas, selon toute vraisemblance<\/p>\n","protected":false},"author":3,"featured_media":28917,"comment_status":"open","ping_status":"closed","sticky":false,"template":"","format":"standard","meta":{"colormag_page_container_layout":"default_layout","colormag_page_sidebar_layout":"default_layout","om_disable_all_campaigns":false,"_monsterinsights_skip_tracking":false,"_monsterinsights_sitenote_active":false,"_monsterinsights_sitenote_note":"","_monsterinsights_sitenote_category":0,"footnotes":"","_wpscppro_dont_share_socialmedia":false,"_wpscppro_custom_social_share_image":0,"_facebook_share_type":"","_twitter_share_type":"","_linkedin_share_type":"","_pinterest_share_type":"","_linkedin_share_type_page":"","_instagram_share_type":"","_medium_share_type":"","_threads_share_type":"","_google_business_share_type":"","_selected_social_profile":[],"_wpsp_enable_custom_social_template":false,"_wpsp_social_scheduling":{"enabled":false,"datetime":null,"platforms":[],"status":"template_only","dateOption":"today","timeOption":"now","customDays":"","customHours":"","customDate":"","customTime":"","schedulingType":"absolute"},"_wpsp_active_default_template":true},"categories":[52,29],"tags":[],"class_list":["post-44261","post","type-post","status-publish","format-standard","has-post-thumbnail","hentry","category-a-la-une","category-economie"],"aioseo_notices":[],"yoast_head":"<!-- This site is optimized with the Yoast SEO plugin v27.5 - https:\/\/yoast.com\/product\/yoast-seo-wordpress\/ -->\n<title>R\u00e9union de l\u2019Opep+ demain\u00a0: Vers le maintien du statu quo - La Sentinelle<\/title>\n<meta name=\"robots\" content=\"index, follow, max-snippet:-1, max-image-preview:large, max-video-preview:-1\" \/>\n<link rel=\"canonical\" href=\"https:\/\/lasentinelle.dz\/index.php\/2023\/08\/02\/reunion-de-lopep-demain-vers-le-maintien-du-statu-quo\/\" \/>\n<meta property=\"og:locale\" content=\"fr_FR\" \/>\n<meta property=\"og:type\" content=\"article\" \/>\n<meta property=\"og:title\" content=\"R\u00e9union de l\u2019Opep+ demain\u00a0: Vers le maintien du statu quo - La Sentinelle\" \/>\n<meta property=\"og:description\" content=\"La r\u00e9union du comit\u00e9 minist\u00e9riel conjoint de suivi de l\u2019accord Opep + pr\u00e9vue demain ne devrait pas, selon toute vraisemblance\" \/>\n<meta property=\"og:url\" content=\"https:\/\/lasentinelle.dz\/index.php\/2023\/08\/02\/reunion-de-lopep-demain-vers-le-maintien-du-statu-quo\/\" \/>\n<meta property=\"og:site_name\" content=\"La Sentinelle\" \/>\n<meta property=\"article:publisher\" content=\"https:\/\/www.facebook.com\/La-Sentinelle-104059864394773\" \/>\n<meta property=\"article:published_time\" content=\"2023-08-02T21:04:24+00:00\" \/>\n<meta property=\"article:modified_time\" content=\"2023-08-02T21:04:27+00:00\" \/>\n<meta property=\"og:image\" content=\"https:\/\/lasentinelle.dz\/wp-content\/uploads\/2022\/10\/Opec.png\" \/>\n\t<meta property=\"og:image:width\" content=\"1311\" \/>\n\t<meta property=\"og:image:height\" content=\"900\" \/>\n\t<meta property=\"og:image:type\" content=\"image\/png\" \/>\n<meta name=\"author\" content=\"La Sentinelle\" \/>\n<meta name=\"twitter:card\" content=\"summary_large_image\" \/>\n<meta name=\"twitter:label1\" content=\"\u00c9crit par\" \/>\n\t<meta name=\"twitter:data1\" content=\"La Sentinelle\" \/>\n\t<meta name=\"twitter:label2\" content=\"Dur\u00e9e de lecture estim\u00e9e\" \/>\n\t<meta name=\"twitter:data2\" content=\"4 minutes\" \/>\n<script type=\"application\/ld+json\" class=\"yoast-schema-graph\">{\"@context\":\"https:\\\/\\\/schema.org\",\"@graph\":[{\"@type\":\"Article\",\"@id\":\"https:\\\/\\\/lasentinelle.dz\\\/index.php\\\/2023\\\/08\\\/02\\\/reunion-de-lopep-demain-vers-le-maintien-du-statu-quo\\\/#article\",\"isPartOf\":{\"@id\":\"https:\\\/\\\/lasentinelle.dz\\\/index.php\\\/2023\\\/08\\\/02\\\/reunion-de-lopep-demain-vers-le-maintien-du-statu-quo\\\/\"},\"author\":{\"name\":\"La Sentinelle\",\"@id\":\"https:\\\/\\\/lasentinelle.dz\\\/#\\\/schema\\\/person\\\/d865044e22e70a75174ce8bcad3acfb3\"},\"headline\":\"R\u00e9union de l\u2019Opep+ demain\u00a0: Vers le maintien du statu quo\",\"datePublished\":\"2023-08-02T21:04:24+00:00\",\"dateModified\":\"2023-08-02T21:04:27+00:00\",\"mainEntityOfPage\":{\"@id\":\"https:\\\/\\\/lasentinelle.dz\\\/index.php\\\/2023\\\/08\\\/02\\\/reunion-de-lopep-demain-vers-le-maintien-du-statu-quo\\\/\"},\"wordCount\":678,\"commentCount\":0,\"publisher\":{\"@id\":\"https:\\\/\\\/lasentinelle.dz\\\/#organization\"},\"image\":{\"@id\":\"https:\\\/\\\/lasentinelle.dz\\\/index.php\\\/2023\\\/08\\\/02\\\/reunion-de-lopep-demain-vers-le-maintien-du-statu-quo\\\/#primaryimage\"},\"thumbnailUrl\":\"https:\\\/\\\/lasentinelle.dz\\\/wp-content\\\/uploads\\\/2022\\\/10\\\/Opec.png\",\"articleSection\":[\"\u00c0 la Une\",\"\u00c9conomie\"],\"inLanguage\":\"fr-FR\",\"potentialAction\":[{\"@type\":\"CommentAction\",\"name\":\"Comment\",\"target\":[\"https:\\\/\\\/lasentinelle.dz\\\/index.php\\\/2023\\\/08\\\/02\\\/reunion-de-lopep-demain-vers-le-maintien-du-statu-quo\\\/#respond\"]}]},{\"@type\":\"WebPage\",\"@id\":\"https:\\\/\\\/lasentinelle.dz\\\/index.php\\\/2023\\\/08\\\/02\\\/reunion-de-lopep-demain-vers-le-maintien-du-statu-quo\\\/\",\"url\":\"https:\\\/\\\/lasentinelle.dz\\\/index.php\\\/2023\\\/08\\\/02\\\/reunion-de-lopep-demain-vers-le-maintien-du-statu-quo\\\/\",\"name\":\"R\u00e9union de l\u2019Opep+ demain\u00a0: Vers le maintien du statu quo - La Sentinelle\",\"isPartOf\":{\"@id\":\"https:\\\/\\\/lasentinelle.dz\\\/#website\"},\"primaryImageOfPage\":{\"@id\":\"https:\\\/\\\/lasentinelle.dz\\\/index.php\\\/2023\\\/08\\\/02\\\/reunion-de-lopep-demain-vers-le-maintien-du-statu-quo\\\/#primaryimage\"},\"image\":{\"@id\":\"https:\\\/\\\/lasentinelle.dz\\\/index.php\\\/2023\\\/08\\\/02\\\/reunion-de-lopep-demain-vers-le-maintien-du-statu-quo\\\/#primaryimage\"},\"thumbnailUrl\":\"https:\\\/\\\/lasentinelle.dz\\\/wp-content\\\/uploads\\\/2022\\\/10\\\/Opec.png\",\"datePublished\":\"2023-08-02T21:04:24+00:00\",\"dateModified\":\"2023-08-02T21:04:27+00:00\",\"breadcrumb\":{\"@id\":\"https:\\\/\\\/lasentinelle.dz\\\/index.php\\\/2023\\\/08\\\/02\\\/reunion-de-lopep-demain-vers-le-maintien-du-statu-quo\\\/#breadcrumb\"},\"inLanguage\":\"fr-FR\",\"potentialAction\":[{\"@type\":\"ReadAction\",\"target\":[\"https:\\\/\\\/lasentinelle.dz\\\/index.php\\\/2023\\\/08\\\/02\\\/reunion-de-lopep-demain-vers-le-maintien-du-statu-quo\\\/\"]}]},{\"@type\":\"ImageObject\",\"inLanguage\":\"fr-FR\",\"@id\":\"https:\\\/\\\/lasentinelle.dz\\\/index.php\\\/2023\\\/08\\\/02\\\/reunion-de-lopep-demain-vers-le-maintien-du-statu-quo\\\/#primaryimage\",\"url\":\"https:\\\/\\\/lasentinelle.dz\\\/wp-content\\\/uploads\\\/2022\\\/10\\\/Opec.png\",\"contentUrl\":\"https:\\\/\\\/lasentinelle.dz\\\/wp-content\\\/uploads\\\/2022\\\/10\\\/Opec.png\",\"width\":1311,\"height\":900},{\"@type\":\"BreadcrumbList\",\"@id\":\"https:\\\/\\\/lasentinelle.dz\\\/index.php\\\/2023\\\/08\\\/02\\\/reunion-de-lopep-demain-vers-le-maintien-du-statu-quo\\\/#breadcrumb\",\"itemListElement\":[{\"@type\":\"ListItem\",\"position\":1,\"name\":\"Accueil\",\"item\":\"https:\\\/\\\/lasentinelle.dz\\\/\"},{\"@type\":\"ListItem\",\"position\":2,\"name\":\"R\u00e9union de l\u2019Opep+ demain\u00a0: Vers le maintien du statu quo\"}]},{\"@type\":\"WebSite\",\"@id\":\"https:\\\/\\\/lasentinelle.dz\\\/#website\",\"url\":\"https:\\\/\\\/lasentinelle.dz\\\/\",\"name\":\"La Sentinelle\",\"description\":\"Quotidien national d&#039;information\",\"publisher\":{\"@id\":\"https:\\\/\\\/lasentinelle.dz\\\/#organization\"},\"potentialAction\":[{\"@type\":\"SearchAction\",\"target\":{\"@type\":\"EntryPoint\",\"urlTemplate\":\"https:\\\/\\\/lasentinelle.dz\\\/?s={search_term_string}\"},\"query-input\":{\"@type\":\"PropertyValueSpecification\",\"valueRequired\":true,\"valueName\":\"search_term_string\"}}],\"inLanguage\":\"fr-FR\"},{\"@type\":\"Organization\",\"@id\":\"https:\\\/\\\/lasentinelle.dz\\\/#organization\",\"name\":\"Quotidien La Sentinelle\",\"url\":\"https:\\\/\\\/lasentinelle.dz\\\/\",\"logo\":{\"@type\":\"ImageObject\",\"inLanguage\":\"fr-FR\",\"@id\":\"https:\\\/\\\/lasentinelle.dz\\\/#\\\/schema\\\/logo\\\/image\\\/\",\"url\":\"https:\\\/\\\/lasentinelle.dz\\\/wp-content\\\/uploads\\\/2021\\\/09\\\/logo-sentinelleSLOGAN-1.png\",\"contentUrl\":\"https:\\\/\\\/lasentinelle.dz\\\/wp-content\\\/uploads\\\/2021\\\/09\\\/logo-sentinelleSLOGAN-1.png\",\"width\":615,\"height\":142,\"caption\":\"Quotidien La Sentinelle\"},\"image\":{\"@id\":\"https:\\\/\\\/lasentinelle.dz\\\/#\\\/schema\\\/logo\\\/image\\\/\"},\"sameAs\":[\"https:\\\/\\\/www.facebook.com\\\/La-Sentinelle-104059864394773\"]},{\"@type\":\"Person\",\"@id\":\"https:\\\/\\\/lasentinelle.dz\\\/#\\\/schema\\\/person\\\/d865044e22e70a75174ce8bcad3acfb3\",\"name\":\"La Sentinelle\",\"image\":{\"@type\":\"ImageObject\",\"inLanguage\":\"fr-FR\",\"@id\":\"https:\\\/\\\/secure.gravatar.com\\\/avatar\\\/57de8e5d4b15d43fb361a71fbb36338450fe67865b528a43dd10ef7c51a20392?s=96&d=mm&r=g\",\"url\":\"https:\\\/\\\/secure.gravatar.com\\\/avatar\\\/57de8e5d4b15d43fb361a71fbb36338450fe67865b528a43dd10ef7c51a20392?s=96&d=mm&r=g\",\"contentUrl\":\"https:\\\/\\\/secure.gravatar.com\\\/avatar\\\/57de8e5d4b15d43fb361a71fbb36338450fe67865b528a43dd10ef7c51a20392?s=96&d=mm&r=g\",\"caption\":\"La Sentinelle\"},\"sameAs\":[\"http:\\\/\\\/www.lasentinelle.dz\"],\"url\":\"https:\\\/\\\/lasentinelle.dz\\\/author\\\/redaction\\\/\"}]}<\/script>\n<!-- \/ Yoast SEO plugin. -->","yoast_head_json":{"title":"R\u00e9union de l\u2019Opep+ demain\u00a0: Vers le maintien du statu quo - La Sentinelle","robots":{"index":"index","follow":"follow","max-snippet":"max-snippet:-1","max-image-preview":"max-image-preview:large","max-video-preview":"max-video-preview:-1"},"canonical":"https:\/\/lasentinelle.dz\/index.php\/2023\/08\/02\/reunion-de-lopep-demain-vers-le-maintien-du-statu-quo\/","og_locale":"fr_FR","og_type":"article","og_title":"R\u00e9union de l\u2019Opep+ demain\u00a0: Vers le maintien du statu quo - La Sentinelle","og_description":"La r\u00e9union du comit\u00e9 minist\u00e9riel conjoint de suivi de l\u2019accord Opep + pr\u00e9vue demain ne devrait pas, selon toute vraisemblance","og_url":"https:\/\/lasentinelle.dz\/index.php\/2023\/08\/02\/reunion-de-lopep-demain-vers-le-maintien-du-statu-quo\/","og_site_name":"La Sentinelle","article_publisher":"https:\/\/www.facebook.com\/La-Sentinelle-104059864394773","article_published_time":"2023-08-02T21:04:24+00:00","article_modified_time":"2023-08-02T21:04:27+00:00","og_image":[{"width":1311,"height":900,"url":"https:\/\/lasentinelle.dz\/wp-content\/uploads\/2022\/10\/Opec.png","type":"image\/png"}],"author":"La Sentinelle","twitter_card":"summary_large_image","twitter_misc":{"\u00c9crit par":"La Sentinelle","Dur\u00e9e de lecture estim\u00e9e":"4 minutes"},"schema":{"@context":"https:\/\/schema.org","@graph":[{"@type":"Article","@id":"https:\/\/lasentinelle.dz\/index.php\/2023\/08\/02\/reunion-de-lopep-demain-vers-le-maintien-du-statu-quo\/#article","isPartOf":{"@id":"https:\/\/lasentinelle.dz\/index.php\/2023\/08\/02\/reunion-de-lopep-demain-vers-le-maintien-du-statu-quo\/"},"author":{"name":"La Sentinelle","@id":"https:\/\/lasentinelle.dz\/#\/schema\/person\/d865044e22e70a75174ce8bcad3acfb3"},"headline":"R\u00e9union de l\u2019Opep+ demain\u00a0: Vers le maintien du statu quo","datePublished":"2023-08-02T21:04:24+00:00","dateModified":"2023-08-02T21:04:27+00:00","mainEntityOfPage":{"@id":"https:\/\/lasentinelle.dz\/index.php\/2023\/08\/02\/reunion-de-lopep-demain-vers-le-maintien-du-statu-quo\/"},"wordCount":678,"commentCount":0,"publisher":{"@id":"https:\/\/lasentinelle.dz\/#organization"},"image":{"@id":"https:\/\/lasentinelle.dz\/index.php\/2023\/08\/02\/reunion-de-lopep-demain-vers-le-maintien-du-statu-quo\/#primaryimage"},"thumbnailUrl":"https:\/\/lasentinelle.dz\/wp-content\/uploads\/2022\/10\/Opec.png","articleSection":["\u00c0 la Une","\u00c9conomie"],"inLanguage":"fr-FR","potentialAction":[{"@type":"CommentAction","name":"Comment","target":["https:\/\/lasentinelle.dz\/index.php\/2023\/08\/02\/reunion-de-lopep-demain-vers-le-maintien-du-statu-quo\/#respond"]}]},{"@type":"WebPage","@id":"https:\/\/lasentinelle.dz\/index.php\/2023\/08\/02\/reunion-de-lopep-demain-vers-le-maintien-du-statu-quo\/","url":"https:\/\/lasentinelle.dz\/index.php\/2023\/08\/02\/reunion-de-lopep-demain-vers-le-maintien-du-statu-quo\/","name":"R\u00e9union de l\u2019Opep+ demain\u00a0: Vers le maintien du statu quo - La Sentinelle","isPartOf":{"@id":"https:\/\/lasentinelle.dz\/#website"},"primaryImageOfPage":{"@id":"https:\/\/lasentinelle.dz\/index.php\/2023\/08\/02\/reunion-de-lopep-demain-vers-le-maintien-du-statu-quo\/#primaryimage"},"image":{"@id":"https:\/\/lasentinelle.dz\/index.php\/2023\/08\/02\/reunion-de-lopep-demain-vers-le-maintien-du-statu-quo\/#primaryimage"},"thumbnailUrl":"https:\/\/lasentinelle.dz\/wp-content\/uploads\/2022\/10\/Opec.png","datePublished":"2023-08-02T21:04:24+00:00","dateModified":"2023-08-02T21:04:27+00:00","breadcrumb":{"@id":"https:\/\/lasentinelle.dz\/index.php\/2023\/08\/02\/reunion-de-lopep-demain-vers-le-maintien-du-statu-quo\/#breadcrumb"},"inLanguage":"fr-FR","potentialAction":[{"@type":"ReadAction","target":["https:\/\/lasentinelle.dz\/index.php\/2023\/08\/02\/reunion-de-lopep-demain-vers-le-maintien-du-statu-quo\/"]}]},{"@type":"ImageObject","inLanguage":"fr-FR","@id":"https:\/\/lasentinelle.dz\/index.php\/2023\/08\/02\/reunion-de-lopep-demain-vers-le-maintien-du-statu-quo\/#primaryimage","url":"https:\/\/lasentinelle.dz\/wp-content\/uploads\/2022\/10\/Opec.png","contentUrl":"https:\/\/lasentinelle.dz\/wp-content\/uploads\/2022\/10\/Opec.png","width":1311,"height":900},{"@type":"BreadcrumbList","@id":"https:\/\/lasentinelle.dz\/index.php\/2023\/08\/02\/reunion-de-lopep-demain-vers-le-maintien-du-statu-quo\/#breadcrumb","itemListElement":[{"@type":"ListItem","position":1,"name":"Accueil","item":"https:\/\/lasentinelle.dz\/"},{"@type":"ListItem","position":2,"name":"R\u00e9union de l\u2019Opep+ demain\u00a0: Vers le maintien du statu quo"}]},{"@type":"WebSite","@id":"https:\/\/lasentinelle.dz\/#website","url":"https:\/\/lasentinelle.dz\/","name":"La Sentinelle","description":"Quotidien national d&#039;information","publisher":{"@id":"https:\/\/lasentinelle.dz\/#organization"},"potentialAction":[{"@type":"SearchAction","target":{"@type":"EntryPoint","urlTemplate":"https:\/\/lasentinelle.dz\/?s={search_term_string}"},"query-input":{"@type":"PropertyValueSpecification","valueRequired":true,"valueName":"search_term_string"}}],"inLanguage":"fr-FR"},{"@type":"Organization","@id":"https:\/\/lasentinelle.dz\/#organization","name":"Quotidien La Sentinelle","url":"https:\/\/lasentinelle.dz\/","logo":{"@type":"ImageObject","inLanguage":"fr-FR","@id":"https:\/\/lasentinelle.dz\/#\/schema\/logo\/image\/","url":"https:\/\/lasentinelle.dz\/wp-content\/uploads\/2021\/09\/logo-sentinelleSLOGAN-1.png","contentUrl":"https:\/\/lasentinelle.dz\/wp-content\/uploads\/2021\/09\/logo-sentinelleSLOGAN-1.png","width":615,"height":142,"caption":"Quotidien La Sentinelle"},"image":{"@id":"https:\/\/lasentinelle.dz\/#\/schema\/logo\/image\/"},"sameAs":["https:\/\/www.facebook.com\/La-Sentinelle-104059864394773"]},{"@type":"Person","@id":"https:\/\/lasentinelle.dz\/#\/schema\/person\/d865044e22e70a75174ce8bcad3acfb3","name":"La Sentinelle","image":{"@type":"ImageObject","inLanguage":"fr-FR","@id":"https:\/\/secure.gravatar.com\/avatar\/57de8e5d4b15d43fb361a71fbb36338450fe67865b528a43dd10ef7c51a20392?s=96&d=mm&r=g","url":"https:\/\/secure.gravatar.com\/avatar\/57de8e5d4b15d43fb361a71fbb36338450fe67865b528a43dd10ef7c51a20392?s=96&d=mm&r=g","contentUrl":"https:\/\/secure.gravatar.com\/avatar\/57de8e5d4b15d43fb361a71fbb36338450fe67865b528a43dd10ef7c51a20392?s=96&d=mm&r=g","caption":"La Sentinelle"},"sameAs":["http:\/\/www.lasentinelle.dz"],"url":"https:\/\/lasentinelle.dz\/author\/redaction\/"}]}},"_links":{"self":[{"href":"https:\/\/lasentinelle.dz\/index.php\/wp-json\/wp\/v2\/posts\/44261","targetHints":{"allow":["GET"]}}],"collection":[{"href":"https:\/\/lasentinelle.dz\/index.php\/wp-json\/wp\/v2\/posts"}],"about":[{"href":"https:\/\/lasentinelle.dz\/index.php\/wp-json\/wp\/v2\/types\/post"}],"author":[{"embeddable":true,"href":"https:\/\/lasentinelle.dz\/index.php\/wp-json\/wp\/v2\/users\/3"}],"replies":[{"embeddable":true,"href":"https:\/\/lasentinelle.dz\/index.php\/wp-json\/wp\/v2\/comments?post=44261"}],"version-history":[{"count":1,"href":"https:\/\/lasentinelle.dz\/index.php\/wp-json\/wp\/v2\/posts\/44261\/revisions"}],"predecessor-version":[{"id":44262,"href":"https:\/\/lasentinelle.dz\/index.php\/wp-json\/wp\/v2\/posts\/44261\/revisions\/44262"}],"wp:featuredmedia":[{"embeddable":true,"href":"https:\/\/lasentinelle.dz\/index.php\/wp-json\/wp\/v2\/media\/28917"}],"wp:attachment":[{"href":"https:\/\/lasentinelle.dz\/index.php\/wp-json\/wp\/v2\/media?parent=44261"}],"wp:term":[{"taxonomy":"category","embeddable":true,"href":"https:\/\/lasentinelle.dz\/index.php\/wp-json\/wp\/v2\/categories?post=44261"},{"taxonomy":"post_tag","embeddable":true,"href":"https:\/\/lasentinelle.dz\/index.php\/wp-json\/wp\/v2\/tags?post=44261"}],"curies":[{"name":"wp","href":"https:\/\/api.w.org\/{rel}","templated":true}]}}