{"id":4427,"date":"2021-08-16T23:55:00","date_gmt":"2021-08-16T22:55:00","guid":{"rendered":"https:\/\/lasentinelle.dz\/?p=4427"},"modified":"2021-08-17T14:52:11","modified_gmt":"2021-08-17T13:52:11","slug":"3-millions-de-doses-de-vaccin-receptionnes-hier-maintenir-un-rythme-de-vaccination-accelere","status":"publish","type":"post","link":"https:\/\/lasentinelle.dz\/index.php\/2021\/08\/16\/3-millions-de-doses-de-vaccin-receptionnes-hier-maintenir-un-rythme-de-vaccination-accelere\/","title":{"rendered":"3 millions de doses de vaccin r\u00e9ceptionn\u00e9s hier : Maintenir un rythme de vaccination acc\u00e9l\u00e9r\u00e9"},"content":{"rendered":"\n<p>L\u2019Alg\u00e9rie a r\u00e9ceptionn\u00e9, hier, un nouveau lot de trois millions de doses de vaccin, ce qui lui permettra de garantir l\u2019acc\u00e9l\u00e9ration de la campagne de vaccination.<\/p>\n\n\n\n<p>Un lot de trois millions doses du vaccin anti-Covid 19 \u00ab CoronaVac \u00bb des laboratoires chinois Sinovac a \u00e9t\u00e9 r\u00e9ceptionn\u00e9 hier, a indiqu\u00e9 un communiqu\u00e9 du minist\u00e8re de la D\u00e9fense nationale (MDN).\u00ab Dans le cadre des efforts d\u00e9ploy\u00e9s pour limiter la propagation de la Covid-19 un avion de transport militaire appartenant \u00e0 l&rsquo;Arm\u00e9e Nationale Populaire (ANP) a atterri ce lundi 15 ao\u00fbt 2021 \u00e0 la Base a\u00e9rienne de Boufarik en 1\u00e8re R\u00e9gion militaire, \u00e0 son bord 3 millions de doses de vaccin, achemin\u00e9s depuis la R\u00e9publique populaire de Chine \u00bb, pr\u00e9cise la m\u00eame source.<\/p>\n\n\n\n<p>Ce lot suppl\u00e9mentaire de vaccins entre dans le programme d\u2019acquisition de vaccins lanc\u00e9s par l\u2019autorit\u00e9 sanitaire et qui pr\u00e9voit la r\u00e9ception de pas moins dix millions de doses entre ce mois d\u2019ao\u00fbt et le d\u00e9but du mois de septembre, et ce en attendant l\u2019entr\u00e9e en service d\u2019une unit\u00e9 de production locale du vaccin chinois Sinovac avec une capacit\u00e9 de 2,5 millions de doses par mois au plus tard \u00e0 la fin du mois de septembre.<\/p>\n\n\n\n<p>Ces acquisitions permettront de garantir la poursuite de la campagne de vaccination \u00e0 un rythme acc\u00e9l\u00e9r\u00e9 depuis quelques semaines, et qui permis \u00e0 pas moins de cinq millions d\u2019Alg\u00e9riens de recevoir au moins une dose de vaccin, selon les derniers chiffres annonc\u00e9s par le porte-parole du Comit\u00e9 scientifique de suivi de la pand\u00e9mie, Djamel Fourar.<\/p>\n\n\n\n<p>Il est vrai que les points de vaccination ont \u00e9t\u00e9 d\u00e9multipli\u00e9s au cours des derniers jours afin de permettre au plus grand nombre de citoyens de se vacciner. C\u2019est dans ce contexte justement que le minist\u00e8re de la Sant\u00e9, de la Population et de la R\u00e9forme hospitali\u00e8re a d\u00e9cid\u00e9 d\u2019associer les pharmacies du secteur priv\u00e9 \u00e0 l\u2019op\u00e9ration de vaccination.<\/p>\n\n\n\n<p><strong>Une plateforme num\u00e9rique pour les pharmaciens<\/strong><\/p>\n\n\n\n<p>Ainsi, une r\u00e9union en visioconf\u00e9rence pour l&rsquo;examen des mesures administratives et logistiques li\u00e9es au lancement de l&rsquo;op\u00e9ration de vaccination au niveau des officines de pharmacies priv\u00e9es a \u00e9t\u00e9 organis\u00e9e dimanche par la direction g\u00e9n\u00e9rale de Pharmacie et des \u00e9quipements de sant\u00e9 d\u00e9pendant du minist\u00e8re de la Sant\u00e9. Selon un communiqu\u00e9 du d\u00e9partement d\u2019Abderrahmane Benbouzid, la r\u00e9union a \u00e9t\u00e9 organis\u00e9e&nbsp; suite \u00e0 la signature de l&rsquo;arr\u00eat\u00e9 minist\u00e9riel portant association des pharmacies \u00e0 la campagne nationale de vaccination contre la Covid-19 en vue d&rsquo;\u00e9largir l&rsquo;op\u00e9ration \u00e0 grande \u00e9chelle. La mise en place d&rsquo;une plateforme num\u00e9rique de suivi de l&rsquo;op\u00e9ration de vaccination au niveau des pharmacies et la transmission de la liste des officines de pharmacie concern\u00e9es par la vaccination \u00e0 la direction de sant\u00e9 de chaque wilaya sont les plus importants points soulev\u00e9s par les diff\u00e9rents intervenants, pr\u00e9cise le communiqu\u00e9 qui ajoute qu\u2019en plus de ces points, les participants \u00e0 cette r\u00e9union ont \u00e9galement abord\u00e9 la cr\u00e9ation d&rsquo;un guide technique fixant l&rsquo;ensemble des modalit\u00e9s de mise en \u0153uvre de vaccination contre le Covid-19 dans les officines de pharmacie priv\u00e9es ainsi que l&rsquo;organisation d&rsquo;une session de formation au profit des pharmaciens concern\u00e9s par l&rsquo;op\u00e9ration.<\/p>\n\n\n\n<p>Le pr\u00e9sident du Snapo, Messaoud Belambri qui a expliqu\u00e9 d\u00e9j\u00e0 auparavant que \u00ab l\u2019officine est un espace de sant\u00e9 ad\u00e9quat pour effectuer ce genre d\u2019op\u00e9ration, et il \u00e9tait utile de faire appel aux pharmaciens d\u2019officine et de les associer \u00e0 cette op\u00e9ration vaccinale nationale contre la covid car plus vite on vaccine le plus grand nombre de la population et plus vite nous dresserons les barri\u00e8res contre ce virus et sa propagation \u00bb. \u00ab Nous n\u2019avons pas le choix, le recours au vaccin constitue la solution pour se pr\u00e9munir contre ce virus, les m\u00e9dicaments ne servent qu\u2019\u00e0 limiter les d\u00e9g\u00e2ts et les complications caus\u00e9s par l\u2019atteinte virale, les m\u00e9dicaments ne tuent pas ce virus, par contre le vaccin permet au corps humain de d\u00e9velopper une protection efficace et une immunit\u00e9 par la production d\u2019anticorps qui prot\u00e8gent contre le coronavirus \u00bb, affirmait&nbsp; Belambri qui a soulign\u00e9 l\u2019importance de faire participer les pharmaciens dans ces op\u00e9rations.<\/p>\n\n\n\n<p><strong>Akli Amor<\/strong><\/p>\n","protected":false},"excerpt":{"rendered":"<p>L\u2019Alg\u00e9rie a r\u00e9ceptionn\u00e9, hier, un nouveau lot de trois millions de doses de vaccin, ce qui lui permettra de garantir<\/p>\n","protected":false},"author":3,"featured_media":4456,"comment_status":"open","ping_status":"closed","sticky":false,"template":"","format":"standard","meta":{"colormag_page_container_layout":"default_layout","colormag_page_sidebar_layout":"default_layout","om_disable_all_campaigns":false,"_monsterinsights_skip_tracking":false,"_monsterinsights_sitenote_active":false,"_monsterinsights_sitenote_note":"","_monsterinsights_sitenote_category":0,"footnotes":"","_wpscppro_dont_share_socialmedia":false,"_wpscppro_custom_social_share_image":0,"_facebook_share_type":"","_twitter_share_type":"","_linkedin_share_type":"","_pinterest_share_type":"","_linkedin_share_type_page":"","_instagram_share_type":"","_medium_share_type":"","_threads_share_type":"","_google_business_share_type":"","_selected_social_profile":[],"_wpsp_enable_custom_social_template":false,"_wpsp_social_scheduling":{"enabled":false,"datetime":null,"platforms":[],"status":"template_only","dateOption":"today","timeOption":"now","customDays":"","customHours":"","customDate":"","customTime":"","schedulingType":"absolute"},"_wpsp_active_default_template":true},"categories":[52,27],"tags":[],"class_list":["post-4427","post","type-post","status-publish","format-standard","has-post-thumbnail","hentry","category-a-la-une","category-actualite"],"aioseo_notices":[],"yoast_head":"<!-- This site is optimized with the Yoast SEO plugin v27.5 - https:\/\/yoast.com\/product\/yoast-seo-wordpress\/ -->\n<title>3 millions de doses de vaccin r\u00e9ceptionn\u00e9s hier : Maintenir un rythme de vaccination acc\u00e9l\u00e9r\u00e9 - La Sentinelle<\/title>\n<meta name=\"robots\" content=\"index, follow, max-snippet:-1, max-image-preview:large, max-video-preview:-1\" \/>\n<link rel=\"canonical\" href=\"https:\/\/lasentinelle.dz\/index.php\/2021\/08\/16\/3-millions-de-doses-de-vaccin-receptionnes-hier-maintenir-un-rythme-de-vaccination-accelere\/\" \/>\n<meta property=\"og:locale\" content=\"fr_FR\" \/>\n<meta property=\"og:type\" content=\"article\" \/>\n<meta property=\"og:title\" content=\"3 millions de doses de vaccin r\u00e9ceptionn\u00e9s hier : Maintenir un rythme de vaccination acc\u00e9l\u00e9r\u00e9 - La Sentinelle\" \/>\n<meta property=\"og:description\" content=\"L\u2019Alg\u00e9rie a r\u00e9ceptionn\u00e9, hier, un nouveau lot de trois millions de doses de vaccin, ce qui lui permettra de garantir\" \/>\n<meta property=\"og:url\" content=\"https:\/\/lasentinelle.dz\/index.php\/2021\/08\/16\/3-millions-de-doses-de-vaccin-receptionnes-hier-maintenir-un-rythme-de-vaccination-accelere\/\" \/>\n<meta property=\"og:site_name\" content=\"La Sentinelle\" \/>\n<meta property=\"article:publisher\" content=\"https:\/\/www.facebook.com\/La-Sentinelle-104059864394773\" \/>\n<meta property=\"article:published_time\" content=\"2021-08-16T22:55:00+00:00\" \/>\n<meta property=\"article:modified_time\" content=\"2021-08-17T13:52:11+00:00\" \/>\n<meta property=\"og:image\" content=\"https:\/\/lasentinelle.dz\/wp-content\/uploads\/2021\/08\/sinovac.png\" \/>\n\t<meta property=\"og:image:width\" content=\"1359\" \/>\n\t<meta property=\"og:image:height\" content=\"900\" \/>\n\t<meta property=\"og:image:type\" content=\"image\/png\" \/>\n<meta name=\"author\" content=\"La Sentinelle\" \/>\n<meta name=\"twitter:card\" content=\"summary_large_image\" \/>\n<meta name=\"twitter:label1\" content=\"\u00c9crit par\" \/>\n\t<meta name=\"twitter:data1\" content=\"La Sentinelle\" \/>\n\t<meta name=\"twitter:label2\" content=\"Dur\u00e9e de lecture estim\u00e9e\" \/>\n\t<meta name=\"twitter:data2\" content=\"3 minutes\" \/>\n<script type=\"application\/ld+json\" class=\"yoast-schema-graph\">{\"@context\":\"https:\\\/\\\/schema.org\",\"@graph\":[{\"@type\":\"Article\",\"@id\":\"https:\\\/\\\/lasentinelle.dz\\\/index.php\\\/2021\\\/08\\\/16\\\/3-millions-de-doses-de-vaccin-receptionnes-hier-maintenir-un-rythme-de-vaccination-accelere\\\/#article\",\"isPartOf\":{\"@id\":\"https:\\\/\\\/lasentinelle.dz\\\/index.php\\\/2021\\\/08\\\/16\\\/3-millions-de-doses-de-vaccin-receptionnes-hier-maintenir-un-rythme-de-vaccination-accelere\\\/\"},\"author\":{\"name\":\"La Sentinelle\",\"@id\":\"https:\\\/\\\/lasentinelle.dz\\\/#\\\/schema\\\/person\\\/d865044e22e70a75174ce8bcad3acfb3\"},\"headline\":\"3 millions de doses de vaccin r\u00e9ceptionn\u00e9s hier : Maintenir un rythme de vaccination acc\u00e9l\u00e9r\u00e9\",\"datePublished\":\"2021-08-16T22:55:00+00:00\",\"dateModified\":\"2021-08-17T13:52:11+00:00\",\"mainEntityOfPage\":{\"@id\":\"https:\\\/\\\/lasentinelle.dz\\\/index.php\\\/2021\\\/08\\\/16\\\/3-millions-de-doses-de-vaccin-receptionnes-hier-maintenir-un-rythme-de-vaccination-accelere\\\/\"},\"wordCount\":769,\"commentCount\":0,\"publisher\":{\"@id\":\"https:\\\/\\\/lasentinelle.dz\\\/#organization\"},\"image\":{\"@id\":\"https:\\\/\\\/lasentinelle.dz\\\/index.php\\\/2021\\\/08\\\/16\\\/3-millions-de-doses-de-vaccin-receptionnes-hier-maintenir-un-rythme-de-vaccination-accelere\\\/#primaryimage\"},\"thumbnailUrl\":\"https:\\\/\\\/lasentinelle.dz\\\/wp-content\\\/uploads\\\/2021\\\/08\\\/sinovac.png\",\"articleSection\":[\"\u00c0 la Une\",\"Actualit\u00e9\"],\"inLanguage\":\"fr-FR\",\"potentialAction\":[{\"@type\":\"CommentAction\",\"name\":\"Comment\",\"target\":[\"https:\\\/\\\/lasentinelle.dz\\\/index.php\\\/2021\\\/08\\\/16\\\/3-millions-de-doses-de-vaccin-receptionnes-hier-maintenir-un-rythme-de-vaccination-accelere\\\/#respond\"]}]},{\"@type\":\"WebPage\",\"@id\":\"https:\\\/\\\/lasentinelle.dz\\\/index.php\\\/2021\\\/08\\\/16\\\/3-millions-de-doses-de-vaccin-receptionnes-hier-maintenir-un-rythme-de-vaccination-accelere\\\/\",\"url\":\"https:\\\/\\\/lasentinelle.dz\\\/index.php\\\/2021\\\/08\\\/16\\\/3-millions-de-doses-de-vaccin-receptionnes-hier-maintenir-un-rythme-de-vaccination-accelere\\\/\",\"name\":\"3 millions de doses de vaccin r\u00e9ceptionn\u00e9s hier : Maintenir un rythme de vaccination acc\u00e9l\u00e9r\u00e9 - La Sentinelle\",\"isPartOf\":{\"@id\":\"https:\\\/\\\/lasentinelle.dz\\\/#website\"},\"primaryImageOfPage\":{\"@id\":\"https:\\\/\\\/lasentinelle.dz\\\/index.php\\\/2021\\\/08\\\/16\\\/3-millions-de-doses-de-vaccin-receptionnes-hier-maintenir-un-rythme-de-vaccination-accelere\\\/#primaryimage\"},\"image\":{\"@id\":\"https:\\\/\\\/lasentinelle.dz\\\/index.php\\\/2021\\\/08\\\/16\\\/3-millions-de-doses-de-vaccin-receptionnes-hier-maintenir-un-rythme-de-vaccination-accelere\\\/#primaryimage\"},\"thumbnailUrl\":\"https:\\\/\\\/lasentinelle.dz\\\/wp-content\\\/uploads\\\/2021\\\/08\\\/sinovac.png\",\"datePublished\":\"2021-08-16T22:55:00+00:00\",\"dateModified\":\"2021-08-17T13:52:11+00:00\",\"breadcrumb\":{\"@id\":\"https:\\\/\\\/lasentinelle.dz\\\/index.php\\\/2021\\\/08\\\/16\\\/3-millions-de-doses-de-vaccin-receptionnes-hier-maintenir-un-rythme-de-vaccination-accelere\\\/#breadcrumb\"},\"inLanguage\":\"fr-FR\",\"potentialAction\":[{\"@type\":\"ReadAction\",\"target\":[\"https:\\\/\\\/lasentinelle.dz\\\/index.php\\\/2021\\\/08\\\/16\\\/3-millions-de-doses-de-vaccin-receptionnes-hier-maintenir-un-rythme-de-vaccination-accelere\\\/\"]}]},{\"@type\":\"ImageObject\",\"inLanguage\":\"fr-FR\",\"@id\":\"https:\\\/\\\/lasentinelle.dz\\\/index.php\\\/2021\\\/08\\\/16\\\/3-millions-de-doses-de-vaccin-receptionnes-hier-maintenir-un-rythme-de-vaccination-accelere\\\/#primaryimage\",\"url\":\"https:\\\/\\\/lasentinelle.dz\\\/wp-content\\\/uploads\\\/2021\\\/08\\\/sinovac.png\",\"contentUrl\":\"https:\\\/\\\/lasentinelle.dz\\\/wp-content\\\/uploads\\\/2021\\\/08\\\/sinovac.png\",\"width\":1359,\"height\":900},{\"@type\":\"BreadcrumbList\",\"@id\":\"https:\\\/\\\/lasentinelle.dz\\\/index.php\\\/2021\\\/08\\\/16\\\/3-millions-de-doses-de-vaccin-receptionnes-hier-maintenir-un-rythme-de-vaccination-accelere\\\/#breadcrumb\",\"itemListElement\":[{\"@type\":\"ListItem\",\"position\":1,\"name\":\"Accueil\",\"item\":\"https:\\\/\\\/lasentinelle.dz\\\/\"},{\"@type\":\"ListItem\",\"position\":2,\"name\":\"3 millions de doses de vaccin r\u00e9ceptionn\u00e9s hier : Maintenir un rythme de vaccination acc\u00e9l\u00e9r\u00e9\"}]},{\"@type\":\"WebSite\",\"@id\":\"https:\\\/\\\/lasentinelle.dz\\\/#website\",\"url\":\"https:\\\/\\\/lasentinelle.dz\\\/\",\"name\":\"La Sentinelle\",\"description\":\"Quotidien national d&#039;information\",\"publisher\":{\"@id\":\"https:\\\/\\\/lasentinelle.dz\\\/#organization\"},\"potentialAction\":[{\"@type\":\"SearchAction\",\"target\":{\"@type\":\"EntryPoint\",\"urlTemplate\":\"https:\\\/\\\/lasentinelle.dz\\\/?s={search_term_string}\"},\"query-input\":{\"@type\":\"PropertyValueSpecification\",\"valueRequired\":true,\"valueName\":\"search_term_string\"}}],\"inLanguage\":\"fr-FR\"},{\"@type\":\"Organization\",\"@id\":\"https:\\\/\\\/lasentinelle.dz\\\/#organization\",\"name\":\"Quotidien La Sentinelle\",\"url\":\"https:\\\/\\\/lasentinelle.dz\\\/\",\"logo\":{\"@type\":\"ImageObject\",\"inLanguage\":\"fr-FR\",\"@id\":\"https:\\\/\\\/lasentinelle.dz\\\/#\\\/schema\\\/logo\\\/image\\\/\",\"url\":\"https:\\\/\\\/lasentinelle.dz\\\/wp-content\\\/uploads\\\/2021\\\/09\\\/logo-sentinelleSLOGAN-1.png\",\"contentUrl\":\"https:\\\/\\\/lasentinelle.dz\\\/wp-content\\\/uploads\\\/2021\\\/09\\\/logo-sentinelleSLOGAN-1.png\",\"width\":615,\"height\":142,\"caption\":\"Quotidien La Sentinelle\"},\"image\":{\"@id\":\"https:\\\/\\\/lasentinelle.dz\\\/#\\\/schema\\\/logo\\\/image\\\/\"},\"sameAs\":[\"https:\\\/\\\/www.facebook.com\\\/La-Sentinelle-104059864394773\"]},{\"@type\":\"Person\",\"@id\":\"https:\\\/\\\/lasentinelle.dz\\\/#\\\/schema\\\/person\\\/d865044e22e70a75174ce8bcad3acfb3\",\"name\":\"La Sentinelle\",\"image\":{\"@type\":\"ImageObject\",\"inLanguage\":\"fr-FR\",\"@id\":\"https:\\\/\\\/secure.gravatar.com\\\/avatar\\\/57de8e5d4b15d43fb361a71fbb36338450fe67865b528a43dd10ef7c51a20392?s=96&d=mm&r=g\",\"url\":\"https:\\\/\\\/secure.gravatar.com\\\/avatar\\\/57de8e5d4b15d43fb361a71fbb36338450fe67865b528a43dd10ef7c51a20392?s=96&d=mm&r=g\",\"contentUrl\":\"https:\\\/\\\/secure.gravatar.com\\\/avatar\\\/57de8e5d4b15d43fb361a71fbb36338450fe67865b528a43dd10ef7c51a20392?s=96&d=mm&r=g\",\"caption\":\"La Sentinelle\"},\"sameAs\":[\"http:\\\/\\\/www.lasentinelle.dz\"],\"url\":\"https:\\\/\\\/lasentinelle.dz\\\/author\\\/redaction\\\/\"}]}<\/script>\n<!-- \/ Yoast SEO plugin. -->","yoast_head_json":{"title":"3 millions de doses de vaccin r\u00e9ceptionn\u00e9s hier : Maintenir un rythme de vaccination acc\u00e9l\u00e9r\u00e9 - La Sentinelle","robots":{"index":"index","follow":"follow","max-snippet":"max-snippet:-1","max-image-preview":"max-image-preview:large","max-video-preview":"max-video-preview:-1"},"canonical":"https:\/\/lasentinelle.dz\/index.php\/2021\/08\/16\/3-millions-de-doses-de-vaccin-receptionnes-hier-maintenir-un-rythme-de-vaccination-accelere\/","og_locale":"fr_FR","og_type":"article","og_title":"3 millions de doses de vaccin r\u00e9ceptionn\u00e9s hier : Maintenir un rythme de vaccination acc\u00e9l\u00e9r\u00e9 - La Sentinelle","og_description":"L\u2019Alg\u00e9rie a r\u00e9ceptionn\u00e9, hier, un nouveau lot de trois millions de doses de vaccin, ce qui lui permettra de garantir","og_url":"https:\/\/lasentinelle.dz\/index.php\/2021\/08\/16\/3-millions-de-doses-de-vaccin-receptionnes-hier-maintenir-un-rythme-de-vaccination-accelere\/","og_site_name":"La Sentinelle","article_publisher":"https:\/\/www.facebook.com\/La-Sentinelle-104059864394773","article_published_time":"2021-08-16T22:55:00+00:00","article_modified_time":"2021-08-17T13:52:11+00:00","og_image":[{"width":1359,"height":900,"url":"https:\/\/lasentinelle.dz\/wp-content\/uploads\/2021\/08\/sinovac.png","type":"image\/png"}],"author":"La Sentinelle","twitter_card":"summary_large_image","twitter_misc":{"\u00c9crit par":"La Sentinelle","Dur\u00e9e de lecture estim\u00e9e":"3 minutes"},"schema":{"@context":"https:\/\/schema.org","@graph":[{"@type":"Article","@id":"https:\/\/lasentinelle.dz\/index.php\/2021\/08\/16\/3-millions-de-doses-de-vaccin-receptionnes-hier-maintenir-un-rythme-de-vaccination-accelere\/#article","isPartOf":{"@id":"https:\/\/lasentinelle.dz\/index.php\/2021\/08\/16\/3-millions-de-doses-de-vaccin-receptionnes-hier-maintenir-un-rythme-de-vaccination-accelere\/"},"author":{"name":"La Sentinelle","@id":"https:\/\/lasentinelle.dz\/#\/schema\/person\/d865044e22e70a75174ce8bcad3acfb3"},"headline":"3 millions de doses de vaccin r\u00e9ceptionn\u00e9s hier : Maintenir un rythme de vaccination acc\u00e9l\u00e9r\u00e9","datePublished":"2021-08-16T22:55:00+00:00","dateModified":"2021-08-17T13:52:11+00:00","mainEntityOfPage":{"@id":"https:\/\/lasentinelle.dz\/index.php\/2021\/08\/16\/3-millions-de-doses-de-vaccin-receptionnes-hier-maintenir-un-rythme-de-vaccination-accelere\/"},"wordCount":769,"commentCount":0,"publisher":{"@id":"https:\/\/lasentinelle.dz\/#organization"},"image":{"@id":"https:\/\/lasentinelle.dz\/index.php\/2021\/08\/16\/3-millions-de-doses-de-vaccin-receptionnes-hier-maintenir-un-rythme-de-vaccination-accelere\/#primaryimage"},"thumbnailUrl":"https:\/\/lasentinelle.dz\/wp-content\/uploads\/2021\/08\/sinovac.png","articleSection":["\u00c0 la Une","Actualit\u00e9"],"inLanguage":"fr-FR","potentialAction":[{"@type":"CommentAction","name":"Comment","target":["https:\/\/lasentinelle.dz\/index.php\/2021\/08\/16\/3-millions-de-doses-de-vaccin-receptionnes-hier-maintenir-un-rythme-de-vaccination-accelere\/#respond"]}]},{"@type":"WebPage","@id":"https:\/\/lasentinelle.dz\/index.php\/2021\/08\/16\/3-millions-de-doses-de-vaccin-receptionnes-hier-maintenir-un-rythme-de-vaccination-accelere\/","url":"https:\/\/lasentinelle.dz\/index.php\/2021\/08\/16\/3-millions-de-doses-de-vaccin-receptionnes-hier-maintenir-un-rythme-de-vaccination-accelere\/","name":"3 millions de doses de vaccin r\u00e9ceptionn\u00e9s hier : Maintenir un rythme de vaccination acc\u00e9l\u00e9r\u00e9 - La Sentinelle","isPartOf":{"@id":"https:\/\/lasentinelle.dz\/#website"},"primaryImageOfPage":{"@id":"https:\/\/lasentinelle.dz\/index.php\/2021\/08\/16\/3-millions-de-doses-de-vaccin-receptionnes-hier-maintenir-un-rythme-de-vaccination-accelere\/#primaryimage"},"image":{"@id":"https:\/\/lasentinelle.dz\/index.php\/2021\/08\/16\/3-millions-de-doses-de-vaccin-receptionnes-hier-maintenir-un-rythme-de-vaccination-accelere\/#primaryimage"},"thumbnailUrl":"https:\/\/lasentinelle.dz\/wp-content\/uploads\/2021\/08\/sinovac.png","datePublished":"2021-08-16T22:55:00+00:00","dateModified":"2021-08-17T13:52:11+00:00","breadcrumb":{"@id":"https:\/\/lasentinelle.dz\/index.php\/2021\/08\/16\/3-millions-de-doses-de-vaccin-receptionnes-hier-maintenir-un-rythme-de-vaccination-accelere\/#breadcrumb"},"inLanguage":"fr-FR","potentialAction":[{"@type":"ReadAction","target":["https:\/\/lasentinelle.dz\/index.php\/2021\/08\/16\/3-millions-de-doses-de-vaccin-receptionnes-hier-maintenir-un-rythme-de-vaccination-accelere\/"]}]},{"@type":"ImageObject","inLanguage":"fr-FR","@id":"https:\/\/lasentinelle.dz\/index.php\/2021\/08\/16\/3-millions-de-doses-de-vaccin-receptionnes-hier-maintenir-un-rythme-de-vaccination-accelere\/#primaryimage","url":"https:\/\/lasentinelle.dz\/wp-content\/uploads\/2021\/08\/sinovac.png","contentUrl":"https:\/\/lasentinelle.dz\/wp-content\/uploads\/2021\/08\/sinovac.png","width":1359,"height":900},{"@type":"BreadcrumbList","@id":"https:\/\/lasentinelle.dz\/index.php\/2021\/08\/16\/3-millions-de-doses-de-vaccin-receptionnes-hier-maintenir-un-rythme-de-vaccination-accelere\/#breadcrumb","itemListElement":[{"@type":"ListItem","position":1,"name":"Accueil","item":"https:\/\/lasentinelle.dz\/"},{"@type":"ListItem","position":2,"name":"3 millions de doses de vaccin r\u00e9ceptionn\u00e9s hier : Maintenir un rythme de vaccination acc\u00e9l\u00e9r\u00e9"}]},{"@type":"WebSite","@id":"https:\/\/lasentinelle.dz\/#website","url":"https:\/\/lasentinelle.dz\/","name":"La Sentinelle","description":"Quotidien national d&#039;information","publisher":{"@id":"https:\/\/lasentinelle.dz\/#organization"},"potentialAction":[{"@type":"SearchAction","target":{"@type":"EntryPoint","urlTemplate":"https:\/\/lasentinelle.dz\/?s={search_term_string}"},"query-input":{"@type":"PropertyValueSpecification","valueRequired":true,"valueName":"search_term_string"}}],"inLanguage":"fr-FR"},{"@type":"Organization","@id":"https:\/\/lasentinelle.dz\/#organization","name":"Quotidien La Sentinelle","url":"https:\/\/lasentinelle.dz\/","logo":{"@type":"ImageObject","inLanguage":"fr-FR","@id":"https:\/\/lasentinelle.dz\/#\/schema\/logo\/image\/","url":"https:\/\/lasentinelle.dz\/wp-content\/uploads\/2021\/09\/logo-sentinelleSLOGAN-1.png","contentUrl":"https:\/\/lasentinelle.dz\/wp-content\/uploads\/2021\/09\/logo-sentinelleSLOGAN-1.png","width":615,"height":142,"caption":"Quotidien La Sentinelle"},"image":{"@id":"https:\/\/lasentinelle.dz\/#\/schema\/logo\/image\/"},"sameAs":["https:\/\/www.facebook.com\/La-Sentinelle-104059864394773"]},{"@type":"Person","@id":"https:\/\/lasentinelle.dz\/#\/schema\/person\/d865044e22e70a75174ce8bcad3acfb3","name":"La Sentinelle","image":{"@type":"ImageObject","inLanguage":"fr-FR","@id":"https:\/\/secure.gravatar.com\/avatar\/57de8e5d4b15d43fb361a71fbb36338450fe67865b528a43dd10ef7c51a20392?s=96&d=mm&r=g","url":"https:\/\/secure.gravatar.com\/avatar\/57de8e5d4b15d43fb361a71fbb36338450fe67865b528a43dd10ef7c51a20392?s=96&d=mm&r=g","contentUrl":"https:\/\/secure.gravatar.com\/avatar\/57de8e5d4b15d43fb361a71fbb36338450fe67865b528a43dd10ef7c51a20392?s=96&d=mm&r=g","caption":"La Sentinelle"},"sameAs":["http:\/\/www.lasentinelle.dz"],"url":"https:\/\/lasentinelle.dz\/author\/redaction\/"}]}},"_links":{"self":[{"href":"https:\/\/lasentinelle.dz\/index.php\/wp-json\/wp\/v2\/posts\/4427","targetHints":{"allow":["GET"]}}],"collection":[{"href":"https:\/\/lasentinelle.dz\/index.php\/wp-json\/wp\/v2\/posts"}],"about":[{"href":"https:\/\/lasentinelle.dz\/index.php\/wp-json\/wp\/v2\/types\/post"}],"author":[{"embeddable":true,"href":"https:\/\/lasentinelle.dz\/index.php\/wp-json\/wp\/v2\/users\/3"}],"replies":[{"embeddable":true,"href":"https:\/\/lasentinelle.dz\/index.php\/wp-json\/wp\/v2\/comments?post=4427"}],"version-history":[{"count":1,"href":"https:\/\/lasentinelle.dz\/index.php\/wp-json\/wp\/v2\/posts\/4427\/revisions"}],"predecessor-version":[{"id":4457,"href":"https:\/\/lasentinelle.dz\/index.php\/wp-json\/wp\/v2\/posts\/4427\/revisions\/4457"}],"wp:featuredmedia":[{"embeddable":true,"href":"https:\/\/lasentinelle.dz\/index.php\/wp-json\/wp\/v2\/media\/4456"}],"wp:attachment":[{"href":"https:\/\/lasentinelle.dz\/index.php\/wp-json\/wp\/v2\/media?parent=4427"}],"wp:term":[{"taxonomy":"category","embeddable":true,"href":"https:\/\/lasentinelle.dz\/index.php\/wp-json\/wp\/v2\/categories?post=4427"},{"taxonomy":"post_tag","embeddable":true,"href":"https:\/\/lasentinelle.dz\/index.php\/wp-json\/wp\/v2\/tags?post=4427"}],"curies":[{"name":"wp","href":"https:\/\/api.w.org\/{rel}","templated":true}]}}