{"id":44282,"date":"2023-08-02T22:37:35","date_gmt":"2023-08-02T21:37:35","guid":{"rendered":"https:\/\/lasentinelle.dz\/?p=44282"},"modified":"2023-08-02T22:37:41","modified_gmt":"2023-08-02T21:37:41","slug":"le-president-tebboune-installe-le-conseil-superieur-de-regulation-des-importations-preserver-la-production-nationale","status":"publish","type":"post","link":"https:\/\/lasentinelle.dz\/index.php\/2023\/08\/02\/le-president-tebboune-installe-le-conseil-superieur-de-regulation-des-importations-preserver-la-production-nationale\/","title":{"rendered":"Le Pr\u00e9sident Tebboune installe le Conseil sup\u00e9rieur de r\u00e9gulation des importations\u00a0: Pr\u00e9server la production nationale"},"content":{"rendered":"\n<p>Le pr\u00e9sident de la R\u00e9publique, Abdelmadjid Tebboune a install\u00e9 hier Conseil sup\u00e9rieur de r\u00e9gulation des importations. Un organe qui doit contribuer \u00e0 mieux r\u00e9guler les importations et renforcer la protection de la production nationale.<\/p>\n\n\n\n<p>En effet, selon un communiqu\u00e9 des services de la Pr\u00e9sidence de la R\u00e9publique, \u00ab&nbsp;le pr\u00e9sident de la R\u00e9publique, M. Abdelmadjid Tebboune, a pr\u00e9sid\u00e9, mercredi au si\u00e8ge de la Pr\u00e9sidence de la R\u00e9publique, la c\u00e9r\u00e9monie d&rsquo;installation du Conseil sup\u00e9rieur de r\u00e9gulation des importations&nbsp;\u00bb. Une installation qui doit ainsi compl\u00e9ter le dispositif de r\u00e9gulation des importations. Il utile de rappeler dans ce contexte que le pr\u00e9sident Tebboune une r\u00e9union de la Haute Commission de contr\u00f4le des d\u00e9clarations douani\u00e8res et transactions commerciales. Une instance qui doit contribuer au renforcement du contr\u00f4le du commerce ext\u00e9rieur, de mieux ma\u00eetriser les transactions notamment \u00e0 l\u2019import, mais aussi am\u00e9liorer le dispositif de suivi et de contr\u00f4le des d\u00e9clarations douani\u00e8res afin de limiter les pratiques d\u00e9lictuelles dans le domaine du commerce ext\u00e9rieur, notamment les fausses d\u00e9clarations et les surfacturations. Des dispositifs mis en place afin de consolider la protection de la production nationale, tout en garantissant un approvisionnement r\u00e9gulier et suffisant du march\u00e9 national. Il faut dire la ma\u00eetrise des importations a \u00e9t\u00e9 un objectif prioritaire du pr\u00e9sident de la R\u00e9publique. Un objectif qu\u2019il a \u00e9nonc\u00e9 d\u00e8s la conf\u00e9rence nationale de la relance \u00e9conomique en ao\u00fbt 2020, o\u00f9 il avait d\u00e9nonc\u00e9 \u00ab&nbsp;une ali\u00e9nation&nbsp;\u00bb de l\u2019\u00e9conomie nationale d\u00e9pendante des importations pour l\u2019approvisionnement au d\u00e9triment de la production nationale et du tissu industriel qui a \u00e9t\u00e9 d\u00e9structur\u00e9. C\u2019est dans l\u2019objectif de r\u00e9habiliter la production nationale et sa promotion dans le cadre d\u2019une d\u00e9marche de diversification de l\u2019\u00e9conomie nationale que le Pr\u00e9sident Tebboune a soulign\u00e9 \u00e0 diverses occasions la n\u00e9cessit\u00e9 de n\u2019importer que ce dont le march\u00e9 a besoin, et de recourir en priorit\u00e9 \u00e0 la production nationale. C\u2019est dans ce contexte que diverses mesures de r\u00e9gulation du commerce ext\u00e9rieur ont \u00e9t\u00e9 prises. Rappelons que la d\u00e9cision de la cr\u00e9ation d&rsquo;un conseil sup\u00e9rieur de r\u00e9gulation des importations a \u00e9t\u00e9 annonc\u00e9e par le Pr\u00e9sident Tebboune lors d\u2019un conseil des ministres tenu en juillet 2022. Un communiqu\u00e9 qui avait sanctionn\u00e9 les travaux de ce conseil avait alors indiqu\u00e9 que \u00ab&nbsp;ce conseil, sous la tutelle du Premier ministre, sera charg\u00e9 des missions de d\u00e9finition des produits, biens et marchandises destin\u00e9s au march\u00e9 national, et dont le fonctionnement sera interactif, tenant compte de l&rsquo;augmentation ou de la diminution du produit national&nbsp;\u00bb. Notons que l\u2019installation de ce conseil a \u00e9t\u00e9 pr\u00e9c\u00e9d\u00e9e par une action en amont du minist\u00e8re du Commerce et de la Promotion des exportations, qui a men\u00e9 une enqu\u00eate pour \u00e9valuer les capacit\u00e9s r\u00e9elles de la production nationale, et d\u2019identifier les producteurs, leurs capacit\u00e9s, et leur localisation g\u00e9ographique.<\/p>\n\n\n\n<p><strong>Samira Ghrib<\/strong><\/p>\n\n\n\n<p><\/p>\n\n\n\n<p><\/p>\n\n\n\n<p><strong>Baisse de 2% des d\u00e9clarations des importations<\/strong><\/p>\n\n\n\n<p>Selon un bilan du minist\u00e8re du Commerce et de la Promotion des exportations, le nombre de d\u00e9clarations d&rsquo;importation a recul\u00e9 de 2% durant le premier semestre 2023 par rapport \u00e0 la m\u00eame p\u00e9riode de 2022, aexpliquant cela par \u00ab\u00a0la baisse des importations en raison du renforcement des proc\u00e9dures de contr\u00f4le aux fronti\u00e8res dans le cadre des orientations du gouvernement visant \u00e0 encadrer le commerce ext\u00e9rieur et rationaliser les importations\u00a0\u00bb.<\/p>\n\n\n\n<p>Le bilan de contr\u00f4le de la conformit\u00e9 des produits import\u00e9s aux fronti\u00e8res fait \u00e9tat du traitement de 22.345 dossiers de d\u00e9claration d&rsquo;importation au niveau des inspections aux fronti\u00e8res des produits d&rsquo;une valeur financi\u00e8re de 1.122 milliards DA. Les m\u00eames services ont \u00e9tabli 317 d\u00e9cisions de refoulement de produits au niveau des fronti\u00e8res car non conformes d&rsquo;un poids de 46344 tonnes d&rsquo;une valeur de 9,292 milliards DA, outre l&rsquo;\u00e9tablissement de 10 PV transf\u00e9r\u00e9s aux juridictions.<\/p>\n\n\n\n<p>R.N.<\/p>\n","protected":false},"excerpt":{"rendered":"<p>Le pr\u00e9sident de la R\u00e9publique, Abdelmadjid Tebboune a install\u00e9 hier Conseil sup\u00e9rieur de r\u00e9gulation des importations. Un organe qui doit<\/p>\n","protected":false},"author":3,"featured_media":44283,"comment_status":"open","ping_status":"closed","sticky":false,"template":"","format":"standard","meta":{"colormag_page_container_layout":"default_layout","colormag_page_sidebar_layout":"default_layout","om_disable_all_campaigns":false,"_monsterinsights_skip_tracking":false,"_monsterinsights_sitenote_active":false,"_monsterinsights_sitenote_note":"","_monsterinsights_sitenote_category":0,"footnotes":"","_wpscppro_dont_share_socialmedia":false,"_wpscppro_custom_social_share_image":0,"_facebook_share_type":"","_twitter_share_type":"","_linkedin_share_type":"","_pinterest_share_type":"","_linkedin_share_type_page":"","_instagram_share_type":"","_medium_share_type":"","_threads_share_type":"","_google_business_share_type":"","_selected_social_profile":[],"_wpsp_enable_custom_social_template":false,"_wpsp_social_scheduling":{"enabled":false,"datetime":null,"platforms":[],"status":"template_only","dateOption":"today","timeOption":"now","customDays":"","customHours":"","customDate":"","customTime":"","schedulingType":"absolute"},"_wpsp_active_default_template":true},"categories":[52,27],"tags":[],"class_list":["post-44282","post","type-post","status-publish","format-standard","has-post-thumbnail","hentry","category-a-la-une","category-actualite"],"aioseo_notices":[],"yoast_head":"<!-- This site is optimized with the Yoast SEO plugin v27.5 - https:\/\/yoast.com\/product\/yoast-seo-wordpress\/ -->\n<title>Le Pr\u00e9sident Tebboune installe le Conseil sup\u00e9rieur de r\u00e9gulation des importations\u00a0: Pr\u00e9server la production nationale - La Sentinelle<\/title>\n<meta name=\"robots\" content=\"index, follow, max-snippet:-1, max-image-preview:large, max-video-preview:-1\" \/>\n<link rel=\"canonical\" href=\"https:\/\/lasentinelle.dz\/index.php\/2023\/08\/02\/le-president-tebboune-installe-le-conseil-superieur-de-regulation-des-importations-preserver-la-production-nationale\/\" \/>\n<meta property=\"og:locale\" content=\"fr_FR\" \/>\n<meta property=\"og:type\" content=\"article\" \/>\n<meta property=\"og:title\" content=\"Le Pr\u00e9sident Tebboune installe le Conseil sup\u00e9rieur de r\u00e9gulation des importations\u00a0: Pr\u00e9server la production nationale - La Sentinelle\" \/>\n<meta property=\"og:description\" content=\"Le pr\u00e9sident de la R\u00e9publique, Abdelmadjid Tebboune a install\u00e9 hier Conseil sup\u00e9rieur de r\u00e9gulation des importations. Un organe qui doit\" \/>\n<meta property=\"og:url\" content=\"https:\/\/lasentinelle.dz\/index.php\/2023\/08\/02\/le-president-tebboune-installe-le-conseil-superieur-de-regulation-des-importations-preserver-la-production-nationale\/\" \/>\n<meta property=\"og:site_name\" content=\"La Sentinelle\" \/>\n<meta property=\"article:publisher\" content=\"https:\/\/www.facebook.com\/La-Sentinelle-104059864394773\" \/>\n<meta property=\"article:published_time\" content=\"2023-08-02T21:37:35+00:00\" \/>\n<meta property=\"article:modified_time\" content=\"2023-08-02T21:37:41+00:00\" \/>\n<meta property=\"og:image\" content=\"https:\/\/lasentinelle.dz\/wp-content\/uploads\/2023\/08\/tebboune-import.jpeg\" \/>\n\t<meta property=\"og:image:width\" content=\"1280\" \/>\n\t<meta property=\"og:image:height\" content=\"853\" \/>\n\t<meta property=\"og:image:type\" content=\"image\/jpeg\" \/>\n<meta name=\"author\" content=\"La Sentinelle\" \/>\n<meta name=\"twitter:card\" content=\"summary_large_image\" \/>\n<meta name=\"twitter:label1\" content=\"\u00c9crit par\" \/>\n\t<meta name=\"twitter:data1\" content=\"La Sentinelle\" \/>\n\t<meta name=\"twitter:label2\" content=\"Dur\u00e9e de lecture estim\u00e9e\" \/>\n\t<meta name=\"twitter:data2\" content=\"4 minutes\" \/>\n<script type=\"application\/ld+json\" class=\"yoast-schema-graph\">{\"@context\":\"https:\\\/\\\/schema.org\",\"@graph\":[{\"@type\":\"Article\",\"@id\":\"https:\\\/\\\/lasentinelle.dz\\\/index.php\\\/2023\\\/08\\\/02\\\/le-president-tebboune-installe-le-conseil-superieur-de-regulation-des-importations-preserver-la-production-nationale\\\/#article\",\"isPartOf\":{\"@id\":\"https:\\\/\\\/lasentinelle.dz\\\/index.php\\\/2023\\\/08\\\/02\\\/le-president-tebboune-installe-le-conseil-superieur-de-regulation-des-importations-preserver-la-production-nationale\\\/\"},\"author\":{\"name\":\"La Sentinelle\",\"@id\":\"https:\\\/\\\/lasentinelle.dz\\\/#\\\/schema\\\/person\\\/d865044e22e70a75174ce8bcad3acfb3\"},\"headline\":\"Le Pr\u00e9sident Tebboune installe le Conseil sup\u00e9rieur de r\u00e9gulation des importations\u00a0: Pr\u00e9server la production nationale\",\"datePublished\":\"2023-08-02T21:37:35+00:00\",\"dateModified\":\"2023-08-02T21:37:41+00:00\",\"mainEntityOfPage\":{\"@id\":\"https:\\\/\\\/lasentinelle.dz\\\/index.php\\\/2023\\\/08\\\/02\\\/le-president-tebboune-installe-le-conseil-superieur-de-regulation-des-importations-preserver-la-production-nationale\\\/\"},\"wordCount\":720,\"commentCount\":0,\"publisher\":{\"@id\":\"https:\\\/\\\/lasentinelle.dz\\\/#organization\"},\"image\":{\"@id\":\"https:\\\/\\\/lasentinelle.dz\\\/index.php\\\/2023\\\/08\\\/02\\\/le-president-tebboune-installe-le-conseil-superieur-de-regulation-des-importations-preserver-la-production-nationale\\\/#primaryimage\"},\"thumbnailUrl\":\"https:\\\/\\\/lasentinelle.dz\\\/wp-content\\\/uploads\\\/2023\\\/08\\\/tebboune-import.jpeg\",\"articleSection\":[\"\u00c0 la Une\",\"Actualit\u00e9\"],\"inLanguage\":\"fr-FR\",\"potentialAction\":[{\"@type\":\"CommentAction\",\"name\":\"Comment\",\"target\":[\"https:\\\/\\\/lasentinelle.dz\\\/index.php\\\/2023\\\/08\\\/02\\\/le-president-tebboune-installe-le-conseil-superieur-de-regulation-des-importations-preserver-la-production-nationale\\\/#respond\"]}]},{\"@type\":\"WebPage\",\"@id\":\"https:\\\/\\\/lasentinelle.dz\\\/index.php\\\/2023\\\/08\\\/02\\\/le-president-tebboune-installe-le-conseil-superieur-de-regulation-des-importations-preserver-la-production-nationale\\\/\",\"url\":\"https:\\\/\\\/lasentinelle.dz\\\/index.php\\\/2023\\\/08\\\/02\\\/le-president-tebboune-installe-le-conseil-superieur-de-regulation-des-importations-preserver-la-production-nationale\\\/\",\"name\":\"Le Pr\u00e9sident Tebboune installe le Conseil sup\u00e9rieur de r\u00e9gulation des importations\u00a0: Pr\u00e9server la production nationale - La Sentinelle\",\"isPartOf\":{\"@id\":\"https:\\\/\\\/lasentinelle.dz\\\/#website\"},\"primaryImageOfPage\":{\"@id\":\"https:\\\/\\\/lasentinelle.dz\\\/index.php\\\/2023\\\/08\\\/02\\\/le-president-tebboune-installe-le-conseil-superieur-de-regulation-des-importations-preserver-la-production-nationale\\\/#primaryimage\"},\"image\":{\"@id\":\"https:\\\/\\\/lasentinelle.dz\\\/index.php\\\/2023\\\/08\\\/02\\\/le-president-tebboune-installe-le-conseil-superieur-de-regulation-des-importations-preserver-la-production-nationale\\\/#primaryimage\"},\"thumbnailUrl\":\"https:\\\/\\\/lasentinelle.dz\\\/wp-content\\\/uploads\\\/2023\\\/08\\\/tebboune-import.jpeg\",\"datePublished\":\"2023-08-02T21:37:35+00:00\",\"dateModified\":\"2023-08-02T21:37:41+00:00\",\"breadcrumb\":{\"@id\":\"https:\\\/\\\/lasentinelle.dz\\\/index.php\\\/2023\\\/08\\\/02\\\/le-president-tebboune-installe-le-conseil-superieur-de-regulation-des-importations-preserver-la-production-nationale\\\/#breadcrumb\"},\"inLanguage\":\"fr-FR\",\"potentialAction\":[{\"@type\":\"ReadAction\",\"target\":[\"https:\\\/\\\/lasentinelle.dz\\\/index.php\\\/2023\\\/08\\\/02\\\/le-president-tebboune-installe-le-conseil-superieur-de-regulation-des-importations-preserver-la-production-nationale\\\/\"]}]},{\"@type\":\"ImageObject\",\"inLanguage\":\"fr-FR\",\"@id\":\"https:\\\/\\\/lasentinelle.dz\\\/index.php\\\/2023\\\/08\\\/02\\\/le-president-tebboune-installe-le-conseil-superieur-de-regulation-des-importations-preserver-la-production-nationale\\\/#primaryimage\",\"url\":\"https:\\\/\\\/lasentinelle.dz\\\/wp-content\\\/uploads\\\/2023\\\/08\\\/tebboune-import.jpeg\",\"contentUrl\":\"https:\\\/\\\/lasentinelle.dz\\\/wp-content\\\/uploads\\\/2023\\\/08\\\/tebboune-import.jpeg\",\"width\":1280,\"height\":853},{\"@type\":\"BreadcrumbList\",\"@id\":\"https:\\\/\\\/lasentinelle.dz\\\/index.php\\\/2023\\\/08\\\/02\\\/le-president-tebboune-installe-le-conseil-superieur-de-regulation-des-importations-preserver-la-production-nationale\\\/#breadcrumb\",\"itemListElement\":[{\"@type\":\"ListItem\",\"position\":1,\"name\":\"Accueil\",\"item\":\"https:\\\/\\\/lasentinelle.dz\\\/\"},{\"@type\":\"ListItem\",\"position\":2,\"name\":\"Le Pr\u00e9sident Tebboune installe le Conseil sup\u00e9rieur de r\u00e9gulation des importations\u00a0: Pr\u00e9server la production nationale\"}]},{\"@type\":\"WebSite\",\"@id\":\"https:\\\/\\\/lasentinelle.dz\\\/#website\",\"url\":\"https:\\\/\\\/lasentinelle.dz\\\/\",\"name\":\"La Sentinelle\",\"description\":\"Quotidien national d&#039;information\",\"publisher\":{\"@id\":\"https:\\\/\\\/lasentinelle.dz\\\/#organization\"},\"potentialAction\":[{\"@type\":\"SearchAction\",\"target\":{\"@type\":\"EntryPoint\",\"urlTemplate\":\"https:\\\/\\\/lasentinelle.dz\\\/?s={search_term_string}\"},\"query-input\":{\"@type\":\"PropertyValueSpecification\",\"valueRequired\":true,\"valueName\":\"search_term_string\"}}],\"inLanguage\":\"fr-FR\"},{\"@type\":\"Organization\",\"@id\":\"https:\\\/\\\/lasentinelle.dz\\\/#organization\",\"name\":\"Quotidien La Sentinelle\",\"url\":\"https:\\\/\\\/lasentinelle.dz\\\/\",\"logo\":{\"@type\":\"ImageObject\",\"inLanguage\":\"fr-FR\",\"@id\":\"https:\\\/\\\/lasentinelle.dz\\\/#\\\/schema\\\/logo\\\/image\\\/\",\"url\":\"https:\\\/\\\/lasentinelle.dz\\\/wp-content\\\/uploads\\\/2021\\\/09\\\/logo-sentinelleSLOGAN-1.png\",\"contentUrl\":\"https:\\\/\\\/lasentinelle.dz\\\/wp-content\\\/uploads\\\/2021\\\/09\\\/logo-sentinelleSLOGAN-1.png\",\"width\":615,\"height\":142,\"caption\":\"Quotidien La Sentinelle\"},\"image\":{\"@id\":\"https:\\\/\\\/lasentinelle.dz\\\/#\\\/schema\\\/logo\\\/image\\\/\"},\"sameAs\":[\"https:\\\/\\\/www.facebook.com\\\/La-Sentinelle-104059864394773\"]},{\"@type\":\"Person\",\"@id\":\"https:\\\/\\\/lasentinelle.dz\\\/#\\\/schema\\\/person\\\/d865044e22e70a75174ce8bcad3acfb3\",\"name\":\"La Sentinelle\",\"image\":{\"@type\":\"ImageObject\",\"inLanguage\":\"fr-FR\",\"@id\":\"https:\\\/\\\/secure.gravatar.com\\\/avatar\\\/57de8e5d4b15d43fb361a71fbb36338450fe67865b528a43dd10ef7c51a20392?s=96&d=mm&r=g\",\"url\":\"https:\\\/\\\/secure.gravatar.com\\\/avatar\\\/57de8e5d4b15d43fb361a71fbb36338450fe67865b528a43dd10ef7c51a20392?s=96&d=mm&r=g\",\"contentUrl\":\"https:\\\/\\\/secure.gravatar.com\\\/avatar\\\/57de8e5d4b15d43fb361a71fbb36338450fe67865b528a43dd10ef7c51a20392?s=96&d=mm&r=g\",\"caption\":\"La Sentinelle\"},\"sameAs\":[\"http:\\\/\\\/www.lasentinelle.dz\"],\"url\":\"https:\\\/\\\/lasentinelle.dz\\\/author\\\/redaction\\\/\"}]}<\/script>\n<!-- \/ Yoast SEO plugin. -->","yoast_head_json":{"title":"Le Pr\u00e9sident Tebboune installe le Conseil sup\u00e9rieur de r\u00e9gulation des importations\u00a0: Pr\u00e9server la production nationale - La Sentinelle","robots":{"index":"index","follow":"follow","max-snippet":"max-snippet:-1","max-image-preview":"max-image-preview:large","max-video-preview":"max-video-preview:-1"},"canonical":"https:\/\/lasentinelle.dz\/index.php\/2023\/08\/02\/le-president-tebboune-installe-le-conseil-superieur-de-regulation-des-importations-preserver-la-production-nationale\/","og_locale":"fr_FR","og_type":"article","og_title":"Le Pr\u00e9sident Tebboune installe le Conseil sup\u00e9rieur de r\u00e9gulation des importations\u00a0: Pr\u00e9server la production nationale - La Sentinelle","og_description":"Le pr\u00e9sident de la R\u00e9publique, Abdelmadjid Tebboune a install\u00e9 hier Conseil sup\u00e9rieur de r\u00e9gulation des importations. Un organe qui doit","og_url":"https:\/\/lasentinelle.dz\/index.php\/2023\/08\/02\/le-president-tebboune-installe-le-conseil-superieur-de-regulation-des-importations-preserver-la-production-nationale\/","og_site_name":"La Sentinelle","article_publisher":"https:\/\/www.facebook.com\/La-Sentinelle-104059864394773","article_published_time":"2023-08-02T21:37:35+00:00","article_modified_time":"2023-08-02T21:37:41+00:00","og_image":[{"width":1280,"height":853,"url":"https:\/\/lasentinelle.dz\/wp-content\/uploads\/2023\/08\/tebboune-import.jpeg","type":"image\/jpeg"}],"author":"La Sentinelle","twitter_card":"summary_large_image","twitter_misc":{"\u00c9crit par":"La Sentinelle","Dur\u00e9e de lecture estim\u00e9e":"4 minutes"},"schema":{"@context":"https:\/\/schema.org","@graph":[{"@type":"Article","@id":"https:\/\/lasentinelle.dz\/index.php\/2023\/08\/02\/le-president-tebboune-installe-le-conseil-superieur-de-regulation-des-importations-preserver-la-production-nationale\/#article","isPartOf":{"@id":"https:\/\/lasentinelle.dz\/index.php\/2023\/08\/02\/le-president-tebboune-installe-le-conseil-superieur-de-regulation-des-importations-preserver-la-production-nationale\/"},"author":{"name":"La Sentinelle","@id":"https:\/\/lasentinelle.dz\/#\/schema\/person\/d865044e22e70a75174ce8bcad3acfb3"},"headline":"Le Pr\u00e9sident Tebboune installe le Conseil sup\u00e9rieur de r\u00e9gulation des importations\u00a0: Pr\u00e9server la production nationale","datePublished":"2023-08-02T21:37:35+00:00","dateModified":"2023-08-02T21:37:41+00:00","mainEntityOfPage":{"@id":"https:\/\/lasentinelle.dz\/index.php\/2023\/08\/02\/le-president-tebboune-installe-le-conseil-superieur-de-regulation-des-importations-preserver-la-production-nationale\/"},"wordCount":720,"commentCount":0,"publisher":{"@id":"https:\/\/lasentinelle.dz\/#organization"},"image":{"@id":"https:\/\/lasentinelle.dz\/index.php\/2023\/08\/02\/le-president-tebboune-installe-le-conseil-superieur-de-regulation-des-importations-preserver-la-production-nationale\/#primaryimage"},"thumbnailUrl":"https:\/\/lasentinelle.dz\/wp-content\/uploads\/2023\/08\/tebboune-import.jpeg","articleSection":["\u00c0 la Une","Actualit\u00e9"],"inLanguage":"fr-FR","potentialAction":[{"@type":"CommentAction","name":"Comment","target":["https:\/\/lasentinelle.dz\/index.php\/2023\/08\/02\/le-president-tebboune-installe-le-conseil-superieur-de-regulation-des-importations-preserver-la-production-nationale\/#respond"]}]},{"@type":"WebPage","@id":"https:\/\/lasentinelle.dz\/index.php\/2023\/08\/02\/le-president-tebboune-installe-le-conseil-superieur-de-regulation-des-importations-preserver-la-production-nationale\/","url":"https:\/\/lasentinelle.dz\/index.php\/2023\/08\/02\/le-president-tebboune-installe-le-conseil-superieur-de-regulation-des-importations-preserver-la-production-nationale\/","name":"Le Pr\u00e9sident Tebboune installe le Conseil sup\u00e9rieur de r\u00e9gulation des importations\u00a0: Pr\u00e9server la production nationale - La Sentinelle","isPartOf":{"@id":"https:\/\/lasentinelle.dz\/#website"},"primaryImageOfPage":{"@id":"https:\/\/lasentinelle.dz\/index.php\/2023\/08\/02\/le-president-tebboune-installe-le-conseil-superieur-de-regulation-des-importations-preserver-la-production-nationale\/#primaryimage"},"image":{"@id":"https:\/\/lasentinelle.dz\/index.php\/2023\/08\/02\/le-president-tebboune-installe-le-conseil-superieur-de-regulation-des-importations-preserver-la-production-nationale\/#primaryimage"},"thumbnailUrl":"https:\/\/lasentinelle.dz\/wp-content\/uploads\/2023\/08\/tebboune-import.jpeg","datePublished":"2023-08-02T21:37:35+00:00","dateModified":"2023-08-02T21:37:41+00:00","breadcrumb":{"@id":"https:\/\/lasentinelle.dz\/index.php\/2023\/08\/02\/le-president-tebboune-installe-le-conseil-superieur-de-regulation-des-importations-preserver-la-production-nationale\/#breadcrumb"},"inLanguage":"fr-FR","potentialAction":[{"@type":"ReadAction","target":["https:\/\/lasentinelle.dz\/index.php\/2023\/08\/02\/le-president-tebboune-installe-le-conseil-superieur-de-regulation-des-importations-preserver-la-production-nationale\/"]}]},{"@type":"ImageObject","inLanguage":"fr-FR","@id":"https:\/\/lasentinelle.dz\/index.php\/2023\/08\/02\/le-president-tebboune-installe-le-conseil-superieur-de-regulation-des-importations-preserver-la-production-nationale\/#primaryimage","url":"https:\/\/lasentinelle.dz\/wp-content\/uploads\/2023\/08\/tebboune-import.jpeg","contentUrl":"https:\/\/lasentinelle.dz\/wp-content\/uploads\/2023\/08\/tebboune-import.jpeg","width":1280,"height":853},{"@type":"BreadcrumbList","@id":"https:\/\/lasentinelle.dz\/index.php\/2023\/08\/02\/le-president-tebboune-installe-le-conseil-superieur-de-regulation-des-importations-preserver-la-production-nationale\/#breadcrumb","itemListElement":[{"@type":"ListItem","position":1,"name":"Accueil","item":"https:\/\/lasentinelle.dz\/"},{"@type":"ListItem","position":2,"name":"Le Pr\u00e9sident Tebboune installe le Conseil sup\u00e9rieur de r\u00e9gulation des importations\u00a0: Pr\u00e9server la production nationale"}]},{"@type":"WebSite","@id":"https:\/\/lasentinelle.dz\/#website","url":"https:\/\/lasentinelle.dz\/","name":"La Sentinelle","description":"Quotidien national d&#039;information","publisher":{"@id":"https:\/\/lasentinelle.dz\/#organization"},"potentialAction":[{"@type":"SearchAction","target":{"@type":"EntryPoint","urlTemplate":"https:\/\/lasentinelle.dz\/?s={search_term_string}"},"query-input":{"@type":"PropertyValueSpecification","valueRequired":true,"valueName":"search_term_string"}}],"inLanguage":"fr-FR"},{"@type":"Organization","@id":"https:\/\/lasentinelle.dz\/#organization","name":"Quotidien La Sentinelle","url":"https:\/\/lasentinelle.dz\/","logo":{"@type":"ImageObject","inLanguage":"fr-FR","@id":"https:\/\/lasentinelle.dz\/#\/schema\/logo\/image\/","url":"https:\/\/lasentinelle.dz\/wp-content\/uploads\/2021\/09\/logo-sentinelleSLOGAN-1.png","contentUrl":"https:\/\/lasentinelle.dz\/wp-content\/uploads\/2021\/09\/logo-sentinelleSLOGAN-1.png","width":615,"height":142,"caption":"Quotidien La Sentinelle"},"image":{"@id":"https:\/\/lasentinelle.dz\/#\/schema\/logo\/image\/"},"sameAs":["https:\/\/www.facebook.com\/La-Sentinelle-104059864394773"]},{"@type":"Person","@id":"https:\/\/lasentinelle.dz\/#\/schema\/person\/d865044e22e70a75174ce8bcad3acfb3","name":"La Sentinelle","image":{"@type":"ImageObject","inLanguage":"fr-FR","@id":"https:\/\/secure.gravatar.com\/avatar\/57de8e5d4b15d43fb361a71fbb36338450fe67865b528a43dd10ef7c51a20392?s=96&d=mm&r=g","url":"https:\/\/secure.gravatar.com\/avatar\/57de8e5d4b15d43fb361a71fbb36338450fe67865b528a43dd10ef7c51a20392?s=96&d=mm&r=g","contentUrl":"https:\/\/secure.gravatar.com\/avatar\/57de8e5d4b15d43fb361a71fbb36338450fe67865b528a43dd10ef7c51a20392?s=96&d=mm&r=g","caption":"La Sentinelle"},"sameAs":["http:\/\/www.lasentinelle.dz"],"url":"https:\/\/lasentinelle.dz\/author\/redaction\/"}]}},"_links":{"self":[{"href":"https:\/\/lasentinelle.dz\/index.php\/wp-json\/wp\/v2\/posts\/44282","targetHints":{"allow":["GET"]}}],"collection":[{"href":"https:\/\/lasentinelle.dz\/index.php\/wp-json\/wp\/v2\/posts"}],"about":[{"href":"https:\/\/lasentinelle.dz\/index.php\/wp-json\/wp\/v2\/types\/post"}],"author":[{"embeddable":true,"href":"https:\/\/lasentinelle.dz\/index.php\/wp-json\/wp\/v2\/users\/3"}],"replies":[{"embeddable":true,"href":"https:\/\/lasentinelle.dz\/index.php\/wp-json\/wp\/v2\/comments?post=44282"}],"version-history":[{"count":1,"href":"https:\/\/lasentinelle.dz\/index.php\/wp-json\/wp\/v2\/posts\/44282\/revisions"}],"predecessor-version":[{"id":44284,"href":"https:\/\/lasentinelle.dz\/index.php\/wp-json\/wp\/v2\/posts\/44282\/revisions\/44284"}],"wp:featuredmedia":[{"embeddable":true,"href":"https:\/\/lasentinelle.dz\/index.php\/wp-json\/wp\/v2\/media\/44283"}],"wp:attachment":[{"href":"https:\/\/lasentinelle.dz\/index.php\/wp-json\/wp\/v2\/media?parent=44282"}],"wp:term":[{"taxonomy":"category","embeddable":true,"href":"https:\/\/lasentinelle.dz\/index.php\/wp-json\/wp\/v2\/categories?post=44282"},{"taxonomy":"post_tag","embeddable":true,"href":"https:\/\/lasentinelle.dz\/index.php\/wp-json\/wp\/v2\/tags?post=44282"}],"curies":[{"name":"wp","href":"https:\/\/api.w.org\/{rel}","templated":true}]}}