{"id":44402,"date":"2023-08-07T23:09:07","date_gmt":"2023-08-07T22:09:07","guid":{"rendered":"https:\/\/lasentinelle.dz\/?p=44402"},"modified":"2023-08-07T23:09:13","modified_gmt":"2023-08-07T22:09:13","slug":"accuse-de-demolition-des-biens-dautrui-le-p-apc-dannaba-devant-la-chambre-daccusation","status":"publish","type":"post","link":"https:\/\/lasentinelle.dz\/index.php\/2023\/08\/07\/accuse-de-demolition-des-biens-dautrui-le-p-apc-dannaba-devant-la-chambre-daccusation\/","title":{"rendered":"Accus\u00e9 de d\u00e9molition des biens d\u2019autrui\u00a0: Le P\/APC d\u2019Annaba devant la chambre d\u2019accusation"},"content":{"rendered":"\n<p>La plainte introduite \u00e0 l\u2019encontre du pr\u00e9sident de l\u2019Assembl\u00e9e populaire communale d&rsquo;Annaba concernant des accusations de d\u00e9molition des biens d\u2019autrui a \u00e9t\u00e9 port\u00e9e devant la chambre d\u2019accusation.<\/p>\n\n\n\n<p>Le P\/APC d\u2019Annaba \u00e9tait cens\u00e9 compara\u00eetre devant la chambre d\u2019accusation pr\u00e8s le tribunal d\u2019Annaba cette semaine, apprend-on de source judiciaire. Or, selon la m\u00eame source, le dossier de cette affaire qui a fait couler beaucoup d\u2019encre, a \u00e9t\u00e9 ajourn\u00e9, d\u2019o\u00f9 le report au 15 Ao\u00fbt de la comparution du P\/APC devant cette instance de justice. L\u2019\u00e9lu est pr\u00e9sum\u00e9 accus\u00e9 de d\u00e9molition de biens d\u2019autrui, de violation de domicile, vol, d\u00e9t\u00e9rioration des biens d\u2019autrui et abus de pouvoir. Cette affaire remonte, rappelons-le, au 16 mai dernier, lorsqu\u2019une plainte avait \u00e9t\u00e9 introduite \u00e0 l\u2019encontre du P\/APC, par trois membres d\u2019une m\u00eame famille. Apr\u00e8s les auditions men\u00e9es par le procureur de la R\u00e9publique, le dossier de l\u2019affaire a \u00e9t\u00e9 transf\u00e9r\u00e9 vers le magistrat instructeur pr\u00e8s le tribunal d\u2019El Hadjar, qui l\u2019a transf\u00e9r\u00e9 \u00e0 son tour \u00e0 la chambre d\u2019accusation. Or, un recours a \u00e9t\u00e9 introduit par l\u2019avocat des plaignants, constitu\u00e9es en partie civile, contre l\u2019ordonnance du juge d\u2019instruction suite au transfert du dossier hors comp\u00e9tence, comme le stipule l\u2019article 182 de la proc\u00e9dure p\u00e9nale. Le recours introduit par les plaignants leur permettra de choisir un tribunal hors circonscription conform\u00e9ment aux proc\u00e9dures p\u00e9nales ou de maintenir l\u2019examen de l\u2019affaire par l\u2019instance de justice d\u2019Annaba. C\u2019est pourquoi, le dossier de l\u2019affaire a \u00e9t\u00e9 soumis \u00e0 la Chambre d\u2019accusation de la Cour d\u2019Annaba pour examen. Ainsi, le maire de la commune d&rsquo;Annaba est appel\u00e9 \u00e0 justifier ses agissements objets d\u2019accusations par les trois plaignants.<\/p>\n\n\n\n<p>Pour rappel, les services de s\u00e9curit\u00e9 ont ouvert une enqu\u00eate sur la d\u00e9cision du P\/APC qui a ordonn\u00e9 la d\u00e9molition, sans d\u00e9cision de justice, du domicile de la famille des plaignants et la saisie de leurs biens. Jusqu\u2019\u00e0 la mise sous presse les services de s\u00e9curit\u00e9 en charge de l\u2019enqu\u00eate n\u2019arrivent pas \u00e0 trouver les \u00e9quipements de construction saisis. Des \u00e9quipements qui auraient disparu sans laisser de trace<\/p>\n\n\n\n<p><strong>&nbsp;Sofia Chahine<\/strong><\/p>\n","protected":false},"excerpt":{"rendered":"<p>La plainte introduite \u00e0 l\u2019encontre du pr\u00e9sident de l\u2019Assembl\u00e9e populaire communale d&rsquo;Annaba concernant des accusations de d\u00e9molition des biens d\u2019autrui<\/p>\n","protected":false},"author":3,"featured_media":41837,"comment_status":"open","ping_status":"closed","sticky":false,"template":"","format":"standard","meta":{"colormag_page_container_layout":"default_layout","colormag_page_sidebar_layout":"default_layout","om_disable_all_campaigns":false,"_monsterinsights_skip_tracking":false,"_monsterinsights_sitenote_active":false,"_monsterinsights_sitenote_note":"","_monsterinsights_sitenote_category":0,"footnotes":"","_wpscppro_dont_share_socialmedia":false,"_wpscppro_custom_social_share_image":0,"_facebook_share_type":"","_twitter_share_type":"","_linkedin_share_type":"","_pinterest_share_type":"","_linkedin_share_type_page":"","_instagram_share_type":"","_medium_share_type":"","_threads_share_type":"","_google_business_share_type":"","_selected_social_profile":[],"_wpsp_enable_custom_social_template":false,"_wpsp_social_scheduling":{"enabled":false,"datetime":null,"platforms":[],"status":"template_only","dateOption":"today","timeOption":"now","customDays":"","customHours":"","customDate":"","customTime":"","schedulingType":"absolute"},"_wpsp_active_default_template":true},"categories":[31],"tags":[],"class_list":["post-44402","post","type-post","status-publish","format-standard","has-post-thumbnail","hentry","category-regions"],"aioseo_notices":[],"yoast_head":"<!-- This site is optimized with the Yoast SEO plugin v27.4 - https:\/\/yoast.com\/product\/yoast-seo-wordpress\/ -->\n<title>Accus\u00e9 de d\u00e9molition des biens d\u2019autrui\u00a0: Le P\/APC d\u2019Annaba devant la chambre d\u2019accusation - La Sentinelle<\/title>\n<meta name=\"robots\" content=\"index, follow, max-snippet:-1, max-image-preview:large, max-video-preview:-1\" \/>\n<link rel=\"canonical\" href=\"https:\/\/lasentinelle.dz\/index.php\/2023\/08\/07\/accuse-de-demolition-des-biens-dautrui-le-p-apc-dannaba-devant-la-chambre-daccusation\/\" \/>\n<meta property=\"og:locale\" content=\"fr_FR\" \/>\n<meta property=\"og:type\" content=\"article\" \/>\n<meta property=\"og:title\" content=\"Accus\u00e9 de d\u00e9molition des biens d\u2019autrui\u00a0: Le P\/APC d\u2019Annaba devant la chambre d\u2019accusation - La Sentinelle\" \/>\n<meta property=\"og:description\" content=\"La plainte introduite \u00e0 l\u2019encontre du pr\u00e9sident de l\u2019Assembl\u00e9e populaire communale d&rsquo;Annaba concernant des accusations de d\u00e9molition des biens d\u2019autrui\" \/>\n<meta property=\"og:url\" content=\"https:\/\/lasentinelle.dz\/index.php\/2023\/08\/07\/accuse-de-demolition-des-biens-dautrui-le-p-apc-dannaba-devant-la-chambre-daccusation\/\" \/>\n<meta property=\"og:site_name\" content=\"La Sentinelle\" \/>\n<meta property=\"article:publisher\" content=\"https:\/\/www.facebook.com\/La-Sentinelle-104059864394773\" \/>\n<meta property=\"article:published_time\" content=\"2023-08-07T22:09:07+00:00\" \/>\n<meta property=\"article:modified_time\" content=\"2023-08-07T22:09:13+00:00\" \/>\n<meta property=\"og:image\" content=\"https:\/\/lasentinelle.dz\/wp-content\/uploads\/2023\/05\/Justice.png\" \/>\n\t<meta property=\"og:image:width\" content=\"1579\" \/>\n\t<meta property=\"og:image:height\" content=\"900\" \/>\n\t<meta property=\"og:image:type\" content=\"image\/png\" \/>\n<meta name=\"author\" content=\"La Sentinelle\" \/>\n<meta name=\"twitter:card\" content=\"summary_large_image\" \/>\n<meta name=\"twitter:label1\" content=\"\u00c9crit par\" \/>\n\t<meta name=\"twitter:data1\" content=\"La Sentinelle\" \/>\n\t<meta name=\"twitter:label2\" content=\"Dur\u00e9e de lecture estim\u00e9e\" \/>\n\t<meta name=\"twitter:data2\" content=\"2 minutes\" \/>\n<script type=\"application\/ld+json\" class=\"yoast-schema-graph\">{\"@context\":\"https:\\\/\\\/schema.org\",\"@graph\":[{\"@type\":\"Article\",\"@id\":\"https:\\\/\\\/lasentinelle.dz\\\/index.php\\\/2023\\\/08\\\/07\\\/accuse-de-demolition-des-biens-dautrui-le-p-apc-dannaba-devant-la-chambre-daccusation\\\/#article\",\"isPartOf\":{\"@id\":\"https:\\\/\\\/lasentinelle.dz\\\/index.php\\\/2023\\\/08\\\/07\\\/accuse-de-demolition-des-biens-dautrui-le-p-apc-dannaba-devant-la-chambre-daccusation\\\/\"},\"author\":{\"name\":\"La Sentinelle\",\"@id\":\"https:\\\/\\\/lasentinelle.dz\\\/#\\\/schema\\\/person\\\/d865044e22e70a75174ce8bcad3acfb3\"},\"headline\":\"Accus\u00e9 de d\u00e9molition des biens d\u2019autrui\u00a0: Le P\\\/APC d\u2019Annaba devant la chambre d\u2019accusation\",\"datePublished\":\"2023-08-07T22:09:07+00:00\",\"dateModified\":\"2023-08-07T22:09:13+00:00\",\"mainEntityOfPage\":{\"@id\":\"https:\\\/\\\/lasentinelle.dz\\\/index.php\\\/2023\\\/08\\\/07\\\/accuse-de-demolition-des-biens-dautrui-le-p-apc-dannaba-devant-la-chambre-daccusation\\\/\"},\"wordCount\":417,\"commentCount\":0,\"publisher\":{\"@id\":\"https:\\\/\\\/lasentinelle.dz\\\/#organization\"},\"image\":{\"@id\":\"https:\\\/\\\/lasentinelle.dz\\\/index.php\\\/2023\\\/08\\\/07\\\/accuse-de-demolition-des-biens-dautrui-le-p-apc-dannaba-devant-la-chambre-daccusation\\\/#primaryimage\"},\"thumbnailUrl\":\"https:\\\/\\\/lasentinelle.dz\\\/wp-content\\\/uploads\\\/2023\\\/05\\\/Justice.png\",\"articleSection\":[\"R\u00e9gions\"],\"inLanguage\":\"fr-FR\",\"potentialAction\":[{\"@type\":\"CommentAction\",\"name\":\"Comment\",\"target\":[\"https:\\\/\\\/lasentinelle.dz\\\/index.php\\\/2023\\\/08\\\/07\\\/accuse-de-demolition-des-biens-dautrui-le-p-apc-dannaba-devant-la-chambre-daccusation\\\/#respond\"]}]},{\"@type\":\"WebPage\",\"@id\":\"https:\\\/\\\/lasentinelle.dz\\\/index.php\\\/2023\\\/08\\\/07\\\/accuse-de-demolition-des-biens-dautrui-le-p-apc-dannaba-devant-la-chambre-daccusation\\\/\",\"url\":\"https:\\\/\\\/lasentinelle.dz\\\/index.php\\\/2023\\\/08\\\/07\\\/accuse-de-demolition-des-biens-dautrui-le-p-apc-dannaba-devant-la-chambre-daccusation\\\/\",\"name\":\"Accus\u00e9 de d\u00e9molition des biens d\u2019autrui\u00a0: Le P\\\/APC d\u2019Annaba devant la chambre d\u2019accusation - La Sentinelle\",\"isPartOf\":{\"@id\":\"https:\\\/\\\/lasentinelle.dz\\\/#website\"},\"primaryImageOfPage\":{\"@id\":\"https:\\\/\\\/lasentinelle.dz\\\/index.php\\\/2023\\\/08\\\/07\\\/accuse-de-demolition-des-biens-dautrui-le-p-apc-dannaba-devant-la-chambre-daccusation\\\/#primaryimage\"},\"image\":{\"@id\":\"https:\\\/\\\/lasentinelle.dz\\\/index.php\\\/2023\\\/08\\\/07\\\/accuse-de-demolition-des-biens-dautrui-le-p-apc-dannaba-devant-la-chambre-daccusation\\\/#primaryimage\"},\"thumbnailUrl\":\"https:\\\/\\\/lasentinelle.dz\\\/wp-content\\\/uploads\\\/2023\\\/05\\\/Justice.png\",\"datePublished\":\"2023-08-07T22:09:07+00:00\",\"dateModified\":\"2023-08-07T22:09:13+00:00\",\"breadcrumb\":{\"@id\":\"https:\\\/\\\/lasentinelle.dz\\\/index.php\\\/2023\\\/08\\\/07\\\/accuse-de-demolition-des-biens-dautrui-le-p-apc-dannaba-devant-la-chambre-daccusation\\\/#breadcrumb\"},\"inLanguage\":\"fr-FR\",\"potentialAction\":[{\"@type\":\"ReadAction\",\"target\":[\"https:\\\/\\\/lasentinelle.dz\\\/index.php\\\/2023\\\/08\\\/07\\\/accuse-de-demolition-des-biens-dautrui-le-p-apc-dannaba-devant-la-chambre-daccusation\\\/\"]}]},{\"@type\":\"ImageObject\",\"inLanguage\":\"fr-FR\",\"@id\":\"https:\\\/\\\/lasentinelle.dz\\\/index.php\\\/2023\\\/08\\\/07\\\/accuse-de-demolition-des-biens-dautrui-le-p-apc-dannaba-devant-la-chambre-daccusation\\\/#primaryimage\",\"url\":\"https:\\\/\\\/lasentinelle.dz\\\/wp-content\\\/uploads\\\/2023\\\/05\\\/Justice.png\",\"contentUrl\":\"https:\\\/\\\/lasentinelle.dz\\\/wp-content\\\/uploads\\\/2023\\\/05\\\/Justice.png\",\"width\":1579,\"height\":900},{\"@type\":\"BreadcrumbList\",\"@id\":\"https:\\\/\\\/lasentinelle.dz\\\/index.php\\\/2023\\\/08\\\/07\\\/accuse-de-demolition-des-biens-dautrui-le-p-apc-dannaba-devant-la-chambre-daccusation\\\/#breadcrumb\",\"itemListElement\":[{\"@type\":\"ListItem\",\"position\":1,\"name\":\"Accueil\",\"item\":\"https:\\\/\\\/lasentinelle.dz\\\/\"},{\"@type\":\"ListItem\",\"position\":2,\"name\":\"Accus\u00e9 de d\u00e9molition des biens d\u2019autrui\u00a0: Le P\\\/APC d\u2019Annaba devant la chambre d\u2019accusation\"}]},{\"@type\":\"WebSite\",\"@id\":\"https:\\\/\\\/lasentinelle.dz\\\/#website\",\"url\":\"https:\\\/\\\/lasentinelle.dz\\\/\",\"name\":\"La Sentinelle\",\"description\":\"Quotidien national d&#039;information\",\"publisher\":{\"@id\":\"https:\\\/\\\/lasentinelle.dz\\\/#organization\"},\"potentialAction\":[{\"@type\":\"SearchAction\",\"target\":{\"@type\":\"EntryPoint\",\"urlTemplate\":\"https:\\\/\\\/lasentinelle.dz\\\/?s={search_term_string}\"},\"query-input\":{\"@type\":\"PropertyValueSpecification\",\"valueRequired\":true,\"valueName\":\"search_term_string\"}}],\"inLanguage\":\"fr-FR\"},{\"@type\":\"Organization\",\"@id\":\"https:\\\/\\\/lasentinelle.dz\\\/#organization\",\"name\":\"Quotidien La Sentinelle\",\"url\":\"https:\\\/\\\/lasentinelle.dz\\\/\",\"logo\":{\"@type\":\"ImageObject\",\"inLanguage\":\"fr-FR\",\"@id\":\"https:\\\/\\\/lasentinelle.dz\\\/#\\\/schema\\\/logo\\\/image\\\/\",\"url\":\"https:\\\/\\\/lasentinelle.dz\\\/wp-content\\\/uploads\\\/2021\\\/09\\\/logo-sentinelleSLOGAN-1.png\",\"contentUrl\":\"https:\\\/\\\/lasentinelle.dz\\\/wp-content\\\/uploads\\\/2021\\\/09\\\/logo-sentinelleSLOGAN-1.png\",\"width\":615,\"height\":142,\"caption\":\"Quotidien La Sentinelle\"},\"image\":{\"@id\":\"https:\\\/\\\/lasentinelle.dz\\\/#\\\/schema\\\/logo\\\/image\\\/\"},\"sameAs\":[\"https:\\\/\\\/www.facebook.com\\\/La-Sentinelle-104059864394773\"]},{\"@type\":\"Person\",\"@id\":\"https:\\\/\\\/lasentinelle.dz\\\/#\\\/schema\\\/person\\\/d865044e22e70a75174ce8bcad3acfb3\",\"name\":\"La Sentinelle\",\"image\":{\"@type\":\"ImageObject\",\"inLanguage\":\"fr-FR\",\"@id\":\"https:\\\/\\\/secure.gravatar.com\\\/avatar\\\/57de8e5d4b15d43fb361a71fbb36338450fe67865b528a43dd10ef7c51a20392?s=96&d=mm&r=g\",\"url\":\"https:\\\/\\\/secure.gravatar.com\\\/avatar\\\/57de8e5d4b15d43fb361a71fbb36338450fe67865b528a43dd10ef7c51a20392?s=96&d=mm&r=g\",\"contentUrl\":\"https:\\\/\\\/secure.gravatar.com\\\/avatar\\\/57de8e5d4b15d43fb361a71fbb36338450fe67865b528a43dd10ef7c51a20392?s=96&d=mm&r=g\",\"caption\":\"La Sentinelle\"},\"sameAs\":[\"http:\\\/\\\/www.lasentinelle.dz\"],\"url\":\"https:\\\/\\\/lasentinelle.dz\\\/author\\\/redaction\\\/\"}]}<\/script>\n<!-- \/ Yoast SEO plugin. -->","yoast_head_json":{"title":"Accus\u00e9 de d\u00e9molition des biens d\u2019autrui\u00a0: Le P\/APC d\u2019Annaba devant la chambre d\u2019accusation - La Sentinelle","robots":{"index":"index","follow":"follow","max-snippet":"max-snippet:-1","max-image-preview":"max-image-preview:large","max-video-preview":"max-video-preview:-1"},"canonical":"https:\/\/lasentinelle.dz\/index.php\/2023\/08\/07\/accuse-de-demolition-des-biens-dautrui-le-p-apc-dannaba-devant-la-chambre-daccusation\/","og_locale":"fr_FR","og_type":"article","og_title":"Accus\u00e9 de d\u00e9molition des biens d\u2019autrui\u00a0: Le P\/APC d\u2019Annaba devant la chambre d\u2019accusation - La Sentinelle","og_description":"La plainte introduite \u00e0 l\u2019encontre du pr\u00e9sident de l\u2019Assembl\u00e9e populaire communale d&rsquo;Annaba concernant des accusations de d\u00e9molition des biens d\u2019autrui","og_url":"https:\/\/lasentinelle.dz\/index.php\/2023\/08\/07\/accuse-de-demolition-des-biens-dautrui-le-p-apc-dannaba-devant-la-chambre-daccusation\/","og_site_name":"La Sentinelle","article_publisher":"https:\/\/www.facebook.com\/La-Sentinelle-104059864394773","article_published_time":"2023-08-07T22:09:07+00:00","article_modified_time":"2023-08-07T22:09:13+00:00","og_image":[{"width":1579,"height":900,"url":"https:\/\/lasentinelle.dz\/wp-content\/uploads\/2023\/05\/Justice.png","type":"image\/png"}],"author":"La Sentinelle","twitter_card":"summary_large_image","twitter_misc":{"\u00c9crit par":"La Sentinelle","Dur\u00e9e de lecture estim\u00e9e":"2 minutes"},"schema":{"@context":"https:\/\/schema.org","@graph":[{"@type":"Article","@id":"https:\/\/lasentinelle.dz\/index.php\/2023\/08\/07\/accuse-de-demolition-des-biens-dautrui-le-p-apc-dannaba-devant-la-chambre-daccusation\/#article","isPartOf":{"@id":"https:\/\/lasentinelle.dz\/index.php\/2023\/08\/07\/accuse-de-demolition-des-biens-dautrui-le-p-apc-dannaba-devant-la-chambre-daccusation\/"},"author":{"name":"La Sentinelle","@id":"https:\/\/lasentinelle.dz\/#\/schema\/person\/d865044e22e70a75174ce8bcad3acfb3"},"headline":"Accus\u00e9 de d\u00e9molition des biens d\u2019autrui\u00a0: Le P\/APC d\u2019Annaba devant la chambre d\u2019accusation","datePublished":"2023-08-07T22:09:07+00:00","dateModified":"2023-08-07T22:09:13+00:00","mainEntityOfPage":{"@id":"https:\/\/lasentinelle.dz\/index.php\/2023\/08\/07\/accuse-de-demolition-des-biens-dautrui-le-p-apc-dannaba-devant-la-chambre-daccusation\/"},"wordCount":417,"commentCount":0,"publisher":{"@id":"https:\/\/lasentinelle.dz\/#organization"},"image":{"@id":"https:\/\/lasentinelle.dz\/index.php\/2023\/08\/07\/accuse-de-demolition-des-biens-dautrui-le-p-apc-dannaba-devant-la-chambre-daccusation\/#primaryimage"},"thumbnailUrl":"https:\/\/lasentinelle.dz\/wp-content\/uploads\/2023\/05\/Justice.png","articleSection":["R\u00e9gions"],"inLanguage":"fr-FR","potentialAction":[{"@type":"CommentAction","name":"Comment","target":["https:\/\/lasentinelle.dz\/index.php\/2023\/08\/07\/accuse-de-demolition-des-biens-dautrui-le-p-apc-dannaba-devant-la-chambre-daccusation\/#respond"]}]},{"@type":"WebPage","@id":"https:\/\/lasentinelle.dz\/index.php\/2023\/08\/07\/accuse-de-demolition-des-biens-dautrui-le-p-apc-dannaba-devant-la-chambre-daccusation\/","url":"https:\/\/lasentinelle.dz\/index.php\/2023\/08\/07\/accuse-de-demolition-des-biens-dautrui-le-p-apc-dannaba-devant-la-chambre-daccusation\/","name":"Accus\u00e9 de d\u00e9molition des biens d\u2019autrui\u00a0: Le P\/APC d\u2019Annaba devant la chambre d\u2019accusation - La Sentinelle","isPartOf":{"@id":"https:\/\/lasentinelle.dz\/#website"},"primaryImageOfPage":{"@id":"https:\/\/lasentinelle.dz\/index.php\/2023\/08\/07\/accuse-de-demolition-des-biens-dautrui-le-p-apc-dannaba-devant-la-chambre-daccusation\/#primaryimage"},"image":{"@id":"https:\/\/lasentinelle.dz\/index.php\/2023\/08\/07\/accuse-de-demolition-des-biens-dautrui-le-p-apc-dannaba-devant-la-chambre-daccusation\/#primaryimage"},"thumbnailUrl":"https:\/\/lasentinelle.dz\/wp-content\/uploads\/2023\/05\/Justice.png","datePublished":"2023-08-07T22:09:07+00:00","dateModified":"2023-08-07T22:09:13+00:00","breadcrumb":{"@id":"https:\/\/lasentinelle.dz\/index.php\/2023\/08\/07\/accuse-de-demolition-des-biens-dautrui-le-p-apc-dannaba-devant-la-chambre-daccusation\/#breadcrumb"},"inLanguage":"fr-FR","potentialAction":[{"@type":"ReadAction","target":["https:\/\/lasentinelle.dz\/index.php\/2023\/08\/07\/accuse-de-demolition-des-biens-dautrui-le-p-apc-dannaba-devant-la-chambre-daccusation\/"]}]},{"@type":"ImageObject","inLanguage":"fr-FR","@id":"https:\/\/lasentinelle.dz\/index.php\/2023\/08\/07\/accuse-de-demolition-des-biens-dautrui-le-p-apc-dannaba-devant-la-chambre-daccusation\/#primaryimage","url":"https:\/\/lasentinelle.dz\/wp-content\/uploads\/2023\/05\/Justice.png","contentUrl":"https:\/\/lasentinelle.dz\/wp-content\/uploads\/2023\/05\/Justice.png","width":1579,"height":900},{"@type":"BreadcrumbList","@id":"https:\/\/lasentinelle.dz\/index.php\/2023\/08\/07\/accuse-de-demolition-des-biens-dautrui-le-p-apc-dannaba-devant-la-chambre-daccusation\/#breadcrumb","itemListElement":[{"@type":"ListItem","position":1,"name":"Accueil","item":"https:\/\/lasentinelle.dz\/"},{"@type":"ListItem","position":2,"name":"Accus\u00e9 de d\u00e9molition des biens d\u2019autrui\u00a0: Le P\/APC d\u2019Annaba devant la chambre d\u2019accusation"}]},{"@type":"WebSite","@id":"https:\/\/lasentinelle.dz\/#website","url":"https:\/\/lasentinelle.dz\/","name":"La Sentinelle","description":"Quotidien national d&#039;information","publisher":{"@id":"https:\/\/lasentinelle.dz\/#organization"},"potentialAction":[{"@type":"SearchAction","target":{"@type":"EntryPoint","urlTemplate":"https:\/\/lasentinelle.dz\/?s={search_term_string}"},"query-input":{"@type":"PropertyValueSpecification","valueRequired":true,"valueName":"search_term_string"}}],"inLanguage":"fr-FR"},{"@type":"Organization","@id":"https:\/\/lasentinelle.dz\/#organization","name":"Quotidien La Sentinelle","url":"https:\/\/lasentinelle.dz\/","logo":{"@type":"ImageObject","inLanguage":"fr-FR","@id":"https:\/\/lasentinelle.dz\/#\/schema\/logo\/image\/","url":"https:\/\/lasentinelle.dz\/wp-content\/uploads\/2021\/09\/logo-sentinelleSLOGAN-1.png","contentUrl":"https:\/\/lasentinelle.dz\/wp-content\/uploads\/2021\/09\/logo-sentinelleSLOGAN-1.png","width":615,"height":142,"caption":"Quotidien La Sentinelle"},"image":{"@id":"https:\/\/lasentinelle.dz\/#\/schema\/logo\/image\/"},"sameAs":["https:\/\/www.facebook.com\/La-Sentinelle-104059864394773"]},{"@type":"Person","@id":"https:\/\/lasentinelle.dz\/#\/schema\/person\/d865044e22e70a75174ce8bcad3acfb3","name":"La Sentinelle","image":{"@type":"ImageObject","inLanguage":"fr-FR","@id":"https:\/\/secure.gravatar.com\/avatar\/57de8e5d4b15d43fb361a71fbb36338450fe67865b528a43dd10ef7c51a20392?s=96&d=mm&r=g","url":"https:\/\/secure.gravatar.com\/avatar\/57de8e5d4b15d43fb361a71fbb36338450fe67865b528a43dd10ef7c51a20392?s=96&d=mm&r=g","contentUrl":"https:\/\/secure.gravatar.com\/avatar\/57de8e5d4b15d43fb361a71fbb36338450fe67865b528a43dd10ef7c51a20392?s=96&d=mm&r=g","caption":"La Sentinelle"},"sameAs":["http:\/\/www.lasentinelle.dz"],"url":"https:\/\/lasentinelle.dz\/author\/redaction\/"}]}},"_links":{"self":[{"href":"https:\/\/lasentinelle.dz\/index.php\/wp-json\/wp\/v2\/posts\/44402","targetHints":{"allow":["GET"]}}],"collection":[{"href":"https:\/\/lasentinelle.dz\/index.php\/wp-json\/wp\/v2\/posts"}],"about":[{"href":"https:\/\/lasentinelle.dz\/index.php\/wp-json\/wp\/v2\/types\/post"}],"author":[{"embeddable":true,"href":"https:\/\/lasentinelle.dz\/index.php\/wp-json\/wp\/v2\/users\/3"}],"replies":[{"embeddable":true,"href":"https:\/\/lasentinelle.dz\/index.php\/wp-json\/wp\/v2\/comments?post=44402"}],"version-history":[{"count":1,"href":"https:\/\/lasentinelle.dz\/index.php\/wp-json\/wp\/v2\/posts\/44402\/revisions"}],"predecessor-version":[{"id":44403,"href":"https:\/\/lasentinelle.dz\/index.php\/wp-json\/wp\/v2\/posts\/44402\/revisions\/44403"}],"wp:featuredmedia":[{"embeddable":true,"href":"https:\/\/lasentinelle.dz\/index.php\/wp-json\/wp\/v2\/media\/41837"}],"wp:attachment":[{"href":"https:\/\/lasentinelle.dz\/index.php\/wp-json\/wp\/v2\/media?parent=44402"}],"wp:term":[{"taxonomy":"category","embeddable":true,"href":"https:\/\/lasentinelle.dz\/index.php\/wp-json\/wp\/v2\/categories?post=44402"},{"taxonomy":"post_tag","embeddable":true,"href":"https:\/\/lasentinelle.dz\/index.php\/wp-json\/wp\/v2\/tags?post=44402"}],"curies":[{"name":"wp","href":"https:\/\/api.w.org\/{rel}","templated":true}]}}