{"id":44484,"date":"2023-08-09T21:49:53","date_gmt":"2023-08-09T20:49:53","guid":{"rendered":"https:\/\/lasentinelle.dz\/?p=44484"},"modified":"2023-08-09T23:23:43","modified_gmt":"2023-08-09T22:23:43","slug":"pakistan-le-premier-ministre-demande-la-dissolution-du-parlement","status":"publish","type":"post","link":"https:\/\/lasentinelle.dz\/index.php\/2023\/08\/09\/pakistan-le-premier-ministre-demande-la-dissolution-du-parlement\/","title":{"rendered":"Pakistan\u00a0: Le premier ministre demande la dissolution du parlement"},"content":{"rendered":"\n<p>Premier ministre pakistanais Shehbaz Sharif a d\u00e9clar\u00e9 mercredi qu&rsquo;il demanderait au pr\u00e9sident de dissoudre le Parlement en fin de journ\u00e9e, ouvrant ainsi la voie \u00e0 des \u00e9lections g\u00e9n\u00e9rales alors que le pays souffre de crises politiques et \u00e9conomiques. La commission \u00e9lectorale disposera ainsi de 90 jours pour organiser les \u00e9lections, contre 60 jours en cas de dissolution du Parlement le 12 ao\u00fbt, \u00e0 l&rsquo;issue de son mandat de cinq ans. \u00ab\u00a0Je conseillerai ce soir au pr\u00e9sident de dissoudre le parlement\u00a0\u00bb, a d\u00e9clar\u00e9 le Premier ministre au Parlement, en indiquant qu&rsquo;il entamerait des discussions avec le chef de l&rsquo;opposition jeudi afin de nommer un Premier ministre int\u00e9rimaire \u00e0 partir de la liste des candidats des deux camps.<\/p>\n\n\n\n<p>\u00ab\u00a0Au cours des seize derniers mois, notre gouvernement a fait de son mieux pour am\u00e9liorer la situation et a servi la nation avec une conviction totale\u00a0\u00bb, a d\u00e9clar\u00e9 le Premier ministre sortant, Shehbaz Sharif, lors d&rsquo;un dernier discours \u00e0 son cabinet. Le nouveau Premier ministre doit \u00eatre annonc\u00e9 dans les trois jours suivant la dissolution du parlement, conform\u00e9ment \u00e0 la constitution.<\/p>\n\n\n\n<p>Le pays conna\u00eet des remous politiques depuis que l&rsquo;ex-Premier ministre Imran Khan a \u00e9t\u00e9 \u00e9cart\u00e9 du pouvoir en avril 2022. Dernier \u00e9v\u00e9nement en date : la condamnation pour corruption samedi du septuag\u00e9naire et son emprisonnement, apr\u00e8s des mois de r\u00e9pression \u00e0 l&rsquo;encontre de son parti, le Pakistan Tehreek-e-Insaf (PTI).On ignore la forme que prendra le PTI avec son leader charismatique derri\u00e8re les barreaux. Les deux partis dynastiques habituellement en conflit qui dirigent la coalition sortante, la Ligue musulmane du Pakistan-Nawaz (PML-N) et le Parti du peuple pakistanais (PPP), devraient, eux, continuer de peser. Cette coalition n&rsquo;a n\u00e9anmoins gu\u00e8re obtenu de soutien populaire au cours des 18 mois qu&rsquo;elle a pass\u00e9s \u00e0 la t\u00eate du cinqui\u00e8me pays le plus peupl\u00e9 du monde.<\/p>\n\n\n\n<p>Les donn\u00e9es du dernier recensement effectu\u00e9 en mai ont finalement \u00e9t\u00e9 publi\u00e9es le week-end dernier et la commission \u00e9lectorale affirme qu&rsquo;elle a besoin de temps pour redessiner les limites des circonscriptions \u00e9lectorales, un point sensible pour plusieurs partis politiques. Selon le directeur de l&rsquo;Institut d&rsquo;Asie du Sud du Wilson Center \u00e0 Washington, Michael Kugelman, tout retard pourrait r\u00e9v\u00e9ler les divergences entre les principaux partenaires de la coalition, la PML-N et le PPP.&nbsp; \u00ab\u00a0Retarder l&rsquo;\u00e9lection pourrait simplement irriter davantage le public et galvaniser une opposition qui a d\u00e9j\u00e0 souffert de mois de r\u00e9pression\u00a0\u00bb, estime-t-il.<\/p>\n\n\n\n<p>M. Khan a b\u00e9n\u00e9fici\u00e9 d&rsquo;un v\u00e9ritable soutien populaire lorsqu&rsquo;il est arriv\u00e9 au pouvoir en 2018, mais les analystes estiment que ce n&rsquo;\u00e9tait qu&rsquo;avec la b\u00e9n\u00e9diction des puissants g\u00e9n\u00e9raux du pays, avec lesquels il se serait brouill\u00e9 dans les mois qui ont pr\u00e9c\u00e9d\u00e9 son \u00e9viction. Chass\u00e9 du pouvoir par une motion de censure, il s&rsquo;est alors lanc\u00e9 dans une campagne de d\u00e9fiance risqu\u00e9e \u00e0 l&rsquo;encontre de l&rsquo;arm\u00e9e l&rsquo;accusant de s&rsquo;immiscer dans la politique int\u00e9rieure. Ancienne star de cricket reconvertie en politique, Imran Khan, n&rsquo;a eu de cesse depuis de faire pression sur le gouvernement pour qu&rsquo;il organise des \u00e9lections anticip\u00e9es, en organisant des rassemblements de masse et en retirant ses d\u00e9put\u00e9s du parlement, mais sa man\u0153uvre a finalement \u00e9chou\u00e9. L&rsquo;arrestation et la br\u00e8ve d\u00e9tention de M. Khan en mai dans l&rsquo;affaire de corruption qui lui vaut sa r\u00e9cente condamnation, ont d\u00e9clench\u00e9 des jours de manifestations parfois violentes.<\/p>\n\n\n\n<p><strong>R.I. avec agences<\/strong><\/p>\n","protected":false},"excerpt":{"rendered":"<p>Premier ministre pakistanais Shehbaz Sharif a d\u00e9clar\u00e9 mercredi qu&rsquo;il demanderait au pr\u00e9sident de dissoudre le Parlement en fin de journ\u00e9e,<\/p>\n","protected":false},"author":3,"featured_media":44485,"comment_status":"open","ping_status":"closed","sticky":false,"template":"","format":"standard","meta":{"colormag_page_container_layout":"default_layout","colormag_page_sidebar_layout":"default_layout","om_disable_all_campaigns":false,"_monsterinsights_skip_tracking":false,"_monsterinsights_sitenote_active":false,"_monsterinsights_sitenote_note":"","_monsterinsights_sitenote_category":0,"footnotes":"","_wpscppro_dont_share_socialmedia":false,"_wpscppro_custom_social_share_image":0,"_facebook_share_type":"","_twitter_share_type":"","_linkedin_share_type":"","_pinterest_share_type":"","_linkedin_share_type_page":"","_instagram_share_type":"","_medium_share_type":"","_threads_share_type":"","_google_business_share_type":"","_selected_social_profile":[],"_wpsp_enable_custom_social_template":false,"_wpsp_social_scheduling":{"enabled":false,"datetime":null,"platforms":[],"status":"template_only","dateOption":"today","timeOption":"now","customDays":"","customHours":"","customDate":"","customTime":"","schedulingType":"absolute"},"_wpsp_active_default_template":true},"categories":[37],"tags":[],"class_list":["post-44484","post","type-post","status-publish","format-standard","has-post-thumbnail","hentry","category-monde"],"aioseo_notices":[],"yoast_head":"<!-- This site is optimized with the Yoast SEO plugin v27.5 - https:\/\/yoast.com\/product\/yoast-seo-wordpress\/ -->\n<title>Pakistan\u00a0: Le premier ministre demande la dissolution du parlement - La Sentinelle<\/title>\n<meta name=\"robots\" content=\"index, follow, max-snippet:-1, max-image-preview:large, max-video-preview:-1\" \/>\n<link rel=\"canonical\" href=\"https:\/\/lasentinelle.dz\/index.php\/2023\/08\/09\/pakistan-le-premier-ministre-demande-la-dissolution-du-parlement\/\" \/>\n<meta property=\"og:locale\" content=\"fr_FR\" \/>\n<meta property=\"og:type\" content=\"article\" \/>\n<meta property=\"og:title\" content=\"Pakistan\u00a0: Le premier ministre demande la dissolution du parlement - La Sentinelle\" \/>\n<meta property=\"og:description\" content=\"Premier ministre pakistanais Shehbaz Sharif a d\u00e9clar\u00e9 mercredi qu&rsquo;il demanderait au pr\u00e9sident de dissoudre le Parlement en fin de journ\u00e9e,\" \/>\n<meta property=\"og:url\" content=\"https:\/\/lasentinelle.dz\/index.php\/2023\/08\/09\/pakistan-le-premier-ministre-demande-la-dissolution-du-parlement\/\" \/>\n<meta property=\"og:site_name\" content=\"La Sentinelle\" \/>\n<meta property=\"article:publisher\" content=\"https:\/\/www.facebook.com\/La-Sentinelle-104059864394773\" \/>\n<meta property=\"article:published_time\" content=\"2023-08-09T20:49:53+00:00\" \/>\n<meta property=\"article:modified_time\" content=\"2023-08-09T22:23:43+00:00\" \/>\n<meta property=\"og:image\" content=\"https:\/\/lasentinelle.dz\/wp-content\/uploads\/2023\/08\/pakistan-parliament.jpeg\" \/>\n\t<meta property=\"og:image:width\" content=\"1024\" \/>\n\t<meta property=\"og:image:height\" content=\"768\" \/>\n\t<meta property=\"og:image:type\" content=\"image\/jpeg\" \/>\n<meta name=\"author\" content=\"La Sentinelle\" \/>\n<meta name=\"twitter:card\" content=\"summary_large_image\" \/>\n<meta name=\"twitter:label1\" content=\"\u00c9crit par\" \/>\n\t<meta name=\"twitter:data1\" content=\"La Sentinelle\" \/>\n\t<meta name=\"twitter:label2\" content=\"Dur\u00e9e de lecture estim\u00e9e\" \/>\n\t<meta name=\"twitter:data2\" content=\"3 minutes\" \/>\n<script type=\"application\/ld+json\" class=\"yoast-schema-graph\">{\"@context\":\"https:\\\/\\\/schema.org\",\"@graph\":[{\"@type\":\"Article\",\"@id\":\"https:\\\/\\\/lasentinelle.dz\\\/index.php\\\/2023\\\/08\\\/09\\\/pakistan-le-premier-ministre-demande-la-dissolution-du-parlement\\\/#article\",\"isPartOf\":{\"@id\":\"https:\\\/\\\/lasentinelle.dz\\\/index.php\\\/2023\\\/08\\\/09\\\/pakistan-le-premier-ministre-demande-la-dissolution-du-parlement\\\/\"},\"author\":{\"name\":\"La Sentinelle\",\"@id\":\"https:\\\/\\\/lasentinelle.dz\\\/#\\\/schema\\\/person\\\/d865044e22e70a75174ce8bcad3acfb3\"},\"headline\":\"Pakistan\u00a0: Le premier ministre demande la dissolution du parlement\",\"datePublished\":\"2023-08-09T20:49:53+00:00\",\"dateModified\":\"2023-08-09T22:23:43+00:00\",\"mainEntityOfPage\":{\"@id\":\"https:\\\/\\\/lasentinelle.dz\\\/index.php\\\/2023\\\/08\\\/09\\\/pakistan-le-premier-ministre-demande-la-dissolution-du-parlement\\\/\"},\"wordCount\":612,\"commentCount\":0,\"publisher\":{\"@id\":\"https:\\\/\\\/lasentinelle.dz\\\/#organization\"},\"image\":{\"@id\":\"https:\\\/\\\/lasentinelle.dz\\\/index.php\\\/2023\\\/08\\\/09\\\/pakistan-le-premier-ministre-demande-la-dissolution-du-parlement\\\/#primaryimage\"},\"thumbnailUrl\":\"https:\\\/\\\/lasentinelle.dz\\\/wp-content\\\/uploads\\\/2023\\\/08\\\/pakistan-parliament.jpeg\",\"articleSection\":[\"Monde\"],\"inLanguage\":\"fr-FR\",\"potentialAction\":[{\"@type\":\"CommentAction\",\"name\":\"Comment\",\"target\":[\"https:\\\/\\\/lasentinelle.dz\\\/index.php\\\/2023\\\/08\\\/09\\\/pakistan-le-premier-ministre-demande-la-dissolution-du-parlement\\\/#respond\"]}]},{\"@type\":\"WebPage\",\"@id\":\"https:\\\/\\\/lasentinelle.dz\\\/index.php\\\/2023\\\/08\\\/09\\\/pakistan-le-premier-ministre-demande-la-dissolution-du-parlement\\\/\",\"url\":\"https:\\\/\\\/lasentinelle.dz\\\/index.php\\\/2023\\\/08\\\/09\\\/pakistan-le-premier-ministre-demande-la-dissolution-du-parlement\\\/\",\"name\":\"Pakistan\u00a0: Le premier ministre demande la dissolution du parlement - La Sentinelle\",\"isPartOf\":{\"@id\":\"https:\\\/\\\/lasentinelle.dz\\\/#website\"},\"primaryImageOfPage\":{\"@id\":\"https:\\\/\\\/lasentinelle.dz\\\/index.php\\\/2023\\\/08\\\/09\\\/pakistan-le-premier-ministre-demande-la-dissolution-du-parlement\\\/#primaryimage\"},\"image\":{\"@id\":\"https:\\\/\\\/lasentinelle.dz\\\/index.php\\\/2023\\\/08\\\/09\\\/pakistan-le-premier-ministre-demande-la-dissolution-du-parlement\\\/#primaryimage\"},\"thumbnailUrl\":\"https:\\\/\\\/lasentinelle.dz\\\/wp-content\\\/uploads\\\/2023\\\/08\\\/pakistan-parliament.jpeg\",\"datePublished\":\"2023-08-09T20:49:53+00:00\",\"dateModified\":\"2023-08-09T22:23:43+00:00\",\"breadcrumb\":{\"@id\":\"https:\\\/\\\/lasentinelle.dz\\\/index.php\\\/2023\\\/08\\\/09\\\/pakistan-le-premier-ministre-demande-la-dissolution-du-parlement\\\/#breadcrumb\"},\"inLanguage\":\"fr-FR\",\"potentialAction\":[{\"@type\":\"ReadAction\",\"target\":[\"https:\\\/\\\/lasentinelle.dz\\\/index.php\\\/2023\\\/08\\\/09\\\/pakistan-le-premier-ministre-demande-la-dissolution-du-parlement\\\/\"]}]},{\"@type\":\"ImageObject\",\"inLanguage\":\"fr-FR\",\"@id\":\"https:\\\/\\\/lasentinelle.dz\\\/index.php\\\/2023\\\/08\\\/09\\\/pakistan-le-premier-ministre-demande-la-dissolution-du-parlement\\\/#primaryimage\",\"url\":\"https:\\\/\\\/lasentinelle.dz\\\/wp-content\\\/uploads\\\/2023\\\/08\\\/pakistan-parliament.jpeg\",\"contentUrl\":\"https:\\\/\\\/lasentinelle.dz\\\/wp-content\\\/uploads\\\/2023\\\/08\\\/pakistan-parliament.jpeg\",\"width\":1024,\"height\":768},{\"@type\":\"BreadcrumbList\",\"@id\":\"https:\\\/\\\/lasentinelle.dz\\\/index.php\\\/2023\\\/08\\\/09\\\/pakistan-le-premier-ministre-demande-la-dissolution-du-parlement\\\/#breadcrumb\",\"itemListElement\":[{\"@type\":\"ListItem\",\"position\":1,\"name\":\"Accueil\",\"item\":\"https:\\\/\\\/lasentinelle.dz\\\/\"},{\"@type\":\"ListItem\",\"position\":2,\"name\":\"Pakistan\u00a0: Le premier ministre demande la dissolution du parlement\"}]},{\"@type\":\"WebSite\",\"@id\":\"https:\\\/\\\/lasentinelle.dz\\\/#website\",\"url\":\"https:\\\/\\\/lasentinelle.dz\\\/\",\"name\":\"La Sentinelle\",\"description\":\"Quotidien national d&#039;information\",\"publisher\":{\"@id\":\"https:\\\/\\\/lasentinelle.dz\\\/#organization\"},\"potentialAction\":[{\"@type\":\"SearchAction\",\"target\":{\"@type\":\"EntryPoint\",\"urlTemplate\":\"https:\\\/\\\/lasentinelle.dz\\\/?s={search_term_string}\"},\"query-input\":{\"@type\":\"PropertyValueSpecification\",\"valueRequired\":true,\"valueName\":\"search_term_string\"}}],\"inLanguage\":\"fr-FR\"},{\"@type\":\"Organization\",\"@id\":\"https:\\\/\\\/lasentinelle.dz\\\/#organization\",\"name\":\"Quotidien La Sentinelle\",\"url\":\"https:\\\/\\\/lasentinelle.dz\\\/\",\"logo\":{\"@type\":\"ImageObject\",\"inLanguage\":\"fr-FR\",\"@id\":\"https:\\\/\\\/lasentinelle.dz\\\/#\\\/schema\\\/logo\\\/image\\\/\",\"url\":\"https:\\\/\\\/lasentinelle.dz\\\/wp-content\\\/uploads\\\/2021\\\/09\\\/logo-sentinelleSLOGAN-1.png\",\"contentUrl\":\"https:\\\/\\\/lasentinelle.dz\\\/wp-content\\\/uploads\\\/2021\\\/09\\\/logo-sentinelleSLOGAN-1.png\",\"width\":615,\"height\":142,\"caption\":\"Quotidien La Sentinelle\"},\"image\":{\"@id\":\"https:\\\/\\\/lasentinelle.dz\\\/#\\\/schema\\\/logo\\\/image\\\/\"},\"sameAs\":[\"https:\\\/\\\/www.facebook.com\\\/La-Sentinelle-104059864394773\"]},{\"@type\":\"Person\",\"@id\":\"https:\\\/\\\/lasentinelle.dz\\\/#\\\/schema\\\/person\\\/d865044e22e70a75174ce8bcad3acfb3\",\"name\":\"La Sentinelle\",\"image\":{\"@type\":\"ImageObject\",\"inLanguage\":\"fr-FR\",\"@id\":\"https:\\\/\\\/secure.gravatar.com\\\/avatar\\\/57de8e5d4b15d43fb361a71fbb36338450fe67865b528a43dd10ef7c51a20392?s=96&d=mm&r=g\",\"url\":\"https:\\\/\\\/secure.gravatar.com\\\/avatar\\\/57de8e5d4b15d43fb361a71fbb36338450fe67865b528a43dd10ef7c51a20392?s=96&d=mm&r=g\",\"contentUrl\":\"https:\\\/\\\/secure.gravatar.com\\\/avatar\\\/57de8e5d4b15d43fb361a71fbb36338450fe67865b528a43dd10ef7c51a20392?s=96&d=mm&r=g\",\"caption\":\"La Sentinelle\"},\"sameAs\":[\"http:\\\/\\\/www.lasentinelle.dz\"],\"url\":\"https:\\\/\\\/lasentinelle.dz\\\/author\\\/redaction\\\/\"}]}<\/script>\n<!-- \/ Yoast SEO plugin. -->","yoast_head_json":{"title":"Pakistan\u00a0: Le premier ministre demande la dissolution du parlement - La Sentinelle","robots":{"index":"index","follow":"follow","max-snippet":"max-snippet:-1","max-image-preview":"max-image-preview:large","max-video-preview":"max-video-preview:-1"},"canonical":"https:\/\/lasentinelle.dz\/index.php\/2023\/08\/09\/pakistan-le-premier-ministre-demande-la-dissolution-du-parlement\/","og_locale":"fr_FR","og_type":"article","og_title":"Pakistan\u00a0: Le premier ministre demande la dissolution du parlement - La Sentinelle","og_description":"Premier ministre pakistanais Shehbaz Sharif a d\u00e9clar\u00e9 mercredi qu&rsquo;il demanderait au pr\u00e9sident de dissoudre le Parlement en fin de journ\u00e9e,","og_url":"https:\/\/lasentinelle.dz\/index.php\/2023\/08\/09\/pakistan-le-premier-ministre-demande-la-dissolution-du-parlement\/","og_site_name":"La Sentinelle","article_publisher":"https:\/\/www.facebook.com\/La-Sentinelle-104059864394773","article_published_time":"2023-08-09T20:49:53+00:00","article_modified_time":"2023-08-09T22:23:43+00:00","og_image":[{"width":1024,"height":768,"url":"https:\/\/lasentinelle.dz\/wp-content\/uploads\/2023\/08\/pakistan-parliament.jpeg","type":"image\/jpeg"}],"author":"La Sentinelle","twitter_card":"summary_large_image","twitter_misc":{"\u00c9crit par":"La Sentinelle","Dur\u00e9e de lecture estim\u00e9e":"3 minutes"},"schema":{"@context":"https:\/\/schema.org","@graph":[{"@type":"Article","@id":"https:\/\/lasentinelle.dz\/index.php\/2023\/08\/09\/pakistan-le-premier-ministre-demande-la-dissolution-du-parlement\/#article","isPartOf":{"@id":"https:\/\/lasentinelle.dz\/index.php\/2023\/08\/09\/pakistan-le-premier-ministre-demande-la-dissolution-du-parlement\/"},"author":{"name":"La Sentinelle","@id":"https:\/\/lasentinelle.dz\/#\/schema\/person\/d865044e22e70a75174ce8bcad3acfb3"},"headline":"Pakistan\u00a0: Le premier ministre demande la dissolution du parlement","datePublished":"2023-08-09T20:49:53+00:00","dateModified":"2023-08-09T22:23:43+00:00","mainEntityOfPage":{"@id":"https:\/\/lasentinelle.dz\/index.php\/2023\/08\/09\/pakistan-le-premier-ministre-demande-la-dissolution-du-parlement\/"},"wordCount":612,"commentCount":0,"publisher":{"@id":"https:\/\/lasentinelle.dz\/#organization"},"image":{"@id":"https:\/\/lasentinelle.dz\/index.php\/2023\/08\/09\/pakistan-le-premier-ministre-demande-la-dissolution-du-parlement\/#primaryimage"},"thumbnailUrl":"https:\/\/lasentinelle.dz\/wp-content\/uploads\/2023\/08\/pakistan-parliament.jpeg","articleSection":["Monde"],"inLanguage":"fr-FR","potentialAction":[{"@type":"CommentAction","name":"Comment","target":["https:\/\/lasentinelle.dz\/index.php\/2023\/08\/09\/pakistan-le-premier-ministre-demande-la-dissolution-du-parlement\/#respond"]}]},{"@type":"WebPage","@id":"https:\/\/lasentinelle.dz\/index.php\/2023\/08\/09\/pakistan-le-premier-ministre-demande-la-dissolution-du-parlement\/","url":"https:\/\/lasentinelle.dz\/index.php\/2023\/08\/09\/pakistan-le-premier-ministre-demande-la-dissolution-du-parlement\/","name":"Pakistan\u00a0: Le premier ministre demande la dissolution du parlement - La Sentinelle","isPartOf":{"@id":"https:\/\/lasentinelle.dz\/#website"},"primaryImageOfPage":{"@id":"https:\/\/lasentinelle.dz\/index.php\/2023\/08\/09\/pakistan-le-premier-ministre-demande-la-dissolution-du-parlement\/#primaryimage"},"image":{"@id":"https:\/\/lasentinelle.dz\/index.php\/2023\/08\/09\/pakistan-le-premier-ministre-demande-la-dissolution-du-parlement\/#primaryimage"},"thumbnailUrl":"https:\/\/lasentinelle.dz\/wp-content\/uploads\/2023\/08\/pakistan-parliament.jpeg","datePublished":"2023-08-09T20:49:53+00:00","dateModified":"2023-08-09T22:23:43+00:00","breadcrumb":{"@id":"https:\/\/lasentinelle.dz\/index.php\/2023\/08\/09\/pakistan-le-premier-ministre-demande-la-dissolution-du-parlement\/#breadcrumb"},"inLanguage":"fr-FR","potentialAction":[{"@type":"ReadAction","target":["https:\/\/lasentinelle.dz\/index.php\/2023\/08\/09\/pakistan-le-premier-ministre-demande-la-dissolution-du-parlement\/"]}]},{"@type":"ImageObject","inLanguage":"fr-FR","@id":"https:\/\/lasentinelle.dz\/index.php\/2023\/08\/09\/pakistan-le-premier-ministre-demande-la-dissolution-du-parlement\/#primaryimage","url":"https:\/\/lasentinelle.dz\/wp-content\/uploads\/2023\/08\/pakistan-parliament.jpeg","contentUrl":"https:\/\/lasentinelle.dz\/wp-content\/uploads\/2023\/08\/pakistan-parliament.jpeg","width":1024,"height":768},{"@type":"BreadcrumbList","@id":"https:\/\/lasentinelle.dz\/index.php\/2023\/08\/09\/pakistan-le-premier-ministre-demande-la-dissolution-du-parlement\/#breadcrumb","itemListElement":[{"@type":"ListItem","position":1,"name":"Accueil","item":"https:\/\/lasentinelle.dz\/"},{"@type":"ListItem","position":2,"name":"Pakistan\u00a0: Le premier ministre demande la dissolution du parlement"}]},{"@type":"WebSite","@id":"https:\/\/lasentinelle.dz\/#website","url":"https:\/\/lasentinelle.dz\/","name":"La Sentinelle","description":"Quotidien national d&#039;information","publisher":{"@id":"https:\/\/lasentinelle.dz\/#organization"},"potentialAction":[{"@type":"SearchAction","target":{"@type":"EntryPoint","urlTemplate":"https:\/\/lasentinelle.dz\/?s={search_term_string}"},"query-input":{"@type":"PropertyValueSpecification","valueRequired":true,"valueName":"search_term_string"}}],"inLanguage":"fr-FR"},{"@type":"Organization","@id":"https:\/\/lasentinelle.dz\/#organization","name":"Quotidien La Sentinelle","url":"https:\/\/lasentinelle.dz\/","logo":{"@type":"ImageObject","inLanguage":"fr-FR","@id":"https:\/\/lasentinelle.dz\/#\/schema\/logo\/image\/","url":"https:\/\/lasentinelle.dz\/wp-content\/uploads\/2021\/09\/logo-sentinelleSLOGAN-1.png","contentUrl":"https:\/\/lasentinelle.dz\/wp-content\/uploads\/2021\/09\/logo-sentinelleSLOGAN-1.png","width":615,"height":142,"caption":"Quotidien La Sentinelle"},"image":{"@id":"https:\/\/lasentinelle.dz\/#\/schema\/logo\/image\/"},"sameAs":["https:\/\/www.facebook.com\/La-Sentinelle-104059864394773"]},{"@type":"Person","@id":"https:\/\/lasentinelle.dz\/#\/schema\/person\/d865044e22e70a75174ce8bcad3acfb3","name":"La Sentinelle","image":{"@type":"ImageObject","inLanguage":"fr-FR","@id":"https:\/\/secure.gravatar.com\/avatar\/57de8e5d4b15d43fb361a71fbb36338450fe67865b528a43dd10ef7c51a20392?s=96&d=mm&r=g","url":"https:\/\/secure.gravatar.com\/avatar\/57de8e5d4b15d43fb361a71fbb36338450fe67865b528a43dd10ef7c51a20392?s=96&d=mm&r=g","contentUrl":"https:\/\/secure.gravatar.com\/avatar\/57de8e5d4b15d43fb361a71fbb36338450fe67865b528a43dd10ef7c51a20392?s=96&d=mm&r=g","caption":"La Sentinelle"},"sameAs":["http:\/\/www.lasentinelle.dz"],"url":"https:\/\/lasentinelle.dz\/author\/redaction\/"}]}},"_links":{"self":[{"href":"https:\/\/lasentinelle.dz\/index.php\/wp-json\/wp\/v2\/posts\/44484","targetHints":{"allow":["GET"]}}],"collection":[{"href":"https:\/\/lasentinelle.dz\/index.php\/wp-json\/wp\/v2\/posts"}],"about":[{"href":"https:\/\/lasentinelle.dz\/index.php\/wp-json\/wp\/v2\/types\/post"}],"author":[{"embeddable":true,"href":"https:\/\/lasentinelle.dz\/index.php\/wp-json\/wp\/v2\/users\/3"}],"replies":[{"embeddable":true,"href":"https:\/\/lasentinelle.dz\/index.php\/wp-json\/wp\/v2\/comments?post=44484"}],"version-history":[{"count":1,"href":"https:\/\/lasentinelle.dz\/index.php\/wp-json\/wp\/v2\/posts\/44484\/revisions"}],"predecessor-version":[{"id":44486,"href":"https:\/\/lasentinelle.dz\/index.php\/wp-json\/wp\/v2\/posts\/44484\/revisions\/44486"}],"wp:featuredmedia":[{"embeddable":true,"href":"https:\/\/lasentinelle.dz\/index.php\/wp-json\/wp\/v2\/media\/44485"}],"wp:attachment":[{"href":"https:\/\/lasentinelle.dz\/index.php\/wp-json\/wp\/v2\/media?parent=44484"}],"wp:term":[{"taxonomy":"category","embeddable":true,"href":"https:\/\/lasentinelle.dz\/index.php\/wp-json\/wp\/v2\/categories?post=44484"},{"taxonomy":"post_tag","embeddable":true,"href":"https:\/\/lasentinelle.dz\/index.php\/wp-json\/wp\/v2\/tags?post=44484"}],"curies":[{"name":"wp","href":"https:\/\/api.w.org\/{rel}","templated":true}]}}