{"id":44487,"date":"2023-08-09T21:51:11","date_gmt":"2023-08-09T20:51:11","guid":{"rendered":"https:\/\/lasentinelle.dz\/?p=44487"},"modified":"2023-08-09T21:51:14","modified_gmt":"2023-08-09T20:51:14","slug":"palestine-occupee-ceux-qui-sopposent-aux-sanctions-contre-lentite-sioniste-sabotent-la-solution-a-deux-etats","status":"publish","type":"post","link":"https:\/\/lasentinelle.dz\/index.php\/2023\/08\/09\/palestine-occupee-ceux-qui-sopposent-aux-sanctions-contre-lentite-sioniste-sabotent-la-solution-a-deux-etats\/","title":{"rendered":"Palestine occup\u00e9e\u00a0: Ceux qui s\u2019opposent aux sanctions contre l\u2019entit\u00e9 sioniste \u00ab\u00a0sabotent la solution \u00e0 deux Etats\u00a0\u00bb"},"content":{"rendered":"\n<p>Le minist\u00e8re palestinien des Affaires \u00e9trang\u00e8res et des Expatri\u00e9s a averti hier, que les pays qui s\u2019opposent aux sanctions internationales contre l\u2019entit\u00e9 sioniste sont \u00ab des partisans de sabotage de la solution \u00e0 deux Etats et cautionnent les violations du droit international en Palestine \u00bb.<\/p>\n\n\n\n<p>Les pays qui accordent \u00ab l\u2019immunit\u00e9 \u00bb \u00e0 l\u2019entit\u00e9 sioniste contre les sanctions internationales \u00ab sont des partenaires dans le sabotage de la solution \u00e0 deux Etats et encouragent plus de violations et de crimes condamn\u00e9s par le droit international \u00bb, a indiqu\u00e9 la diplomatie palestinienne, dans un communiqu\u00e9 repris par l\u2019agence de presse Wafa. Selon le minist\u00e8re, l\u2019indiff\u00e9rence de ces Etats justifie en partie la fuite en avant de l\u2019entit\u00e9 sioniste dans ses pratiques de colonisation. Dans le m\u00eame contexte, la diplomatie palestinienne a condamn\u00e9 les pratiques de la colonisation sioniste sous toutes ses formes, notant que l\u2019entit\u00e9 sioniste porte l\u2019enti\u00e8re responsabilit\u00e9 des cons\u00e9quences de ses pratiques.<\/p>\n\n\n\n<p>Notons qu\u2019uncollectif d\u2019institutions et d\u2019organisations de d\u00e9fense des droits du peuple palestinien aux Etats-Unis a lanc\u00e9 une campagne appelant \u00e0 la fermeture des associations \u00e0 New York qui collectent des dons pour soutenir les activit\u00e9s de colonisation de l\u2019entit\u00e9 sioniste dans les territoires palestiniens occup\u00e9s, ont rapport\u00e9, mercredi, des m\u00e9dias locaux.<strong><\/strong><\/p>\n\n\n\n<p>Plac\u00e9e sous le slogan \u00ab Pas \u00e0 nos d\u00e9pens \u00ab , cette campagne \u00ab vient en soutien d\u2019un projet de r\u00e9solution soumis r\u00e9cemment au Congr\u00e8s am\u00e9ricain appelant \u00e0 la fermeture de ces associations au motif qu\u2019elles financent des organisations coloniales qui commettent des crimes contre le peuple palestinien, en violation flagrante du droit international \u00bb, pr\u00e9cisent les m\u00eames sources. La campagne inclut la planification de quatre r\u00e9unions avec la s\u00e9natrice Christine Gonzalez et le d\u00e9put\u00e9 Zahran Mamdani, qui ont pr\u00e9sent\u00e9 le projet de loi, et l\u2019appel des \u00e9lecteurs de New York pour leur demander d\u2019inviter leurs repr\u00e9sentants au parlement de l\u2019Etat \u00e0 voter en faveur de la loi. La campagne vise \u00e9galement la mobilisation et l\u2019incitation des d\u00e9fenseurs de la cause palestinienne \u00e0 \u00eatre pr\u00e9sents dans la salle du Parlement au d\u00e9but du mois de septembre prochain lors de la discussion du projet de loi et du vote sur son approbation. A noter que ce n\u2019est pas la premi\u00e8re fois que des amis et d\u00e9fenseurs de la cause palestinienne initient des actions contre l\u2019entit\u00e9 sioniste. R\u00e9cemment, des dizaines d\u2019activistes et d\u2019employ\u00e9s des entreprises Amazon et Google ont manifest\u00e9 devant l\u2019Amazon Summit \u00e0 New York, rencontre \u00e0 laquelle participent des milliers de sp\u00e9cialistes, chercheurs et scientifiques dans le domaine des technologies pour r\u00e9clamer l\u2019annulation des contrats avec l\u2019entit\u00e9 sioniste qui utilise les technologies fournies par les deux entreprises am\u00e9ricaines pour r\u00e9primer davantage les Palestiniens.<\/p>\n\n\n\n<p>R.I.<\/p>\n","protected":false},"excerpt":{"rendered":"<p>Le minist\u00e8re palestinien des Affaires \u00e9trang\u00e8res et des Expatri\u00e9s a averti hier, que les pays qui s\u2019opposent aux sanctions internationales<\/p>\n","protected":false},"author":3,"featured_media":44488,"comment_status":"open","ping_status":"closed","sticky":false,"template":"","format":"standard","meta":{"colormag_page_container_layout":"default_layout","colormag_page_sidebar_layout":"default_layout","om_disable_all_campaigns":false,"_monsterinsights_skip_tracking":false,"_monsterinsights_sitenote_active":false,"_monsterinsights_sitenote_note":"","_monsterinsights_sitenote_category":0,"footnotes":"","_wpscppro_dont_share_socialmedia":false,"_wpscppro_custom_social_share_image":0,"_facebook_share_type":"","_twitter_share_type":"","_linkedin_share_type":"","_pinterest_share_type":"","_linkedin_share_type_page":"","_instagram_share_type":"","_medium_share_type":"","_threads_share_type":"","_google_business_share_type":"","_selected_social_profile":[],"_wpsp_enable_custom_social_template":false,"_wpsp_social_scheduling":{"enabled":false,"datetime":null,"platforms":[],"status":"template_only","dateOption":"today","timeOption":"now","customDays":"","customHours":"","customDate":"","customTime":"","schedulingType":"absolute"},"_wpsp_active_default_template":true},"categories":[37],"tags":[],"class_list":["post-44487","post","type-post","status-publish","format-standard","has-post-thumbnail","hentry","category-monde"],"aioseo_notices":[],"yoast_head":"<!-- This site is optimized with the Yoast SEO plugin v27.5 - https:\/\/yoast.com\/product\/yoast-seo-wordpress\/ -->\n<title>Palestine occup\u00e9e\u00a0: Ceux qui s\u2019opposent aux sanctions contre l\u2019entit\u00e9 sioniste \u00ab\u00a0sabotent la solution \u00e0 deux Etats\u00a0\u00bb - La Sentinelle<\/title>\n<meta name=\"robots\" content=\"index, follow, max-snippet:-1, max-image-preview:large, max-video-preview:-1\" \/>\n<link rel=\"canonical\" href=\"https:\/\/lasentinelle.dz\/index.php\/2023\/08\/09\/palestine-occupee-ceux-qui-sopposent-aux-sanctions-contre-lentite-sioniste-sabotent-la-solution-a-deux-etats\/\" \/>\n<meta property=\"og:locale\" content=\"fr_FR\" \/>\n<meta property=\"og:type\" content=\"article\" \/>\n<meta property=\"og:title\" content=\"Palestine occup\u00e9e\u00a0: Ceux qui s\u2019opposent aux sanctions contre l\u2019entit\u00e9 sioniste \u00ab\u00a0sabotent la solution \u00e0 deux Etats\u00a0\u00bb - La Sentinelle\" \/>\n<meta property=\"og:description\" content=\"Le minist\u00e8re palestinien des Affaires \u00e9trang\u00e8res et des Expatri\u00e9s a averti hier, que les pays qui s\u2019opposent aux sanctions internationales\" \/>\n<meta property=\"og:url\" content=\"https:\/\/lasentinelle.dz\/index.php\/2023\/08\/09\/palestine-occupee-ceux-qui-sopposent-aux-sanctions-contre-lentite-sioniste-sabotent-la-solution-a-deux-etats\/\" \/>\n<meta property=\"og:site_name\" content=\"La Sentinelle\" \/>\n<meta property=\"article:publisher\" content=\"https:\/\/www.facebook.com\/La-Sentinelle-104059864394773\" \/>\n<meta property=\"article:published_time\" content=\"2023-08-09T20:51:11+00:00\" \/>\n<meta property=\"article:modified_time\" content=\"2023-08-09T20:51:14+00:00\" \/>\n<meta property=\"og:image\" content=\"https:\/\/lasentinelle.dz\/wp-content\/uploads\/2023\/08\/colonies.webp\" \/>\n\t<meta property=\"og:image:width\" content=\"1656\" \/>\n\t<meta property=\"og:image:height\" content=\"1060\" \/>\n\t<meta property=\"og:image:type\" content=\"image\/webp\" \/>\n<meta name=\"author\" content=\"La Sentinelle\" \/>\n<meta name=\"twitter:card\" content=\"summary_large_image\" \/>\n<meta name=\"twitter:label1\" content=\"\u00c9crit par\" \/>\n\t<meta name=\"twitter:data1\" content=\"La Sentinelle\" \/>\n\t<meta name=\"twitter:label2\" content=\"Dur\u00e9e de lecture estim\u00e9e\" \/>\n\t<meta name=\"twitter:data2\" content=\"3 minutes\" \/>\n<script type=\"application\/ld+json\" class=\"yoast-schema-graph\">{\"@context\":\"https:\\\/\\\/schema.org\",\"@graph\":[{\"@type\":\"Article\",\"@id\":\"https:\\\/\\\/lasentinelle.dz\\\/index.php\\\/2023\\\/08\\\/09\\\/palestine-occupee-ceux-qui-sopposent-aux-sanctions-contre-lentite-sioniste-sabotent-la-solution-a-deux-etats\\\/#article\",\"isPartOf\":{\"@id\":\"https:\\\/\\\/lasentinelle.dz\\\/index.php\\\/2023\\\/08\\\/09\\\/palestine-occupee-ceux-qui-sopposent-aux-sanctions-contre-lentite-sioniste-sabotent-la-solution-a-deux-etats\\\/\"},\"author\":{\"name\":\"La Sentinelle\",\"@id\":\"https:\\\/\\\/lasentinelle.dz\\\/#\\\/schema\\\/person\\\/d865044e22e70a75174ce8bcad3acfb3\"},\"headline\":\"Palestine occup\u00e9e\u00a0: Ceux qui s\u2019opposent aux sanctions contre l\u2019entit\u00e9 sioniste \u00ab\u00a0sabotent la solution \u00e0 deux Etats\u00a0\u00bb\",\"datePublished\":\"2023-08-09T20:51:11+00:00\",\"dateModified\":\"2023-08-09T20:51:14+00:00\",\"mainEntityOfPage\":{\"@id\":\"https:\\\/\\\/lasentinelle.dz\\\/index.php\\\/2023\\\/08\\\/09\\\/palestine-occupee-ceux-qui-sopposent-aux-sanctions-contre-lentite-sioniste-sabotent-la-solution-a-deux-etats\\\/\"},\"wordCount\":498,\"commentCount\":0,\"publisher\":{\"@id\":\"https:\\\/\\\/lasentinelle.dz\\\/#organization\"},\"image\":{\"@id\":\"https:\\\/\\\/lasentinelle.dz\\\/index.php\\\/2023\\\/08\\\/09\\\/palestine-occupee-ceux-qui-sopposent-aux-sanctions-contre-lentite-sioniste-sabotent-la-solution-a-deux-etats\\\/#primaryimage\"},\"thumbnailUrl\":\"https:\\\/\\\/lasentinelle.dz\\\/wp-content\\\/uploads\\\/2023\\\/08\\\/colonies.webp\",\"articleSection\":[\"Monde\"],\"inLanguage\":\"fr-FR\",\"potentialAction\":[{\"@type\":\"CommentAction\",\"name\":\"Comment\",\"target\":[\"https:\\\/\\\/lasentinelle.dz\\\/index.php\\\/2023\\\/08\\\/09\\\/palestine-occupee-ceux-qui-sopposent-aux-sanctions-contre-lentite-sioniste-sabotent-la-solution-a-deux-etats\\\/#respond\"]}]},{\"@type\":\"WebPage\",\"@id\":\"https:\\\/\\\/lasentinelle.dz\\\/index.php\\\/2023\\\/08\\\/09\\\/palestine-occupee-ceux-qui-sopposent-aux-sanctions-contre-lentite-sioniste-sabotent-la-solution-a-deux-etats\\\/\",\"url\":\"https:\\\/\\\/lasentinelle.dz\\\/index.php\\\/2023\\\/08\\\/09\\\/palestine-occupee-ceux-qui-sopposent-aux-sanctions-contre-lentite-sioniste-sabotent-la-solution-a-deux-etats\\\/\",\"name\":\"Palestine occup\u00e9e\u00a0: Ceux qui s\u2019opposent aux sanctions contre l\u2019entit\u00e9 sioniste \u00ab\u00a0sabotent la solution \u00e0 deux Etats\u00a0\u00bb - La Sentinelle\",\"isPartOf\":{\"@id\":\"https:\\\/\\\/lasentinelle.dz\\\/#website\"},\"primaryImageOfPage\":{\"@id\":\"https:\\\/\\\/lasentinelle.dz\\\/index.php\\\/2023\\\/08\\\/09\\\/palestine-occupee-ceux-qui-sopposent-aux-sanctions-contre-lentite-sioniste-sabotent-la-solution-a-deux-etats\\\/#primaryimage\"},\"image\":{\"@id\":\"https:\\\/\\\/lasentinelle.dz\\\/index.php\\\/2023\\\/08\\\/09\\\/palestine-occupee-ceux-qui-sopposent-aux-sanctions-contre-lentite-sioniste-sabotent-la-solution-a-deux-etats\\\/#primaryimage\"},\"thumbnailUrl\":\"https:\\\/\\\/lasentinelle.dz\\\/wp-content\\\/uploads\\\/2023\\\/08\\\/colonies.webp\",\"datePublished\":\"2023-08-09T20:51:11+00:00\",\"dateModified\":\"2023-08-09T20:51:14+00:00\",\"breadcrumb\":{\"@id\":\"https:\\\/\\\/lasentinelle.dz\\\/index.php\\\/2023\\\/08\\\/09\\\/palestine-occupee-ceux-qui-sopposent-aux-sanctions-contre-lentite-sioniste-sabotent-la-solution-a-deux-etats\\\/#breadcrumb\"},\"inLanguage\":\"fr-FR\",\"potentialAction\":[{\"@type\":\"ReadAction\",\"target\":[\"https:\\\/\\\/lasentinelle.dz\\\/index.php\\\/2023\\\/08\\\/09\\\/palestine-occupee-ceux-qui-sopposent-aux-sanctions-contre-lentite-sioniste-sabotent-la-solution-a-deux-etats\\\/\"]}]},{\"@type\":\"ImageObject\",\"inLanguage\":\"fr-FR\",\"@id\":\"https:\\\/\\\/lasentinelle.dz\\\/index.php\\\/2023\\\/08\\\/09\\\/palestine-occupee-ceux-qui-sopposent-aux-sanctions-contre-lentite-sioniste-sabotent-la-solution-a-deux-etats\\\/#primaryimage\",\"url\":\"https:\\\/\\\/lasentinelle.dz\\\/wp-content\\\/uploads\\\/2023\\\/08\\\/colonies.webp\",\"contentUrl\":\"https:\\\/\\\/lasentinelle.dz\\\/wp-content\\\/uploads\\\/2023\\\/08\\\/colonies.webp\",\"width\":1656,\"height\":1060},{\"@type\":\"BreadcrumbList\",\"@id\":\"https:\\\/\\\/lasentinelle.dz\\\/index.php\\\/2023\\\/08\\\/09\\\/palestine-occupee-ceux-qui-sopposent-aux-sanctions-contre-lentite-sioniste-sabotent-la-solution-a-deux-etats\\\/#breadcrumb\",\"itemListElement\":[{\"@type\":\"ListItem\",\"position\":1,\"name\":\"Accueil\",\"item\":\"https:\\\/\\\/lasentinelle.dz\\\/\"},{\"@type\":\"ListItem\",\"position\":2,\"name\":\"Palestine occup\u00e9e\u00a0: Ceux qui s\u2019opposent aux sanctions contre l\u2019entit\u00e9 sioniste \u00ab\u00a0sabotent la solution \u00e0 deux Etats\u00a0\u00bb\"}]},{\"@type\":\"WebSite\",\"@id\":\"https:\\\/\\\/lasentinelle.dz\\\/#website\",\"url\":\"https:\\\/\\\/lasentinelle.dz\\\/\",\"name\":\"La Sentinelle\",\"description\":\"Quotidien national d&#039;information\",\"publisher\":{\"@id\":\"https:\\\/\\\/lasentinelle.dz\\\/#organization\"},\"potentialAction\":[{\"@type\":\"SearchAction\",\"target\":{\"@type\":\"EntryPoint\",\"urlTemplate\":\"https:\\\/\\\/lasentinelle.dz\\\/?s={search_term_string}\"},\"query-input\":{\"@type\":\"PropertyValueSpecification\",\"valueRequired\":true,\"valueName\":\"search_term_string\"}}],\"inLanguage\":\"fr-FR\"},{\"@type\":\"Organization\",\"@id\":\"https:\\\/\\\/lasentinelle.dz\\\/#organization\",\"name\":\"Quotidien La Sentinelle\",\"url\":\"https:\\\/\\\/lasentinelle.dz\\\/\",\"logo\":{\"@type\":\"ImageObject\",\"inLanguage\":\"fr-FR\",\"@id\":\"https:\\\/\\\/lasentinelle.dz\\\/#\\\/schema\\\/logo\\\/image\\\/\",\"url\":\"https:\\\/\\\/lasentinelle.dz\\\/wp-content\\\/uploads\\\/2021\\\/09\\\/logo-sentinelleSLOGAN-1.png\",\"contentUrl\":\"https:\\\/\\\/lasentinelle.dz\\\/wp-content\\\/uploads\\\/2021\\\/09\\\/logo-sentinelleSLOGAN-1.png\",\"width\":615,\"height\":142,\"caption\":\"Quotidien La Sentinelle\"},\"image\":{\"@id\":\"https:\\\/\\\/lasentinelle.dz\\\/#\\\/schema\\\/logo\\\/image\\\/\"},\"sameAs\":[\"https:\\\/\\\/www.facebook.com\\\/La-Sentinelle-104059864394773\"]},{\"@type\":\"Person\",\"@id\":\"https:\\\/\\\/lasentinelle.dz\\\/#\\\/schema\\\/person\\\/d865044e22e70a75174ce8bcad3acfb3\",\"name\":\"La Sentinelle\",\"image\":{\"@type\":\"ImageObject\",\"inLanguage\":\"fr-FR\",\"@id\":\"https:\\\/\\\/secure.gravatar.com\\\/avatar\\\/57de8e5d4b15d43fb361a71fbb36338450fe67865b528a43dd10ef7c51a20392?s=96&d=mm&r=g\",\"url\":\"https:\\\/\\\/secure.gravatar.com\\\/avatar\\\/57de8e5d4b15d43fb361a71fbb36338450fe67865b528a43dd10ef7c51a20392?s=96&d=mm&r=g\",\"contentUrl\":\"https:\\\/\\\/secure.gravatar.com\\\/avatar\\\/57de8e5d4b15d43fb361a71fbb36338450fe67865b528a43dd10ef7c51a20392?s=96&d=mm&r=g\",\"caption\":\"La Sentinelle\"},\"sameAs\":[\"http:\\\/\\\/www.lasentinelle.dz\"],\"url\":\"https:\\\/\\\/lasentinelle.dz\\\/author\\\/redaction\\\/\"}]}<\/script>\n<!-- \/ Yoast SEO plugin. -->","yoast_head_json":{"title":"Palestine occup\u00e9e\u00a0: Ceux qui s\u2019opposent aux sanctions contre l\u2019entit\u00e9 sioniste \u00ab\u00a0sabotent la solution \u00e0 deux Etats\u00a0\u00bb - La Sentinelle","robots":{"index":"index","follow":"follow","max-snippet":"max-snippet:-1","max-image-preview":"max-image-preview:large","max-video-preview":"max-video-preview:-1"},"canonical":"https:\/\/lasentinelle.dz\/index.php\/2023\/08\/09\/palestine-occupee-ceux-qui-sopposent-aux-sanctions-contre-lentite-sioniste-sabotent-la-solution-a-deux-etats\/","og_locale":"fr_FR","og_type":"article","og_title":"Palestine occup\u00e9e\u00a0: Ceux qui s\u2019opposent aux sanctions contre l\u2019entit\u00e9 sioniste \u00ab\u00a0sabotent la solution \u00e0 deux Etats\u00a0\u00bb - La Sentinelle","og_description":"Le minist\u00e8re palestinien des Affaires \u00e9trang\u00e8res et des Expatri\u00e9s a averti hier, que les pays qui s\u2019opposent aux sanctions internationales","og_url":"https:\/\/lasentinelle.dz\/index.php\/2023\/08\/09\/palestine-occupee-ceux-qui-sopposent-aux-sanctions-contre-lentite-sioniste-sabotent-la-solution-a-deux-etats\/","og_site_name":"La Sentinelle","article_publisher":"https:\/\/www.facebook.com\/La-Sentinelle-104059864394773","article_published_time":"2023-08-09T20:51:11+00:00","article_modified_time":"2023-08-09T20:51:14+00:00","og_image":[{"width":1656,"height":1060,"url":"https:\/\/lasentinelle.dz\/wp-content\/uploads\/2023\/08\/colonies.webp","type":"image\/webp"}],"author":"La Sentinelle","twitter_card":"summary_large_image","twitter_misc":{"\u00c9crit par":"La Sentinelle","Dur\u00e9e de lecture estim\u00e9e":"3 minutes"},"schema":{"@context":"https:\/\/schema.org","@graph":[{"@type":"Article","@id":"https:\/\/lasentinelle.dz\/index.php\/2023\/08\/09\/palestine-occupee-ceux-qui-sopposent-aux-sanctions-contre-lentite-sioniste-sabotent-la-solution-a-deux-etats\/#article","isPartOf":{"@id":"https:\/\/lasentinelle.dz\/index.php\/2023\/08\/09\/palestine-occupee-ceux-qui-sopposent-aux-sanctions-contre-lentite-sioniste-sabotent-la-solution-a-deux-etats\/"},"author":{"name":"La Sentinelle","@id":"https:\/\/lasentinelle.dz\/#\/schema\/person\/d865044e22e70a75174ce8bcad3acfb3"},"headline":"Palestine occup\u00e9e\u00a0: Ceux qui s\u2019opposent aux sanctions contre l\u2019entit\u00e9 sioniste \u00ab\u00a0sabotent la solution \u00e0 deux Etats\u00a0\u00bb","datePublished":"2023-08-09T20:51:11+00:00","dateModified":"2023-08-09T20:51:14+00:00","mainEntityOfPage":{"@id":"https:\/\/lasentinelle.dz\/index.php\/2023\/08\/09\/palestine-occupee-ceux-qui-sopposent-aux-sanctions-contre-lentite-sioniste-sabotent-la-solution-a-deux-etats\/"},"wordCount":498,"commentCount":0,"publisher":{"@id":"https:\/\/lasentinelle.dz\/#organization"},"image":{"@id":"https:\/\/lasentinelle.dz\/index.php\/2023\/08\/09\/palestine-occupee-ceux-qui-sopposent-aux-sanctions-contre-lentite-sioniste-sabotent-la-solution-a-deux-etats\/#primaryimage"},"thumbnailUrl":"https:\/\/lasentinelle.dz\/wp-content\/uploads\/2023\/08\/colonies.webp","articleSection":["Monde"],"inLanguage":"fr-FR","potentialAction":[{"@type":"CommentAction","name":"Comment","target":["https:\/\/lasentinelle.dz\/index.php\/2023\/08\/09\/palestine-occupee-ceux-qui-sopposent-aux-sanctions-contre-lentite-sioniste-sabotent-la-solution-a-deux-etats\/#respond"]}]},{"@type":"WebPage","@id":"https:\/\/lasentinelle.dz\/index.php\/2023\/08\/09\/palestine-occupee-ceux-qui-sopposent-aux-sanctions-contre-lentite-sioniste-sabotent-la-solution-a-deux-etats\/","url":"https:\/\/lasentinelle.dz\/index.php\/2023\/08\/09\/palestine-occupee-ceux-qui-sopposent-aux-sanctions-contre-lentite-sioniste-sabotent-la-solution-a-deux-etats\/","name":"Palestine occup\u00e9e\u00a0: Ceux qui s\u2019opposent aux sanctions contre l\u2019entit\u00e9 sioniste \u00ab\u00a0sabotent la solution \u00e0 deux Etats\u00a0\u00bb - La Sentinelle","isPartOf":{"@id":"https:\/\/lasentinelle.dz\/#website"},"primaryImageOfPage":{"@id":"https:\/\/lasentinelle.dz\/index.php\/2023\/08\/09\/palestine-occupee-ceux-qui-sopposent-aux-sanctions-contre-lentite-sioniste-sabotent-la-solution-a-deux-etats\/#primaryimage"},"image":{"@id":"https:\/\/lasentinelle.dz\/index.php\/2023\/08\/09\/palestine-occupee-ceux-qui-sopposent-aux-sanctions-contre-lentite-sioniste-sabotent-la-solution-a-deux-etats\/#primaryimage"},"thumbnailUrl":"https:\/\/lasentinelle.dz\/wp-content\/uploads\/2023\/08\/colonies.webp","datePublished":"2023-08-09T20:51:11+00:00","dateModified":"2023-08-09T20:51:14+00:00","breadcrumb":{"@id":"https:\/\/lasentinelle.dz\/index.php\/2023\/08\/09\/palestine-occupee-ceux-qui-sopposent-aux-sanctions-contre-lentite-sioniste-sabotent-la-solution-a-deux-etats\/#breadcrumb"},"inLanguage":"fr-FR","potentialAction":[{"@type":"ReadAction","target":["https:\/\/lasentinelle.dz\/index.php\/2023\/08\/09\/palestine-occupee-ceux-qui-sopposent-aux-sanctions-contre-lentite-sioniste-sabotent-la-solution-a-deux-etats\/"]}]},{"@type":"ImageObject","inLanguage":"fr-FR","@id":"https:\/\/lasentinelle.dz\/index.php\/2023\/08\/09\/palestine-occupee-ceux-qui-sopposent-aux-sanctions-contre-lentite-sioniste-sabotent-la-solution-a-deux-etats\/#primaryimage","url":"https:\/\/lasentinelle.dz\/wp-content\/uploads\/2023\/08\/colonies.webp","contentUrl":"https:\/\/lasentinelle.dz\/wp-content\/uploads\/2023\/08\/colonies.webp","width":1656,"height":1060},{"@type":"BreadcrumbList","@id":"https:\/\/lasentinelle.dz\/index.php\/2023\/08\/09\/palestine-occupee-ceux-qui-sopposent-aux-sanctions-contre-lentite-sioniste-sabotent-la-solution-a-deux-etats\/#breadcrumb","itemListElement":[{"@type":"ListItem","position":1,"name":"Accueil","item":"https:\/\/lasentinelle.dz\/"},{"@type":"ListItem","position":2,"name":"Palestine occup\u00e9e\u00a0: Ceux qui s\u2019opposent aux sanctions contre l\u2019entit\u00e9 sioniste \u00ab\u00a0sabotent la solution \u00e0 deux Etats\u00a0\u00bb"}]},{"@type":"WebSite","@id":"https:\/\/lasentinelle.dz\/#website","url":"https:\/\/lasentinelle.dz\/","name":"La Sentinelle","description":"Quotidien national d&#039;information","publisher":{"@id":"https:\/\/lasentinelle.dz\/#organization"},"potentialAction":[{"@type":"SearchAction","target":{"@type":"EntryPoint","urlTemplate":"https:\/\/lasentinelle.dz\/?s={search_term_string}"},"query-input":{"@type":"PropertyValueSpecification","valueRequired":true,"valueName":"search_term_string"}}],"inLanguage":"fr-FR"},{"@type":"Organization","@id":"https:\/\/lasentinelle.dz\/#organization","name":"Quotidien La Sentinelle","url":"https:\/\/lasentinelle.dz\/","logo":{"@type":"ImageObject","inLanguage":"fr-FR","@id":"https:\/\/lasentinelle.dz\/#\/schema\/logo\/image\/","url":"https:\/\/lasentinelle.dz\/wp-content\/uploads\/2021\/09\/logo-sentinelleSLOGAN-1.png","contentUrl":"https:\/\/lasentinelle.dz\/wp-content\/uploads\/2021\/09\/logo-sentinelleSLOGAN-1.png","width":615,"height":142,"caption":"Quotidien La Sentinelle"},"image":{"@id":"https:\/\/lasentinelle.dz\/#\/schema\/logo\/image\/"},"sameAs":["https:\/\/www.facebook.com\/La-Sentinelle-104059864394773"]},{"@type":"Person","@id":"https:\/\/lasentinelle.dz\/#\/schema\/person\/d865044e22e70a75174ce8bcad3acfb3","name":"La Sentinelle","image":{"@type":"ImageObject","inLanguage":"fr-FR","@id":"https:\/\/secure.gravatar.com\/avatar\/57de8e5d4b15d43fb361a71fbb36338450fe67865b528a43dd10ef7c51a20392?s=96&d=mm&r=g","url":"https:\/\/secure.gravatar.com\/avatar\/57de8e5d4b15d43fb361a71fbb36338450fe67865b528a43dd10ef7c51a20392?s=96&d=mm&r=g","contentUrl":"https:\/\/secure.gravatar.com\/avatar\/57de8e5d4b15d43fb361a71fbb36338450fe67865b528a43dd10ef7c51a20392?s=96&d=mm&r=g","caption":"La Sentinelle"},"sameAs":["http:\/\/www.lasentinelle.dz"],"url":"https:\/\/lasentinelle.dz\/author\/redaction\/"}]}},"_links":{"self":[{"href":"https:\/\/lasentinelle.dz\/index.php\/wp-json\/wp\/v2\/posts\/44487","targetHints":{"allow":["GET"]}}],"collection":[{"href":"https:\/\/lasentinelle.dz\/index.php\/wp-json\/wp\/v2\/posts"}],"about":[{"href":"https:\/\/lasentinelle.dz\/index.php\/wp-json\/wp\/v2\/types\/post"}],"author":[{"embeddable":true,"href":"https:\/\/lasentinelle.dz\/index.php\/wp-json\/wp\/v2\/users\/3"}],"replies":[{"embeddable":true,"href":"https:\/\/lasentinelle.dz\/index.php\/wp-json\/wp\/v2\/comments?post=44487"}],"version-history":[{"count":1,"href":"https:\/\/lasentinelle.dz\/index.php\/wp-json\/wp\/v2\/posts\/44487\/revisions"}],"predecessor-version":[{"id":44489,"href":"https:\/\/lasentinelle.dz\/index.php\/wp-json\/wp\/v2\/posts\/44487\/revisions\/44489"}],"wp:featuredmedia":[{"embeddable":true,"href":"https:\/\/lasentinelle.dz\/index.php\/wp-json\/wp\/v2\/media\/44488"}],"wp:attachment":[{"href":"https:\/\/lasentinelle.dz\/index.php\/wp-json\/wp\/v2\/media?parent=44487"}],"wp:term":[{"taxonomy":"category","embeddable":true,"href":"https:\/\/lasentinelle.dz\/index.php\/wp-json\/wp\/v2\/categories?post=44487"},{"taxonomy":"post_tag","embeddable":true,"href":"https:\/\/lasentinelle.dz\/index.php\/wp-json\/wp\/v2\/tags?post=44487"}],"curies":[{"name":"wp","href":"https:\/\/api.w.org\/{rel}","templated":true}]}}