{"id":44552,"date":"2023-08-12T22:14:01","date_gmt":"2023-08-12T21:14:01","guid":{"rendered":"https:\/\/lasentinelle.dz\/?p=44552"},"modified":"2023-08-12T22:14:05","modified_gmt":"2023-08-12T21:14:05","slug":"vers-la-reouverture-de-lunite-la-belle-dannaba","status":"publish","type":"post","link":"https:\/\/lasentinelle.dz\/index.php\/2023\/08\/12\/vers-la-reouverture-de-lunite-la-belle-dannaba\/","title":{"rendered":"Vers la r\u00e9ouverture de l\u2019unit\u00e9 \u00ab\u00a0La Belle\u00a0\u00bb d\u2019Annaba"},"content":{"rendered":"\n<p>L\u2019unit\u00e9 de production d\u2019huile de table \u00ab&nbsp;La Belle&nbsp;\u00bb d\u2019Annaba, ferm\u00e9 pour des consid\u00e9rations environnementales, doit reprendre sa production apr\u00e8s avoir pris des mesures pour rem\u00e9dier aux lacunes enregistr\u00e9es en mati\u00e8re de protection de l\u2019environnement.<\/p>\n\n\n\n<p>Selon une source de l\u2019entreprise, l\u2019unit\u00e9 va bient\u00f4t reprendre ses activit\u00e9s, apr\u00e8s la validation, par les autorit\u00e9s locales et la Direction de l\u2019environnement, des mesures prises par ladite usine. Selon les informations apport\u00e9es par la m\u00eame source, la direction s\u2019est&nbsp; r\u00e9sign\u00e9e \u00e0 revoir ses engagements&nbsp; en ce qui concerne la protection de l\u2019environnement. Car, il convient de souligner que les d\u00e9versements de cette unit\u00e9, implant\u00e9e \u00e0 l\u2019avant-port d\u2019Annaba, ne sont plus tol\u00e9r\u00e9s au regard de la nature&nbsp; hautement polluante des substances rejet\u00e9es. Situation qui a valu a l\u2019usine \u00ab&nbsp;La Belle&nbsp;\u00bb, rappelons-le,&nbsp; des sanctions&nbsp; au d\u00e9but du mois&nbsp; de juin dernier, aboutissant \u00e0 sa fermeture et la suspension de la production d\u2019huile de table. La mesure a \u00e9t\u00e9 prise sur la base du non respect du cahier des charges impos\u00e9 par les pouvoirs publics, notamment en mati\u00e8re de respect de l\u2019environnement et l\u2019unit\u00e9 de production d\u2019huile de table a \u00e9t\u00e9 p\u00e9nalis\u00e9e&nbsp; par une fermeture temporaire par les \u00e9l\u00e9ments de la Gendarmerie nationale.&nbsp; Rappelons que le premier responsable de la wilaya d\u2019Annaba&nbsp; avait&nbsp; d\u00e9p\u00each\u00e9 une d\u00e9l\u00e9gation de la Direction de l\u2019environnement, qui a effectu\u00e9 des analyse des produits d\u00e9vers\u00e9s en mer. Le constat a \u00e9t\u00e9 sans appel. Des produits hautement polluants se retrouvaient en mer en raison de l\u2019activit\u00e9 de l\u2019unit\u00e9 de production d\u2019huile de table. Les r\u00e9sultats des analyses ont profond\u00e9ment d\u00e9\u00e7u le chef de l\u2019ex\u00e9cutif local qui a vraisemblablement \u00e9t\u00e9 outr\u00e9 par cet \u00e9pisode, pr\u00e9cisant qu\u2019une telle situation n\u2019est pas \u00e0 la hauteur d\u2019une entreprise de cette envergure. C\u2019est pourquoi, il a \u00e9t\u00e9 d\u00e9cid\u00e9 de fermer l\u2019unit\u00e9&nbsp; afin de l\u2019obliger \u00e0 prendre les mesures n\u00e9cessaires devant pr\u00e9server l\u2019environnement. La reprise imminente&nbsp; de la production de l\u2019 unit\u00e9 \u00ab&nbsp;La Belle&nbsp;\u00bb&nbsp; intervient &nbsp;ainsi apr\u00e8s la validation&nbsp; par les autorit\u00e9s locales et&nbsp; la Direction de l\u2019environnement des mesures prises par l\u2019entreprise pour rem\u00e9dier \u00e0 la situation. Par ailleurs,&nbsp; la fermeture de l\u2019usine de production d\u2019huile de table a suscit\u00e9&nbsp; l\u2019inqui\u00e9tude des consommateurs quant \u00e0 la disponibilit\u00e9 de ce produit de base. C\u2019est pourquoi, la Direction du commerce de la wilaya d\u2019Annaba a rassur\u00e9 les consommateurs, \u00e9cartant toute \u00e9ventualit\u00e9 de p\u00e9nurie. La Direction du commerce a indiqu\u00e9 que cette p\u00e9nalit\u00e9 impos\u00e9e \u00e0 l\u2019usine n\u2019allait impacter que l\u2019usine, puisque les stocks disponibles permettaient largement d\u2019alimenter la wilaya durant la p\u00e9riode de fermeture de l\u2019unit\u00e9 de production. Jusqu\u2019\u00e0 la mise sous presse,&nbsp; les quantit\u00e9s d\u2019huile de table, stock\u00e9s dans les entrep\u00f4ts de l\u2019usine, s\u2019\u00e9l\u00e8vent \u00e0 93.952 bidons d\u2019huile de 5 litres. Expliquant par l\u00e0 m\u00eame, la Direction du commerce a indiqu\u00e9 que le march\u00e9 de la wilaya ne d\u00e9pend pas uniquement&nbsp; de cette marque, puisque pas moins de 5 entreprises d\u2019huile de table alimentent le march\u00e9 local de la wilaya. C\u2019est pourquoi, il impossible qu\u2019une p\u00e9nurie soit observ\u00e9e durant les deux mois de fermeture de l\u2019unit\u00e9.<\/p>\n\n\n\n<p><strong>Sofia Chahine<\/strong><\/p>\n","protected":false},"excerpt":{"rendered":"<p>L\u2019unit\u00e9 de production d\u2019huile de table \u00ab&nbsp;La Belle&nbsp;\u00bb d\u2019Annaba, ferm\u00e9 pour des consid\u00e9rations environnementales, doit reprendre sa production apr\u00e8s avoir<\/p>\n","protected":false},"author":3,"featured_media":44553,"comment_status":"open","ping_status":"closed","sticky":false,"template":"","format":"standard","meta":{"colormag_page_container_layout":"default_layout","colormag_page_sidebar_layout":"default_layout","om_disable_all_campaigns":false,"_monsterinsights_skip_tracking":false,"_monsterinsights_sitenote_active":false,"_monsterinsights_sitenote_note":"","_monsterinsights_sitenote_category":0,"footnotes":"","_wpscppro_dont_share_socialmedia":false,"_wpscppro_custom_social_share_image":0,"_facebook_share_type":"","_twitter_share_type":"","_linkedin_share_type":"","_pinterest_share_type":"","_linkedin_share_type_page":"","_instagram_share_type":"","_medium_share_type":"","_threads_share_type":"","_google_business_share_type":"","_selected_social_profile":[],"_wpsp_enable_custom_social_template":false,"_wpsp_social_scheduling":{"enabled":false,"datetime":null,"platforms":[],"status":"template_only","dateOption":"today","timeOption":"now","customDays":"","customHours":"","customDate":"","customTime":"","schedulingType":"absolute"},"_wpsp_active_default_template":true},"categories":[52,29],"tags":[],"class_list":["post-44552","post","type-post","status-publish","format-standard","has-post-thumbnail","hentry","category-a-la-une","category-economie"],"aioseo_notices":[],"yoast_head":"<!-- This site is optimized with the Yoast SEO plugin v27.5 - https:\/\/yoast.com\/product\/yoast-seo-wordpress\/ -->\n<title>Vers la r\u00e9ouverture de l\u2019unit\u00e9 \u00ab\u00a0La Belle\u00a0\u00bb d\u2019Annaba - La Sentinelle<\/title>\n<meta name=\"robots\" content=\"index, follow, max-snippet:-1, max-image-preview:large, max-video-preview:-1\" \/>\n<link rel=\"canonical\" href=\"https:\/\/lasentinelle.dz\/index.php\/2023\/08\/12\/vers-la-reouverture-de-lunite-la-belle-dannaba\/\" \/>\n<meta property=\"og:locale\" content=\"fr_FR\" \/>\n<meta property=\"og:type\" content=\"article\" \/>\n<meta property=\"og:title\" content=\"Vers la r\u00e9ouverture de l\u2019unit\u00e9 \u00ab\u00a0La Belle\u00a0\u00bb d\u2019Annaba - La Sentinelle\" \/>\n<meta property=\"og:description\" content=\"L\u2019unit\u00e9 de production d\u2019huile de table \u00ab&nbsp;La Belle&nbsp;\u00bb d\u2019Annaba, ferm\u00e9 pour des consid\u00e9rations environnementales, doit reprendre sa production apr\u00e8s avoir\" \/>\n<meta property=\"og:url\" content=\"https:\/\/lasentinelle.dz\/index.php\/2023\/08\/12\/vers-la-reouverture-de-lunite-la-belle-dannaba\/\" \/>\n<meta property=\"og:site_name\" content=\"La Sentinelle\" \/>\n<meta property=\"article:publisher\" content=\"https:\/\/www.facebook.com\/La-Sentinelle-104059864394773\" \/>\n<meta property=\"article:published_time\" content=\"2023-08-12T21:14:01+00:00\" \/>\n<meta property=\"article:modified_time\" content=\"2023-08-12T21:14:05+00:00\" \/>\n<meta property=\"og:image\" content=\"https:\/\/lasentinelle.dz\/wp-content\/uploads\/2023\/08\/Huile-de-table.jpg\" \/>\n\t<meta property=\"og:image:width\" content=\"864\" \/>\n\t<meta property=\"og:image:height\" content=\"486\" \/>\n\t<meta property=\"og:image:type\" content=\"image\/jpeg\" \/>\n<meta name=\"author\" content=\"La Sentinelle\" \/>\n<meta name=\"twitter:card\" content=\"summary_large_image\" \/>\n<meta name=\"twitter:label1\" content=\"\u00c9crit par\" \/>\n\t<meta name=\"twitter:data1\" content=\"La Sentinelle\" \/>\n\t<meta name=\"twitter:label2\" content=\"Dur\u00e9e de lecture estim\u00e9e\" \/>\n\t<meta name=\"twitter:data2\" content=\"3 minutes\" \/>\n<script type=\"application\/ld+json\" class=\"yoast-schema-graph\">{\"@context\":\"https:\\\/\\\/schema.org\",\"@graph\":[{\"@type\":\"Article\",\"@id\":\"https:\\\/\\\/lasentinelle.dz\\\/index.php\\\/2023\\\/08\\\/12\\\/vers-la-reouverture-de-lunite-la-belle-dannaba\\\/#article\",\"isPartOf\":{\"@id\":\"https:\\\/\\\/lasentinelle.dz\\\/index.php\\\/2023\\\/08\\\/12\\\/vers-la-reouverture-de-lunite-la-belle-dannaba\\\/\"},\"author\":{\"name\":\"La Sentinelle\",\"@id\":\"https:\\\/\\\/lasentinelle.dz\\\/#\\\/schema\\\/person\\\/d865044e22e70a75174ce8bcad3acfb3\"},\"headline\":\"Vers la r\u00e9ouverture de l\u2019unit\u00e9 \u00ab\u00a0La Belle\u00a0\u00bb d\u2019Annaba\",\"datePublished\":\"2023-08-12T21:14:01+00:00\",\"dateModified\":\"2023-08-12T21:14:05+00:00\",\"mainEntityOfPage\":{\"@id\":\"https:\\\/\\\/lasentinelle.dz\\\/index.php\\\/2023\\\/08\\\/12\\\/vers-la-reouverture-de-lunite-la-belle-dannaba\\\/\"},\"wordCount\":623,\"commentCount\":0,\"publisher\":{\"@id\":\"https:\\\/\\\/lasentinelle.dz\\\/#organization\"},\"image\":{\"@id\":\"https:\\\/\\\/lasentinelle.dz\\\/index.php\\\/2023\\\/08\\\/12\\\/vers-la-reouverture-de-lunite-la-belle-dannaba\\\/#primaryimage\"},\"thumbnailUrl\":\"https:\\\/\\\/lasentinelle.dz\\\/wp-content\\\/uploads\\\/2023\\\/08\\\/Huile-de-table.jpg\",\"articleSection\":[\"\u00c0 la Une\",\"\u00c9conomie\"],\"inLanguage\":\"fr-FR\",\"potentialAction\":[{\"@type\":\"CommentAction\",\"name\":\"Comment\",\"target\":[\"https:\\\/\\\/lasentinelle.dz\\\/index.php\\\/2023\\\/08\\\/12\\\/vers-la-reouverture-de-lunite-la-belle-dannaba\\\/#respond\"]}]},{\"@type\":\"WebPage\",\"@id\":\"https:\\\/\\\/lasentinelle.dz\\\/index.php\\\/2023\\\/08\\\/12\\\/vers-la-reouverture-de-lunite-la-belle-dannaba\\\/\",\"url\":\"https:\\\/\\\/lasentinelle.dz\\\/index.php\\\/2023\\\/08\\\/12\\\/vers-la-reouverture-de-lunite-la-belle-dannaba\\\/\",\"name\":\"Vers la r\u00e9ouverture de l\u2019unit\u00e9 \u00ab\u00a0La Belle\u00a0\u00bb d\u2019Annaba - La Sentinelle\",\"isPartOf\":{\"@id\":\"https:\\\/\\\/lasentinelle.dz\\\/#website\"},\"primaryImageOfPage\":{\"@id\":\"https:\\\/\\\/lasentinelle.dz\\\/index.php\\\/2023\\\/08\\\/12\\\/vers-la-reouverture-de-lunite-la-belle-dannaba\\\/#primaryimage\"},\"image\":{\"@id\":\"https:\\\/\\\/lasentinelle.dz\\\/index.php\\\/2023\\\/08\\\/12\\\/vers-la-reouverture-de-lunite-la-belle-dannaba\\\/#primaryimage\"},\"thumbnailUrl\":\"https:\\\/\\\/lasentinelle.dz\\\/wp-content\\\/uploads\\\/2023\\\/08\\\/Huile-de-table.jpg\",\"datePublished\":\"2023-08-12T21:14:01+00:00\",\"dateModified\":\"2023-08-12T21:14:05+00:00\",\"breadcrumb\":{\"@id\":\"https:\\\/\\\/lasentinelle.dz\\\/index.php\\\/2023\\\/08\\\/12\\\/vers-la-reouverture-de-lunite-la-belle-dannaba\\\/#breadcrumb\"},\"inLanguage\":\"fr-FR\",\"potentialAction\":[{\"@type\":\"ReadAction\",\"target\":[\"https:\\\/\\\/lasentinelle.dz\\\/index.php\\\/2023\\\/08\\\/12\\\/vers-la-reouverture-de-lunite-la-belle-dannaba\\\/\"]}]},{\"@type\":\"ImageObject\",\"inLanguage\":\"fr-FR\",\"@id\":\"https:\\\/\\\/lasentinelle.dz\\\/index.php\\\/2023\\\/08\\\/12\\\/vers-la-reouverture-de-lunite-la-belle-dannaba\\\/#primaryimage\",\"url\":\"https:\\\/\\\/lasentinelle.dz\\\/wp-content\\\/uploads\\\/2023\\\/08\\\/Huile-de-table.jpg\",\"contentUrl\":\"https:\\\/\\\/lasentinelle.dz\\\/wp-content\\\/uploads\\\/2023\\\/08\\\/Huile-de-table.jpg\",\"width\":864,\"height\":486},{\"@type\":\"BreadcrumbList\",\"@id\":\"https:\\\/\\\/lasentinelle.dz\\\/index.php\\\/2023\\\/08\\\/12\\\/vers-la-reouverture-de-lunite-la-belle-dannaba\\\/#breadcrumb\",\"itemListElement\":[{\"@type\":\"ListItem\",\"position\":1,\"name\":\"Accueil\",\"item\":\"https:\\\/\\\/lasentinelle.dz\\\/\"},{\"@type\":\"ListItem\",\"position\":2,\"name\":\"Vers la r\u00e9ouverture de l\u2019unit\u00e9 \u00ab\u00a0La Belle\u00a0\u00bb d\u2019Annaba\"}]},{\"@type\":\"WebSite\",\"@id\":\"https:\\\/\\\/lasentinelle.dz\\\/#website\",\"url\":\"https:\\\/\\\/lasentinelle.dz\\\/\",\"name\":\"La Sentinelle\",\"description\":\"Quotidien national d&#039;information\",\"publisher\":{\"@id\":\"https:\\\/\\\/lasentinelle.dz\\\/#organization\"},\"potentialAction\":[{\"@type\":\"SearchAction\",\"target\":{\"@type\":\"EntryPoint\",\"urlTemplate\":\"https:\\\/\\\/lasentinelle.dz\\\/?s={search_term_string}\"},\"query-input\":{\"@type\":\"PropertyValueSpecification\",\"valueRequired\":true,\"valueName\":\"search_term_string\"}}],\"inLanguage\":\"fr-FR\"},{\"@type\":\"Organization\",\"@id\":\"https:\\\/\\\/lasentinelle.dz\\\/#organization\",\"name\":\"Quotidien La Sentinelle\",\"url\":\"https:\\\/\\\/lasentinelle.dz\\\/\",\"logo\":{\"@type\":\"ImageObject\",\"inLanguage\":\"fr-FR\",\"@id\":\"https:\\\/\\\/lasentinelle.dz\\\/#\\\/schema\\\/logo\\\/image\\\/\",\"url\":\"https:\\\/\\\/lasentinelle.dz\\\/wp-content\\\/uploads\\\/2021\\\/09\\\/logo-sentinelleSLOGAN-1.png\",\"contentUrl\":\"https:\\\/\\\/lasentinelle.dz\\\/wp-content\\\/uploads\\\/2021\\\/09\\\/logo-sentinelleSLOGAN-1.png\",\"width\":615,\"height\":142,\"caption\":\"Quotidien La Sentinelle\"},\"image\":{\"@id\":\"https:\\\/\\\/lasentinelle.dz\\\/#\\\/schema\\\/logo\\\/image\\\/\"},\"sameAs\":[\"https:\\\/\\\/www.facebook.com\\\/La-Sentinelle-104059864394773\"]},{\"@type\":\"Person\",\"@id\":\"https:\\\/\\\/lasentinelle.dz\\\/#\\\/schema\\\/person\\\/d865044e22e70a75174ce8bcad3acfb3\",\"name\":\"La Sentinelle\",\"image\":{\"@type\":\"ImageObject\",\"inLanguage\":\"fr-FR\",\"@id\":\"https:\\\/\\\/secure.gravatar.com\\\/avatar\\\/57de8e5d4b15d43fb361a71fbb36338450fe67865b528a43dd10ef7c51a20392?s=96&d=mm&r=g\",\"url\":\"https:\\\/\\\/secure.gravatar.com\\\/avatar\\\/57de8e5d4b15d43fb361a71fbb36338450fe67865b528a43dd10ef7c51a20392?s=96&d=mm&r=g\",\"contentUrl\":\"https:\\\/\\\/secure.gravatar.com\\\/avatar\\\/57de8e5d4b15d43fb361a71fbb36338450fe67865b528a43dd10ef7c51a20392?s=96&d=mm&r=g\",\"caption\":\"La Sentinelle\"},\"sameAs\":[\"http:\\\/\\\/www.lasentinelle.dz\"],\"url\":\"https:\\\/\\\/lasentinelle.dz\\\/author\\\/redaction\\\/\"}]}<\/script>\n<!-- \/ Yoast SEO plugin. -->","yoast_head_json":{"title":"Vers la r\u00e9ouverture de l\u2019unit\u00e9 \u00ab\u00a0La Belle\u00a0\u00bb d\u2019Annaba - La Sentinelle","robots":{"index":"index","follow":"follow","max-snippet":"max-snippet:-1","max-image-preview":"max-image-preview:large","max-video-preview":"max-video-preview:-1"},"canonical":"https:\/\/lasentinelle.dz\/index.php\/2023\/08\/12\/vers-la-reouverture-de-lunite-la-belle-dannaba\/","og_locale":"fr_FR","og_type":"article","og_title":"Vers la r\u00e9ouverture de l\u2019unit\u00e9 \u00ab\u00a0La Belle\u00a0\u00bb d\u2019Annaba - La Sentinelle","og_description":"L\u2019unit\u00e9 de production d\u2019huile de table \u00ab&nbsp;La Belle&nbsp;\u00bb d\u2019Annaba, ferm\u00e9 pour des consid\u00e9rations environnementales, doit reprendre sa production apr\u00e8s avoir","og_url":"https:\/\/lasentinelle.dz\/index.php\/2023\/08\/12\/vers-la-reouverture-de-lunite-la-belle-dannaba\/","og_site_name":"La Sentinelle","article_publisher":"https:\/\/www.facebook.com\/La-Sentinelle-104059864394773","article_published_time":"2023-08-12T21:14:01+00:00","article_modified_time":"2023-08-12T21:14:05+00:00","og_image":[{"width":864,"height":486,"url":"https:\/\/lasentinelle.dz\/wp-content\/uploads\/2023\/08\/Huile-de-table.jpg","type":"image\/jpeg"}],"author":"La Sentinelle","twitter_card":"summary_large_image","twitter_misc":{"\u00c9crit par":"La Sentinelle","Dur\u00e9e de lecture estim\u00e9e":"3 minutes"},"schema":{"@context":"https:\/\/schema.org","@graph":[{"@type":"Article","@id":"https:\/\/lasentinelle.dz\/index.php\/2023\/08\/12\/vers-la-reouverture-de-lunite-la-belle-dannaba\/#article","isPartOf":{"@id":"https:\/\/lasentinelle.dz\/index.php\/2023\/08\/12\/vers-la-reouverture-de-lunite-la-belle-dannaba\/"},"author":{"name":"La Sentinelle","@id":"https:\/\/lasentinelle.dz\/#\/schema\/person\/d865044e22e70a75174ce8bcad3acfb3"},"headline":"Vers la r\u00e9ouverture de l\u2019unit\u00e9 \u00ab\u00a0La Belle\u00a0\u00bb d\u2019Annaba","datePublished":"2023-08-12T21:14:01+00:00","dateModified":"2023-08-12T21:14:05+00:00","mainEntityOfPage":{"@id":"https:\/\/lasentinelle.dz\/index.php\/2023\/08\/12\/vers-la-reouverture-de-lunite-la-belle-dannaba\/"},"wordCount":623,"commentCount":0,"publisher":{"@id":"https:\/\/lasentinelle.dz\/#organization"},"image":{"@id":"https:\/\/lasentinelle.dz\/index.php\/2023\/08\/12\/vers-la-reouverture-de-lunite-la-belle-dannaba\/#primaryimage"},"thumbnailUrl":"https:\/\/lasentinelle.dz\/wp-content\/uploads\/2023\/08\/Huile-de-table.jpg","articleSection":["\u00c0 la Une","\u00c9conomie"],"inLanguage":"fr-FR","potentialAction":[{"@type":"CommentAction","name":"Comment","target":["https:\/\/lasentinelle.dz\/index.php\/2023\/08\/12\/vers-la-reouverture-de-lunite-la-belle-dannaba\/#respond"]}]},{"@type":"WebPage","@id":"https:\/\/lasentinelle.dz\/index.php\/2023\/08\/12\/vers-la-reouverture-de-lunite-la-belle-dannaba\/","url":"https:\/\/lasentinelle.dz\/index.php\/2023\/08\/12\/vers-la-reouverture-de-lunite-la-belle-dannaba\/","name":"Vers la r\u00e9ouverture de l\u2019unit\u00e9 \u00ab\u00a0La Belle\u00a0\u00bb d\u2019Annaba - La Sentinelle","isPartOf":{"@id":"https:\/\/lasentinelle.dz\/#website"},"primaryImageOfPage":{"@id":"https:\/\/lasentinelle.dz\/index.php\/2023\/08\/12\/vers-la-reouverture-de-lunite-la-belle-dannaba\/#primaryimage"},"image":{"@id":"https:\/\/lasentinelle.dz\/index.php\/2023\/08\/12\/vers-la-reouverture-de-lunite-la-belle-dannaba\/#primaryimage"},"thumbnailUrl":"https:\/\/lasentinelle.dz\/wp-content\/uploads\/2023\/08\/Huile-de-table.jpg","datePublished":"2023-08-12T21:14:01+00:00","dateModified":"2023-08-12T21:14:05+00:00","breadcrumb":{"@id":"https:\/\/lasentinelle.dz\/index.php\/2023\/08\/12\/vers-la-reouverture-de-lunite-la-belle-dannaba\/#breadcrumb"},"inLanguage":"fr-FR","potentialAction":[{"@type":"ReadAction","target":["https:\/\/lasentinelle.dz\/index.php\/2023\/08\/12\/vers-la-reouverture-de-lunite-la-belle-dannaba\/"]}]},{"@type":"ImageObject","inLanguage":"fr-FR","@id":"https:\/\/lasentinelle.dz\/index.php\/2023\/08\/12\/vers-la-reouverture-de-lunite-la-belle-dannaba\/#primaryimage","url":"https:\/\/lasentinelle.dz\/wp-content\/uploads\/2023\/08\/Huile-de-table.jpg","contentUrl":"https:\/\/lasentinelle.dz\/wp-content\/uploads\/2023\/08\/Huile-de-table.jpg","width":864,"height":486},{"@type":"BreadcrumbList","@id":"https:\/\/lasentinelle.dz\/index.php\/2023\/08\/12\/vers-la-reouverture-de-lunite-la-belle-dannaba\/#breadcrumb","itemListElement":[{"@type":"ListItem","position":1,"name":"Accueil","item":"https:\/\/lasentinelle.dz\/"},{"@type":"ListItem","position":2,"name":"Vers la r\u00e9ouverture de l\u2019unit\u00e9 \u00ab\u00a0La Belle\u00a0\u00bb d\u2019Annaba"}]},{"@type":"WebSite","@id":"https:\/\/lasentinelle.dz\/#website","url":"https:\/\/lasentinelle.dz\/","name":"La Sentinelle","description":"Quotidien national d&#039;information","publisher":{"@id":"https:\/\/lasentinelle.dz\/#organization"},"potentialAction":[{"@type":"SearchAction","target":{"@type":"EntryPoint","urlTemplate":"https:\/\/lasentinelle.dz\/?s={search_term_string}"},"query-input":{"@type":"PropertyValueSpecification","valueRequired":true,"valueName":"search_term_string"}}],"inLanguage":"fr-FR"},{"@type":"Organization","@id":"https:\/\/lasentinelle.dz\/#organization","name":"Quotidien La Sentinelle","url":"https:\/\/lasentinelle.dz\/","logo":{"@type":"ImageObject","inLanguage":"fr-FR","@id":"https:\/\/lasentinelle.dz\/#\/schema\/logo\/image\/","url":"https:\/\/lasentinelle.dz\/wp-content\/uploads\/2021\/09\/logo-sentinelleSLOGAN-1.png","contentUrl":"https:\/\/lasentinelle.dz\/wp-content\/uploads\/2021\/09\/logo-sentinelleSLOGAN-1.png","width":615,"height":142,"caption":"Quotidien La Sentinelle"},"image":{"@id":"https:\/\/lasentinelle.dz\/#\/schema\/logo\/image\/"},"sameAs":["https:\/\/www.facebook.com\/La-Sentinelle-104059864394773"]},{"@type":"Person","@id":"https:\/\/lasentinelle.dz\/#\/schema\/person\/d865044e22e70a75174ce8bcad3acfb3","name":"La Sentinelle","image":{"@type":"ImageObject","inLanguage":"fr-FR","@id":"https:\/\/secure.gravatar.com\/avatar\/57de8e5d4b15d43fb361a71fbb36338450fe67865b528a43dd10ef7c51a20392?s=96&d=mm&r=g","url":"https:\/\/secure.gravatar.com\/avatar\/57de8e5d4b15d43fb361a71fbb36338450fe67865b528a43dd10ef7c51a20392?s=96&d=mm&r=g","contentUrl":"https:\/\/secure.gravatar.com\/avatar\/57de8e5d4b15d43fb361a71fbb36338450fe67865b528a43dd10ef7c51a20392?s=96&d=mm&r=g","caption":"La Sentinelle"},"sameAs":["http:\/\/www.lasentinelle.dz"],"url":"https:\/\/lasentinelle.dz\/author\/redaction\/"}]}},"_links":{"self":[{"href":"https:\/\/lasentinelle.dz\/index.php\/wp-json\/wp\/v2\/posts\/44552","targetHints":{"allow":["GET"]}}],"collection":[{"href":"https:\/\/lasentinelle.dz\/index.php\/wp-json\/wp\/v2\/posts"}],"about":[{"href":"https:\/\/lasentinelle.dz\/index.php\/wp-json\/wp\/v2\/types\/post"}],"author":[{"embeddable":true,"href":"https:\/\/lasentinelle.dz\/index.php\/wp-json\/wp\/v2\/users\/3"}],"replies":[{"embeddable":true,"href":"https:\/\/lasentinelle.dz\/index.php\/wp-json\/wp\/v2\/comments?post=44552"}],"version-history":[{"count":1,"href":"https:\/\/lasentinelle.dz\/index.php\/wp-json\/wp\/v2\/posts\/44552\/revisions"}],"predecessor-version":[{"id":44554,"href":"https:\/\/lasentinelle.dz\/index.php\/wp-json\/wp\/v2\/posts\/44552\/revisions\/44554"}],"wp:featuredmedia":[{"embeddable":true,"href":"https:\/\/lasentinelle.dz\/index.php\/wp-json\/wp\/v2\/media\/44553"}],"wp:attachment":[{"href":"https:\/\/lasentinelle.dz\/index.php\/wp-json\/wp\/v2\/media?parent=44552"}],"wp:term":[{"taxonomy":"category","embeddable":true,"href":"https:\/\/lasentinelle.dz\/index.php\/wp-json\/wp\/v2\/categories?post=44552"},{"taxonomy":"post_tag","embeddable":true,"href":"https:\/\/lasentinelle.dz\/index.php\/wp-json\/wp\/v2\/tags?post=44552"}],"curies":[{"name":"wp","href":"https:\/\/api.w.org\/{rel}","templated":true}]}}