{"id":44555,"date":"2023-08-12T22:16:12","date_gmt":"2023-08-12T21:16:12","guid":{"rendered":"https:\/\/lasentinelle.dz\/?p=44555"},"modified":"2023-08-12T22:16:18","modified_gmt":"2023-08-12T21:16:18","slug":"formation-professionnelle-plus-de-500-000-places-pedagogiques-prevues-pour-la-prochaine-rentree","status":"publish","type":"post","link":"https:\/\/lasentinelle.dz\/index.php\/2023\/08\/12\/formation-professionnelle-plus-de-500-000-places-pedagogiques-prevues-pour-la-prochaine-rentree\/","title":{"rendered":"Formation professionnelle\u00a0: Plus de 500.000 places p\u00e9dagogiques pr\u00e9vues pour la prochaine rentr\u00e9e"},"content":{"rendered":"\n<p>Le secteur de la Formation et de l&rsquo;Enseignement professionnels \u00ab assurera 505.335 nouvelles places p\u00e9dagogiques au titre de la&nbsp; rentr\u00e9e de la formation professionnelle pr\u00e9vue le 8 octobre prochain, soit une hausse de 67,36 % par rapport \u00e0 l&rsquo;ann\u00e9e derni\u00e8re \u00bb, indique \u00e0 l\u2019APS le sous directeur des examens et concours au minist\u00e8re, Mohamed Azzoug. Le minist\u00e8re \u00ab a mobilis\u00e9 tous les moyens techniques et p\u00e9dagogiques en pr\u00e9vision de cette rentr\u00e9e, en sus des antennes ouvertes au niveau des \u00e9tablissements de formation et des sp\u00e9cialit\u00e9s pr\u00e9vues dans le programme p\u00e9dagogique de la formation professionnelle, dont 410 sp\u00e9cialit\u00e9s pour les formations dipl\u00f4mantes et 142 formations qualifiantes de courte dur\u00e9e \u00bb, ajoute m\u00eame responsable. Selon la m\u00eame source, l&rsquo;ensemble de ces sp\u00e9cialit\u00e9s couvrent 23 fili\u00e8res professionnelles qui figurent dans la nomenclature des sp\u00e9cialit\u00e9s de la formation professionnelle, \u00e9tablie selon les sp\u00e9cificit\u00e9s de chaque r\u00e9gion et les exigences de l&rsquo;\u00e9conomie nationale. Mohamed Azzoug ajoutera que des formations par apprentissage, en pr\u00e9sentiel, \u00e0 distance, des formations au profit des femmes au foyer, des populations rurales, des b\u00e9n\u00e9ficiaires de l&rsquo;allocation ch\u00f4mage et des personnes aux besoins sp\u00e9cifiques sont pr\u00e9vues. Concernant les nouvelles sp\u00e9cialit\u00e9s, l&rsquo;intervenant a indiqu\u00e9 que le secteur a programm\u00e9 pour la premi\u00e8re fois, au titre de la prochaine rentr\u00e9e de la formation, \u00ab\u00a0la sp\u00e9cialit\u00e9 de technicien sup\u00e9rieur en dessalement de l&rsquo;eau de mer\u00a0\u00bb, rappelant la sp\u00e9cialit\u00e9 de technicien sup\u00e9rieur en maintenance des \u00e9quipements de l&rsquo;industrie pharmaceutique, introduite, l&rsquo;ann\u00e9e derni\u00e8re, dans le programme de formation. Il a cit\u00e9, en outre, d&rsquo;autres nouvelles sp\u00e9cialit\u00e9s pr\u00e9vues, \u00e0 la prochaine rentr\u00e9e au niveau de certaines wilayas, dont la restauration du patrimoine b\u00e2ti en mode formation par apprentissage dans les wilayas de T\u00e9bessa et Sa\u00efda, et la sp\u00e9cialit\u00e9 de tissage du tapis traditionnel dans la wilaya de Bordj Badji Mokhtar. Dans cette perspective, Azzoug a soulign\u00e9 que le secteur se base, dans les offres de formation, sur \u00ab les fili\u00e8res professionnelles \u00e0 caract\u00e8re prioritaire, comme les secteurs de l&rsquo;agriculture, de l&rsquo;agroalimentaire, du num\u00e9rique, du b\u00e2timent et des travaux publics, de l&rsquo;\u00e9lectricit\u00e9, de la restauration, d\u2019h\u00f4tellerie, de l&rsquo;artisanat, de l&rsquo;eau, de l&rsquo;environnement et des \u00e9nergies renouvelables \u00bb. Il a rappel\u00e9 les mesures prises par le secteur pour \u00ab assurer une formation dans des sp\u00e9cialit\u00e9s r\u00e9pondant aux exigences de l&rsquo;\u00e9conomie nationale, en fonction des besoins exprim\u00e9s par les entreprises \u00e9conomiques en termes de main \u0153uvre qualifi\u00e9e \u00bb. Azzoug a en outre rappel\u00e9 que les inscriptions dans le cadre de la prochaine rentr\u00e9e professionnelle avaient d\u00e9but\u00e9 le 15 juillet dernier et se poursuivront jusqu&rsquo;\u00e0 la fin septembre prochain.<\/p>\n\n\n\n<p><strong>Chokri Hafed<\/strong><\/p>\n","protected":false},"excerpt":{"rendered":"<p>Le secteur de la Formation et de l&rsquo;Enseignement professionnels \u00ab assurera 505.335 nouvelles places p\u00e9dagogiques au titre de la&nbsp; rentr\u00e9e<\/p>\n","protected":false},"author":3,"featured_media":27936,"comment_status":"open","ping_status":"closed","sticky":false,"template":"","format":"standard","meta":{"colormag_page_container_layout":"default_layout","colormag_page_sidebar_layout":"default_layout","om_disable_all_campaigns":false,"_monsterinsights_skip_tracking":false,"_monsterinsights_sitenote_active":false,"_monsterinsights_sitenote_note":"","_monsterinsights_sitenote_category":0,"footnotes":"","_wpscppro_dont_share_socialmedia":false,"_wpscppro_custom_social_share_image":0,"_facebook_share_type":"","_twitter_share_type":"","_linkedin_share_type":"","_pinterest_share_type":"","_linkedin_share_type_page":"","_instagram_share_type":"","_medium_share_type":"","_threads_share_type":"","_google_business_share_type":"","_selected_social_profile":[],"_wpsp_enable_custom_social_template":false,"_wpsp_social_scheduling":{"enabled":false,"datetime":null,"platforms":[],"status":"template_only","dateOption":"today","timeOption":"now","customDays":"","customHours":"","customDate":"","customTime":"","schedulingType":"absolute"},"_wpsp_active_default_template":true},"categories":[27],"tags":[],"class_list":["post-44555","post","type-post","status-publish","format-standard","has-post-thumbnail","hentry","category-actualite"],"aioseo_notices":[],"yoast_head":"<!-- This site is optimized with the Yoast SEO plugin v27.5 - https:\/\/yoast.com\/product\/yoast-seo-wordpress\/ -->\n<title>Formation professionnelle\u00a0: Plus de 500.000 places p\u00e9dagogiques pr\u00e9vues pour la prochaine rentr\u00e9e - La Sentinelle<\/title>\n<meta name=\"robots\" content=\"index, follow, max-snippet:-1, max-image-preview:large, max-video-preview:-1\" \/>\n<link rel=\"canonical\" href=\"https:\/\/lasentinelle.dz\/index.php\/2023\/08\/12\/formation-professionnelle-plus-de-500-000-places-pedagogiques-prevues-pour-la-prochaine-rentree\/\" \/>\n<meta property=\"og:locale\" content=\"fr_FR\" \/>\n<meta property=\"og:type\" content=\"article\" \/>\n<meta property=\"og:title\" content=\"Formation professionnelle\u00a0: Plus de 500.000 places p\u00e9dagogiques pr\u00e9vues pour la prochaine rentr\u00e9e - La Sentinelle\" \/>\n<meta property=\"og:description\" content=\"Le secteur de la Formation et de l&rsquo;Enseignement professionnels \u00ab assurera 505.335 nouvelles places p\u00e9dagogiques au titre de la&nbsp; rentr\u00e9e\" \/>\n<meta property=\"og:url\" content=\"https:\/\/lasentinelle.dz\/index.php\/2023\/08\/12\/formation-professionnelle-plus-de-500-000-places-pedagogiques-prevues-pour-la-prochaine-rentree\/\" \/>\n<meta property=\"og:site_name\" content=\"La Sentinelle\" \/>\n<meta property=\"article:publisher\" content=\"https:\/\/www.facebook.com\/La-Sentinelle-104059864394773\" \/>\n<meta property=\"article:published_time\" content=\"2023-08-12T21:16:12+00:00\" \/>\n<meta property=\"article:modified_time\" content=\"2023-08-12T21:16:18+00:00\" \/>\n<meta property=\"og:image\" content=\"https:\/\/lasentinelle.dz\/wp-content\/uploads\/2022\/09\/formation.png\" \/>\n\t<meta property=\"og:image:width\" content=\"1491\" \/>\n\t<meta property=\"og:image:height\" content=\"900\" \/>\n\t<meta property=\"og:image:type\" content=\"image\/png\" \/>\n<meta name=\"author\" content=\"La Sentinelle\" \/>\n<meta name=\"twitter:card\" content=\"summary_large_image\" \/>\n<meta name=\"twitter:label1\" content=\"\u00c9crit par\" \/>\n\t<meta name=\"twitter:data1\" content=\"La Sentinelle\" \/>\n\t<meta name=\"twitter:label2\" content=\"Dur\u00e9e de lecture estim\u00e9e\" \/>\n\t<meta name=\"twitter:data2\" content=\"3 minutes\" \/>\n<script type=\"application\/ld+json\" class=\"yoast-schema-graph\">{\"@context\":\"https:\\\/\\\/schema.org\",\"@graph\":[{\"@type\":\"Article\",\"@id\":\"https:\\\/\\\/lasentinelle.dz\\\/index.php\\\/2023\\\/08\\\/12\\\/formation-professionnelle-plus-de-500-000-places-pedagogiques-prevues-pour-la-prochaine-rentree\\\/#article\",\"isPartOf\":{\"@id\":\"https:\\\/\\\/lasentinelle.dz\\\/index.php\\\/2023\\\/08\\\/12\\\/formation-professionnelle-plus-de-500-000-places-pedagogiques-prevues-pour-la-prochaine-rentree\\\/\"},\"author\":{\"name\":\"La Sentinelle\",\"@id\":\"https:\\\/\\\/lasentinelle.dz\\\/#\\\/schema\\\/person\\\/d865044e22e70a75174ce8bcad3acfb3\"},\"headline\":\"Formation professionnelle\u00a0: Plus de 500.000 places p\u00e9dagogiques pr\u00e9vues pour la prochaine rentr\u00e9e\",\"datePublished\":\"2023-08-12T21:16:12+00:00\",\"dateModified\":\"2023-08-12T21:16:18+00:00\",\"mainEntityOfPage\":{\"@id\":\"https:\\\/\\\/lasentinelle.dz\\\/index.php\\\/2023\\\/08\\\/12\\\/formation-professionnelle-plus-de-500-000-places-pedagogiques-prevues-pour-la-prochaine-rentree\\\/\"},\"wordCount\":496,\"commentCount\":0,\"publisher\":{\"@id\":\"https:\\\/\\\/lasentinelle.dz\\\/#organization\"},\"image\":{\"@id\":\"https:\\\/\\\/lasentinelle.dz\\\/index.php\\\/2023\\\/08\\\/12\\\/formation-professionnelle-plus-de-500-000-places-pedagogiques-prevues-pour-la-prochaine-rentree\\\/#primaryimage\"},\"thumbnailUrl\":\"https:\\\/\\\/lasentinelle.dz\\\/wp-content\\\/uploads\\\/2022\\\/09\\\/formation.png\",\"articleSection\":[\"Actualit\u00e9\"],\"inLanguage\":\"fr-FR\",\"potentialAction\":[{\"@type\":\"CommentAction\",\"name\":\"Comment\",\"target\":[\"https:\\\/\\\/lasentinelle.dz\\\/index.php\\\/2023\\\/08\\\/12\\\/formation-professionnelle-plus-de-500-000-places-pedagogiques-prevues-pour-la-prochaine-rentree\\\/#respond\"]}]},{\"@type\":\"WebPage\",\"@id\":\"https:\\\/\\\/lasentinelle.dz\\\/index.php\\\/2023\\\/08\\\/12\\\/formation-professionnelle-plus-de-500-000-places-pedagogiques-prevues-pour-la-prochaine-rentree\\\/\",\"url\":\"https:\\\/\\\/lasentinelle.dz\\\/index.php\\\/2023\\\/08\\\/12\\\/formation-professionnelle-plus-de-500-000-places-pedagogiques-prevues-pour-la-prochaine-rentree\\\/\",\"name\":\"Formation professionnelle\u00a0: Plus de 500.000 places p\u00e9dagogiques pr\u00e9vues pour la prochaine rentr\u00e9e - La Sentinelle\",\"isPartOf\":{\"@id\":\"https:\\\/\\\/lasentinelle.dz\\\/#website\"},\"primaryImageOfPage\":{\"@id\":\"https:\\\/\\\/lasentinelle.dz\\\/index.php\\\/2023\\\/08\\\/12\\\/formation-professionnelle-plus-de-500-000-places-pedagogiques-prevues-pour-la-prochaine-rentree\\\/#primaryimage\"},\"image\":{\"@id\":\"https:\\\/\\\/lasentinelle.dz\\\/index.php\\\/2023\\\/08\\\/12\\\/formation-professionnelle-plus-de-500-000-places-pedagogiques-prevues-pour-la-prochaine-rentree\\\/#primaryimage\"},\"thumbnailUrl\":\"https:\\\/\\\/lasentinelle.dz\\\/wp-content\\\/uploads\\\/2022\\\/09\\\/formation.png\",\"datePublished\":\"2023-08-12T21:16:12+00:00\",\"dateModified\":\"2023-08-12T21:16:18+00:00\",\"breadcrumb\":{\"@id\":\"https:\\\/\\\/lasentinelle.dz\\\/index.php\\\/2023\\\/08\\\/12\\\/formation-professionnelle-plus-de-500-000-places-pedagogiques-prevues-pour-la-prochaine-rentree\\\/#breadcrumb\"},\"inLanguage\":\"fr-FR\",\"potentialAction\":[{\"@type\":\"ReadAction\",\"target\":[\"https:\\\/\\\/lasentinelle.dz\\\/index.php\\\/2023\\\/08\\\/12\\\/formation-professionnelle-plus-de-500-000-places-pedagogiques-prevues-pour-la-prochaine-rentree\\\/\"]}]},{\"@type\":\"ImageObject\",\"inLanguage\":\"fr-FR\",\"@id\":\"https:\\\/\\\/lasentinelle.dz\\\/index.php\\\/2023\\\/08\\\/12\\\/formation-professionnelle-plus-de-500-000-places-pedagogiques-prevues-pour-la-prochaine-rentree\\\/#primaryimage\",\"url\":\"https:\\\/\\\/lasentinelle.dz\\\/wp-content\\\/uploads\\\/2022\\\/09\\\/formation.png\",\"contentUrl\":\"https:\\\/\\\/lasentinelle.dz\\\/wp-content\\\/uploads\\\/2022\\\/09\\\/formation.png\",\"width\":1491,\"height\":900},{\"@type\":\"BreadcrumbList\",\"@id\":\"https:\\\/\\\/lasentinelle.dz\\\/index.php\\\/2023\\\/08\\\/12\\\/formation-professionnelle-plus-de-500-000-places-pedagogiques-prevues-pour-la-prochaine-rentree\\\/#breadcrumb\",\"itemListElement\":[{\"@type\":\"ListItem\",\"position\":1,\"name\":\"Accueil\",\"item\":\"https:\\\/\\\/lasentinelle.dz\\\/\"},{\"@type\":\"ListItem\",\"position\":2,\"name\":\"Formation professionnelle\u00a0: Plus de 500.000 places p\u00e9dagogiques pr\u00e9vues pour la prochaine rentr\u00e9e\"}]},{\"@type\":\"WebSite\",\"@id\":\"https:\\\/\\\/lasentinelle.dz\\\/#website\",\"url\":\"https:\\\/\\\/lasentinelle.dz\\\/\",\"name\":\"La Sentinelle\",\"description\":\"Quotidien national d&#039;information\",\"publisher\":{\"@id\":\"https:\\\/\\\/lasentinelle.dz\\\/#organization\"},\"potentialAction\":[{\"@type\":\"SearchAction\",\"target\":{\"@type\":\"EntryPoint\",\"urlTemplate\":\"https:\\\/\\\/lasentinelle.dz\\\/?s={search_term_string}\"},\"query-input\":{\"@type\":\"PropertyValueSpecification\",\"valueRequired\":true,\"valueName\":\"search_term_string\"}}],\"inLanguage\":\"fr-FR\"},{\"@type\":\"Organization\",\"@id\":\"https:\\\/\\\/lasentinelle.dz\\\/#organization\",\"name\":\"Quotidien La Sentinelle\",\"url\":\"https:\\\/\\\/lasentinelle.dz\\\/\",\"logo\":{\"@type\":\"ImageObject\",\"inLanguage\":\"fr-FR\",\"@id\":\"https:\\\/\\\/lasentinelle.dz\\\/#\\\/schema\\\/logo\\\/image\\\/\",\"url\":\"https:\\\/\\\/lasentinelle.dz\\\/wp-content\\\/uploads\\\/2021\\\/09\\\/logo-sentinelleSLOGAN-1.png\",\"contentUrl\":\"https:\\\/\\\/lasentinelle.dz\\\/wp-content\\\/uploads\\\/2021\\\/09\\\/logo-sentinelleSLOGAN-1.png\",\"width\":615,\"height\":142,\"caption\":\"Quotidien La Sentinelle\"},\"image\":{\"@id\":\"https:\\\/\\\/lasentinelle.dz\\\/#\\\/schema\\\/logo\\\/image\\\/\"},\"sameAs\":[\"https:\\\/\\\/www.facebook.com\\\/La-Sentinelle-104059864394773\"]},{\"@type\":\"Person\",\"@id\":\"https:\\\/\\\/lasentinelle.dz\\\/#\\\/schema\\\/person\\\/d865044e22e70a75174ce8bcad3acfb3\",\"name\":\"La Sentinelle\",\"image\":{\"@type\":\"ImageObject\",\"inLanguage\":\"fr-FR\",\"@id\":\"https:\\\/\\\/secure.gravatar.com\\\/avatar\\\/57de8e5d4b15d43fb361a71fbb36338450fe67865b528a43dd10ef7c51a20392?s=96&d=mm&r=g\",\"url\":\"https:\\\/\\\/secure.gravatar.com\\\/avatar\\\/57de8e5d4b15d43fb361a71fbb36338450fe67865b528a43dd10ef7c51a20392?s=96&d=mm&r=g\",\"contentUrl\":\"https:\\\/\\\/secure.gravatar.com\\\/avatar\\\/57de8e5d4b15d43fb361a71fbb36338450fe67865b528a43dd10ef7c51a20392?s=96&d=mm&r=g\",\"caption\":\"La Sentinelle\"},\"sameAs\":[\"http:\\\/\\\/www.lasentinelle.dz\"],\"url\":\"https:\\\/\\\/lasentinelle.dz\\\/author\\\/redaction\\\/\"}]}<\/script>\n<!-- \/ Yoast SEO plugin. -->","yoast_head_json":{"title":"Formation professionnelle\u00a0: Plus de 500.000 places p\u00e9dagogiques pr\u00e9vues pour la prochaine rentr\u00e9e - La Sentinelle","robots":{"index":"index","follow":"follow","max-snippet":"max-snippet:-1","max-image-preview":"max-image-preview:large","max-video-preview":"max-video-preview:-1"},"canonical":"https:\/\/lasentinelle.dz\/index.php\/2023\/08\/12\/formation-professionnelle-plus-de-500-000-places-pedagogiques-prevues-pour-la-prochaine-rentree\/","og_locale":"fr_FR","og_type":"article","og_title":"Formation professionnelle\u00a0: Plus de 500.000 places p\u00e9dagogiques pr\u00e9vues pour la prochaine rentr\u00e9e - La Sentinelle","og_description":"Le secteur de la Formation et de l&rsquo;Enseignement professionnels \u00ab assurera 505.335 nouvelles places p\u00e9dagogiques au titre de la&nbsp; rentr\u00e9e","og_url":"https:\/\/lasentinelle.dz\/index.php\/2023\/08\/12\/formation-professionnelle-plus-de-500-000-places-pedagogiques-prevues-pour-la-prochaine-rentree\/","og_site_name":"La Sentinelle","article_publisher":"https:\/\/www.facebook.com\/La-Sentinelle-104059864394773","article_published_time":"2023-08-12T21:16:12+00:00","article_modified_time":"2023-08-12T21:16:18+00:00","og_image":[{"width":1491,"height":900,"url":"https:\/\/lasentinelle.dz\/wp-content\/uploads\/2022\/09\/formation.png","type":"image\/png"}],"author":"La Sentinelle","twitter_card":"summary_large_image","twitter_misc":{"\u00c9crit par":"La Sentinelle","Dur\u00e9e de lecture estim\u00e9e":"3 minutes"},"schema":{"@context":"https:\/\/schema.org","@graph":[{"@type":"Article","@id":"https:\/\/lasentinelle.dz\/index.php\/2023\/08\/12\/formation-professionnelle-plus-de-500-000-places-pedagogiques-prevues-pour-la-prochaine-rentree\/#article","isPartOf":{"@id":"https:\/\/lasentinelle.dz\/index.php\/2023\/08\/12\/formation-professionnelle-plus-de-500-000-places-pedagogiques-prevues-pour-la-prochaine-rentree\/"},"author":{"name":"La Sentinelle","@id":"https:\/\/lasentinelle.dz\/#\/schema\/person\/d865044e22e70a75174ce8bcad3acfb3"},"headline":"Formation professionnelle\u00a0: Plus de 500.000 places p\u00e9dagogiques pr\u00e9vues pour la prochaine rentr\u00e9e","datePublished":"2023-08-12T21:16:12+00:00","dateModified":"2023-08-12T21:16:18+00:00","mainEntityOfPage":{"@id":"https:\/\/lasentinelle.dz\/index.php\/2023\/08\/12\/formation-professionnelle-plus-de-500-000-places-pedagogiques-prevues-pour-la-prochaine-rentree\/"},"wordCount":496,"commentCount":0,"publisher":{"@id":"https:\/\/lasentinelle.dz\/#organization"},"image":{"@id":"https:\/\/lasentinelle.dz\/index.php\/2023\/08\/12\/formation-professionnelle-plus-de-500-000-places-pedagogiques-prevues-pour-la-prochaine-rentree\/#primaryimage"},"thumbnailUrl":"https:\/\/lasentinelle.dz\/wp-content\/uploads\/2022\/09\/formation.png","articleSection":["Actualit\u00e9"],"inLanguage":"fr-FR","potentialAction":[{"@type":"CommentAction","name":"Comment","target":["https:\/\/lasentinelle.dz\/index.php\/2023\/08\/12\/formation-professionnelle-plus-de-500-000-places-pedagogiques-prevues-pour-la-prochaine-rentree\/#respond"]}]},{"@type":"WebPage","@id":"https:\/\/lasentinelle.dz\/index.php\/2023\/08\/12\/formation-professionnelle-plus-de-500-000-places-pedagogiques-prevues-pour-la-prochaine-rentree\/","url":"https:\/\/lasentinelle.dz\/index.php\/2023\/08\/12\/formation-professionnelle-plus-de-500-000-places-pedagogiques-prevues-pour-la-prochaine-rentree\/","name":"Formation professionnelle\u00a0: Plus de 500.000 places p\u00e9dagogiques pr\u00e9vues pour la prochaine rentr\u00e9e - La Sentinelle","isPartOf":{"@id":"https:\/\/lasentinelle.dz\/#website"},"primaryImageOfPage":{"@id":"https:\/\/lasentinelle.dz\/index.php\/2023\/08\/12\/formation-professionnelle-plus-de-500-000-places-pedagogiques-prevues-pour-la-prochaine-rentree\/#primaryimage"},"image":{"@id":"https:\/\/lasentinelle.dz\/index.php\/2023\/08\/12\/formation-professionnelle-plus-de-500-000-places-pedagogiques-prevues-pour-la-prochaine-rentree\/#primaryimage"},"thumbnailUrl":"https:\/\/lasentinelle.dz\/wp-content\/uploads\/2022\/09\/formation.png","datePublished":"2023-08-12T21:16:12+00:00","dateModified":"2023-08-12T21:16:18+00:00","breadcrumb":{"@id":"https:\/\/lasentinelle.dz\/index.php\/2023\/08\/12\/formation-professionnelle-plus-de-500-000-places-pedagogiques-prevues-pour-la-prochaine-rentree\/#breadcrumb"},"inLanguage":"fr-FR","potentialAction":[{"@type":"ReadAction","target":["https:\/\/lasentinelle.dz\/index.php\/2023\/08\/12\/formation-professionnelle-plus-de-500-000-places-pedagogiques-prevues-pour-la-prochaine-rentree\/"]}]},{"@type":"ImageObject","inLanguage":"fr-FR","@id":"https:\/\/lasentinelle.dz\/index.php\/2023\/08\/12\/formation-professionnelle-plus-de-500-000-places-pedagogiques-prevues-pour-la-prochaine-rentree\/#primaryimage","url":"https:\/\/lasentinelle.dz\/wp-content\/uploads\/2022\/09\/formation.png","contentUrl":"https:\/\/lasentinelle.dz\/wp-content\/uploads\/2022\/09\/formation.png","width":1491,"height":900},{"@type":"BreadcrumbList","@id":"https:\/\/lasentinelle.dz\/index.php\/2023\/08\/12\/formation-professionnelle-plus-de-500-000-places-pedagogiques-prevues-pour-la-prochaine-rentree\/#breadcrumb","itemListElement":[{"@type":"ListItem","position":1,"name":"Accueil","item":"https:\/\/lasentinelle.dz\/"},{"@type":"ListItem","position":2,"name":"Formation professionnelle\u00a0: Plus de 500.000 places p\u00e9dagogiques pr\u00e9vues pour la prochaine rentr\u00e9e"}]},{"@type":"WebSite","@id":"https:\/\/lasentinelle.dz\/#website","url":"https:\/\/lasentinelle.dz\/","name":"La Sentinelle","description":"Quotidien national d&#039;information","publisher":{"@id":"https:\/\/lasentinelle.dz\/#organization"},"potentialAction":[{"@type":"SearchAction","target":{"@type":"EntryPoint","urlTemplate":"https:\/\/lasentinelle.dz\/?s={search_term_string}"},"query-input":{"@type":"PropertyValueSpecification","valueRequired":true,"valueName":"search_term_string"}}],"inLanguage":"fr-FR"},{"@type":"Organization","@id":"https:\/\/lasentinelle.dz\/#organization","name":"Quotidien La Sentinelle","url":"https:\/\/lasentinelle.dz\/","logo":{"@type":"ImageObject","inLanguage":"fr-FR","@id":"https:\/\/lasentinelle.dz\/#\/schema\/logo\/image\/","url":"https:\/\/lasentinelle.dz\/wp-content\/uploads\/2021\/09\/logo-sentinelleSLOGAN-1.png","contentUrl":"https:\/\/lasentinelle.dz\/wp-content\/uploads\/2021\/09\/logo-sentinelleSLOGAN-1.png","width":615,"height":142,"caption":"Quotidien La Sentinelle"},"image":{"@id":"https:\/\/lasentinelle.dz\/#\/schema\/logo\/image\/"},"sameAs":["https:\/\/www.facebook.com\/La-Sentinelle-104059864394773"]},{"@type":"Person","@id":"https:\/\/lasentinelle.dz\/#\/schema\/person\/d865044e22e70a75174ce8bcad3acfb3","name":"La Sentinelle","image":{"@type":"ImageObject","inLanguage":"fr-FR","@id":"https:\/\/secure.gravatar.com\/avatar\/57de8e5d4b15d43fb361a71fbb36338450fe67865b528a43dd10ef7c51a20392?s=96&d=mm&r=g","url":"https:\/\/secure.gravatar.com\/avatar\/57de8e5d4b15d43fb361a71fbb36338450fe67865b528a43dd10ef7c51a20392?s=96&d=mm&r=g","contentUrl":"https:\/\/secure.gravatar.com\/avatar\/57de8e5d4b15d43fb361a71fbb36338450fe67865b528a43dd10ef7c51a20392?s=96&d=mm&r=g","caption":"La Sentinelle"},"sameAs":["http:\/\/www.lasentinelle.dz"],"url":"https:\/\/lasentinelle.dz\/author\/redaction\/"}]}},"_links":{"self":[{"href":"https:\/\/lasentinelle.dz\/index.php\/wp-json\/wp\/v2\/posts\/44555","targetHints":{"allow":["GET"]}}],"collection":[{"href":"https:\/\/lasentinelle.dz\/index.php\/wp-json\/wp\/v2\/posts"}],"about":[{"href":"https:\/\/lasentinelle.dz\/index.php\/wp-json\/wp\/v2\/types\/post"}],"author":[{"embeddable":true,"href":"https:\/\/lasentinelle.dz\/index.php\/wp-json\/wp\/v2\/users\/3"}],"replies":[{"embeddable":true,"href":"https:\/\/lasentinelle.dz\/index.php\/wp-json\/wp\/v2\/comments?post=44555"}],"version-history":[{"count":1,"href":"https:\/\/lasentinelle.dz\/index.php\/wp-json\/wp\/v2\/posts\/44555\/revisions"}],"predecessor-version":[{"id":44556,"href":"https:\/\/lasentinelle.dz\/index.php\/wp-json\/wp\/v2\/posts\/44555\/revisions\/44556"}],"wp:featuredmedia":[{"embeddable":true,"href":"https:\/\/lasentinelle.dz\/index.php\/wp-json\/wp\/v2\/media\/27936"}],"wp:attachment":[{"href":"https:\/\/lasentinelle.dz\/index.php\/wp-json\/wp\/v2\/media?parent=44555"}],"wp:term":[{"taxonomy":"category","embeddable":true,"href":"https:\/\/lasentinelle.dz\/index.php\/wp-json\/wp\/v2\/categories?post=44555"},{"taxonomy":"post_tag","embeddable":true,"href":"https:\/\/lasentinelle.dz\/index.php\/wp-json\/wp\/v2\/tags?post=44555"}],"curies":[{"name":"wp","href":"https:\/\/api.w.org\/{rel}","templated":true}]}}